{"id":202368,"date":"2023-01-30T07:43:00","date_gmt":"2023-01-30T07:43:00","guid":{"rendered":"https:\/\/www.webdo.tn\/fr\/blog\/l-isie-repond-aux-accusations\/202368\/"},"modified":"2025-05-20T22:45:45","modified_gmt":"2025-05-20T22:45:45","slug":"l-isie-repond-aux-accusations","status":"publish","type":"post","link":"https:\/\/www.webdo.tn\/fr\/actualite\/national\/l-isie-repond-aux-accusations\/202368\/","title":{"rendered":"L\u2019ISIE r\u00e9pond aux accusations"},"content":{"rendered":"<p>Le pr\u00e9sident de l&rsquo;Instance sup\u00e9rieure ind\u00e9pendante pour les \u00e9lections, Farouk Bouaskar, a d\u00e9menti, dimanche, les \u00a0\u00bb all\u00e9gations \u00a0\u00bb contestant les r\u00e9sultats du scrutin du second tour des l\u00e9gislatives, appelant quiconque douterait de l&rsquo;int\u00e9grit\u00e9 des \u00e9lections \u00e0 se pr\u00e9valoir de ses arguments devant la justice.<\/p>\n<p>\t\t\t\t\t\t\t\t\tLors d&rsquo;une conf\u00e9rence de presse tenue par le conseil de l&rsquo;ISIE \u00e0 l&rsquo;occasion de la proclamation des r\u00e9sultats du second tour des l\u00e9gislatives 2023, Bouaskar s&rsquo;est exprim\u00e9 sur un ton fort, affirmant que l&rsquo;ISIE en tant qu&rsquo;organe habilit\u00e9 \u00e0 superviser les \u00e9lections, est pr\u00eate \u00e0 se plier \u00e0 la justice p\u00e9nale et administrative.<\/p>\n<p>Face \u00e0 ce flot d&rsquo;all\u00e9gations, il importe de rappeler que les griefs d&rsquo;escroquerie et de trucage port\u00e9s contre l&rsquo;ISIE sans preuve aucune sont des pr\u00e9tentions r\u00e9pr\u00e9hensibles par loi.<\/p>\n<p>R\u00e9pliquant \u00e0 l&rsquo;interrogation des journalistes sur un \u00a0\u00bb d\u00e9phasage \u00a0\u00bb entre la faible participation dans certains bureaux de vote et le nombre \u00e9lev\u00e9 d&rsquo;\u00e9lecteurs annonc\u00e9, le pr\u00e9sident de l&rsquo;ISIE a indiqu\u00e9 que les proc\u00e8s-verbaux et les urnes des centres de vote sont s\u00e9curis\u00e9s dans les casernes de l&rsquo;arm\u00e9e nationale et seront mis \u00e0 la disposition du Tribunal Administratif durant toute p\u00e9riode pr\u00e9vue pour les recours.<\/p>\n","protected":false},"excerpt":{"rendered":"<p>Le pr\u00e9sident de l&rsquo;Instance sup\u00e9rieure ind\u00e9pendante pour les \u00e9lections, Farouk Bouaskar, a d\u00e9menti, dimanche, les   all\u00e9gations   contestant les r\u00e9sultats du scr&#8230;<\/p>\n","protected":false},"author":3175,"featured_media":252354,"comment_status":"open","ping_status":"closed","sticky":false,"template":"","format":"standard","meta":{"footnotes":""},"categories":[44],"tags":[2967,2608],"class_list":["post-202368","post","type-post","status-publish","format-standard","has-post-thumbnail","hentry","category-national","tag-isie","tag-tunisie"],"yoast_head":"<!-- This site is optimized with the Yoast SEO Premium plugin v27.4 (Yoast SEO v27.4) - https:\/\/yoast.com\/product\/yoast-seo-premium-wordpress\/ -->\n<title>L\u2019ISIE r\u00e9pond aux accusations<\/title>\n<meta name=\"description\" content=\"Le pr\u00e9sident de l&#039;Instance sup\u00e9rieure ind\u00e9pendante pour les \u00e9lections, Farouk Bouaskar, a d\u00e9menti, dimanche, les all\u00e9gations contestant les r\u00e9sultats du scr...\" \/>\n<link rel=\"canonical\" href=\"https:\/\/www.webdo.tn\/fr\/actualite\/national\/l-isie-repond-aux-accusations\/202368\/\" \/>\n<meta property=\"og:locale\" content=\"fr_FR\" \/>\n<meta property=\"og:type\" content=\"article\" \/>\n<meta property=\"og:title\" content=\"L\u2019ISIE r\u00e9pond aux accusations\" \/>\n<meta property=\"og:description\" content=\"Le pr\u00e9sident de l&#039;Instance sup\u00e9rieure ind\u00e9pendante pour les \u00e9lections, Farouk Bouaskar, a d\u00e9menti, dimanche, les all\u00e9gations contestant les r\u00e9sultats du scr...\" \/>\n<meta property=\"og:url\" content=\"https:\/\/www.webdo.tn\/fr\/actualite\/national\/l-isie-repond-aux-accusations\/202368\/\" \/>\n<meta property=\"og:site_name\" content=\"webdo\" \/>\n<meta property=\"article:publisher\" content=\"https:\/\/www.facebook.com\/webdotn\" \/>\n<meta property=\"article:published_time\" content=\"2023-01-30T07:43:00+00:00\" \/>\n<meta property=\"article:modified_time\" content=\"2025-05-20T22:45:45+00:00\" \/>\n<meta property=\"og:image\" content=\"https:\/\/www.webdo.tn\/fr\/wp-content\/uploads\/2023\/01\/c9abec6a5aa177ae7342e677ed3203e1.jpg\" \/>\n\t<meta property=\"og:image:width\" content=\"750\" \/>\n\t<meta property=\"og:image:height\" content=\"400\" \/>\n\t<meta property=\"og:image:type\" content=\"image\/jpeg\" \/>\n<meta name=\"author\" content=\"CL\" \/>\n<meta name=\"twitter:card\" content=\"summary_large_image\" \/>\n<meta name=\"twitter:creator\" content=\"@webdo_tn\" \/>\n<meta name=\"twitter:site\" content=\"@webdo_tn\" \/>\n<meta name=\"twitter:label1\" content=\"\u00c9crit par\" \/>\n\t<meta name=\"twitter:data1\" content=\"CL\" \/>\n\t<meta name=\"twitter:label2\" content=\"Dur\u00e9e de lecture estim\u00e9e\" \/>\n\t<meta name=\"twitter:data2\" content=\"1 minute\" \/>\n<script type=\"application\/ld+json\" class=\"yoast-schema-graph\">{\"@context\":\"https:\\\/\\\/schema.org\",\"@graph\":[{\"@type\":\"NewsArticle\",\"@id\":\"https:\\\/\\\/www.webdo.tn\\\/fr\\\/actualite\\\/national\\\/l-isie-repond-aux-accusations\\\/202368\\\/#article\",\"isPartOf\":{\"@id\":\"https:\\\/\\\/www.webdo.tn\\\/fr\\\/actualite\\\/national\\\/l-isie-repond-aux-accusations\\\/202368\\\/\"},\"author\":{\"name\":\"CL\",\"@id\":\"https:\\\/\\\/www.webdo.tn\\\/fr\\\/#\\\/schema\\\/person\\\/f35b42a42c5e2511bbd282959d6385cc\"},\"headline\":\"L\u2019ISIE r\u00e9pond aux accusations\",\"datePublished\":\"2023-01-30T07:43:00+00:00\",\"dateModified\":\"2025-05-20T22:45:45+00:00\",\"mainEntityOfPage\":{\"@id\":\"https:\\\/\\\/www.webdo.tn\\\/fr\\\/actualite\\\/national\\\/l-isie-repond-aux-accusations\\\/202368\\\/\"},\"wordCount\":226,\"commentCount\":0,\"publisher\":{\"@id\":\"https:\\\/\\\/www.webdo.tn\\\/fr\\\/#organization\"},\"image\":{\"@id\":\"https:\\\/\\\/www.webdo.tn\\\/fr\\\/actualite\\\/national\\\/l-isie-repond-aux-accusations\\\/202368\\\/#primaryimage\"},\"thumbnailUrl\":\"https:\\\/\\\/www.webdo.tn\\\/fr\\\/wp-content\\\/uploads\\\/2023\\\/01\\\/c9abec6a5aa177ae7342e677ed3203e1.jpg\",\"keywords\":[\"ISIE\",\"Tunisie\"],\"articleSection\":[\"National\"],\"inLanguage\":\"fr-FR\"},{\"@type\":\"WebPage\",\"@id\":\"https:\\\/\\\/www.webdo.tn\\\/fr\\\/actualite\\\/national\\\/l-isie-repond-aux-accusations\\\/202368\\\/\",\"url\":\"https:\\\/\\\/www.webdo.tn\\\/fr\\\/actualite\\\/national\\\/l-isie-repond-aux-accusations\\\/202368\\\/\",\"name\":\"L\u2019ISIE r\u00e9pond aux accusations\",\"isPartOf\":{\"@id\":\"https:\\\/\\\/www.webdo.tn\\\/fr\\\/#website\"},\"primaryImageOfPage\":{\"@id\":\"https:\\\/\\\/www.webdo.tn\\\/fr\\\/actualite\\\/national\\\/l-isie-repond-aux-accusations\\\/202368\\\/#primaryimage\"},\"image\":{\"@id\":\"https:\\\/\\\/www.webdo.tn\\\/fr\\\/actualite\\\/national\\\/l-isie-repond-aux-accusations\\\/202368\\\/#primaryimage\"},\"thumbnailUrl\":\"https:\\\/\\\/www.webdo.tn\\\/fr\\\/wp-content\\\/uploads\\\/2023\\\/01\\\/c9abec6a5aa177ae7342e677ed3203e1.jpg\",\"datePublished\":\"2023-01-30T07:43:00+00:00\",\"dateModified\":\"2025-05-20T22:45:45+00:00\",\"description\":\"Le pr\u00e9sident de l'Instance sup\u00e9rieure ind\u00e9pendante pour les \u00e9lections, Farouk Bouaskar, a d\u00e9menti, dimanche, les all\u00e9gations contestant les r\u00e9sultats du scr...\",\"breadcrumb\":{\"@id\":\"https:\\\/\\\/www.webdo.tn\\\/fr\\\/actualite\\\/national\\\/l-isie-repond-aux-accusations\\\/202368\\\/#breadcrumb\"},\"inLanguage\":\"fr-FR\",\"potentialAction\":[{\"@type\":\"ReadAction\",\"target\":[\"https:\\\/\\\/www.webdo.tn\\\/fr\\\/actualite\\\/national\\\/l-isie-repond-aux-accusations\\\/202368\\\/\"]}]},{\"@type\":\"ImageObject\",\"inLanguage\":\"fr-FR\",\"@id\":\"https:\\\/\\\/www.webdo.tn\\\/fr\\\/actualite\\\/national\\\/l-isie-repond-aux-accusations\\\/202368\\\/#primaryimage\",\"url\":\"https:\\\/\\\/www.webdo.tn\\\/fr\\\/wp-content\\\/uploads\\\/2023\\\/01\\\/c9abec6a5aa177ae7342e677ed3203e1.jpg\",\"contentUrl\":\"https:\\\/\\\/www.webdo.tn\\\/fr\\\/wp-content\\\/uploads\\\/2023\\\/01\\\/c9abec6a5aa177ae7342e677ed3203e1.jpg\",\"width\":750,\"height\":400,\"caption\":\"ISIE\"},{\"@type\":\"BreadcrumbList\",\"@id\":\"https:\\\/\\\/www.webdo.tn\\\/fr\\\/actualite\\\/national\\\/l-isie-repond-aux-accusations\\\/202368\\\/#breadcrumb\",\"itemListElement\":[{\"@type\":\"ListItem\",\"position\":1,\"name\":\"Accueil\",\"item\":\"https:\\\/\\\/www.webdo.tn\\\/fr\\\/\"},{\"@type\":\"ListItem\",\"position\":2,\"name\":\"L\u2019ISIE r\u00e9pond aux accusations\"}]},{\"@type\":\"WebSite\",\"@id\":\"https:\\\/\\\/www.webdo.tn\\\/fr\\\/#website\",\"url\":\"https:\\\/\\\/www.webdo.tn\\\/fr\\\/\",\"name\":\"webdo\",\"description\":\"Tunisie - News en Tunisie et \u00e0 l&#039;international sur Webdo.tn\",\"publisher\":{\"@id\":\"https:\\\/\\\/www.webdo.tn\\\/fr\\\/#organization\"},\"potentialAction\":[{\"@type\":\"SearchAction\",\"target\":{\"@type\":\"EntryPoint\",\"urlTemplate\":\"https:\\\/\\\/www.webdo.tn\\\/fr\\\/?s={search_term_string}\"},\"query-input\":{\"@type\":\"PropertyValueSpecification\",\"valueRequired\":true,\"valueName\":\"search_term_string\"}}],\"inLanguage\":\"fr-FR\"},{\"@type\":\"Organization\",\"@id\":\"https:\\\/\\\/www.webdo.tn\\\/fr\\\/#organization\",\"name\":\"Webdo\",\"alternateName\":\"Webdo.tn\",\"url\":\"https:\\\/\\\/www.webdo.tn\\\/fr\\\/\",\"logo\":{\"@type\":\"ImageObject\",\"inLanguage\":\"fr-FR\",\"@id\":\"https:\\\/\\\/www.webdo.tn\\\/fr\\\/#\\\/schema\\\/logo\\\/image\\\/\",\"url\":\"https:\\\/\\\/www.webdo.tn\\\/fr\\\/wp-content\\\/uploads\\\/2025\\\/06\\\/Webdo-Tunisie_168377.jpg\",\"contentUrl\":\"https:\\\/\\\/www.webdo.tn\\\/fr\\\/wp-content\\\/uploads\\\/2025\\\/06\\\/Webdo-Tunisie_168377.jpg\",\"width\":301,\"height\":301,\"caption\":\"Webdo\"},\"image\":{\"@id\":\"https:\\\/\\\/www.webdo.tn\\\/fr\\\/#\\\/schema\\\/logo\\\/image\\\/\"},\"sameAs\":[\"https:\\\/\\\/www.facebook.com\\\/webdotn\",\"https:\\\/\\\/x.com\\\/webdo_tn\"],\"description\":\"Webdo est un m\u00e9dia num\u00e9rique tunisien fond\u00e9 en 2010, sp\u00e9cialis\u00e9 dans l\u2019actualit\u00e9 nationale et internationale, l\u2019\u00e9conomie, la soci\u00e9t\u00e9 et les analyses politiques. Le site s\u2019adresse \u00e0 un large public francophone et couvre l\u2019information tunisienne en temps r\u00e9el.\",\"email\":\"redac@webdo.tn\",\"legalName\":\"YNJ SARL\",\"foundingDate\":\"2010-09-06\",\"numberOfEmployees\":{\"@type\":\"QuantitativeValue\",\"minValue\":\"11\",\"maxValue\":\"50\"}},{\"@type\":\"Person\",\"@id\":\"https:\\\/\\\/www.webdo.tn\\\/fr\\\/#\\\/schema\\\/person\\\/f35b42a42c5e2511bbd282959d6385cc\",\"name\":\"CL\",\"image\":{\"@type\":\"ImageObject\",\"inLanguage\":\"fr-FR\",\"@id\":\"https:\\\/\\\/secure.gravatar.com\\\/avatar\\\/1447a49909b67aa657c488aec6512e1dd6143a480c1ecfee9b5b5cd74eb3b59e?s=96&d=mm&r=g\",\"url\":\"https:\\\/\\\/secure.gravatar.com\\\/avatar\\\/1447a49909b67aa657c488aec6512e1dd6143a480c1ecfee9b5b5cd74eb3b59e?s=96&d=mm&r=g\",\"contentUrl\":\"https:\\\/\\\/secure.gravatar.com\\\/avatar\\\/1447a49909b67aa657c488aec6512e1dd6143a480c1ecfee9b5b5cd74eb3b59e?s=96&d=mm&r=g\",\"caption\":\"CL\"},\"url\":\"https:\\\/\\\/www.webdo.tn\\\/fr\\\/actualite\\\/author\\\/cl\\\/\"}]}<\/script>\n<!-- \/ Yoast SEO Premium plugin. -->","yoast_head_json":{"title":"L\u2019ISIE r\u00e9pond aux accusations","description":"Le pr\u00e9sident de l'Instance sup\u00e9rieure ind\u00e9pendante pour les \u00e9lections, Farouk Bouaskar, a d\u00e9menti, dimanche, les all\u00e9gations contestant les r\u00e9sultats du scr...","canonical":"https:\/\/www.webdo.tn\/fr\/actualite\/national\/l-isie-repond-aux-accusations\/202368\/","og_locale":"fr_FR","og_type":"article","og_title":"L\u2019ISIE r\u00e9pond aux accusations","og_description":"Le pr\u00e9sident de l'Instance sup\u00e9rieure ind\u00e9pendante pour les \u00e9lections, Farouk Bouaskar, a d\u00e9menti, dimanche, les all\u00e9gations contestant les r\u00e9sultats du scr...","og_url":"https:\/\/www.webdo.tn\/fr\/actualite\/national\/l-isie-repond-aux-accusations\/202368\/","og_site_name":"webdo","article_publisher":"https:\/\/www.facebook.com\/webdotn","article_published_time":"2023-01-30T07:43:00+00:00","article_modified_time":"2025-05-20T22:45:45+00:00","og_image":[{"width":750,"height":400,"url":"https:\/\/www.webdo.tn\/fr\/wp-content\/uploads\/2023\/01\/c9abec6a5aa177ae7342e677ed3203e1.jpg","type":"image\/jpeg"}],"author":"CL","twitter_card":"summary_large_image","twitter_creator":"@webdo_tn","twitter_site":"@webdo_tn","twitter_misc":{"\u00c9crit par":"CL","Dur\u00e9e de lecture estim\u00e9e":"1 minute"},"schema":{"@context":"https:\/\/schema.org","@graph":[{"@type":"NewsArticle","@id":"https:\/\/www.webdo.tn\/fr\/actualite\/national\/l-isie-repond-aux-accusations\/202368\/#article","isPartOf":{"@id":"https:\/\/www.webdo.tn\/fr\/actualite\/national\/l-isie-repond-aux-accusations\/202368\/"},"author":{"name":"CL","@id":"https:\/\/www.webdo.tn\/fr\/#\/schema\/person\/f35b42a42c5e2511bbd282959d6385cc"},"headline":"L\u2019ISIE r\u00e9pond aux accusations","datePublished":"2023-01-30T07:43:00+00:00","dateModified":"2025-05-20T22:45:45+00:00","mainEntityOfPage":{"@id":"https:\/\/www.webdo.tn\/fr\/actualite\/national\/l-isie-repond-aux-accusations\/202368\/"},"wordCount":226,"commentCount":0,"publisher":{"@id":"https:\/\/www.webdo.tn\/fr\/#organization"},"image":{"@id":"https:\/\/www.webdo.tn\/fr\/actualite\/national\/l-isie-repond-aux-accusations\/202368\/#primaryimage"},"thumbnailUrl":"https:\/\/www.webdo.tn\/fr\/wp-content\/uploads\/2023\/01\/c9abec6a5aa177ae7342e677ed3203e1.jpg","keywords":["ISIE","Tunisie"],"articleSection":["National"],"inLanguage":"fr-FR"},{"@type":"WebPage","@id":"https:\/\/www.webdo.tn\/fr\/actualite\/national\/l-isie-repond-aux-accusations\/202368\/","url":"https:\/\/www.webdo.tn\/fr\/actualite\/national\/l-isie-repond-aux-accusations\/202368\/","name":"L\u2019ISIE r\u00e9pond aux accusations","isPartOf":{"@id":"https:\/\/www.webdo.tn\/fr\/#website"},"primaryImageOfPage":{"@id":"https:\/\/www.webdo.tn\/fr\/actualite\/national\/l-isie-repond-aux-accusations\/202368\/#primaryimage"},"image":{"@id":"https:\/\/www.webdo.tn\/fr\/actualite\/national\/l-isie-repond-aux-accusations\/202368\/#primaryimage"},"thumbnailUrl":"https:\/\/www.webdo.tn\/fr\/wp-content\/uploads\/2023\/01\/c9abec6a5aa177ae7342e677ed3203e1.jpg","datePublished":"2023-01-30T07:43:00+00:00","dateModified":"2025-05-20T22:45:45+00:00","description":"Le pr\u00e9sident de l'Instance sup\u00e9rieure ind\u00e9pendante pour les \u00e9lections, Farouk Bouaskar, a d\u00e9menti, dimanche, les all\u00e9gations contestant les r\u00e9sultats du scr...","breadcrumb":{"@id":"https:\/\/www.webdo.tn\/fr\/actualite\/national\/l-isie-repond-aux-accusations\/202368\/#breadcrumb"},"inLanguage":"fr-FR","potentialAction":[{"@type":"ReadAction","target":["https:\/\/www.webdo.tn\/fr\/actualite\/national\/l-isie-repond-aux-accusations\/202368\/"]}]},{"@type":"ImageObject","inLanguage":"fr-FR","@id":"https:\/\/www.webdo.tn\/fr\/actualite\/national\/l-isie-repond-aux-accusations\/202368\/#primaryimage","url":"https:\/\/www.webdo.tn\/fr\/wp-content\/uploads\/2023\/01\/c9abec6a5aa177ae7342e677ed3203e1.jpg","contentUrl":"https:\/\/www.webdo.tn\/fr\/wp-content\/uploads\/2023\/01\/c9abec6a5aa177ae7342e677ed3203e1.jpg","width":750,"height":400,"caption":"ISIE"},{"@type":"BreadcrumbList","@id":"https:\/\/www.webdo.tn\/fr\/actualite\/national\/l-isie-repond-aux-accusations\/202368\/#breadcrumb","itemListElement":[{"@type":"ListItem","position":1,"name":"Accueil","item":"https:\/\/www.webdo.tn\/fr\/"},{"@type":"ListItem","position":2,"name":"L\u2019ISIE r\u00e9pond aux accusations"}]},{"@type":"WebSite","@id":"https:\/\/www.webdo.tn\/fr\/#website","url":"https:\/\/www.webdo.tn\/fr\/","name":"webdo","description":"Tunisie - News en Tunisie et \u00e0 l&#039;international sur Webdo.tn","publisher":{"@id":"https:\/\/www.webdo.tn\/fr\/#organization"},"potentialAction":[{"@type":"SearchAction","target":{"@type":"EntryPoint","urlTemplate":"https:\/\/www.webdo.tn\/fr\/?s={search_term_string}"},"query-input":{"@type":"PropertyValueSpecification","valueRequired":true,"valueName":"search_term_string"}}],"inLanguage":"fr-FR"},{"@type":"Organization","@id":"https:\/\/www.webdo.tn\/fr\/#organization","name":"Webdo","alternateName":"Webdo.tn","url":"https:\/\/www.webdo.tn\/fr\/","logo":{"@type":"ImageObject","inLanguage":"fr-FR","@id":"https:\/\/www.webdo.tn\/fr\/#\/schema\/logo\/image\/","url":"https:\/\/www.webdo.tn\/fr\/wp-content\/uploads\/2025\/06\/Webdo-Tunisie_168377.jpg","contentUrl":"https:\/\/www.webdo.tn\/fr\/wp-content\/uploads\/2025\/06\/Webdo-Tunisie_168377.jpg","width":301,"height":301,"caption":"Webdo"},"image":{"@id":"https:\/\/www.webdo.tn\/fr\/#\/schema\/logo\/image\/"},"sameAs":["https:\/\/www.facebook.com\/webdotn","https:\/\/x.com\/webdo_tn"],"description":"Webdo est un m\u00e9dia num\u00e9rique tunisien fond\u00e9 en 2010, sp\u00e9cialis\u00e9 dans l\u2019actualit\u00e9 nationale et internationale, l\u2019\u00e9conomie, la soci\u00e9t\u00e9 et les analyses politiques. Le site s\u2019adresse \u00e0 un large public francophone et couvre l\u2019information tunisienne en temps r\u00e9el.","email":"redac@webdo.tn","legalName":"YNJ SARL","foundingDate":"2010-09-06","numberOfEmployees":{"@type":"QuantitativeValue","minValue":"11","maxValue":"50"}},{"@type":"Person","@id":"https:\/\/www.webdo.tn\/fr\/#\/schema\/person\/f35b42a42c5e2511bbd282959d6385cc","name":"CL","image":{"@type":"ImageObject","inLanguage":"fr-FR","@id":"https:\/\/secure.gravatar.com\/avatar\/1447a49909b67aa657c488aec6512e1dd6143a480c1ecfee9b5b5cd74eb3b59e?s=96&d=mm&r=g","url":"https:\/\/secure.gravatar.com\/avatar\/1447a49909b67aa657c488aec6512e1dd6143a480c1ecfee9b5b5cd74eb3b59e?s=96&d=mm&r=g","contentUrl":"https:\/\/secure.gravatar.com\/avatar\/1447a49909b67aa657c488aec6512e1dd6143a480c1ecfee9b5b5cd74eb3b59e?s=96&d=mm&r=g","caption":"CL"},"url":"https:\/\/www.webdo.tn\/fr\/actualite\/author\/cl\/"}]}},"_links":{"self":[{"href":"https:\/\/www.webdo.tn\/fr\/wp-json\/wp\/v2\/posts\/202368","targetHints":{"allow":["GET"]}}],"collection":[{"href":"https:\/\/www.webdo.tn\/fr\/wp-json\/wp\/v2\/posts"}],"about":[{"href":"https:\/\/www.webdo.tn\/fr\/wp-json\/wp\/v2\/types\/post"}],"author":[{"embeddable":true,"href":"https:\/\/www.webdo.tn\/fr\/wp-json\/wp\/v2\/users\/3175"}],"replies":[{"embeddable":true,"href":"https:\/\/www.webdo.tn\/fr\/wp-json\/wp\/v2\/comments?post=202368"}],"version-history":[{"count":0,"href":"https:\/\/www.webdo.tn\/fr\/wp-json\/wp\/v2\/posts\/202368\/revisions"}],"wp:featuredmedia":[{"embeddable":true,"href":"https:\/\/www.webdo.tn\/fr\/wp-json\/wp\/v2\/media\/252354"}],"wp:attachment":[{"href":"https:\/\/www.webdo.tn\/fr\/wp-json\/wp\/v2\/media?parent=202368"}],"wp:term":[{"taxonomy":"category","embeddable":true,"href":"https:\/\/www.webdo.tn\/fr\/wp-json\/wp\/v2\/categories?post=202368"},{"taxonomy":"post_tag","embeddable":true,"href":"https:\/\/www.webdo.tn\/fr\/wp-json\/wp\/v2\/tags?post=202368"}],"curies":[{"name":"wp","href":"https:\/\/api.w.org\/{rel}","templated":true}]}}