{"id":202353,"date":"2023-01-29T11:21:00","date_gmt":"2023-01-29T11:21:00","guid":{"rendered":"https:\/\/www.webdo.tn\/fr\/blog\/legislatives-2eme-tour-bouaskar-prevoit-une-hausse-du-taux-de-participation\/202353\/"},"modified":"2025-05-20T22:48:49","modified_gmt":"2025-05-20T22:48:49","slug":"legislatives-2eme-tour-bouaskar-prevoit-une-hausse-du-taux-de-participation","status":"publish","type":"post","link":"https:\/\/www.webdo.tn\/fr\/actualite\/national\/legislatives-2eme-tour-bouaskar-prevoit-une-hausse-du-taux-de-participation\/202353\/","title":{"rendered":"L\u00e9gislatives \u2013 2\u00e8me tour : Bouaskar pr\u00e9voit une hausse du taux de participation"},"content":{"rendered":"<p>Le vote au 2\u00e8me tour des \u00e9lections l\u00e9gislatives de 2023 a d\u00e9marr\u00e9 ce matin \u00e0 8h00 dans les 131 circonscriptions \u00e9lectorales et ce, en pr\u00e9sence de l\u2019ensemble du personnel de l\u2019instance sup\u00e9rieure ind\u00e9pendante pour les \u00e9lections (ISIE) \u00a0\u00bb a fait savoir Farouk Bouaskar, pr\u00e9sident de l\u2019ISIE.<\/p>\n<p>Lors d\u2019un point de presse tenu dimanche au Palais des congr\u00e8s \u00e0 Tunis, Bouaskar s\u2019est dit optimiste pr\u00e9voyant une hausse du taux de participation au second tour par rapport au 1er tour (11%).<\/p>\n<p>A cette occasion, le pr\u00e9sident de l\u2019ISIE a appel\u00e9 les \u00e9lecteurs \u00e0 exercer leur droit au vote et \u00e0 se diriger vers les bureaux de vote o\u00f9 ils sont inscrits m\u00eame s\u2019ils n\u2019ont pas particip\u00e9 au 1er tour.<\/p>\n<p>Il a, en outre signal\u00e9 que les indicateurs pr\u00e9voient une hausse du taux de la participation puisque toutes les difficult\u00e9s rencontr\u00e9es par les \u00e9lecteurs lors du 1er tour ont \u00e9t\u00e9 r\u00e9solues et le nombre de candidats aux \u00e9lections ainsi que le nombre de circonscriptions \u00e9lectorales ont \u00e9t\u00e9 r\u00e9duits.<\/p>\n<p>Bouaskar a indiqu\u00e9 que l\u2019ISIE a attribu\u00e9 plus de 20 mille accr\u00e9ditations aux observateurs, journalistes et traducteurs locaux et internationaux.<br \/>\nQuelque 7 millions 853 mille 447 \u00e9lecteurs, dont 51% sont des femmes, sont concern\u00e9s par le second tour du scrutin.<\/p>\n","protected":false},"excerpt":{"rendered":"<p>Le vote au 2\u00e8me tour des \u00e9lections l\u00e9gislatives de 2023 a d\u00e9marr\u00e9 ce matin \u00e0 8h00 dans les 131 circonscriptions \u00e9lectorales et ce, en pr\u00e9sence de l\u2019ensemble du&#8230;<\/p>\n","protected":false},"author":3175,"featured_media":277637,"comment_status":"open","ping_status":"closed","sticky":false,"template":"","format":"standard","meta":{"footnotes":""},"categories":[44],"tags":[3923,2608],"class_list":["post-202353","post","type-post","status-publish","format-standard","has-post-thumbnail","hentry","category-national","tag-elections","tag-tunisie"],"yoast_head":"<!-- This site is optimized with the Yoast SEO Premium plugin v27.5 (Yoast SEO v27.5) - https:\/\/yoast.com\/product\/yoast-seo-premium-wordpress\/ -->\n<title>L\u00e9gislatives \u2013 2\u00e8me tour : Bouaskar pr\u00e9voit une hausse du taux de participation<\/title>\n<meta name=\"description\" content=\"Le vote au 2\u00e8me tour des \u00e9lections l\u00e9gislatives de 2023 a d\u00e9marr\u00e9 ce matin \u00e0 8h00 dans les 131 circonscriptions \u00e9lectorales et ce, en pr\u00e9sence de l\u2019ensemble du...\" \/>\n<link rel=\"canonical\" href=\"https:\/\/www.webdo.tn\/fr\/actualite\/national\/legislatives-2eme-tour-bouaskar-prevoit-une-hausse-du-taux-de-participation\/202353\/\" \/>\n<meta property=\"og:locale\" content=\"fr_FR\" \/>\n<meta property=\"og:type\" content=\"article\" \/>\n<meta property=\"og:title\" content=\"L\u00e9gislatives \u2013 2\u00e8me tour : Bouaskar pr\u00e9voit une hausse du taux de participation\" \/>\n<meta property=\"og:description\" content=\"Le vote au 2\u00e8me tour des \u00e9lections l\u00e9gislatives de 2023 a d\u00e9marr\u00e9 ce matin \u00e0 8h00 dans les 131 circonscriptions \u00e9lectorales et ce, en pr\u00e9sence de l\u2019ensemble du...\" \/>\n<meta property=\"og:url\" content=\"https:\/\/www.webdo.tn\/fr\/actualite\/national\/legislatives-2eme-tour-bouaskar-prevoit-une-hausse-du-taux-de-participation\/202353\/\" \/>\n<meta property=\"og:site_name\" content=\"webdo\" \/>\n<meta property=\"article:publisher\" content=\"https:\/\/www.facebook.com\/webdotn\" \/>\n<meta property=\"article:published_time\" content=\"2023-01-29T11:21:00+00:00\" \/>\n<meta property=\"article:modified_time\" content=\"2025-05-20T22:48:49+00:00\" \/>\n<meta property=\"og:image\" content=\"https:\/\/www.webdo.tn\/fr\/wp-content\/uploads\/2023\/01\/9b79810b8121ddcd8b1e2acd6433bb77.jpg\" \/>\n\t<meta property=\"og:image:width\" content=\"750\" \/>\n\t<meta property=\"og:image:height\" content=\"400\" \/>\n\t<meta property=\"og:image:type\" content=\"image\/jpeg\" \/>\n<meta name=\"author\" content=\"CL\" \/>\n<meta name=\"twitter:card\" content=\"summary_large_image\" \/>\n<meta name=\"twitter:creator\" content=\"@webdo_tn\" \/>\n<meta name=\"twitter:site\" content=\"@webdo_tn\" \/>\n<meta name=\"twitter:label1\" content=\"\u00c9crit par\" \/>\n\t<meta name=\"twitter:data1\" content=\"CL\" \/>\n\t<meta name=\"twitter:label2\" content=\"Dur\u00e9e de lecture estim\u00e9e\" \/>\n\t<meta name=\"twitter:data2\" content=\"1 minute\" \/>\n<script type=\"application\/ld+json\" class=\"yoast-schema-graph\">{\"@context\":\"https:\\\/\\\/schema.org\",\"@graph\":[{\"@type\":\"NewsArticle\",\"@id\":\"https:\\\/\\\/www.webdo.tn\\\/fr\\\/actualite\\\/national\\\/legislatives-2eme-tour-bouaskar-prevoit-une-hausse-du-taux-de-participation\\\/202353\\\/#article\",\"isPartOf\":{\"@id\":\"https:\\\/\\\/www.webdo.tn\\\/fr\\\/actualite\\\/national\\\/legislatives-2eme-tour-bouaskar-prevoit-une-hausse-du-taux-de-participation\\\/202353\\\/\"},\"author\":{\"name\":\"CL\",\"@id\":\"https:\\\/\\\/www.webdo.tn\\\/fr\\\/#\\\/schema\\\/person\\\/f35b42a42c5e2511bbd282959d6385cc\"},\"headline\":\"L\u00e9gislatives \u2013 2\u00e8me tour : Bouaskar pr\u00e9voit une hausse du taux de participation\",\"datePublished\":\"2023-01-29T11:21:00+00:00\",\"dateModified\":\"2025-05-20T22:48:49+00:00\",\"mainEntityOfPage\":{\"@id\":\"https:\\\/\\\/www.webdo.tn\\\/fr\\\/actualite\\\/national\\\/legislatives-2eme-tour-bouaskar-prevoit-une-hausse-du-taux-de-participation\\\/202353\\\/\"},\"wordCount\":231,\"commentCount\":0,\"publisher\":{\"@id\":\"https:\\\/\\\/www.webdo.tn\\\/fr\\\/#organization\"},\"image\":{\"@id\":\"https:\\\/\\\/www.webdo.tn\\\/fr\\\/actualite\\\/national\\\/legislatives-2eme-tour-bouaskar-prevoit-une-hausse-du-taux-de-participation\\\/202353\\\/#primaryimage\"},\"thumbnailUrl\":\"https:\\\/\\\/www.webdo.tn\\\/fr\\\/wp-content\\\/uploads\\\/2023\\\/01\\\/9b79810b8121ddcd8b1e2acd6433bb77.jpg\",\"keywords\":[\"\u00e9lections\",\"Tunisie\"],\"articleSection\":[\"National\"],\"inLanguage\":\"fr-FR\"},{\"@type\":\"WebPage\",\"@id\":\"https:\\\/\\\/www.webdo.tn\\\/fr\\\/actualite\\\/national\\\/legislatives-2eme-tour-bouaskar-prevoit-une-hausse-du-taux-de-participation\\\/202353\\\/\",\"url\":\"https:\\\/\\\/www.webdo.tn\\\/fr\\\/actualite\\\/national\\\/legislatives-2eme-tour-bouaskar-prevoit-une-hausse-du-taux-de-participation\\\/202353\\\/\",\"name\":\"L\u00e9gislatives \u2013 2\u00e8me tour : Bouaskar pr\u00e9voit une hausse du taux de participation\",\"isPartOf\":{\"@id\":\"https:\\\/\\\/www.webdo.tn\\\/fr\\\/#website\"},\"primaryImageOfPage\":{\"@id\":\"https:\\\/\\\/www.webdo.tn\\\/fr\\\/actualite\\\/national\\\/legislatives-2eme-tour-bouaskar-prevoit-une-hausse-du-taux-de-participation\\\/202353\\\/#primaryimage\"},\"image\":{\"@id\":\"https:\\\/\\\/www.webdo.tn\\\/fr\\\/actualite\\\/national\\\/legislatives-2eme-tour-bouaskar-prevoit-une-hausse-du-taux-de-participation\\\/202353\\\/#primaryimage\"},\"thumbnailUrl\":\"https:\\\/\\\/www.webdo.tn\\\/fr\\\/wp-content\\\/uploads\\\/2023\\\/01\\\/9b79810b8121ddcd8b1e2acd6433bb77.jpg\",\"datePublished\":\"2023-01-29T11:21:00+00:00\",\"dateModified\":\"2025-05-20T22:48:49+00:00\",\"description\":\"Le vote au 2\u00e8me tour des \u00e9lections l\u00e9gislatives de 2023 a d\u00e9marr\u00e9 ce matin \u00e0 8h00 dans les 131 circonscriptions \u00e9lectorales et ce, en pr\u00e9sence de l\u2019ensemble du...\",\"breadcrumb\":{\"@id\":\"https:\\\/\\\/www.webdo.tn\\\/fr\\\/actualite\\\/national\\\/legislatives-2eme-tour-bouaskar-prevoit-une-hausse-du-taux-de-participation\\\/202353\\\/#breadcrumb\"},\"inLanguage\":\"fr-FR\",\"potentialAction\":[{\"@type\":\"ReadAction\",\"target\":[\"https:\\\/\\\/www.webdo.tn\\\/fr\\\/actualite\\\/national\\\/legislatives-2eme-tour-bouaskar-prevoit-une-hausse-du-taux-de-participation\\\/202353\\\/\"]}]},{\"@type\":\"ImageObject\",\"inLanguage\":\"fr-FR\",\"@id\":\"https:\\\/\\\/www.webdo.tn\\\/fr\\\/actualite\\\/national\\\/legislatives-2eme-tour-bouaskar-prevoit-une-hausse-du-taux-de-participation\\\/202353\\\/#primaryimage\",\"url\":\"https:\\\/\\\/www.webdo.tn\\\/fr\\\/wp-content\\\/uploads\\\/2023\\\/01\\\/9b79810b8121ddcd8b1e2acd6433bb77.jpg\",\"contentUrl\":\"https:\\\/\\\/www.webdo.tn\\\/fr\\\/wp-content\\\/uploads\\\/2023\\\/01\\\/9b79810b8121ddcd8b1e2acd6433bb77.jpg\",\"width\":750,\"height\":400,\"caption\":\"Farouk Bouaskar\"},{\"@type\":\"BreadcrumbList\",\"@id\":\"https:\\\/\\\/www.webdo.tn\\\/fr\\\/actualite\\\/national\\\/legislatives-2eme-tour-bouaskar-prevoit-une-hausse-du-taux-de-participation\\\/202353\\\/#breadcrumb\",\"itemListElement\":[{\"@type\":\"ListItem\",\"position\":1,\"name\":\"Accueil\",\"item\":\"https:\\\/\\\/www.webdo.tn\\\/fr\\\/\"},{\"@type\":\"ListItem\",\"position\":2,\"name\":\"L\u00e9gislatives \u2013 2\u00e8me tour : Bouaskar pr\u00e9voit une hausse du taux de participation\"}]},{\"@type\":\"WebSite\",\"@id\":\"https:\\\/\\\/www.webdo.tn\\\/fr\\\/#website\",\"url\":\"https:\\\/\\\/www.webdo.tn\\\/fr\\\/\",\"name\":\"webdo\",\"description\":\"Tunisie - News en Tunisie et \u00e0 l&#039;international sur Webdo.tn\",\"publisher\":{\"@id\":\"https:\\\/\\\/www.webdo.tn\\\/fr\\\/#organization\"},\"potentialAction\":[{\"@type\":\"SearchAction\",\"target\":{\"@type\":\"EntryPoint\",\"urlTemplate\":\"https:\\\/\\\/www.webdo.tn\\\/fr\\\/?s={search_term_string}\"},\"query-input\":{\"@type\":\"PropertyValueSpecification\",\"valueRequired\":true,\"valueName\":\"search_term_string\"}}],\"inLanguage\":\"fr-FR\"},{\"@type\":\"Organization\",\"@id\":\"https:\\\/\\\/www.webdo.tn\\\/fr\\\/#organization\",\"name\":\"Webdo\",\"alternateName\":\"Webdo.tn\",\"url\":\"https:\\\/\\\/www.webdo.tn\\\/fr\\\/\",\"logo\":{\"@type\":\"ImageObject\",\"inLanguage\":\"fr-FR\",\"@id\":\"https:\\\/\\\/www.webdo.tn\\\/fr\\\/#\\\/schema\\\/logo\\\/image\\\/\",\"url\":\"https:\\\/\\\/www.webdo.tn\\\/fr\\\/wp-content\\\/uploads\\\/2025\\\/06\\\/Webdo-Tunisie_168377.jpg\",\"contentUrl\":\"https:\\\/\\\/www.webdo.tn\\\/fr\\\/wp-content\\\/uploads\\\/2025\\\/06\\\/Webdo-Tunisie_168377.jpg\",\"width\":301,\"height\":301,\"caption\":\"Webdo\"},\"image\":{\"@id\":\"https:\\\/\\\/www.webdo.tn\\\/fr\\\/#\\\/schema\\\/logo\\\/image\\\/\"},\"sameAs\":[\"https:\\\/\\\/www.facebook.com\\\/webdotn\",\"https:\\\/\\\/x.com\\\/webdo_tn\"],\"description\":\"Webdo est un m\u00e9dia num\u00e9rique tunisien fond\u00e9 en 2010, sp\u00e9cialis\u00e9 dans l\u2019actualit\u00e9 nationale et internationale, l\u2019\u00e9conomie, la soci\u00e9t\u00e9 et les analyses politiques. Le site s\u2019adresse \u00e0 un large public francophone et couvre l\u2019information tunisienne en temps r\u00e9el.\",\"email\":\"redac@webdo.tn\",\"legalName\":\"YNJ SARL\",\"foundingDate\":\"2010-09-06\",\"numberOfEmployees\":{\"@type\":\"QuantitativeValue\",\"minValue\":\"11\",\"maxValue\":\"50\"}},{\"@type\":\"Person\",\"@id\":\"https:\\\/\\\/www.webdo.tn\\\/fr\\\/#\\\/schema\\\/person\\\/f35b42a42c5e2511bbd282959d6385cc\",\"name\":\"CL\",\"image\":{\"@type\":\"ImageObject\",\"inLanguage\":\"fr-FR\",\"@id\":\"https:\\\/\\\/secure.gravatar.com\\\/avatar\\\/1447a49909b67aa657c488aec6512e1dd6143a480c1ecfee9b5b5cd74eb3b59e?s=96&d=mm&r=g\",\"url\":\"https:\\\/\\\/secure.gravatar.com\\\/avatar\\\/1447a49909b67aa657c488aec6512e1dd6143a480c1ecfee9b5b5cd74eb3b59e?s=96&d=mm&r=g\",\"contentUrl\":\"https:\\\/\\\/secure.gravatar.com\\\/avatar\\\/1447a49909b67aa657c488aec6512e1dd6143a480c1ecfee9b5b5cd74eb3b59e?s=96&d=mm&r=g\",\"caption\":\"CL\"},\"url\":\"https:\\\/\\\/www.webdo.tn\\\/fr\\\/actualite\\\/author\\\/cl\\\/\"}]}<\/script>\n<!-- \/ Yoast SEO Premium plugin. -->","yoast_head_json":{"title":"L\u00e9gislatives \u2013 2\u00e8me tour : Bouaskar pr\u00e9voit une hausse du taux de participation","description":"Le vote au 2\u00e8me tour des \u00e9lections l\u00e9gislatives de 2023 a d\u00e9marr\u00e9 ce matin \u00e0 8h00 dans les 131 circonscriptions \u00e9lectorales et ce, en pr\u00e9sence de l\u2019ensemble du...","canonical":"https:\/\/www.webdo.tn\/fr\/actualite\/national\/legislatives-2eme-tour-bouaskar-prevoit-une-hausse-du-taux-de-participation\/202353\/","og_locale":"fr_FR","og_type":"article","og_title":"L\u00e9gislatives \u2013 2\u00e8me tour : Bouaskar pr\u00e9voit une hausse du taux de participation","og_description":"Le vote au 2\u00e8me tour des \u00e9lections l\u00e9gislatives de 2023 a d\u00e9marr\u00e9 ce matin \u00e0 8h00 dans les 131 circonscriptions \u00e9lectorales et ce, en pr\u00e9sence de l\u2019ensemble du...","og_url":"https:\/\/www.webdo.tn\/fr\/actualite\/national\/legislatives-2eme-tour-bouaskar-prevoit-une-hausse-du-taux-de-participation\/202353\/","og_site_name":"webdo","article_publisher":"https:\/\/www.facebook.com\/webdotn","article_published_time":"2023-01-29T11:21:00+00:00","article_modified_time":"2025-05-20T22:48:49+00:00","og_image":[{"width":750,"height":400,"url":"https:\/\/www.webdo.tn\/fr\/wp-content\/uploads\/2023\/01\/9b79810b8121ddcd8b1e2acd6433bb77.jpg","type":"image\/jpeg"}],"author":"CL","twitter_card":"summary_large_image","twitter_creator":"@webdo_tn","twitter_site":"@webdo_tn","twitter_misc":{"\u00c9crit par":"CL","Dur\u00e9e de lecture estim\u00e9e":"1 minute"},"schema":{"@context":"https:\/\/schema.org","@graph":[{"@type":"NewsArticle","@id":"https:\/\/www.webdo.tn\/fr\/actualite\/national\/legislatives-2eme-tour-bouaskar-prevoit-une-hausse-du-taux-de-participation\/202353\/#article","isPartOf":{"@id":"https:\/\/www.webdo.tn\/fr\/actualite\/national\/legislatives-2eme-tour-bouaskar-prevoit-une-hausse-du-taux-de-participation\/202353\/"},"author":{"name":"CL","@id":"https:\/\/www.webdo.tn\/fr\/#\/schema\/person\/f35b42a42c5e2511bbd282959d6385cc"},"headline":"L\u00e9gislatives \u2013 2\u00e8me tour : Bouaskar pr\u00e9voit une hausse du taux de participation","datePublished":"2023-01-29T11:21:00+00:00","dateModified":"2025-05-20T22:48:49+00:00","mainEntityOfPage":{"@id":"https:\/\/www.webdo.tn\/fr\/actualite\/national\/legislatives-2eme-tour-bouaskar-prevoit-une-hausse-du-taux-de-participation\/202353\/"},"wordCount":231,"commentCount":0,"publisher":{"@id":"https:\/\/www.webdo.tn\/fr\/#organization"},"image":{"@id":"https:\/\/www.webdo.tn\/fr\/actualite\/national\/legislatives-2eme-tour-bouaskar-prevoit-une-hausse-du-taux-de-participation\/202353\/#primaryimage"},"thumbnailUrl":"https:\/\/www.webdo.tn\/fr\/wp-content\/uploads\/2023\/01\/9b79810b8121ddcd8b1e2acd6433bb77.jpg","keywords":["\u00e9lections","Tunisie"],"articleSection":["National"],"inLanguage":"fr-FR"},{"@type":"WebPage","@id":"https:\/\/www.webdo.tn\/fr\/actualite\/national\/legislatives-2eme-tour-bouaskar-prevoit-une-hausse-du-taux-de-participation\/202353\/","url":"https:\/\/www.webdo.tn\/fr\/actualite\/national\/legislatives-2eme-tour-bouaskar-prevoit-une-hausse-du-taux-de-participation\/202353\/","name":"L\u00e9gislatives \u2013 2\u00e8me tour : Bouaskar pr\u00e9voit une hausse du taux de participation","isPartOf":{"@id":"https:\/\/www.webdo.tn\/fr\/#website"},"primaryImageOfPage":{"@id":"https:\/\/www.webdo.tn\/fr\/actualite\/national\/legislatives-2eme-tour-bouaskar-prevoit-une-hausse-du-taux-de-participation\/202353\/#primaryimage"},"image":{"@id":"https:\/\/www.webdo.tn\/fr\/actualite\/national\/legislatives-2eme-tour-bouaskar-prevoit-une-hausse-du-taux-de-participation\/202353\/#primaryimage"},"thumbnailUrl":"https:\/\/www.webdo.tn\/fr\/wp-content\/uploads\/2023\/01\/9b79810b8121ddcd8b1e2acd6433bb77.jpg","datePublished":"2023-01-29T11:21:00+00:00","dateModified":"2025-05-20T22:48:49+00:00","description":"Le vote au 2\u00e8me tour des \u00e9lections l\u00e9gislatives de 2023 a d\u00e9marr\u00e9 ce matin \u00e0 8h00 dans les 131 circonscriptions \u00e9lectorales et ce, en pr\u00e9sence de l\u2019ensemble du...","breadcrumb":{"@id":"https:\/\/www.webdo.tn\/fr\/actualite\/national\/legislatives-2eme-tour-bouaskar-prevoit-une-hausse-du-taux-de-participation\/202353\/#breadcrumb"},"inLanguage":"fr-FR","potentialAction":[{"@type":"ReadAction","target":["https:\/\/www.webdo.tn\/fr\/actualite\/national\/legislatives-2eme-tour-bouaskar-prevoit-une-hausse-du-taux-de-participation\/202353\/"]}]},{"@type":"ImageObject","inLanguage":"fr-FR","@id":"https:\/\/www.webdo.tn\/fr\/actualite\/national\/legislatives-2eme-tour-bouaskar-prevoit-une-hausse-du-taux-de-participation\/202353\/#primaryimage","url":"https:\/\/www.webdo.tn\/fr\/wp-content\/uploads\/2023\/01\/9b79810b8121ddcd8b1e2acd6433bb77.jpg","contentUrl":"https:\/\/www.webdo.tn\/fr\/wp-content\/uploads\/2023\/01\/9b79810b8121ddcd8b1e2acd6433bb77.jpg","width":750,"height":400,"caption":"Farouk Bouaskar"},{"@type":"BreadcrumbList","@id":"https:\/\/www.webdo.tn\/fr\/actualite\/national\/legislatives-2eme-tour-bouaskar-prevoit-une-hausse-du-taux-de-participation\/202353\/#breadcrumb","itemListElement":[{"@type":"ListItem","position":1,"name":"Accueil","item":"https:\/\/www.webdo.tn\/fr\/"},{"@type":"ListItem","position":2,"name":"L\u00e9gislatives \u2013 2\u00e8me tour : Bouaskar pr\u00e9voit une hausse du taux de participation"}]},{"@type":"WebSite","@id":"https:\/\/www.webdo.tn\/fr\/#website","url":"https:\/\/www.webdo.tn\/fr\/","name":"webdo","description":"Tunisie - News en Tunisie et \u00e0 l&#039;international sur Webdo.tn","publisher":{"@id":"https:\/\/www.webdo.tn\/fr\/#organization"},"potentialAction":[{"@type":"SearchAction","target":{"@type":"EntryPoint","urlTemplate":"https:\/\/www.webdo.tn\/fr\/?s={search_term_string}"},"query-input":{"@type":"PropertyValueSpecification","valueRequired":true,"valueName":"search_term_string"}}],"inLanguage":"fr-FR"},{"@type":"Organization","@id":"https:\/\/www.webdo.tn\/fr\/#organization","name":"Webdo","alternateName":"Webdo.tn","url":"https:\/\/www.webdo.tn\/fr\/","logo":{"@type":"ImageObject","inLanguage":"fr-FR","@id":"https:\/\/www.webdo.tn\/fr\/#\/schema\/logo\/image\/","url":"https:\/\/www.webdo.tn\/fr\/wp-content\/uploads\/2025\/06\/Webdo-Tunisie_168377.jpg","contentUrl":"https:\/\/www.webdo.tn\/fr\/wp-content\/uploads\/2025\/06\/Webdo-Tunisie_168377.jpg","width":301,"height":301,"caption":"Webdo"},"image":{"@id":"https:\/\/www.webdo.tn\/fr\/#\/schema\/logo\/image\/"},"sameAs":["https:\/\/www.facebook.com\/webdotn","https:\/\/x.com\/webdo_tn"],"description":"Webdo est un m\u00e9dia num\u00e9rique tunisien fond\u00e9 en 2010, sp\u00e9cialis\u00e9 dans l\u2019actualit\u00e9 nationale et internationale, l\u2019\u00e9conomie, la soci\u00e9t\u00e9 et les analyses politiques. Le site s\u2019adresse \u00e0 un large public francophone et couvre l\u2019information tunisienne en temps r\u00e9el.","email":"redac@webdo.tn","legalName":"YNJ SARL","foundingDate":"2010-09-06","numberOfEmployees":{"@type":"QuantitativeValue","minValue":"11","maxValue":"50"}},{"@type":"Person","@id":"https:\/\/www.webdo.tn\/fr\/#\/schema\/person\/f35b42a42c5e2511bbd282959d6385cc","name":"CL","image":{"@type":"ImageObject","inLanguage":"fr-FR","@id":"https:\/\/secure.gravatar.com\/avatar\/1447a49909b67aa657c488aec6512e1dd6143a480c1ecfee9b5b5cd74eb3b59e?s=96&d=mm&r=g","url":"https:\/\/secure.gravatar.com\/avatar\/1447a49909b67aa657c488aec6512e1dd6143a480c1ecfee9b5b5cd74eb3b59e?s=96&d=mm&r=g","contentUrl":"https:\/\/secure.gravatar.com\/avatar\/1447a49909b67aa657c488aec6512e1dd6143a480c1ecfee9b5b5cd74eb3b59e?s=96&d=mm&r=g","caption":"CL"},"url":"https:\/\/www.webdo.tn\/fr\/actualite\/author\/cl\/"}]}},"_links":{"self":[{"href":"https:\/\/www.webdo.tn\/fr\/wp-json\/wp\/v2\/posts\/202353","targetHints":{"allow":["GET"]}}],"collection":[{"href":"https:\/\/www.webdo.tn\/fr\/wp-json\/wp\/v2\/posts"}],"about":[{"href":"https:\/\/www.webdo.tn\/fr\/wp-json\/wp\/v2\/types\/post"}],"author":[{"embeddable":true,"href":"https:\/\/www.webdo.tn\/fr\/wp-json\/wp\/v2\/users\/3175"}],"replies":[{"embeddable":true,"href":"https:\/\/www.webdo.tn\/fr\/wp-json\/wp\/v2\/comments?post=202353"}],"version-history":[{"count":0,"href":"https:\/\/www.webdo.tn\/fr\/wp-json\/wp\/v2\/posts\/202353\/revisions"}],"wp:featuredmedia":[{"embeddable":true,"href":"https:\/\/www.webdo.tn\/fr\/wp-json\/wp\/v2\/media\/277637"}],"wp:attachment":[{"href":"https:\/\/www.webdo.tn\/fr\/wp-json\/wp\/v2\/media?parent=202353"}],"wp:term":[{"taxonomy":"category","embeddable":true,"href":"https:\/\/www.webdo.tn\/fr\/wp-json\/wp\/v2\/categories?post=202353"},{"taxonomy":"post_tag","embeddable":true,"href":"https:\/\/www.webdo.tn\/fr\/wp-json\/wp\/v2\/tags?post=202353"}],"curies":[{"name":"wp","href":"https:\/\/api.w.org\/{rel}","templated":true}]}}