{"id":202346,"date":"2023-01-29T09:18:00","date_gmt":"2023-01-29T09:18:00","guid":{"rendered":"https:\/\/www.webdo.tn\/fr\/actualite\/blog\/tunisie-demarrage-du-2eme-tour-des-legislatives\/202346\/"},"modified":"2025-05-22T11:36:55","modified_gmt":"2025-05-22T11:36:55","slug":"tunisie-demarrage-du-2eme-tour-des-legislatives","status":"publish","type":"post","link":"https:\/\/www.webdo.tn\/fr\/actualite\/national\/tunisie-demarrage-du-2eme-tour-des-legislatives\/202346\/","title":{"rendered":"Tunisie : D\u00e9marrage du 2\u00e8me tour des L\u00e9gislatives"},"content":{"rendered":"<p>Les \u00e9lecteurs se dirigent vers les urnes pour voter au second tour des \u00e9lections l\u00e9gislatives anticip\u00e9es.<\/p>\n<p> Appel\u00e9s \u00e0 renouveler la composition de l\u2019Assembl\u00e9e des repr\u00e9sentants du peuple, les Tunisiens ont largement boud\u00e9 les urnes lors du premier tour du 17 d\u00e9cembre 2022.<br \/>\nEn effet, selon les r\u00e9sultats d\u00e9finitifs du 1er tour des \u00e9lections, le taux de participation des \u00e9lecteurs s\u2019est \u00e9tabli \u00e0 seulement 11,22% (contre 41,3% lors des \u00e9lections parlementaires de 2019).<br \/>\nSelon le pr\u00e9sident de l\u2019Instance des \u00e9lections Farouk Bouasker, ce taux \u00a0\u00bb modeste mais pas honteux \u00a0\u00bb s\u2019explique par la transparence du scrutin et la fin de pratiques frauduleuses telles que l\u2019achat des voix et les financements douteux.<\/p>\n<p>S\u2019agissant des r\u00e9sultats, 23 candidats dont 3 femmes ont remport\u00e9 des si\u00e8ges parlementaires lors du 1er tour qui n\u2019a pas tranch\u00e9 d\u00e9finitivement le sort de cette \u00e9ch\u00e9ance \u00e9lectorale dans 131 circonscriptions.<\/p>\n<p>Le second tour de cette course \u00e9lectorale, dernier tournant de la feuille de route annonc\u00e9e en d\u00e9cembre 2021 par le pr\u00e9sident de la R\u00e9publique Ka\u00efs Sa\u00efed, se d\u00e9roulera ainsi dans 131 circonscriptions \u00e9lectorales.<\/p>\n<p>Le nombre des \u00e9lecteurs concern\u00e9s par le vote (inscrits dans les 131 circonscriptions \u00e9lectorales restantes) est de l\u2019ordre de 7,8 millions (7 millions 853 mille 447 \u00e9lecteurs), dont 2,05 millions (2 millions 25 mille 498 \u00e9lecteurs) inscrits automatiquement dans le registre \u00e9lectoral. Le nombre des \u00e9lecteurs qui se sont pr\u00e9sent\u00e9s volontairement pour s\u2019inscrire s\u2019\u00e9l\u00e8ve \u00e0 5,8 millions (5 millions 827 mille 949 \u00e9lecteurs).<\/p>\n","protected":false},"excerpt":{"rendered":"<p>Les \u00e9lecteurs se dirigent vers les urnes pour voter au second tour des \u00e9lections l\u00e9gislatives anticip\u00e9es.<\/p>\n","protected":false},"author":3175,"featured_media":348218,"comment_status":"open","ping_status":"closed","sticky":false,"template":"","format":"standard","meta":{"footnotes":""},"categories":[44],"tags":[3923,2608],"class_list":["post-202346","post","type-post","status-publish","format-standard","has-post-thumbnail","hentry","category-national","tag-elections","tag-tunisie"],"yoast_head":"<!-- This site is optimized with the Yoast SEO Premium plugin v27.5 (Yoast SEO v27.5) - https:\/\/yoast.com\/product\/yoast-seo-premium-wordpress\/ -->\n<title>Tunisie : D\u00e9marrage du 2\u00e8me tour des L\u00e9gislatives<\/title>\n<meta name=\"description\" content=\"Les \u00e9lecteurs se dirigent vers les urnes pour voter au second tour des \u00e9lections l\u00e9gislatives anticip\u00e9es.\" \/>\n<link rel=\"canonical\" href=\"https:\/\/www.webdo.tn\/fr\/actualite\/national-45\/tunisie-demarrage-du-2eme-tour-des-legislatives\/202346\/\" \/>\n<meta property=\"og:locale\" content=\"fr_FR\" \/>\n<meta property=\"og:type\" content=\"article\" \/>\n<meta property=\"og:title\" content=\"Tunisie : D\u00e9marrage du 2\u00e8me tour des L\u00e9gislatives\" \/>\n<meta property=\"og:description\" content=\"Les \u00e9lecteurs se dirigent vers les urnes pour voter au second tour des \u00e9lections l\u00e9gislatives anticip\u00e9es.\" \/>\n<meta property=\"og:url\" content=\"https:\/\/www.webdo.tn\/fr\/actualite\/national-45\/tunisie-demarrage-du-2eme-tour-des-legislatives\/202346\/\" \/>\n<meta property=\"og:site_name\" content=\"webdo\" \/>\n<meta property=\"article:publisher\" content=\"https:\/\/www.facebook.com\/webdotn\" \/>\n<meta property=\"article:published_time\" content=\"2023-01-29T09:18:00+00:00\" \/>\n<meta property=\"article:modified_time\" content=\"2025-05-22T11:36:55+00:00\" \/>\n<meta property=\"og:image\" content=\"https:\/\/www.webdo.tn\/fr\/wp-content\/uploads\/2023\/01\/d187db5fcc14ee4ec866ee1389530c6c.jpeg\" \/>\n\t<meta property=\"og:image:width\" content=\"640\" \/>\n\t<meta property=\"og:image:height\" content=\"341\" \/>\n\t<meta property=\"og:image:type\" content=\"image\/jpeg\" \/>\n<meta name=\"author\" content=\"CL\" \/>\n<meta name=\"twitter:card\" content=\"summary_large_image\" \/>\n<meta name=\"twitter:creator\" content=\"@webdo_tn\" \/>\n<meta name=\"twitter:site\" content=\"@webdo_tn\" \/>\n<meta name=\"twitter:label1\" content=\"\u00c9crit par\" \/>\n\t<meta name=\"twitter:data1\" content=\"CL\" \/>\n\t<meta name=\"twitter:label2\" content=\"Dur\u00e9e de lecture estim\u00e9e\" \/>\n\t<meta name=\"twitter:data2\" content=\"1 minute\" \/>\n<script type=\"application\/ld+json\" class=\"yoast-schema-graph\">{\"@context\":\"https:\\\/\\\/schema.org\",\"@graph\":[{\"@type\":\"NewsArticle\",\"@id\":\"https:\\\/\\\/www.webdo.tn\\\/fr\\\/actualite\\\/national-45\\\/tunisie-demarrage-du-2eme-tour-des-legislatives\\\/202346\\\/#article\",\"isPartOf\":{\"@id\":\"https:\\\/\\\/www.webdo.tn\\\/fr\\\/actualite\\\/national-45\\\/tunisie-demarrage-du-2eme-tour-des-legislatives\\\/202346\\\/\"},\"author\":{\"name\":\"CL\",\"@id\":\"https:\\\/\\\/www.webdo.tn\\\/fr\\\/#\\\/schema\\\/person\\\/f35b42a42c5e2511bbd282959d6385cc\"},\"headline\":\"Tunisie : D\u00e9marrage du 2\u00e8me tour des L\u00e9gislatives\",\"datePublished\":\"2023-01-29T09:18:00+00:00\",\"dateModified\":\"2025-05-22T11:36:55+00:00\",\"mainEntityOfPage\":{\"@id\":\"https:\\\/\\\/www.webdo.tn\\\/fr\\\/actualite\\\/national-45\\\/tunisie-demarrage-du-2eme-tour-des-legislatives\\\/202346\\\/\"},\"wordCount\":252,\"commentCount\":0,\"publisher\":{\"@id\":\"https:\\\/\\\/www.webdo.tn\\\/fr\\\/#organization\"},\"image\":{\"@id\":\"https:\\\/\\\/www.webdo.tn\\\/fr\\\/actualite\\\/national-45\\\/tunisie-demarrage-du-2eme-tour-des-legislatives\\\/202346\\\/#primaryimage\"},\"thumbnailUrl\":\"https:\\\/\\\/www.webdo.tn\\\/fr\\\/wp-content\\\/uploads\\\/2023\\\/01\\\/d187db5fcc14ee4ec866ee1389530c6c.jpeg\",\"keywords\":[\"\u00e9lections\",\"Tunisie\"],\"articleSection\":[\"National\"],\"inLanguage\":\"fr-FR\"},{\"@type\":\"WebPage\",\"@id\":\"https:\\\/\\\/www.webdo.tn\\\/fr\\\/actualite\\\/national-45\\\/tunisie-demarrage-du-2eme-tour-des-legislatives\\\/202346\\\/\",\"url\":\"https:\\\/\\\/www.webdo.tn\\\/fr\\\/actualite\\\/national-45\\\/tunisie-demarrage-du-2eme-tour-des-legislatives\\\/202346\\\/\",\"name\":\"Tunisie : D\u00e9marrage du 2\u00e8me tour des L\u00e9gislatives\",\"isPartOf\":{\"@id\":\"https:\\\/\\\/www.webdo.tn\\\/fr\\\/#website\"},\"primaryImageOfPage\":{\"@id\":\"https:\\\/\\\/www.webdo.tn\\\/fr\\\/actualite\\\/national-45\\\/tunisie-demarrage-du-2eme-tour-des-legislatives\\\/202346\\\/#primaryimage\"},\"image\":{\"@id\":\"https:\\\/\\\/www.webdo.tn\\\/fr\\\/actualite\\\/national-45\\\/tunisie-demarrage-du-2eme-tour-des-legislatives\\\/202346\\\/#primaryimage\"},\"thumbnailUrl\":\"https:\\\/\\\/www.webdo.tn\\\/fr\\\/wp-content\\\/uploads\\\/2023\\\/01\\\/d187db5fcc14ee4ec866ee1389530c6c.jpeg\",\"datePublished\":\"2023-01-29T09:18:00+00:00\",\"dateModified\":\"2025-05-22T11:36:55+00:00\",\"description\":\"Les \u00e9lecteurs se dirigent vers les urnes pour voter au second tour des \u00e9lections l\u00e9gislatives anticip\u00e9es.\",\"breadcrumb\":{\"@id\":\"https:\\\/\\\/www.webdo.tn\\\/fr\\\/actualite\\\/national-45\\\/tunisie-demarrage-du-2eme-tour-des-legislatives\\\/202346\\\/#breadcrumb\"},\"inLanguage\":\"fr-FR\",\"potentialAction\":[{\"@type\":\"ReadAction\",\"target\":[\"https:\\\/\\\/www.webdo.tn\\\/fr\\\/actualite\\\/national-45\\\/tunisie-demarrage-du-2eme-tour-des-legislatives\\\/202346\\\/\"]}]},{\"@type\":\"ImageObject\",\"inLanguage\":\"fr-FR\",\"@id\":\"https:\\\/\\\/www.webdo.tn\\\/fr\\\/actualite\\\/national-45\\\/tunisie-demarrage-du-2eme-tour-des-legislatives\\\/202346\\\/#primaryimage\",\"url\":\"https:\\\/\\\/www.webdo.tn\\\/fr\\\/wp-content\\\/uploads\\\/2023\\\/01\\\/d187db5fcc14ee4ec866ee1389530c6c.jpeg\",\"contentUrl\":\"https:\\\/\\\/www.webdo.tn\\\/fr\\\/wp-content\\\/uploads\\\/2023\\\/01\\\/d187db5fcc14ee4ec866ee1389530c6c.jpeg\",\"width\":640,\"height\":341,\"caption\":\"Tunisie \u00e9lections\"},{\"@type\":\"BreadcrumbList\",\"@id\":\"https:\\\/\\\/www.webdo.tn\\\/fr\\\/actualite\\\/national-45\\\/tunisie-demarrage-du-2eme-tour-des-legislatives\\\/202346\\\/#breadcrumb\",\"itemListElement\":[{\"@type\":\"ListItem\",\"position\":1,\"name\":\"Accueil\",\"item\":\"https:\\\/\\\/www.webdo.tn\\\/fr\\\/\"},{\"@type\":\"ListItem\",\"position\":2,\"name\":\"Tunisie : D\u00e9marrage du 2\u00e8me tour des L\u00e9gislatives\"}]},{\"@type\":\"WebSite\",\"@id\":\"https:\\\/\\\/www.webdo.tn\\\/fr\\\/#website\",\"url\":\"https:\\\/\\\/www.webdo.tn\\\/fr\\\/\",\"name\":\"webdo\",\"description\":\"Tunisie - News en Tunisie et \u00e0 l&#039;international sur Webdo.tn\",\"publisher\":{\"@id\":\"https:\\\/\\\/www.webdo.tn\\\/fr\\\/#organization\"},\"potentialAction\":[{\"@type\":\"SearchAction\",\"target\":{\"@type\":\"EntryPoint\",\"urlTemplate\":\"https:\\\/\\\/www.webdo.tn\\\/fr\\\/?s={search_term_string}\"},\"query-input\":{\"@type\":\"PropertyValueSpecification\",\"valueRequired\":true,\"valueName\":\"search_term_string\"}}],\"inLanguage\":\"fr-FR\"},{\"@type\":\"Organization\",\"@id\":\"https:\\\/\\\/www.webdo.tn\\\/fr\\\/#organization\",\"name\":\"Webdo\",\"alternateName\":\"Webdo.tn\",\"url\":\"https:\\\/\\\/www.webdo.tn\\\/fr\\\/\",\"logo\":{\"@type\":\"ImageObject\",\"inLanguage\":\"fr-FR\",\"@id\":\"https:\\\/\\\/www.webdo.tn\\\/fr\\\/#\\\/schema\\\/logo\\\/image\\\/\",\"url\":\"https:\\\/\\\/www.webdo.tn\\\/fr\\\/wp-content\\\/uploads\\\/2025\\\/06\\\/Webdo-Tunisie_168377.jpg\",\"contentUrl\":\"https:\\\/\\\/www.webdo.tn\\\/fr\\\/wp-content\\\/uploads\\\/2025\\\/06\\\/Webdo-Tunisie_168377.jpg\",\"width\":301,\"height\":301,\"caption\":\"Webdo\"},\"image\":{\"@id\":\"https:\\\/\\\/www.webdo.tn\\\/fr\\\/#\\\/schema\\\/logo\\\/image\\\/\"},\"sameAs\":[\"https:\\\/\\\/www.facebook.com\\\/webdotn\",\"https:\\\/\\\/x.com\\\/webdo_tn\"],\"description\":\"Webdo est un m\u00e9dia num\u00e9rique tunisien fond\u00e9 en 2010, sp\u00e9cialis\u00e9 dans l\u2019actualit\u00e9 nationale et internationale, l\u2019\u00e9conomie, la soci\u00e9t\u00e9 et les analyses politiques. Le site s\u2019adresse \u00e0 un large public francophone et couvre l\u2019information tunisienne en temps r\u00e9el.\",\"email\":\"redac@webdo.tn\",\"legalName\":\"YNJ SARL\",\"foundingDate\":\"2010-09-06\",\"numberOfEmployees\":{\"@type\":\"QuantitativeValue\",\"minValue\":\"11\",\"maxValue\":\"50\"}},{\"@type\":\"Person\",\"@id\":\"https:\\\/\\\/www.webdo.tn\\\/fr\\\/#\\\/schema\\\/person\\\/f35b42a42c5e2511bbd282959d6385cc\",\"name\":\"CL\",\"image\":{\"@type\":\"ImageObject\",\"inLanguage\":\"fr-FR\",\"@id\":\"https:\\\/\\\/secure.gravatar.com\\\/avatar\\\/1447a49909b67aa657c488aec6512e1dd6143a480c1ecfee9b5b5cd74eb3b59e?s=96&d=mm&r=g\",\"url\":\"https:\\\/\\\/secure.gravatar.com\\\/avatar\\\/1447a49909b67aa657c488aec6512e1dd6143a480c1ecfee9b5b5cd74eb3b59e?s=96&d=mm&r=g\",\"contentUrl\":\"https:\\\/\\\/secure.gravatar.com\\\/avatar\\\/1447a49909b67aa657c488aec6512e1dd6143a480c1ecfee9b5b5cd74eb3b59e?s=96&d=mm&r=g\",\"caption\":\"CL\"},\"url\":\"https:\\\/\\\/www.webdo.tn\\\/fr\\\/actualite\\\/author\\\/cl\\\/\"}]}<\/script>\n<!-- \/ Yoast SEO Premium plugin. -->","yoast_head_json":{"title":"Tunisie : D\u00e9marrage du 2\u00e8me tour des L\u00e9gislatives","description":"Les \u00e9lecteurs se dirigent vers les urnes pour voter au second tour des \u00e9lections l\u00e9gislatives anticip\u00e9es.","canonical":"https:\/\/www.webdo.tn\/fr\/actualite\/national-45\/tunisie-demarrage-du-2eme-tour-des-legislatives\/202346\/","og_locale":"fr_FR","og_type":"article","og_title":"Tunisie : D\u00e9marrage du 2\u00e8me tour des L\u00e9gislatives","og_description":"Les \u00e9lecteurs se dirigent vers les urnes pour voter au second tour des \u00e9lections l\u00e9gislatives anticip\u00e9es.","og_url":"https:\/\/www.webdo.tn\/fr\/actualite\/national-45\/tunisie-demarrage-du-2eme-tour-des-legislatives\/202346\/","og_site_name":"webdo","article_publisher":"https:\/\/www.facebook.com\/webdotn","article_published_time":"2023-01-29T09:18:00+00:00","article_modified_time":"2025-05-22T11:36:55+00:00","og_image":[{"width":640,"height":341,"url":"https:\/\/www.webdo.tn\/fr\/wp-content\/uploads\/2023\/01\/d187db5fcc14ee4ec866ee1389530c6c.jpeg","type":"image\/jpeg"}],"author":"CL","twitter_card":"summary_large_image","twitter_creator":"@webdo_tn","twitter_site":"@webdo_tn","twitter_misc":{"\u00c9crit par":"CL","Dur\u00e9e de lecture estim\u00e9e":"1 minute"},"schema":{"@context":"https:\/\/schema.org","@graph":[{"@type":"NewsArticle","@id":"https:\/\/www.webdo.tn\/fr\/actualite\/national-45\/tunisie-demarrage-du-2eme-tour-des-legislatives\/202346\/#article","isPartOf":{"@id":"https:\/\/www.webdo.tn\/fr\/actualite\/national-45\/tunisie-demarrage-du-2eme-tour-des-legislatives\/202346\/"},"author":{"name":"CL","@id":"https:\/\/www.webdo.tn\/fr\/#\/schema\/person\/f35b42a42c5e2511bbd282959d6385cc"},"headline":"Tunisie : D\u00e9marrage du 2\u00e8me tour des L\u00e9gislatives","datePublished":"2023-01-29T09:18:00+00:00","dateModified":"2025-05-22T11:36:55+00:00","mainEntityOfPage":{"@id":"https:\/\/www.webdo.tn\/fr\/actualite\/national-45\/tunisie-demarrage-du-2eme-tour-des-legislatives\/202346\/"},"wordCount":252,"commentCount":0,"publisher":{"@id":"https:\/\/www.webdo.tn\/fr\/#organization"},"image":{"@id":"https:\/\/www.webdo.tn\/fr\/actualite\/national-45\/tunisie-demarrage-du-2eme-tour-des-legislatives\/202346\/#primaryimage"},"thumbnailUrl":"https:\/\/www.webdo.tn\/fr\/wp-content\/uploads\/2023\/01\/d187db5fcc14ee4ec866ee1389530c6c.jpeg","keywords":["\u00e9lections","Tunisie"],"articleSection":["National"],"inLanguage":"fr-FR"},{"@type":"WebPage","@id":"https:\/\/www.webdo.tn\/fr\/actualite\/national-45\/tunisie-demarrage-du-2eme-tour-des-legislatives\/202346\/","url":"https:\/\/www.webdo.tn\/fr\/actualite\/national-45\/tunisie-demarrage-du-2eme-tour-des-legislatives\/202346\/","name":"Tunisie : D\u00e9marrage du 2\u00e8me tour des L\u00e9gislatives","isPartOf":{"@id":"https:\/\/www.webdo.tn\/fr\/#website"},"primaryImageOfPage":{"@id":"https:\/\/www.webdo.tn\/fr\/actualite\/national-45\/tunisie-demarrage-du-2eme-tour-des-legislatives\/202346\/#primaryimage"},"image":{"@id":"https:\/\/www.webdo.tn\/fr\/actualite\/national-45\/tunisie-demarrage-du-2eme-tour-des-legislatives\/202346\/#primaryimage"},"thumbnailUrl":"https:\/\/www.webdo.tn\/fr\/wp-content\/uploads\/2023\/01\/d187db5fcc14ee4ec866ee1389530c6c.jpeg","datePublished":"2023-01-29T09:18:00+00:00","dateModified":"2025-05-22T11:36:55+00:00","description":"Les \u00e9lecteurs se dirigent vers les urnes pour voter au second tour des \u00e9lections l\u00e9gislatives anticip\u00e9es.","breadcrumb":{"@id":"https:\/\/www.webdo.tn\/fr\/actualite\/national-45\/tunisie-demarrage-du-2eme-tour-des-legislatives\/202346\/#breadcrumb"},"inLanguage":"fr-FR","potentialAction":[{"@type":"ReadAction","target":["https:\/\/www.webdo.tn\/fr\/actualite\/national-45\/tunisie-demarrage-du-2eme-tour-des-legislatives\/202346\/"]}]},{"@type":"ImageObject","inLanguage":"fr-FR","@id":"https:\/\/www.webdo.tn\/fr\/actualite\/national-45\/tunisie-demarrage-du-2eme-tour-des-legislatives\/202346\/#primaryimage","url":"https:\/\/www.webdo.tn\/fr\/wp-content\/uploads\/2023\/01\/d187db5fcc14ee4ec866ee1389530c6c.jpeg","contentUrl":"https:\/\/www.webdo.tn\/fr\/wp-content\/uploads\/2023\/01\/d187db5fcc14ee4ec866ee1389530c6c.jpeg","width":640,"height":341,"caption":"Tunisie \u00e9lections"},{"@type":"BreadcrumbList","@id":"https:\/\/www.webdo.tn\/fr\/actualite\/national-45\/tunisie-demarrage-du-2eme-tour-des-legislatives\/202346\/#breadcrumb","itemListElement":[{"@type":"ListItem","position":1,"name":"Accueil","item":"https:\/\/www.webdo.tn\/fr\/"},{"@type":"ListItem","position":2,"name":"Tunisie : D\u00e9marrage du 2\u00e8me tour des L\u00e9gislatives"}]},{"@type":"WebSite","@id":"https:\/\/www.webdo.tn\/fr\/#website","url":"https:\/\/www.webdo.tn\/fr\/","name":"webdo","description":"Tunisie - News en Tunisie et \u00e0 l&#039;international sur Webdo.tn","publisher":{"@id":"https:\/\/www.webdo.tn\/fr\/#organization"},"potentialAction":[{"@type":"SearchAction","target":{"@type":"EntryPoint","urlTemplate":"https:\/\/www.webdo.tn\/fr\/?s={search_term_string}"},"query-input":{"@type":"PropertyValueSpecification","valueRequired":true,"valueName":"search_term_string"}}],"inLanguage":"fr-FR"},{"@type":"Organization","@id":"https:\/\/www.webdo.tn\/fr\/#organization","name":"Webdo","alternateName":"Webdo.tn","url":"https:\/\/www.webdo.tn\/fr\/","logo":{"@type":"ImageObject","inLanguage":"fr-FR","@id":"https:\/\/www.webdo.tn\/fr\/#\/schema\/logo\/image\/","url":"https:\/\/www.webdo.tn\/fr\/wp-content\/uploads\/2025\/06\/Webdo-Tunisie_168377.jpg","contentUrl":"https:\/\/www.webdo.tn\/fr\/wp-content\/uploads\/2025\/06\/Webdo-Tunisie_168377.jpg","width":301,"height":301,"caption":"Webdo"},"image":{"@id":"https:\/\/www.webdo.tn\/fr\/#\/schema\/logo\/image\/"},"sameAs":["https:\/\/www.facebook.com\/webdotn","https:\/\/x.com\/webdo_tn"],"description":"Webdo est un m\u00e9dia num\u00e9rique tunisien fond\u00e9 en 2010, sp\u00e9cialis\u00e9 dans l\u2019actualit\u00e9 nationale et internationale, l\u2019\u00e9conomie, la soci\u00e9t\u00e9 et les analyses politiques. Le site s\u2019adresse \u00e0 un large public francophone et couvre l\u2019information tunisienne en temps r\u00e9el.","email":"redac@webdo.tn","legalName":"YNJ SARL","foundingDate":"2010-09-06","numberOfEmployees":{"@type":"QuantitativeValue","minValue":"11","maxValue":"50"}},{"@type":"Person","@id":"https:\/\/www.webdo.tn\/fr\/#\/schema\/person\/f35b42a42c5e2511bbd282959d6385cc","name":"CL","image":{"@type":"ImageObject","inLanguage":"fr-FR","@id":"https:\/\/secure.gravatar.com\/avatar\/1447a49909b67aa657c488aec6512e1dd6143a480c1ecfee9b5b5cd74eb3b59e?s=96&d=mm&r=g","url":"https:\/\/secure.gravatar.com\/avatar\/1447a49909b67aa657c488aec6512e1dd6143a480c1ecfee9b5b5cd74eb3b59e?s=96&d=mm&r=g","contentUrl":"https:\/\/secure.gravatar.com\/avatar\/1447a49909b67aa657c488aec6512e1dd6143a480c1ecfee9b5b5cd74eb3b59e?s=96&d=mm&r=g","caption":"CL"},"url":"https:\/\/www.webdo.tn\/fr\/actualite\/author\/cl\/"}]}},"_links":{"self":[{"href":"https:\/\/www.webdo.tn\/fr\/wp-json\/wp\/v2\/posts\/202346","targetHints":{"allow":["GET"]}}],"collection":[{"href":"https:\/\/www.webdo.tn\/fr\/wp-json\/wp\/v2\/posts"}],"about":[{"href":"https:\/\/www.webdo.tn\/fr\/wp-json\/wp\/v2\/types\/post"}],"author":[{"embeddable":true,"href":"https:\/\/www.webdo.tn\/fr\/wp-json\/wp\/v2\/users\/3175"}],"replies":[{"embeddable":true,"href":"https:\/\/www.webdo.tn\/fr\/wp-json\/wp\/v2\/comments?post=202346"}],"version-history":[{"count":0,"href":"https:\/\/www.webdo.tn\/fr\/wp-json\/wp\/v2\/posts\/202346\/revisions"}],"wp:featuredmedia":[{"embeddable":true,"href":"https:\/\/www.webdo.tn\/fr\/wp-json\/wp\/v2\/media\/348218"}],"wp:attachment":[{"href":"https:\/\/www.webdo.tn\/fr\/wp-json\/wp\/v2\/media?parent=202346"}],"wp:term":[{"taxonomy":"category","embeddable":true,"href":"https:\/\/www.webdo.tn\/fr\/wp-json\/wp\/v2\/categories?post=202346"},{"taxonomy":"post_tag","embeddable":true,"href":"https:\/\/www.webdo.tn\/fr\/wp-json\/wp\/v2\/tags?post=202346"}],"curies":[{"name":"wp","href":"https:\/\/api.w.org\/{rel}","templated":true}]}}