{"id":202338,"date":"2023-01-28T12:04:00","date_gmt":"2023-01-28T12:04:00","guid":{"rendered":"https:\/\/www.webdo.tn\/fr\/actualite\/blog\/emprunt-obligataire-demarrage-des-souscriptions-a-la-premiere-tranche-pour-mobiliser-700-md\/202338\/"},"modified":"2025-05-22T11:36:50","modified_gmt":"2025-05-22T11:36:50","slug":"emprunt-obligataire-demarrage-des-souscriptions-a-la-premiere-tranche-pour-mobiliser-700-md","status":"publish","type":"post","link":"https:\/\/www.webdo.tn\/fr\/actualite\/national\/emprunt-obligataire-demarrage-des-souscriptions-a-la-premiere-tranche-pour-mobiliser-700-md\/202338\/","title":{"rendered":"Emprunt obligataire : D\u00e9marrage des souscriptions \u00e0 la premi\u00e8re tranche pour mobiliser 700 MD"},"content":{"rendered":"<p>Les souscriptions \u00e0 la premi\u00e8re tranche de l&#8217;emprunt obligataire national 2023, dont le montant est fix\u00e9 \u00e0 700 millions de dinars d\u00e9buteront le 6 f\u00e9vriers prochain et se poursuivront jusqu\u2019au 15 f\u00e9vrier 2023.<\/p>\n<p> D&rsquo;apr\u00e8s l&rsquo;arr\u00eat\u00e9 de la ministre des Finances en date du 27 janvier 2023, relatif aux caract\u00e9ristiques et conditions d&rsquo;\u00e9mission de la premi\u00e8re tranche de l&#8217;emprunt obligataire national, publi\u00e9, dans le Journal officiel de la R\u00e9publique tunisienne (JORT), trois types d&rsquo;obligations A, B et C, ont \u00e9t\u00e9 fix\u00e9es.<\/p>\n<p>Le remboursement des int\u00e9r\u00eats se fera tous les ans, \u00e0 la date de l&rsquo;\u00e9ch\u00e9ance pr\u00e9vue et les taux d&rsquo;int\u00e9r\u00eats pour la premi\u00e8re tranche seront comme suit :<\/p>\n<p>&#8211; Cat\u00e9gorie A (r\u00e9serv\u00e9e aux souscriptions des personnes physiques), d&rsquo;une valeur nominale pour chaque titre de 10 dinars et d&rsquo;une dur\u00e9e de remboursement de cinq ans, dont trois ann\u00e9es de gr\u00e2ce. Le remboursement annuel \u00e0 l&rsquo;arriv\u00e9e de l&rsquo;\u00e9ch\u00e9ance \u00e0 partir de la quatri\u00e8me ann\u00e9e avec un taux fixe 9,75%\/an ou un taux d&rsquo;int\u00e9r\u00eat variable (taux moyen du march\u00e9 mon\u00e9taire (TMM) +1,70%), selon le choix du souscripteur.<\/p>\n<p>&#8211; Cat\u00e9gorie B d&rsquo;une valeur nominale pour chaque titre de 100 dinars et d&rsquo;une dur\u00e9e de remboursement de sept ans dont deux ann\u00e9es de gr\u00e2ce. Le remboursement annuel \u00e0 l&rsquo;arriv\u00e9e de l&rsquo;\u00e9ch\u00e9ance \u00e0 partir de la troisi\u00e8me ann\u00e9e avec un taux fixe 9,80%\/an ou un taux d&rsquo;int\u00e9r\u00eat variable (TMM+1,75%), selon le choix du souscripteur.<\/p>\n<p>&#8211; Cat\u00e9gorie C d&rsquo;une valeur nominale pour chaque titre de 100 dinars et d&rsquo;une dur\u00e9e de remboursement de dix ans dont deux ann\u00e9es de gr\u00e2ce.<\/p>\n<p>Le remboursement annuel \u00e0 l&rsquo;arriv\u00e9e de l&rsquo;\u00e9ch\u00e9ance \u00e0 partir de la troisi\u00e8me ann\u00e9e avec un taux fixe 9,95% \/ an ou un taux d&rsquo;int\u00e9r\u00eat variable (TMM +1,95%), selon le choix du souscripteur.<\/p>\n","protected":false},"excerpt":{"rendered":"<p>Les souscriptions \u00e0 la premi\u00e8re tranche de l&#8217;emprunt obligataire national 2023, dont le montant est fix\u00e9 \u00e0 700 millions de dinars d\u00e9buteront le 6 f\u00e9vriers proch&#8230;<\/p>\n","protected":false},"author":3162,"featured_media":348215,"comment_status":"open","ping_status":"closed","sticky":false,"template":"","format":"standard","meta":{"footnotes":""},"categories":[44],"tags":[5345],"class_list":["post-202338","post","type-post","status-publish","format-standard","has-post-thumbnail","hentry","category-national","tag-emprunt-obligataire"],"yoast_head":"<!-- This site is optimized with the Yoast SEO Premium plugin v27.5 (Yoast SEO v27.5) - https:\/\/yoast.com\/product\/yoast-seo-premium-wordpress\/ -->\n<title>Emprunt obligataire : D\u00e9marrage des souscriptions \u00e0 la premi\u00e8re tranche pour mobiliser 700 MD<\/title>\n<meta name=\"description\" content=\"Les souscriptions \u00e0 la premi\u00e8re tranche de l&#039;emprunt obligataire national 2023, dont le montant est fix\u00e9 \u00e0 700 millions de dinars d\u00e9buteront le 6 f\u00e9vriers proch...\" \/>\n<link rel=\"canonical\" href=\"https:\/\/www.webdo.tn\/fr\/actualite\/national-45\/emprunt-obligataire-demarrage-des-souscriptions-a-la-premiere-tranche-pour-mobiliser-700-md\/202338\/\" \/>\n<meta property=\"og:locale\" content=\"fr_FR\" \/>\n<meta property=\"og:type\" content=\"article\" \/>\n<meta property=\"og:title\" content=\"Emprunt obligataire : D\u00e9marrage des souscriptions \u00e0 la premi\u00e8re tranche pour mobiliser 700 MD\" \/>\n<meta property=\"og:description\" content=\"Les souscriptions \u00e0 la premi\u00e8re tranche de l&#039;emprunt obligataire national 2023, dont le montant est fix\u00e9 \u00e0 700 millions de dinars d\u00e9buteront le 6 f\u00e9vriers proch...\" \/>\n<meta property=\"og:url\" content=\"https:\/\/www.webdo.tn\/fr\/actualite\/national-45\/emprunt-obligataire-demarrage-des-souscriptions-a-la-premiere-tranche-pour-mobiliser-700-md\/202338\/\" \/>\n<meta property=\"og:site_name\" content=\"webdo\" \/>\n<meta property=\"article:publisher\" content=\"https:\/\/www.facebook.com\/webdotn\" \/>\n<meta property=\"article:published_time\" content=\"2023-01-28T12:04:00+00:00\" \/>\n<meta property=\"article:modified_time\" content=\"2025-05-22T11:36:50+00:00\" \/>\n<meta property=\"og:image\" content=\"https:\/\/www.webdo.tn\/fr\/wp-content\/uploads\/2023\/01\/01c7d48f67a78fd4a3a349ed2e5ada25.jpg\" \/>\n\t<meta property=\"og:image:width\" content=\"750\" \/>\n\t<meta property=\"og:image:height\" content=\"400\" \/>\n\t<meta property=\"og:image:type\" content=\"image\/jpeg\" \/>\n<meta name=\"author\" content=\"MC\" \/>\n<meta name=\"twitter:card\" content=\"summary_large_image\" \/>\n<meta name=\"twitter:creator\" content=\"@webdo_tn\" \/>\n<meta name=\"twitter:site\" content=\"@webdo_tn\" \/>\n<meta name=\"twitter:label1\" content=\"\u00c9crit par\" \/>\n\t<meta name=\"twitter:data1\" content=\"MC\" \/>\n\t<meta name=\"twitter:label2\" content=\"Dur\u00e9e de lecture estim\u00e9e\" \/>\n\t<meta name=\"twitter:data2\" content=\"2 minutes\" \/>\n<script type=\"application\/ld+json\" class=\"yoast-schema-graph\">{\"@context\":\"https:\\\/\\\/schema.org\",\"@graph\":[{\"@type\":\"NewsArticle\",\"@id\":\"https:\\\/\\\/www.webdo.tn\\\/fr\\\/actualite\\\/national-45\\\/emprunt-obligataire-demarrage-des-souscriptions-a-la-premiere-tranche-pour-mobiliser-700-md\\\/202338\\\/#article\",\"isPartOf\":{\"@id\":\"https:\\\/\\\/www.webdo.tn\\\/fr\\\/actualite\\\/national-45\\\/emprunt-obligataire-demarrage-des-souscriptions-a-la-premiere-tranche-pour-mobiliser-700-md\\\/202338\\\/\"},\"author\":{\"name\":\"MC\",\"@id\":\"https:\\\/\\\/www.webdo.tn\\\/fr\\\/#\\\/schema\\\/person\\\/2c4929cbf5a809e3bd38617c6ce150f6\"},\"headline\":\"Emprunt obligataire : D\u00e9marrage des souscriptions \u00e0 la premi\u00e8re tranche pour mobiliser 700 MD\",\"datePublished\":\"2023-01-28T12:04:00+00:00\",\"dateModified\":\"2025-05-22T11:36:50+00:00\",\"mainEntityOfPage\":{\"@id\":\"https:\\\/\\\/www.webdo.tn\\\/fr\\\/actualite\\\/national-45\\\/emprunt-obligataire-demarrage-des-souscriptions-a-la-premiere-tranche-pour-mobiliser-700-md\\\/202338\\\/\"},\"wordCount\":347,\"commentCount\":0,\"publisher\":{\"@id\":\"https:\\\/\\\/www.webdo.tn\\\/fr\\\/#organization\"},\"image\":{\"@id\":\"https:\\\/\\\/www.webdo.tn\\\/fr\\\/actualite\\\/national-45\\\/emprunt-obligataire-demarrage-des-souscriptions-a-la-premiere-tranche-pour-mobiliser-700-md\\\/202338\\\/#primaryimage\"},\"thumbnailUrl\":\"https:\\\/\\\/www.webdo.tn\\\/fr\\\/wp-content\\\/uploads\\\/2023\\\/01\\\/01c7d48f67a78fd4a3a349ed2e5ada25.jpg\",\"keywords\":[\"emprunt obligataire\"],\"articleSection\":[\"National\"],\"inLanguage\":\"fr-FR\"},{\"@type\":\"WebPage\",\"@id\":\"https:\\\/\\\/www.webdo.tn\\\/fr\\\/actualite\\\/national-45\\\/emprunt-obligataire-demarrage-des-souscriptions-a-la-premiere-tranche-pour-mobiliser-700-md\\\/202338\\\/\",\"url\":\"https:\\\/\\\/www.webdo.tn\\\/fr\\\/actualite\\\/national-45\\\/emprunt-obligataire-demarrage-des-souscriptions-a-la-premiere-tranche-pour-mobiliser-700-md\\\/202338\\\/\",\"name\":\"Emprunt obligataire : D\u00e9marrage des souscriptions \u00e0 la premi\u00e8re tranche pour mobiliser 700 MD\",\"isPartOf\":{\"@id\":\"https:\\\/\\\/www.webdo.tn\\\/fr\\\/#website\"},\"primaryImageOfPage\":{\"@id\":\"https:\\\/\\\/www.webdo.tn\\\/fr\\\/actualite\\\/national-45\\\/emprunt-obligataire-demarrage-des-souscriptions-a-la-premiere-tranche-pour-mobiliser-700-md\\\/202338\\\/#primaryimage\"},\"image\":{\"@id\":\"https:\\\/\\\/www.webdo.tn\\\/fr\\\/actualite\\\/national-45\\\/emprunt-obligataire-demarrage-des-souscriptions-a-la-premiere-tranche-pour-mobiliser-700-md\\\/202338\\\/#primaryimage\"},\"thumbnailUrl\":\"https:\\\/\\\/www.webdo.tn\\\/fr\\\/wp-content\\\/uploads\\\/2023\\\/01\\\/01c7d48f67a78fd4a3a349ed2e5ada25.jpg\",\"datePublished\":\"2023-01-28T12:04:00+00:00\",\"dateModified\":\"2025-05-22T11:36:50+00:00\",\"description\":\"Les souscriptions \u00e0 la premi\u00e8re tranche de l'emprunt obligataire national 2023, dont le montant est fix\u00e9 \u00e0 700 millions de dinars d\u00e9buteront le 6 f\u00e9vriers proch...\",\"breadcrumb\":{\"@id\":\"https:\\\/\\\/www.webdo.tn\\\/fr\\\/actualite\\\/national-45\\\/emprunt-obligataire-demarrage-des-souscriptions-a-la-premiere-tranche-pour-mobiliser-700-md\\\/202338\\\/#breadcrumb\"},\"inLanguage\":\"fr-FR\",\"potentialAction\":[{\"@type\":\"ReadAction\",\"target\":[\"https:\\\/\\\/www.webdo.tn\\\/fr\\\/actualite\\\/national-45\\\/emprunt-obligataire-demarrage-des-souscriptions-a-la-premiere-tranche-pour-mobiliser-700-md\\\/202338\\\/\"]}]},{\"@type\":\"ImageObject\",\"inLanguage\":\"fr-FR\",\"@id\":\"https:\\\/\\\/www.webdo.tn\\\/fr\\\/actualite\\\/national-45\\\/emprunt-obligataire-demarrage-des-souscriptions-a-la-premiere-tranche-pour-mobiliser-700-md\\\/202338\\\/#primaryimage\",\"url\":\"https:\\\/\\\/www.webdo.tn\\\/fr\\\/wp-content\\\/uploads\\\/2023\\\/01\\\/01c7d48f67a78fd4a3a349ed2e5ada25.jpg\",\"contentUrl\":\"https:\\\/\\\/www.webdo.tn\\\/fr\\\/wp-content\\\/uploads\\\/2023\\\/01\\\/01c7d48f67a78fd4a3a349ed2e5ada25.jpg\",\"width\":750,\"height\":400,\"caption\":\"Emprunt obligataire : D\u00e9marrage des souscriptions \u00e0 la premi\u00e8re tranche pour mobiliser 700 MD\"},{\"@type\":\"BreadcrumbList\",\"@id\":\"https:\\\/\\\/www.webdo.tn\\\/fr\\\/actualite\\\/national-45\\\/emprunt-obligataire-demarrage-des-souscriptions-a-la-premiere-tranche-pour-mobiliser-700-md\\\/202338\\\/#breadcrumb\",\"itemListElement\":[{\"@type\":\"ListItem\",\"position\":1,\"name\":\"Accueil\",\"item\":\"https:\\\/\\\/www.webdo.tn\\\/fr\\\/\"},{\"@type\":\"ListItem\",\"position\":2,\"name\":\"Emprunt obligataire : D\u00e9marrage des souscriptions \u00e0 la premi\u00e8re tranche pour mobiliser 700 MD\"}]},{\"@type\":\"WebSite\",\"@id\":\"https:\\\/\\\/www.webdo.tn\\\/fr\\\/#website\",\"url\":\"https:\\\/\\\/www.webdo.tn\\\/fr\\\/\",\"name\":\"webdo\",\"description\":\"Tunisie - News en Tunisie et \u00e0 l&#039;international sur Webdo.tn\",\"publisher\":{\"@id\":\"https:\\\/\\\/www.webdo.tn\\\/fr\\\/#organization\"},\"potentialAction\":[{\"@type\":\"SearchAction\",\"target\":{\"@type\":\"EntryPoint\",\"urlTemplate\":\"https:\\\/\\\/www.webdo.tn\\\/fr\\\/?s={search_term_string}\"},\"query-input\":{\"@type\":\"PropertyValueSpecification\",\"valueRequired\":true,\"valueName\":\"search_term_string\"}}],\"inLanguage\":\"fr-FR\"},{\"@type\":\"Organization\",\"@id\":\"https:\\\/\\\/www.webdo.tn\\\/fr\\\/#organization\",\"name\":\"Webdo\",\"alternateName\":\"Webdo.tn\",\"url\":\"https:\\\/\\\/www.webdo.tn\\\/fr\\\/\",\"logo\":{\"@type\":\"ImageObject\",\"inLanguage\":\"fr-FR\",\"@id\":\"https:\\\/\\\/www.webdo.tn\\\/fr\\\/#\\\/schema\\\/logo\\\/image\\\/\",\"url\":\"https:\\\/\\\/www.webdo.tn\\\/fr\\\/wp-content\\\/uploads\\\/2025\\\/06\\\/Webdo-Tunisie_168377.jpg\",\"contentUrl\":\"https:\\\/\\\/www.webdo.tn\\\/fr\\\/wp-content\\\/uploads\\\/2025\\\/06\\\/Webdo-Tunisie_168377.jpg\",\"width\":301,\"height\":301,\"caption\":\"Webdo\"},\"image\":{\"@id\":\"https:\\\/\\\/www.webdo.tn\\\/fr\\\/#\\\/schema\\\/logo\\\/image\\\/\"},\"sameAs\":[\"https:\\\/\\\/www.facebook.com\\\/webdotn\",\"https:\\\/\\\/x.com\\\/webdo_tn\"],\"description\":\"Webdo est un m\u00e9dia num\u00e9rique tunisien fond\u00e9 en 2010, sp\u00e9cialis\u00e9 dans l\u2019actualit\u00e9 nationale et internationale, l\u2019\u00e9conomie, la soci\u00e9t\u00e9 et les analyses politiques. Le site s\u2019adresse \u00e0 un large public francophone et couvre l\u2019information tunisienne en temps r\u00e9el.\",\"email\":\"redac@webdo.tn\",\"legalName\":\"YNJ SARL\",\"foundingDate\":\"2010-09-06\",\"numberOfEmployees\":{\"@type\":\"QuantitativeValue\",\"minValue\":\"11\",\"maxValue\":\"50\"}},{\"@type\":\"Person\",\"@id\":\"https:\\\/\\\/www.webdo.tn\\\/fr\\\/#\\\/schema\\\/person\\\/2c4929cbf5a809e3bd38617c6ce150f6\",\"name\":\"MC\",\"image\":{\"@type\":\"ImageObject\",\"inLanguage\":\"fr-FR\",\"@id\":\"https:\\\/\\\/secure.gravatar.com\\\/avatar\\\/a545bbb6f84efdd5553dbbc2895e3ca8f1d12c5215e00a041c9670b54aa9b18a?s=96&d=mm&r=g\",\"url\":\"https:\\\/\\\/secure.gravatar.com\\\/avatar\\\/a545bbb6f84efdd5553dbbc2895e3ca8f1d12c5215e00a041c9670b54aa9b18a?s=96&d=mm&r=g\",\"contentUrl\":\"https:\\\/\\\/secure.gravatar.com\\\/avatar\\\/a545bbb6f84efdd5553dbbc2895e3ca8f1d12c5215e00a041c9670b54aa9b18a?s=96&d=mm&r=g\",\"caption\":\"MC\"},\"url\":\"https:\\\/\\\/www.webdo.tn\\\/fr\\\/actualite\\\/author\\\/mc\\\/\"}]}<\/script>\n<!-- \/ Yoast SEO Premium plugin. -->","yoast_head_json":{"title":"Emprunt obligataire : D\u00e9marrage des souscriptions \u00e0 la premi\u00e8re tranche pour mobiliser 700 MD","description":"Les souscriptions \u00e0 la premi\u00e8re tranche de l'emprunt obligataire national 2023, dont le montant est fix\u00e9 \u00e0 700 millions de dinars d\u00e9buteront le 6 f\u00e9vriers proch...","canonical":"https:\/\/www.webdo.tn\/fr\/actualite\/national-45\/emprunt-obligataire-demarrage-des-souscriptions-a-la-premiere-tranche-pour-mobiliser-700-md\/202338\/","og_locale":"fr_FR","og_type":"article","og_title":"Emprunt obligataire : D\u00e9marrage des souscriptions \u00e0 la premi\u00e8re tranche pour mobiliser 700 MD","og_description":"Les souscriptions \u00e0 la premi\u00e8re tranche de l'emprunt obligataire national 2023, dont le montant est fix\u00e9 \u00e0 700 millions de dinars d\u00e9buteront le 6 f\u00e9vriers proch...","og_url":"https:\/\/www.webdo.tn\/fr\/actualite\/national-45\/emprunt-obligataire-demarrage-des-souscriptions-a-la-premiere-tranche-pour-mobiliser-700-md\/202338\/","og_site_name":"webdo","article_publisher":"https:\/\/www.facebook.com\/webdotn","article_published_time":"2023-01-28T12:04:00+00:00","article_modified_time":"2025-05-22T11:36:50+00:00","og_image":[{"width":750,"height":400,"url":"https:\/\/www.webdo.tn\/fr\/wp-content\/uploads\/2023\/01\/01c7d48f67a78fd4a3a349ed2e5ada25.jpg","type":"image\/jpeg"}],"author":"MC","twitter_card":"summary_large_image","twitter_creator":"@webdo_tn","twitter_site":"@webdo_tn","twitter_misc":{"\u00c9crit par":"MC","Dur\u00e9e de lecture estim\u00e9e":"2 minutes"},"schema":{"@context":"https:\/\/schema.org","@graph":[{"@type":"NewsArticle","@id":"https:\/\/www.webdo.tn\/fr\/actualite\/national-45\/emprunt-obligataire-demarrage-des-souscriptions-a-la-premiere-tranche-pour-mobiliser-700-md\/202338\/#article","isPartOf":{"@id":"https:\/\/www.webdo.tn\/fr\/actualite\/national-45\/emprunt-obligataire-demarrage-des-souscriptions-a-la-premiere-tranche-pour-mobiliser-700-md\/202338\/"},"author":{"name":"MC","@id":"https:\/\/www.webdo.tn\/fr\/#\/schema\/person\/2c4929cbf5a809e3bd38617c6ce150f6"},"headline":"Emprunt obligataire : D\u00e9marrage des souscriptions \u00e0 la premi\u00e8re tranche pour mobiliser 700 MD","datePublished":"2023-01-28T12:04:00+00:00","dateModified":"2025-05-22T11:36:50+00:00","mainEntityOfPage":{"@id":"https:\/\/www.webdo.tn\/fr\/actualite\/national-45\/emprunt-obligataire-demarrage-des-souscriptions-a-la-premiere-tranche-pour-mobiliser-700-md\/202338\/"},"wordCount":347,"commentCount":0,"publisher":{"@id":"https:\/\/www.webdo.tn\/fr\/#organization"},"image":{"@id":"https:\/\/www.webdo.tn\/fr\/actualite\/national-45\/emprunt-obligataire-demarrage-des-souscriptions-a-la-premiere-tranche-pour-mobiliser-700-md\/202338\/#primaryimage"},"thumbnailUrl":"https:\/\/www.webdo.tn\/fr\/wp-content\/uploads\/2023\/01\/01c7d48f67a78fd4a3a349ed2e5ada25.jpg","keywords":["emprunt obligataire"],"articleSection":["National"],"inLanguage":"fr-FR"},{"@type":"WebPage","@id":"https:\/\/www.webdo.tn\/fr\/actualite\/national-45\/emprunt-obligataire-demarrage-des-souscriptions-a-la-premiere-tranche-pour-mobiliser-700-md\/202338\/","url":"https:\/\/www.webdo.tn\/fr\/actualite\/national-45\/emprunt-obligataire-demarrage-des-souscriptions-a-la-premiere-tranche-pour-mobiliser-700-md\/202338\/","name":"Emprunt obligataire : D\u00e9marrage des souscriptions \u00e0 la premi\u00e8re tranche pour mobiliser 700 MD","isPartOf":{"@id":"https:\/\/www.webdo.tn\/fr\/#website"},"primaryImageOfPage":{"@id":"https:\/\/www.webdo.tn\/fr\/actualite\/national-45\/emprunt-obligataire-demarrage-des-souscriptions-a-la-premiere-tranche-pour-mobiliser-700-md\/202338\/#primaryimage"},"image":{"@id":"https:\/\/www.webdo.tn\/fr\/actualite\/national-45\/emprunt-obligataire-demarrage-des-souscriptions-a-la-premiere-tranche-pour-mobiliser-700-md\/202338\/#primaryimage"},"thumbnailUrl":"https:\/\/www.webdo.tn\/fr\/wp-content\/uploads\/2023\/01\/01c7d48f67a78fd4a3a349ed2e5ada25.jpg","datePublished":"2023-01-28T12:04:00+00:00","dateModified":"2025-05-22T11:36:50+00:00","description":"Les souscriptions \u00e0 la premi\u00e8re tranche de l'emprunt obligataire national 2023, dont le montant est fix\u00e9 \u00e0 700 millions de dinars d\u00e9buteront le 6 f\u00e9vriers proch...","breadcrumb":{"@id":"https:\/\/www.webdo.tn\/fr\/actualite\/national-45\/emprunt-obligataire-demarrage-des-souscriptions-a-la-premiere-tranche-pour-mobiliser-700-md\/202338\/#breadcrumb"},"inLanguage":"fr-FR","potentialAction":[{"@type":"ReadAction","target":["https:\/\/www.webdo.tn\/fr\/actualite\/national-45\/emprunt-obligataire-demarrage-des-souscriptions-a-la-premiere-tranche-pour-mobiliser-700-md\/202338\/"]}]},{"@type":"ImageObject","inLanguage":"fr-FR","@id":"https:\/\/www.webdo.tn\/fr\/actualite\/national-45\/emprunt-obligataire-demarrage-des-souscriptions-a-la-premiere-tranche-pour-mobiliser-700-md\/202338\/#primaryimage","url":"https:\/\/www.webdo.tn\/fr\/wp-content\/uploads\/2023\/01\/01c7d48f67a78fd4a3a349ed2e5ada25.jpg","contentUrl":"https:\/\/www.webdo.tn\/fr\/wp-content\/uploads\/2023\/01\/01c7d48f67a78fd4a3a349ed2e5ada25.jpg","width":750,"height":400,"caption":"Emprunt obligataire : D\u00e9marrage des souscriptions \u00e0 la premi\u00e8re tranche pour mobiliser 700 MD"},{"@type":"BreadcrumbList","@id":"https:\/\/www.webdo.tn\/fr\/actualite\/national-45\/emprunt-obligataire-demarrage-des-souscriptions-a-la-premiere-tranche-pour-mobiliser-700-md\/202338\/#breadcrumb","itemListElement":[{"@type":"ListItem","position":1,"name":"Accueil","item":"https:\/\/www.webdo.tn\/fr\/"},{"@type":"ListItem","position":2,"name":"Emprunt obligataire : D\u00e9marrage des souscriptions \u00e0 la premi\u00e8re tranche pour mobiliser 700 MD"}]},{"@type":"WebSite","@id":"https:\/\/www.webdo.tn\/fr\/#website","url":"https:\/\/www.webdo.tn\/fr\/","name":"webdo","description":"Tunisie - News en Tunisie et \u00e0 l&#039;international sur Webdo.tn","publisher":{"@id":"https:\/\/www.webdo.tn\/fr\/#organization"},"potentialAction":[{"@type":"SearchAction","target":{"@type":"EntryPoint","urlTemplate":"https:\/\/www.webdo.tn\/fr\/?s={search_term_string}"},"query-input":{"@type":"PropertyValueSpecification","valueRequired":true,"valueName":"search_term_string"}}],"inLanguage":"fr-FR"},{"@type":"Organization","@id":"https:\/\/www.webdo.tn\/fr\/#organization","name":"Webdo","alternateName":"Webdo.tn","url":"https:\/\/www.webdo.tn\/fr\/","logo":{"@type":"ImageObject","inLanguage":"fr-FR","@id":"https:\/\/www.webdo.tn\/fr\/#\/schema\/logo\/image\/","url":"https:\/\/www.webdo.tn\/fr\/wp-content\/uploads\/2025\/06\/Webdo-Tunisie_168377.jpg","contentUrl":"https:\/\/www.webdo.tn\/fr\/wp-content\/uploads\/2025\/06\/Webdo-Tunisie_168377.jpg","width":301,"height":301,"caption":"Webdo"},"image":{"@id":"https:\/\/www.webdo.tn\/fr\/#\/schema\/logo\/image\/"},"sameAs":["https:\/\/www.facebook.com\/webdotn","https:\/\/x.com\/webdo_tn"],"description":"Webdo est un m\u00e9dia num\u00e9rique tunisien fond\u00e9 en 2010, sp\u00e9cialis\u00e9 dans l\u2019actualit\u00e9 nationale et internationale, l\u2019\u00e9conomie, la soci\u00e9t\u00e9 et les analyses politiques. Le site s\u2019adresse \u00e0 un large public francophone et couvre l\u2019information tunisienne en temps r\u00e9el.","email":"redac@webdo.tn","legalName":"YNJ SARL","foundingDate":"2010-09-06","numberOfEmployees":{"@type":"QuantitativeValue","minValue":"11","maxValue":"50"}},{"@type":"Person","@id":"https:\/\/www.webdo.tn\/fr\/#\/schema\/person\/2c4929cbf5a809e3bd38617c6ce150f6","name":"MC","image":{"@type":"ImageObject","inLanguage":"fr-FR","@id":"https:\/\/secure.gravatar.com\/avatar\/a545bbb6f84efdd5553dbbc2895e3ca8f1d12c5215e00a041c9670b54aa9b18a?s=96&d=mm&r=g","url":"https:\/\/secure.gravatar.com\/avatar\/a545bbb6f84efdd5553dbbc2895e3ca8f1d12c5215e00a041c9670b54aa9b18a?s=96&d=mm&r=g","contentUrl":"https:\/\/secure.gravatar.com\/avatar\/a545bbb6f84efdd5553dbbc2895e3ca8f1d12c5215e00a041c9670b54aa9b18a?s=96&d=mm&r=g","caption":"MC"},"url":"https:\/\/www.webdo.tn\/fr\/actualite\/author\/mc\/"}]}},"_links":{"self":[{"href":"https:\/\/www.webdo.tn\/fr\/wp-json\/wp\/v2\/posts\/202338","targetHints":{"allow":["GET"]}}],"collection":[{"href":"https:\/\/www.webdo.tn\/fr\/wp-json\/wp\/v2\/posts"}],"about":[{"href":"https:\/\/www.webdo.tn\/fr\/wp-json\/wp\/v2\/types\/post"}],"author":[{"embeddable":true,"href":"https:\/\/www.webdo.tn\/fr\/wp-json\/wp\/v2\/users\/3162"}],"replies":[{"embeddable":true,"href":"https:\/\/www.webdo.tn\/fr\/wp-json\/wp\/v2\/comments?post=202338"}],"version-history":[{"count":0,"href":"https:\/\/www.webdo.tn\/fr\/wp-json\/wp\/v2\/posts\/202338\/revisions"}],"wp:featuredmedia":[{"embeddable":true,"href":"https:\/\/www.webdo.tn\/fr\/wp-json\/wp\/v2\/media\/348215"}],"wp:attachment":[{"href":"https:\/\/www.webdo.tn\/fr\/wp-json\/wp\/v2\/media?parent=202338"}],"wp:term":[{"taxonomy":"category","embeddable":true,"href":"https:\/\/www.webdo.tn\/fr\/wp-json\/wp\/v2\/categories?post=202338"},{"taxonomy":"post_tag","embeddable":true,"href":"https:\/\/www.webdo.tn\/fr\/wp-json\/wp\/v2\/tags?post=202338"}],"curies":[{"name":"wp","href":"https:\/\/api.w.org\/{rel}","templated":true}]}}