{"id":202319,"date":"2023-01-27T20:01:00","date_gmt":"2023-01-27T20:01:00","guid":{"rendered":"https:\/\/www.webdo.tn\/fr\/blog\/al-quds-au-moins-sept-israeliens-tues-dans-une-fusillade\/202319\/"},"modified":"2025-05-20T22:45:49","modified_gmt":"2025-05-20T22:45:49","slug":"al-quds-au-moins-sept-israeliens-tues-dans-une-fusillade","status":"publish","type":"post","link":"https:\/\/www.webdo.tn\/fr\/actualite\/international\/al-quds-au-moins-sept-israeliens-tues-dans-une-fusillade\/202319\/","title":{"rendered":"Al-Quds : Au moins sept Isra\u00e9liens tu\u00e9s dans une fusillade"},"content":{"rendered":"<p>Une fusillade dans un quartier d\u2019Al-Quds peupl\u00e9 de colons juifs a fait au moins sept morts et plusieurs bless\u00e9s, certains dans un \u00e9tat \u00ab\u00a0grave\u00a0\u00bb.<\/p>\n<p>\t\t\t\t\t\t\t\t\tSelon les services d&rsquo;intervention d&rsquo;urgence l&rsquo;assaillant avait \u00e9t\u00e9 \u00ab\u00a0neutralis\u00e9\u00a0\u00bb. \u00ab\u00a0Plusieurs bless\u00e9s apr\u00e8s une fusillade dans le quartier de Neve Yaakov \u00e0 J\u00e9rusalem\u00a0\u00bb-Est, sous occupation isra\u00e9lienne, ont-ils dit dans un communiqu\u00e9:<\/p>\n<p>\u00ab\u00a0Dix bless\u00e9s sur place, certains dans un \u00e9tat \u00ab\u00a0grave\u00a0\u00bb. Le terroriste a \u00e9t\u00e9 neutralis\u00e9.\u00a0\u00bb<\/p>\n<p>\u00a0<\/p>\n<p>Selon un officier sup\u00e9rieur de la police,\u00a0deux\u00a0des forces de s\u00e9curit\u00e9 font parmi les personnes tu\u00e9es.<\/p>\n","protected":false},"excerpt":{"rendered":"<p>Une fusillade dans un quartier d\u2019Al-Quds peupl\u00e9 de colons juifs a fait au moins sept morts et plusieurs bless\u00e9s, certains dans un \u00e9tat  grave .<\/p>\n","protected":false},"author":3175,"featured_media":252392,"comment_status":"open","ping_status":"closed","sticky":false,"template":"","format":"standard","meta":{"footnotes":""},"categories":[2598],"tags":[4147,2636,2688],"class_list":["post-202319","post","type-post","status-publish","format-standard","has-post-thumbnail","hentry","category-international","tag-fusillade","tag-israel","tag-palestine"],"yoast_head":"<!-- This site is optimized with the Yoast SEO Premium plugin v27.5 (Yoast SEO v27.5) - https:\/\/yoast.com\/product\/yoast-seo-premium-wordpress\/ -->\n<title>Al-Quds : Au moins sept Isra\u00e9liens tu\u00e9s dans une fusillade<\/title>\n<meta name=\"description\" content=\"Une fusillade dans un quartier d\u2019Al-Quds peupl\u00e9 de colons juifs a fait au moins sept morts et plusieurs bless\u00e9s, certains dans un \u00e9tat grave .\" \/>\n<link rel=\"canonical\" href=\"https:\/\/www.webdo.tn\/fr\/actualite\/international\/al-quds-au-moins-sept-israeliens-tues-dans-une-fusillade\/202319\/\" \/>\n<meta property=\"og:locale\" content=\"fr_FR\" \/>\n<meta property=\"og:type\" content=\"article\" \/>\n<meta property=\"og:title\" content=\"Al-Quds : Au moins sept Isra\u00e9liens tu\u00e9s dans une fusillade\" \/>\n<meta property=\"og:description\" content=\"Une fusillade dans un quartier d\u2019Al-Quds peupl\u00e9 de colons juifs a fait au moins sept morts et plusieurs bless\u00e9s, certains dans un \u00e9tat grave .\" \/>\n<meta property=\"og:url\" content=\"https:\/\/www.webdo.tn\/fr\/actualite\/international\/al-quds-au-moins-sept-israeliens-tues-dans-une-fusillade\/202319\/\" \/>\n<meta property=\"og:site_name\" content=\"webdo\" \/>\n<meta property=\"article:publisher\" content=\"https:\/\/www.facebook.com\/webdotn\" \/>\n<meta property=\"article:published_time\" content=\"2023-01-27T20:01:00+00:00\" \/>\n<meta property=\"article:modified_time\" content=\"2025-05-20T22:45:49+00:00\" \/>\n<meta property=\"og:image\" content=\"https:\/\/www.webdo.tn\/fr\/wp-content\/uploads\/2023\/01\/702043d915c43149cd825db7913ee0b8.png\" \/>\n\t<meta property=\"og:image:width\" content=\"750\" \/>\n\t<meta property=\"og:image:height\" content=\"400\" \/>\n\t<meta property=\"og:image:type\" content=\"image\/png\" \/>\n<meta name=\"author\" content=\"CL\" \/>\n<meta name=\"twitter:card\" content=\"summary_large_image\" \/>\n<meta name=\"twitter:creator\" content=\"@webdo_tn\" \/>\n<meta name=\"twitter:site\" content=\"@webdo_tn\" \/>\n<meta name=\"twitter:label1\" content=\"\u00c9crit par\" \/>\n\t<meta name=\"twitter:data1\" content=\"CL\" \/>\n<script type=\"application\/ld+json\" class=\"yoast-schema-graph\">{\"@context\":\"https:\\\/\\\/schema.org\",\"@graph\":[{\"@type\":\"NewsArticle\",\"@id\":\"https:\\\/\\\/www.webdo.tn\\\/fr\\\/actualite\\\/international\\\/al-quds-au-moins-sept-israeliens-tues-dans-une-fusillade\\\/202319\\\/#article\",\"isPartOf\":{\"@id\":\"https:\\\/\\\/www.webdo.tn\\\/fr\\\/actualite\\\/international\\\/al-quds-au-moins-sept-israeliens-tues-dans-une-fusillade\\\/202319\\\/\"},\"author\":{\"name\":\"CL\",\"@id\":\"https:\\\/\\\/www.webdo.tn\\\/fr\\\/#\\\/schema\\\/person\\\/f35b42a42c5e2511bbd282959d6385cc\"},\"headline\":\"Al-Quds : Au moins sept Isra\u00e9liens tu\u00e9s dans une fusillade\",\"datePublished\":\"2023-01-27T20:01:00+00:00\",\"dateModified\":\"2025-05-20T22:45:49+00:00\",\"mainEntityOfPage\":{\"@id\":\"https:\\\/\\\/www.webdo.tn\\\/fr\\\/actualite\\\/international\\\/al-quds-au-moins-sept-israeliens-tues-dans-une-fusillade\\\/202319\\\/\"},\"wordCount\":109,\"commentCount\":0,\"publisher\":{\"@id\":\"https:\\\/\\\/www.webdo.tn\\\/fr\\\/#organization\"},\"image\":{\"@id\":\"https:\\\/\\\/www.webdo.tn\\\/fr\\\/actualite\\\/international\\\/al-quds-au-moins-sept-israeliens-tues-dans-une-fusillade\\\/202319\\\/#primaryimage\"},\"thumbnailUrl\":\"https:\\\/\\\/www.webdo.tn\\\/fr\\\/wp-content\\\/uploads\\\/2023\\\/01\\\/702043d915c43149cd825db7913ee0b8.png\",\"keywords\":[\"fusillade\",\"isra\u00ebl\",\"Palestine\"],\"articleSection\":[\"International\"],\"inLanguage\":\"fr-FR\"},{\"@type\":\"WebPage\",\"@id\":\"https:\\\/\\\/www.webdo.tn\\\/fr\\\/actualite\\\/international\\\/al-quds-au-moins-sept-israeliens-tues-dans-une-fusillade\\\/202319\\\/\",\"url\":\"https:\\\/\\\/www.webdo.tn\\\/fr\\\/actualite\\\/international\\\/al-quds-au-moins-sept-israeliens-tues-dans-une-fusillade\\\/202319\\\/\",\"name\":\"Al-Quds : Au moins sept Isra\u00e9liens tu\u00e9s dans une fusillade\",\"isPartOf\":{\"@id\":\"https:\\\/\\\/www.webdo.tn\\\/fr\\\/#website\"},\"primaryImageOfPage\":{\"@id\":\"https:\\\/\\\/www.webdo.tn\\\/fr\\\/actualite\\\/international\\\/al-quds-au-moins-sept-israeliens-tues-dans-une-fusillade\\\/202319\\\/#primaryimage\"},\"image\":{\"@id\":\"https:\\\/\\\/www.webdo.tn\\\/fr\\\/actualite\\\/international\\\/al-quds-au-moins-sept-israeliens-tues-dans-une-fusillade\\\/202319\\\/#primaryimage\"},\"thumbnailUrl\":\"https:\\\/\\\/www.webdo.tn\\\/fr\\\/wp-content\\\/uploads\\\/2023\\\/01\\\/702043d915c43149cd825db7913ee0b8.png\",\"datePublished\":\"2023-01-27T20:01:00+00:00\",\"dateModified\":\"2025-05-20T22:45:49+00:00\",\"description\":\"Une fusillade dans un quartier d\u2019Al-Quds peupl\u00e9 de colons juifs a fait au moins sept morts et plusieurs bless\u00e9s, certains dans un \u00e9tat grave .\",\"breadcrumb\":{\"@id\":\"https:\\\/\\\/www.webdo.tn\\\/fr\\\/actualite\\\/international\\\/al-quds-au-moins-sept-israeliens-tues-dans-une-fusillade\\\/202319\\\/#breadcrumb\"},\"inLanguage\":\"fr-FR\",\"potentialAction\":[{\"@type\":\"ReadAction\",\"target\":[\"https:\\\/\\\/www.webdo.tn\\\/fr\\\/actualite\\\/international\\\/al-quds-au-moins-sept-israeliens-tues-dans-une-fusillade\\\/202319\\\/\"]}]},{\"@type\":\"ImageObject\",\"inLanguage\":\"fr-FR\",\"@id\":\"https:\\\/\\\/www.webdo.tn\\\/fr\\\/actualite\\\/international\\\/al-quds-au-moins-sept-israeliens-tues-dans-une-fusillade\\\/202319\\\/#primaryimage\",\"url\":\"https:\\\/\\\/www.webdo.tn\\\/fr\\\/wp-content\\\/uploads\\\/2023\\\/01\\\/702043d915c43149cd825db7913ee0b8.png\",\"contentUrl\":\"https:\\\/\\\/www.webdo.tn\\\/fr\\\/wp-content\\\/uploads\\\/2023\\\/01\\\/702043d915c43149cd825db7913ee0b8.png\",\"width\":750,\"height\":400,\"caption\":\"Fusillade\"},{\"@type\":\"BreadcrumbList\",\"@id\":\"https:\\\/\\\/www.webdo.tn\\\/fr\\\/actualite\\\/international\\\/al-quds-au-moins-sept-israeliens-tues-dans-une-fusillade\\\/202319\\\/#breadcrumb\",\"itemListElement\":[{\"@type\":\"ListItem\",\"position\":1,\"name\":\"Accueil\",\"item\":\"https:\\\/\\\/www.webdo.tn\\\/fr\\\/\"},{\"@type\":\"ListItem\",\"position\":2,\"name\":\"Al-Quds : Au moins sept Isra\u00e9liens tu\u00e9s dans une fusillade\"}]},{\"@type\":\"WebSite\",\"@id\":\"https:\\\/\\\/www.webdo.tn\\\/fr\\\/#website\",\"url\":\"https:\\\/\\\/www.webdo.tn\\\/fr\\\/\",\"name\":\"webdo\",\"description\":\"Tunisie - News en Tunisie et \u00e0 l&#039;international sur Webdo.tn\",\"publisher\":{\"@id\":\"https:\\\/\\\/www.webdo.tn\\\/fr\\\/#organization\"},\"potentialAction\":[{\"@type\":\"SearchAction\",\"target\":{\"@type\":\"EntryPoint\",\"urlTemplate\":\"https:\\\/\\\/www.webdo.tn\\\/fr\\\/?s={search_term_string}\"},\"query-input\":{\"@type\":\"PropertyValueSpecification\",\"valueRequired\":true,\"valueName\":\"search_term_string\"}}],\"inLanguage\":\"fr-FR\"},{\"@type\":\"Organization\",\"@id\":\"https:\\\/\\\/www.webdo.tn\\\/fr\\\/#organization\",\"name\":\"Webdo\",\"alternateName\":\"Webdo.tn\",\"url\":\"https:\\\/\\\/www.webdo.tn\\\/fr\\\/\",\"logo\":{\"@type\":\"ImageObject\",\"inLanguage\":\"fr-FR\",\"@id\":\"https:\\\/\\\/www.webdo.tn\\\/fr\\\/#\\\/schema\\\/logo\\\/image\\\/\",\"url\":\"https:\\\/\\\/www.webdo.tn\\\/fr\\\/wp-content\\\/uploads\\\/2025\\\/06\\\/Webdo-Tunisie_168377.jpg\",\"contentUrl\":\"https:\\\/\\\/www.webdo.tn\\\/fr\\\/wp-content\\\/uploads\\\/2025\\\/06\\\/Webdo-Tunisie_168377.jpg\",\"width\":301,\"height\":301,\"caption\":\"Webdo\"},\"image\":{\"@id\":\"https:\\\/\\\/www.webdo.tn\\\/fr\\\/#\\\/schema\\\/logo\\\/image\\\/\"},\"sameAs\":[\"https:\\\/\\\/www.facebook.com\\\/webdotn\",\"https:\\\/\\\/x.com\\\/webdo_tn\"],\"description\":\"Webdo est un m\u00e9dia num\u00e9rique tunisien fond\u00e9 en 2010, sp\u00e9cialis\u00e9 dans l\u2019actualit\u00e9 nationale et internationale, l\u2019\u00e9conomie, la soci\u00e9t\u00e9 et les analyses politiques. Le site s\u2019adresse \u00e0 un large public francophone et couvre l\u2019information tunisienne en temps r\u00e9el.\",\"email\":\"redac@webdo.tn\",\"legalName\":\"YNJ SARL\",\"foundingDate\":\"2010-09-06\",\"numberOfEmployees\":{\"@type\":\"QuantitativeValue\",\"minValue\":\"11\",\"maxValue\":\"50\"}},{\"@type\":\"Person\",\"@id\":\"https:\\\/\\\/www.webdo.tn\\\/fr\\\/#\\\/schema\\\/person\\\/f35b42a42c5e2511bbd282959d6385cc\",\"name\":\"CL\",\"image\":{\"@type\":\"ImageObject\",\"inLanguage\":\"fr-FR\",\"@id\":\"https:\\\/\\\/secure.gravatar.com\\\/avatar\\\/1447a49909b67aa657c488aec6512e1dd6143a480c1ecfee9b5b5cd74eb3b59e?s=96&d=mm&r=g\",\"url\":\"https:\\\/\\\/secure.gravatar.com\\\/avatar\\\/1447a49909b67aa657c488aec6512e1dd6143a480c1ecfee9b5b5cd74eb3b59e?s=96&d=mm&r=g\",\"contentUrl\":\"https:\\\/\\\/secure.gravatar.com\\\/avatar\\\/1447a49909b67aa657c488aec6512e1dd6143a480c1ecfee9b5b5cd74eb3b59e?s=96&d=mm&r=g\",\"caption\":\"CL\"},\"url\":\"https:\\\/\\\/www.webdo.tn\\\/fr\\\/actualite\\\/author\\\/cl\\\/\"}]}<\/script>\n<!-- \/ Yoast SEO Premium plugin. -->","yoast_head_json":{"title":"Al-Quds : Au moins sept Isra\u00e9liens tu\u00e9s dans une fusillade","description":"Une fusillade dans un quartier d\u2019Al-Quds peupl\u00e9 de colons juifs a fait au moins sept morts et plusieurs bless\u00e9s, certains dans un \u00e9tat grave .","canonical":"https:\/\/www.webdo.tn\/fr\/actualite\/international\/al-quds-au-moins-sept-israeliens-tues-dans-une-fusillade\/202319\/","og_locale":"fr_FR","og_type":"article","og_title":"Al-Quds : Au moins sept Isra\u00e9liens tu\u00e9s dans une fusillade","og_description":"Une fusillade dans un quartier d\u2019Al-Quds peupl\u00e9 de colons juifs a fait au moins sept morts et plusieurs bless\u00e9s, certains dans un \u00e9tat grave .","og_url":"https:\/\/www.webdo.tn\/fr\/actualite\/international\/al-quds-au-moins-sept-israeliens-tues-dans-une-fusillade\/202319\/","og_site_name":"webdo","article_publisher":"https:\/\/www.facebook.com\/webdotn","article_published_time":"2023-01-27T20:01:00+00:00","article_modified_time":"2025-05-20T22:45:49+00:00","og_image":[{"width":750,"height":400,"url":"https:\/\/www.webdo.tn\/fr\/wp-content\/uploads\/2023\/01\/702043d915c43149cd825db7913ee0b8.png","type":"image\/png"}],"author":"CL","twitter_card":"summary_large_image","twitter_creator":"@webdo_tn","twitter_site":"@webdo_tn","twitter_misc":{"\u00c9crit par":"CL"},"schema":{"@context":"https:\/\/schema.org","@graph":[{"@type":"NewsArticle","@id":"https:\/\/www.webdo.tn\/fr\/actualite\/international\/al-quds-au-moins-sept-israeliens-tues-dans-une-fusillade\/202319\/#article","isPartOf":{"@id":"https:\/\/www.webdo.tn\/fr\/actualite\/international\/al-quds-au-moins-sept-israeliens-tues-dans-une-fusillade\/202319\/"},"author":{"name":"CL","@id":"https:\/\/www.webdo.tn\/fr\/#\/schema\/person\/f35b42a42c5e2511bbd282959d6385cc"},"headline":"Al-Quds : Au moins sept Isra\u00e9liens tu\u00e9s dans une fusillade","datePublished":"2023-01-27T20:01:00+00:00","dateModified":"2025-05-20T22:45:49+00:00","mainEntityOfPage":{"@id":"https:\/\/www.webdo.tn\/fr\/actualite\/international\/al-quds-au-moins-sept-israeliens-tues-dans-une-fusillade\/202319\/"},"wordCount":109,"commentCount":0,"publisher":{"@id":"https:\/\/www.webdo.tn\/fr\/#organization"},"image":{"@id":"https:\/\/www.webdo.tn\/fr\/actualite\/international\/al-quds-au-moins-sept-israeliens-tues-dans-une-fusillade\/202319\/#primaryimage"},"thumbnailUrl":"https:\/\/www.webdo.tn\/fr\/wp-content\/uploads\/2023\/01\/702043d915c43149cd825db7913ee0b8.png","keywords":["fusillade","isra\u00ebl","Palestine"],"articleSection":["International"],"inLanguage":"fr-FR"},{"@type":"WebPage","@id":"https:\/\/www.webdo.tn\/fr\/actualite\/international\/al-quds-au-moins-sept-israeliens-tues-dans-une-fusillade\/202319\/","url":"https:\/\/www.webdo.tn\/fr\/actualite\/international\/al-quds-au-moins-sept-israeliens-tues-dans-une-fusillade\/202319\/","name":"Al-Quds : Au moins sept Isra\u00e9liens tu\u00e9s dans une fusillade","isPartOf":{"@id":"https:\/\/www.webdo.tn\/fr\/#website"},"primaryImageOfPage":{"@id":"https:\/\/www.webdo.tn\/fr\/actualite\/international\/al-quds-au-moins-sept-israeliens-tues-dans-une-fusillade\/202319\/#primaryimage"},"image":{"@id":"https:\/\/www.webdo.tn\/fr\/actualite\/international\/al-quds-au-moins-sept-israeliens-tues-dans-une-fusillade\/202319\/#primaryimage"},"thumbnailUrl":"https:\/\/www.webdo.tn\/fr\/wp-content\/uploads\/2023\/01\/702043d915c43149cd825db7913ee0b8.png","datePublished":"2023-01-27T20:01:00+00:00","dateModified":"2025-05-20T22:45:49+00:00","description":"Une fusillade dans un quartier d\u2019Al-Quds peupl\u00e9 de colons juifs a fait au moins sept morts et plusieurs bless\u00e9s, certains dans un \u00e9tat grave .","breadcrumb":{"@id":"https:\/\/www.webdo.tn\/fr\/actualite\/international\/al-quds-au-moins-sept-israeliens-tues-dans-une-fusillade\/202319\/#breadcrumb"},"inLanguage":"fr-FR","potentialAction":[{"@type":"ReadAction","target":["https:\/\/www.webdo.tn\/fr\/actualite\/international\/al-quds-au-moins-sept-israeliens-tues-dans-une-fusillade\/202319\/"]}]},{"@type":"ImageObject","inLanguage":"fr-FR","@id":"https:\/\/www.webdo.tn\/fr\/actualite\/international\/al-quds-au-moins-sept-israeliens-tues-dans-une-fusillade\/202319\/#primaryimage","url":"https:\/\/www.webdo.tn\/fr\/wp-content\/uploads\/2023\/01\/702043d915c43149cd825db7913ee0b8.png","contentUrl":"https:\/\/www.webdo.tn\/fr\/wp-content\/uploads\/2023\/01\/702043d915c43149cd825db7913ee0b8.png","width":750,"height":400,"caption":"Fusillade"},{"@type":"BreadcrumbList","@id":"https:\/\/www.webdo.tn\/fr\/actualite\/international\/al-quds-au-moins-sept-israeliens-tues-dans-une-fusillade\/202319\/#breadcrumb","itemListElement":[{"@type":"ListItem","position":1,"name":"Accueil","item":"https:\/\/www.webdo.tn\/fr\/"},{"@type":"ListItem","position":2,"name":"Al-Quds : Au moins sept Isra\u00e9liens tu\u00e9s dans une fusillade"}]},{"@type":"WebSite","@id":"https:\/\/www.webdo.tn\/fr\/#website","url":"https:\/\/www.webdo.tn\/fr\/","name":"webdo","description":"Tunisie - News en Tunisie et \u00e0 l&#039;international sur Webdo.tn","publisher":{"@id":"https:\/\/www.webdo.tn\/fr\/#organization"},"potentialAction":[{"@type":"SearchAction","target":{"@type":"EntryPoint","urlTemplate":"https:\/\/www.webdo.tn\/fr\/?s={search_term_string}"},"query-input":{"@type":"PropertyValueSpecification","valueRequired":true,"valueName":"search_term_string"}}],"inLanguage":"fr-FR"},{"@type":"Organization","@id":"https:\/\/www.webdo.tn\/fr\/#organization","name":"Webdo","alternateName":"Webdo.tn","url":"https:\/\/www.webdo.tn\/fr\/","logo":{"@type":"ImageObject","inLanguage":"fr-FR","@id":"https:\/\/www.webdo.tn\/fr\/#\/schema\/logo\/image\/","url":"https:\/\/www.webdo.tn\/fr\/wp-content\/uploads\/2025\/06\/Webdo-Tunisie_168377.jpg","contentUrl":"https:\/\/www.webdo.tn\/fr\/wp-content\/uploads\/2025\/06\/Webdo-Tunisie_168377.jpg","width":301,"height":301,"caption":"Webdo"},"image":{"@id":"https:\/\/www.webdo.tn\/fr\/#\/schema\/logo\/image\/"},"sameAs":["https:\/\/www.facebook.com\/webdotn","https:\/\/x.com\/webdo_tn"],"description":"Webdo est un m\u00e9dia num\u00e9rique tunisien fond\u00e9 en 2010, sp\u00e9cialis\u00e9 dans l\u2019actualit\u00e9 nationale et internationale, l\u2019\u00e9conomie, la soci\u00e9t\u00e9 et les analyses politiques. Le site s\u2019adresse \u00e0 un large public francophone et couvre l\u2019information tunisienne en temps r\u00e9el.","email":"redac@webdo.tn","legalName":"YNJ SARL","foundingDate":"2010-09-06","numberOfEmployees":{"@type":"QuantitativeValue","minValue":"11","maxValue":"50"}},{"@type":"Person","@id":"https:\/\/www.webdo.tn\/fr\/#\/schema\/person\/f35b42a42c5e2511bbd282959d6385cc","name":"CL","image":{"@type":"ImageObject","inLanguage":"fr-FR","@id":"https:\/\/secure.gravatar.com\/avatar\/1447a49909b67aa657c488aec6512e1dd6143a480c1ecfee9b5b5cd74eb3b59e?s=96&d=mm&r=g","url":"https:\/\/secure.gravatar.com\/avatar\/1447a49909b67aa657c488aec6512e1dd6143a480c1ecfee9b5b5cd74eb3b59e?s=96&d=mm&r=g","contentUrl":"https:\/\/secure.gravatar.com\/avatar\/1447a49909b67aa657c488aec6512e1dd6143a480c1ecfee9b5b5cd74eb3b59e?s=96&d=mm&r=g","caption":"CL"},"url":"https:\/\/www.webdo.tn\/fr\/actualite\/author\/cl\/"}]}},"_links":{"self":[{"href":"https:\/\/www.webdo.tn\/fr\/wp-json\/wp\/v2\/posts\/202319","targetHints":{"allow":["GET"]}}],"collection":[{"href":"https:\/\/www.webdo.tn\/fr\/wp-json\/wp\/v2\/posts"}],"about":[{"href":"https:\/\/www.webdo.tn\/fr\/wp-json\/wp\/v2\/types\/post"}],"author":[{"embeddable":true,"href":"https:\/\/www.webdo.tn\/fr\/wp-json\/wp\/v2\/users\/3175"}],"replies":[{"embeddable":true,"href":"https:\/\/www.webdo.tn\/fr\/wp-json\/wp\/v2\/comments?post=202319"}],"version-history":[{"count":0,"href":"https:\/\/www.webdo.tn\/fr\/wp-json\/wp\/v2\/posts\/202319\/revisions"}],"wp:featuredmedia":[{"embeddable":true,"href":"https:\/\/www.webdo.tn\/fr\/wp-json\/wp\/v2\/media\/252392"}],"wp:attachment":[{"href":"https:\/\/www.webdo.tn\/fr\/wp-json\/wp\/v2\/media?parent=202319"}],"wp:term":[{"taxonomy":"category","embeddable":true,"href":"https:\/\/www.webdo.tn\/fr\/wp-json\/wp\/v2\/categories?post=202319"},{"taxonomy":"post_tag","embeddable":true,"href":"https:\/\/www.webdo.tn\/fr\/wp-json\/wp\/v2\/tags?post=202319"}],"curies":[{"name":"wp","href":"https:\/\/api.w.org\/{rel}","templated":true}]}}