{"id":202316,"date":"2023-01-27T19:12:00","date_gmt":"2023-01-27T19:12:00","guid":{"rendered":"https:\/\/www.webdo.tn\/fr\/actualite\/blog\/non-lieu-dans-l-affaire-d-annulation-du-congres-de-l-ugtt\/202316\/"},"modified":"2025-05-22T11:36:48","modified_gmt":"2025-05-22T11:36:48","slug":"non-lieu-dans-l-affaire-d-annulation-du-congres-de-l-ugtt","status":"publish","type":"post","link":"https:\/\/www.webdo.tn\/fr\/actualite\/national\/non-lieu-dans-l-affaire-d-annulation-du-congres-de-l-ugtt\/202316\/","title":{"rendered":"Non-lieu dans l&rsquo;affaire d&rsquo;annulation du congr\u00e8s de l\u2019UGTT"},"content":{"rendered":"<p>Le tribunal de premi\u00e8re instance de Tunis a prononc\u00e9 un non-lieu dans l&rsquo;affaire intent\u00e9e contre la centrale syndicale pour annuler les travaux de son dernier congr\u00e8s, a indiqu\u00e9 le porte-parole de l&rsquo;UGTT, Sami Tahri, affirmant qu&rsquo;un tel verdict ne peut que renforcer la position de l&rsquo;Union g\u00e9n\u00e9rale tunisienne du travail (UGTT) pour jouer son r\u00f4le national et sauver le pays.<\/p>\n<p>Dans une d\u00e9claration vendredi \u00e0 la TAP, Tahri a pr\u00e9cis\u00e9 que la publication de ce verdict confirme que les diff\u00e9rentes proc\u00e9dures men\u00e9es par l&rsquo;UGTT sont conforment \u00e0 la loi.\u00a0<\/p>\n<p>Ce verdict renforce la position nationale de l&rsquo;UGTT et son r\u00f4le actuelle pour sauver le pays, a ajout\u00e9 Tahri. C&rsquo;est aussi une preuve que toutes les tentatives visant \u00e0 porter atteinte \u00e0 la centrale syndicale vouent toujours \u00e0 l&rsquo;\u00e9chec.\u00a0<\/p>\n<p>Ceux qui ont d\u00e9pos\u00e9 une plainte pour annuler les travaux du congr\u00e8s de l&rsquo;UGTT n&rsquo;ont aucune relation avec l&rsquo;union, a-t-il rappel\u00e9.\u00a0<\/p>\n<p>Tahri a d&rsquo;autre part confirm\u00e9 le d\u00e9marrage des travaux des commissions dans le cadre d&rsquo;une initiative lanc\u00e9e par la centrale syndicale en partenariat avec l&rsquo;ordre des avocats, la LTDH et le FTDES. Les commissions se penchent actuellement sur l&rsquo;\u00e9laboration d&rsquo;une initiative permettant de sauver le pays et sortir de la crise actuelle, a notamment ajout\u00e9 Tahri.<\/p>\n","protected":false},"excerpt":{"rendered":"<p>Le tribunal de premi\u00e8re instance de Tunis a prononc\u00e9 un non-lieu dans l&rsquo;affaire intent\u00e9e contre la centrale syndicale pour annuler les travaux de son dernier co&#8230;<\/p>\n","protected":false},"author":3175,"featured_media":348213,"comment_status":"open","ping_status":"closed","sticky":false,"template":"","format":"standard","meta":{"footnotes":""},"categories":[44],"tags":[6259,2608,2649],"class_list":["post-202316","post","type-post","status-publish","format-standard","has-post-thumbnail","hentry","category-national","tag-non-lieu","tag-tunisie","tag-ugtt"],"yoast_head":"<!-- This site is optimized with the Yoast SEO Premium plugin v27.5 (Yoast SEO v27.5) - https:\/\/yoast.com\/product\/yoast-seo-premium-wordpress\/ -->\n<title>Non-lieu dans l&#039;affaire d&#039;annulation du congr\u00e8s de l\u2019UGTT<\/title>\n<meta name=\"description\" content=\"Le tribunal de premi\u00e8re instance de Tunis a prononc\u00e9 un non-lieu dans l&#039;affaire intent\u00e9e contre la centrale syndicale pour annuler les travaux de son dernier co...\" \/>\n<link rel=\"canonical\" href=\"https:\/\/www.webdo.tn\/fr\/actualite\/national-45\/non-lieu-dans-l-affaire-d-annulation-du-congres-de-l-ugtt\/202316\/\" \/>\n<meta property=\"og:locale\" content=\"fr_FR\" \/>\n<meta property=\"og:type\" content=\"article\" \/>\n<meta property=\"og:title\" content=\"Non-lieu dans l&#039;affaire d&#039;annulation du congr\u00e8s de l\u2019UGTT\" \/>\n<meta property=\"og:description\" content=\"Le tribunal de premi\u00e8re instance de Tunis a prononc\u00e9 un non-lieu dans l&#039;affaire intent\u00e9e contre la centrale syndicale pour annuler les travaux de son dernier co...\" \/>\n<meta property=\"og:url\" content=\"https:\/\/www.webdo.tn\/fr\/actualite\/national-45\/non-lieu-dans-l-affaire-d-annulation-du-congres-de-l-ugtt\/202316\/\" \/>\n<meta property=\"og:site_name\" content=\"webdo\" \/>\n<meta property=\"article:publisher\" content=\"https:\/\/www.facebook.com\/webdotn\" \/>\n<meta property=\"article:published_time\" content=\"2023-01-27T19:12:00+00:00\" \/>\n<meta property=\"article:modified_time\" content=\"2025-05-22T11:36:48+00:00\" \/>\n<meta property=\"og:image\" content=\"https:\/\/www.webdo.tn\/fr\/wp-content\/uploads\/2023\/01\/1eecc40a2ace1e61cd591163fb7a3e65.png\" \/>\n\t<meta property=\"og:image:width\" content=\"750\" \/>\n\t<meta property=\"og:image:height\" content=\"400\" \/>\n\t<meta property=\"og:image:type\" content=\"image\/png\" \/>\n<meta name=\"author\" content=\"CL\" \/>\n<meta name=\"twitter:card\" content=\"summary_large_image\" \/>\n<meta name=\"twitter:creator\" content=\"@webdo_tn\" \/>\n<meta name=\"twitter:site\" content=\"@webdo_tn\" \/>\n<meta name=\"twitter:label1\" content=\"\u00c9crit par\" \/>\n\t<meta name=\"twitter:data1\" content=\"CL\" \/>\n\t<meta name=\"twitter:label2\" content=\"Dur\u00e9e de lecture estim\u00e9e\" \/>\n\t<meta name=\"twitter:data2\" content=\"1 minute\" \/>\n<script type=\"application\/ld+json\" class=\"yoast-schema-graph\">{\"@context\":\"https:\\\/\\\/schema.org\",\"@graph\":[{\"@type\":\"NewsArticle\",\"@id\":\"https:\\\/\\\/www.webdo.tn\\\/fr\\\/actualite\\\/national-45\\\/non-lieu-dans-l-affaire-d-annulation-du-congres-de-l-ugtt\\\/202316\\\/#article\",\"isPartOf\":{\"@id\":\"https:\\\/\\\/www.webdo.tn\\\/fr\\\/actualite\\\/national-45\\\/non-lieu-dans-l-affaire-d-annulation-du-congres-de-l-ugtt\\\/202316\\\/\"},\"author\":{\"name\":\"CL\",\"@id\":\"https:\\\/\\\/www.webdo.tn\\\/fr\\\/#\\\/schema\\\/person\\\/f35b42a42c5e2511bbd282959d6385cc\"},\"headline\":\"Non-lieu dans l&rsquo;affaire d&rsquo;annulation du congr\u00e8s de l\u2019UGTT\",\"datePublished\":\"2023-01-27T19:12:00+00:00\",\"dateModified\":\"2025-05-22T11:36:48+00:00\",\"mainEntityOfPage\":{\"@id\":\"https:\\\/\\\/www.webdo.tn\\\/fr\\\/actualite\\\/national-45\\\/non-lieu-dans-l-affaire-d-annulation-du-congres-de-l-ugtt\\\/202316\\\/\"},\"wordCount\":244,\"commentCount\":0,\"publisher\":{\"@id\":\"https:\\\/\\\/www.webdo.tn\\\/fr\\\/#organization\"},\"image\":{\"@id\":\"https:\\\/\\\/www.webdo.tn\\\/fr\\\/actualite\\\/national-45\\\/non-lieu-dans-l-affaire-d-annulation-du-congres-de-l-ugtt\\\/202316\\\/#primaryimage\"},\"thumbnailUrl\":\"https:\\\/\\\/www.webdo.tn\\\/fr\\\/wp-content\\\/uploads\\\/2023\\\/01\\\/1eecc40a2ace1e61cd591163fb7a3e65.png\",\"keywords\":[\"Non-lieu\",\"Tunisie\",\"UGTT\"],\"articleSection\":[\"National\"],\"inLanguage\":\"fr-FR\"},{\"@type\":\"WebPage\",\"@id\":\"https:\\\/\\\/www.webdo.tn\\\/fr\\\/actualite\\\/national-45\\\/non-lieu-dans-l-affaire-d-annulation-du-congres-de-l-ugtt\\\/202316\\\/\",\"url\":\"https:\\\/\\\/www.webdo.tn\\\/fr\\\/actualite\\\/national-45\\\/non-lieu-dans-l-affaire-d-annulation-du-congres-de-l-ugtt\\\/202316\\\/\",\"name\":\"Non-lieu dans l'affaire d'annulation du congr\u00e8s de l\u2019UGTT\",\"isPartOf\":{\"@id\":\"https:\\\/\\\/www.webdo.tn\\\/fr\\\/#website\"},\"primaryImageOfPage\":{\"@id\":\"https:\\\/\\\/www.webdo.tn\\\/fr\\\/actualite\\\/national-45\\\/non-lieu-dans-l-affaire-d-annulation-du-congres-de-l-ugtt\\\/202316\\\/#primaryimage\"},\"image\":{\"@id\":\"https:\\\/\\\/www.webdo.tn\\\/fr\\\/actualite\\\/national-45\\\/non-lieu-dans-l-affaire-d-annulation-du-congres-de-l-ugtt\\\/202316\\\/#primaryimage\"},\"thumbnailUrl\":\"https:\\\/\\\/www.webdo.tn\\\/fr\\\/wp-content\\\/uploads\\\/2023\\\/01\\\/1eecc40a2ace1e61cd591163fb7a3e65.png\",\"datePublished\":\"2023-01-27T19:12:00+00:00\",\"dateModified\":\"2025-05-22T11:36:48+00:00\",\"description\":\"Le tribunal de premi\u00e8re instance de Tunis a prononc\u00e9 un non-lieu dans l'affaire intent\u00e9e contre la centrale syndicale pour annuler les travaux de son dernier co...\",\"breadcrumb\":{\"@id\":\"https:\\\/\\\/www.webdo.tn\\\/fr\\\/actualite\\\/national-45\\\/non-lieu-dans-l-affaire-d-annulation-du-congres-de-l-ugtt\\\/202316\\\/#breadcrumb\"},\"inLanguage\":\"fr-FR\",\"potentialAction\":[{\"@type\":\"ReadAction\",\"target\":[\"https:\\\/\\\/www.webdo.tn\\\/fr\\\/actualite\\\/national-45\\\/non-lieu-dans-l-affaire-d-annulation-du-congres-de-l-ugtt\\\/202316\\\/\"]}]},{\"@type\":\"ImageObject\",\"inLanguage\":\"fr-FR\",\"@id\":\"https:\\\/\\\/www.webdo.tn\\\/fr\\\/actualite\\\/national-45\\\/non-lieu-dans-l-affaire-d-annulation-du-congres-de-l-ugtt\\\/202316\\\/#primaryimage\",\"url\":\"https:\\\/\\\/www.webdo.tn\\\/fr\\\/wp-content\\\/uploads\\\/2023\\\/01\\\/1eecc40a2ace1e61cd591163fb7a3e65.png\",\"contentUrl\":\"https:\\\/\\\/www.webdo.tn\\\/fr\\\/wp-content\\\/uploads\\\/2023\\\/01\\\/1eecc40a2ace1e61cd591163fb7a3e65.png\",\"width\":750,\"height\":400,\"caption\":\"UGTT\"},{\"@type\":\"BreadcrumbList\",\"@id\":\"https:\\\/\\\/www.webdo.tn\\\/fr\\\/actualite\\\/national-45\\\/non-lieu-dans-l-affaire-d-annulation-du-congres-de-l-ugtt\\\/202316\\\/#breadcrumb\",\"itemListElement\":[{\"@type\":\"ListItem\",\"position\":1,\"name\":\"Accueil\",\"item\":\"https:\\\/\\\/www.webdo.tn\\\/fr\\\/\"},{\"@type\":\"ListItem\",\"position\":2,\"name\":\"Non-lieu dans l&rsquo;affaire d&rsquo;annulation du congr\u00e8s de l\u2019UGTT\"}]},{\"@type\":\"WebSite\",\"@id\":\"https:\\\/\\\/www.webdo.tn\\\/fr\\\/#website\",\"url\":\"https:\\\/\\\/www.webdo.tn\\\/fr\\\/\",\"name\":\"webdo\",\"description\":\"Tunisie - News en Tunisie et \u00e0 l&#039;international sur Webdo.tn\",\"publisher\":{\"@id\":\"https:\\\/\\\/www.webdo.tn\\\/fr\\\/#organization\"},\"potentialAction\":[{\"@type\":\"SearchAction\",\"target\":{\"@type\":\"EntryPoint\",\"urlTemplate\":\"https:\\\/\\\/www.webdo.tn\\\/fr\\\/?s={search_term_string}\"},\"query-input\":{\"@type\":\"PropertyValueSpecification\",\"valueRequired\":true,\"valueName\":\"search_term_string\"}}],\"inLanguage\":\"fr-FR\"},{\"@type\":\"Organization\",\"@id\":\"https:\\\/\\\/www.webdo.tn\\\/fr\\\/#organization\",\"name\":\"Webdo\",\"alternateName\":\"Webdo.tn\",\"url\":\"https:\\\/\\\/www.webdo.tn\\\/fr\\\/\",\"logo\":{\"@type\":\"ImageObject\",\"inLanguage\":\"fr-FR\",\"@id\":\"https:\\\/\\\/www.webdo.tn\\\/fr\\\/#\\\/schema\\\/logo\\\/image\\\/\",\"url\":\"https:\\\/\\\/www.webdo.tn\\\/fr\\\/wp-content\\\/uploads\\\/2025\\\/06\\\/Webdo-Tunisie_168377.jpg\",\"contentUrl\":\"https:\\\/\\\/www.webdo.tn\\\/fr\\\/wp-content\\\/uploads\\\/2025\\\/06\\\/Webdo-Tunisie_168377.jpg\",\"width\":301,\"height\":301,\"caption\":\"Webdo\"},\"image\":{\"@id\":\"https:\\\/\\\/www.webdo.tn\\\/fr\\\/#\\\/schema\\\/logo\\\/image\\\/\"},\"sameAs\":[\"https:\\\/\\\/www.facebook.com\\\/webdotn\",\"https:\\\/\\\/x.com\\\/webdo_tn\"],\"description\":\"Webdo est un m\u00e9dia num\u00e9rique tunisien fond\u00e9 en 2010, sp\u00e9cialis\u00e9 dans l\u2019actualit\u00e9 nationale et internationale, l\u2019\u00e9conomie, la soci\u00e9t\u00e9 et les analyses politiques. Le site s\u2019adresse \u00e0 un large public francophone et couvre l\u2019information tunisienne en temps r\u00e9el.\",\"email\":\"redac@webdo.tn\",\"legalName\":\"YNJ SARL\",\"foundingDate\":\"2010-09-06\",\"numberOfEmployees\":{\"@type\":\"QuantitativeValue\",\"minValue\":\"11\",\"maxValue\":\"50\"}},{\"@type\":\"Person\",\"@id\":\"https:\\\/\\\/www.webdo.tn\\\/fr\\\/#\\\/schema\\\/person\\\/f35b42a42c5e2511bbd282959d6385cc\",\"name\":\"CL\",\"image\":{\"@type\":\"ImageObject\",\"inLanguage\":\"fr-FR\",\"@id\":\"https:\\\/\\\/secure.gravatar.com\\\/avatar\\\/1447a49909b67aa657c488aec6512e1dd6143a480c1ecfee9b5b5cd74eb3b59e?s=96&d=mm&r=g\",\"url\":\"https:\\\/\\\/secure.gravatar.com\\\/avatar\\\/1447a49909b67aa657c488aec6512e1dd6143a480c1ecfee9b5b5cd74eb3b59e?s=96&d=mm&r=g\",\"contentUrl\":\"https:\\\/\\\/secure.gravatar.com\\\/avatar\\\/1447a49909b67aa657c488aec6512e1dd6143a480c1ecfee9b5b5cd74eb3b59e?s=96&d=mm&r=g\",\"caption\":\"CL\"},\"url\":\"https:\\\/\\\/www.webdo.tn\\\/fr\\\/actualite\\\/author\\\/cl\\\/\"}]}<\/script>\n<!-- \/ Yoast SEO Premium plugin. -->","yoast_head_json":{"title":"Non-lieu dans l'affaire d'annulation du congr\u00e8s de l\u2019UGTT","description":"Le tribunal de premi\u00e8re instance de Tunis a prononc\u00e9 un non-lieu dans l'affaire intent\u00e9e contre la centrale syndicale pour annuler les travaux de son dernier co...","canonical":"https:\/\/www.webdo.tn\/fr\/actualite\/national-45\/non-lieu-dans-l-affaire-d-annulation-du-congres-de-l-ugtt\/202316\/","og_locale":"fr_FR","og_type":"article","og_title":"Non-lieu dans l'affaire d'annulation du congr\u00e8s de l\u2019UGTT","og_description":"Le tribunal de premi\u00e8re instance de Tunis a prononc\u00e9 un non-lieu dans l'affaire intent\u00e9e contre la centrale syndicale pour annuler les travaux de son dernier co...","og_url":"https:\/\/www.webdo.tn\/fr\/actualite\/national-45\/non-lieu-dans-l-affaire-d-annulation-du-congres-de-l-ugtt\/202316\/","og_site_name":"webdo","article_publisher":"https:\/\/www.facebook.com\/webdotn","article_published_time":"2023-01-27T19:12:00+00:00","article_modified_time":"2025-05-22T11:36:48+00:00","og_image":[{"width":750,"height":400,"url":"https:\/\/www.webdo.tn\/fr\/wp-content\/uploads\/2023\/01\/1eecc40a2ace1e61cd591163fb7a3e65.png","type":"image\/png"}],"author":"CL","twitter_card":"summary_large_image","twitter_creator":"@webdo_tn","twitter_site":"@webdo_tn","twitter_misc":{"\u00c9crit par":"CL","Dur\u00e9e de lecture estim\u00e9e":"1 minute"},"schema":{"@context":"https:\/\/schema.org","@graph":[{"@type":"NewsArticle","@id":"https:\/\/www.webdo.tn\/fr\/actualite\/national-45\/non-lieu-dans-l-affaire-d-annulation-du-congres-de-l-ugtt\/202316\/#article","isPartOf":{"@id":"https:\/\/www.webdo.tn\/fr\/actualite\/national-45\/non-lieu-dans-l-affaire-d-annulation-du-congres-de-l-ugtt\/202316\/"},"author":{"name":"CL","@id":"https:\/\/www.webdo.tn\/fr\/#\/schema\/person\/f35b42a42c5e2511bbd282959d6385cc"},"headline":"Non-lieu dans l&rsquo;affaire d&rsquo;annulation du congr\u00e8s de l\u2019UGTT","datePublished":"2023-01-27T19:12:00+00:00","dateModified":"2025-05-22T11:36:48+00:00","mainEntityOfPage":{"@id":"https:\/\/www.webdo.tn\/fr\/actualite\/national-45\/non-lieu-dans-l-affaire-d-annulation-du-congres-de-l-ugtt\/202316\/"},"wordCount":244,"commentCount":0,"publisher":{"@id":"https:\/\/www.webdo.tn\/fr\/#organization"},"image":{"@id":"https:\/\/www.webdo.tn\/fr\/actualite\/national-45\/non-lieu-dans-l-affaire-d-annulation-du-congres-de-l-ugtt\/202316\/#primaryimage"},"thumbnailUrl":"https:\/\/www.webdo.tn\/fr\/wp-content\/uploads\/2023\/01\/1eecc40a2ace1e61cd591163fb7a3e65.png","keywords":["Non-lieu","Tunisie","UGTT"],"articleSection":["National"],"inLanguage":"fr-FR"},{"@type":"WebPage","@id":"https:\/\/www.webdo.tn\/fr\/actualite\/national-45\/non-lieu-dans-l-affaire-d-annulation-du-congres-de-l-ugtt\/202316\/","url":"https:\/\/www.webdo.tn\/fr\/actualite\/national-45\/non-lieu-dans-l-affaire-d-annulation-du-congres-de-l-ugtt\/202316\/","name":"Non-lieu dans l'affaire d'annulation du congr\u00e8s de l\u2019UGTT","isPartOf":{"@id":"https:\/\/www.webdo.tn\/fr\/#website"},"primaryImageOfPage":{"@id":"https:\/\/www.webdo.tn\/fr\/actualite\/national-45\/non-lieu-dans-l-affaire-d-annulation-du-congres-de-l-ugtt\/202316\/#primaryimage"},"image":{"@id":"https:\/\/www.webdo.tn\/fr\/actualite\/national-45\/non-lieu-dans-l-affaire-d-annulation-du-congres-de-l-ugtt\/202316\/#primaryimage"},"thumbnailUrl":"https:\/\/www.webdo.tn\/fr\/wp-content\/uploads\/2023\/01\/1eecc40a2ace1e61cd591163fb7a3e65.png","datePublished":"2023-01-27T19:12:00+00:00","dateModified":"2025-05-22T11:36:48+00:00","description":"Le tribunal de premi\u00e8re instance de Tunis a prononc\u00e9 un non-lieu dans l'affaire intent\u00e9e contre la centrale syndicale pour annuler les travaux de son dernier co...","breadcrumb":{"@id":"https:\/\/www.webdo.tn\/fr\/actualite\/national-45\/non-lieu-dans-l-affaire-d-annulation-du-congres-de-l-ugtt\/202316\/#breadcrumb"},"inLanguage":"fr-FR","potentialAction":[{"@type":"ReadAction","target":["https:\/\/www.webdo.tn\/fr\/actualite\/national-45\/non-lieu-dans-l-affaire-d-annulation-du-congres-de-l-ugtt\/202316\/"]}]},{"@type":"ImageObject","inLanguage":"fr-FR","@id":"https:\/\/www.webdo.tn\/fr\/actualite\/national-45\/non-lieu-dans-l-affaire-d-annulation-du-congres-de-l-ugtt\/202316\/#primaryimage","url":"https:\/\/www.webdo.tn\/fr\/wp-content\/uploads\/2023\/01\/1eecc40a2ace1e61cd591163fb7a3e65.png","contentUrl":"https:\/\/www.webdo.tn\/fr\/wp-content\/uploads\/2023\/01\/1eecc40a2ace1e61cd591163fb7a3e65.png","width":750,"height":400,"caption":"UGTT"},{"@type":"BreadcrumbList","@id":"https:\/\/www.webdo.tn\/fr\/actualite\/national-45\/non-lieu-dans-l-affaire-d-annulation-du-congres-de-l-ugtt\/202316\/#breadcrumb","itemListElement":[{"@type":"ListItem","position":1,"name":"Accueil","item":"https:\/\/www.webdo.tn\/fr\/"},{"@type":"ListItem","position":2,"name":"Non-lieu dans l&rsquo;affaire d&rsquo;annulation du congr\u00e8s de l\u2019UGTT"}]},{"@type":"WebSite","@id":"https:\/\/www.webdo.tn\/fr\/#website","url":"https:\/\/www.webdo.tn\/fr\/","name":"webdo","description":"Tunisie - News en Tunisie et \u00e0 l&#039;international sur Webdo.tn","publisher":{"@id":"https:\/\/www.webdo.tn\/fr\/#organization"},"potentialAction":[{"@type":"SearchAction","target":{"@type":"EntryPoint","urlTemplate":"https:\/\/www.webdo.tn\/fr\/?s={search_term_string}"},"query-input":{"@type":"PropertyValueSpecification","valueRequired":true,"valueName":"search_term_string"}}],"inLanguage":"fr-FR"},{"@type":"Organization","@id":"https:\/\/www.webdo.tn\/fr\/#organization","name":"Webdo","alternateName":"Webdo.tn","url":"https:\/\/www.webdo.tn\/fr\/","logo":{"@type":"ImageObject","inLanguage":"fr-FR","@id":"https:\/\/www.webdo.tn\/fr\/#\/schema\/logo\/image\/","url":"https:\/\/www.webdo.tn\/fr\/wp-content\/uploads\/2025\/06\/Webdo-Tunisie_168377.jpg","contentUrl":"https:\/\/www.webdo.tn\/fr\/wp-content\/uploads\/2025\/06\/Webdo-Tunisie_168377.jpg","width":301,"height":301,"caption":"Webdo"},"image":{"@id":"https:\/\/www.webdo.tn\/fr\/#\/schema\/logo\/image\/"},"sameAs":["https:\/\/www.facebook.com\/webdotn","https:\/\/x.com\/webdo_tn"],"description":"Webdo est un m\u00e9dia num\u00e9rique tunisien fond\u00e9 en 2010, sp\u00e9cialis\u00e9 dans l\u2019actualit\u00e9 nationale et internationale, l\u2019\u00e9conomie, la soci\u00e9t\u00e9 et les analyses politiques. Le site s\u2019adresse \u00e0 un large public francophone et couvre l\u2019information tunisienne en temps r\u00e9el.","email":"redac@webdo.tn","legalName":"YNJ SARL","foundingDate":"2010-09-06","numberOfEmployees":{"@type":"QuantitativeValue","minValue":"11","maxValue":"50"}},{"@type":"Person","@id":"https:\/\/www.webdo.tn\/fr\/#\/schema\/person\/f35b42a42c5e2511bbd282959d6385cc","name":"CL","image":{"@type":"ImageObject","inLanguage":"fr-FR","@id":"https:\/\/secure.gravatar.com\/avatar\/1447a49909b67aa657c488aec6512e1dd6143a480c1ecfee9b5b5cd74eb3b59e?s=96&d=mm&r=g","url":"https:\/\/secure.gravatar.com\/avatar\/1447a49909b67aa657c488aec6512e1dd6143a480c1ecfee9b5b5cd74eb3b59e?s=96&d=mm&r=g","contentUrl":"https:\/\/secure.gravatar.com\/avatar\/1447a49909b67aa657c488aec6512e1dd6143a480c1ecfee9b5b5cd74eb3b59e?s=96&d=mm&r=g","caption":"CL"},"url":"https:\/\/www.webdo.tn\/fr\/actualite\/author\/cl\/"}]}},"_links":{"self":[{"href":"https:\/\/www.webdo.tn\/fr\/wp-json\/wp\/v2\/posts\/202316","targetHints":{"allow":["GET"]}}],"collection":[{"href":"https:\/\/www.webdo.tn\/fr\/wp-json\/wp\/v2\/posts"}],"about":[{"href":"https:\/\/www.webdo.tn\/fr\/wp-json\/wp\/v2\/types\/post"}],"author":[{"embeddable":true,"href":"https:\/\/www.webdo.tn\/fr\/wp-json\/wp\/v2\/users\/3175"}],"replies":[{"embeddable":true,"href":"https:\/\/www.webdo.tn\/fr\/wp-json\/wp\/v2\/comments?post=202316"}],"version-history":[{"count":0,"href":"https:\/\/www.webdo.tn\/fr\/wp-json\/wp\/v2\/posts\/202316\/revisions"}],"wp:featuredmedia":[{"embeddable":true,"href":"https:\/\/www.webdo.tn\/fr\/wp-json\/wp\/v2\/media\/348213"}],"wp:attachment":[{"href":"https:\/\/www.webdo.tn\/fr\/wp-json\/wp\/v2\/media?parent=202316"}],"wp:term":[{"taxonomy":"category","embeddable":true,"href":"https:\/\/www.webdo.tn\/fr\/wp-json\/wp\/v2\/categories?post=202316"},{"taxonomy":"post_tag","embeddable":true,"href":"https:\/\/www.webdo.tn\/fr\/wp-json\/wp\/v2\/tags?post=202316"}],"curies":[{"name":"wp","href":"https:\/\/api.w.org\/{rel}","templated":true}]}}