{"id":202311,"date":"2023-01-27T15:40:00","date_gmt":"2023-01-27T15:40:00","guid":{"rendered":"https:\/\/www.webdo.tn\/fr\/blog\/l-ancien-etoile-gilson-silva-sdf-au-cap-vert\/202311\/"},"modified":"2025-05-20T22:58:52","modified_gmt":"2025-05-20T22:58:52","slug":"l-ancien-etoile-gilson-silva-sdf-au-cap-vert","status":"publish","type":"post","link":"https:\/\/www.webdo.tn\/fr\/actualite\/sport\/l-ancien-etoile-gilson-silva-sdf-au-cap-vert\/202311\/","title":{"rendered":"L\u2019ancien \u00e9toil\u00e9, Gilson Silva, SDF au Cap-Vert !"},"content":{"rendered":"<p>Gilson Silva vit des jours difficiles dans son pays natal le Cap-Vert, l\u2019ancien \u00e9toil\u00e9 est sans logis et sans aucune assistance.<\/p>\n<p>\t\t\t\t\t\t\t\t\tLa vie est impitoyable. Qui ne se rappelle pas de Gilson Silva, recrut\u00e9 par l\u2019Etoile en 2004 pour la modeste somme de 5000 dinars. A l\u2019\u00e9poque, il \u00e9tait un gamin m\u00e9connu. C\u2019est l\u2019actuel pr\u00e9sident, Othmane Jenayeh, qui lui a ouvert les portes de la post\u00e9rit\u00e9.<\/p>\n<p>D\u2019un joueur sans aucune carte de visite, Gilson est devenu, tr\u00e8s vite, la coqueluche du public \u00e9toil\u00e9 et l\u2019un des artisans des titres remport\u00e9s par l\u2019ESS durant les trois ann\u00e9es qu\u2019il a pass\u00e9es au club.<\/p>\n<p>A son palmar\u00e8s : une Coupe de la CAF en 2006, le Championnat de Tunisie 2006-2007, la Ligue des Champions en 2007, et une 4\u00e8me place en Coupe du monde des clubs au Japon.<\/p>\n<p>Parti \u00e0 Guingamp en 2009, le Cap-verdien est revenu en Tunisie en 2012 faire des piges avec quelques clubs (USMo et OK) sans trop de r\u00e9ussite.<\/p>\n<p>Ses amis ont post\u00e9, hier une vid\u00e9o dans laquelle il lance un appel \u00e0 son ancien club et ses anciens co\u00e9quipiers pour l\u2019extirper de cette situation douloureuse.<\/p>\n","protected":false},"excerpt":{"rendered":"<p>Gilson Silva vit des jours difficiles dans son pays natal le Cap-Vert, l\u2019ancien \u00e9toil\u00e9 est sans logis et sans aucune assistance.<\/p>\n","protected":false},"author":3188,"featured_media":252386,"comment_status":"open","ping_status":"closed","sticky":false,"template":"","format":"standard","meta":{"footnotes":""},"categories":[2593],"tags":[8841,4505,6914,8840,5661],"class_list":["post-202311","post","type-post","status-publish","format-standard","has-post-thumbnail","hentry","category-sport","tag-cap-vert","tag-ess","tag-etoile-du-sahel","tag-gilson-silva","tag-sdf"],"yoast_head":"<!-- This site is optimized with the Yoast SEO Premium plugin v27.4 (Yoast SEO v27.5) - https:\/\/yoast.com\/product\/yoast-seo-premium-wordpress\/ -->\n<title>L\u2019ancien \u00e9toil\u00e9, Gilson Silva, SDF au Cap-Vert !<\/title>\n<meta name=\"description\" content=\"Gilson Silva vit des jours difficiles dans son pays natal le Cap-Vert, l\u2019ancien \u00e9toil\u00e9 est sans logis et sans aucune assistance.\" \/>\n<link rel=\"canonical\" href=\"https:\/\/www.webdo.tn\/fr\/actualite\/sport\/l-ancien-etoile-gilson-silva-sdf-au-cap-vert\/202311\/\" \/>\n<meta property=\"og:locale\" content=\"fr_FR\" \/>\n<meta property=\"og:type\" content=\"article\" \/>\n<meta property=\"og:title\" content=\"L\u2019ancien \u00e9toil\u00e9, Gilson Silva, SDF au Cap-Vert !\" \/>\n<meta property=\"og:description\" content=\"Gilson Silva vit des jours difficiles dans son pays natal le Cap-Vert, l\u2019ancien \u00e9toil\u00e9 est sans logis et sans aucune assistance.\" \/>\n<meta property=\"og:url\" content=\"https:\/\/www.webdo.tn\/fr\/actualite\/sport\/l-ancien-etoile-gilson-silva-sdf-au-cap-vert\/202311\/\" \/>\n<meta property=\"og:site_name\" content=\"webdo\" \/>\n<meta property=\"article:publisher\" content=\"https:\/\/www.facebook.com\/webdotn\" \/>\n<meta property=\"article:published_time\" content=\"2023-01-27T15:40:00+00:00\" \/>\n<meta property=\"article:modified_time\" content=\"2025-05-20T22:58:52+00:00\" \/>\n<meta property=\"og:image\" content=\"https:\/\/www.webdo.tn\/fr\/wp-content\/uploads\/2023\/01\/a0373b298b0bcee37858eae9b8d6b662.jpg\" \/>\n\t<meta property=\"og:image:width\" content=\"622\" \/>\n\t<meta property=\"og:image:height\" content=\"332\" \/>\n\t<meta property=\"og:image:type\" content=\"image\/jpeg\" \/>\n<meta name=\"author\" content=\"Ramzi\" \/>\n<meta name=\"twitter:card\" content=\"summary_large_image\" \/>\n<meta name=\"twitter:creator\" content=\"@webdo_tn\" \/>\n<meta name=\"twitter:site\" content=\"@webdo_tn\" \/>\n<meta name=\"twitter:label1\" content=\"\u00c9crit par\" \/>\n\t<meta name=\"twitter:data1\" content=\"Ramzi\" \/>\n\t<meta name=\"twitter:label2\" content=\"Dur\u00e9e de lecture estim\u00e9e\" \/>\n\t<meta name=\"twitter:data2\" content=\"1 minute\" \/>\n<script type=\"application\/ld+json\" class=\"yoast-schema-graph\">{\"@context\":\"https:\\\/\\\/schema.org\",\"@graph\":[{\"@type\":\"NewsArticle\",\"@id\":\"https:\\\/\\\/www.webdo.tn\\\/fr\\\/actualite\\\/sport\\\/l-ancien-etoile-gilson-silva-sdf-au-cap-vert\\\/202311\\\/#article\",\"isPartOf\":{\"@id\":\"https:\\\/\\\/www.webdo.tn\\\/fr\\\/actualite\\\/sport\\\/l-ancien-etoile-gilson-silva-sdf-au-cap-vert\\\/202311\\\/\"},\"author\":{\"name\":\"Ramzi\",\"@id\":\"https:\\\/\\\/www.webdo.tn\\\/fr\\\/#\\\/schema\\\/person\\\/590cb5f81adcfde6385530fdbdf468e2\"},\"headline\":\"L\u2019ancien \u00e9toil\u00e9, Gilson Silva, SDF au Cap-Vert !\",\"datePublished\":\"2023-01-27T15:40:00+00:00\",\"dateModified\":\"2025-05-20T22:58:52+00:00\",\"mainEntityOfPage\":{\"@id\":\"https:\\\/\\\/www.webdo.tn\\\/fr\\\/actualite\\\/sport\\\/l-ancien-etoile-gilson-silva-sdf-au-cap-vert\\\/202311\\\/\"},\"wordCount\":208,\"commentCount\":0,\"publisher\":{\"@id\":\"https:\\\/\\\/www.webdo.tn\\\/fr\\\/#organization\"},\"image\":{\"@id\":\"https:\\\/\\\/www.webdo.tn\\\/fr\\\/actualite\\\/sport\\\/l-ancien-etoile-gilson-silva-sdf-au-cap-vert\\\/202311\\\/#primaryimage\"},\"thumbnailUrl\":\"https:\\\/\\\/www.webdo.tn\\\/fr\\\/wp-content\\\/uploads\\\/2023\\\/01\\\/a0373b298b0bcee37858eae9b8d6b662.jpg\",\"keywords\":[\"Cap-Vert\",\"ESS\",\"\u00e9toile du sahel\",\"gilson silva\",\"SDF\"],\"articleSection\":[\"Sport\"],\"inLanguage\":\"fr-FR\"},{\"@type\":\"WebPage\",\"@id\":\"https:\\\/\\\/www.webdo.tn\\\/fr\\\/actualite\\\/sport\\\/l-ancien-etoile-gilson-silva-sdf-au-cap-vert\\\/202311\\\/\",\"url\":\"https:\\\/\\\/www.webdo.tn\\\/fr\\\/actualite\\\/sport\\\/l-ancien-etoile-gilson-silva-sdf-au-cap-vert\\\/202311\\\/\",\"name\":\"L\u2019ancien \u00e9toil\u00e9, Gilson Silva, SDF au Cap-Vert !\",\"isPartOf\":{\"@id\":\"https:\\\/\\\/www.webdo.tn\\\/fr\\\/#website\"},\"primaryImageOfPage\":{\"@id\":\"https:\\\/\\\/www.webdo.tn\\\/fr\\\/actualite\\\/sport\\\/l-ancien-etoile-gilson-silva-sdf-au-cap-vert\\\/202311\\\/#primaryimage\"},\"image\":{\"@id\":\"https:\\\/\\\/www.webdo.tn\\\/fr\\\/actualite\\\/sport\\\/l-ancien-etoile-gilson-silva-sdf-au-cap-vert\\\/202311\\\/#primaryimage\"},\"thumbnailUrl\":\"https:\\\/\\\/www.webdo.tn\\\/fr\\\/wp-content\\\/uploads\\\/2023\\\/01\\\/a0373b298b0bcee37858eae9b8d6b662.jpg\",\"datePublished\":\"2023-01-27T15:40:00+00:00\",\"dateModified\":\"2025-05-20T22:58:52+00:00\",\"description\":\"Gilson Silva vit des jours difficiles dans son pays natal le Cap-Vert, l\u2019ancien \u00e9toil\u00e9 est sans logis et sans aucune assistance.\",\"breadcrumb\":{\"@id\":\"https:\\\/\\\/www.webdo.tn\\\/fr\\\/actualite\\\/sport\\\/l-ancien-etoile-gilson-silva-sdf-au-cap-vert\\\/202311\\\/#breadcrumb\"},\"inLanguage\":\"fr-FR\",\"potentialAction\":[{\"@type\":\"ReadAction\",\"target\":[\"https:\\\/\\\/www.webdo.tn\\\/fr\\\/actualite\\\/sport\\\/l-ancien-etoile-gilson-silva-sdf-au-cap-vert\\\/202311\\\/\"]}]},{\"@type\":\"ImageObject\",\"inLanguage\":\"fr-FR\",\"@id\":\"https:\\\/\\\/www.webdo.tn\\\/fr\\\/actualite\\\/sport\\\/l-ancien-etoile-gilson-silva-sdf-au-cap-vert\\\/202311\\\/#primaryimage\",\"url\":\"https:\\\/\\\/www.webdo.tn\\\/fr\\\/wp-content\\\/uploads\\\/2023\\\/01\\\/a0373b298b0bcee37858eae9b8d6b662.jpg\",\"contentUrl\":\"https:\\\/\\\/www.webdo.tn\\\/fr\\\/wp-content\\\/uploads\\\/2023\\\/01\\\/a0373b298b0bcee37858eae9b8d6b662.jpg\",\"width\":622,\"height\":332,\"caption\":\"L\u2019ancien \u00e9toil\u00e9, Gilson Silva, SDF au Cap-Vert !\"},{\"@type\":\"BreadcrumbList\",\"@id\":\"https:\\\/\\\/www.webdo.tn\\\/fr\\\/actualite\\\/sport\\\/l-ancien-etoile-gilson-silva-sdf-au-cap-vert\\\/202311\\\/#breadcrumb\",\"itemListElement\":[{\"@type\":\"ListItem\",\"position\":1,\"name\":\"Accueil\",\"item\":\"https:\\\/\\\/www.webdo.tn\\\/fr\\\/\"},{\"@type\":\"ListItem\",\"position\":2,\"name\":\"L\u2019ancien \u00e9toil\u00e9, Gilson Silva, SDF au Cap-Vert !\"}]},{\"@type\":\"WebSite\",\"@id\":\"https:\\\/\\\/www.webdo.tn\\\/fr\\\/#website\",\"url\":\"https:\\\/\\\/www.webdo.tn\\\/fr\\\/\",\"name\":\"webdo\",\"description\":\"Tunisie - News en Tunisie et \u00e0 l&#039;international sur Webdo.tn\",\"publisher\":{\"@id\":\"https:\\\/\\\/www.webdo.tn\\\/fr\\\/#organization\"},\"potentialAction\":[{\"@type\":\"SearchAction\",\"target\":{\"@type\":\"EntryPoint\",\"urlTemplate\":\"https:\\\/\\\/www.webdo.tn\\\/fr\\\/?s={search_term_string}\"},\"query-input\":{\"@type\":\"PropertyValueSpecification\",\"valueRequired\":true,\"valueName\":\"search_term_string\"}}],\"inLanguage\":\"fr-FR\"},{\"@type\":\"Organization\",\"@id\":\"https:\\\/\\\/www.webdo.tn\\\/fr\\\/#organization\",\"name\":\"Webdo\",\"alternateName\":\"Webdo.tn\",\"url\":\"https:\\\/\\\/www.webdo.tn\\\/fr\\\/\",\"logo\":{\"@type\":\"ImageObject\",\"inLanguage\":\"fr-FR\",\"@id\":\"https:\\\/\\\/www.webdo.tn\\\/fr\\\/#\\\/schema\\\/logo\\\/image\\\/\",\"url\":\"https:\\\/\\\/www.webdo.tn\\\/fr\\\/wp-content\\\/uploads\\\/2025\\\/06\\\/Webdo-Tunisie_168377.jpg\",\"contentUrl\":\"https:\\\/\\\/www.webdo.tn\\\/fr\\\/wp-content\\\/uploads\\\/2025\\\/06\\\/Webdo-Tunisie_168377.jpg\",\"width\":301,\"height\":301,\"caption\":\"Webdo\"},\"image\":{\"@id\":\"https:\\\/\\\/www.webdo.tn\\\/fr\\\/#\\\/schema\\\/logo\\\/image\\\/\"},\"sameAs\":[\"https:\\\/\\\/www.facebook.com\\\/webdotn\",\"https:\\\/\\\/x.com\\\/webdo_tn\"],\"description\":\"Webdo est un m\u00e9dia num\u00e9rique tunisien fond\u00e9 en 2010, sp\u00e9cialis\u00e9 dans l\u2019actualit\u00e9 nationale et internationale, l\u2019\u00e9conomie, la soci\u00e9t\u00e9 et les analyses politiques. Le site s\u2019adresse \u00e0 un large public francophone et couvre l\u2019information tunisienne en temps r\u00e9el.\",\"email\":\"redac@webdo.tn\",\"legalName\":\"YNJ SARL\",\"foundingDate\":\"2010-09-06\",\"numberOfEmployees\":{\"@type\":\"QuantitativeValue\",\"minValue\":\"11\",\"maxValue\":\"50\"}},{\"@type\":\"Person\",\"@id\":\"https:\\\/\\\/www.webdo.tn\\\/fr\\\/#\\\/schema\\\/person\\\/590cb5f81adcfde6385530fdbdf468e2\",\"name\":\"Ramzi\",\"image\":{\"@type\":\"ImageObject\",\"inLanguage\":\"fr-FR\",\"@id\":\"https:\\\/\\\/secure.gravatar.com\\\/avatar\\\/48df7d18915e10cf866ba8e27604c81ff9243fd52704a1d210c3e387e1cb8d87?s=96&d=mm&r=g\",\"url\":\"https:\\\/\\\/secure.gravatar.com\\\/avatar\\\/48df7d18915e10cf866ba8e27604c81ff9243fd52704a1d210c3e387e1cb8d87?s=96&d=mm&r=g\",\"contentUrl\":\"https:\\\/\\\/secure.gravatar.com\\\/avatar\\\/48df7d18915e10cf866ba8e27604c81ff9243fd52704a1d210c3e387e1cb8d87?s=96&d=mm&r=g\",\"caption\":\"Ramzi\"},\"url\":\"https:\\\/\\\/www.webdo.tn\\\/fr\\\/actualite\\\/author\\\/ramzi\\\/\"}]}<\/script>\n<!-- \/ Yoast SEO Premium plugin. -->","yoast_head_json":{"title":"L\u2019ancien \u00e9toil\u00e9, Gilson Silva, SDF au Cap-Vert !","description":"Gilson Silva vit des jours difficiles dans son pays natal le Cap-Vert, l\u2019ancien \u00e9toil\u00e9 est sans logis et sans aucune assistance.","canonical":"https:\/\/www.webdo.tn\/fr\/actualite\/sport\/l-ancien-etoile-gilson-silva-sdf-au-cap-vert\/202311\/","og_locale":"fr_FR","og_type":"article","og_title":"L\u2019ancien \u00e9toil\u00e9, Gilson Silva, SDF au Cap-Vert !","og_description":"Gilson Silva vit des jours difficiles dans son pays natal le Cap-Vert, l\u2019ancien \u00e9toil\u00e9 est sans logis et sans aucune assistance.","og_url":"https:\/\/www.webdo.tn\/fr\/actualite\/sport\/l-ancien-etoile-gilson-silva-sdf-au-cap-vert\/202311\/","og_site_name":"webdo","article_publisher":"https:\/\/www.facebook.com\/webdotn","article_published_time":"2023-01-27T15:40:00+00:00","article_modified_time":"2025-05-20T22:58:52+00:00","og_image":[{"width":622,"height":332,"url":"https:\/\/www.webdo.tn\/fr\/wp-content\/uploads\/2023\/01\/a0373b298b0bcee37858eae9b8d6b662.jpg","type":"image\/jpeg"}],"author":"Ramzi","twitter_card":"summary_large_image","twitter_creator":"@webdo_tn","twitter_site":"@webdo_tn","twitter_misc":{"\u00c9crit par":"Ramzi","Dur\u00e9e de lecture estim\u00e9e":"1 minute"},"schema":{"@context":"https:\/\/schema.org","@graph":[{"@type":"NewsArticle","@id":"https:\/\/www.webdo.tn\/fr\/actualite\/sport\/l-ancien-etoile-gilson-silva-sdf-au-cap-vert\/202311\/#article","isPartOf":{"@id":"https:\/\/www.webdo.tn\/fr\/actualite\/sport\/l-ancien-etoile-gilson-silva-sdf-au-cap-vert\/202311\/"},"author":{"name":"Ramzi","@id":"https:\/\/www.webdo.tn\/fr\/#\/schema\/person\/590cb5f81adcfde6385530fdbdf468e2"},"headline":"L\u2019ancien \u00e9toil\u00e9, Gilson Silva, SDF au Cap-Vert !","datePublished":"2023-01-27T15:40:00+00:00","dateModified":"2025-05-20T22:58:52+00:00","mainEntityOfPage":{"@id":"https:\/\/www.webdo.tn\/fr\/actualite\/sport\/l-ancien-etoile-gilson-silva-sdf-au-cap-vert\/202311\/"},"wordCount":208,"commentCount":0,"publisher":{"@id":"https:\/\/www.webdo.tn\/fr\/#organization"},"image":{"@id":"https:\/\/www.webdo.tn\/fr\/actualite\/sport\/l-ancien-etoile-gilson-silva-sdf-au-cap-vert\/202311\/#primaryimage"},"thumbnailUrl":"https:\/\/www.webdo.tn\/fr\/wp-content\/uploads\/2023\/01\/a0373b298b0bcee37858eae9b8d6b662.jpg","keywords":["Cap-Vert","ESS","\u00e9toile du sahel","gilson silva","SDF"],"articleSection":["Sport"],"inLanguage":"fr-FR"},{"@type":"WebPage","@id":"https:\/\/www.webdo.tn\/fr\/actualite\/sport\/l-ancien-etoile-gilson-silva-sdf-au-cap-vert\/202311\/","url":"https:\/\/www.webdo.tn\/fr\/actualite\/sport\/l-ancien-etoile-gilson-silva-sdf-au-cap-vert\/202311\/","name":"L\u2019ancien \u00e9toil\u00e9, Gilson Silva, SDF au Cap-Vert !","isPartOf":{"@id":"https:\/\/www.webdo.tn\/fr\/#website"},"primaryImageOfPage":{"@id":"https:\/\/www.webdo.tn\/fr\/actualite\/sport\/l-ancien-etoile-gilson-silva-sdf-au-cap-vert\/202311\/#primaryimage"},"image":{"@id":"https:\/\/www.webdo.tn\/fr\/actualite\/sport\/l-ancien-etoile-gilson-silva-sdf-au-cap-vert\/202311\/#primaryimage"},"thumbnailUrl":"https:\/\/www.webdo.tn\/fr\/wp-content\/uploads\/2023\/01\/a0373b298b0bcee37858eae9b8d6b662.jpg","datePublished":"2023-01-27T15:40:00+00:00","dateModified":"2025-05-20T22:58:52+00:00","description":"Gilson Silva vit des jours difficiles dans son pays natal le Cap-Vert, l\u2019ancien \u00e9toil\u00e9 est sans logis et sans aucune assistance.","breadcrumb":{"@id":"https:\/\/www.webdo.tn\/fr\/actualite\/sport\/l-ancien-etoile-gilson-silva-sdf-au-cap-vert\/202311\/#breadcrumb"},"inLanguage":"fr-FR","potentialAction":[{"@type":"ReadAction","target":["https:\/\/www.webdo.tn\/fr\/actualite\/sport\/l-ancien-etoile-gilson-silva-sdf-au-cap-vert\/202311\/"]}]},{"@type":"ImageObject","inLanguage":"fr-FR","@id":"https:\/\/www.webdo.tn\/fr\/actualite\/sport\/l-ancien-etoile-gilson-silva-sdf-au-cap-vert\/202311\/#primaryimage","url":"https:\/\/www.webdo.tn\/fr\/wp-content\/uploads\/2023\/01\/a0373b298b0bcee37858eae9b8d6b662.jpg","contentUrl":"https:\/\/www.webdo.tn\/fr\/wp-content\/uploads\/2023\/01\/a0373b298b0bcee37858eae9b8d6b662.jpg","width":622,"height":332,"caption":"L\u2019ancien \u00e9toil\u00e9, Gilson Silva, SDF au Cap-Vert !"},{"@type":"BreadcrumbList","@id":"https:\/\/www.webdo.tn\/fr\/actualite\/sport\/l-ancien-etoile-gilson-silva-sdf-au-cap-vert\/202311\/#breadcrumb","itemListElement":[{"@type":"ListItem","position":1,"name":"Accueil","item":"https:\/\/www.webdo.tn\/fr\/"},{"@type":"ListItem","position":2,"name":"L\u2019ancien \u00e9toil\u00e9, Gilson Silva, SDF au Cap-Vert !"}]},{"@type":"WebSite","@id":"https:\/\/www.webdo.tn\/fr\/#website","url":"https:\/\/www.webdo.tn\/fr\/","name":"webdo","description":"Tunisie - News en Tunisie et \u00e0 l&#039;international sur Webdo.tn","publisher":{"@id":"https:\/\/www.webdo.tn\/fr\/#organization"},"potentialAction":[{"@type":"SearchAction","target":{"@type":"EntryPoint","urlTemplate":"https:\/\/www.webdo.tn\/fr\/?s={search_term_string}"},"query-input":{"@type":"PropertyValueSpecification","valueRequired":true,"valueName":"search_term_string"}}],"inLanguage":"fr-FR"},{"@type":"Organization","@id":"https:\/\/www.webdo.tn\/fr\/#organization","name":"Webdo","alternateName":"Webdo.tn","url":"https:\/\/www.webdo.tn\/fr\/","logo":{"@type":"ImageObject","inLanguage":"fr-FR","@id":"https:\/\/www.webdo.tn\/fr\/#\/schema\/logo\/image\/","url":"https:\/\/www.webdo.tn\/fr\/wp-content\/uploads\/2025\/06\/Webdo-Tunisie_168377.jpg","contentUrl":"https:\/\/www.webdo.tn\/fr\/wp-content\/uploads\/2025\/06\/Webdo-Tunisie_168377.jpg","width":301,"height":301,"caption":"Webdo"},"image":{"@id":"https:\/\/www.webdo.tn\/fr\/#\/schema\/logo\/image\/"},"sameAs":["https:\/\/www.facebook.com\/webdotn","https:\/\/x.com\/webdo_tn"],"description":"Webdo est un m\u00e9dia num\u00e9rique tunisien fond\u00e9 en 2010, sp\u00e9cialis\u00e9 dans l\u2019actualit\u00e9 nationale et internationale, l\u2019\u00e9conomie, la soci\u00e9t\u00e9 et les analyses politiques. Le site s\u2019adresse \u00e0 un large public francophone et couvre l\u2019information tunisienne en temps r\u00e9el.","email":"redac@webdo.tn","legalName":"YNJ SARL","foundingDate":"2010-09-06","numberOfEmployees":{"@type":"QuantitativeValue","minValue":"11","maxValue":"50"}},{"@type":"Person","@id":"https:\/\/www.webdo.tn\/fr\/#\/schema\/person\/590cb5f81adcfde6385530fdbdf468e2","name":"Ramzi","image":{"@type":"ImageObject","inLanguage":"fr-FR","@id":"https:\/\/secure.gravatar.com\/avatar\/48df7d18915e10cf866ba8e27604c81ff9243fd52704a1d210c3e387e1cb8d87?s=96&d=mm&r=g","url":"https:\/\/secure.gravatar.com\/avatar\/48df7d18915e10cf866ba8e27604c81ff9243fd52704a1d210c3e387e1cb8d87?s=96&d=mm&r=g","contentUrl":"https:\/\/secure.gravatar.com\/avatar\/48df7d18915e10cf866ba8e27604c81ff9243fd52704a1d210c3e387e1cb8d87?s=96&d=mm&r=g","caption":"Ramzi"},"url":"https:\/\/www.webdo.tn\/fr\/actualite\/author\/ramzi\/"}]}},"_links":{"self":[{"href":"https:\/\/www.webdo.tn\/fr\/wp-json\/wp\/v2\/posts\/202311","targetHints":{"allow":["GET"]}}],"collection":[{"href":"https:\/\/www.webdo.tn\/fr\/wp-json\/wp\/v2\/posts"}],"about":[{"href":"https:\/\/www.webdo.tn\/fr\/wp-json\/wp\/v2\/types\/post"}],"author":[{"embeddable":true,"href":"https:\/\/www.webdo.tn\/fr\/wp-json\/wp\/v2\/users\/3188"}],"replies":[{"embeddable":true,"href":"https:\/\/www.webdo.tn\/fr\/wp-json\/wp\/v2\/comments?post=202311"}],"version-history":[{"count":0,"href":"https:\/\/www.webdo.tn\/fr\/wp-json\/wp\/v2\/posts\/202311\/revisions"}],"wp:featuredmedia":[{"embeddable":true,"href":"https:\/\/www.webdo.tn\/fr\/wp-json\/wp\/v2\/media\/252386"}],"wp:attachment":[{"href":"https:\/\/www.webdo.tn\/fr\/wp-json\/wp\/v2\/media?parent=202311"}],"wp:term":[{"taxonomy":"category","embeddable":true,"href":"https:\/\/www.webdo.tn\/fr\/wp-json\/wp\/v2\/categories?post=202311"},{"taxonomy":"post_tag","embeddable":true,"href":"https:\/\/www.webdo.tn\/fr\/wp-json\/wp\/v2\/tags?post=202311"}],"curies":[{"name":"wp","href":"https:\/\/api.w.org\/{rel}","templated":true}]}}