{"id":202309,"date":"2023-01-27T14:34:00","date_gmt":"2023-01-27T14:34:00","guid":{"rendered":"https:\/\/www.webdo.tn\/fr\/blog\/l-initiative-tient-sa-premiere-reunion-a-tunis\/202309\/"},"modified":"2025-05-20T22:07:12","modified_gmt":"2025-05-20T22:07:12","slug":"l-initiative-tient-sa-premiere-reunion-a-tunis","status":"publish","type":"post","link":"https:\/\/www.webdo.tn\/fr\/actualite\/national\/l-initiative-tient-sa-premiere-reunion-a-tunis\/202309\/","title":{"rendered":"\u00ab\u00a0L&rsquo;Initiative\u00a0\u00bb tient sa premi\u00e8re r\u00e9union \u00e0 Tunis"},"content":{"rendered":"<p>L&rsquo;Initiative de salut national lanc\u00e9e par l&rsquo;Union g\u00e9n\u00e9rale tunisienne du travail (UGTT), la Ligue tunisienne de d\u00e9fense des droits de l&rsquo;homme (LTDH), l&rsquo;Ordre des avocats (ONAT) et le Forum tunisien pour les droits \u00e9conomiques et sociaux (FTDES), a tenu, ce vendredi 27 janvier 2023, sa premi\u00e8re r\u00e9union \u00e0 Tunis en pr\u00e9sence d\u2019une soixantaine d&rsquo;experts sp\u00e9cialis\u00e9s dans divers domaines.<\/p>\n<p>\t\t\t\t\t\t\t\t\tA cette occasion, les pr\u00e9sidents des quatre organisations participantes ont tenu \u00e0 rappeler que \u00ab\u00a0le but de cette initiative est de sauver le pays de la crise globale qui s\u00e9vit, soulignant que la d\u00e9t\u00e9rioration des conditions sociales, politiques et \u00e9conomiques a affect\u00e9 la vie des Tunisiens\u00a0\u00bb, rapporte l\u2019agence TAP.<\/p>\n<p>Le secr\u00e9taire g\u00e9n\u00e9ral de l&rsquo;UGTT, Noureddine Taboubi, a rappel\u00e9 que les organisations travailleront en collaboration avec des experts dans les domaines \u00e9conomique et social, du droit constitutionnel, de la culture, des affaires politiques et des droits de l&rsquo;homme, \u00e0 \u00e9laborer un programme de r\u00e9forme qui propose des solutions pour faire sortir le pays de la crise. Il a annonc\u00e9 la constitution de trois commissions, \u00e9conomique, politique et sociale.<\/p>\n<p>Le doyen de l&rsquo;ordre des avocats, Hatem Mziou a soulign\u00e9 la n\u00e9cessit\u00e9 de trouver des solutions \u00e9tant donn\u00e9 que la conjoncture actuelle est plus difficile que celle de 2013 ; le pr\u00e9sident de la LTDH, Bassam Trifi a tenu \u00e0 rappeler que cette initiative n\u2019est pas oppos\u00e9e au pouvoir politique, mais \u00ab\u00a0s&#8217;emploie \u00e0 concevoir une vision de salut \u00e0 travers des solutions s\u00e9rieuses pour sauver le pays de la crise\u00a0\u00bb.<\/p>\n<p>Le pr\u00e9sident du FTDES, Abderrahmane Hedhili a soulign\u00e9 que le lancement de l&rsquo;initiative intervient \u00e0 un moment o\u00f9 la Tunisie fait face \u00e0 une d\u00e9t\u00e9rioration des conditions de vie avec une hausse du nombre de ch\u00f4meurs.<\/p>\n","protected":false},"excerpt":{"rendered":"<p>L&rsquo;Initiative de salut national lanc\u00e9e par l&rsquo;Union g\u00e9n\u00e9rale tunisienne du travail (UGTT), la Ligue tunisienne de d\u00e9fense des droits de l&rsquo;homme (LTDH), l&rsquo;Ordre de&#8230;<\/p>\n","protected":false},"author":3162,"featured_media":277634,"comment_status":"open","ping_status":"closed","sticky":false,"template":"","format":"standard","meta":{"footnotes":""},"categories":[44],"tags":[3228,9293,7947,5693,2649],"class_list":["post-202309","post","type-post","status-publish","format-standard","has-post-thumbnail","hentry","category-national","tag-ftdes","tag-initiative-de-salut","tag-ltdh","tag-onat","tag-ugtt"],"yoast_head":"<!-- This site is optimized with the Yoast SEO Premium plugin v27.4 (Yoast SEO v27.5) - https:\/\/yoast.com\/product\/yoast-seo-premium-wordpress\/ -->\n<title>L&#039;Initiative tient sa premi\u00e8re r\u00e9union \u00e0 Tunis<\/title>\n<meta name=\"description\" content=\"L&#039;Initiative de salut national lanc\u00e9e par l&#039;Union g\u00e9n\u00e9rale tunisienne du travail (UGTT), la Ligue tunisienne de d\u00e9fense des droits de l&#039;homme (LTDH), l&#039;Ordre de...\" \/>\n<link rel=\"canonical\" href=\"https:\/\/www.webdo.tn\/fr\/actualite\/national\/l-initiative-tient-sa-premiere-reunion-a-tunis\/202309\/\" \/>\n<meta property=\"og:locale\" content=\"fr_FR\" \/>\n<meta property=\"og:type\" content=\"article\" \/>\n<meta property=\"og:title\" content=\"&quot;L&#039;Initiative&quot; tient sa premi\u00e8re r\u00e9union \u00e0 Tunis\" \/>\n<meta property=\"og:description\" content=\"L&#039;Initiative de salut national lanc\u00e9e par l&#039;Union g\u00e9n\u00e9rale tunisienne du travail (UGTT), la Ligue tunisienne de d\u00e9fense des droits de l&#039;homme (LTDH), l&#039;Ordre de...\" \/>\n<meta property=\"og:url\" content=\"https:\/\/www.webdo.tn\/fr\/actualite\/national\/l-initiative-tient-sa-premiere-reunion-a-tunis\/202309\/\" \/>\n<meta property=\"og:site_name\" content=\"webdo\" \/>\n<meta property=\"article:publisher\" content=\"https:\/\/www.facebook.com\/webdotn\" \/>\n<meta property=\"article:published_time\" content=\"2023-01-27T14:34:00+00:00\" \/>\n<meta property=\"article:modified_time\" content=\"2025-05-20T22:07:12+00:00\" \/>\n<meta property=\"og:image\" content=\"https:\/\/www.webdo.tn\/fr\/wp-content\/uploads\/2023\/01\/490bf1a2bf465db84965322274a56798.jpg\" \/>\n\t<meta property=\"og:image:width\" content=\"750\" \/>\n\t<meta property=\"og:image:height\" content=\"400\" \/>\n\t<meta property=\"og:image:type\" content=\"image\/jpeg\" \/>\n<meta name=\"author\" content=\"MC\" \/>\n<meta name=\"twitter:card\" content=\"summary_large_image\" \/>\n<meta name=\"twitter:creator\" content=\"@webdo_tn\" \/>\n<meta name=\"twitter:site\" content=\"@webdo_tn\" \/>\n<meta name=\"twitter:label1\" content=\"\u00c9crit par\" \/>\n\t<meta name=\"twitter:data1\" content=\"MC\" \/>\n\t<meta name=\"twitter:label2\" content=\"Dur\u00e9e de lecture estim\u00e9e\" \/>\n\t<meta name=\"twitter:data2\" content=\"1 minute\" \/>\n<script type=\"application\/ld+json\" class=\"yoast-schema-graph\">{\"@context\":\"https:\\\/\\\/schema.org\",\"@graph\":[{\"@type\":\"NewsArticle\",\"@id\":\"https:\\\/\\\/www.webdo.tn\\\/fr\\\/actualite\\\/national\\\/l-initiative-tient-sa-premiere-reunion-a-tunis\\\/202309\\\/#article\",\"isPartOf\":{\"@id\":\"https:\\\/\\\/www.webdo.tn\\\/fr\\\/actualite\\\/national\\\/l-initiative-tient-sa-premiere-reunion-a-tunis\\\/202309\\\/\"},\"author\":{\"name\":\"MC\",\"@id\":\"https:\\\/\\\/www.webdo.tn\\\/fr\\\/#\\\/schema\\\/person\\\/2c4929cbf5a809e3bd38617c6ce150f6\"},\"headline\":\"\u00ab\u00a0L&rsquo;Initiative\u00a0\u00bb tient sa premi\u00e8re r\u00e9union \u00e0 Tunis\",\"datePublished\":\"2023-01-27T14:34:00+00:00\",\"dateModified\":\"2025-05-20T22:07:12+00:00\",\"mainEntityOfPage\":{\"@id\":\"https:\\\/\\\/www.webdo.tn\\\/fr\\\/actualite\\\/national\\\/l-initiative-tient-sa-premiere-reunion-a-tunis\\\/202309\\\/\"},\"wordCount\":316,\"commentCount\":0,\"publisher\":{\"@id\":\"https:\\\/\\\/www.webdo.tn\\\/fr\\\/#organization\"},\"image\":{\"@id\":\"https:\\\/\\\/www.webdo.tn\\\/fr\\\/actualite\\\/national\\\/l-initiative-tient-sa-premiere-reunion-a-tunis\\\/202309\\\/#primaryimage\"},\"thumbnailUrl\":\"https:\\\/\\\/www.webdo.tn\\\/fr\\\/wp-content\\\/uploads\\\/2023\\\/01\\\/490bf1a2bf465db84965322274a56798.jpg\",\"keywords\":[\"ftdes\",\"initiative de salut\",\"LTDH\",\"onat\",\"UGTT\"],\"articleSection\":[\"National\"],\"inLanguage\":\"fr-FR\"},{\"@type\":\"WebPage\",\"@id\":\"https:\\\/\\\/www.webdo.tn\\\/fr\\\/actualite\\\/national\\\/l-initiative-tient-sa-premiere-reunion-a-tunis\\\/202309\\\/\",\"url\":\"https:\\\/\\\/www.webdo.tn\\\/fr\\\/actualite\\\/national\\\/l-initiative-tient-sa-premiere-reunion-a-tunis\\\/202309\\\/\",\"name\":\"L'Initiative tient sa premi\u00e8re r\u00e9union \u00e0 Tunis\",\"isPartOf\":{\"@id\":\"https:\\\/\\\/www.webdo.tn\\\/fr\\\/#website\"},\"primaryImageOfPage\":{\"@id\":\"https:\\\/\\\/www.webdo.tn\\\/fr\\\/actualite\\\/national\\\/l-initiative-tient-sa-premiere-reunion-a-tunis\\\/202309\\\/#primaryimage\"},\"image\":{\"@id\":\"https:\\\/\\\/www.webdo.tn\\\/fr\\\/actualite\\\/national\\\/l-initiative-tient-sa-premiere-reunion-a-tunis\\\/202309\\\/#primaryimage\"},\"thumbnailUrl\":\"https:\\\/\\\/www.webdo.tn\\\/fr\\\/wp-content\\\/uploads\\\/2023\\\/01\\\/490bf1a2bf465db84965322274a56798.jpg\",\"datePublished\":\"2023-01-27T14:34:00+00:00\",\"dateModified\":\"2025-05-20T22:07:12+00:00\",\"description\":\"L'Initiative de salut national lanc\u00e9e par l'Union g\u00e9n\u00e9rale tunisienne du travail (UGTT), la Ligue tunisienne de d\u00e9fense des droits de l'homme (LTDH), l'Ordre de...\",\"breadcrumb\":{\"@id\":\"https:\\\/\\\/www.webdo.tn\\\/fr\\\/actualite\\\/national\\\/l-initiative-tient-sa-premiere-reunion-a-tunis\\\/202309\\\/#breadcrumb\"},\"inLanguage\":\"fr-FR\",\"potentialAction\":[{\"@type\":\"ReadAction\",\"target\":[\"https:\\\/\\\/www.webdo.tn\\\/fr\\\/actualite\\\/national\\\/l-initiative-tient-sa-premiere-reunion-a-tunis\\\/202309\\\/\"]}]},{\"@type\":\"ImageObject\",\"inLanguage\":\"fr-FR\",\"@id\":\"https:\\\/\\\/www.webdo.tn\\\/fr\\\/actualite\\\/national\\\/l-initiative-tient-sa-premiere-reunion-a-tunis\\\/202309\\\/#primaryimage\",\"url\":\"https:\\\/\\\/www.webdo.tn\\\/fr\\\/wp-content\\\/uploads\\\/2023\\\/01\\\/490bf1a2bf465db84965322274a56798.jpg\",\"contentUrl\":\"https:\\\/\\\/www.webdo.tn\\\/fr\\\/wp-content\\\/uploads\\\/2023\\\/01\\\/490bf1a2bf465db84965322274a56798.jpg\",\"width\":750,\"height\":400,\"caption\":\"\\\"L'Initiative\\\" tient sa premi\u00e8re r\u00e9union \u00e0 Tunis\"},{\"@type\":\"BreadcrumbList\",\"@id\":\"https:\\\/\\\/www.webdo.tn\\\/fr\\\/actualite\\\/national\\\/l-initiative-tient-sa-premiere-reunion-a-tunis\\\/202309\\\/#breadcrumb\",\"itemListElement\":[{\"@type\":\"ListItem\",\"position\":1,\"name\":\"Accueil\",\"item\":\"https:\\\/\\\/www.webdo.tn\\\/fr\\\/\"},{\"@type\":\"ListItem\",\"position\":2,\"name\":\"\u00ab\u00a0L&rsquo;Initiative\u00a0\u00bb tient sa premi\u00e8re r\u00e9union \u00e0 Tunis\"}]},{\"@type\":\"WebSite\",\"@id\":\"https:\\\/\\\/www.webdo.tn\\\/fr\\\/#website\",\"url\":\"https:\\\/\\\/www.webdo.tn\\\/fr\\\/\",\"name\":\"webdo\",\"description\":\"Tunisie - News en Tunisie et \u00e0 l&#039;international sur Webdo.tn\",\"publisher\":{\"@id\":\"https:\\\/\\\/www.webdo.tn\\\/fr\\\/#organization\"},\"potentialAction\":[{\"@type\":\"SearchAction\",\"target\":{\"@type\":\"EntryPoint\",\"urlTemplate\":\"https:\\\/\\\/www.webdo.tn\\\/fr\\\/?s={search_term_string}\"},\"query-input\":{\"@type\":\"PropertyValueSpecification\",\"valueRequired\":true,\"valueName\":\"search_term_string\"}}],\"inLanguage\":\"fr-FR\"},{\"@type\":\"Organization\",\"@id\":\"https:\\\/\\\/www.webdo.tn\\\/fr\\\/#organization\",\"name\":\"Webdo\",\"alternateName\":\"Webdo.tn\",\"url\":\"https:\\\/\\\/www.webdo.tn\\\/fr\\\/\",\"logo\":{\"@type\":\"ImageObject\",\"inLanguage\":\"fr-FR\",\"@id\":\"https:\\\/\\\/www.webdo.tn\\\/fr\\\/#\\\/schema\\\/logo\\\/image\\\/\",\"url\":\"https:\\\/\\\/www.webdo.tn\\\/fr\\\/wp-content\\\/uploads\\\/2025\\\/06\\\/Webdo-Tunisie_168377.jpg\",\"contentUrl\":\"https:\\\/\\\/www.webdo.tn\\\/fr\\\/wp-content\\\/uploads\\\/2025\\\/06\\\/Webdo-Tunisie_168377.jpg\",\"width\":301,\"height\":301,\"caption\":\"Webdo\"},\"image\":{\"@id\":\"https:\\\/\\\/www.webdo.tn\\\/fr\\\/#\\\/schema\\\/logo\\\/image\\\/\"},\"sameAs\":[\"https:\\\/\\\/www.facebook.com\\\/webdotn\",\"https:\\\/\\\/x.com\\\/webdo_tn\"],\"description\":\"Webdo est un m\u00e9dia num\u00e9rique tunisien fond\u00e9 en 2010, sp\u00e9cialis\u00e9 dans l\u2019actualit\u00e9 nationale et internationale, l\u2019\u00e9conomie, la soci\u00e9t\u00e9 et les analyses politiques. Le site s\u2019adresse \u00e0 un large public francophone et couvre l\u2019information tunisienne en temps r\u00e9el.\",\"email\":\"redac@webdo.tn\",\"legalName\":\"YNJ SARL\",\"foundingDate\":\"2010-09-06\",\"numberOfEmployees\":{\"@type\":\"QuantitativeValue\",\"minValue\":\"11\",\"maxValue\":\"50\"}},{\"@type\":\"Person\",\"@id\":\"https:\\\/\\\/www.webdo.tn\\\/fr\\\/#\\\/schema\\\/person\\\/2c4929cbf5a809e3bd38617c6ce150f6\",\"name\":\"MC\",\"image\":{\"@type\":\"ImageObject\",\"inLanguage\":\"fr-FR\",\"@id\":\"https:\\\/\\\/secure.gravatar.com\\\/avatar\\\/a545bbb6f84efdd5553dbbc2895e3ca8f1d12c5215e00a041c9670b54aa9b18a?s=96&d=mm&r=g\",\"url\":\"https:\\\/\\\/secure.gravatar.com\\\/avatar\\\/a545bbb6f84efdd5553dbbc2895e3ca8f1d12c5215e00a041c9670b54aa9b18a?s=96&d=mm&r=g\",\"contentUrl\":\"https:\\\/\\\/secure.gravatar.com\\\/avatar\\\/a545bbb6f84efdd5553dbbc2895e3ca8f1d12c5215e00a041c9670b54aa9b18a?s=96&d=mm&r=g\",\"caption\":\"MC\"},\"url\":\"https:\\\/\\\/www.webdo.tn\\\/fr\\\/actualite\\\/author\\\/mc\\\/\"}]}<\/script>\n<!-- \/ Yoast SEO Premium plugin. -->","yoast_head_json":{"title":"L'Initiative tient sa premi\u00e8re r\u00e9union \u00e0 Tunis","description":"L'Initiative de salut national lanc\u00e9e par l'Union g\u00e9n\u00e9rale tunisienne du travail (UGTT), la Ligue tunisienne de d\u00e9fense des droits de l'homme (LTDH), l'Ordre de...","canonical":"https:\/\/www.webdo.tn\/fr\/actualite\/national\/l-initiative-tient-sa-premiere-reunion-a-tunis\/202309\/","og_locale":"fr_FR","og_type":"article","og_title":"\"L'Initiative\" tient sa premi\u00e8re r\u00e9union \u00e0 Tunis","og_description":"L'Initiative de salut national lanc\u00e9e par l'Union g\u00e9n\u00e9rale tunisienne du travail (UGTT), la Ligue tunisienne de d\u00e9fense des droits de l'homme (LTDH), l'Ordre de...","og_url":"https:\/\/www.webdo.tn\/fr\/actualite\/national\/l-initiative-tient-sa-premiere-reunion-a-tunis\/202309\/","og_site_name":"webdo","article_publisher":"https:\/\/www.facebook.com\/webdotn","article_published_time":"2023-01-27T14:34:00+00:00","article_modified_time":"2025-05-20T22:07:12+00:00","og_image":[{"width":750,"height":400,"url":"https:\/\/www.webdo.tn\/fr\/wp-content\/uploads\/2023\/01\/490bf1a2bf465db84965322274a56798.jpg","type":"image\/jpeg"}],"author":"MC","twitter_card":"summary_large_image","twitter_creator":"@webdo_tn","twitter_site":"@webdo_tn","twitter_misc":{"\u00c9crit par":"MC","Dur\u00e9e de lecture estim\u00e9e":"1 minute"},"schema":{"@context":"https:\/\/schema.org","@graph":[{"@type":"NewsArticle","@id":"https:\/\/www.webdo.tn\/fr\/actualite\/national\/l-initiative-tient-sa-premiere-reunion-a-tunis\/202309\/#article","isPartOf":{"@id":"https:\/\/www.webdo.tn\/fr\/actualite\/national\/l-initiative-tient-sa-premiere-reunion-a-tunis\/202309\/"},"author":{"name":"MC","@id":"https:\/\/www.webdo.tn\/fr\/#\/schema\/person\/2c4929cbf5a809e3bd38617c6ce150f6"},"headline":"\u00ab\u00a0L&rsquo;Initiative\u00a0\u00bb tient sa premi\u00e8re r\u00e9union \u00e0 Tunis","datePublished":"2023-01-27T14:34:00+00:00","dateModified":"2025-05-20T22:07:12+00:00","mainEntityOfPage":{"@id":"https:\/\/www.webdo.tn\/fr\/actualite\/national\/l-initiative-tient-sa-premiere-reunion-a-tunis\/202309\/"},"wordCount":316,"commentCount":0,"publisher":{"@id":"https:\/\/www.webdo.tn\/fr\/#organization"},"image":{"@id":"https:\/\/www.webdo.tn\/fr\/actualite\/national\/l-initiative-tient-sa-premiere-reunion-a-tunis\/202309\/#primaryimage"},"thumbnailUrl":"https:\/\/www.webdo.tn\/fr\/wp-content\/uploads\/2023\/01\/490bf1a2bf465db84965322274a56798.jpg","keywords":["ftdes","initiative de salut","LTDH","onat","UGTT"],"articleSection":["National"],"inLanguage":"fr-FR"},{"@type":"WebPage","@id":"https:\/\/www.webdo.tn\/fr\/actualite\/national\/l-initiative-tient-sa-premiere-reunion-a-tunis\/202309\/","url":"https:\/\/www.webdo.tn\/fr\/actualite\/national\/l-initiative-tient-sa-premiere-reunion-a-tunis\/202309\/","name":"L'Initiative tient sa premi\u00e8re r\u00e9union \u00e0 Tunis","isPartOf":{"@id":"https:\/\/www.webdo.tn\/fr\/#website"},"primaryImageOfPage":{"@id":"https:\/\/www.webdo.tn\/fr\/actualite\/national\/l-initiative-tient-sa-premiere-reunion-a-tunis\/202309\/#primaryimage"},"image":{"@id":"https:\/\/www.webdo.tn\/fr\/actualite\/national\/l-initiative-tient-sa-premiere-reunion-a-tunis\/202309\/#primaryimage"},"thumbnailUrl":"https:\/\/www.webdo.tn\/fr\/wp-content\/uploads\/2023\/01\/490bf1a2bf465db84965322274a56798.jpg","datePublished":"2023-01-27T14:34:00+00:00","dateModified":"2025-05-20T22:07:12+00:00","description":"L'Initiative de salut national lanc\u00e9e par l'Union g\u00e9n\u00e9rale tunisienne du travail (UGTT), la Ligue tunisienne de d\u00e9fense des droits de l'homme (LTDH), l'Ordre de...","breadcrumb":{"@id":"https:\/\/www.webdo.tn\/fr\/actualite\/national\/l-initiative-tient-sa-premiere-reunion-a-tunis\/202309\/#breadcrumb"},"inLanguage":"fr-FR","potentialAction":[{"@type":"ReadAction","target":["https:\/\/www.webdo.tn\/fr\/actualite\/national\/l-initiative-tient-sa-premiere-reunion-a-tunis\/202309\/"]}]},{"@type":"ImageObject","inLanguage":"fr-FR","@id":"https:\/\/www.webdo.tn\/fr\/actualite\/national\/l-initiative-tient-sa-premiere-reunion-a-tunis\/202309\/#primaryimage","url":"https:\/\/www.webdo.tn\/fr\/wp-content\/uploads\/2023\/01\/490bf1a2bf465db84965322274a56798.jpg","contentUrl":"https:\/\/www.webdo.tn\/fr\/wp-content\/uploads\/2023\/01\/490bf1a2bf465db84965322274a56798.jpg","width":750,"height":400,"caption":"\"L'Initiative\" tient sa premi\u00e8re r\u00e9union \u00e0 Tunis"},{"@type":"BreadcrumbList","@id":"https:\/\/www.webdo.tn\/fr\/actualite\/national\/l-initiative-tient-sa-premiere-reunion-a-tunis\/202309\/#breadcrumb","itemListElement":[{"@type":"ListItem","position":1,"name":"Accueil","item":"https:\/\/www.webdo.tn\/fr\/"},{"@type":"ListItem","position":2,"name":"\u00ab\u00a0L&rsquo;Initiative\u00a0\u00bb tient sa premi\u00e8re r\u00e9union \u00e0 Tunis"}]},{"@type":"WebSite","@id":"https:\/\/www.webdo.tn\/fr\/#website","url":"https:\/\/www.webdo.tn\/fr\/","name":"webdo","description":"Tunisie - News en Tunisie et \u00e0 l&#039;international sur Webdo.tn","publisher":{"@id":"https:\/\/www.webdo.tn\/fr\/#organization"},"potentialAction":[{"@type":"SearchAction","target":{"@type":"EntryPoint","urlTemplate":"https:\/\/www.webdo.tn\/fr\/?s={search_term_string}"},"query-input":{"@type":"PropertyValueSpecification","valueRequired":true,"valueName":"search_term_string"}}],"inLanguage":"fr-FR"},{"@type":"Organization","@id":"https:\/\/www.webdo.tn\/fr\/#organization","name":"Webdo","alternateName":"Webdo.tn","url":"https:\/\/www.webdo.tn\/fr\/","logo":{"@type":"ImageObject","inLanguage":"fr-FR","@id":"https:\/\/www.webdo.tn\/fr\/#\/schema\/logo\/image\/","url":"https:\/\/www.webdo.tn\/fr\/wp-content\/uploads\/2025\/06\/Webdo-Tunisie_168377.jpg","contentUrl":"https:\/\/www.webdo.tn\/fr\/wp-content\/uploads\/2025\/06\/Webdo-Tunisie_168377.jpg","width":301,"height":301,"caption":"Webdo"},"image":{"@id":"https:\/\/www.webdo.tn\/fr\/#\/schema\/logo\/image\/"},"sameAs":["https:\/\/www.facebook.com\/webdotn","https:\/\/x.com\/webdo_tn"],"description":"Webdo est un m\u00e9dia num\u00e9rique tunisien fond\u00e9 en 2010, sp\u00e9cialis\u00e9 dans l\u2019actualit\u00e9 nationale et internationale, l\u2019\u00e9conomie, la soci\u00e9t\u00e9 et les analyses politiques. Le site s\u2019adresse \u00e0 un large public francophone et couvre l\u2019information tunisienne en temps r\u00e9el.","email":"redac@webdo.tn","legalName":"YNJ SARL","foundingDate":"2010-09-06","numberOfEmployees":{"@type":"QuantitativeValue","minValue":"11","maxValue":"50"}},{"@type":"Person","@id":"https:\/\/www.webdo.tn\/fr\/#\/schema\/person\/2c4929cbf5a809e3bd38617c6ce150f6","name":"MC","image":{"@type":"ImageObject","inLanguage":"fr-FR","@id":"https:\/\/secure.gravatar.com\/avatar\/a545bbb6f84efdd5553dbbc2895e3ca8f1d12c5215e00a041c9670b54aa9b18a?s=96&d=mm&r=g","url":"https:\/\/secure.gravatar.com\/avatar\/a545bbb6f84efdd5553dbbc2895e3ca8f1d12c5215e00a041c9670b54aa9b18a?s=96&d=mm&r=g","contentUrl":"https:\/\/secure.gravatar.com\/avatar\/a545bbb6f84efdd5553dbbc2895e3ca8f1d12c5215e00a041c9670b54aa9b18a?s=96&d=mm&r=g","caption":"MC"},"url":"https:\/\/www.webdo.tn\/fr\/actualite\/author\/mc\/"}]}},"_links":{"self":[{"href":"https:\/\/www.webdo.tn\/fr\/wp-json\/wp\/v2\/posts\/202309","targetHints":{"allow":["GET"]}}],"collection":[{"href":"https:\/\/www.webdo.tn\/fr\/wp-json\/wp\/v2\/posts"}],"about":[{"href":"https:\/\/www.webdo.tn\/fr\/wp-json\/wp\/v2\/types\/post"}],"author":[{"embeddable":true,"href":"https:\/\/www.webdo.tn\/fr\/wp-json\/wp\/v2\/users\/3162"}],"replies":[{"embeddable":true,"href":"https:\/\/www.webdo.tn\/fr\/wp-json\/wp\/v2\/comments?post=202309"}],"version-history":[{"count":0,"href":"https:\/\/www.webdo.tn\/fr\/wp-json\/wp\/v2\/posts\/202309\/revisions"}],"wp:featuredmedia":[{"embeddable":true,"href":"https:\/\/www.webdo.tn\/fr\/wp-json\/wp\/v2\/media\/277634"}],"wp:attachment":[{"href":"https:\/\/www.webdo.tn\/fr\/wp-json\/wp\/v2\/media?parent=202309"}],"wp:term":[{"taxonomy":"category","embeddable":true,"href":"https:\/\/www.webdo.tn\/fr\/wp-json\/wp\/v2\/categories?post=202309"},{"taxonomy":"post_tag","embeddable":true,"href":"https:\/\/www.webdo.tn\/fr\/wp-json\/wp\/v2\/tags?post=202309"}],"curies":[{"name":"wp","href":"https:\/\/api.w.org\/{rel}","templated":true}]}}