{"id":202302,"date":"2023-01-27T12:40:00","date_gmt":"2023-01-27T12:40:00","guid":{"rendered":"https:\/\/www.webdo.tn\/fr\/blog\/chaima-issa-maintenue-en-etat-de-liberte\/202302\/"},"modified":"2025-05-20T22:07:11","modified_gmt":"2025-05-20T22:07:11","slug":"chaima-issa-maintenue-en-etat-de-liberte","status":"publish","type":"post","link":"https:\/\/www.webdo.tn\/fr\/actualite\/national\/chaima-issa-maintenue-en-etat-de-liberte\/202302\/","title":{"rendered":"Chaima Issa maintenue en \u00e9tat de libert\u00e9"},"content":{"rendered":"<p>Chaima Issa, membre de l\u2019instance politique du Front de salut national (FSN), a comparu, ce vendredi 27 janvier 2023, devant le juge d&rsquo;instruction du troisi\u00e8me bureau du Tribunal militaire de Tunis.<\/p>\n<p>\t\t\t\t\t\t\t\t\tSuite \u00e0 son audition elle a \u00e9t\u00e9 maintenue en \u00e9tat de libert\u00e9 alors qu\u2019elle est interdite de voyage depuis son audition de la semaine derni\u00e8re.<\/p>\n<p>Chaima Issa avait comparu, le 19 janvier dernier, devant la brigade criminelle de la garde nationale de Ben Arous o\u00f9 elle avait \u00e9t\u00e9 interrog\u00e9e pour suspicions de propagation de fausses informations.<\/p>\n<p>Apr\u00e8s avoir \u00e9t\u00e9 auditionn\u00e9e par le troisi\u00e8me juge d\u2019instruction pr\u00e8s le Tribunal militaire permanent de Tunis, elle avait \u00e9t\u00e9 laiss\u00e9e en \u00e9tat de libert\u00e9 mais interdite de voyage.<\/p>\n<p>Chaima Issa fait l&rsquo;objet de poursuites en vertu du d\u00e9cret 54 relatif \u00e0 la lutte contre les infractions se rapportant aux syst\u00e8mes d&rsquo;information et de communication.<\/p>\n<p>Suite \u00e0 une d\u00e9claration m\u00e9diatique sur les ondes de IFM datant du 22 d\u00e9cembre 2022,\u00a0 la ministre de la Justice, Leila Jaffel a engag\u00e9 des poursuites contre Chaima Issa qui est accus\u00e9e d&rsquo;avoir incit\u00e9 l&rsquo;arm\u00e9e \u00e0 d\u00e9sob\u00e9ir, d&rsquo;offense contre le chef de l&rsquo;\u00c9tat et d\u2019atteinte \u00e0 la s\u00e9curit\u00e9 nationale.<\/p>\n","protected":false},"excerpt":{"rendered":"<p>Chaima Issa, membre de l\u2019instance politique du Front de salut national (FSN), a comparu, ce vendredi 27 janvier 2023, devant le juge d&rsquo;instruction du troisi\u00e8me&#8230;<\/p>\n","protected":false},"author":3162,"featured_media":277628,"comment_status":"open","ping_status":"closed","sticky":false,"template":"","format":"standard","meta":{"footnotes":""},"categories":[44],"tags":[6357,3284,2619],"class_list":["post-202302","post","type-post","status-publish","format-standard","has-post-thumbnail","hentry","category-national","tag-chaima-issa","tag-decret-54","tag-justice"],"yoast_head":"<!-- This site is optimized with the Yoast SEO Premium plugin v27.5 (Yoast SEO v27.5) - https:\/\/yoast.com\/product\/yoast-seo-premium-wordpress\/ -->\n<title>Chaima Issa maintenue en \u00e9tat de libert\u00e9<\/title>\n<meta name=\"description\" content=\"Chaima Issa, membre de l\u2019instance politique du Front de salut national (FSN), a comparu, ce vendredi 27 janvier 2023, devant le juge d&#039;instruction du troisi\u00e8me...\" \/>\n<link rel=\"canonical\" href=\"https:\/\/www.webdo.tn\/fr\/actualite\/national\/chaima-issa-maintenue-en-etat-de-liberte\/202302\/\" \/>\n<meta property=\"og:locale\" content=\"fr_FR\" \/>\n<meta property=\"og:type\" content=\"article\" \/>\n<meta property=\"og:title\" content=\"Chaima Issa maintenue en \u00e9tat de libert\u00e9\" \/>\n<meta property=\"og:description\" content=\"Chaima Issa, membre de l\u2019instance politique du Front de salut national (FSN), a comparu, ce vendredi 27 janvier 2023, devant le juge d&#039;instruction du troisi\u00e8me...\" \/>\n<meta property=\"og:url\" content=\"https:\/\/www.webdo.tn\/fr\/actualite\/national\/chaima-issa-maintenue-en-etat-de-liberte\/202302\/\" \/>\n<meta property=\"og:site_name\" content=\"webdo\" \/>\n<meta property=\"article:publisher\" content=\"https:\/\/www.facebook.com\/webdotn\" \/>\n<meta property=\"article:published_time\" content=\"2023-01-27T12:40:00+00:00\" \/>\n<meta property=\"article:modified_time\" content=\"2025-05-20T22:07:11+00:00\" \/>\n<meta property=\"og:image\" content=\"https:\/\/www.webdo.tn\/fr\/wp-content\/uploads\/2023\/01\/07035a9db5a44b817d4e6d37faa1124e.jpg\" \/>\n\t<meta property=\"og:image:width\" content=\"726\" \/>\n\t<meta property=\"og:image:height\" content=\"387\" \/>\n\t<meta property=\"og:image:type\" content=\"image\/jpeg\" \/>\n<meta name=\"author\" content=\"MC\" \/>\n<meta name=\"twitter:card\" content=\"summary_large_image\" \/>\n<meta name=\"twitter:creator\" content=\"@webdo_tn\" \/>\n<meta name=\"twitter:site\" content=\"@webdo_tn\" \/>\n<meta name=\"twitter:label1\" content=\"\u00c9crit par\" \/>\n\t<meta name=\"twitter:data1\" content=\"MC\" \/>\n\t<meta name=\"twitter:label2\" content=\"Dur\u00e9e de lecture estim\u00e9e\" \/>\n\t<meta name=\"twitter:data2\" content=\"1 minute\" \/>\n<script type=\"application\/ld+json\" class=\"yoast-schema-graph\">{\"@context\":\"https:\\\/\\\/schema.org\",\"@graph\":[{\"@type\":\"NewsArticle\",\"@id\":\"https:\\\/\\\/www.webdo.tn\\\/fr\\\/actualite\\\/national\\\/chaima-issa-maintenue-en-etat-de-liberte\\\/202302\\\/#article\",\"isPartOf\":{\"@id\":\"https:\\\/\\\/www.webdo.tn\\\/fr\\\/actualite\\\/national\\\/chaima-issa-maintenue-en-etat-de-liberte\\\/202302\\\/\"},\"author\":{\"name\":\"MC\",\"@id\":\"https:\\\/\\\/www.webdo.tn\\\/fr\\\/#\\\/schema\\\/person\\\/2c4929cbf5a809e3bd38617c6ce150f6\"},\"headline\":\"Chaima Issa maintenue en \u00e9tat de libert\u00e9\",\"datePublished\":\"2023-01-27T12:40:00+00:00\",\"dateModified\":\"2025-05-20T22:07:11+00:00\",\"mainEntityOfPage\":{\"@id\":\"https:\\\/\\\/www.webdo.tn\\\/fr\\\/actualite\\\/national\\\/chaima-issa-maintenue-en-etat-de-liberte\\\/202302\\\/\"},\"wordCount\":215,\"commentCount\":0,\"publisher\":{\"@id\":\"https:\\\/\\\/www.webdo.tn\\\/fr\\\/#organization\"},\"image\":{\"@id\":\"https:\\\/\\\/www.webdo.tn\\\/fr\\\/actualite\\\/national\\\/chaima-issa-maintenue-en-etat-de-liberte\\\/202302\\\/#primaryimage\"},\"thumbnailUrl\":\"https:\\\/\\\/www.webdo.tn\\\/fr\\\/wp-content\\\/uploads\\\/2023\\\/01\\\/07035a9db5a44b817d4e6d37faa1124e.jpg\",\"keywords\":[\"Chaima Issa\",\"d\u00e9cret 54\",\"justice\"],\"articleSection\":[\"National\"],\"inLanguage\":\"fr-FR\"},{\"@type\":\"WebPage\",\"@id\":\"https:\\\/\\\/www.webdo.tn\\\/fr\\\/actualite\\\/national\\\/chaima-issa-maintenue-en-etat-de-liberte\\\/202302\\\/\",\"url\":\"https:\\\/\\\/www.webdo.tn\\\/fr\\\/actualite\\\/national\\\/chaima-issa-maintenue-en-etat-de-liberte\\\/202302\\\/\",\"name\":\"Chaima Issa maintenue en \u00e9tat de libert\u00e9\",\"isPartOf\":{\"@id\":\"https:\\\/\\\/www.webdo.tn\\\/fr\\\/#website\"},\"primaryImageOfPage\":{\"@id\":\"https:\\\/\\\/www.webdo.tn\\\/fr\\\/actualite\\\/national\\\/chaima-issa-maintenue-en-etat-de-liberte\\\/202302\\\/#primaryimage\"},\"image\":{\"@id\":\"https:\\\/\\\/www.webdo.tn\\\/fr\\\/actualite\\\/national\\\/chaima-issa-maintenue-en-etat-de-liberte\\\/202302\\\/#primaryimage\"},\"thumbnailUrl\":\"https:\\\/\\\/www.webdo.tn\\\/fr\\\/wp-content\\\/uploads\\\/2023\\\/01\\\/07035a9db5a44b817d4e6d37faa1124e.jpg\",\"datePublished\":\"2023-01-27T12:40:00+00:00\",\"dateModified\":\"2025-05-20T22:07:11+00:00\",\"description\":\"Chaima Issa, membre de l\u2019instance politique du Front de salut national (FSN), a comparu, ce vendredi 27 janvier 2023, devant le juge d'instruction du troisi\u00e8me...\",\"breadcrumb\":{\"@id\":\"https:\\\/\\\/www.webdo.tn\\\/fr\\\/actualite\\\/national\\\/chaima-issa-maintenue-en-etat-de-liberte\\\/202302\\\/#breadcrumb\"},\"inLanguage\":\"fr-FR\",\"potentialAction\":[{\"@type\":\"ReadAction\",\"target\":[\"https:\\\/\\\/www.webdo.tn\\\/fr\\\/actualite\\\/national\\\/chaima-issa-maintenue-en-etat-de-liberte\\\/202302\\\/\"]}]},{\"@type\":\"ImageObject\",\"inLanguage\":\"fr-FR\",\"@id\":\"https:\\\/\\\/www.webdo.tn\\\/fr\\\/actualite\\\/national\\\/chaima-issa-maintenue-en-etat-de-liberte\\\/202302\\\/#primaryimage\",\"url\":\"https:\\\/\\\/www.webdo.tn\\\/fr\\\/wp-content\\\/uploads\\\/2023\\\/01\\\/07035a9db5a44b817d4e6d37faa1124e.jpg\",\"contentUrl\":\"https:\\\/\\\/www.webdo.tn\\\/fr\\\/wp-content\\\/uploads\\\/2023\\\/01\\\/07035a9db5a44b817d4e6d37faa1124e.jpg\",\"width\":726,\"height\":387,\"caption\":\"Chaima Issa maintenue en \u00e9tat de libert\u00e9\"},{\"@type\":\"BreadcrumbList\",\"@id\":\"https:\\\/\\\/www.webdo.tn\\\/fr\\\/actualite\\\/national\\\/chaima-issa-maintenue-en-etat-de-liberte\\\/202302\\\/#breadcrumb\",\"itemListElement\":[{\"@type\":\"ListItem\",\"position\":1,\"name\":\"Accueil\",\"item\":\"https:\\\/\\\/www.webdo.tn\\\/fr\\\/\"},{\"@type\":\"ListItem\",\"position\":2,\"name\":\"Chaima Issa maintenue en \u00e9tat de libert\u00e9\"}]},{\"@type\":\"WebSite\",\"@id\":\"https:\\\/\\\/www.webdo.tn\\\/fr\\\/#website\",\"url\":\"https:\\\/\\\/www.webdo.tn\\\/fr\\\/\",\"name\":\"webdo\",\"description\":\"Tunisie - News en Tunisie et \u00e0 l&#039;international sur Webdo.tn\",\"publisher\":{\"@id\":\"https:\\\/\\\/www.webdo.tn\\\/fr\\\/#organization\"},\"potentialAction\":[{\"@type\":\"SearchAction\",\"target\":{\"@type\":\"EntryPoint\",\"urlTemplate\":\"https:\\\/\\\/www.webdo.tn\\\/fr\\\/?s={search_term_string}\"},\"query-input\":{\"@type\":\"PropertyValueSpecification\",\"valueRequired\":true,\"valueName\":\"search_term_string\"}}],\"inLanguage\":\"fr-FR\"},{\"@type\":\"Organization\",\"@id\":\"https:\\\/\\\/www.webdo.tn\\\/fr\\\/#organization\",\"name\":\"Webdo\",\"alternateName\":\"Webdo.tn\",\"url\":\"https:\\\/\\\/www.webdo.tn\\\/fr\\\/\",\"logo\":{\"@type\":\"ImageObject\",\"inLanguage\":\"fr-FR\",\"@id\":\"https:\\\/\\\/www.webdo.tn\\\/fr\\\/#\\\/schema\\\/logo\\\/image\\\/\",\"url\":\"https:\\\/\\\/www.webdo.tn\\\/fr\\\/wp-content\\\/uploads\\\/2025\\\/06\\\/Webdo-Tunisie_168377.jpg\",\"contentUrl\":\"https:\\\/\\\/www.webdo.tn\\\/fr\\\/wp-content\\\/uploads\\\/2025\\\/06\\\/Webdo-Tunisie_168377.jpg\",\"width\":301,\"height\":301,\"caption\":\"Webdo\"},\"image\":{\"@id\":\"https:\\\/\\\/www.webdo.tn\\\/fr\\\/#\\\/schema\\\/logo\\\/image\\\/\"},\"sameAs\":[\"https:\\\/\\\/www.facebook.com\\\/webdotn\",\"https:\\\/\\\/x.com\\\/webdo_tn\"],\"description\":\"Webdo est un m\u00e9dia num\u00e9rique tunisien fond\u00e9 en 2010, sp\u00e9cialis\u00e9 dans l\u2019actualit\u00e9 nationale et internationale, l\u2019\u00e9conomie, la soci\u00e9t\u00e9 et les analyses politiques. Le site s\u2019adresse \u00e0 un large public francophone et couvre l\u2019information tunisienne en temps r\u00e9el.\",\"email\":\"redac@webdo.tn\",\"legalName\":\"YNJ SARL\",\"foundingDate\":\"2010-09-06\",\"numberOfEmployees\":{\"@type\":\"QuantitativeValue\",\"minValue\":\"11\",\"maxValue\":\"50\"}},{\"@type\":\"Person\",\"@id\":\"https:\\\/\\\/www.webdo.tn\\\/fr\\\/#\\\/schema\\\/person\\\/2c4929cbf5a809e3bd38617c6ce150f6\",\"name\":\"MC\",\"image\":{\"@type\":\"ImageObject\",\"inLanguage\":\"fr-FR\",\"@id\":\"https:\\\/\\\/secure.gravatar.com\\\/avatar\\\/a545bbb6f84efdd5553dbbc2895e3ca8f1d12c5215e00a041c9670b54aa9b18a?s=96&d=mm&r=g\",\"url\":\"https:\\\/\\\/secure.gravatar.com\\\/avatar\\\/a545bbb6f84efdd5553dbbc2895e3ca8f1d12c5215e00a041c9670b54aa9b18a?s=96&d=mm&r=g\",\"contentUrl\":\"https:\\\/\\\/secure.gravatar.com\\\/avatar\\\/a545bbb6f84efdd5553dbbc2895e3ca8f1d12c5215e00a041c9670b54aa9b18a?s=96&d=mm&r=g\",\"caption\":\"MC\"},\"url\":\"https:\\\/\\\/www.webdo.tn\\\/fr\\\/actualite\\\/author\\\/mc\\\/\"}]}<\/script>\n<!-- \/ Yoast SEO Premium plugin. -->","yoast_head_json":{"title":"Chaima Issa maintenue en \u00e9tat de libert\u00e9","description":"Chaima Issa, membre de l\u2019instance politique du Front de salut national (FSN), a comparu, ce vendredi 27 janvier 2023, devant le juge d'instruction du troisi\u00e8me...","canonical":"https:\/\/www.webdo.tn\/fr\/actualite\/national\/chaima-issa-maintenue-en-etat-de-liberte\/202302\/","og_locale":"fr_FR","og_type":"article","og_title":"Chaima Issa maintenue en \u00e9tat de libert\u00e9","og_description":"Chaima Issa, membre de l\u2019instance politique du Front de salut national (FSN), a comparu, ce vendredi 27 janvier 2023, devant le juge d'instruction du troisi\u00e8me...","og_url":"https:\/\/www.webdo.tn\/fr\/actualite\/national\/chaima-issa-maintenue-en-etat-de-liberte\/202302\/","og_site_name":"webdo","article_publisher":"https:\/\/www.facebook.com\/webdotn","article_published_time":"2023-01-27T12:40:00+00:00","article_modified_time":"2025-05-20T22:07:11+00:00","og_image":[{"width":726,"height":387,"url":"https:\/\/www.webdo.tn\/fr\/wp-content\/uploads\/2023\/01\/07035a9db5a44b817d4e6d37faa1124e.jpg","type":"image\/jpeg"}],"author":"MC","twitter_card":"summary_large_image","twitter_creator":"@webdo_tn","twitter_site":"@webdo_tn","twitter_misc":{"\u00c9crit par":"MC","Dur\u00e9e de lecture estim\u00e9e":"1 minute"},"schema":{"@context":"https:\/\/schema.org","@graph":[{"@type":"NewsArticle","@id":"https:\/\/www.webdo.tn\/fr\/actualite\/national\/chaima-issa-maintenue-en-etat-de-liberte\/202302\/#article","isPartOf":{"@id":"https:\/\/www.webdo.tn\/fr\/actualite\/national\/chaima-issa-maintenue-en-etat-de-liberte\/202302\/"},"author":{"name":"MC","@id":"https:\/\/www.webdo.tn\/fr\/#\/schema\/person\/2c4929cbf5a809e3bd38617c6ce150f6"},"headline":"Chaima Issa maintenue en \u00e9tat de libert\u00e9","datePublished":"2023-01-27T12:40:00+00:00","dateModified":"2025-05-20T22:07:11+00:00","mainEntityOfPage":{"@id":"https:\/\/www.webdo.tn\/fr\/actualite\/national\/chaima-issa-maintenue-en-etat-de-liberte\/202302\/"},"wordCount":215,"commentCount":0,"publisher":{"@id":"https:\/\/www.webdo.tn\/fr\/#organization"},"image":{"@id":"https:\/\/www.webdo.tn\/fr\/actualite\/national\/chaima-issa-maintenue-en-etat-de-liberte\/202302\/#primaryimage"},"thumbnailUrl":"https:\/\/www.webdo.tn\/fr\/wp-content\/uploads\/2023\/01\/07035a9db5a44b817d4e6d37faa1124e.jpg","keywords":["Chaima Issa","d\u00e9cret 54","justice"],"articleSection":["National"],"inLanguage":"fr-FR"},{"@type":"WebPage","@id":"https:\/\/www.webdo.tn\/fr\/actualite\/national\/chaima-issa-maintenue-en-etat-de-liberte\/202302\/","url":"https:\/\/www.webdo.tn\/fr\/actualite\/national\/chaima-issa-maintenue-en-etat-de-liberte\/202302\/","name":"Chaima Issa maintenue en \u00e9tat de libert\u00e9","isPartOf":{"@id":"https:\/\/www.webdo.tn\/fr\/#website"},"primaryImageOfPage":{"@id":"https:\/\/www.webdo.tn\/fr\/actualite\/national\/chaima-issa-maintenue-en-etat-de-liberte\/202302\/#primaryimage"},"image":{"@id":"https:\/\/www.webdo.tn\/fr\/actualite\/national\/chaima-issa-maintenue-en-etat-de-liberte\/202302\/#primaryimage"},"thumbnailUrl":"https:\/\/www.webdo.tn\/fr\/wp-content\/uploads\/2023\/01\/07035a9db5a44b817d4e6d37faa1124e.jpg","datePublished":"2023-01-27T12:40:00+00:00","dateModified":"2025-05-20T22:07:11+00:00","description":"Chaima Issa, membre de l\u2019instance politique du Front de salut national (FSN), a comparu, ce vendredi 27 janvier 2023, devant le juge d'instruction du troisi\u00e8me...","breadcrumb":{"@id":"https:\/\/www.webdo.tn\/fr\/actualite\/national\/chaima-issa-maintenue-en-etat-de-liberte\/202302\/#breadcrumb"},"inLanguage":"fr-FR","potentialAction":[{"@type":"ReadAction","target":["https:\/\/www.webdo.tn\/fr\/actualite\/national\/chaima-issa-maintenue-en-etat-de-liberte\/202302\/"]}]},{"@type":"ImageObject","inLanguage":"fr-FR","@id":"https:\/\/www.webdo.tn\/fr\/actualite\/national\/chaima-issa-maintenue-en-etat-de-liberte\/202302\/#primaryimage","url":"https:\/\/www.webdo.tn\/fr\/wp-content\/uploads\/2023\/01\/07035a9db5a44b817d4e6d37faa1124e.jpg","contentUrl":"https:\/\/www.webdo.tn\/fr\/wp-content\/uploads\/2023\/01\/07035a9db5a44b817d4e6d37faa1124e.jpg","width":726,"height":387,"caption":"Chaima Issa maintenue en \u00e9tat de libert\u00e9"},{"@type":"BreadcrumbList","@id":"https:\/\/www.webdo.tn\/fr\/actualite\/national\/chaima-issa-maintenue-en-etat-de-liberte\/202302\/#breadcrumb","itemListElement":[{"@type":"ListItem","position":1,"name":"Accueil","item":"https:\/\/www.webdo.tn\/fr\/"},{"@type":"ListItem","position":2,"name":"Chaima Issa maintenue en \u00e9tat de libert\u00e9"}]},{"@type":"WebSite","@id":"https:\/\/www.webdo.tn\/fr\/#website","url":"https:\/\/www.webdo.tn\/fr\/","name":"webdo","description":"Tunisie - News en Tunisie et \u00e0 l&#039;international sur Webdo.tn","publisher":{"@id":"https:\/\/www.webdo.tn\/fr\/#organization"},"potentialAction":[{"@type":"SearchAction","target":{"@type":"EntryPoint","urlTemplate":"https:\/\/www.webdo.tn\/fr\/?s={search_term_string}"},"query-input":{"@type":"PropertyValueSpecification","valueRequired":true,"valueName":"search_term_string"}}],"inLanguage":"fr-FR"},{"@type":"Organization","@id":"https:\/\/www.webdo.tn\/fr\/#organization","name":"Webdo","alternateName":"Webdo.tn","url":"https:\/\/www.webdo.tn\/fr\/","logo":{"@type":"ImageObject","inLanguage":"fr-FR","@id":"https:\/\/www.webdo.tn\/fr\/#\/schema\/logo\/image\/","url":"https:\/\/www.webdo.tn\/fr\/wp-content\/uploads\/2025\/06\/Webdo-Tunisie_168377.jpg","contentUrl":"https:\/\/www.webdo.tn\/fr\/wp-content\/uploads\/2025\/06\/Webdo-Tunisie_168377.jpg","width":301,"height":301,"caption":"Webdo"},"image":{"@id":"https:\/\/www.webdo.tn\/fr\/#\/schema\/logo\/image\/"},"sameAs":["https:\/\/www.facebook.com\/webdotn","https:\/\/x.com\/webdo_tn"],"description":"Webdo est un m\u00e9dia num\u00e9rique tunisien fond\u00e9 en 2010, sp\u00e9cialis\u00e9 dans l\u2019actualit\u00e9 nationale et internationale, l\u2019\u00e9conomie, la soci\u00e9t\u00e9 et les analyses politiques. Le site s\u2019adresse \u00e0 un large public francophone et couvre l\u2019information tunisienne en temps r\u00e9el.","email":"redac@webdo.tn","legalName":"YNJ SARL","foundingDate":"2010-09-06","numberOfEmployees":{"@type":"QuantitativeValue","minValue":"11","maxValue":"50"}},{"@type":"Person","@id":"https:\/\/www.webdo.tn\/fr\/#\/schema\/person\/2c4929cbf5a809e3bd38617c6ce150f6","name":"MC","image":{"@type":"ImageObject","inLanguage":"fr-FR","@id":"https:\/\/secure.gravatar.com\/avatar\/a545bbb6f84efdd5553dbbc2895e3ca8f1d12c5215e00a041c9670b54aa9b18a?s=96&d=mm&r=g","url":"https:\/\/secure.gravatar.com\/avatar\/a545bbb6f84efdd5553dbbc2895e3ca8f1d12c5215e00a041c9670b54aa9b18a?s=96&d=mm&r=g","contentUrl":"https:\/\/secure.gravatar.com\/avatar\/a545bbb6f84efdd5553dbbc2895e3ca8f1d12c5215e00a041c9670b54aa9b18a?s=96&d=mm&r=g","caption":"MC"},"url":"https:\/\/www.webdo.tn\/fr\/actualite\/author\/mc\/"}]}},"_links":{"self":[{"href":"https:\/\/www.webdo.tn\/fr\/wp-json\/wp\/v2\/posts\/202302","targetHints":{"allow":["GET"]}}],"collection":[{"href":"https:\/\/www.webdo.tn\/fr\/wp-json\/wp\/v2\/posts"}],"about":[{"href":"https:\/\/www.webdo.tn\/fr\/wp-json\/wp\/v2\/types\/post"}],"author":[{"embeddable":true,"href":"https:\/\/www.webdo.tn\/fr\/wp-json\/wp\/v2\/users\/3162"}],"replies":[{"embeddable":true,"href":"https:\/\/www.webdo.tn\/fr\/wp-json\/wp\/v2\/comments?post=202302"}],"version-history":[{"count":0,"href":"https:\/\/www.webdo.tn\/fr\/wp-json\/wp\/v2\/posts\/202302\/revisions"}],"wp:featuredmedia":[{"embeddable":true,"href":"https:\/\/www.webdo.tn\/fr\/wp-json\/wp\/v2\/media\/277628"}],"wp:attachment":[{"href":"https:\/\/www.webdo.tn\/fr\/wp-json\/wp\/v2\/media?parent=202302"}],"wp:term":[{"taxonomy":"category","embeddable":true,"href":"https:\/\/www.webdo.tn\/fr\/wp-json\/wp\/v2\/categories?post=202302"},{"taxonomy":"post_tag","embeddable":true,"href":"https:\/\/www.webdo.tn\/fr\/wp-json\/wp\/v2\/tags?post=202302"}],"curies":[{"name":"wp","href":"https:\/\/api.w.org\/{rel}","templated":true}]}}