{"id":202285,"date":"2023-01-26T20:44:00","date_gmt":"2023-01-26T20:44:00","guid":{"rendered":"https:\/\/www.webdo.tn\/fr\/blog\/la-police-judiciaire-enquete-sur-une-affaire-de-sabotage-des-elections\/202285\/"},"modified":"2025-05-20T22:07:09","modified_gmt":"2025-05-20T22:07:09","slug":"la-police-judiciaire-enquete-sur-une-affaire-de-sabotage-des-elections","status":"publish","type":"post","link":"https:\/\/www.webdo.tn\/fr\/actualite\/national\/la-police-judiciaire-enquete-sur-une-affaire-de-sabotage-des-elections\/202285\/","title":{"rendered":"La police judiciaire enqu\u00eate sur une affaire de sabotage des \u00e9lections"},"content":{"rendered":"<p>Le minist\u00e8re de l\u2019Int\u00e9rieur a publi\u00e9, ce jeudi 26 janvier, un communiqu\u00e9, dans lequel il annonce que la police judiciaire a pris en charge une affaire relative \u00e0 \u00ab\u00a0la formation d\u2019une bande et d\u2019une association de malfaiteurs\u00a0\u00bb<\/p>\n<p>\t\t\t\t\t\t\t\t\tSelon le d\u00e9partement de l\u2019Int\u00e9rieur, la police judiciaire a \u00e9t\u00e9 charg\u00e9e par le juge d&rsquo;instruction du Tribunal de Premi\u00e8re Instance de Tunis, d\u2019enqu\u00eater \u00e0 propos \u00ab\u00a0d\u2019un groupe d\u2019individus ayant pour objectif de s\u2019en prendre aux citoyens et aux biens, de verser des pots-de-vin pour influencer le choix des \u00e9lecteurs, et de participer \u00e0 la campagne \u00e9lectorale \u00e0 travers de l\u2019argent d\u2019origine inconnue.<\/p>\n<p>Le communiqu\u00e9 du minist\u00e8re ajoute que des poursuites ont \u00e9t\u00e9 engag\u00e9es contre des individus ayant planifi\u00e9 des mouvements pour semer l\u2019anarchie.<\/p>\n<p>Le MI ajoute que cette affaire converge dans son int\u00e9gralit\u00e9 avec les r\u00e9sultats d\u2019une enqu\u00eate approfondie, annonc\u00e9s le 2 novembre 2022 concernant les intentions de certaines parties ayant planifi\u00e9 un plan de sabotage servant des agendas sp\u00e9cifiques.<\/p>\n","protected":false},"excerpt":{"rendered":"<p>Le minist\u00e8re de l\u2019Int\u00e9rieur a publi\u00e9, ce jeudi 26 janvier, un communiqu\u00e9, dans lequel il annonce que la police judiciaire a pris en charge une affaire relative&#8230;<\/p>\n","protected":false},"author":3162,"featured_media":277657,"comment_status":"open","ping_status":"closed","sticky":false,"template":"","format":"standard","meta":{"footnotes":""},"categories":[44],"tags":[3923,9303,9302],"class_list":["post-202285","post","type-post","status-publish","format-standard","has-post-thumbnail","hentry","category-national","tag-elections","tag-police-judiciaire","tag-sabotage"],"yoast_head":"<!-- This site is optimized with the Yoast SEO Premium plugin v27.5 (Yoast SEO v27.5) - https:\/\/yoast.com\/product\/yoast-seo-premium-wordpress\/ -->\n<title>La police judiciaire enqu\u00eate sur une affaire de sabotage des \u00e9lections<\/title>\n<meta name=\"description\" content=\"Le minist\u00e8re de l\u2019Int\u00e9rieur a publi\u00e9, ce jeudi 26 janvier, un communiqu\u00e9, dans lequel il annonce que la police judiciaire a pris en charge une affaire relative...\" \/>\n<link rel=\"canonical\" href=\"https:\/\/www.webdo.tn\/fr\/actualite\/national\/la-police-judiciaire-enquete-sur-une-affaire-de-sabotage-des-elections\/202285\/\" \/>\n<meta property=\"og:locale\" content=\"fr_FR\" \/>\n<meta property=\"og:type\" content=\"article\" \/>\n<meta property=\"og:title\" content=\"La police judiciaire enqu\u00eate sur une affaire de sabotage des \u00e9lections\" \/>\n<meta property=\"og:description\" content=\"Le minist\u00e8re de l\u2019Int\u00e9rieur a publi\u00e9, ce jeudi 26 janvier, un communiqu\u00e9, dans lequel il annonce que la police judiciaire a pris en charge une affaire relative...\" \/>\n<meta property=\"og:url\" content=\"https:\/\/www.webdo.tn\/fr\/actualite\/national\/la-police-judiciaire-enquete-sur-une-affaire-de-sabotage-des-elections\/202285\/\" \/>\n<meta property=\"og:site_name\" content=\"webdo\" \/>\n<meta property=\"article:publisher\" content=\"https:\/\/www.facebook.com\/webdotn\" \/>\n<meta property=\"article:published_time\" content=\"2023-01-26T20:44:00+00:00\" \/>\n<meta property=\"article:modified_time\" content=\"2025-05-20T22:07:09+00:00\" \/>\n<meta property=\"og:image\" content=\"https:\/\/www.webdo.tn\/fr\/wp-content\/uploads\/2023\/01\/f9d98afaa7278a223217e1cc5b8dab7b.jpg\" \/>\n\t<meta property=\"og:image:width\" content=\"750\" \/>\n\t<meta property=\"og:image:height\" content=\"400\" \/>\n\t<meta property=\"og:image:type\" content=\"image\/jpeg\" \/>\n<meta name=\"author\" content=\"MC\" \/>\n<meta name=\"twitter:card\" content=\"summary_large_image\" \/>\n<meta name=\"twitter:creator\" content=\"@webdo_tn\" \/>\n<meta name=\"twitter:site\" content=\"@webdo_tn\" \/>\n<meta name=\"twitter:label1\" content=\"\u00c9crit par\" \/>\n\t<meta name=\"twitter:data1\" content=\"MC\" \/>\n\t<meta name=\"twitter:label2\" content=\"Dur\u00e9e de lecture estim\u00e9e\" \/>\n\t<meta name=\"twitter:data2\" content=\"1 minute\" \/>\n<script type=\"application\/ld+json\" class=\"yoast-schema-graph\">{\"@context\":\"https:\\\/\\\/schema.org\",\"@graph\":[{\"@type\":\"NewsArticle\",\"@id\":\"https:\\\/\\\/www.webdo.tn\\\/fr\\\/actualite\\\/national\\\/la-police-judiciaire-enquete-sur-une-affaire-de-sabotage-des-elections\\\/202285\\\/#article\",\"isPartOf\":{\"@id\":\"https:\\\/\\\/www.webdo.tn\\\/fr\\\/actualite\\\/national\\\/la-police-judiciaire-enquete-sur-une-affaire-de-sabotage-des-elections\\\/202285\\\/\"},\"author\":{\"name\":\"MC\",\"@id\":\"https:\\\/\\\/www.webdo.tn\\\/fr\\\/#\\\/schema\\\/person\\\/2c4929cbf5a809e3bd38617c6ce150f6\"},\"headline\":\"La police judiciaire enqu\u00eate sur une affaire de sabotage des \u00e9lections\",\"datePublished\":\"2023-01-26T20:44:00+00:00\",\"dateModified\":\"2025-05-20T22:07:09+00:00\",\"mainEntityOfPage\":{\"@id\":\"https:\\\/\\\/www.webdo.tn\\\/fr\\\/actualite\\\/national\\\/la-police-judiciaire-enquete-sur-une-affaire-de-sabotage-des-elections\\\/202285\\\/\"},\"wordCount\":189,\"commentCount\":0,\"publisher\":{\"@id\":\"https:\\\/\\\/www.webdo.tn\\\/fr\\\/#organization\"},\"image\":{\"@id\":\"https:\\\/\\\/www.webdo.tn\\\/fr\\\/actualite\\\/national\\\/la-police-judiciaire-enquete-sur-une-affaire-de-sabotage-des-elections\\\/202285\\\/#primaryimage\"},\"thumbnailUrl\":\"https:\\\/\\\/www.webdo.tn\\\/fr\\\/wp-content\\\/uploads\\\/2023\\\/01\\\/f9d98afaa7278a223217e1cc5b8dab7b.jpg\",\"keywords\":[\"\u00e9lections\",\"police judiciaire\",\"sabotage\"],\"articleSection\":[\"National\"],\"inLanguage\":\"fr-FR\"},{\"@type\":\"WebPage\",\"@id\":\"https:\\\/\\\/www.webdo.tn\\\/fr\\\/actualite\\\/national\\\/la-police-judiciaire-enquete-sur-une-affaire-de-sabotage-des-elections\\\/202285\\\/\",\"url\":\"https:\\\/\\\/www.webdo.tn\\\/fr\\\/actualite\\\/national\\\/la-police-judiciaire-enquete-sur-une-affaire-de-sabotage-des-elections\\\/202285\\\/\",\"name\":\"La police judiciaire enqu\u00eate sur une affaire de sabotage des \u00e9lections\",\"isPartOf\":{\"@id\":\"https:\\\/\\\/www.webdo.tn\\\/fr\\\/#website\"},\"primaryImageOfPage\":{\"@id\":\"https:\\\/\\\/www.webdo.tn\\\/fr\\\/actualite\\\/national\\\/la-police-judiciaire-enquete-sur-une-affaire-de-sabotage-des-elections\\\/202285\\\/#primaryimage\"},\"image\":{\"@id\":\"https:\\\/\\\/www.webdo.tn\\\/fr\\\/actualite\\\/national\\\/la-police-judiciaire-enquete-sur-une-affaire-de-sabotage-des-elections\\\/202285\\\/#primaryimage\"},\"thumbnailUrl\":\"https:\\\/\\\/www.webdo.tn\\\/fr\\\/wp-content\\\/uploads\\\/2023\\\/01\\\/f9d98afaa7278a223217e1cc5b8dab7b.jpg\",\"datePublished\":\"2023-01-26T20:44:00+00:00\",\"dateModified\":\"2025-05-20T22:07:09+00:00\",\"description\":\"Le minist\u00e8re de l\u2019Int\u00e9rieur a publi\u00e9, ce jeudi 26 janvier, un communiqu\u00e9, dans lequel il annonce que la police judiciaire a pris en charge une affaire relative...\",\"breadcrumb\":{\"@id\":\"https:\\\/\\\/www.webdo.tn\\\/fr\\\/actualite\\\/national\\\/la-police-judiciaire-enquete-sur-une-affaire-de-sabotage-des-elections\\\/202285\\\/#breadcrumb\"},\"inLanguage\":\"fr-FR\",\"potentialAction\":[{\"@type\":\"ReadAction\",\"target\":[\"https:\\\/\\\/www.webdo.tn\\\/fr\\\/actualite\\\/national\\\/la-police-judiciaire-enquete-sur-une-affaire-de-sabotage-des-elections\\\/202285\\\/\"]}]},{\"@type\":\"ImageObject\",\"inLanguage\":\"fr-FR\",\"@id\":\"https:\\\/\\\/www.webdo.tn\\\/fr\\\/actualite\\\/national\\\/la-police-judiciaire-enquete-sur-une-affaire-de-sabotage-des-elections\\\/202285\\\/#primaryimage\",\"url\":\"https:\\\/\\\/www.webdo.tn\\\/fr\\\/wp-content\\\/uploads\\\/2023\\\/01\\\/f9d98afaa7278a223217e1cc5b8dab7b.jpg\",\"contentUrl\":\"https:\\\/\\\/www.webdo.tn\\\/fr\\\/wp-content\\\/uploads\\\/2023\\\/01\\\/f9d98afaa7278a223217e1cc5b8dab7b.jpg\",\"width\":750,\"height\":400,\"caption\":\"La police judiciaire enqu\u00eate sur une affaire de sabotage des \u00e9lections\"},{\"@type\":\"BreadcrumbList\",\"@id\":\"https:\\\/\\\/www.webdo.tn\\\/fr\\\/actualite\\\/national\\\/la-police-judiciaire-enquete-sur-une-affaire-de-sabotage-des-elections\\\/202285\\\/#breadcrumb\",\"itemListElement\":[{\"@type\":\"ListItem\",\"position\":1,\"name\":\"Accueil\",\"item\":\"https:\\\/\\\/www.webdo.tn\\\/fr\\\/\"},{\"@type\":\"ListItem\",\"position\":2,\"name\":\"La police judiciaire enqu\u00eate sur une affaire de sabotage des \u00e9lections\"}]},{\"@type\":\"WebSite\",\"@id\":\"https:\\\/\\\/www.webdo.tn\\\/fr\\\/#website\",\"url\":\"https:\\\/\\\/www.webdo.tn\\\/fr\\\/\",\"name\":\"webdo\",\"description\":\"Tunisie - News en Tunisie et \u00e0 l&#039;international sur Webdo.tn\",\"publisher\":{\"@id\":\"https:\\\/\\\/www.webdo.tn\\\/fr\\\/#organization\"},\"potentialAction\":[{\"@type\":\"SearchAction\",\"target\":{\"@type\":\"EntryPoint\",\"urlTemplate\":\"https:\\\/\\\/www.webdo.tn\\\/fr\\\/?s={search_term_string}\"},\"query-input\":{\"@type\":\"PropertyValueSpecification\",\"valueRequired\":true,\"valueName\":\"search_term_string\"}}],\"inLanguage\":\"fr-FR\"},{\"@type\":\"Organization\",\"@id\":\"https:\\\/\\\/www.webdo.tn\\\/fr\\\/#organization\",\"name\":\"Webdo\",\"alternateName\":\"Webdo.tn\",\"url\":\"https:\\\/\\\/www.webdo.tn\\\/fr\\\/\",\"logo\":{\"@type\":\"ImageObject\",\"inLanguage\":\"fr-FR\",\"@id\":\"https:\\\/\\\/www.webdo.tn\\\/fr\\\/#\\\/schema\\\/logo\\\/image\\\/\",\"url\":\"https:\\\/\\\/www.webdo.tn\\\/fr\\\/wp-content\\\/uploads\\\/2025\\\/06\\\/Webdo-Tunisie_168377.jpg\",\"contentUrl\":\"https:\\\/\\\/www.webdo.tn\\\/fr\\\/wp-content\\\/uploads\\\/2025\\\/06\\\/Webdo-Tunisie_168377.jpg\",\"width\":301,\"height\":301,\"caption\":\"Webdo\"},\"image\":{\"@id\":\"https:\\\/\\\/www.webdo.tn\\\/fr\\\/#\\\/schema\\\/logo\\\/image\\\/\"},\"sameAs\":[\"https:\\\/\\\/www.facebook.com\\\/webdotn\",\"https:\\\/\\\/x.com\\\/webdo_tn\"],\"description\":\"Webdo est un m\u00e9dia num\u00e9rique tunisien fond\u00e9 en 2010, sp\u00e9cialis\u00e9 dans l\u2019actualit\u00e9 nationale et internationale, l\u2019\u00e9conomie, la soci\u00e9t\u00e9 et les analyses politiques. Le site s\u2019adresse \u00e0 un large public francophone et couvre l\u2019information tunisienne en temps r\u00e9el.\",\"email\":\"redac@webdo.tn\",\"legalName\":\"YNJ SARL\",\"foundingDate\":\"2010-09-06\",\"numberOfEmployees\":{\"@type\":\"QuantitativeValue\",\"minValue\":\"11\",\"maxValue\":\"50\"}},{\"@type\":\"Person\",\"@id\":\"https:\\\/\\\/www.webdo.tn\\\/fr\\\/#\\\/schema\\\/person\\\/2c4929cbf5a809e3bd38617c6ce150f6\",\"name\":\"MC\",\"image\":{\"@type\":\"ImageObject\",\"inLanguage\":\"fr-FR\",\"@id\":\"https:\\\/\\\/secure.gravatar.com\\\/avatar\\\/a545bbb6f84efdd5553dbbc2895e3ca8f1d12c5215e00a041c9670b54aa9b18a?s=96&d=mm&r=g\",\"url\":\"https:\\\/\\\/secure.gravatar.com\\\/avatar\\\/a545bbb6f84efdd5553dbbc2895e3ca8f1d12c5215e00a041c9670b54aa9b18a?s=96&d=mm&r=g\",\"contentUrl\":\"https:\\\/\\\/secure.gravatar.com\\\/avatar\\\/a545bbb6f84efdd5553dbbc2895e3ca8f1d12c5215e00a041c9670b54aa9b18a?s=96&d=mm&r=g\",\"caption\":\"MC\"},\"url\":\"https:\\\/\\\/www.webdo.tn\\\/fr\\\/actualite\\\/author\\\/mc\\\/\"}]}<\/script>\n<!-- \/ Yoast SEO Premium plugin. -->","yoast_head_json":{"title":"La police judiciaire enqu\u00eate sur une affaire de sabotage des \u00e9lections","description":"Le minist\u00e8re de l\u2019Int\u00e9rieur a publi\u00e9, ce jeudi 26 janvier, un communiqu\u00e9, dans lequel il annonce que la police judiciaire a pris en charge une affaire relative...","canonical":"https:\/\/www.webdo.tn\/fr\/actualite\/national\/la-police-judiciaire-enquete-sur-une-affaire-de-sabotage-des-elections\/202285\/","og_locale":"fr_FR","og_type":"article","og_title":"La police judiciaire enqu\u00eate sur une affaire de sabotage des \u00e9lections","og_description":"Le minist\u00e8re de l\u2019Int\u00e9rieur a publi\u00e9, ce jeudi 26 janvier, un communiqu\u00e9, dans lequel il annonce que la police judiciaire a pris en charge une affaire relative...","og_url":"https:\/\/www.webdo.tn\/fr\/actualite\/national\/la-police-judiciaire-enquete-sur-une-affaire-de-sabotage-des-elections\/202285\/","og_site_name":"webdo","article_publisher":"https:\/\/www.facebook.com\/webdotn","article_published_time":"2023-01-26T20:44:00+00:00","article_modified_time":"2025-05-20T22:07:09+00:00","og_image":[{"width":750,"height":400,"url":"https:\/\/www.webdo.tn\/fr\/wp-content\/uploads\/2023\/01\/f9d98afaa7278a223217e1cc5b8dab7b.jpg","type":"image\/jpeg"}],"author":"MC","twitter_card":"summary_large_image","twitter_creator":"@webdo_tn","twitter_site":"@webdo_tn","twitter_misc":{"\u00c9crit par":"MC","Dur\u00e9e de lecture estim\u00e9e":"1 minute"},"schema":{"@context":"https:\/\/schema.org","@graph":[{"@type":"NewsArticle","@id":"https:\/\/www.webdo.tn\/fr\/actualite\/national\/la-police-judiciaire-enquete-sur-une-affaire-de-sabotage-des-elections\/202285\/#article","isPartOf":{"@id":"https:\/\/www.webdo.tn\/fr\/actualite\/national\/la-police-judiciaire-enquete-sur-une-affaire-de-sabotage-des-elections\/202285\/"},"author":{"name":"MC","@id":"https:\/\/www.webdo.tn\/fr\/#\/schema\/person\/2c4929cbf5a809e3bd38617c6ce150f6"},"headline":"La police judiciaire enqu\u00eate sur une affaire de sabotage des \u00e9lections","datePublished":"2023-01-26T20:44:00+00:00","dateModified":"2025-05-20T22:07:09+00:00","mainEntityOfPage":{"@id":"https:\/\/www.webdo.tn\/fr\/actualite\/national\/la-police-judiciaire-enquete-sur-une-affaire-de-sabotage-des-elections\/202285\/"},"wordCount":189,"commentCount":0,"publisher":{"@id":"https:\/\/www.webdo.tn\/fr\/#organization"},"image":{"@id":"https:\/\/www.webdo.tn\/fr\/actualite\/national\/la-police-judiciaire-enquete-sur-une-affaire-de-sabotage-des-elections\/202285\/#primaryimage"},"thumbnailUrl":"https:\/\/www.webdo.tn\/fr\/wp-content\/uploads\/2023\/01\/f9d98afaa7278a223217e1cc5b8dab7b.jpg","keywords":["\u00e9lections","police judiciaire","sabotage"],"articleSection":["National"],"inLanguage":"fr-FR"},{"@type":"WebPage","@id":"https:\/\/www.webdo.tn\/fr\/actualite\/national\/la-police-judiciaire-enquete-sur-une-affaire-de-sabotage-des-elections\/202285\/","url":"https:\/\/www.webdo.tn\/fr\/actualite\/national\/la-police-judiciaire-enquete-sur-une-affaire-de-sabotage-des-elections\/202285\/","name":"La police judiciaire enqu\u00eate sur une affaire de sabotage des \u00e9lections","isPartOf":{"@id":"https:\/\/www.webdo.tn\/fr\/#website"},"primaryImageOfPage":{"@id":"https:\/\/www.webdo.tn\/fr\/actualite\/national\/la-police-judiciaire-enquete-sur-une-affaire-de-sabotage-des-elections\/202285\/#primaryimage"},"image":{"@id":"https:\/\/www.webdo.tn\/fr\/actualite\/national\/la-police-judiciaire-enquete-sur-une-affaire-de-sabotage-des-elections\/202285\/#primaryimage"},"thumbnailUrl":"https:\/\/www.webdo.tn\/fr\/wp-content\/uploads\/2023\/01\/f9d98afaa7278a223217e1cc5b8dab7b.jpg","datePublished":"2023-01-26T20:44:00+00:00","dateModified":"2025-05-20T22:07:09+00:00","description":"Le minist\u00e8re de l\u2019Int\u00e9rieur a publi\u00e9, ce jeudi 26 janvier, un communiqu\u00e9, dans lequel il annonce que la police judiciaire a pris en charge une affaire relative...","breadcrumb":{"@id":"https:\/\/www.webdo.tn\/fr\/actualite\/national\/la-police-judiciaire-enquete-sur-une-affaire-de-sabotage-des-elections\/202285\/#breadcrumb"},"inLanguage":"fr-FR","potentialAction":[{"@type":"ReadAction","target":["https:\/\/www.webdo.tn\/fr\/actualite\/national\/la-police-judiciaire-enquete-sur-une-affaire-de-sabotage-des-elections\/202285\/"]}]},{"@type":"ImageObject","inLanguage":"fr-FR","@id":"https:\/\/www.webdo.tn\/fr\/actualite\/national\/la-police-judiciaire-enquete-sur-une-affaire-de-sabotage-des-elections\/202285\/#primaryimage","url":"https:\/\/www.webdo.tn\/fr\/wp-content\/uploads\/2023\/01\/f9d98afaa7278a223217e1cc5b8dab7b.jpg","contentUrl":"https:\/\/www.webdo.tn\/fr\/wp-content\/uploads\/2023\/01\/f9d98afaa7278a223217e1cc5b8dab7b.jpg","width":750,"height":400,"caption":"La police judiciaire enqu\u00eate sur une affaire de sabotage des \u00e9lections"},{"@type":"BreadcrumbList","@id":"https:\/\/www.webdo.tn\/fr\/actualite\/national\/la-police-judiciaire-enquete-sur-une-affaire-de-sabotage-des-elections\/202285\/#breadcrumb","itemListElement":[{"@type":"ListItem","position":1,"name":"Accueil","item":"https:\/\/www.webdo.tn\/fr\/"},{"@type":"ListItem","position":2,"name":"La police judiciaire enqu\u00eate sur une affaire de sabotage des \u00e9lections"}]},{"@type":"WebSite","@id":"https:\/\/www.webdo.tn\/fr\/#website","url":"https:\/\/www.webdo.tn\/fr\/","name":"webdo","description":"Tunisie - News en Tunisie et \u00e0 l&#039;international sur Webdo.tn","publisher":{"@id":"https:\/\/www.webdo.tn\/fr\/#organization"},"potentialAction":[{"@type":"SearchAction","target":{"@type":"EntryPoint","urlTemplate":"https:\/\/www.webdo.tn\/fr\/?s={search_term_string}"},"query-input":{"@type":"PropertyValueSpecification","valueRequired":true,"valueName":"search_term_string"}}],"inLanguage":"fr-FR"},{"@type":"Organization","@id":"https:\/\/www.webdo.tn\/fr\/#organization","name":"Webdo","alternateName":"Webdo.tn","url":"https:\/\/www.webdo.tn\/fr\/","logo":{"@type":"ImageObject","inLanguage":"fr-FR","@id":"https:\/\/www.webdo.tn\/fr\/#\/schema\/logo\/image\/","url":"https:\/\/www.webdo.tn\/fr\/wp-content\/uploads\/2025\/06\/Webdo-Tunisie_168377.jpg","contentUrl":"https:\/\/www.webdo.tn\/fr\/wp-content\/uploads\/2025\/06\/Webdo-Tunisie_168377.jpg","width":301,"height":301,"caption":"Webdo"},"image":{"@id":"https:\/\/www.webdo.tn\/fr\/#\/schema\/logo\/image\/"},"sameAs":["https:\/\/www.facebook.com\/webdotn","https:\/\/x.com\/webdo_tn"],"description":"Webdo est un m\u00e9dia num\u00e9rique tunisien fond\u00e9 en 2010, sp\u00e9cialis\u00e9 dans l\u2019actualit\u00e9 nationale et internationale, l\u2019\u00e9conomie, la soci\u00e9t\u00e9 et les analyses politiques. Le site s\u2019adresse \u00e0 un large public francophone et couvre l\u2019information tunisienne en temps r\u00e9el.","email":"redac@webdo.tn","legalName":"YNJ SARL","foundingDate":"2010-09-06","numberOfEmployees":{"@type":"QuantitativeValue","minValue":"11","maxValue":"50"}},{"@type":"Person","@id":"https:\/\/www.webdo.tn\/fr\/#\/schema\/person\/2c4929cbf5a809e3bd38617c6ce150f6","name":"MC","image":{"@type":"ImageObject","inLanguage":"fr-FR","@id":"https:\/\/secure.gravatar.com\/avatar\/a545bbb6f84efdd5553dbbc2895e3ca8f1d12c5215e00a041c9670b54aa9b18a?s=96&d=mm&r=g","url":"https:\/\/secure.gravatar.com\/avatar\/a545bbb6f84efdd5553dbbc2895e3ca8f1d12c5215e00a041c9670b54aa9b18a?s=96&d=mm&r=g","contentUrl":"https:\/\/secure.gravatar.com\/avatar\/a545bbb6f84efdd5553dbbc2895e3ca8f1d12c5215e00a041c9670b54aa9b18a?s=96&d=mm&r=g","caption":"MC"},"url":"https:\/\/www.webdo.tn\/fr\/actualite\/author\/mc\/"}]}},"_links":{"self":[{"href":"https:\/\/www.webdo.tn\/fr\/wp-json\/wp\/v2\/posts\/202285","targetHints":{"allow":["GET"]}}],"collection":[{"href":"https:\/\/www.webdo.tn\/fr\/wp-json\/wp\/v2\/posts"}],"about":[{"href":"https:\/\/www.webdo.tn\/fr\/wp-json\/wp\/v2\/types\/post"}],"author":[{"embeddable":true,"href":"https:\/\/www.webdo.tn\/fr\/wp-json\/wp\/v2\/users\/3162"}],"replies":[{"embeddable":true,"href":"https:\/\/www.webdo.tn\/fr\/wp-json\/wp\/v2\/comments?post=202285"}],"version-history":[{"count":0,"href":"https:\/\/www.webdo.tn\/fr\/wp-json\/wp\/v2\/posts\/202285\/revisions"}],"wp:featuredmedia":[{"embeddable":true,"href":"https:\/\/www.webdo.tn\/fr\/wp-json\/wp\/v2\/media\/277657"}],"wp:attachment":[{"href":"https:\/\/www.webdo.tn\/fr\/wp-json\/wp\/v2\/media?parent=202285"}],"wp:term":[{"taxonomy":"category","embeddable":true,"href":"https:\/\/www.webdo.tn\/fr\/wp-json\/wp\/v2\/categories?post=202285"},{"taxonomy":"post_tag","embeddable":true,"href":"https:\/\/www.webdo.tn\/fr\/wp-json\/wp\/v2\/tags?post=202285"}],"curies":[{"name":"wp","href":"https:\/\/api.w.org\/{rel}","templated":true}]}}