{"id":202283,"date":"2023-01-26T20:05:00","date_gmt":"2023-01-26T20:05:00","guid":{"rendered":"https:\/\/www.webdo.tn\/fr\/actualite\/blog\/kais-saied-recoit-le-rapport-annuel-sur-l-extremisme-le-terrorisme-et-le-crime-organise\/202283\/"},"modified":"2025-05-22T11:37:09","modified_gmt":"2025-05-22T11:37:09","slug":"kais-saied-recoit-le-rapport-annuel-sur-l-extremisme-le-terrorisme-et-le-crime-organise","status":"publish","type":"post","link":"https:\/\/www.webdo.tn\/fr\/actualite\/national\/kais-saied-recoit-le-rapport-annuel-sur-l-extremisme-le-terrorisme-et-le-crime-organise\/202283\/","title":{"rendered":"Kais Saied re\u00e7oit le rapport annuel sur l\u2019extr\u00e9misme, le terrorisme et le crime organis\u00e9"},"content":{"rendered":"<p>Le pr\u00e9sident de la R\u00e9publique Kais Saied a re\u00e7u, ce jeudi 26 janvier, au Palais de Carthage, le ministre de l&rsquo;Int\u00e9rieur, Taoufik Charfeddine, qui lui a remis \u00e0 cette occasion le rapport annuel sur l&rsquo;extr\u00e9mise, le terrorisme et le crime organis\u00e9.<\/p>\n<p> Selon un communiqu\u00e9 de la Pr\u00e9sidence de la R\u00e9publique, le chef de l&rsquo;Etat a soulign\u00e9 la n\u00e9cessit\u00e9 de traiter ces ph\u00e9nom\u00e8nes en s&rsquo;attaquant aux causes profondes.<\/p>\n<p>Il a ainsi mis l&rsquo;accent sur les causes li\u00e9es \u00e0 l&rsquo;\u00e9ducation, \u00e0 l&rsquo;enseignement et \u00e0 la culture, ajoutant que \u00ab\u00a0la pens\u00e9e libre est le meilleur moyen de lutte contre l&rsquo;extr\u00e9misme, le terrorisme et le crime organis\u00e9 tant au niveau national qu&rsquo;international\u00a0\u00bb.<\/p>\n<p>Par ailleurs, il a indiqu\u00e9 que la d\u00e9t\u00e9rioration de la situation \u00e9conomique et sociale est une cause majeure de la criminalit\u00e9.<\/p>\n","protected":false},"excerpt":{"rendered":"<p>Le pr\u00e9sident de la R\u00e9publique Kais Saied a re\u00e7u, ce jeudi 26 janvier, au Palais de Carthage, le ministre de l&rsquo;Int\u00e9rieur, Taoufik Charfeddine, qui lui a remis \u00e0&#8230;<\/p>\n","protected":false},"author":3162,"featured_media":348230,"comment_status":"open","ping_status":"closed","sticky":false,"template":"","format":"standard","meta":{"footnotes":""},"categories":[44],"tags":[2614,5442,8716],"class_list":["post-202283","post","type-post","status-publish","format-standard","has-post-thumbnail","hentry","category-national","tag-kais-saied","tag-presidence-de-la-republique","tag-taoufik-charfeddine"],"yoast_head":"<!-- This site is optimized with the Yoast SEO Premium plugin v27.4 (Yoast SEO v27.5) - https:\/\/yoast.com\/product\/yoast-seo-premium-wordpress\/ -->\n<title>Kais Saied re\u00e7oit le rapport annuel sur l\u2019extr\u00e9misme, le terrorisme et le crime organis\u00e9<\/title>\n<meta name=\"description\" content=\"Le pr\u00e9sident de la R\u00e9publique Kais Saied a re\u00e7u, ce jeudi 26 janvier, au Palais de Carthage, le ministre de l&#039;Int\u00e9rieur, Taoufik Charfeddine, qui lui a remis \u00e0...\" \/>\n<link rel=\"canonical\" href=\"https:\/\/www.webdo.tn\/fr\/actualite\/national-45\/kais-saied-recoit-le-rapport-annuel-sur-l-extremisme-le-terrorisme-et-le-crime-organise\/202283\/\" \/>\n<meta property=\"og:locale\" content=\"fr_FR\" \/>\n<meta property=\"og:type\" content=\"article\" \/>\n<meta property=\"og:title\" content=\"Kais Saied re\u00e7oit le rapport annuel sur l\u2019extr\u00e9misme, le terrorisme et le crime organis\u00e9\" \/>\n<meta property=\"og:description\" content=\"Le pr\u00e9sident de la R\u00e9publique Kais Saied a re\u00e7u, ce jeudi 26 janvier, au Palais de Carthage, le ministre de l&#039;Int\u00e9rieur, Taoufik Charfeddine, qui lui a remis \u00e0...\" \/>\n<meta property=\"og:url\" content=\"https:\/\/www.webdo.tn\/fr\/actualite\/national-45\/kais-saied-recoit-le-rapport-annuel-sur-l-extremisme-le-terrorisme-et-le-crime-organise\/202283\/\" \/>\n<meta property=\"og:site_name\" content=\"webdo\" \/>\n<meta property=\"article:publisher\" content=\"https:\/\/www.facebook.com\/webdotn\" \/>\n<meta property=\"article:published_time\" content=\"2023-01-26T20:05:00+00:00\" \/>\n<meta property=\"article:modified_time\" content=\"2025-05-22T11:37:09+00:00\" \/>\n<meta property=\"og:image\" content=\"https:\/\/www.webdo.tn\/fr\/wp-content\/uploads\/2023\/01\/dee1646b22efce7a58f99e0408770c92.jpg\" \/>\n\t<meta property=\"og:image:width\" content=\"750\" \/>\n\t<meta property=\"og:image:height\" content=\"400\" \/>\n\t<meta property=\"og:image:type\" content=\"image\/jpeg\" \/>\n<meta name=\"author\" content=\"MC\" \/>\n<meta name=\"twitter:card\" content=\"summary_large_image\" \/>\n<meta name=\"twitter:creator\" content=\"@webdo_tn\" \/>\n<meta name=\"twitter:site\" content=\"@webdo_tn\" \/>\n<meta name=\"twitter:label1\" content=\"\u00c9crit par\" \/>\n\t<meta name=\"twitter:data1\" content=\"MC\" \/>\n\t<meta name=\"twitter:label2\" content=\"Dur\u00e9e de lecture estim\u00e9e\" \/>\n\t<meta name=\"twitter:data2\" content=\"1 minute\" \/>\n<script type=\"application\/ld+json\" class=\"yoast-schema-graph\">{\"@context\":\"https:\\\/\\\/schema.org\",\"@graph\":[{\"@type\":\"NewsArticle\",\"@id\":\"https:\\\/\\\/www.webdo.tn\\\/fr\\\/actualite\\\/national-45\\\/kais-saied-recoit-le-rapport-annuel-sur-l-extremisme-le-terrorisme-et-le-crime-organise\\\/202283\\\/#article\",\"isPartOf\":{\"@id\":\"https:\\\/\\\/www.webdo.tn\\\/fr\\\/actualite\\\/national-45\\\/kais-saied-recoit-le-rapport-annuel-sur-l-extremisme-le-terrorisme-et-le-crime-organise\\\/202283\\\/\"},\"author\":{\"name\":\"MC\",\"@id\":\"https:\\\/\\\/www.webdo.tn\\\/fr\\\/#\\\/schema\\\/person\\\/2c4929cbf5a809e3bd38617c6ce150f6\"},\"headline\":\"Kais Saied re\u00e7oit le rapport annuel sur l\u2019extr\u00e9misme, le terrorisme et le crime organis\u00e9\",\"datePublished\":\"2023-01-26T20:05:00+00:00\",\"dateModified\":\"2025-05-22T11:37:09+00:00\",\"mainEntityOfPage\":{\"@id\":\"https:\\\/\\\/www.webdo.tn\\\/fr\\\/actualite\\\/national-45\\\/kais-saied-recoit-le-rapport-annuel-sur-l-extremisme-le-terrorisme-et-le-crime-organise\\\/202283\\\/\"},\"wordCount\":165,\"commentCount\":0,\"publisher\":{\"@id\":\"https:\\\/\\\/www.webdo.tn\\\/fr\\\/#organization\"},\"image\":{\"@id\":\"https:\\\/\\\/www.webdo.tn\\\/fr\\\/actualite\\\/national-45\\\/kais-saied-recoit-le-rapport-annuel-sur-l-extremisme-le-terrorisme-et-le-crime-organise\\\/202283\\\/#primaryimage\"},\"thumbnailUrl\":\"https:\\\/\\\/www.webdo.tn\\\/fr\\\/wp-content\\\/uploads\\\/2023\\\/01\\\/dee1646b22efce7a58f99e0408770c92.jpg\",\"keywords\":[\"Kais Saied\",\"pr\u00e9sidence de la R\u00e9publique\",\"Taoufik Charfeddine\"],\"articleSection\":[\"National\"],\"inLanguage\":\"fr-FR\"},{\"@type\":\"WebPage\",\"@id\":\"https:\\\/\\\/www.webdo.tn\\\/fr\\\/actualite\\\/national-45\\\/kais-saied-recoit-le-rapport-annuel-sur-l-extremisme-le-terrorisme-et-le-crime-organise\\\/202283\\\/\",\"url\":\"https:\\\/\\\/www.webdo.tn\\\/fr\\\/actualite\\\/national-45\\\/kais-saied-recoit-le-rapport-annuel-sur-l-extremisme-le-terrorisme-et-le-crime-organise\\\/202283\\\/\",\"name\":\"Kais Saied re\u00e7oit le rapport annuel sur l\u2019extr\u00e9misme, le terrorisme et le crime organis\u00e9\",\"isPartOf\":{\"@id\":\"https:\\\/\\\/www.webdo.tn\\\/fr\\\/#website\"},\"primaryImageOfPage\":{\"@id\":\"https:\\\/\\\/www.webdo.tn\\\/fr\\\/actualite\\\/national-45\\\/kais-saied-recoit-le-rapport-annuel-sur-l-extremisme-le-terrorisme-et-le-crime-organise\\\/202283\\\/#primaryimage\"},\"image\":{\"@id\":\"https:\\\/\\\/www.webdo.tn\\\/fr\\\/actualite\\\/national-45\\\/kais-saied-recoit-le-rapport-annuel-sur-l-extremisme-le-terrorisme-et-le-crime-organise\\\/202283\\\/#primaryimage\"},\"thumbnailUrl\":\"https:\\\/\\\/www.webdo.tn\\\/fr\\\/wp-content\\\/uploads\\\/2023\\\/01\\\/dee1646b22efce7a58f99e0408770c92.jpg\",\"datePublished\":\"2023-01-26T20:05:00+00:00\",\"dateModified\":\"2025-05-22T11:37:09+00:00\",\"description\":\"Le pr\u00e9sident de la R\u00e9publique Kais Saied a re\u00e7u, ce jeudi 26 janvier, au Palais de Carthage, le ministre de l'Int\u00e9rieur, Taoufik Charfeddine, qui lui a remis \u00e0...\",\"breadcrumb\":{\"@id\":\"https:\\\/\\\/www.webdo.tn\\\/fr\\\/actualite\\\/national-45\\\/kais-saied-recoit-le-rapport-annuel-sur-l-extremisme-le-terrorisme-et-le-crime-organise\\\/202283\\\/#breadcrumb\"},\"inLanguage\":\"fr-FR\",\"potentialAction\":[{\"@type\":\"ReadAction\",\"target\":[\"https:\\\/\\\/www.webdo.tn\\\/fr\\\/actualite\\\/national-45\\\/kais-saied-recoit-le-rapport-annuel-sur-l-extremisme-le-terrorisme-et-le-crime-organise\\\/202283\\\/\"]}]},{\"@type\":\"ImageObject\",\"inLanguage\":\"fr-FR\",\"@id\":\"https:\\\/\\\/www.webdo.tn\\\/fr\\\/actualite\\\/national-45\\\/kais-saied-recoit-le-rapport-annuel-sur-l-extremisme-le-terrorisme-et-le-crime-organise\\\/202283\\\/#primaryimage\",\"url\":\"https:\\\/\\\/www.webdo.tn\\\/fr\\\/wp-content\\\/uploads\\\/2023\\\/01\\\/dee1646b22efce7a58f99e0408770c92.jpg\",\"contentUrl\":\"https:\\\/\\\/www.webdo.tn\\\/fr\\\/wp-content\\\/uploads\\\/2023\\\/01\\\/dee1646b22efce7a58f99e0408770c92.jpg\",\"width\":750,\"height\":400,\"caption\":\"Kais Saied re\u00e7oit le rapport annuel sur l\u2019extr\u00e9misme, le terrorisme et le crime organis\u00e9\"},{\"@type\":\"BreadcrumbList\",\"@id\":\"https:\\\/\\\/www.webdo.tn\\\/fr\\\/actualite\\\/national-45\\\/kais-saied-recoit-le-rapport-annuel-sur-l-extremisme-le-terrorisme-et-le-crime-organise\\\/202283\\\/#breadcrumb\",\"itemListElement\":[{\"@type\":\"ListItem\",\"position\":1,\"name\":\"Accueil\",\"item\":\"https:\\\/\\\/www.webdo.tn\\\/fr\\\/\"},{\"@type\":\"ListItem\",\"position\":2,\"name\":\"Kais Saied re\u00e7oit le rapport annuel sur l\u2019extr\u00e9misme, le terrorisme et le crime organis\u00e9\"}]},{\"@type\":\"WebSite\",\"@id\":\"https:\\\/\\\/www.webdo.tn\\\/fr\\\/#website\",\"url\":\"https:\\\/\\\/www.webdo.tn\\\/fr\\\/\",\"name\":\"webdo\",\"description\":\"Tunisie - News en Tunisie et \u00e0 l&#039;international sur Webdo.tn\",\"publisher\":{\"@id\":\"https:\\\/\\\/www.webdo.tn\\\/fr\\\/#organization\"},\"potentialAction\":[{\"@type\":\"SearchAction\",\"target\":{\"@type\":\"EntryPoint\",\"urlTemplate\":\"https:\\\/\\\/www.webdo.tn\\\/fr\\\/?s={search_term_string}\"},\"query-input\":{\"@type\":\"PropertyValueSpecification\",\"valueRequired\":true,\"valueName\":\"search_term_string\"}}],\"inLanguage\":\"fr-FR\"},{\"@type\":\"Organization\",\"@id\":\"https:\\\/\\\/www.webdo.tn\\\/fr\\\/#organization\",\"name\":\"Webdo\",\"alternateName\":\"Webdo.tn\",\"url\":\"https:\\\/\\\/www.webdo.tn\\\/fr\\\/\",\"logo\":{\"@type\":\"ImageObject\",\"inLanguage\":\"fr-FR\",\"@id\":\"https:\\\/\\\/www.webdo.tn\\\/fr\\\/#\\\/schema\\\/logo\\\/image\\\/\",\"url\":\"https:\\\/\\\/www.webdo.tn\\\/fr\\\/wp-content\\\/uploads\\\/2025\\\/06\\\/Webdo-Tunisie_168377.jpg\",\"contentUrl\":\"https:\\\/\\\/www.webdo.tn\\\/fr\\\/wp-content\\\/uploads\\\/2025\\\/06\\\/Webdo-Tunisie_168377.jpg\",\"width\":301,\"height\":301,\"caption\":\"Webdo\"},\"image\":{\"@id\":\"https:\\\/\\\/www.webdo.tn\\\/fr\\\/#\\\/schema\\\/logo\\\/image\\\/\"},\"sameAs\":[\"https:\\\/\\\/www.facebook.com\\\/webdotn\",\"https:\\\/\\\/x.com\\\/webdo_tn\"],\"description\":\"Webdo est un m\u00e9dia num\u00e9rique tunisien fond\u00e9 en 2010, sp\u00e9cialis\u00e9 dans l\u2019actualit\u00e9 nationale et internationale, l\u2019\u00e9conomie, la soci\u00e9t\u00e9 et les analyses politiques. Le site s\u2019adresse \u00e0 un large public francophone et couvre l\u2019information tunisienne en temps r\u00e9el.\",\"email\":\"redac@webdo.tn\",\"legalName\":\"YNJ SARL\",\"foundingDate\":\"2010-09-06\",\"numberOfEmployees\":{\"@type\":\"QuantitativeValue\",\"minValue\":\"11\",\"maxValue\":\"50\"}},{\"@type\":\"Person\",\"@id\":\"https:\\\/\\\/www.webdo.tn\\\/fr\\\/#\\\/schema\\\/person\\\/2c4929cbf5a809e3bd38617c6ce150f6\",\"name\":\"MC\",\"image\":{\"@type\":\"ImageObject\",\"inLanguage\":\"fr-FR\",\"@id\":\"https:\\\/\\\/secure.gravatar.com\\\/avatar\\\/a545bbb6f84efdd5553dbbc2895e3ca8f1d12c5215e00a041c9670b54aa9b18a?s=96&d=mm&r=g\",\"url\":\"https:\\\/\\\/secure.gravatar.com\\\/avatar\\\/a545bbb6f84efdd5553dbbc2895e3ca8f1d12c5215e00a041c9670b54aa9b18a?s=96&d=mm&r=g\",\"contentUrl\":\"https:\\\/\\\/secure.gravatar.com\\\/avatar\\\/a545bbb6f84efdd5553dbbc2895e3ca8f1d12c5215e00a041c9670b54aa9b18a?s=96&d=mm&r=g\",\"caption\":\"MC\"},\"url\":\"https:\\\/\\\/www.webdo.tn\\\/fr\\\/actualite\\\/author\\\/mc\\\/\"}]}<\/script>\n<!-- \/ Yoast SEO Premium plugin. -->","yoast_head_json":{"title":"Kais Saied re\u00e7oit le rapport annuel sur l\u2019extr\u00e9misme, le terrorisme et le crime organis\u00e9","description":"Le pr\u00e9sident de la R\u00e9publique Kais Saied a re\u00e7u, ce jeudi 26 janvier, au Palais de Carthage, le ministre de l'Int\u00e9rieur, Taoufik Charfeddine, qui lui a remis \u00e0...","canonical":"https:\/\/www.webdo.tn\/fr\/actualite\/national-45\/kais-saied-recoit-le-rapport-annuel-sur-l-extremisme-le-terrorisme-et-le-crime-organise\/202283\/","og_locale":"fr_FR","og_type":"article","og_title":"Kais Saied re\u00e7oit le rapport annuel sur l\u2019extr\u00e9misme, le terrorisme et le crime organis\u00e9","og_description":"Le pr\u00e9sident de la R\u00e9publique Kais Saied a re\u00e7u, ce jeudi 26 janvier, au Palais de Carthage, le ministre de l'Int\u00e9rieur, Taoufik Charfeddine, qui lui a remis \u00e0...","og_url":"https:\/\/www.webdo.tn\/fr\/actualite\/national-45\/kais-saied-recoit-le-rapport-annuel-sur-l-extremisme-le-terrorisme-et-le-crime-organise\/202283\/","og_site_name":"webdo","article_publisher":"https:\/\/www.facebook.com\/webdotn","article_published_time":"2023-01-26T20:05:00+00:00","article_modified_time":"2025-05-22T11:37:09+00:00","og_image":[{"width":750,"height":400,"url":"https:\/\/www.webdo.tn\/fr\/wp-content\/uploads\/2023\/01\/dee1646b22efce7a58f99e0408770c92.jpg","type":"image\/jpeg"}],"author":"MC","twitter_card":"summary_large_image","twitter_creator":"@webdo_tn","twitter_site":"@webdo_tn","twitter_misc":{"\u00c9crit par":"MC","Dur\u00e9e de lecture estim\u00e9e":"1 minute"},"schema":{"@context":"https:\/\/schema.org","@graph":[{"@type":"NewsArticle","@id":"https:\/\/www.webdo.tn\/fr\/actualite\/national-45\/kais-saied-recoit-le-rapport-annuel-sur-l-extremisme-le-terrorisme-et-le-crime-organise\/202283\/#article","isPartOf":{"@id":"https:\/\/www.webdo.tn\/fr\/actualite\/national-45\/kais-saied-recoit-le-rapport-annuel-sur-l-extremisme-le-terrorisme-et-le-crime-organise\/202283\/"},"author":{"name":"MC","@id":"https:\/\/www.webdo.tn\/fr\/#\/schema\/person\/2c4929cbf5a809e3bd38617c6ce150f6"},"headline":"Kais Saied re\u00e7oit le rapport annuel sur l\u2019extr\u00e9misme, le terrorisme et le crime organis\u00e9","datePublished":"2023-01-26T20:05:00+00:00","dateModified":"2025-05-22T11:37:09+00:00","mainEntityOfPage":{"@id":"https:\/\/www.webdo.tn\/fr\/actualite\/national-45\/kais-saied-recoit-le-rapport-annuel-sur-l-extremisme-le-terrorisme-et-le-crime-organise\/202283\/"},"wordCount":165,"commentCount":0,"publisher":{"@id":"https:\/\/www.webdo.tn\/fr\/#organization"},"image":{"@id":"https:\/\/www.webdo.tn\/fr\/actualite\/national-45\/kais-saied-recoit-le-rapport-annuel-sur-l-extremisme-le-terrorisme-et-le-crime-organise\/202283\/#primaryimage"},"thumbnailUrl":"https:\/\/www.webdo.tn\/fr\/wp-content\/uploads\/2023\/01\/dee1646b22efce7a58f99e0408770c92.jpg","keywords":["Kais Saied","pr\u00e9sidence de la R\u00e9publique","Taoufik Charfeddine"],"articleSection":["National"],"inLanguage":"fr-FR"},{"@type":"WebPage","@id":"https:\/\/www.webdo.tn\/fr\/actualite\/national-45\/kais-saied-recoit-le-rapport-annuel-sur-l-extremisme-le-terrorisme-et-le-crime-organise\/202283\/","url":"https:\/\/www.webdo.tn\/fr\/actualite\/national-45\/kais-saied-recoit-le-rapport-annuel-sur-l-extremisme-le-terrorisme-et-le-crime-organise\/202283\/","name":"Kais Saied re\u00e7oit le rapport annuel sur l\u2019extr\u00e9misme, le terrorisme et le crime organis\u00e9","isPartOf":{"@id":"https:\/\/www.webdo.tn\/fr\/#website"},"primaryImageOfPage":{"@id":"https:\/\/www.webdo.tn\/fr\/actualite\/national-45\/kais-saied-recoit-le-rapport-annuel-sur-l-extremisme-le-terrorisme-et-le-crime-organise\/202283\/#primaryimage"},"image":{"@id":"https:\/\/www.webdo.tn\/fr\/actualite\/national-45\/kais-saied-recoit-le-rapport-annuel-sur-l-extremisme-le-terrorisme-et-le-crime-organise\/202283\/#primaryimage"},"thumbnailUrl":"https:\/\/www.webdo.tn\/fr\/wp-content\/uploads\/2023\/01\/dee1646b22efce7a58f99e0408770c92.jpg","datePublished":"2023-01-26T20:05:00+00:00","dateModified":"2025-05-22T11:37:09+00:00","description":"Le pr\u00e9sident de la R\u00e9publique Kais Saied a re\u00e7u, ce jeudi 26 janvier, au Palais de Carthage, le ministre de l'Int\u00e9rieur, Taoufik Charfeddine, qui lui a remis \u00e0...","breadcrumb":{"@id":"https:\/\/www.webdo.tn\/fr\/actualite\/national-45\/kais-saied-recoit-le-rapport-annuel-sur-l-extremisme-le-terrorisme-et-le-crime-organise\/202283\/#breadcrumb"},"inLanguage":"fr-FR","potentialAction":[{"@type":"ReadAction","target":["https:\/\/www.webdo.tn\/fr\/actualite\/national-45\/kais-saied-recoit-le-rapport-annuel-sur-l-extremisme-le-terrorisme-et-le-crime-organise\/202283\/"]}]},{"@type":"ImageObject","inLanguage":"fr-FR","@id":"https:\/\/www.webdo.tn\/fr\/actualite\/national-45\/kais-saied-recoit-le-rapport-annuel-sur-l-extremisme-le-terrorisme-et-le-crime-organise\/202283\/#primaryimage","url":"https:\/\/www.webdo.tn\/fr\/wp-content\/uploads\/2023\/01\/dee1646b22efce7a58f99e0408770c92.jpg","contentUrl":"https:\/\/www.webdo.tn\/fr\/wp-content\/uploads\/2023\/01\/dee1646b22efce7a58f99e0408770c92.jpg","width":750,"height":400,"caption":"Kais Saied re\u00e7oit le rapport annuel sur l\u2019extr\u00e9misme, le terrorisme et le crime organis\u00e9"},{"@type":"BreadcrumbList","@id":"https:\/\/www.webdo.tn\/fr\/actualite\/national-45\/kais-saied-recoit-le-rapport-annuel-sur-l-extremisme-le-terrorisme-et-le-crime-organise\/202283\/#breadcrumb","itemListElement":[{"@type":"ListItem","position":1,"name":"Accueil","item":"https:\/\/www.webdo.tn\/fr\/"},{"@type":"ListItem","position":2,"name":"Kais Saied re\u00e7oit le rapport annuel sur l\u2019extr\u00e9misme, le terrorisme et le crime organis\u00e9"}]},{"@type":"WebSite","@id":"https:\/\/www.webdo.tn\/fr\/#website","url":"https:\/\/www.webdo.tn\/fr\/","name":"webdo","description":"Tunisie - News en Tunisie et \u00e0 l&#039;international sur Webdo.tn","publisher":{"@id":"https:\/\/www.webdo.tn\/fr\/#organization"},"potentialAction":[{"@type":"SearchAction","target":{"@type":"EntryPoint","urlTemplate":"https:\/\/www.webdo.tn\/fr\/?s={search_term_string}"},"query-input":{"@type":"PropertyValueSpecification","valueRequired":true,"valueName":"search_term_string"}}],"inLanguage":"fr-FR"},{"@type":"Organization","@id":"https:\/\/www.webdo.tn\/fr\/#organization","name":"Webdo","alternateName":"Webdo.tn","url":"https:\/\/www.webdo.tn\/fr\/","logo":{"@type":"ImageObject","inLanguage":"fr-FR","@id":"https:\/\/www.webdo.tn\/fr\/#\/schema\/logo\/image\/","url":"https:\/\/www.webdo.tn\/fr\/wp-content\/uploads\/2025\/06\/Webdo-Tunisie_168377.jpg","contentUrl":"https:\/\/www.webdo.tn\/fr\/wp-content\/uploads\/2025\/06\/Webdo-Tunisie_168377.jpg","width":301,"height":301,"caption":"Webdo"},"image":{"@id":"https:\/\/www.webdo.tn\/fr\/#\/schema\/logo\/image\/"},"sameAs":["https:\/\/www.facebook.com\/webdotn","https:\/\/x.com\/webdo_tn"],"description":"Webdo est un m\u00e9dia num\u00e9rique tunisien fond\u00e9 en 2010, sp\u00e9cialis\u00e9 dans l\u2019actualit\u00e9 nationale et internationale, l\u2019\u00e9conomie, la soci\u00e9t\u00e9 et les analyses politiques. Le site s\u2019adresse \u00e0 un large public francophone et couvre l\u2019information tunisienne en temps r\u00e9el.","email":"redac@webdo.tn","legalName":"YNJ SARL","foundingDate":"2010-09-06","numberOfEmployees":{"@type":"QuantitativeValue","minValue":"11","maxValue":"50"}},{"@type":"Person","@id":"https:\/\/www.webdo.tn\/fr\/#\/schema\/person\/2c4929cbf5a809e3bd38617c6ce150f6","name":"MC","image":{"@type":"ImageObject","inLanguage":"fr-FR","@id":"https:\/\/secure.gravatar.com\/avatar\/a545bbb6f84efdd5553dbbc2895e3ca8f1d12c5215e00a041c9670b54aa9b18a?s=96&d=mm&r=g","url":"https:\/\/secure.gravatar.com\/avatar\/a545bbb6f84efdd5553dbbc2895e3ca8f1d12c5215e00a041c9670b54aa9b18a?s=96&d=mm&r=g","contentUrl":"https:\/\/secure.gravatar.com\/avatar\/a545bbb6f84efdd5553dbbc2895e3ca8f1d12c5215e00a041c9670b54aa9b18a?s=96&d=mm&r=g","caption":"MC"},"url":"https:\/\/www.webdo.tn\/fr\/actualite\/author\/mc\/"}]}},"_links":{"self":[{"href":"https:\/\/www.webdo.tn\/fr\/wp-json\/wp\/v2\/posts\/202283","targetHints":{"allow":["GET"]}}],"collection":[{"href":"https:\/\/www.webdo.tn\/fr\/wp-json\/wp\/v2\/posts"}],"about":[{"href":"https:\/\/www.webdo.tn\/fr\/wp-json\/wp\/v2\/types\/post"}],"author":[{"embeddable":true,"href":"https:\/\/www.webdo.tn\/fr\/wp-json\/wp\/v2\/users\/3162"}],"replies":[{"embeddable":true,"href":"https:\/\/www.webdo.tn\/fr\/wp-json\/wp\/v2\/comments?post=202283"}],"version-history":[{"count":0,"href":"https:\/\/www.webdo.tn\/fr\/wp-json\/wp\/v2\/posts\/202283\/revisions"}],"wp:featuredmedia":[{"embeddable":true,"href":"https:\/\/www.webdo.tn\/fr\/wp-json\/wp\/v2\/media\/348230"}],"wp:attachment":[{"href":"https:\/\/www.webdo.tn\/fr\/wp-json\/wp\/v2\/media?parent=202283"}],"wp:term":[{"taxonomy":"category","embeddable":true,"href":"https:\/\/www.webdo.tn\/fr\/wp-json\/wp\/v2\/categories?post=202283"},{"taxonomy":"post_tag","embeddable":true,"href":"https:\/\/www.webdo.tn\/fr\/wp-json\/wp\/v2\/tags?post=202283"}],"curies":[{"name":"wp","href":"https:\/\/api.w.org\/{rel}","templated":true}]}}