{"id":202277,"date":"2023-01-26T15:37:00","date_gmt":"2023-01-26T15:37:00","guid":{"rendered":"https:\/\/www.webdo.tn\/fr\/actualite\/blog\/tunisie-mise-en-garde-contre-des-societes-de-placement-a-l-etranger-illegales\/202277\/"},"modified":"2025-05-22T11:37:07","modified_gmt":"2025-05-22T11:37:07","slug":"tunisie-mise-en-garde-contre-des-societes-de-placement-a-l-etranger-illegales","status":"publish","type":"post","link":"https:\/\/www.webdo.tn\/fr\/actualite\/national\/tunisie-mise-en-garde-contre-des-societes-de-placement-a-l-etranger-illegales\/202277\/","title":{"rendered":"Tunisie : Mise en garde contre des soci\u00e9t\u00e9s de placement \u00e0 l&rsquo;\u00e9tranger ill\u00e9gales"},"content":{"rendered":"<p>Le minist\u00e8re de l&#8217;emploi et de la formation professionnelle a mis en garde jeudi, contre le recours aux \u00e9tablissements de placement \u00e0 l&rsquo;\u00e9tranger qui offrent des contrats de travail fictifs et exercent de mani\u00e8re ill\u00e9gale moyennant le versement d&rsquo;une somme d&rsquo;argent, rappelant que la loi interdit aux bureaux d&#8217;emploi de r\u00e9clamer de l&rsquo;argent aux demandeurs d&#8217;emploi souhaitant travailler \u00e0 l&rsquo;\u00e9tranger.<\/p>\n<p> Le minist\u00e8re a pr\u00e9cis\u00e9 dans un communiqu\u00e9, que plusieurs signalements sont parvenus \u00e0 ses services sur la publication par ces \u00e9tablissements d&rsquo;offres d&#8217;emploi fictives et des promesses mensong\u00e8res pour l&rsquo;obtention de contrats de travail \u00e0 l&rsquo;\u00e9tranger contre le versement d&rsquo;une somme d&rsquo;argent.<\/p>\n<p>Il a appel\u00e9 les demandeurs d&#8217;emploi \u00e0 contacter exclusivement les bureaux de placement \u00e0 l&rsquo;\u00e9tranger autoris\u00e9s \u00e0 exercer de fa\u00e7on l\u00e9gale, qui font l&rsquo;objet d&rsquo;un suivi et d&rsquo;une \u00e9valuation de la part du minist\u00e8re de l&#8217;emploi, dont la liste a \u00e9t\u00e9 publi\u00e9e sur son site officiel.<\/p>\n","protected":false},"excerpt":{"rendered":"<p>Le minist\u00e8re de l&#8217;emploi et de la formation professionnelle a mis en garde jeudi, contre le recours aux \u00e9tablissements de placement \u00e0 l&rsquo;\u00e9tranger qui offrent des&#8230;<\/p>\n","protected":false},"author":3175,"featured_media":348228,"comment_status":"open","ping_status":"closed","sticky":false,"template":"","format":"standard","meta":{"footnotes":""},"categories":[44],"tags":[2788,11402,2608],"class_list":["post-202277","post","type-post","status-publish","format-standard","has-post-thumbnail","hentry","category-national","tag-etranger","tag-societes","tag-tunisie"],"yoast_head":"<!-- This site is optimized with the Yoast SEO Premium plugin v27.4 (Yoast SEO v27.4) - https:\/\/yoast.com\/product\/yoast-seo-premium-wordpress\/ -->\n<title>Tunisie : Mise en garde contre des soci\u00e9t\u00e9s de placement \u00e0 l&#039;\u00e9tranger ill\u00e9gales<\/title>\n<meta name=\"description\" content=\"Le minist\u00e8re de l&#039;emploi et de la formation professionnelle a mis en garde jeudi, contre le recours aux \u00e9tablissements de placement \u00e0 l&#039;\u00e9tranger qui offrent des...\" \/>\n<link rel=\"canonical\" href=\"https:\/\/www.webdo.tn\/fr\/actualite\/national-45\/tunisie-mise-en-garde-contre-des-societes-de-placement-a-l-etranger-illegales\/202277\/\" \/>\n<meta property=\"og:locale\" content=\"fr_FR\" \/>\n<meta property=\"og:type\" content=\"article\" \/>\n<meta property=\"og:title\" content=\"Tunisie : Mise en garde contre des soci\u00e9t\u00e9s de placement \u00e0 l&#039;\u00e9tranger ill\u00e9gales\" \/>\n<meta property=\"og:description\" content=\"Le minist\u00e8re de l&#039;emploi et de la formation professionnelle a mis en garde jeudi, contre le recours aux \u00e9tablissements de placement \u00e0 l&#039;\u00e9tranger qui offrent des...\" \/>\n<meta property=\"og:url\" content=\"https:\/\/www.webdo.tn\/fr\/actualite\/national-45\/tunisie-mise-en-garde-contre-des-societes-de-placement-a-l-etranger-illegales\/202277\/\" \/>\n<meta property=\"og:site_name\" content=\"webdo\" \/>\n<meta property=\"article:publisher\" content=\"https:\/\/www.facebook.com\/webdotn\" \/>\n<meta property=\"article:published_time\" content=\"2023-01-26T15:37:00+00:00\" \/>\n<meta property=\"article:modified_time\" content=\"2025-05-22T11:37:07+00:00\" \/>\n<meta property=\"og:image\" content=\"https:\/\/www.webdo.tn\/fr\/wp-content\/uploads\/2023\/01\/bdb2185c711eb6729c2f6bd8d0ca70dc.png\" \/>\n\t<meta property=\"og:image:width\" content=\"750\" \/>\n\t<meta property=\"og:image:height\" content=\"400\" \/>\n\t<meta property=\"og:image:type\" content=\"image\/png\" \/>\n<meta name=\"author\" content=\"CL\" \/>\n<meta name=\"twitter:card\" content=\"summary_large_image\" \/>\n<meta name=\"twitter:creator\" content=\"@webdo_tn\" \/>\n<meta name=\"twitter:site\" content=\"@webdo_tn\" \/>\n<meta name=\"twitter:label1\" content=\"\u00c9crit par\" \/>\n\t<meta name=\"twitter:data1\" content=\"CL\" \/>\n\t<meta name=\"twitter:label2\" content=\"Dur\u00e9e de lecture estim\u00e9e\" \/>\n\t<meta name=\"twitter:data2\" content=\"1 minute\" \/>\n<script type=\"application\/ld+json\" class=\"yoast-schema-graph\">{\"@context\":\"https:\\\/\\\/schema.org\",\"@graph\":[{\"@type\":\"NewsArticle\",\"@id\":\"https:\\\/\\\/www.webdo.tn\\\/fr\\\/actualite\\\/national-45\\\/tunisie-mise-en-garde-contre-des-societes-de-placement-a-l-etranger-illegales\\\/202277\\\/#article\",\"isPartOf\":{\"@id\":\"https:\\\/\\\/www.webdo.tn\\\/fr\\\/actualite\\\/national-45\\\/tunisie-mise-en-garde-contre-des-societes-de-placement-a-l-etranger-illegales\\\/202277\\\/\"},\"author\":{\"name\":\"CL\",\"@id\":\"https:\\\/\\\/www.webdo.tn\\\/fr\\\/#\\\/schema\\\/person\\\/f35b42a42c5e2511bbd282959d6385cc\"},\"headline\":\"Tunisie : Mise en garde contre des soci\u00e9t\u00e9s de placement \u00e0 l&rsquo;\u00e9tranger ill\u00e9gales\",\"datePublished\":\"2023-01-26T15:37:00+00:00\",\"dateModified\":\"2025-05-22T11:37:07+00:00\",\"mainEntityOfPage\":{\"@id\":\"https:\\\/\\\/www.webdo.tn\\\/fr\\\/actualite\\\/national-45\\\/tunisie-mise-en-garde-contre-des-societes-de-placement-a-l-etranger-illegales\\\/202277\\\/\"},\"wordCount\":188,\"commentCount\":0,\"publisher\":{\"@id\":\"https:\\\/\\\/www.webdo.tn\\\/fr\\\/#organization\"},\"image\":{\"@id\":\"https:\\\/\\\/www.webdo.tn\\\/fr\\\/actualite\\\/national-45\\\/tunisie-mise-en-garde-contre-des-societes-de-placement-a-l-etranger-illegales\\\/202277\\\/#primaryimage\"},\"thumbnailUrl\":\"https:\\\/\\\/www.webdo.tn\\\/fr\\\/wp-content\\\/uploads\\\/2023\\\/01\\\/bdb2185c711eb6729c2f6bd8d0ca70dc.png\",\"keywords\":[\"\u00e9tranger\",\"soci\u00e9t\u00e9s\",\"Tunisie\"],\"articleSection\":[\"National\"],\"inLanguage\":\"fr-FR\"},{\"@type\":\"WebPage\",\"@id\":\"https:\\\/\\\/www.webdo.tn\\\/fr\\\/actualite\\\/national-45\\\/tunisie-mise-en-garde-contre-des-societes-de-placement-a-l-etranger-illegales\\\/202277\\\/\",\"url\":\"https:\\\/\\\/www.webdo.tn\\\/fr\\\/actualite\\\/national-45\\\/tunisie-mise-en-garde-contre-des-societes-de-placement-a-l-etranger-illegales\\\/202277\\\/\",\"name\":\"Tunisie : Mise en garde contre des soci\u00e9t\u00e9s de placement \u00e0 l'\u00e9tranger ill\u00e9gales\",\"isPartOf\":{\"@id\":\"https:\\\/\\\/www.webdo.tn\\\/fr\\\/#website\"},\"primaryImageOfPage\":{\"@id\":\"https:\\\/\\\/www.webdo.tn\\\/fr\\\/actualite\\\/national-45\\\/tunisie-mise-en-garde-contre-des-societes-de-placement-a-l-etranger-illegales\\\/202277\\\/#primaryimage\"},\"image\":{\"@id\":\"https:\\\/\\\/www.webdo.tn\\\/fr\\\/actualite\\\/national-45\\\/tunisie-mise-en-garde-contre-des-societes-de-placement-a-l-etranger-illegales\\\/202277\\\/#primaryimage\"},\"thumbnailUrl\":\"https:\\\/\\\/www.webdo.tn\\\/fr\\\/wp-content\\\/uploads\\\/2023\\\/01\\\/bdb2185c711eb6729c2f6bd8d0ca70dc.png\",\"datePublished\":\"2023-01-26T15:37:00+00:00\",\"dateModified\":\"2025-05-22T11:37:07+00:00\",\"description\":\"Le minist\u00e8re de l'emploi et de la formation professionnelle a mis en garde jeudi, contre le recours aux \u00e9tablissements de placement \u00e0 l'\u00e9tranger qui offrent des...\",\"breadcrumb\":{\"@id\":\"https:\\\/\\\/www.webdo.tn\\\/fr\\\/actualite\\\/national-45\\\/tunisie-mise-en-garde-contre-des-societes-de-placement-a-l-etranger-illegales\\\/202277\\\/#breadcrumb\"},\"inLanguage\":\"fr-FR\",\"potentialAction\":[{\"@type\":\"ReadAction\",\"target\":[\"https:\\\/\\\/www.webdo.tn\\\/fr\\\/actualite\\\/national-45\\\/tunisie-mise-en-garde-contre-des-societes-de-placement-a-l-etranger-illegales\\\/202277\\\/\"]}]},{\"@type\":\"ImageObject\",\"inLanguage\":\"fr-FR\",\"@id\":\"https:\\\/\\\/www.webdo.tn\\\/fr\\\/actualite\\\/national-45\\\/tunisie-mise-en-garde-contre-des-societes-de-placement-a-l-etranger-illegales\\\/202277\\\/#primaryimage\",\"url\":\"https:\\\/\\\/www.webdo.tn\\\/fr\\\/wp-content\\\/uploads\\\/2023\\\/01\\\/bdb2185c711eb6729c2f6bd8d0ca70dc.png\",\"contentUrl\":\"https:\\\/\\\/www.webdo.tn\\\/fr\\\/wp-content\\\/uploads\\\/2023\\\/01\\\/bdb2185c711eb6729c2f6bd8d0ca70dc.png\",\"width\":750,\"height\":400,\"caption\":\"Entretien\"},{\"@type\":\"BreadcrumbList\",\"@id\":\"https:\\\/\\\/www.webdo.tn\\\/fr\\\/actualite\\\/national-45\\\/tunisie-mise-en-garde-contre-des-societes-de-placement-a-l-etranger-illegales\\\/202277\\\/#breadcrumb\",\"itemListElement\":[{\"@type\":\"ListItem\",\"position\":1,\"name\":\"Accueil\",\"item\":\"https:\\\/\\\/www.webdo.tn\\\/fr\\\/\"},{\"@type\":\"ListItem\",\"position\":2,\"name\":\"Tunisie : Mise en garde contre des soci\u00e9t\u00e9s de placement \u00e0 l&rsquo;\u00e9tranger ill\u00e9gales\"}]},{\"@type\":\"WebSite\",\"@id\":\"https:\\\/\\\/www.webdo.tn\\\/fr\\\/#website\",\"url\":\"https:\\\/\\\/www.webdo.tn\\\/fr\\\/\",\"name\":\"webdo\",\"description\":\"Tunisie - News en Tunisie et \u00e0 l&#039;international sur Webdo.tn\",\"publisher\":{\"@id\":\"https:\\\/\\\/www.webdo.tn\\\/fr\\\/#organization\"},\"potentialAction\":[{\"@type\":\"SearchAction\",\"target\":{\"@type\":\"EntryPoint\",\"urlTemplate\":\"https:\\\/\\\/www.webdo.tn\\\/fr\\\/?s={search_term_string}\"},\"query-input\":{\"@type\":\"PropertyValueSpecification\",\"valueRequired\":true,\"valueName\":\"search_term_string\"}}],\"inLanguage\":\"fr-FR\"},{\"@type\":\"Organization\",\"@id\":\"https:\\\/\\\/www.webdo.tn\\\/fr\\\/#organization\",\"name\":\"Webdo\",\"alternateName\":\"Webdo.tn\",\"url\":\"https:\\\/\\\/www.webdo.tn\\\/fr\\\/\",\"logo\":{\"@type\":\"ImageObject\",\"inLanguage\":\"fr-FR\",\"@id\":\"https:\\\/\\\/www.webdo.tn\\\/fr\\\/#\\\/schema\\\/logo\\\/image\\\/\",\"url\":\"https:\\\/\\\/www.webdo.tn\\\/fr\\\/wp-content\\\/uploads\\\/2025\\\/06\\\/Webdo-Tunisie_168377.jpg\",\"contentUrl\":\"https:\\\/\\\/www.webdo.tn\\\/fr\\\/wp-content\\\/uploads\\\/2025\\\/06\\\/Webdo-Tunisie_168377.jpg\",\"width\":301,\"height\":301,\"caption\":\"Webdo\"},\"image\":{\"@id\":\"https:\\\/\\\/www.webdo.tn\\\/fr\\\/#\\\/schema\\\/logo\\\/image\\\/\"},\"sameAs\":[\"https:\\\/\\\/www.facebook.com\\\/webdotn\",\"https:\\\/\\\/x.com\\\/webdo_tn\"],\"description\":\"Webdo est un m\u00e9dia num\u00e9rique tunisien fond\u00e9 en 2010, sp\u00e9cialis\u00e9 dans l\u2019actualit\u00e9 nationale et internationale, l\u2019\u00e9conomie, la soci\u00e9t\u00e9 et les analyses politiques. Le site s\u2019adresse \u00e0 un large public francophone et couvre l\u2019information tunisienne en temps r\u00e9el.\",\"email\":\"redac@webdo.tn\",\"legalName\":\"YNJ SARL\",\"foundingDate\":\"2010-09-06\",\"numberOfEmployees\":{\"@type\":\"QuantitativeValue\",\"minValue\":\"11\",\"maxValue\":\"50\"}},{\"@type\":\"Person\",\"@id\":\"https:\\\/\\\/www.webdo.tn\\\/fr\\\/#\\\/schema\\\/person\\\/f35b42a42c5e2511bbd282959d6385cc\",\"name\":\"CL\",\"image\":{\"@type\":\"ImageObject\",\"inLanguage\":\"fr-FR\",\"@id\":\"https:\\\/\\\/secure.gravatar.com\\\/avatar\\\/1447a49909b67aa657c488aec6512e1dd6143a480c1ecfee9b5b5cd74eb3b59e?s=96&d=mm&r=g\",\"url\":\"https:\\\/\\\/secure.gravatar.com\\\/avatar\\\/1447a49909b67aa657c488aec6512e1dd6143a480c1ecfee9b5b5cd74eb3b59e?s=96&d=mm&r=g\",\"contentUrl\":\"https:\\\/\\\/secure.gravatar.com\\\/avatar\\\/1447a49909b67aa657c488aec6512e1dd6143a480c1ecfee9b5b5cd74eb3b59e?s=96&d=mm&r=g\",\"caption\":\"CL\"},\"url\":\"https:\\\/\\\/www.webdo.tn\\\/fr\\\/actualite\\\/author\\\/cl\\\/\"}]}<\/script>\n<!-- \/ Yoast SEO Premium plugin. -->","yoast_head_json":{"title":"Tunisie : Mise en garde contre des soci\u00e9t\u00e9s de placement \u00e0 l'\u00e9tranger ill\u00e9gales","description":"Le minist\u00e8re de l'emploi et de la formation professionnelle a mis en garde jeudi, contre le recours aux \u00e9tablissements de placement \u00e0 l'\u00e9tranger qui offrent des...","canonical":"https:\/\/www.webdo.tn\/fr\/actualite\/national-45\/tunisie-mise-en-garde-contre-des-societes-de-placement-a-l-etranger-illegales\/202277\/","og_locale":"fr_FR","og_type":"article","og_title":"Tunisie : Mise en garde contre des soci\u00e9t\u00e9s de placement \u00e0 l'\u00e9tranger ill\u00e9gales","og_description":"Le minist\u00e8re de l'emploi et de la formation professionnelle a mis en garde jeudi, contre le recours aux \u00e9tablissements de placement \u00e0 l'\u00e9tranger qui offrent des...","og_url":"https:\/\/www.webdo.tn\/fr\/actualite\/national-45\/tunisie-mise-en-garde-contre-des-societes-de-placement-a-l-etranger-illegales\/202277\/","og_site_name":"webdo","article_publisher":"https:\/\/www.facebook.com\/webdotn","article_published_time":"2023-01-26T15:37:00+00:00","article_modified_time":"2025-05-22T11:37:07+00:00","og_image":[{"width":750,"height":400,"url":"https:\/\/www.webdo.tn\/fr\/wp-content\/uploads\/2023\/01\/bdb2185c711eb6729c2f6bd8d0ca70dc.png","type":"image\/png"}],"author":"CL","twitter_card":"summary_large_image","twitter_creator":"@webdo_tn","twitter_site":"@webdo_tn","twitter_misc":{"\u00c9crit par":"CL","Dur\u00e9e de lecture estim\u00e9e":"1 minute"},"schema":{"@context":"https:\/\/schema.org","@graph":[{"@type":"NewsArticle","@id":"https:\/\/www.webdo.tn\/fr\/actualite\/national-45\/tunisie-mise-en-garde-contre-des-societes-de-placement-a-l-etranger-illegales\/202277\/#article","isPartOf":{"@id":"https:\/\/www.webdo.tn\/fr\/actualite\/national-45\/tunisie-mise-en-garde-contre-des-societes-de-placement-a-l-etranger-illegales\/202277\/"},"author":{"name":"CL","@id":"https:\/\/www.webdo.tn\/fr\/#\/schema\/person\/f35b42a42c5e2511bbd282959d6385cc"},"headline":"Tunisie : Mise en garde contre des soci\u00e9t\u00e9s de placement \u00e0 l&rsquo;\u00e9tranger ill\u00e9gales","datePublished":"2023-01-26T15:37:00+00:00","dateModified":"2025-05-22T11:37:07+00:00","mainEntityOfPage":{"@id":"https:\/\/www.webdo.tn\/fr\/actualite\/national-45\/tunisie-mise-en-garde-contre-des-societes-de-placement-a-l-etranger-illegales\/202277\/"},"wordCount":188,"commentCount":0,"publisher":{"@id":"https:\/\/www.webdo.tn\/fr\/#organization"},"image":{"@id":"https:\/\/www.webdo.tn\/fr\/actualite\/national-45\/tunisie-mise-en-garde-contre-des-societes-de-placement-a-l-etranger-illegales\/202277\/#primaryimage"},"thumbnailUrl":"https:\/\/www.webdo.tn\/fr\/wp-content\/uploads\/2023\/01\/bdb2185c711eb6729c2f6bd8d0ca70dc.png","keywords":["\u00e9tranger","soci\u00e9t\u00e9s","Tunisie"],"articleSection":["National"],"inLanguage":"fr-FR"},{"@type":"WebPage","@id":"https:\/\/www.webdo.tn\/fr\/actualite\/national-45\/tunisie-mise-en-garde-contre-des-societes-de-placement-a-l-etranger-illegales\/202277\/","url":"https:\/\/www.webdo.tn\/fr\/actualite\/national-45\/tunisie-mise-en-garde-contre-des-societes-de-placement-a-l-etranger-illegales\/202277\/","name":"Tunisie : Mise en garde contre des soci\u00e9t\u00e9s de placement \u00e0 l'\u00e9tranger ill\u00e9gales","isPartOf":{"@id":"https:\/\/www.webdo.tn\/fr\/#website"},"primaryImageOfPage":{"@id":"https:\/\/www.webdo.tn\/fr\/actualite\/national-45\/tunisie-mise-en-garde-contre-des-societes-de-placement-a-l-etranger-illegales\/202277\/#primaryimage"},"image":{"@id":"https:\/\/www.webdo.tn\/fr\/actualite\/national-45\/tunisie-mise-en-garde-contre-des-societes-de-placement-a-l-etranger-illegales\/202277\/#primaryimage"},"thumbnailUrl":"https:\/\/www.webdo.tn\/fr\/wp-content\/uploads\/2023\/01\/bdb2185c711eb6729c2f6bd8d0ca70dc.png","datePublished":"2023-01-26T15:37:00+00:00","dateModified":"2025-05-22T11:37:07+00:00","description":"Le minist\u00e8re de l'emploi et de la formation professionnelle a mis en garde jeudi, contre le recours aux \u00e9tablissements de placement \u00e0 l'\u00e9tranger qui offrent des...","breadcrumb":{"@id":"https:\/\/www.webdo.tn\/fr\/actualite\/national-45\/tunisie-mise-en-garde-contre-des-societes-de-placement-a-l-etranger-illegales\/202277\/#breadcrumb"},"inLanguage":"fr-FR","potentialAction":[{"@type":"ReadAction","target":["https:\/\/www.webdo.tn\/fr\/actualite\/national-45\/tunisie-mise-en-garde-contre-des-societes-de-placement-a-l-etranger-illegales\/202277\/"]}]},{"@type":"ImageObject","inLanguage":"fr-FR","@id":"https:\/\/www.webdo.tn\/fr\/actualite\/national-45\/tunisie-mise-en-garde-contre-des-societes-de-placement-a-l-etranger-illegales\/202277\/#primaryimage","url":"https:\/\/www.webdo.tn\/fr\/wp-content\/uploads\/2023\/01\/bdb2185c711eb6729c2f6bd8d0ca70dc.png","contentUrl":"https:\/\/www.webdo.tn\/fr\/wp-content\/uploads\/2023\/01\/bdb2185c711eb6729c2f6bd8d0ca70dc.png","width":750,"height":400,"caption":"Entretien"},{"@type":"BreadcrumbList","@id":"https:\/\/www.webdo.tn\/fr\/actualite\/national-45\/tunisie-mise-en-garde-contre-des-societes-de-placement-a-l-etranger-illegales\/202277\/#breadcrumb","itemListElement":[{"@type":"ListItem","position":1,"name":"Accueil","item":"https:\/\/www.webdo.tn\/fr\/"},{"@type":"ListItem","position":2,"name":"Tunisie : Mise en garde contre des soci\u00e9t\u00e9s de placement \u00e0 l&rsquo;\u00e9tranger ill\u00e9gales"}]},{"@type":"WebSite","@id":"https:\/\/www.webdo.tn\/fr\/#website","url":"https:\/\/www.webdo.tn\/fr\/","name":"webdo","description":"Tunisie - News en Tunisie et \u00e0 l&#039;international sur Webdo.tn","publisher":{"@id":"https:\/\/www.webdo.tn\/fr\/#organization"},"potentialAction":[{"@type":"SearchAction","target":{"@type":"EntryPoint","urlTemplate":"https:\/\/www.webdo.tn\/fr\/?s={search_term_string}"},"query-input":{"@type":"PropertyValueSpecification","valueRequired":true,"valueName":"search_term_string"}}],"inLanguage":"fr-FR"},{"@type":"Organization","@id":"https:\/\/www.webdo.tn\/fr\/#organization","name":"Webdo","alternateName":"Webdo.tn","url":"https:\/\/www.webdo.tn\/fr\/","logo":{"@type":"ImageObject","inLanguage":"fr-FR","@id":"https:\/\/www.webdo.tn\/fr\/#\/schema\/logo\/image\/","url":"https:\/\/www.webdo.tn\/fr\/wp-content\/uploads\/2025\/06\/Webdo-Tunisie_168377.jpg","contentUrl":"https:\/\/www.webdo.tn\/fr\/wp-content\/uploads\/2025\/06\/Webdo-Tunisie_168377.jpg","width":301,"height":301,"caption":"Webdo"},"image":{"@id":"https:\/\/www.webdo.tn\/fr\/#\/schema\/logo\/image\/"},"sameAs":["https:\/\/www.facebook.com\/webdotn","https:\/\/x.com\/webdo_tn"],"description":"Webdo est un m\u00e9dia num\u00e9rique tunisien fond\u00e9 en 2010, sp\u00e9cialis\u00e9 dans l\u2019actualit\u00e9 nationale et internationale, l\u2019\u00e9conomie, la soci\u00e9t\u00e9 et les analyses politiques. Le site s\u2019adresse \u00e0 un large public francophone et couvre l\u2019information tunisienne en temps r\u00e9el.","email":"redac@webdo.tn","legalName":"YNJ SARL","foundingDate":"2010-09-06","numberOfEmployees":{"@type":"QuantitativeValue","minValue":"11","maxValue":"50"}},{"@type":"Person","@id":"https:\/\/www.webdo.tn\/fr\/#\/schema\/person\/f35b42a42c5e2511bbd282959d6385cc","name":"CL","image":{"@type":"ImageObject","inLanguage":"fr-FR","@id":"https:\/\/secure.gravatar.com\/avatar\/1447a49909b67aa657c488aec6512e1dd6143a480c1ecfee9b5b5cd74eb3b59e?s=96&d=mm&r=g","url":"https:\/\/secure.gravatar.com\/avatar\/1447a49909b67aa657c488aec6512e1dd6143a480c1ecfee9b5b5cd74eb3b59e?s=96&d=mm&r=g","contentUrl":"https:\/\/secure.gravatar.com\/avatar\/1447a49909b67aa657c488aec6512e1dd6143a480c1ecfee9b5b5cd74eb3b59e?s=96&d=mm&r=g","caption":"CL"},"url":"https:\/\/www.webdo.tn\/fr\/actualite\/author\/cl\/"}]}},"_links":{"self":[{"href":"https:\/\/www.webdo.tn\/fr\/wp-json\/wp\/v2\/posts\/202277","targetHints":{"allow":["GET"]}}],"collection":[{"href":"https:\/\/www.webdo.tn\/fr\/wp-json\/wp\/v2\/posts"}],"about":[{"href":"https:\/\/www.webdo.tn\/fr\/wp-json\/wp\/v2\/types\/post"}],"author":[{"embeddable":true,"href":"https:\/\/www.webdo.tn\/fr\/wp-json\/wp\/v2\/users\/3175"}],"replies":[{"embeddable":true,"href":"https:\/\/www.webdo.tn\/fr\/wp-json\/wp\/v2\/comments?post=202277"}],"version-history":[{"count":0,"href":"https:\/\/www.webdo.tn\/fr\/wp-json\/wp\/v2\/posts\/202277\/revisions"}],"wp:featuredmedia":[{"embeddable":true,"href":"https:\/\/www.webdo.tn\/fr\/wp-json\/wp\/v2\/media\/348228"}],"wp:attachment":[{"href":"https:\/\/www.webdo.tn\/fr\/wp-json\/wp\/v2\/media?parent=202277"}],"wp:term":[{"taxonomy":"category","embeddable":true,"href":"https:\/\/www.webdo.tn\/fr\/wp-json\/wp\/v2\/categories?post=202277"},{"taxonomy":"post_tag","embeddable":true,"href":"https:\/\/www.webdo.tn\/fr\/wp-json\/wp\/v2\/tags?post=202277"}],"curies":[{"name":"wp","href":"https:\/\/api.w.org\/{rel}","templated":true}]}}