{"id":202236,"date":"2023-01-25T14:42:00","date_gmt":"2023-01-25T14:42:00","guid":{"rendered":"https:\/\/www.webdo.tn\/fr\/actualite\/blog\/ltdh-les-proces-militaires-de-civils-une-violation-des-droits-humains\/202236\/"},"modified":"2025-05-22T11:37:17","modified_gmt":"2025-05-22T11:37:17","slug":"ltdh-les-proces-militaires-de-civils-une-violation-des-droits-humains","status":"publish","type":"post","link":"https:\/\/www.webdo.tn\/fr\/actualite\/national\/ltdh-les-proces-militaires-de-civils-une-violation-des-droits-humains\/202236\/","title":{"rendered":"LTDH : \u00ab\u00a0Les proc\u00e8s militaires de civils, une violation des droits humains\u00a0\u00bb"},"content":{"rendered":"<p>La Ligue Tunisienne pour la d\u00e9fense des Droits de l&rsquo;Homme (LTDH) a d\u00e9nonc\u00e9, dans un communiqu\u00e9, publi\u00e9 ce mercredi 25 janvier 2023, la comparution de civils devant les tribunaux militaires.<\/p>\n<p> La LTDH estime qu\u2019il s\u2019agit l\u00e0 \u00ab\u00a0d\u2019une violation des droits humains qui renvoient \u00e0 la p\u00e9riode de la dictature que les Tunisiens ont connu avant la r\u00e9volution\u00a0\u00bb, estimant que \u00ab\u00a0les responsables politiques et les l\u00e9gislateurs ont sciemment maintenu ces pratiques pour les utiliser dans des r\u00e8glements de compte politiques\u00a0\u00bb.<\/p>\n<p>Selon la LTDH, les proc\u00e8s militaires de civils constituent une transgression du principe d&rsquo;un proc\u00e8s \u00e9quitable et une violation des conventions internationales relatives aux droits de l&rsquo;homme, appelant, ainsi la Tunisie \u00e0 respecter ses engagements internationaux concernant, notamment, la garantie des droits et libert\u00e9s et l&rsquo;\u00e9galit\u00e9 de tous devant la justice.<\/p>\n<p>Elle exhorte \u00e9galement la Tunisie \u00e0 retirer de son arsenal juridique, les textes de loi qui vont \u00e0 l&rsquo;encontre de ces engagements.<\/p>\n<p>Condamn\u00e9 \u00e0 14 mois de prison ferme suite au verdict rendu, vendredi 20 janvier 2023, l\u2019avocat et ancien d\u00e9put\u00e9 de la Coalition Al Karama, Seifeddine Makhlouf a \u00e9t\u00e9 arr\u00eat\u00e9 \u00e0 son domicile quelques heures apr\u00e8s le verdict rendu par la Chambre correctionnelle de la Cour d&rsquo;appel militaire.<\/p>\n<p>La Chambre a \u00e9galement condamn\u00e9 l\u2019avocat Mehdi Zagrouba \u00e0 onze mois de prison ferme avec cinq ans d\u2019interdiction d\u2019exercer, Nidhal Saoudi \u00e0 sept mois de prison, Maher Zid \u00e0 cinq mois et Mohamed Affes \u00e0 cinq mois de prison. Dans le cadre de la m\u00eame affaire, Abdellatif Aloui a obtenu un non-lieu.<\/p>\n","protected":false},"excerpt":{"rendered":"<p>La Ligue Tunisienne pour la d\u00e9fense des Droits de l&rsquo;Homme (LTDH) a d\u00e9nonc\u00e9, dans un communiqu\u00e9, publi\u00e9 ce mercredi 25 janvier 2023, la comparution de civils dev&#8230;<\/p>\n","protected":false},"author":3162,"featured_media":348238,"comment_status":"open","ping_status":"closed","sticky":false,"template":"","format":"standard","meta":{"footnotes":""},"categories":[44],"tags":[3859,7947,3261],"class_list":["post-202236","post","type-post","status-publish","format-standard","has-post-thumbnail","hentry","category-national","tag-justice-militaire","tag-ltdh","tag-proces"],"yoast_head":"<!-- This site is optimized with the Yoast SEO Premium plugin v27.4 (Yoast SEO v27.5) - https:\/\/yoast.com\/product\/yoast-seo-premium-wordpress\/ -->\n<title>LTDH : Les proc\u00e8s militaires de civils, une violation des droits humains<\/title>\n<meta name=\"description\" content=\"La Ligue Tunisienne pour la d\u00e9fense des Droits de l&#039;Homme (LTDH) a d\u00e9nonc\u00e9, dans un communiqu\u00e9, publi\u00e9 ce mercredi 25 janvier 2023, la comparution de civils dev...\" \/>\n<link rel=\"canonical\" href=\"https:\/\/www.webdo.tn\/fr\/actualite\/national-45\/ltdh-les-proces-militaires-de-civils-une-violation-des-droits-humains\/202236\/\" \/>\n<meta property=\"og:locale\" content=\"fr_FR\" \/>\n<meta property=\"og:type\" content=\"article\" \/>\n<meta property=\"og:title\" content=\"LTDH : &quot;Les proc\u00e8s militaires de civils, une violation des droits humains&quot;\" \/>\n<meta property=\"og:description\" content=\"La Ligue Tunisienne pour la d\u00e9fense des Droits de l&#039;Homme (LTDH) a d\u00e9nonc\u00e9, dans un communiqu\u00e9, publi\u00e9 ce mercredi 25 janvier 2023, la comparution de civils dev...\" \/>\n<meta property=\"og:url\" content=\"https:\/\/www.webdo.tn\/fr\/actualite\/national-45\/ltdh-les-proces-militaires-de-civils-une-violation-des-droits-humains\/202236\/\" \/>\n<meta property=\"og:site_name\" content=\"webdo\" \/>\n<meta property=\"article:publisher\" content=\"https:\/\/www.facebook.com\/webdotn\" \/>\n<meta property=\"article:published_time\" content=\"2023-01-25T14:42:00+00:00\" \/>\n<meta property=\"article:modified_time\" content=\"2025-05-22T11:37:17+00:00\" \/>\n<meta property=\"og:image\" content=\"https:\/\/www.webdo.tn\/fr\/wp-content\/uploads\/2023\/01\/39ee418ea87a439e4cb4145819cf500c.jpg\" \/>\n\t<meta property=\"og:image:width\" content=\"750\" \/>\n\t<meta property=\"og:image:height\" content=\"400\" \/>\n\t<meta property=\"og:image:type\" content=\"image\/jpeg\" \/>\n<meta name=\"author\" content=\"MC\" \/>\n<meta name=\"twitter:card\" content=\"summary_large_image\" \/>\n<meta name=\"twitter:creator\" content=\"@webdo_tn\" \/>\n<meta name=\"twitter:site\" content=\"@webdo_tn\" \/>\n<meta name=\"twitter:label1\" content=\"\u00c9crit par\" \/>\n\t<meta name=\"twitter:data1\" content=\"MC\" \/>\n\t<meta name=\"twitter:label2\" content=\"Dur\u00e9e de lecture estim\u00e9e\" \/>\n\t<meta name=\"twitter:data2\" content=\"1 minute\" \/>\n<script type=\"application\/ld+json\" class=\"yoast-schema-graph\">{\"@context\":\"https:\\\/\\\/schema.org\",\"@graph\":[{\"@type\":\"NewsArticle\",\"@id\":\"https:\\\/\\\/www.webdo.tn\\\/fr\\\/actualite\\\/national-45\\\/ltdh-les-proces-militaires-de-civils-une-violation-des-droits-humains\\\/202236\\\/#article\",\"isPartOf\":{\"@id\":\"https:\\\/\\\/www.webdo.tn\\\/fr\\\/actualite\\\/national-45\\\/ltdh-les-proces-militaires-de-civils-une-violation-des-droits-humains\\\/202236\\\/\"},\"author\":{\"name\":\"MC\",\"@id\":\"https:\\\/\\\/www.webdo.tn\\\/fr\\\/#\\\/schema\\\/person\\\/2c4929cbf5a809e3bd38617c6ce150f6\"},\"headline\":\"LTDH : \u00ab\u00a0Les proc\u00e8s militaires de civils, une violation des droits humains\u00a0\u00bb\",\"datePublished\":\"2023-01-25T14:42:00+00:00\",\"dateModified\":\"2025-05-22T11:37:17+00:00\",\"mainEntityOfPage\":{\"@id\":\"https:\\\/\\\/www.webdo.tn\\\/fr\\\/actualite\\\/national-45\\\/ltdh-les-proces-militaires-de-civils-une-violation-des-droits-humains\\\/202236\\\/\"},\"wordCount\":274,\"commentCount\":0,\"publisher\":{\"@id\":\"https:\\\/\\\/www.webdo.tn\\\/fr\\\/#organization\"},\"image\":{\"@id\":\"https:\\\/\\\/www.webdo.tn\\\/fr\\\/actualite\\\/national-45\\\/ltdh-les-proces-militaires-de-civils-une-violation-des-droits-humains\\\/202236\\\/#primaryimage\"},\"thumbnailUrl\":\"https:\\\/\\\/www.webdo.tn\\\/fr\\\/wp-content\\\/uploads\\\/2023\\\/01\\\/39ee418ea87a439e4cb4145819cf500c.jpg\",\"keywords\":[\"justice militaire\",\"LTDH\",\"proc\u00e8s\"],\"articleSection\":[\"National\"],\"inLanguage\":\"fr-FR\"},{\"@type\":\"WebPage\",\"@id\":\"https:\\\/\\\/www.webdo.tn\\\/fr\\\/actualite\\\/national-45\\\/ltdh-les-proces-militaires-de-civils-une-violation-des-droits-humains\\\/202236\\\/\",\"url\":\"https:\\\/\\\/www.webdo.tn\\\/fr\\\/actualite\\\/national-45\\\/ltdh-les-proces-militaires-de-civils-une-violation-des-droits-humains\\\/202236\\\/\",\"name\":\"LTDH : Les proc\u00e8s militaires de civils, une violation des droits humains\",\"isPartOf\":{\"@id\":\"https:\\\/\\\/www.webdo.tn\\\/fr\\\/#website\"},\"primaryImageOfPage\":{\"@id\":\"https:\\\/\\\/www.webdo.tn\\\/fr\\\/actualite\\\/national-45\\\/ltdh-les-proces-militaires-de-civils-une-violation-des-droits-humains\\\/202236\\\/#primaryimage\"},\"image\":{\"@id\":\"https:\\\/\\\/www.webdo.tn\\\/fr\\\/actualite\\\/national-45\\\/ltdh-les-proces-militaires-de-civils-une-violation-des-droits-humains\\\/202236\\\/#primaryimage\"},\"thumbnailUrl\":\"https:\\\/\\\/www.webdo.tn\\\/fr\\\/wp-content\\\/uploads\\\/2023\\\/01\\\/39ee418ea87a439e4cb4145819cf500c.jpg\",\"datePublished\":\"2023-01-25T14:42:00+00:00\",\"dateModified\":\"2025-05-22T11:37:17+00:00\",\"description\":\"La Ligue Tunisienne pour la d\u00e9fense des Droits de l'Homme (LTDH) a d\u00e9nonc\u00e9, dans un communiqu\u00e9, publi\u00e9 ce mercredi 25 janvier 2023, la comparution de civils dev...\",\"breadcrumb\":{\"@id\":\"https:\\\/\\\/www.webdo.tn\\\/fr\\\/actualite\\\/national-45\\\/ltdh-les-proces-militaires-de-civils-une-violation-des-droits-humains\\\/202236\\\/#breadcrumb\"},\"inLanguage\":\"fr-FR\",\"potentialAction\":[{\"@type\":\"ReadAction\",\"target\":[\"https:\\\/\\\/www.webdo.tn\\\/fr\\\/actualite\\\/national-45\\\/ltdh-les-proces-militaires-de-civils-une-violation-des-droits-humains\\\/202236\\\/\"]}]},{\"@type\":\"ImageObject\",\"inLanguage\":\"fr-FR\",\"@id\":\"https:\\\/\\\/www.webdo.tn\\\/fr\\\/actualite\\\/national-45\\\/ltdh-les-proces-militaires-de-civils-une-violation-des-droits-humains\\\/202236\\\/#primaryimage\",\"url\":\"https:\\\/\\\/www.webdo.tn\\\/fr\\\/wp-content\\\/uploads\\\/2023\\\/01\\\/39ee418ea87a439e4cb4145819cf500c.jpg\",\"contentUrl\":\"https:\\\/\\\/www.webdo.tn\\\/fr\\\/wp-content\\\/uploads\\\/2023\\\/01\\\/39ee418ea87a439e4cb4145819cf500c.jpg\",\"width\":750,\"height\":400,\"caption\":\"LTDH : \\\"Les proc\u00e8s militaires de civils, une violation des droits humains\\\"\"},{\"@type\":\"BreadcrumbList\",\"@id\":\"https:\\\/\\\/www.webdo.tn\\\/fr\\\/actualite\\\/national-45\\\/ltdh-les-proces-militaires-de-civils-une-violation-des-droits-humains\\\/202236\\\/#breadcrumb\",\"itemListElement\":[{\"@type\":\"ListItem\",\"position\":1,\"name\":\"Accueil\",\"item\":\"https:\\\/\\\/www.webdo.tn\\\/fr\\\/\"},{\"@type\":\"ListItem\",\"position\":2,\"name\":\"LTDH : \u00ab\u00a0Les proc\u00e8s militaires de civils, une violation des droits humains\u00a0\u00bb\"}]},{\"@type\":\"WebSite\",\"@id\":\"https:\\\/\\\/www.webdo.tn\\\/fr\\\/#website\",\"url\":\"https:\\\/\\\/www.webdo.tn\\\/fr\\\/\",\"name\":\"webdo\",\"description\":\"Tunisie - News en Tunisie et \u00e0 l&#039;international sur Webdo.tn\",\"publisher\":{\"@id\":\"https:\\\/\\\/www.webdo.tn\\\/fr\\\/#organization\"},\"potentialAction\":[{\"@type\":\"SearchAction\",\"target\":{\"@type\":\"EntryPoint\",\"urlTemplate\":\"https:\\\/\\\/www.webdo.tn\\\/fr\\\/?s={search_term_string}\"},\"query-input\":{\"@type\":\"PropertyValueSpecification\",\"valueRequired\":true,\"valueName\":\"search_term_string\"}}],\"inLanguage\":\"fr-FR\"},{\"@type\":\"Organization\",\"@id\":\"https:\\\/\\\/www.webdo.tn\\\/fr\\\/#organization\",\"name\":\"Webdo\",\"alternateName\":\"Webdo.tn\",\"url\":\"https:\\\/\\\/www.webdo.tn\\\/fr\\\/\",\"logo\":{\"@type\":\"ImageObject\",\"inLanguage\":\"fr-FR\",\"@id\":\"https:\\\/\\\/www.webdo.tn\\\/fr\\\/#\\\/schema\\\/logo\\\/image\\\/\",\"url\":\"https:\\\/\\\/www.webdo.tn\\\/fr\\\/wp-content\\\/uploads\\\/2025\\\/06\\\/Webdo-Tunisie_168377.jpg\",\"contentUrl\":\"https:\\\/\\\/www.webdo.tn\\\/fr\\\/wp-content\\\/uploads\\\/2025\\\/06\\\/Webdo-Tunisie_168377.jpg\",\"width\":301,\"height\":301,\"caption\":\"Webdo\"},\"image\":{\"@id\":\"https:\\\/\\\/www.webdo.tn\\\/fr\\\/#\\\/schema\\\/logo\\\/image\\\/\"},\"sameAs\":[\"https:\\\/\\\/www.facebook.com\\\/webdotn\",\"https:\\\/\\\/x.com\\\/webdo_tn\"],\"description\":\"Webdo est un m\u00e9dia num\u00e9rique tunisien fond\u00e9 en 2010, sp\u00e9cialis\u00e9 dans l\u2019actualit\u00e9 nationale et internationale, l\u2019\u00e9conomie, la soci\u00e9t\u00e9 et les analyses politiques. Le site s\u2019adresse \u00e0 un large public francophone et couvre l\u2019information tunisienne en temps r\u00e9el.\",\"email\":\"redac@webdo.tn\",\"legalName\":\"YNJ SARL\",\"foundingDate\":\"2010-09-06\",\"numberOfEmployees\":{\"@type\":\"QuantitativeValue\",\"minValue\":\"11\",\"maxValue\":\"50\"}},{\"@type\":\"Person\",\"@id\":\"https:\\\/\\\/www.webdo.tn\\\/fr\\\/#\\\/schema\\\/person\\\/2c4929cbf5a809e3bd38617c6ce150f6\",\"name\":\"MC\",\"image\":{\"@type\":\"ImageObject\",\"inLanguage\":\"fr-FR\",\"@id\":\"https:\\\/\\\/secure.gravatar.com\\\/avatar\\\/a545bbb6f84efdd5553dbbc2895e3ca8f1d12c5215e00a041c9670b54aa9b18a?s=96&d=mm&r=g\",\"url\":\"https:\\\/\\\/secure.gravatar.com\\\/avatar\\\/a545bbb6f84efdd5553dbbc2895e3ca8f1d12c5215e00a041c9670b54aa9b18a?s=96&d=mm&r=g\",\"contentUrl\":\"https:\\\/\\\/secure.gravatar.com\\\/avatar\\\/a545bbb6f84efdd5553dbbc2895e3ca8f1d12c5215e00a041c9670b54aa9b18a?s=96&d=mm&r=g\",\"caption\":\"MC\"},\"url\":\"https:\\\/\\\/www.webdo.tn\\\/fr\\\/actualite\\\/author\\\/mc\\\/\"}]}<\/script>\n<!-- \/ Yoast SEO Premium plugin. -->","yoast_head_json":{"title":"LTDH : Les proc\u00e8s militaires de civils, une violation des droits humains","description":"La Ligue Tunisienne pour la d\u00e9fense des Droits de l'Homme (LTDH) a d\u00e9nonc\u00e9, dans un communiqu\u00e9, publi\u00e9 ce mercredi 25 janvier 2023, la comparution de civils dev...","canonical":"https:\/\/www.webdo.tn\/fr\/actualite\/national-45\/ltdh-les-proces-militaires-de-civils-une-violation-des-droits-humains\/202236\/","og_locale":"fr_FR","og_type":"article","og_title":"LTDH : \"Les proc\u00e8s militaires de civils, une violation des droits humains\"","og_description":"La Ligue Tunisienne pour la d\u00e9fense des Droits de l'Homme (LTDH) a d\u00e9nonc\u00e9, dans un communiqu\u00e9, publi\u00e9 ce mercredi 25 janvier 2023, la comparution de civils dev...","og_url":"https:\/\/www.webdo.tn\/fr\/actualite\/national-45\/ltdh-les-proces-militaires-de-civils-une-violation-des-droits-humains\/202236\/","og_site_name":"webdo","article_publisher":"https:\/\/www.facebook.com\/webdotn","article_published_time":"2023-01-25T14:42:00+00:00","article_modified_time":"2025-05-22T11:37:17+00:00","og_image":[{"width":750,"height":400,"url":"https:\/\/www.webdo.tn\/fr\/wp-content\/uploads\/2023\/01\/39ee418ea87a439e4cb4145819cf500c.jpg","type":"image\/jpeg"}],"author":"MC","twitter_card":"summary_large_image","twitter_creator":"@webdo_tn","twitter_site":"@webdo_tn","twitter_misc":{"\u00c9crit par":"MC","Dur\u00e9e de lecture estim\u00e9e":"1 minute"},"schema":{"@context":"https:\/\/schema.org","@graph":[{"@type":"NewsArticle","@id":"https:\/\/www.webdo.tn\/fr\/actualite\/national-45\/ltdh-les-proces-militaires-de-civils-une-violation-des-droits-humains\/202236\/#article","isPartOf":{"@id":"https:\/\/www.webdo.tn\/fr\/actualite\/national-45\/ltdh-les-proces-militaires-de-civils-une-violation-des-droits-humains\/202236\/"},"author":{"name":"MC","@id":"https:\/\/www.webdo.tn\/fr\/#\/schema\/person\/2c4929cbf5a809e3bd38617c6ce150f6"},"headline":"LTDH : \u00ab\u00a0Les proc\u00e8s militaires de civils, une violation des droits humains\u00a0\u00bb","datePublished":"2023-01-25T14:42:00+00:00","dateModified":"2025-05-22T11:37:17+00:00","mainEntityOfPage":{"@id":"https:\/\/www.webdo.tn\/fr\/actualite\/national-45\/ltdh-les-proces-militaires-de-civils-une-violation-des-droits-humains\/202236\/"},"wordCount":274,"commentCount":0,"publisher":{"@id":"https:\/\/www.webdo.tn\/fr\/#organization"},"image":{"@id":"https:\/\/www.webdo.tn\/fr\/actualite\/national-45\/ltdh-les-proces-militaires-de-civils-une-violation-des-droits-humains\/202236\/#primaryimage"},"thumbnailUrl":"https:\/\/www.webdo.tn\/fr\/wp-content\/uploads\/2023\/01\/39ee418ea87a439e4cb4145819cf500c.jpg","keywords":["justice militaire","LTDH","proc\u00e8s"],"articleSection":["National"],"inLanguage":"fr-FR"},{"@type":"WebPage","@id":"https:\/\/www.webdo.tn\/fr\/actualite\/national-45\/ltdh-les-proces-militaires-de-civils-une-violation-des-droits-humains\/202236\/","url":"https:\/\/www.webdo.tn\/fr\/actualite\/national-45\/ltdh-les-proces-militaires-de-civils-une-violation-des-droits-humains\/202236\/","name":"LTDH : Les proc\u00e8s militaires de civils, une violation des droits humains","isPartOf":{"@id":"https:\/\/www.webdo.tn\/fr\/#website"},"primaryImageOfPage":{"@id":"https:\/\/www.webdo.tn\/fr\/actualite\/national-45\/ltdh-les-proces-militaires-de-civils-une-violation-des-droits-humains\/202236\/#primaryimage"},"image":{"@id":"https:\/\/www.webdo.tn\/fr\/actualite\/national-45\/ltdh-les-proces-militaires-de-civils-une-violation-des-droits-humains\/202236\/#primaryimage"},"thumbnailUrl":"https:\/\/www.webdo.tn\/fr\/wp-content\/uploads\/2023\/01\/39ee418ea87a439e4cb4145819cf500c.jpg","datePublished":"2023-01-25T14:42:00+00:00","dateModified":"2025-05-22T11:37:17+00:00","description":"La Ligue Tunisienne pour la d\u00e9fense des Droits de l'Homme (LTDH) a d\u00e9nonc\u00e9, dans un communiqu\u00e9, publi\u00e9 ce mercredi 25 janvier 2023, la comparution de civils dev...","breadcrumb":{"@id":"https:\/\/www.webdo.tn\/fr\/actualite\/national-45\/ltdh-les-proces-militaires-de-civils-une-violation-des-droits-humains\/202236\/#breadcrumb"},"inLanguage":"fr-FR","potentialAction":[{"@type":"ReadAction","target":["https:\/\/www.webdo.tn\/fr\/actualite\/national-45\/ltdh-les-proces-militaires-de-civils-une-violation-des-droits-humains\/202236\/"]}]},{"@type":"ImageObject","inLanguage":"fr-FR","@id":"https:\/\/www.webdo.tn\/fr\/actualite\/national-45\/ltdh-les-proces-militaires-de-civils-une-violation-des-droits-humains\/202236\/#primaryimage","url":"https:\/\/www.webdo.tn\/fr\/wp-content\/uploads\/2023\/01\/39ee418ea87a439e4cb4145819cf500c.jpg","contentUrl":"https:\/\/www.webdo.tn\/fr\/wp-content\/uploads\/2023\/01\/39ee418ea87a439e4cb4145819cf500c.jpg","width":750,"height":400,"caption":"LTDH : \"Les proc\u00e8s militaires de civils, une violation des droits humains\""},{"@type":"BreadcrumbList","@id":"https:\/\/www.webdo.tn\/fr\/actualite\/national-45\/ltdh-les-proces-militaires-de-civils-une-violation-des-droits-humains\/202236\/#breadcrumb","itemListElement":[{"@type":"ListItem","position":1,"name":"Accueil","item":"https:\/\/www.webdo.tn\/fr\/"},{"@type":"ListItem","position":2,"name":"LTDH : \u00ab\u00a0Les proc\u00e8s militaires de civils, une violation des droits humains\u00a0\u00bb"}]},{"@type":"WebSite","@id":"https:\/\/www.webdo.tn\/fr\/#website","url":"https:\/\/www.webdo.tn\/fr\/","name":"webdo","description":"Tunisie - News en Tunisie et \u00e0 l&#039;international sur Webdo.tn","publisher":{"@id":"https:\/\/www.webdo.tn\/fr\/#organization"},"potentialAction":[{"@type":"SearchAction","target":{"@type":"EntryPoint","urlTemplate":"https:\/\/www.webdo.tn\/fr\/?s={search_term_string}"},"query-input":{"@type":"PropertyValueSpecification","valueRequired":true,"valueName":"search_term_string"}}],"inLanguage":"fr-FR"},{"@type":"Organization","@id":"https:\/\/www.webdo.tn\/fr\/#organization","name":"Webdo","alternateName":"Webdo.tn","url":"https:\/\/www.webdo.tn\/fr\/","logo":{"@type":"ImageObject","inLanguage":"fr-FR","@id":"https:\/\/www.webdo.tn\/fr\/#\/schema\/logo\/image\/","url":"https:\/\/www.webdo.tn\/fr\/wp-content\/uploads\/2025\/06\/Webdo-Tunisie_168377.jpg","contentUrl":"https:\/\/www.webdo.tn\/fr\/wp-content\/uploads\/2025\/06\/Webdo-Tunisie_168377.jpg","width":301,"height":301,"caption":"Webdo"},"image":{"@id":"https:\/\/www.webdo.tn\/fr\/#\/schema\/logo\/image\/"},"sameAs":["https:\/\/www.facebook.com\/webdotn","https:\/\/x.com\/webdo_tn"],"description":"Webdo est un m\u00e9dia num\u00e9rique tunisien fond\u00e9 en 2010, sp\u00e9cialis\u00e9 dans l\u2019actualit\u00e9 nationale et internationale, l\u2019\u00e9conomie, la soci\u00e9t\u00e9 et les analyses politiques. Le site s\u2019adresse \u00e0 un large public francophone et couvre l\u2019information tunisienne en temps r\u00e9el.","email":"redac@webdo.tn","legalName":"YNJ SARL","foundingDate":"2010-09-06","numberOfEmployees":{"@type":"QuantitativeValue","minValue":"11","maxValue":"50"}},{"@type":"Person","@id":"https:\/\/www.webdo.tn\/fr\/#\/schema\/person\/2c4929cbf5a809e3bd38617c6ce150f6","name":"MC","image":{"@type":"ImageObject","inLanguage":"fr-FR","@id":"https:\/\/secure.gravatar.com\/avatar\/a545bbb6f84efdd5553dbbc2895e3ca8f1d12c5215e00a041c9670b54aa9b18a?s=96&d=mm&r=g","url":"https:\/\/secure.gravatar.com\/avatar\/a545bbb6f84efdd5553dbbc2895e3ca8f1d12c5215e00a041c9670b54aa9b18a?s=96&d=mm&r=g","contentUrl":"https:\/\/secure.gravatar.com\/avatar\/a545bbb6f84efdd5553dbbc2895e3ca8f1d12c5215e00a041c9670b54aa9b18a?s=96&d=mm&r=g","caption":"MC"},"url":"https:\/\/www.webdo.tn\/fr\/actualite\/author\/mc\/"}]}},"_links":{"self":[{"href":"https:\/\/www.webdo.tn\/fr\/wp-json\/wp\/v2\/posts\/202236","targetHints":{"allow":["GET"]}}],"collection":[{"href":"https:\/\/www.webdo.tn\/fr\/wp-json\/wp\/v2\/posts"}],"about":[{"href":"https:\/\/www.webdo.tn\/fr\/wp-json\/wp\/v2\/types\/post"}],"author":[{"embeddable":true,"href":"https:\/\/www.webdo.tn\/fr\/wp-json\/wp\/v2\/users\/3162"}],"replies":[{"embeddable":true,"href":"https:\/\/www.webdo.tn\/fr\/wp-json\/wp\/v2\/comments?post=202236"}],"version-history":[{"count":0,"href":"https:\/\/www.webdo.tn\/fr\/wp-json\/wp\/v2\/posts\/202236\/revisions"}],"wp:featuredmedia":[{"embeddable":true,"href":"https:\/\/www.webdo.tn\/fr\/wp-json\/wp\/v2\/media\/348238"}],"wp:attachment":[{"href":"https:\/\/www.webdo.tn\/fr\/wp-json\/wp\/v2\/media?parent=202236"}],"wp:term":[{"taxonomy":"category","embeddable":true,"href":"https:\/\/www.webdo.tn\/fr\/wp-json\/wp\/v2\/categories?post=202236"},{"taxonomy":"post_tag","embeddable":true,"href":"https:\/\/www.webdo.tn\/fr\/wp-json\/wp\/v2\/tags?post=202236"}],"curies":[{"name":"wp","href":"https:\/\/api.w.org\/{rel}","templated":true}]}}