{"id":202230,"date":"2023-01-25T11:48:00","date_gmt":"2023-01-25T11:48:00","guid":{"rendered":"https:\/\/www.webdo.tn\/fr\/actualite\/blog\/train-ultra-rapide-au-maroc\/202230\/"},"modified":"2025-05-22T11:37:15","modified_gmt":"2025-05-22T11:37:15","slug":"train-ultra-rapide-au-maroc","status":"publish","type":"post","link":"https:\/\/www.webdo.tn\/fr\/actualite\/international\/train-ultra-rapide-au-maroc\/202230\/","title":{"rendered":"Train ultra rapide au Maroc !"},"content":{"rendered":"<p>Au moment o\u00f9 le Maroc a mis \u00e0 l\u2019essai, mardi 24 janvier, le train ultra rapide desservant Marrakech, dans le m\u00eame temps, il \u00e9tait question, chez nous, d\u2019une gr\u00e8ve des transports, qui a \u00e9t\u00e9 report\u00e9e au dernier moment !<\/p>\n<p> Rien ne sert \u00e0 nous lamenter, dites-vous. Le gap qui nous s\u00e9pare du Maroc ne cesse de se creuser de jour en jour, et au point o\u00f9 va le progr\u00e8s chez nos amis marocains, concomitamment \u00e0 la d\u00e9cadence qui r\u00e8gne dans nos secteurs d\u2019activit\u00e9, il y a de quoi s\u2019inqui\u00e9ter.<\/p>\n<p>L\u2019Office National de Chemins de Fer du Maroc a, en effet, exp\u00e9riment\u00e9, hier mardi, un voyage exp\u00e9rimental \u00e0 bord du train ultra rapide en direction de Marrakech. Cet essai vient en pr\u00e9lude \u00e0 l\u2019entr\u00e9e en service de ce train \u00e0 l\u2019occasion du 11\u00e8me Congr\u00e8s UIC de la Grande Vitesse Ferroviaire, qui se tiendra du 7 au 10 mars \u00e0 Marrakech au Maroc.<\/p>\n<p>Avec pour th\u00e8me \u00ab La Grande Vitesse Ferroviaire : la bonne vitesse pour notre plan\u00e8te \u00bb, ce congr\u00e8s \u00ab met l\u2019accent sur la contribution du chemin de fer \u00e0 la r\u00e9solution des probl\u00e8mes climatiques et \u00e0 son r\u00f4le dans l\u2019am\u00e9nagement du territoire \u00bb.<\/p>\n<p>Plus de 1500 participants sont attendus pour cette onzi\u00e8me \u00e9dition : d\u00e9cideurs politiques, autorit\u00e9s responsables des transports, entreprises ferroviaires et acteurs-cl\u00e9s de l\u2019inter-modalit\u00e9, gestionnaires d\u2019infrastructure, industriels, institutions financi\u00e8res, clients, instituts d\u2019\u00e9tudes et de recherche, universit\u00e9s, etc.<\/p>\n<p>Nous ne savons pas si la SNCFT va participer \u00e0 ce congr\u00e8s ou non, mais la chose dont nous sommes pratiquement s\u00fbrs c\u2019est qu\u2019au rythme o\u00f9 roulent nos trains, la d\u00e9l\u00e9gation risque d\u2019arriver en retard. \u00c7a, au cas o\u00f9 il n\u2019y a pas de gr\u00e8ve des transports !<\/p>\n","protected":false},"excerpt":{"rendered":"<p>Au moment o\u00f9 le Maroc a mis \u00e0 l\u2019essai, mardi 24 janvier, le train ultra rapide desservant Marrakech, dans le m\u00eame temps, il \u00e9tait question, chez nous, d\u2019une gr\u00e8&#8230;<\/p>\n","protected":false},"author":3188,"featured_media":348236,"comment_status":"open","ping_status":"closed","sticky":false,"template":"","format":"standard","meta":{"footnotes":""},"categories":[2598],"tags":[11409,3464,4161],"class_list":["post-202230","post","type-post","status-publish","format-standard","has-post-thumbnail","hentry","category-international","tag-grande-vitesse","tag-maroc","tag-train"],"yoast_head":"<!-- This site is optimized with the Yoast SEO Premium plugin v27.4 (Yoast SEO v27.5) - https:\/\/yoast.com\/product\/yoast-seo-premium-wordpress\/ -->\n<title>Train ultra rapide au Maroc !<\/title>\n<meta name=\"description\" content=\"Au moment o\u00f9 le Maroc a mis \u00e0 l\u2019essai, mardi 24 janvier, le train ultra rapide desservant Marrakech, dans le m\u00eame temps, il \u00e9tait question, chez nous, d\u2019une gr\u00e8...\" \/>\n<link rel=\"canonical\" href=\"https:\/\/www.webdo.tn\/fr\/actualite\/international\/train-ultra-rapide-au-maroc\/202230\/\" \/>\n<meta property=\"og:locale\" content=\"fr_FR\" \/>\n<meta property=\"og:type\" content=\"article\" \/>\n<meta property=\"og:title\" content=\"Train ultra rapide au Maroc !\" \/>\n<meta property=\"og:description\" content=\"Au moment o\u00f9 le Maroc a mis \u00e0 l\u2019essai, mardi 24 janvier, le train ultra rapide desservant Marrakech, dans le m\u00eame temps, il \u00e9tait question, chez nous, d\u2019une gr\u00e8...\" \/>\n<meta property=\"og:url\" content=\"https:\/\/www.webdo.tn\/fr\/actualite\/international\/train-ultra-rapide-au-maroc\/202230\/\" \/>\n<meta property=\"og:site_name\" content=\"webdo\" \/>\n<meta property=\"article:publisher\" content=\"https:\/\/www.facebook.com\/webdotn\" \/>\n<meta property=\"article:published_time\" content=\"2023-01-25T11:48:00+00:00\" \/>\n<meta property=\"article:modified_time\" content=\"2025-05-22T11:37:15+00:00\" \/>\n<meta property=\"og:image\" content=\"https:\/\/www.webdo.tn\/fr\/wp-content\/uploads\/2023\/01\/edc101fd56204f777291fa191e2edeec.jpg\" \/>\n\t<meta property=\"og:image:width\" content=\"750\" \/>\n\t<meta property=\"og:image:height\" content=\"400\" \/>\n\t<meta property=\"og:image:type\" content=\"image\/jpeg\" \/>\n<meta name=\"author\" content=\"Ramzi\" \/>\n<meta name=\"twitter:card\" content=\"summary_large_image\" \/>\n<meta name=\"twitter:creator\" content=\"@webdo_tn\" \/>\n<meta name=\"twitter:site\" content=\"@webdo_tn\" \/>\n<meta name=\"twitter:label1\" content=\"\u00c9crit par\" \/>\n\t<meta name=\"twitter:data1\" content=\"Ramzi\" \/>\n\t<meta name=\"twitter:label2\" content=\"Dur\u00e9e de lecture estim\u00e9e\" \/>\n\t<meta name=\"twitter:data2\" content=\"2 minutes\" \/>\n<script type=\"application\/ld+json\" class=\"yoast-schema-graph\">{\"@context\":\"https:\\\/\\\/schema.org\",\"@graph\":[{\"@type\":\"NewsArticle\",\"@id\":\"https:\\\/\\\/www.webdo.tn\\\/fr\\\/actualite\\\/international\\\/train-ultra-rapide-au-maroc\\\/202230\\\/#article\",\"isPartOf\":{\"@id\":\"https:\\\/\\\/www.webdo.tn\\\/fr\\\/actualite\\\/international\\\/train-ultra-rapide-au-maroc\\\/202230\\\/\"},\"author\":{\"name\":\"Ramzi\",\"@id\":\"https:\\\/\\\/www.webdo.tn\\\/fr\\\/#\\\/schema\\\/person\\\/590cb5f81adcfde6385530fdbdf468e2\"},\"headline\":\"Train ultra rapide au Maroc !\",\"datePublished\":\"2023-01-25T11:48:00+00:00\",\"dateModified\":\"2025-05-22T11:37:15+00:00\",\"mainEntityOfPage\":{\"@id\":\"https:\\\/\\\/www.webdo.tn\\\/fr\\\/actualite\\\/international\\\/train-ultra-rapide-au-maroc\\\/202230\\\/\"},\"wordCount\":308,\"commentCount\":0,\"publisher\":{\"@id\":\"https:\\\/\\\/www.webdo.tn\\\/fr\\\/#organization\"},\"image\":{\"@id\":\"https:\\\/\\\/www.webdo.tn\\\/fr\\\/actualite\\\/international\\\/train-ultra-rapide-au-maroc\\\/202230\\\/#primaryimage\"},\"thumbnailUrl\":\"https:\\\/\\\/www.webdo.tn\\\/fr\\\/wp-content\\\/uploads\\\/2023\\\/01\\\/edc101fd56204f777291fa191e2edeec.jpg\",\"keywords\":[\"grande vitesse\",\"maroc\",\"Train\"],\"articleSection\":[\"International\"],\"inLanguage\":\"fr-FR\"},{\"@type\":\"WebPage\",\"@id\":\"https:\\\/\\\/www.webdo.tn\\\/fr\\\/actualite\\\/international\\\/train-ultra-rapide-au-maroc\\\/202230\\\/\",\"url\":\"https:\\\/\\\/www.webdo.tn\\\/fr\\\/actualite\\\/international\\\/train-ultra-rapide-au-maroc\\\/202230\\\/\",\"name\":\"Train ultra rapide au Maroc !\",\"isPartOf\":{\"@id\":\"https:\\\/\\\/www.webdo.tn\\\/fr\\\/#website\"},\"primaryImageOfPage\":{\"@id\":\"https:\\\/\\\/www.webdo.tn\\\/fr\\\/actualite\\\/international\\\/train-ultra-rapide-au-maroc\\\/202230\\\/#primaryimage\"},\"image\":{\"@id\":\"https:\\\/\\\/www.webdo.tn\\\/fr\\\/actualite\\\/international\\\/train-ultra-rapide-au-maroc\\\/202230\\\/#primaryimage\"},\"thumbnailUrl\":\"https:\\\/\\\/www.webdo.tn\\\/fr\\\/wp-content\\\/uploads\\\/2023\\\/01\\\/edc101fd56204f777291fa191e2edeec.jpg\",\"datePublished\":\"2023-01-25T11:48:00+00:00\",\"dateModified\":\"2025-05-22T11:37:15+00:00\",\"description\":\"Au moment o\u00f9 le Maroc a mis \u00e0 l\u2019essai, mardi 24 janvier, le train ultra rapide desservant Marrakech, dans le m\u00eame temps, il \u00e9tait question, chez nous, d\u2019une gr\u00e8...\",\"breadcrumb\":{\"@id\":\"https:\\\/\\\/www.webdo.tn\\\/fr\\\/actualite\\\/international\\\/train-ultra-rapide-au-maroc\\\/202230\\\/#breadcrumb\"},\"inLanguage\":\"fr-FR\",\"potentialAction\":[{\"@type\":\"ReadAction\",\"target\":[\"https:\\\/\\\/www.webdo.tn\\\/fr\\\/actualite\\\/international\\\/train-ultra-rapide-au-maroc\\\/202230\\\/\"]}]},{\"@type\":\"ImageObject\",\"inLanguage\":\"fr-FR\",\"@id\":\"https:\\\/\\\/www.webdo.tn\\\/fr\\\/actualite\\\/international\\\/train-ultra-rapide-au-maroc\\\/202230\\\/#primaryimage\",\"url\":\"https:\\\/\\\/www.webdo.tn\\\/fr\\\/wp-content\\\/uploads\\\/2023\\\/01\\\/edc101fd56204f777291fa191e2edeec.jpg\",\"contentUrl\":\"https:\\\/\\\/www.webdo.tn\\\/fr\\\/wp-content\\\/uploads\\\/2023\\\/01\\\/edc101fd56204f777291fa191e2edeec.jpg\",\"width\":750,\"height\":400,\"caption\":\"Train ultra rapide au Maroc !\"},{\"@type\":\"BreadcrumbList\",\"@id\":\"https:\\\/\\\/www.webdo.tn\\\/fr\\\/actualite\\\/international\\\/train-ultra-rapide-au-maroc\\\/202230\\\/#breadcrumb\",\"itemListElement\":[{\"@type\":\"ListItem\",\"position\":1,\"name\":\"Accueil\",\"item\":\"https:\\\/\\\/www.webdo.tn\\\/fr\\\/\"},{\"@type\":\"ListItem\",\"position\":2,\"name\":\"Train ultra rapide au Maroc !\"}]},{\"@type\":\"WebSite\",\"@id\":\"https:\\\/\\\/www.webdo.tn\\\/fr\\\/#website\",\"url\":\"https:\\\/\\\/www.webdo.tn\\\/fr\\\/\",\"name\":\"webdo\",\"description\":\"Tunisie - News en Tunisie et \u00e0 l&#039;international sur Webdo.tn\",\"publisher\":{\"@id\":\"https:\\\/\\\/www.webdo.tn\\\/fr\\\/#organization\"},\"potentialAction\":[{\"@type\":\"SearchAction\",\"target\":{\"@type\":\"EntryPoint\",\"urlTemplate\":\"https:\\\/\\\/www.webdo.tn\\\/fr\\\/?s={search_term_string}\"},\"query-input\":{\"@type\":\"PropertyValueSpecification\",\"valueRequired\":true,\"valueName\":\"search_term_string\"}}],\"inLanguage\":\"fr-FR\"},{\"@type\":\"Organization\",\"@id\":\"https:\\\/\\\/www.webdo.tn\\\/fr\\\/#organization\",\"name\":\"Webdo\",\"alternateName\":\"Webdo.tn\",\"url\":\"https:\\\/\\\/www.webdo.tn\\\/fr\\\/\",\"logo\":{\"@type\":\"ImageObject\",\"inLanguage\":\"fr-FR\",\"@id\":\"https:\\\/\\\/www.webdo.tn\\\/fr\\\/#\\\/schema\\\/logo\\\/image\\\/\",\"url\":\"https:\\\/\\\/www.webdo.tn\\\/fr\\\/wp-content\\\/uploads\\\/2025\\\/06\\\/Webdo-Tunisie_168377.jpg\",\"contentUrl\":\"https:\\\/\\\/www.webdo.tn\\\/fr\\\/wp-content\\\/uploads\\\/2025\\\/06\\\/Webdo-Tunisie_168377.jpg\",\"width\":301,\"height\":301,\"caption\":\"Webdo\"},\"image\":{\"@id\":\"https:\\\/\\\/www.webdo.tn\\\/fr\\\/#\\\/schema\\\/logo\\\/image\\\/\"},\"sameAs\":[\"https:\\\/\\\/www.facebook.com\\\/webdotn\",\"https:\\\/\\\/x.com\\\/webdo_tn\"],\"description\":\"Webdo est un m\u00e9dia num\u00e9rique tunisien fond\u00e9 en 2010, sp\u00e9cialis\u00e9 dans l\u2019actualit\u00e9 nationale et internationale, l\u2019\u00e9conomie, la soci\u00e9t\u00e9 et les analyses politiques. Le site s\u2019adresse \u00e0 un large public francophone et couvre l\u2019information tunisienne en temps r\u00e9el.\",\"email\":\"redac@webdo.tn\",\"legalName\":\"YNJ SARL\",\"foundingDate\":\"2010-09-06\",\"numberOfEmployees\":{\"@type\":\"QuantitativeValue\",\"minValue\":\"11\",\"maxValue\":\"50\"}},{\"@type\":\"Person\",\"@id\":\"https:\\\/\\\/www.webdo.tn\\\/fr\\\/#\\\/schema\\\/person\\\/590cb5f81adcfde6385530fdbdf468e2\",\"name\":\"Ramzi\",\"image\":{\"@type\":\"ImageObject\",\"inLanguage\":\"fr-FR\",\"@id\":\"https:\\\/\\\/secure.gravatar.com\\\/avatar\\\/48df7d18915e10cf866ba8e27604c81ff9243fd52704a1d210c3e387e1cb8d87?s=96&d=mm&r=g\",\"url\":\"https:\\\/\\\/secure.gravatar.com\\\/avatar\\\/48df7d18915e10cf866ba8e27604c81ff9243fd52704a1d210c3e387e1cb8d87?s=96&d=mm&r=g\",\"contentUrl\":\"https:\\\/\\\/secure.gravatar.com\\\/avatar\\\/48df7d18915e10cf866ba8e27604c81ff9243fd52704a1d210c3e387e1cb8d87?s=96&d=mm&r=g\",\"caption\":\"Ramzi\"},\"url\":\"https:\\\/\\\/www.webdo.tn\\\/fr\\\/actualite\\\/author\\\/ramzi\\\/\"}]}<\/script>\n<!-- \/ Yoast SEO Premium plugin. -->","yoast_head_json":{"title":"Train ultra rapide au Maroc !","description":"Au moment o\u00f9 le Maroc a mis \u00e0 l\u2019essai, mardi 24 janvier, le train ultra rapide desservant Marrakech, dans le m\u00eame temps, il \u00e9tait question, chez nous, d\u2019une gr\u00e8...","canonical":"https:\/\/www.webdo.tn\/fr\/actualite\/international\/train-ultra-rapide-au-maroc\/202230\/","og_locale":"fr_FR","og_type":"article","og_title":"Train ultra rapide au Maroc !","og_description":"Au moment o\u00f9 le Maroc a mis \u00e0 l\u2019essai, mardi 24 janvier, le train ultra rapide desservant Marrakech, dans le m\u00eame temps, il \u00e9tait question, chez nous, d\u2019une gr\u00e8...","og_url":"https:\/\/www.webdo.tn\/fr\/actualite\/international\/train-ultra-rapide-au-maroc\/202230\/","og_site_name":"webdo","article_publisher":"https:\/\/www.facebook.com\/webdotn","article_published_time":"2023-01-25T11:48:00+00:00","article_modified_time":"2025-05-22T11:37:15+00:00","og_image":[{"width":750,"height":400,"url":"https:\/\/www.webdo.tn\/fr\/wp-content\/uploads\/2023\/01\/edc101fd56204f777291fa191e2edeec.jpg","type":"image\/jpeg"}],"author":"Ramzi","twitter_card":"summary_large_image","twitter_creator":"@webdo_tn","twitter_site":"@webdo_tn","twitter_misc":{"\u00c9crit par":"Ramzi","Dur\u00e9e de lecture estim\u00e9e":"2 minutes"},"schema":{"@context":"https:\/\/schema.org","@graph":[{"@type":"NewsArticle","@id":"https:\/\/www.webdo.tn\/fr\/actualite\/international\/train-ultra-rapide-au-maroc\/202230\/#article","isPartOf":{"@id":"https:\/\/www.webdo.tn\/fr\/actualite\/international\/train-ultra-rapide-au-maroc\/202230\/"},"author":{"name":"Ramzi","@id":"https:\/\/www.webdo.tn\/fr\/#\/schema\/person\/590cb5f81adcfde6385530fdbdf468e2"},"headline":"Train ultra rapide au Maroc !","datePublished":"2023-01-25T11:48:00+00:00","dateModified":"2025-05-22T11:37:15+00:00","mainEntityOfPage":{"@id":"https:\/\/www.webdo.tn\/fr\/actualite\/international\/train-ultra-rapide-au-maroc\/202230\/"},"wordCount":308,"commentCount":0,"publisher":{"@id":"https:\/\/www.webdo.tn\/fr\/#organization"},"image":{"@id":"https:\/\/www.webdo.tn\/fr\/actualite\/international\/train-ultra-rapide-au-maroc\/202230\/#primaryimage"},"thumbnailUrl":"https:\/\/www.webdo.tn\/fr\/wp-content\/uploads\/2023\/01\/edc101fd56204f777291fa191e2edeec.jpg","keywords":["grande vitesse","maroc","Train"],"articleSection":["International"],"inLanguage":"fr-FR"},{"@type":"WebPage","@id":"https:\/\/www.webdo.tn\/fr\/actualite\/international\/train-ultra-rapide-au-maroc\/202230\/","url":"https:\/\/www.webdo.tn\/fr\/actualite\/international\/train-ultra-rapide-au-maroc\/202230\/","name":"Train ultra rapide au Maroc !","isPartOf":{"@id":"https:\/\/www.webdo.tn\/fr\/#website"},"primaryImageOfPage":{"@id":"https:\/\/www.webdo.tn\/fr\/actualite\/international\/train-ultra-rapide-au-maroc\/202230\/#primaryimage"},"image":{"@id":"https:\/\/www.webdo.tn\/fr\/actualite\/international\/train-ultra-rapide-au-maroc\/202230\/#primaryimage"},"thumbnailUrl":"https:\/\/www.webdo.tn\/fr\/wp-content\/uploads\/2023\/01\/edc101fd56204f777291fa191e2edeec.jpg","datePublished":"2023-01-25T11:48:00+00:00","dateModified":"2025-05-22T11:37:15+00:00","description":"Au moment o\u00f9 le Maroc a mis \u00e0 l\u2019essai, mardi 24 janvier, le train ultra rapide desservant Marrakech, dans le m\u00eame temps, il \u00e9tait question, chez nous, d\u2019une gr\u00e8...","breadcrumb":{"@id":"https:\/\/www.webdo.tn\/fr\/actualite\/international\/train-ultra-rapide-au-maroc\/202230\/#breadcrumb"},"inLanguage":"fr-FR","potentialAction":[{"@type":"ReadAction","target":["https:\/\/www.webdo.tn\/fr\/actualite\/international\/train-ultra-rapide-au-maroc\/202230\/"]}]},{"@type":"ImageObject","inLanguage":"fr-FR","@id":"https:\/\/www.webdo.tn\/fr\/actualite\/international\/train-ultra-rapide-au-maroc\/202230\/#primaryimage","url":"https:\/\/www.webdo.tn\/fr\/wp-content\/uploads\/2023\/01\/edc101fd56204f777291fa191e2edeec.jpg","contentUrl":"https:\/\/www.webdo.tn\/fr\/wp-content\/uploads\/2023\/01\/edc101fd56204f777291fa191e2edeec.jpg","width":750,"height":400,"caption":"Train ultra rapide au Maroc !"},{"@type":"BreadcrumbList","@id":"https:\/\/www.webdo.tn\/fr\/actualite\/international\/train-ultra-rapide-au-maroc\/202230\/#breadcrumb","itemListElement":[{"@type":"ListItem","position":1,"name":"Accueil","item":"https:\/\/www.webdo.tn\/fr\/"},{"@type":"ListItem","position":2,"name":"Train ultra rapide au Maroc !"}]},{"@type":"WebSite","@id":"https:\/\/www.webdo.tn\/fr\/#website","url":"https:\/\/www.webdo.tn\/fr\/","name":"webdo","description":"Tunisie - News en Tunisie et \u00e0 l&#039;international sur Webdo.tn","publisher":{"@id":"https:\/\/www.webdo.tn\/fr\/#organization"},"potentialAction":[{"@type":"SearchAction","target":{"@type":"EntryPoint","urlTemplate":"https:\/\/www.webdo.tn\/fr\/?s={search_term_string}"},"query-input":{"@type":"PropertyValueSpecification","valueRequired":true,"valueName":"search_term_string"}}],"inLanguage":"fr-FR"},{"@type":"Organization","@id":"https:\/\/www.webdo.tn\/fr\/#organization","name":"Webdo","alternateName":"Webdo.tn","url":"https:\/\/www.webdo.tn\/fr\/","logo":{"@type":"ImageObject","inLanguage":"fr-FR","@id":"https:\/\/www.webdo.tn\/fr\/#\/schema\/logo\/image\/","url":"https:\/\/www.webdo.tn\/fr\/wp-content\/uploads\/2025\/06\/Webdo-Tunisie_168377.jpg","contentUrl":"https:\/\/www.webdo.tn\/fr\/wp-content\/uploads\/2025\/06\/Webdo-Tunisie_168377.jpg","width":301,"height":301,"caption":"Webdo"},"image":{"@id":"https:\/\/www.webdo.tn\/fr\/#\/schema\/logo\/image\/"},"sameAs":["https:\/\/www.facebook.com\/webdotn","https:\/\/x.com\/webdo_tn"],"description":"Webdo est un m\u00e9dia num\u00e9rique tunisien fond\u00e9 en 2010, sp\u00e9cialis\u00e9 dans l\u2019actualit\u00e9 nationale et internationale, l\u2019\u00e9conomie, la soci\u00e9t\u00e9 et les analyses politiques. Le site s\u2019adresse \u00e0 un large public francophone et couvre l\u2019information tunisienne en temps r\u00e9el.","email":"redac@webdo.tn","legalName":"YNJ SARL","foundingDate":"2010-09-06","numberOfEmployees":{"@type":"QuantitativeValue","minValue":"11","maxValue":"50"}},{"@type":"Person","@id":"https:\/\/www.webdo.tn\/fr\/#\/schema\/person\/590cb5f81adcfde6385530fdbdf468e2","name":"Ramzi","image":{"@type":"ImageObject","inLanguage":"fr-FR","@id":"https:\/\/secure.gravatar.com\/avatar\/48df7d18915e10cf866ba8e27604c81ff9243fd52704a1d210c3e387e1cb8d87?s=96&d=mm&r=g","url":"https:\/\/secure.gravatar.com\/avatar\/48df7d18915e10cf866ba8e27604c81ff9243fd52704a1d210c3e387e1cb8d87?s=96&d=mm&r=g","contentUrl":"https:\/\/secure.gravatar.com\/avatar\/48df7d18915e10cf866ba8e27604c81ff9243fd52704a1d210c3e387e1cb8d87?s=96&d=mm&r=g","caption":"Ramzi"},"url":"https:\/\/www.webdo.tn\/fr\/actualite\/author\/ramzi\/"}]}},"_links":{"self":[{"href":"https:\/\/www.webdo.tn\/fr\/wp-json\/wp\/v2\/posts\/202230","targetHints":{"allow":["GET"]}}],"collection":[{"href":"https:\/\/www.webdo.tn\/fr\/wp-json\/wp\/v2\/posts"}],"about":[{"href":"https:\/\/www.webdo.tn\/fr\/wp-json\/wp\/v2\/types\/post"}],"author":[{"embeddable":true,"href":"https:\/\/www.webdo.tn\/fr\/wp-json\/wp\/v2\/users\/3188"}],"replies":[{"embeddable":true,"href":"https:\/\/www.webdo.tn\/fr\/wp-json\/wp\/v2\/comments?post=202230"}],"version-history":[{"count":0,"href":"https:\/\/www.webdo.tn\/fr\/wp-json\/wp\/v2\/posts\/202230\/revisions"}],"wp:featuredmedia":[{"embeddable":true,"href":"https:\/\/www.webdo.tn\/fr\/wp-json\/wp\/v2\/media\/348236"}],"wp:attachment":[{"href":"https:\/\/www.webdo.tn\/fr\/wp-json\/wp\/v2\/media?parent=202230"}],"wp:term":[{"taxonomy":"category","embeddable":true,"href":"https:\/\/www.webdo.tn\/fr\/wp-json\/wp\/v2\/categories?post=202230"},{"taxonomy":"post_tag","embeddable":true,"href":"https:\/\/www.webdo.tn\/fr\/wp-json\/wp\/v2\/tags?post=202230"}],"curies":[{"name":"wp","href":"https:\/\/api.w.org\/{rel}","templated":true}]}}