{"id":202225,"date":"2023-01-25T11:15:00","date_gmt":"2023-01-25T11:15:00","guid":{"rendered":"https:\/\/www.webdo.tn\/fr\/actualite\/blog\/bons-baisers-de-schengen-acte-3-la-comedie-du-samedi\/202225\/"},"modified":"2025-05-22T11:37:12","modified_gmt":"2025-05-22T11:37:12","slug":"bons-baisers-de-schengen-acte-3-la-comedie-du-samedi","status":"publish","type":"post","link":"https:\/\/www.webdo.tn\/fr\/actualite\/national\/bons-baisers-de-schengen-acte-3-la-comedie-du-samedi\/202225\/","title":{"rendered":"Bons baisers de Schengen (Acte 3) : la com\u00e9die du samedi !"},"content":{"rendered":"<p>\u00ab\u00a0Si les Anglais h\u00e9sitent \u00e0 aller voir une com\u00e9die le samedi soir, c&rsquo;est qu&rsquo;ils ont peur d&rsquo;en rire \u00e0 l&rsquo;office du dimanche\u00a0\u00bb. Peter Ustinov.<\/p>\n<p> Notre article \u00ab Les frais de visa multipli\u00e9s par deux \u00bb continue de susciter les r\u00e9actions sur la toile. Ceux qui l\u2019ont appris \u00e0 leurs d\u00e9pens, comme c\u2019est le cas de l\u2019\u00e9tudiant qui a d\u00e9pos\u00e9 une demande de visa pour la Belgique, confirment la version des faits, alors que d\u2019autres insistent sur le fait que les frais n\u2019ont pas augment\u00e9.<\/p>\n<p>Dans ce propos, nous ne sommes pas dans le justificatif encore moins dans la r\u00e9plique, partant du principe auquel nous nous attachons tant et qui dicte notre ligne \u00e9ditoriale : l\u2019information est sacr\u00e9e, le commentaire est libre.<\/p>\n<p>Ceci dit, nous invitons, amicalement, ceux et celles qui ont dout\u00e9 de notre information, \u00e0 savoir que les frais de visa et les frais de service sont pass\u00e9s du simple en double, \u00e0 relire, l\u2019article parue en date du lundi 23 janvier et dans lequel nous n\u2019avons, \u00e0 aucun moment, mentionn\u00e9 que les tarifs relatifs aux frais de visa et aux frais de service ont chang\u00e9.<\/p>\n<p>Nous avons seulement relat\u00e9 les faits tels que d\u00e9crits par notre concitoyen, documents \u00e0 l\u2019appui, et qui montrent, noir sur blanc, qu\u2019il a pay\u00e9 700 dinars, alors qu\u2019il \u00e9tait question de 340 dinars, quelques jours auparavant. Les frais, comme nous l\u2019avions mentionn\u00e9, sont pass\u00e9s du simple au double. Nous n\u2019avons rien invent\u00e9.<\/p>\n<p>Qu\u2019il s\u2019agisse de frais additionnels d\u00e9coulant du d\u00e9p\u00f4t de la demande le week-end ou de toute autre raison saugrenue, cela ne change rien \u00e0 la donne. Ceci est une pirouette dont nous ne ma\u00eetrisons pas l\u2019art.<\/p>\n","protected":false},"excerpt":{"rendered":"<p> Si les Anglais h\u00e9sitent \u00e0 aller voir une com\u00e9die le samedi soir, c&rsquo;est qu&rsquo;ils ont peur d&rsquo;en rire \u00e0 l&rsquo;office du dimanche . Peter Ustinov.<\/p>\n","protected":false},"author":3188,"featured_media":348235,"comment_status":"open","ping_status":"closed","sticky":false,"template":"","format":"standard","meta":{"footnotes":""},"categories":[44],"tags":[6831,8493,6378],"class_list":["post-202225","post","type-post","status-publish","format-standard","has-post-thumbnail","hentry","category-national","tag-belgique","tag-tlscontact","tag-visa-schengen"],"yoast_head":"<!-- This site is optimized with the Yoast SEO Premium plugin v27.4 (Yoast SEO v27.5) - https:\/\/yoast.com\/product\/yoast-seo-premium-wordpress\/ -->\n<title>Bons baisers de Schengen (Acte 3) : la com\u00e9die du samedi !<\/title>\n<meta name=\"description\" content=\"Si les Anglais h\u00e9sitent \u00e0 aller voir une com\u00e9die le samedi soir, c&#039;est qu&#039;ils ont peur d&#039;en rire \u00e0 l&#039;office du dimanche . Peter Ustinov.\" \/>\n<link rel=\"canonical\" href=\"https:\/\/www.webdo.tn\/fr\/actualite\/national-45\/bons-baisers-de-schengen-acte-3-la-comedie-du-samedi\/202225\/\" \/>\n<meta property=\"og:locale\" content=\"fr_FR\" \/>\n<meta property=\"og:type\" content=\"article\" \/>\n<meta property=\"og:title\" content=\"Bons baisers de Schengen (Acte 3) : la com\u00e9die du samedi !\" \/>\n<meta property=\"og:description\" content=\"Si les Anglais h\u00e9sitent \u00e0 aller voir une com\u00e9die le samedi soir, c&#039;est qu&#039;ils ont peur d&#039;en rire \u00e0 l&#039;office du dimanche . Peter Ustinov.\" \/>\n<meta property=\"og:url\" content=\"https:\/\/www.webdo.tn\/fr\/actualite\/national-45\/bons-baisers-de-schengen-acte-3-la-comedie-du-samedi\/202225\/\" \/>\n<meta property=\"og:site_name\" content=\"webdo\" \/>\n<meta property=\"article:publisher\" content=\"https:\/\/www.facebook.com\/webdotn\" \/>\n<meta property=\"article:published_time\" content=\"2023-01-25T11:15:00+00:00\" \/>\n<meta property=\"article:modified_time\" content=\"2025-05-22T11:37:12+00:00\" \/>\n<meta property=\"og:image\" content=\"https:\/\/www.webdo.tn\/fr\/wp-content\/uploads\/2023\/01\/9f132fbadffb33558f36acb691febcec.jpg\" \/>\n\t<meta property=\"og:image:width\" content=\"750\" \/>\n\t<meta property=\"og:image:height\" content=\"400\" \/>\n\t<meta property=\"og:image:type\" content=\"image\/jpeg\" \/>\n<meta name=\"author\" content=\"Ramzi\" \/>\n<meta name=\"twitter:card\" content=\"summary_large_image\" \/>\n<meta name=\"twitter:creator\" content=\"@webdo_tn\" \/>\n<meta name=\"twitter:site\" content=\"@webdo_tn\" \/>\n<meta name=\"twitter:label1\" content=\"\u00c9crit par\" \/>\n\t<meta name=\"twitter:data1\" content=\"Ramzi\" \/>\n\t<meta name=\"twitter:label2\" content=\"Dur\u00e9e de lecture estim\u00e9e\" \/>\n\t<meta name=\"twitter:data2\" content=\"1 minute\" \/>\n<script type=\"application\/ld+json\" class=\"yoast-schema-graph\">{\"@context\":\"https:\\\/\\\/schema.org\",\"@graph\":[{\"@type\":\"NewsArticle\",\"@id\":\"https:\\\/\\\/www.webdo.tn\\\/fr\\\/actualite\\\/national-45\\\/bons-baisers-de-schengen-acte-3-la-comedie-du-samedi\\\/202225\\\/#article\",\"isPartOf\":{\"@id\":\"https:\\\/\\\/www.webdo.tn\\\/fr\\\/actualite\\\/national-45\\\/bons-baisers-de-schengen-acte-3-la-comedie-du-samedi\\\/202225\\\/\"},\"author\":{\"name\":\"Ramzi\",\"@id\":\"https:\\\/\\\/www.webdo.tn\\\/fr\\\/#\\\/schema\\\/person\\\/590cb5f81adcfde6385530fdbdf468e2\"},\"headline\":\"Bons baisers de Schengen (Acte 3) : la com\u00e9die du samedi !\",\"datePublished\":\"2023-01-25T11:15:00+00:00\",\"dateModified\":\"2025-05-22T11:37:12+00:00\",\"mainEntityOfPage\":{\"@id\":\"https:\\\/\\\/www.webdo.tn\\\/fr\\\/actualite\\\/national-45\\\/bons-baisers-de-schengen-acte-3-la-comedie-du-samedi\\\/202225\\\/\"},\"wordCount\":306,\"commentCount\":0,\"publisher\":{\"@id\":\"https:\\\/\\\/www.webdo.tn\\\/fr\\\/#organization\"},\"image\":{\"@id\":\"https:\\\/\\\/www.webdo.tn\\\/fr\\\/actualite\\\/national-45\\\/bons-baisers-de-schengen-acte-3-la-comedie-du-samedi\\\/202225\\\/#primaryimage\"},\"thumbnailUrl\":\"https:\\\/\\\/www.webdo.tn\\\/fr\\\/wp-content\\\/uploads\\\/2023\\\/01\\\/9f132fbadffb33558f36acb691febcec.jpg\",\"keywords\":[\"belgique\",\"TLScontact\",\"visa Schengen\"],\"articleSection\":[\"National\"],\"inLanguage\":\"fr-FR\"},{\"@type\":\"WebPage\",\"@id\":\"https:\\\/\\\/www.webdo.tn\\\/fr\\\/actualite\\\/national-45\\\/bons-baisers-de-schengen-acte-3-la-comedie-du-samedi\\\/202225\\\/\",\"url\":\"https:\\\/\\\/www.webdo.tn\\\/fr\\\/actualite\\\/national-45\\\/bons-baisers-de-schengen-acte-3-la-comedie-du-samedi\\\/202225\\\/\",\"name\":\"Bons baisers de Schengen (Acte 3) : la com\u00e9die du samedi !\",\"isPartOf\":{\"@id\":\"https:\\\/\\\/www.webdo.tn\\\/fr\\\/#website\"},\"primaryImageOfPage\":{\"@id\":\"https:\\\/\\\/www.webdo.tn\\\/fr\\\/actualite\\\/national-45\\\/bons-baisers-de-schengen-acte-3-la-comedie-du-samedi\\\/202225\\\/#primaryimage\"},\"image\":{\"@id\":\"https:\\\/\\\/www.webdo.tn\\\/fr\\\/actualite\\\/national-45\\\/bons-baisers-de-schengen-acte-3-la-comedie-du-samedi\\\/202225\\\/#primaryimage\"},\"thumbnailUrl\":\"https:\\\/\\\/www.webdo.tn\\\/fr\\\/wp-content\\\/uploads\\\/2023\\\/01\\\/9f132fbadffb33558f36acb691febcec.jpg\",\"datePublished\":\"2023-01-25T11:15:00+00:00\",\"dateModified\":\"2025-05-22T11:37:12+00:00\",\"description\":\"Si les Anglais h\u00e9sitent \u00e0 aller voir une com\u00e9die le samedi soir, c'est qu'ils ont peur d'en rire \u00e0 l'office du dimanche . Peter Ustinov.\",\"breadcrumb\":{\"@id\":\"https:\\\/\\\/www.webdo.tn\\\/fr\\\/actualite\\\/national-45\\\/bons-baisers-de-schengen-acte-3-la-comedie-du-samedi\\\/202225\\\/#breadcrumb\"},\"inLanguage\":\"fr-FR\",\"potentialAction\":[{\"@type\":\"ReadAction\",\"target\":[\"https:\\\/\\\/www.webdo.tn\\\/fr\\\/actualite\\\/national-45\\\/bons-baisers-de-schengen-acte-3-la-comedie-du-samedi\\\/202225\\\/\"]}]},{\"@type\":\"ImageObject\",\"inLanguage\":\"fr-FR\",\"@id\":\"https:\\\/\\\/www.webdo.tn\\\/fr\\\/actualite\\\/national-45\\\/bons-baisers-de-schengen-acte-3-la-comedie-du-samedi\\\/202225\\\/#primaryimage\",\"url\":\"https:\\\/\\\/www.webdo.tn\\\/fr\\\/wp-content\\\/uploads\\\/2023\\\/01\\\/9f132fbadffb33558f36acb691febcec.jpg\",\"contentUrl\":\"https:\\\/\\\/www.webdo.tn\\\/fr\\\/wp-content\\\/uploads\\\/2023\\\/01\\\/9f132fbadffb33558f36acb691febcec.jpg\",\"width\":750,\"height\":400,\"caption\":\"Bons baisers de Schengen (Acte 3) : la com\u00e9die du samedi !\"},{\"@type\":\"BreadcrumbList\",\"@id\":\"https:\\\/\\\/www.webdo.tn\\\/fr\\\/actualite\\\/national-45\\\/bons-baisers-de-schengen-acte-3-la-comedie-du-samedi\\\/202225\\\/#breadcrumb\",\"itemListElement\":[{\"@type\":\"ListItem\",\"position\":1,\"name\":\"Accueil\",\"item\":\"https:\\\/\\\/www.webdo.tn\\\/fr\\\/\"},{\"@type\":\"ListItem\",\"position\":2,\"name\":\"Bons baisers de Schengen (Acte 3) : la com\u00e9die du samedi !\"}]},{\"@type\":\"WebSite\",\"@id\":\"https:\\\/\\\/www.webdo.tn\\\/fr\\\/#website\",\"url\":\"https:\\\/\\\/www.webdo.tn\\\/fr\\\/\",\"name\":\"webdo\",\"description\":\"Tunisie - News en Tunisie et \u00e0 l&#039;international sur Webdo.tn\",\"publisher\":{\"@id\":\"https:\\\/\\\/www.webdo.tn\\\/fr\\\/#organization\"},\"potentialAction\":[{\"@type\":\"SearchAction\",\"target\":{\"@type\":\"EntryPoint\",\"urlTemplate\":\"https:\\\/\\\/www.webdo.tn\\\/fr\\\/?s={search_term_string}\"},\"query-input\":{\"@type\":\"PropertyValueSpecification\",\"valueRequired\":true,\"valueName\":\"search_term_string\"}}],\"inLanguage\":\"fr-FR\"},{\"@type\":\"Organization\",\"@id\":\"https:\\\/\\\/www.webdo.tn\\\/fr\\\/#organization\",\"name\":\"Webdo\",\"alternateName\":\"Webdo.tn\",\"url\":\"https:\\\/\\\/www.webdo.tn\\\/fr\\\/\",\"logo\":{\"@type\":\"ImageObject\",\"inLanguage\":\"fr-FR\",\"@id\":\"https:\\\/\\\/www.webdo.tn\\\/fr\\\/#\\\/schema\\\/logo\\\/image\\\/\",\"url\":\"https:\\\/\\\/www.webdo.tn\\\/fr\\\/wp-content\\\/uploads\\\/2025\\\/06\\\/Webdo-Tunisie_168377.jpg\",\"contentUrl\":\"https:\\\/\\\/www.webdo.tn\\\/fr\\\/wp-content\\\/uploads\\\/2025\\\/06\\\/Webdo-Tunisie_168377.jpg\",\"width\":301,\"height\":301,\"caption\":\"Webdo\"},\"image\":{\"@id\":\"https:\\\/\\\/www.webdo.tn\\\/fr\\\/#\\\/schema\\\/logo\\\/image\\\/\"},\"sameAs\":[\"https:\\\/\\\/www.facebook.com\\\/webdotn\",\"https:\\\/\\\/x.com\\\/webdo_tn\"],\"description\":\"Webdo est un m\u00e9dia num\u00e9rique tunisien fond\u00e9 en 2010, sp\u00e9cialis\u00e9 dans l\u2019actualit\u00e9 nationale et internationale, l\u2019\u00e9conomie, la soci\u00e9t\u00e9 et les analyses politiques. Le site s\u2019adresse \u00e0 un large public francophone et couvre l\u2019information tunisienne en temps r\u00e9el.\",\"email\":\"redac@webdo.tn\",\"legalName\":\"YNJ SARL\",\"foundingDate\":\"2010-09-06\",\"numberOfEmployees\":{\"@type\":\"QuantitativeValue\",\"minValue\":\"11\",\"maxValue\":\"50\"}},{\"@type\":\"Person\",\"@id\":\"https:\\\/\\\/www.webdo.tn\\\/fr\\\/#\\\/schema\\\/person\\\/590cb5f81adcfde6385530fdbdf468e2\",\"name\":\"Ramzi\",\"image\":{\"@type\":\"ImageObject\",\"inLanguage\":\"fr-FR\",\"@id\":\"https:\\\/\\\/secure.gravatar.com\\\/avatar\\\/48df7d18915e10cf866ba8e27604c81ff9243fd52704a1d210c3e387e1cb8d87?s=96&d=mm&r=g\",\"url\":\"https:\\\/\\\/secure.gravatar.com\\\/avatar\\\/48df7d18915e10cf866ba8e27604c81ff9243fd52704a1d210c3e387e1cb8d87?s=96&d=mm&r=g\",\"contentUrl\":\"https:\\\/\\\/secure.gravatar.com\\\/avatar\\\/48df7d18915e10cf866ba8e27604c81ff9243fd52704a1d210c3e387e1cb8d87?s=96&d=mm&r=g\",\"caption\":\"Ramzi\"},\"url\":\"https:\\\/\\\/www.webdo.tn\\\/fr\\\/actualite\\\/author\\\/ramzi\\\/\"}]}<\/script>\n<!-- \/ Yoast SEO Premium plugin. -->","yoast_head_json":{"title":"Bons baisers de Schengen (Acte 3) : la com\u00e9die du samedi !","description":"Si les Anglais h\u00e9sitent \u00e0 aller voir une com\u00e9die le samedi soir, c'est qu'ils ont peur d'en rire \u00e0 l'office du dimanche . Peter Ustinov.","canonical":"https:\/\/www.webdo.tn\/fr\/actualite\/national-45\/bons-baisers-de-schengen-acte-3-la-comedie-du-samedi\/202225\/","og_locale":"fr_FR","og_type":"article","og_title":"Bons baisers de Schengen (Acte 3) : la com\u00e9die du samedi !","og_description":"Si les Anglais h\u00e9sitent \u00e0 aller voir une com\u00e9die le samedi soir, c'est qu'ils ont peur d'en rire \u00e0 l'office du dimanche . Peter Ustinov.","og_url":"https:\/\/www.webdo.tn\/fr\/actualite\/national-45\/bons-baisers-de-schengen-acte-3-la-comedie-du-samedi\/202225\/","og_site_name":"webdo","article_publisher":"https:\/\/www.facebook.com\/webdotn","article_published_time":"2023-01-25T11:15:00+00:00","article_modified_time":"2025-05-22T11:37:12+00:00","og_image":[{"width":750,"height":400,"url":"https:\/\/www.webdo.tn\/fr\/wp-content\/uploads\/2023\/01\/9f132fbadffb33558f36acb691febcec.jpg","type":"image\/jpeg"}],"author":"Ramzi","twitter_card":"summary_large_image","twitter_creator":"@webdo_tn","twitter_site":"@webdo_tn","twitter_misc":{"\u00c9crit par":"Ramzi","Dur\u00e9e de lecture estim\u00e9e":"1 minute"},"schema":{"@context":"https:\/\/schema.org","@graph":[{"@type":"NewsArticle","@id":"https:\/\/www.webdo.tn\/fr\/actualite\/national-45\/bons-baisers-de-schengen-acte-3-la-comedie-du-samedi\/202225\/#article","isPartOf":{"@id":"https:\/\/www.webdo.tn\/fr\/actualite\/national-45\/bons-baisers-de-schengen-acte-3-la-comedie-du-samedi\/202225\/"},"author":{"name":"Ramzi","@id":"https:\/\/www.webdo.tn\/fr\/#\/schema\/person\/590cb5f81adcfde6385530fdbdf468e2"},"headline":"Bons baisers de Schengen (Acte 3) : la com\u00e9die du samedi !","datePublished":"2023-01-25T11:15:00+00:00","dateModified":"2025-05-22T11:37:12+00:00","mainEntityOfPage":{"@id":"https:\/\/www.webdo.tn\/fr\/actualite\/national-45\/bons-baisers-de-schengen-acte-3-la-comedie-du-samedi\/202225\/"},"wordCount":306,"commentCount":0,"publisher":{"@id":"https:\/\/www.webdo.tn\/fr\/#organization"},"image":{"@id":"https:\/\/www.webdo.tn\/fr\/actualite\/national-45\/bons-baisers-de-schengen-acte-3-la-comedie-du-samedi\/202225\/#primaryimage"},"thumbnailUrl":"https:\/\/www.webdo.tn\/fr\/wp-content\/uploads\/2023\/01\/9f132fbadffb33558f36acb691febcec.jpg","keywords":["belgique","TLScontact","visa Schengen"],"articleSection":["National"],"inLanguage":"fr-FR"},{"@type":"WebPage","@id":"https:\/\/www.webdo.tn\/fr\/actualite\/national-45\/bons-baisers-de-schengen-acte-3-la-comedie-du-samedi\/202225\/","url":"https:\/\/www.webdo.tn\/fr\/actualite\/national-45\/bons-baisers-de-schengen-acte-3-la-comedie-du-samedi\/202225\/","name":"Bons baisers de Schengen (Acte 3) : la com\u00e9die du samedi !","isPartOf":{"@id":"https:\/\/www.webdo.tn\/fr\/#website"},"primaryImageOfPage":{"@id":"https:\/\/www.webdo.tn\/fr\/actualite\/national-45\/bons-baisers-de-schengen-acte-3-la-comedie-du-samedi\/202225\/#primaryimage"},"image":{"@id":"https:\/\/www.webdo.tn\/fr\/actualite\/national-45\/bons-baisers-de-schengen-acte-3-la-comedie-du-samedi\/202225\/#primaryimage"},"thumbnailUrl":"https:\/\/www.webdo.tn\/fr\/wp-content\/uploads\/2023\/01\/9f132fbadffb33558f36acb691febcec.jpg","datePublished":"2023-01-25T11:15:00+00:00","dateModified":"2025-05-22T11:37:12+00:00","description":"Si les Anglais h\u00e9sitent \u00e0 aller voir une com\u00e9die le samedi soir, c'est qu'ils ont peur d'en rire \u00e0 l'office du dimanche . Peter Ustinov.","breadcrumb":{"@id":"https:\/\/www.webdo.tn\/fr\/actualite\/national-45\/bons-baisers-de-schengen-acte-3-la-comedie-du-samedi\/202225\/#breadcrumb"},"inLanguage":"fr-FR","potentialAction":[{"@type":"ReadAction","target":["https:\/\/www.webdo.tn\/fr\/actualite\/national-45\/bons-baisers-de-schengen-acte-3-la-comedie-du-samedi\/202225\/"]}]},{"@type":"ImageObject","inLanguage":"fr-FR","@id":"https:\/\/www.webdo.tn\/fr\/actualite\/national-45\/bons-baisers-de-schengen-acte-3-la-comedie-du-samedi\/202225\/#primaryimage","url":"https:\/\/www.webdo.tn\/fr\/wp-content\/uploads\/2023\/01\/9f132fbadffb33558f36acb691febcec.jpg","contentUrl":"https:\/\/www.webdo.tn\/fr\/wp-content\/uploads\/2023\/01\/9f132fbadffb33558f36acb691febcec.jpg","width":750,"height":400,"caption":"Bons baisers de Schengen (Acte 3) : la com\u00e9die du samedi !"},{"@type":"BreadcrumbList","@id":"https:\/\/www.webdo.tn\/fr\/actualite\/national-45\/bons-baisers-de-schengen-acte-3-la-comedie-du-samedi\/202225\/#breadcrumb","itemListElement":[{"@type":"ListItem","position":1,"name":"Accueil","item":"https:\/\/www.webdo.tn\/fr\/"},{"@type":"ListItem","position":2,"name":"Bons baisers de Schengen (Acte 3) : la com\u00e9die du samedi !"}]},{"@type":"WebSite","@id":"https:\/\/www.webdo.tn\/fr\/#website","url":"https:\/\/www.webdo.tn\/fr\/","name":"webdo","description":"Tunisie - News en Tunisie et \u00e0 l&#039;international sur Webdo.tn","publisher":{"@id":"https:\/\/www.webdo.tn\/fr\/#organization"},"potentialAction":[{"@type":"SearchAction","target":{"@type":"EntryPoint","urlTemplate":"https:\/\/www.webdo.tn\/fr\/?s={search_term_string}"},"query-input":{"@type":"PropertyValueSpecification","valueRequired":true,"valueName":"search_term_string"}}],"inLanguage":"fr-FR"},{"@type":"Organization","@id":"https:\/\/www.webdo.tn\/fr\/#organization","name":"Webdo","alternateName":"Webdo.tn","url":"https:\/\/www.webdo.tn\/fr\/","logo":{"@type":"ImageObject","inLanguage":"fr-FR","@id":"https:\/\/www.webdo.tn\/fr\/#\/schema\/logo\/image\/","url":"https:\/\/www.webdo.tn\/fr\/wp-content\/uploads\/2025\/06\/Webdo-Tunisie_168377.jpg","contentUrl":"https:\/\/www.webdo.tn\/fr\/wp-content\/uploads\/2025\/06\/Webdo-Tunisie_168377.jpg","width":301,"height":301,"caption":"Webdo"},"image":{"@id":"https:\/\/www.webdo.tn\/fr\/#\/schema\/logo\/image\/"},"sameAs":["https:\/\/www.facebook.com\/webdotn","https:\/\/x.com\/webdo_tn"],"description":"Webdo est un m\u00e9dia num\u00e9rique tunisien fond\u00e9 en 2010, sp\u00e9cialis\u00e9 dans l\u2019actualit\u00e9 nationale et internationale, l\u2019\u00e9conomie, la soci\u00e9t\u00e9 et les analyses politiques. Le site s\u2019adresse \u00e0 un large public francophone et couvre l\u2019information tunisienne en temps r\u00e9el.","email":"redac@webdo.tn","legalName":"YNJ SARL","foundingDate":"2010-09-06","numberOfEmployees":{"@type":"QuantitativeValue","minValue":"11","maxValue":"50"}},{"@type":"Person","@id":"https:\/\/www.webdo.tn\/fr\/#\/schema\/person\/590cb5f81adcfde6385530fdbdf468e2","name":"Ramzi","image":{"@type":"ImageObject","inLanguage":"fr-FR","@id":"https:\/\/secure.gravatar.com\/avatar\/48df7d18915e10cf866ba8e27604c81ff9243fd52704a1d210c3e387e1cb8d87?s=96&d=mm&r=g","url":"https:\/\/secure.gravatar.com\/avatar\/48df7d18915e10cf866ba8e27604c81ff9243fd52704a1d210c3e387e1cb8d87?s=96&d=mm&r=g","contentUrl":"https:\/\/secure.gravatar.com\/avatar\/48df7d18915e10cf866ba8e27604c81ff9243fd52704a1d210c3e387e1cb8d87?s=96&d=mm&r=g","caption":"Ramzi"},"url":"https:\/\/www.webdo.tn\/fr\/actualite\/author\/ramzi\/"}]}},"_links":{"self":[{"href":"https:\/\/www.webdo.tn\/fr\/wp-json\/wp\/v2\/posts\/202225","targetHints":{"allow":["GET"]}}],"collection":[{"href":"https:\/\/www.webdo.tn\/fr\/wp-json\/wp\/v2\/posts"}],"about":[{"href":"https:\/\/www.webdo.tn\/fr\/wp-json\/wp\/v2\/types\/post"}],"author":[{"embeddable":true,"href":"https:\/\/www.webdo.tn\/fr\/wp-json\/wp\/v2\/users\/3188"}],"replies":[{"embeddable":true,"href":"https:\/\/www.webdo.tn\/fr\/wp-json\/wp\/v2\/comments?post=202225"}],"version-history":[{"count":0,"href":"https:\/\/www.webdo.tn\/fr\/wp-json\/wp\/v2\/posts\/202225\/revisions"}],"wp:featuredmedia":[{"embeddable":true,"href":"https:\/\/www.webdo.tn\/fr\/wp-json\/wp\/v2\/media\/348235"}],"wp:attachment":[{"href":"https:\/\/www.webdo.tn\/fr\/wp-json\/wp\/v2\/media?parent=202225"}],"wp:term":[{"taxonomy":"category","embeddable":true,"href":"https:\/\/www.webdo.tn\/fr\/wp-json\/wp\/v2\/categories?post=202225"},{"taxonomy":"post_tag","embeddable":true,"href":"https:\/\/www.webdo.tn\/fr\/wp-json\/wp\/v2\/tags?post=202225"}],"curies":[{"name":"wp","href":"https:\/\/api.w.org\/{rel}","templated":true}]}}