{"id":202209,"date":"2023-01-24T18:29:00","date_gmt":"2023-01-24T18:29:00","guid":{"rendered":"https:\/\/www.webdo.tn\/fr\/blog\/tunisie-hausse-de-83-du-deficit-de-la-balance-energetique\/202209\/"},"modified":"2025-05-20T23:00:47","modified_gmt":"2025-05-20T23:00:47","slug":"tunisie-hausse-de-83-du-deficit-de-la-balance-energetique","status":"publish","type":"post","link":"https:\/\/www.webdo.tn\/fr\/actualite\/national\/tunisie-hausse-de-83-du-deficit-de-la-balance-energetique\/202209\/","title":{"rendered":"Tunisie : Hausse de 83% du d\u00e9ficit de la balance \u00e9nerg\u00e9tique"},"content":{"rendered":"<p>Le d\u00e9ficit de la balance \u00e9nerg\u00e9tique a enregistr\u00e9 une forte hausse de 83% entre fin novembre 2021 et fin novembre 2022, selon les chiffres du rapport mensuel sur la conjoncture \u00e9nerg\u00e9tique pour fin novembre 2022, publi\u00e9 par l\u2019Observatoire national de l\u2019Energie et des Mines.<\/p>\n<p>\t\t\t\t\t\t\t\t\tCe d\u00e9ficit a ainsi atteint\u00a09235 MD, au cours de cette p\u00e9riode, avec une hausse en valeur de 47% des exportations des produits \u00e9nerg\u00e9tiques et une hausse, en valeur \u00e9galement,\u00a0des importations de 70%.<\/p>\n<p>De plus, le d\u00e9ficit du bilan d\u2019\u00e9nergie primaire a augment\u00e9 de 7% \u00e0 fin novembre 2022 par rapport \u00e0 fin novembre 2021 s\u2019\u00e9tablissant \u00e0 4.4 Mtep (m\u00e9gatonne \u00e9quivalent p\u00e9trole). Cette hausse est due essentiellement \u00e0 la baisse de la production des hydrocarbures.<\/p>\n<p>La part de l\u2019\u00e9lectricit\u00e9 renouvelable\u00a0ne repr\u00e9sente que 1% des ressources primaires. La redevance sur le transit du gaz alg\u00e9rien a \u00e9volu\u00e9 de 7% \u00e0 fin novembre 2022 par rapport \u00e0 la m\u00eame p\u00e9riode de 2021.<\/p>\n","protected":false},"excerpt":{"rendered":"<p>Le d\u00e9ficit de la balance \u00e9nerg\u00e9tique a enregistr\u00e9 une forte hausse de 83% entre fin novembre 2021 et fin novembre 2022, selon les chiffres du rapport mensuel su&#8230;<\/p>\n","protected":false},"author":3195,"featured_media":277641,"comment_status":"open","ping_status":"closed","sticky":false,"template":"","format":"standard","meta":{"footnotes":""},"categories":[44],"tags":[9295,3575,3765,9296,2608],"class_list":["post-202209","post","type-post","status-publish","format-standard","has-post-thumbnail","hentry","category-national","tag-balance","tag-deficit","tag-electricite","tag-energetique","tag-tunisie"],"yoast_head":"<!-- This site is optimized with the Yoast SEO Premium plugin v27.4 (Yoast SEO v27.5) - https:\/\/yoast.com\/product\/yoast-seo-premium-wordpress\/ -->\n<title>Tunisie : Hausse de 83% du d\u00e9ficit de la balance \u00e9nerg\u00e9tique<\/title>\n<meta name=\"description\" content=\"Le d\u00e9ficit de la balance \u00e9nerg\u00e9tique a enregistr\u00e9 une forte hausse de 83% entre fin novembre 2021 et fin novembre 2022, selon les chiffres du rapport mensuel su...\" \/>\n<link rel=\"canonical\" href=\"https:\/\/www.webdo.tn\/fr\/actualite\/national\/tunisie-hausse-de-83-du-deficit-de-la-balance-energetique\/202209\/\" \/>\n<meta property=\"og:locale\" content=\"fr_FR\" \/>\n<meta property=\"og:type\" content=\"article\" \/>\n<meta property=\"og:title\" content=\"Tunisie : Hausse de 83% du d\u00e9ficit de la balance \u00e9nerg\u00e9tique\" \/>\n<meta property=\"og:description\" content=\"Le d\u00e9ficit de la balance \u00e9nerg\u00e9tique a enregistr\u00e9 une forte hausse de 83% entre fin novembre 2021 et fin novembre 2022, selon les chiffres du rapport mensuel su...\" \/>\n<meta property=\"og:url\" content=\"https:\/\/www.webdo.tn\/fr\/actualite\/national\/tunisie-hausse-de-83-du-deficit-de-la-balance-energetique\/202209\/\" \/>\n<meta property=\"og:site_name\" content=\"webdo\" \/>\n<meta property=\"article:publisher\" content=\"https:\/\/www.facebook.com\/webdotn\" \/>\n<meta property=\"article:published_time\" content=\"2023-01-24T18:29:00+00:00\" \/>\n<meta property=\"article:modified_time\" content=\"2025-05-20T23:00:47+00:00\" \/>\n<meta property=\"og:image\" content=\"https:\/\/www.webdo.tn\/fr\/wp-content\/uploads\/2023\/01\/6fae44887aedca73e5686dae7699c9e1.jpg\" \/>\n\t<meta property=\"og:image:width\" content=\"750\" \/>\n\t<meta property=\"og:image:height\" content=\"400\" \/>\n\t<meta property=\"og:image:type\" content=\"image\/jpeg\" \/>\n<meta name=\"author\" content=\"NJ\" \/>\n<meta name=\"twitter:card\" content=\"summary_large_image\" \/>\n<meta name=\"twitter:creator\" content=\"@webdo_tn\" \/>\n<meta name=\"twitter:site\" content=\"@webdo_tn\" \/>\n<meta name=\"twitter:label1\" content=\"\u00c9crit par\" \/>\n\t<meta name=\"twitter:data1\" content=\"NJ\" \/>\n\t<meta name=\"twitter:label2\" content=\"Dur\u00e9e de lecture estim\u00e9e\" \/>\n\t<meta name=\"twitter:data2\" content=\"1 minute\" \/>\n<script type=\"application\/ld+json\" class=\"yoast-schema-graph\">{\"@context\":\"https:\\\/\\\/schema.org\",\"@graph\":[{\"@type\":\"NewsArticle\",\"@id\":\"https:\\\/\\\/www.webdo.tn\\\/fr\\\/actualite\\\/national\\\/tunisie-hausse-de-83-du-deficit-de-la-balance-energetique\\\/202209\\\/#article\",\"isPartOf\":{\"@id\":\"https:\\\/\\\/www.webdo.tn\\\/fr\\\/actualite\\\/national\\\/tunisie-hausse-de-83-du-deficit-de-la-balance-energetique\\\/202209\\\/\"},\"author\":{\"name\":\"NJ\",\"@id\":\"https:\\\/\\\/www.webdo.tn\\\/fr\\\/#\\\/schema\\\/person\\\/646f7c4406ab78299805d9d39b2636d8\"},\"headline\":\"Tunisie : Hausse de 83% du d\u00e9ficit de la balance \u00e9nerg\u00e9tique\",\"datePublished\":\"2023-01-24T18:29:00+00:00\",\"dateModified\":\"2025-05-20T23:00:47+00:00\",\"mainEntityOfPage\":{\"@id\":\"https:\\\/\\\/www.webdo.tn\\\/fr\\\/actualite\\\/national\\\/tunisie-hausse-de-83-du-deficit-de-la-balance-energetique\\\/202209\\\/\"},\"wordCount\":164,\"commentCount\":0,\"publisher\":{\"@id\":\"https:\\\/\\\/www.webdo.tn\\\/fr\\\/#organization\"},\"image\":{\"@id\":\"https:\\\/\\\/www.webdo.tn\\\/fr\\\/actualite\\\/national\\\/tunisie-hausse-de-83-du-deficit-de-la-balance-energetique\\\/202209\\\/#primaryimage\"},\"thumbnailUrl\":\"https:\\\/\\\/www.webdo.tn\\\/fr\\\/wp-content\\\/uploads\\\/2023\\\/01\\\/6fae44887aedca73e5686dae7699c9e1.jpg\",\"keywords\":[\"balance\",\"d\u00e9ficit\",\"\u00e9lectricit\u00e9\",\"\u00e9nerg\u00e9tique\",\"Tunisie\"],\"articleSection\":[\"National\"],\"inLanguage\":\"fr-FR\"},{\"@type\":\"WebPage\",\"@id\":\"https:\\\/\\\/www.webdo.tn\\\/fr\\\/actualite\\\/national\\\/tunisie-hausse-de-83-du-deficit-de-la-balance-energetique\\\/202209\\\/\",\"url\":\"https:\\\/\\\/www.webdo.tn\\\/fr\\\/actualite\\\/national\\\/tunisie-hausse-de-83-du-deficit-de-la-balance-energetique\\\/202209\\\/\",\"name\":\"Tunisie : Hausse de 83% du d\u00e9ficit de la balance \u00e9nerg\u00e9tique\",\"isPartOf\":{\"@id\":\"https:\\\/\\\/www.webdo.tn\\\/fr\\\/#website\"},\"primaryImageOfPage\":{\"@id\":\"https:\\\/\\\/www.webdo.tn\\\/fr\\\/actualite\\\/national\\\/tunisie-hausse-de-83-du-deficit-de-la-balance-energetique\\\/202209\\\/#primaryimage\"},\"image\":{\"@id\":\"https:\\\/\\\/www.webdo.tn\\\/fr\\\/actualite\\\/national\\\/tunisie-hausse-de-83-du-deficit-de-la-balance-energetique\\\/202209\\\/#primaryimage\"},\"thumbnailUrl\":\"https:\\\/\\\/www.webdo.tn\\\/fr\\\/wp-content\\\/uploads\\\/2023\\\/01\\\/6fae44887aedca73e5686dae7699c9e1.jpg\",\"datePublished\":\"2023-01-24T18:29:00+00:00\",\"dateModified\":\"2025-05-20T23:00:47+00:00\",\"description\":\"Le d\u00e9ficit de la balance \u00e9nerg\u00e9tique a enregistr\u00e9 une forte hausse de 83% entre fin novembre 2021 et fin novembre 2022, selon les chiffres du rapport mensuel su...\",\"breadcrumb\":{\"@id\":\"https:\\\/\\\/www.webdo.tn\\\/fr\\\/actualite\\\/national\\\/tunisie-hausse-de-83-du-deficit-de-la-balance-energetique\\\/202209\\\/#breadcrumb\"},\"inLanguage\":\"fr-FR\",\"potentialAction\":[{\"@type\":\"ReadAction\",\"target\":[\"https:\\\/\\\/www.webdo.tn\\\/fr\\\/actualite\\\/national\\\/tunisie-hausse-de-83-du-deficit-de-la-balance-energetique\\\/202209\\\/\"]}]},{\"@type\":\"ImageObject\",\"inLanguage\":\"fr-FR\",\"@id\":\"https:\\\/\\\/www.webdo.tn\\\/fr\\\/actualite\\\/national\\\/tunisie-hausse-de-83-du-deficit-de-la-balance-energetique\\\/202209\\\/#primaryimage\",\"url\":\"https:\\\/\\\/www.webdo.tn\\\/fr\\\/wp-content\\\/uploads\\\/2023\\\/01\\\/6fae44887aedca73e5686dae7699c9e1.jpg\",\"contentUrl\":\"https:\\\/\\\/www.webdo.tn\\\/fr\\\/wp-content\\\/uploads\\\/2023\\\/01\\\/6fae44887aedca73e5686dae7699c9e1.jpg\",\"width\":750,\"height\":400,\"caption\":\"Tunisie : Hausse de 83% du d\u00e9ficit de la balance \u00e9nerg\u00e9tique\"},{\"@type\":\"BreadcrumbList\",\"@id\":\"https:\\\/\\\/www.webdo.tn\\\/fr\\\/actualite\\\/national\\\/tunisie-hausse-de-83-du-deficit-de-la-balance-energetique\\\/202209\\\/#breadcrumb\",\"itemListElement\":[{\"@type\":\"ListItem\",\"position\":1,\"name\":\"Accueil\",\"item\":\"https:\\\/\\\/www.webdo.tn\\\/fr\\\/\"},{\"@type\":\"ListItem\",\"position\":2,\"name\":\"Tunisie : Hausse de 83% du d\u00e9ficit de la balance \u00e9nerg\u00e9tique\"}]},{\"@type\":\"WebSite\",\"@id\":\"https:\\\/\\\/www.webdo.tn\\\/fr\\\/#website\",\"url\":\"https:\\\/\\\/www.webdo.tn\\\/fr\\\/\",\"name\":\"webdo\",\"description\":\"Tunisie - News en Tunisie et \u00e0 l&#039;international sur Webdo.tn\",\"publisher\":{\"@id\":\"https:\\\/\\\/www.webdo.tn\\\/fr\\\/#organization\"},\"potentialAction\":[{\"@type\":\"SearchAction\",\"target\":{\"@type\":\"EntryPoint\",\"urlTemplate\":\"https:\\\/\\\/www.webdo.tn\\\/fr\\\/?s={search_term_string}\"},\"query-input\":{\"@type\":\"PropertyValueSpecification\",\"valueRequired\":true,\"valueName\":\"search_term_string\"}}],\"inLanguage\":\"fr-FR\"},{\"@type\":\"Organization\",\"@id\":\"https:\\\/\\\/www.webdo.tn\\\/fr\\\/#organization\",\"name\":\"Webdo\",\"alternateName\":\"Webdo.tn\",\"url\":\"https:\\\/\\\/www.webdo.tn\\\/fr\\\/\",\"logo\":{\"@type\":\"ImageObject\",\"inLanguage\":\"fr-FR\",\"@id\":\"https:\\\/\\\/www.webdo.tn\\\/fr\\\/#\\\/schema\\\/logo\\\/image\\\/\",\"url\":\"https:\\\/\\\/www.webdo.tn\\\/fr\\\/wp-content\\\/uploads\\\/2025\\\/06\\\/Webdo-Tunisie_168377.jpg\",\"contentUrl\":\"https:\\\/\\\/www.webdo.tn\\\/fr\\\/wp-content\\\/uploads\\\/2025\\\/06\\\/Webdo-Tunisie_168377.jpg\",\"width\":301,\"height\":301,\"caption\":\"Webdo\"},\"image\":{\"@id\":\"https:\\\/\\\/www.webdo.tn\\\/fr\\\/#\\\/schema\\\/logo\\\/image\\\/\"},\"sameAs\":[\"https:\\\/\\\/www.facebook.com\\\/webdotn\",\"https:\\\/\\\/x.com\\\/webdo_tn\"],\"description\":\"Webdo est un m\u00e9dia num\u00e9rique tunisien fond\u00e9 en 2010, sp\u00e9cialis\u00e9 dans l\u2019actualit\u00e9 nationale et internationale, l\u2019\u00e9conomie, la soci\u00e9t\u00e9 et les analyses politiques. Le site s\u2019adresse \u00e0 un large public francophone et couvre l\u2019information tunisienne en temps r\u00e9el.\",\"email\":\"redac@webdo.tn\",\"legalName\":\"YNJ SARL\",\"foundingDate\":\"2010-09-06\",\"numberOfEmployees\":{\"@type\":\"QuantitativeValue\",\"minValue\":\"11\",\"maxValue\":\"50\"}},{\"@type\":\"Person\",\"@id\":\"https:\\\/\\\/www.webdo.tn\\\/fr\\\/#\\\/schema\\\/person\\\/646f7c4406ab78299805d9d39b2636d8\",\"name\":\"NJ\",\"image\":{\"@type\":\"ImageObject\",\"inLanguage\":\"fr-FR\",\"@id\":\"https:\\\/\\\/secure.gravatar.com\\\/avatar\\\/57ee8a7cee8271948beede1dd4413f641d3b749a42dfabf45a3352af812389e1?s=96&d=mm&r=g\",\"url\":\"https:\\\/\\\/secure.gravatar.com\\\/avatar\\\/57ee8a7cee8271948beede1dd4413f641d3b749a42dfabf45a3352af812389e1?s=96&d=mm&r=g\",\"contentUrl\":\"https:\\\/\\\/secure.gravatar.com\\\/avatar\\\/57ee8a7cee8271948beede1dd4413f641d3b749a42dfabf45a3352af812389e1?s=96&d=mm&r=g\",\"caption\":\"NJ\"},\"url\":\"https:\\\/\\\/www.webdo.tn\\\/fr\\\/actualite\\\/author\\\/nj\\\/\"}]}<\/script>\n<!-- \/ Yoast SEO Premium plugin. -->","yoast_head_json":{"title":"Tunisie : Hausse de 83% du d\u00e9ficit de la balance \u00e9nerg\u00e9tique","description":"Le d\u00e9ficit de la balance \u00e9nerg\u00e9tique a enregistr\u00e9 une forte hausse de 83% entre fin novembre 2021 et fin novembre 2022, selon les chiffres du rapport mensuel su...","canonical":"https:\/\/www.webdo.tn\/fr\/actualite\/national\/tunisie-hausse-de-83-du-deficit-de-la-balance-energetique\/202209\/","og_locale":"fr_FR","og_type":"article","og_title":"Tunisie : Hausse de 83% du d\u00e9ficit de la balance \u00e9nerg\u00e9tique","og_description":"Le d\u00e9ficit de la balance \u00e9nerg\u00e9tique a enregistr\u00e9 une forte hausse de 83% entre fin novembre 2021 et fin novembre 2022, selon les chiffres du rapport mensuel su...","og_url":"https:\/\/www.webdo.tn\/fr\/actualite\/national\/tunisie-hausse-de-83-du-deficit-de-la-balance-energetique\/202209\/","og_site_name":"webdo","article_publisher":"https:\/\/www.facebook.com\/webdotn","article_published_time":"2023-01-24T18:29:00+00:00","article_modified_time":"2025-05-20T23:00:47+00:00","og_image":[{"width":750,"height":400,"url":"https:\/\/www.webdo.tn\/fr\/wp-content\/uploads\/2023\/01\/6fae44887aedca73e5686dae7699c9e1.jpg","type":"image\/jpeg"}],"author":"NJ","twitter_card":"summary_large_image","twitter_creator":"@webdo_tn","twitter_site":"@webdo_tn","twitter_misc":{"\u00c9crit par":"NJ","Dur\u00e9e de lecture estim\u00e9e":"1 minute"},"schema":{"@context":"https:\/\/schema.org","@graph":[{"@type":"NewsArticle","@id":"https:\/\/www.webdo.tn\/fr\/actualite\/national\/tunisie-hausse-de-83-du-deficit-de-la-balance-energetique\/202209\/#article","isPartOf":{"@id":"https:\/\/www.webdo.tn\/fr\/actualite\/national\/tunisie-hausse-de-83-du-deficit-de-la-balance-energetique\/202209\/"},"author":{"name":"NJ","@id":"https:\/\/www.webdo.tn\/fr\/#\/schema\/person\/646f7c4406ab78299805d9d39b2636d8"},"headline":"Tunisie : Hausse de 83% du d\u00e9ficit de la balance \u00e9nerg\u00e9tique","datePublished":"2023-01-24T18:29:00+00:00","dateModified":"2025-05-20T23:00:47+00:00","mainEntityOfPage":{"@id":"https:\/\/www.webdo.tn\/fr\/actualite\/national\/tunisie-hausse-de-83-du-deficit-de-la-balance-energetique\/202209\/"},"wordCount":164,"commentCount":0,"publisher":{"@id":"https:\/\/www.webdo.tn\/fr\/#organization"},"image":{"@id":"https:\/\/www.webdo.tn\/fr\/actualite\/national\/tunisie-hausse-de-83-du-deficit-de-la-balance-energetique\/202209\/#primaryimage"},"thumbnailUrl":"https:\/\/www.webdo.tn\/fr\/wp-content\/uploads\/2023\/01\/6fae44887aedca73e5686dae7699c9e1.jpg","keywords":["balance","d\u00e9ficit","\u00e9lectricit\u00e9","\u00e9nerg\u00e9tique","Tunisie"],"articleSection":["National"],"inLanguage":"fr-FR"},{"@type":"WebPage","@id":"https:\/\/www.webdo.tn\/fr\/actualite\/national\/tunisie-hausse-de-83-du-deficit-de-la-balance-energetique\/202209\/","url":"https:\/\/www.webdo.tn\/fr\/actualite\/national\/tunisie-hausse-de-83-du-deficit-de-la-balance-energetique\/202209\/","name":"Tunisie : Hausse de 83% du d\u00e9ficit de la balance \u00e9nerg\u00e9tique","isPartOf":{"@id":"https:\/\/www.webdo.tn\/fr\/#website"},"primaryImageOfPage":{"@id":"https:\/\/www.webdo.tn\/fr\/actualite\/national\/tunisie-hausse-de-83-du-deficit-de-la-balance-energetique\/202209\/#primaryimage"},"image":{"@id":"https:\/\/www.webdo.tn\/fr\/actualite\/national\/tunisie-hausse-de-83-du-deficit-de-la-balance-energetique\/202209\/#primaryimage"},"thumbnailUrl":"https:\/\/www.webdo.tn\/fr\/wp-content\/uploads\/2023\/01\/6fae44887aedca73e5686dae7699c9e1.jpg","datePublished":"2023-01-24T18:29:00+00:00","dateModified":"2025-05-20T23:00:47+00:00","description":"Le d\u00e9ficit de la balance \u00e9nerg\u00e9tique a enregistr\u00e9 une forte hausse de 83% entre fin novembre 2021 et fin novembre 2022, selon les chiffres du rapport mensuel su...","breadcrumb":{"@id":"https:\/\/www.webdo.tn\/fr\/actualite\/national\/tunisie-hausse-de-83-du-deficit-de-la-balance-energetique\/202209\/#breadcrumb"},"inLanguage":"fr-FR","potentialAction":[{"@type":"ReadAction","target":["https:\/\/www.webdo.tn\/fr\/actualite\/national\/tunisie-hausse-de-83-du-deficit-de-la-balance-energetique\/202209\/"]}]},{"@type":"ImageObject","inLanguage":"fr-FR","@id":"https:\/\/www.webdo.tn\/fr\/actualite\/national\/tunisie-hausse-de-83-du-deficit-de-la-balance-energetique\/202209\/#primaryimage","url":"https:\/\/www.webdo.tn\/fr\/wp-content\/uploads\/2023\/01\/6fae44887aedca73e5686dae7699c9e1.jpg","contentUrl":"https:\/\/www.webdo.tn\/fr\/wp-content\/uploads\/2023\/01\/6fae44887aedca73e5686dae7699c9e1.jpg","width":750,"height":400,"caption":"Tunisie : Hausse de 83% du d\u00e9ficit de la balance \u00e9nerg\u00e9tique"},{"@type":"BreadcrumbList","@id":"https:\/\/www.webdo.tn\/fr\/actualite\/national\/tunisie-hausse-de-83-du-deficit-de-la-balance-energetique\/202209\/#breadcrumb","itemListElement":[{"@type":"ListItem","position":1,"name":"Accueil","item":"https:\/\/www.webdo.tn\/fr\/"},{"@type":"ListItem","position":2,"name":"Tunisie : Hausse de 83% du d\u00e9ficit de la balance \u00e9nerg\u00e9tique"}]},{"@type":"WebSite","@id":"https:\/\/www.webdo.tn\/fr\/#website","url":"https:\/\/www.webdo.tn\/fr\/","name":"webdo","description":"Tunisie - News en Tunisie et \u00e0 l&#039;international sur Webdo.tn","publisher":{"@id":"https:\/\/www.webdo.tn\/fr\/#organization"},"potentialAction":[{"@type":"SearchAction","target":{"@type":"EntryPoint","urlTemplate":"https:\/\/www.webdo.tn\/fr\/?s={search_term_string}"},"query-input":{"@type":"PropertyValueSpecification","valueRequired":true,"valueName":"search_term_string"}}],"inLanguage":"fr-FR"},{"@type":"Organization","@id":"https:\/\/www.webdo.tn\/fr\/#organization","name":"Webdo","alternateName":"Webdo.tn","url":"https:\/\/www.webdo.tn\/fr\/","logo":{"@type":"ImageObject","inLanguage":"fr-FR","@id":"https:\/\/www.webdo.tn\/fr\/#\/schema\/logo\/image\/","url":"https:\/\/www.webdo.tn\/fr\/wp-content\/uploads\/2025\/06\/Webdo-Tunisie_168377.jpg","contentUrl":"https:\/\/www.webdo.tn\/fr\/wp-content\/uploads\/2025\/06\/Webdo-Tunisie_168377.jpg","width":301,"height":301,"caption":"Webdo"},"image":{"@id":"https:\/\/www.webdo.tn\/fr\/#\/schema\/logo\/image\/"},"sameAs":["https:\/\/www.facebook.com\/webdotn","https:\/\/x.com\/webdo_tn"],"description":"Webdo est un m\u00e9dia num\u00e9rique tunisien fond\u00e9 en 2010, sp\u00e9cialis\u00e9 dans l\u2019actualit\u00e9 nationale et internationale, l\u2019\u00e9conomie, la soci\u00e9t\u00e9 et les analyses politiques. Le site s\u2019adresse \u00e0 un large public francophone et couvre l\u2019information tunisienne en temps r\u00e9el.","email":"redac@webdo.tn","legalName":"YNJ SARL","foundingDate":"2010-09-06","numberOfEmployees":{"@type":"QuantitativeValue","minValue":"11","maxValue":"50"}},{"@type":"Person","@id":"https:\/\/www.webdo.tn\/fr\/#\/schema\/person\/646f7c4406ab78299805d9d39b2636d8","name":"NJ","image":{"@type":"ImageObject","inLanguage":"fr-FR","@id":"https:\/\/secure.gravatar.com\/avatar\/57ee8a7cee8271948beede1dd4413f641d3b749a42dfabf45a3352af812389e1?s=96&d=mm&r=g","url":"https:\/\/secure.gravatar.com\/avatar\/57ee8a7cee8271948beede1dd4413f641d3b749a42dfabf45a3352af812389e1?s=96&d=mm&r=g","contentUrl":"https:\/\/secure.gravatar.com\/avatar\/57ee8a7cee8271948beede1dd4413f641d3b749a42dfabf45a3352af812389e1?s=96&d=mm&r=g","caption":"NJ"},"url":"https:\/\/www.webdo.tn\/fr\/actualite\/author\/nj\/"}]}},"_links":{"self":[{"href":"https:\/\/www.webdo.tn\/fr\/wp-json\/wp\/v2\/posts\/202209","targetHints":{"allow":["GET"]}}],"collection":[{"href":"https:\/\/www.webdo.tn\/fr\/wp-json\/wp\/v2\/posts"}],"about":[{"href":"https:\/\/www.webdo.tn\/fr\/wp-json\/wp\/v2\/types\/post"}],"author":[{"embeddable":true,"href":"https:\/\/www.webdo.tn\/fr\/wp-json\/wp\/v2\/users\/3195"}],"replies":[{"embeddable":true,"href":"https:\/\/www.webdo.tn\/fr\/wp-json\/wp\/v2\/comments?post=202209"}],"version-history":[{"count":0,"href":"https:\/\/www.webdo.tn\/fr\/wp-json\/wp\/v2\/posts\/202209\/revisions"}],"wp:featuredmedia":[{"embeddable":true,"href":"https:\/\/www.webdo.tn\/fr\/wp-json\/wp\/v2\/media\/277641"}],"wp:attachment":[{"href":"https:\/\/www.webdo.tn\/fr\/wp-json\/wp\/v2\/media?parent=202209"}],"wp:term":[{"taxonomy":"category","embeddable":true,"href":"https:\/\/www.webdo.tn\/fr\/wp-json\/wp\/v2\/categories?post=202209"},{"taxonomy":"post_tag","embeddable":true,"href":"https:\/\/www.webdo.tn\/fr\/wp-json\/wp\/v2\/tags?post=202209"}],"curies":[{"name":"wp","href":"https:\/\/api.w.org\/{rel}","templated":true}]}}