{"id":202199,"date":"2023-01-24T13:05:00","date_gmt":"2023-01-24T13:05:00","guid":{"rendered":"https:\/\/www.webdo.tn\/fr\/blog\/bons-baisers-de-schengen-2-la-verite-si-je-mens\/202199\/"},"modified":"2025-05-20T22:58:54","modified_gmt":"2025-05-20T22:58:54","slug":"bons-baisers-de-schengen-2-la-verite-si-je-mens","status":"publish","type":"post","link":"https:\/\/www.webdo.tn\/fr\/actualite\/national\/bons-baisers-de-schengen-2-la-verite-si-je-mens\/202199\/","title":{"rendered":"Bons baisers de Schengen 2 : la v\u00e9rit\u00e9 si je mens !"},"content":{"rendered":"<p>Notre article relatif aux frais de visa et aux frais de service multipli\u00e9s par deux a fait interagir les internautes et quelques-uns ont m\u00eame dout\u00e9 de la v\u00e9racit\u00e9 des faits. Ce qui est leur droit le plus \u00e9l\u00e9mentaire. Nous vous donnons la preuve de notre \u00e9crit.<\/p>\n<p>\t\t\t\t\t\t\t\t\tL\u2019\u00e9tudiant en question qui, rappelons-le, a sollicit\u00e9 TLScontact pour un visa pour la Belgique, a \u00e9t\u00e9, lui aussi, contrari\u00e9 que quelques internautes aient dout\u00e9 de la version des faits.<\/p>\n<p>En nous remerciant d\u2019avoir publi\u00e9 son histoire, il nous a envoy\u00e9 une pi\u00e8ce attestant qu\u2019il a finalement pay\u00e9 700 dinars alors, qu\u2019au d\u00e9but, il \u00e9tait question de 350 dinars (voir document).<\/p>\n<p>Il en est de m\u00eame de la date du RDV. Le jeune homme s\u2019est, bel et bien, rendu le samedi \u00e0 TLScontact, comme mentionn\u00e9 dans le document.<\/p>\n","protected":false},"excerpt":{"rendered":"<p>Notre article relatif aux frais de visa et aux frais de service multipli\u00e9s par deux a fait interagir les internautes et quelques-uns ont m\u00eame dout\u00e9 de la v\u00e9raci&#8230;<\/p>\n","protected":false},"author":3188,"featured_media":252424,"comment_status":"open","ping_status":"closed","sticky":false,"template":"","format":"standard","meta":{"footnotes":""},"categories":[44],"tags":[6831,8493,6378],"class_list":["post-202199","post","type-post","status-publish","format-standard","has-post-thumbnail","hentry","category-national","tag-belgique","tag-tlscontact","tag-visa-schengen"],"yoast_head":"<!-- This site is optimized with the Yoast SEO Premium plugin v27.4 (Yoast SEO v27.5) - https:\/\/yoast.com\/product\/yoast-seo-premium-wordpress\/ -->\n<title>Bons baisers de Schengen 2 : la v\u00e9rit\u00e9 si je mens !<\/title>\n<meta name=\"description\" content=\"Notre article relatif aux frais de visa et aux frais de service multipli\u00e9s par deux a fait interagir les internautes et quelques-uns ont m\u00eame dout\u00e9 de la v\u00e9raci...\" \/>\n<link rel=\"canonical\" href=\"https:\/\/www.webdo.tn\/fr\/actualite\/national\/bons-baisers-de-schengen-2-la-verite-si-je-mens\/202199\/\" \/>\n<meta property=\"og:locale\" content=\"fr_FR\" \/>\n<meta property=\"og:type\" content=\"article\" \/>\n<meta property=\"og:title\" content=\"Bons baisers de Schengen 2 : la v\u00e9rit\u00e9 si je mens !\" \/>\n<meta property=\"og:description\" content=\"Notre article relatif aux frais de visa et aux frais de service multipli\u00e9s par deux a fait interagir les internautes et quelques-uns ont m\u00eame dout\u00e9 de la v\u00e9raci...\" \/>\n<meta property=\"og:url\" content=\"https:\/\/www.webdo.tn\/fr\/actualite\/national\/bons-baisers-de-schengen-2-la-verite-si-je-mens\/202199\/\" \/>\n<meta property=\"og:site_name\" content=\"webdo\" \/>\n<meta property=\"article:publisher\" content=\"https:\/\/www.facebook.com\/webdotn\" \/>\n<meta property=\"article:published_time\" content=\"2023-01-24T13:05:00+00:00\" \/>\n<meta property=\"article:modified_time\" content=\"2025-05-20T22:58:54+00:00\" \/>\n<meta property=\"og:image\" content=\"https:\/\/www.webdo.tn\/fr\/wp-content\/uploads\/2023\/01\/48af4e5ec8db151fa66f2b7c55188792.jpg\" \/>\n\t<meta property=\"og:image:width\" content=\"750\" \/>\n\t<meta property=\"og:image:height\" content=\"400\" \/>\n\t<meta property=\"og:image:type\" content=\"image\/jpeg\" \/>\n<meta name=\"author\" content=\"Ramzi\" \/>\n<meta name=\"twitter:card\" content=\"summary_large_image\" \/>\n<meta name=\"twitter:creator\" content=\"@webdo_tn\" \/>\n<meta name=\"twitter:site\" content=\"@webdo_tn\" \/>\n<meta name=\"twitter:label1\" content=\"\u00c9crit par\" \/>\n\t<meta name=\"twitter:data1\" content=\"Ramzi\" \/>\n\t<meta name=\"twitter:label2\" content=\"Dur\u00e9e de lecture estim\u00e9e\" \/>\n\t<meta name=\"twitter:data2\" content=\"1 minute\" \/>\n<script type=\"application\/ld+json\" class=\"yoast-schema-graph\">{\"@context\":\"https:\\\/\\\/schema.org\",\"@graph\":[{\"@type\":\"NewsArticle\",\"@id\":\"https:\\\/\\\/www.webdo.tn\\\/fr\\\/actualite\\\/national\\\/bons-baisers-de-schengen-2-la-verite-si-je-mens\\\/202199\\\/#article\",\"isPartOf\":{\"@id\":\"https:\\\/\\\/www.webdo.tn\\\/fr\\\/actualite\\\/national\\\/bons-baisers-de-schengen-2-la-verite-si-je-mens\\\/202199\\\/\"},\"author\":{\"name\":\"Ramzi\",\"@id\":\"https:\\\/\\\/www.webdo.tn\\\/fr\\\/#\\\/schema\\\/person\\\/590cb5f81adcfde6385530fdbdf468e2\"},\"headline\":\"Bons baisers de Schengen 2 : la v\u00e9rit\u00e9 si je mens !\",\"datePublished\":\"2023-01-24T13:05:00+00:00\",\"dateModified\":\"2025-05-20T22:58:54+00:00\",\"mainEntityOfPage\":{\"@id\":\"https:\\\/\\\/www.webdo.tn\\\/fr\\\/actualite\\\/national\\\/bons-baisers-de-schengen-2-la-verite-si-je-mens\\\/202199\\\/\"},\"wordCount\":152,\"commentCount\":0,\"publisher\":{\"@id\":\"https:\\\/\\\/www.webdo.tn\\\/fr\\\/#organization\"},\"image\":{\"@id\":\"https:\\\/\\\/www.webdo.tn\\\/fr\\\/actualite\\\/national\\\/bons-baisers-de-schengen-2-la-verite-si-je-mens\\\/202199\\\/#primaryimage\"},\"thumbnailUrl\":\"https:\\\/\\\/www.webdo.tn\\\/fr\\\/wp-content\\\/uploads\\\/2023\\\/01\\\/48af4e5ec8db151fa66f2b7c55188792.jpg\",\"keywords\":[\"belgique\",\"TLScontact\",\"visa Schengen\"],\"articleSection\":[\"National\"],\"inLanguage\":\"fr-FR\"},{\"@type\":\"WebPage\",\"@id\":\"https:\\\/\\\/www.webdo.tn\\\/fr\\\/actualite\\\/national\\\/bons-baisers-de-schengen-2-la-verite-si-je-mens\\\/202199\\\/\",\"url\":\"https:\\\/\\\/www.webdo.tn\\\/fr\\\/actualite\\\/national\\\/bons-baisers-de-schengen-2-la-verite-si-je-mens\\\/202199\\\/\",\"name\":\"Bons baisers de Schengen 2 : la v\u00e9rit\u00e9 si je mens !\",\"isPartOf\":{\"@id\":\"https:\\\/\\\/www.webdo.tn\\\/fr\\\/#website\"},\"primaryImageOfPage\":{\"@id\":\"https:\\\/\\\/www.webdo.tn\\\/fr\\\/actualite\\\/national\\\/bons-baisers-de-schengen-2-la-verite-si-je-mens\\\/202199\\\/#primaryimage\"},\"image\":{\"@id\":\"https:\\\/\\\/www.webdo.tn\\\/fr\\\/actualite\\\/national\\\/bons-baisers-de-schengen-2-la-verite-si-je-mens\\\/202199\\\/#primaryimage\"},\"thumbnailUrl\":\"https:\\\/\\\/www.webdo.tn\\\/fr\\\/wp-content\\\/uploads\\\/2023\\\/01\\\/48af4e5ec8db151fa66f2b7c55188792.jpg\",\"datePublished\":\"2023-01-24T13:05:00+00:00\",\"dateModified\":\"2025-05-20T22:58:54+00:00\",\"description\":\"Notre article relatif aux frais de visa et aux frais de service multipli\u00e9s par deux a fait interagir les internautes et quelques-uns ont m\u00eame dout\u00e9 de la v\u00e9raci...\",\"breadcrumb\":{\"@id\":\"https:\\\/\\\/www.webdo.tn\\\/fr\\\/actualite\\\/national\\\/bons-baisers-de-schengen-2-la-verite-si-je-mens\\\/202199\\\/#breadcrumb\"},\"inLanguage\":\"fr-FR\",\"potentialAction\":[{\"@type\":\"ReadAction\",\"target\":[\"https:\\\/\\\/www.webdo.tn\\\/fr\\\/actualite\\\/national\\\/bons-baisers-de-schengen-2-la-verite-si-je-mens\\\/202199\\\/\"]}]},{\"@type\":\"ImageObject\",\"inLanguage\":\"fr-FR\",\"@id\":\"https:\\\/\\\/www.webdo.tn\\\/fr\\\/actualite\\\/national\\\/bons-baisers-de-schengen-2-la-verite-si-je-mens\\\/202199\\\/#primaryimage\",\"url\":\"https:\\\/\\\/www.webdo.tn\\\/fr\\\/wp-content\\\/uploads\\\/2023\\\/01\\\/48af4e5ec8db151fa66f2b7c55188792.jpg\",\"contentUrl\":\"https:\\\/\\\/www.webdo.tn\\\/fr\\\/wp-content\\\/uploads\\\/2023\\\/01\\\/48af4e5ec8db151fa66f2b7c55188792.jpg\",\"width\":750,\"height\":400,\"caption\":\"Bons baisers de Schengen 2 : la v\u00e9rit\u00e9 si je mens !\"},{\"@type\":\"BreadcrumbList\",\"@id\":\"https:\\\/\\\/www.webdo.tn\\\/fr\\\/actualite\\\/national\\\/bons-baisers-de-schengen-2-la-verite-si-je-mens\\\/202199\\\/#breadcrumb\",\"itemListElement\":[{\"@type\":\"ListItem\",\"position\":1,\"name\":\"Accueil\",\"item\":\"https:\\\/\\\/www.webdo.tn\\\/fr\\\/\"},{\"@type\":\"ListItem\",\"position\":2,\"name\":\"Bons baisers de Schengen 2 : la v\u00e9rit\u00e9 si je mens !\"}]},{\"@type\":\"WebSite\",\"@id\":\"https:\\\/\\\/www.webdo.tn\\\/fr\\\/#website\",\"url\":\"https:\\\/\\\/www.webdo.tn\\\/fr\\\/\",\"name\":\"webdo\",\"description\":\"Tunisie - News en Tunisie et \u00e0 l&#039;international sur Webdo.tn\",\"publisher\":{\"@id\":\"https:\\\/\\\/www.webdo.tn\\\/fr\\\/#organization\"},\"potentialAction\":[{\"@type\":\"SearchAction\",\"target\":{\"@type\":\"EntryPoint\",\"urlTemplate\":\"https:\\\/\\\/www.webdo.tn\\\/fr\\\/?s={search_term_string}\"},\"query-input\":{\"@type\":\"PropertyValueSpecification\",\"valueRequired\":true,\"valueName\":\"search_term_string\"}}],\"inLanguage\":\"fr-FR\"},{\"@type\":\"Organization\",\"@id\":\"https:\\\/\\\/www.webdo.tn\\\/fr\\\/#organization\",\"name\":\"Webdo\",\"alternateName\":\"Webdo.tn\",\"url\":\"https:\\\/\\\/www.webdo.tn\\\/fr\\\/\",\"logo\":{\"@type\":\"ImageObject\",\"inLanguage\":\"fr-FR\",\"@id\":\"https:\\\/\\\/www.webdo.tn\\\/fr\\\/#\\\/schema\\\/logo\\\/image\\\/\",\"url\":\"https:\\\/\\\/www.webdo.tn\\\/fr\\\/wp-content\\\/uploads\\\/2025\\\/06\\\/Webdo-Tunisie_168377.jpg\",\"contentUrl\":\"https:\\\/\\\/www.webdo.tn\\\/fr\\\/wp-content\\\/uploads\\\/2025\\\/06\\\/Webdo-Tunisie_168377.jpg\",\"width\":301,\"height\":301,\"caption\":\"Webdo\"},\"image\":{\"@id\":\"https:\\\/\\\/www.webdo.tn\\\/fr\\\/#\\\/schema\\\/logo\\\/image\\\/\"},\"sameAs\":[\"https:\\\/\\\/www.facebook.com\\\/webdotn\",\"https:\\\/\\\/x.com\\\/webdo_tn\"],\"description\":\"Webdo est un m\u00e9dia num\u00e9rique tunisien fond\u00e9 en 2010, sp\u00e9cialis\u00e9 dans l\u2019actualit\u00e9 nationale et internationale, l\u2019\u00e9conomie, la soci\u00e9t\u00e9 et les analyses politiques. Le site s\u2019adresse \u00e0 un large public francophone et couvre l\u2019information tunisienne en temps r\u00e9el.\",\"email\":\"redac@webdo.tn\",\"legalName\":\"YNJ SARL\",\"foundingDate\":\"2010-09-06\",\"numberOfEmployees\":{\"@type\":\"QuantitativeValue\",\"minValue\":\"11\",\"maxValue\":\"50\"}},{\"@type\":\"Person\",\"@id\":\"https:\\\/\\\/www.webdo.tn\\\/fr\\\/#\\\/schema\\\/person\\\/590cb5f81adcfde6385530fdbdf468e2\",\"name\":\"Ramzi\",\"image\":{\"@type\":\"ImageObject\",\"inLanguage\":\"fr-FR\",\"@id\":\"https:\\\/\\\/secure.gravatar.com\\\/avatar\\\/48df7d18915e10cf866ba8e27604c81ff9243fd52704a1d210c3e387e1cb8d87?s=96&d=mm&r=g\",\"url\":\"https:\\\/\\\/secure.gravatar.com\\\/avatar\\\/48df7d18915e10cf866ba8e27604c81ff9243fd52704a1d210c3e387e1cb8d87?s=96&d=mm&r=g\",\"contentUrl\":\"https:\\\/\\\/secure.gravatar.com\\\/avatar\\\/48df7d18915e10cf866ba8e27604c81ff9243fd52704a1d210c3e387e1cb8d87?s=96&d=mm&r=g\",\"caption\":\"Ramzi\"},\"url\":\"https:\\\/\\\/www.webdo.tn\\\/fr\\\/actualite\\\/author\\\/ramzi\\\/\"}]}<\/script>\n<!-- \/ Yoast SEO Premium plugin. -->","yoast_head_json":{"title":"Bons baisers de Schengen 2 : la v\u00e9rit\u00e9 si je mens !","description":"Notre article relatif aux frais de visa et aux frais de service multipli\u00e9s par deux a fait interagir les internautes et quelques-uns ont m\u00eame dout\u00e9 de la v\u00e9raci...","canonical":"https:\/\/www.webdo.tn\/fr\/actualite\/national\/bons-baisers-de-schengen-2-la-verite-si-je-mens\/202199\/","og_locale":"fr_FR","og_type":"article","og_title":"Bons baisers de Schengen 2 : la v\u00e9rit\u00e9 si je mens !","og_description":"Notre article relatif aux frais de visa et aux frais de service multipli\u00e9s par deux a fait interagir les internautes et quelques-uns ont m\u00eame dout\u00e9 de la v\u00e9raci...","og_url":"https:\/\/www.webdo.tn\/fr\/actualite\/national\/bons-baisers-de-schengen-2-la-verite-si-je-mens\/202199\/","og_site_name":"webdo","article_publisher":"https:\/\/www.facebook.com\/webdotn","article_published_time":"2023-01-24T13:05:00+00:00","article_modified_time":"2025-05-20T22:58:54+00:00","og_image":[{"width":750,"height":400,"url":"https:\/\/www.webdo.tn\/fr\/wp-content\/uploads\/2023\/01\/48af4e5ec8db151fa66f2b7c55188792.jpg","type":"image\/jpeg"}],"author":"Ramzi","twitter_card":"summary_large_image","twitter_creator":"@webdo_tn","twitter_site":"@webdo_tn","twitter_misc":{"\u00c9crit par":"Ramzi","Dur\u00e9e de lecture estim\u00e9e":"1 minute"},"schema":{"@context":"https:\/\/schema.org","@graph":[{"@type":"NewsArticle","@id":"https:\/\/www.webdo.tn\/fr\/actualite\/national\/bons-baisers-de-schengen-2-la-verite-si-je-mens\/202199\/#article","isPartOf":{"@id":"https:\/\/www.webdo.tn\/fr\/actualite\/national\/bons-baisers-de-schengen-2-la-verite-si-je-mens\/202199\/"},"author":{"name":"Ramzi","@id":"https:\/\/www.webdo.tn\/fr\/#\/schema\/person\/590cb5f81adcfde6385530fdbdf468e2"},"headline":"Bons baisers de Schengen 2 : la v\u00e9rit\u00e9 si je mens !","datePublished":"2023-01-24T13:05:00+00:00","dateModified":"2025-05-20T22:58:54+00:00","mainEntityOfPage":{"@id":"https:\/\/www.webdo.tn\/fr\/actualite\/national\/bons-baisers-de-schengen-2-la-verite-si-je-mens\/202199\/"},"wordCount":152,"commentCount":0,"publisher":{"@id":"https:\/\/www.webdo.tn\/fr\/#organization"},"image":{"@id":"https:\/\/www.webdo.tn\/fr\/actualite\/national\/bons-baisers-de-schengen-2-la-verite-si-je-mens\/202199\/#primaryimage"},"thumbnailUrl":"https:\/\/www.webdo.tn\/fr\/wp-content\/uploads\/2023\/01\/48af4e5ec8db151fa66f2b7c55188792.jpg","keywords":["belgique","TLScontact","visa Schengen"],"articleSection":["National"],"inLanguage":"fr-FR"},{"@type":"WebPage","@id":"https:\/\/www.webdo.tn\/fr\/actualite\/national\/bons-baisers-de-schengen-2-la-verite-si-je-mens\/202199\/","url":"https:\/\/www.webdo.tn\/fr\/actualite\/national\/bons-baisers-de-schengen-2-la-verite-si-je-mens\/202199\/","name":"Bons baisers de Schengen 2 : la v\u00e9rit\u00e9 si je mens !","isPartOf":{"@id":"https:\/\/www.webdo.tn\/fr\/#website"},"primaryImageOfPage":{"@id":"https:\/\/www.webdo.tn\/fr\/actualite\/national\/bons-baisers-de-schengen-2-la-verite-si-je-mens\/202199\/#primaryimage"},"image":{"@id":"https:\/\/www.webdo.tn\/fr\/actualite\/national\/bons-baisers-de-schengen-2-la-verite-si-je-mens\/202199\/#primaryimage"},"thumbnailUrl":"https:\/\/www.webdo.tn\/fr\/wp-content\/uploads\/2023\/01\/48af4e5ec8db151fa66f2b7c55188792.jpg","datePublished":"2023-01-24T13:05:00+00:00","dateModified":"2025-05-20T22:58:54+00:00","description":"Notre article relatif aux frais de visa et aux frais de service multipli\u00e9s par deux a fait interagir les internautes et quelques-uns ont m\u00eame dout\u00e9 de la v\u00e9raci...","breadcrumb":{"@id":"https:\/\/www.webdo.tn\/fr\/actualite\/national\/bons-baisers-de-schengen-2-la-verite-si-je-mens\/202199\/#breadcrumb"},"inLanguage":"fr-FR","potentialAction":[{"@type":"ReadAction","target":["https:\/\/www.webdo.tn\/fr\/actualite\/national\/bons-baisers-de-schengen-2-la-verite-si-je-mens\/202199\/"]}]},{"@type":"ImageObject","inLanguage":"fr-FR","@id":"https:\/\/www.webdo.tn\/fr\/actualite\/national\/bons-baisers-de-schengen-2-la-verite-si-je-mens\/202199\/#primaryimage","url":"https:\/\/www.webdo.tn\/fr\/wp-content\/uploads\/2023\/01\/48af4e5ec8db151fa66f2b7c55188792.jpg","contentUrl":"https:\/\/www.webdo.tn\/fr\/wp-content\/uploads\/2023\/01\/48af4e5ec8db151fa66f2b7c55188792.jpg","width":750,"height":400,"caption":"Bons baisers de Schengen 2 : la v\u00e9rit\u00e9 si je mens !"},{"@type":"BreadcrumbList","@id":"https:\/\/www.webdo.tn\/fr\/actualite\/national\/bons-baisers-de-schengen-2-la-verite-si-je-mens\/202199\/#breadcrumb","itemListElement":[{"@type":"ListItem","position":1,"name":"Accueil","item":"https:\/\/www.webdo.tn\/fr\/"},{"@type":"ListItem","position":2,"name":"Bons baisers de Schengen 2 : la v\u00e9rit\u00e9 si je mens !"}]},{"@type":"WebSite","@id":"https:\/\/www.webdo.tn\/fr\/#website","url":"https:\/\/www.webdo.tn\/fr\/","name":"webdo","description":"Tunisie - News en Tunisie et \u00e0 l&#039;international sur Webdo.tn","publisher":{"@id":"https:\/\/www.webdo.tn\/fr\/#organization"},"potentialAction":[{"@type":"SearchAction","target":{"@type":"EntryPoint","urlTemplate":"https:\/\/www.webdo.tn\/fr\/?s={search_term_string}"},"query-input":{"@type":"PropertyValueSpecification","valueRequired":true,"valueName":"search_term_string"}}],"inLanguage":"fr-FR"},{"@type":"Organization","@id":"https:\/\/www.webdo.tn\/fr\/#organization","name":"Webdo","alternateName":"Webdo.tn","url":"https:\/\/www.webdo.tn\/fr\/","logo":{"@type":"ImageObject","inLanguage":"fr-FR","@id":"https:\/\/www.webdo.tn\/fr\/#\/schema\/logo\/image\/","url":"https:\/\/www.webdo.tn\/fr\/wp-content\/uploads\/2025\/06\/Webdo-Tunisie_168377.jpg","contentUrl":"https:\/\/www.webdo.tn\/fr\/wp-content\/uploads\/2025\/06\/Webdo-Tunisie_168377.jpg","width":301,"height":301,"caption":"Webdo"},"image":{"@id":"https:\/\/www.webdo.tn\/fr\/#\/schema\/logo\/image\/"},"sameAs":["https:\/\/www.facebook.com\/webdotn","https:\/\/x.com\/webdo_tn"],"description":"Webdo est un m\u00e9dia num\u00e9rique tunisien fond\u00e9 en 2010, sp\u00e9cialis\u00e9 dans l\u2019actualit\u00e9 nationale et internationale, l\u2019\u00e9conomie, la soci\u00e9t\u00e9 et les analyses politiques. Le site s\u2019adresse \u00e0 un large public francophone et couvre l\u2019information tunisienne en temps r\u00e9el.","email":"redac@webdo.tn","legalName":"YNJ SARL","foundingDate":"2010-09-06","numberOfEmployees":{"@type":"QuantitativeValue","minValue":"11","maxValue":"50"}},{"@type":"Person","@id":"https:\/\/www.webdo.tn\/fr\/#\/schema\/person\/590cb5f81adcfde6385530fdbdf468e2","name":"Ramzi","image":{"@type":"ImageObject","inLanguage":"fr-FR","@id":"https:\/\/secure.gravatar.com\/avatar\/48df7d18915e10cf866ba8e27604c81ff9243fd52704a1d210c3e387e1cb8d87?s=96&d=mm&r=g","url":"https:\/\/secure.gravatar.com\/avatar\/48df7d18915e10cf866ba8e27604c81ff9243fd52704a1d210c3e387e1cb8d87?s=96&d=mm&r=g","contentUrl":"https:\/\/secure.gravatar.com\/avatar\/48df7d18915e10cf866ba8e27604c81ff9243fd52704a1d210c3e387e1cb8d87?s=96&d=mm&r=g","caption":"Ramzi"},"url":"https:\/\/www.webdo.tn\/fr\/actualite\/author\/ramzi\/"}]}},"_links":{"self":[{"href":"https:\/\/www.webdo.tn\/fr\/wp-json\/wp\/v2\/posts\/202199","targetHints":{"allow":["GET"]}}],"collection":[{"href":"https:\/\/www.webdo.tn\/fr\/wp-json\/wp\/v2\/posts"}],"about":[{"href":"https:\/\/www.webdo.tn\/fr\/wp-json\/wp\/v2\/types\/post"}],"author":[{"embeddable":true,"href":"https:\/\/www.webdo.tn\/fr\/wp-json\/wp\/v2\/users\/3188"}],"replies":[{"embeddable":true,"href":"https:\/\/www.webdo.tn\/fr\/wp-json\/wp\/v2\/comments?post=202199"}],"version-history":[{"count":0,"href":"https:\/\/www.webdo.tn\/fr\/wp-json\/wp\/v2\/posts\/202199\/revisions"}],"wp:featuredmedia":[{"embeddable":true,"href":"https:\/\/www.webdo.tn\/fr\/wp-json\/wp\/v2\/media\/252424"}],"wp:attachment":[{"href":"https:\/\/www.webdo.tn\/fr\/wp-json\/wp\/v2\/media?parent=202199"}],"wp:term":[{"taxonomy":"category","embeddable":true,"href":"https:\/\/www.webdo.tn\/fr\/wp-json\/wp\/v2\/categories?post=202199"},{"taxonomy":"post_tag","embeddable":true,"href":"https:\/\/www.webdo.tn\/fr\/wp-json\/wp\/v2\/tags?post=202199"}],"curies":[{"name":"wp","href":"https:\/\/api.w.org\/{rel}","templated":true}]}}