{"id":202197,"date":"2023-01-24T12:46:00","date_gmt":"2023-01-24T12:46:00","guid":{"rendered":"https:\/\/www.webdo.tn\/fr\/blog\/greve-du-transport-nouvelle-seance-de-negociations\/202197\/"},"modified":"2025-05-20T22:03:03","modified_gmt":"2025-05-20T22:03:03","slug":"greve-du-transport-nouvelle-seance-de-negociations","status":"publish","type":"post","link":"https:\/\/www.webdo.tn\/fr\/actualite\/national\/greve-du-transport-nouvelle-seance-de-negociations\/202197\/","title":{"rendered":"Gr\u00e8ve du transport : Nouvelle s\u00e9ance de n\u00e9gociations !"},"content":{"rendered":"<p>La F\u00e9d\u00e9ration g\u00e9n\u00e9rale du transport a \u00e9t\u00e9 invit\u00e9e \u00e0 une s\u00e9ance de n\u00e9gociations avec la partie gouvernementale, ce mardi 24 janvier 2023, au si\u00e8ge du minist\u00e8re des Affaires sociales, pour poursuivre les n\u00e9gociations au sujet des revendications du secteur.<\/p>\n<p>\t\t\t\t\t\t\t\t\tCe nouvel appel \u00e0 n\u00e9gocier intervient apr\u00e8s l&rsquo;\u00e9chec de la r\u00e9union tenue, hier, qui a dur\u00e9 plus de 12 heures, a fait savoir le secr\u00e9taire g\u00e9n\u00e9ral adjoint de l&rsquo;Union g\u00e9n\u00e9rale tunisienne du travail (UGTT), responsable des offices et \u00e9tablissements publics, Slaheddine Selmi.<\/p>\n<p>Il a indiqu\u00e9, lors d\u2019un point de presse, que la partie syndicale pourrait renoncer \u00e0 certaines revendications afin d&rsquo;\u00e9viter la gr\u00e8ve g\u00e9n\u00e9rale sectorielle pr\u00e9vue demain et apr\u00e8s-demain, mercredi 25 et jeudi 26 janvier, dans toutes les soci\u00e9t\u00e9s de transport (a\u00e9rien, maritime et terrestre), rapporte l\u2019agence TAP.<\/p>\n<p>La s\u00e9ance de n\u00e9gociation, qui s\u2019est tenue, hier soir s\u2019est sold\u00e9e par un \u00e9chec. Selon un membre du bureau ex\u00e9cutif de la F\u00e9d\u00e9ration g\u00e9n\u00e9rale du transport les repr\u00e9sentants de la Pr\u00e9sidence du gouvernement et du minist\u00e8re des Finances ont refus\u00e9 de signer le proc\u00e8s-verbal de la s\u00e9ance.<\/p>\n<p>La veille, le secr\u00e9taire g\u00e9n\u00e9ral de la F\u00e9d\u00e9ration du transport relevant de l\u2019Union g\u00e9n\u00e9rale tunisienne du travail (UGTT), avait d\u00e9j\u00e0 fait \u00e9tat d\u2019un blocage avec les autorit\u00e9s, la partie syndicale refusant d\u2019entendre parler de privatisation des entreprises publiques de transport et exigeant le renforcement des flottes des diff\u00e9rentes entreprises.<\/p>\n","protected":false},"excerpt":{"rendered":"<p>La F\u00e9d\u00e9ration g\u00e9n\u00e9rale du transport a \u00e9t\u00e9 invit\u00e9e \u00e0 une s\u00e9ance de n\u00e9gociations avec la partie gouvernementale, ce mardi 24 janvier 2023, au si\u00e8ge du minist\u00e8re d&#8230;<\/p>\n","protected":false},"author":3162,"featured_media":252420,"comment_status":"open","ping_status":"closed","sticky":false,"template":"","format":"standard","meta":{"footnotes":""},"categories":[44],"tags":[2782,8851,2818],"class_list":["post-202197","post","type-post","status-publish","format-standard","has-post-thumbnail","hentry","category-national","tag-greve-generale","tag-negociation","tag-transport"],"yoast_head":"<!-- This site is optimized with the Yoast SEO Premium plugin v27.4 (Yoast SEO v27.5) - https:\/\/yoast.com\/product\/yoast-seo-premium-wordpress\/ -->\n<title>Gr\u00e8ve du transport : Nouvelle s\u00e9ance de n\u00e9gociations !<\/title>\n<meta name=\"description\" content=\"La F\u00e9d\u00e9ration g\u00e9n\u00e9rale du transport a \u00e9t\u00e9 invit\u00e9e \u00e0 une s\u00e9ance de n\u00e9gociations avec la partie gouvernementale, ce mardi 24 janvier 2023, au si\u00e8ge du minist\u00e8re d...\" \/>\n<link rel=\"canonical\" href=\"https:\/\/www.webdo.tn\/fr\/actualite\/national\/greve-du-transport-nouvelle-seance-de-negociations\/202197\/\" \/>\n<meta property=\"og:locale\" content=\"fr_FR\" \/>\n<meta property=\"og:type\" content=\"article\" \/>\n<meta property=\"og:title\" content=\"Gr\u00e8ve du transport : Nouvelle s\u00e9ance de n\u00e9gociations !\" \/>\n<meta property=\"og:description\" content=\"La F\u00e9d\u00e9ration g\u00e9n\u00e9rale du transport a \u00e9t\u00e9 invit\u00e9e \u00e0 une s\u00e9ance de n\u00e9gociations avec la partie gouvernementale, ce mardi 24 janvier 2023, au si\u00e8ge du minist\u00e8re d...\" \/>\n<meta property=\"og:url\" content=\"https:\/\/www.webdo.tn\/fr\/actualite\/national\/greve-du-transport-nouvelle-seance-de-negociations\/202197\/\" \/>\n<meta property=\"og:site_name\" content=\"webdo\" \/>\n<meta property=\"article:publisher\" content=\"https:\/\/www.facebook.com\/webdotn\" \/>\n<meta property=\"article:published_time\" content=\"2023-01-24T12:46:00+00:00\" \/>\n<meta property=\"article:modified_time\" content=\"2025-05-20T22:03:03+00:00\" \/>\n<meta property=\"og:image\" content=\"https:\/\/www.webdo.tn\/fr\/wp-content\/uploads\/2023\/01\/dd1fd3976f30f795877c71bedd8d8f6a.jpg\" \/>\n\t<meta property=\"og:image:width\" content=\"750\" \/>\n\t<meta property=\"og:image:height\" content=\"400\" \/>\n\t<meta property=\"og:image:type\" content=\"image\/jpeg\" \/>\n<meta name=\"author\" content=\"MC\" \/>\n<meta name=\"twitter:card\" content=\"summary_large_image\" \/>\n<meta name=\"twitter:creator\" content=\"@webdo_tn\" \/>\n<meta name=\"twitter:site\" content=\"@webdo_tn\" \/>\n<meta name=\"twitter:label1\" content=\"\u00c9crit par\" \/>\n\t<meta name=\"twitter:data1\" content=\"MC\" \/>\n\t<meta name=\"twitter:label2\" content=\"Dur\u00e9e de lecture estim\u00e9e\" \/>\n\t<meta name=\"twitter:data2\" content=\"1 minute\" \/>\n<script type=\"application\/ld+json\" class=\"yoast-schema-graph\">{\"@context\":\"https:\\\/\\\/schema.org\",\"@graph\":[{\"@type\":\"NewsArticle\",\"@id\":\"https:\\\/\\\/www.webdo.tn\\\/fr\\\/actualite\\\/national\\\/greve-du-transport-nouvelle-seance-de-negociations\\\/202197\\\/#article\",\"isPartOf\":{\"@id\":\"https:\\\/\\\/www.webdo.tn\\\/fr\\\/actualite\\\/national\\\/greve-du-transport-nouvelle-seance-de-negociations\\\/202197\\\/\"},\"author\":{\"name\":\"MC\",\"@id\":\"https:\\\/\\\/www.webdo.tn\\\/fr\\\/#\\\/schema\\\/person\\\/2c4929cbf5a809e3bd38617c6ce150f6\"},\"headline\":\"Gr\u00e8ve du transport : Nouvelle s\u00e9ance de n\u00e9gociations !\",\"datePublished\":\"2023-01-24T12:46:00+00:00\",\"dateModified\":\"2025-05-20T22:03:03+00:00\",\"mainEntityOfPage\":{\"@id\":\"https:\\\/\\\/www.webdo.tn\\\/fr\\\/actualite\\\/national\\\/greve-du-transport-nouvelle-seance-de-negociations\\\/202197\\\/\"},\"wordCount\":284,\"commentCount\":0,\"publisher\":{\"@id\":\"https:\\\/\\\/www.webdo.tn\\\/fr\\\/#organization\"},\"image\":{\"@id\":\"https:\\\/\\\/www.webdo.tn\\\/fr\\\/actualite\\\/national\\\/greve-du-transport-nouvelle-seance-de-negociations\\\/202197\\\/#primaryimage\"},\"thumbnailUrl\":\"https:\\\/\\\/www.webdo.tn\\\/fr\\\/wp-content\\\/uploads\\\/2023\\\/01\\\/dd1fd3976f30f795877c71bedd8d8f6a.jpg\",\"keywords\":[\"Gr\u00e8ve g\u00e9n\u00e9rale\",\"n\u00e9gociation\",\"Transport\"],\"articleSection\":[\"National\"],\"inLanguage\":\"fr-FR\"},{\"@type\":\"WebPage\",\"@id\":\"https:\\\/\\\/www.webdo.tn\\\/fr\\\/actualite\\\/national\\\/greve-du-transport-nouvelle-seance-de-negociations\\\/202197\\\/\",\"url\":\"https:\\\/\\\/www.webdo.tn\\\/fr\\\/actualite\\\/national\\\/greve-du-transport-nouvelle-seance-de-negociations\\\/202197\\\/\",\"name\":\"Gr\u00e8ve du transport : Nouvelle s\u00e9ance de n\u00e9gociations !\",\"isPartOf\":{\"@id\":\"https:\\\/\\\/www.webdo.tn\\\/fr\\\/#website\"},\"primaryImageOfPage\":{\"@id\":\"https:\\\/\\\/www.webdo.tn\\\/fr\\\/actualite\\\/national\\\/greve-du-transport-nouvelle-seance-de-negociations\\\/202197\\\/#primaryimage\"},\"image\":{\"@id\":\"https:\\\/\\\/www.webdo.tn\\\/fr\\\/actualite\\\/national\\\/greve-du-transport-nouvelle-seance-de-negociations\\\/202197\\\/#primaryimage\"},\"thumbnailUrl\":\"https:\\\/\\\/www.webdo.tn\\\/fr\\\/wp-content\\\/uploads\\\/2023\\\/01\\\/dd1fd3976f30f795877c71bedd8d8f6a.jpg\",\"datePublished\":\"2023-01-24T12:46:00+00:00\",\"dateModified\":\"2025-05-20T22:03:03+00:00\",\"description\":\"La F\u00e9d\u00e9ration g\u00e9n\u00e9rale du transport a \u00e9t\u00e9 invit\u00e9e \u00e0 une s\u00e9ance de n\u00e9gociations avec la partie gouvernementale, ce mardi 24 janvier 2023, au si\u00e8ge du minist\u00e8re d...\",\"breadcrumb\":{\"@id\":\"https:\\\/\\\/www.webdo.tn\\\/fr\\\/actualite\\\/national\\\/greve-du-transport-nouvelle-seance-de-negociations\\\/202197\\\/#breadcrumb\"},\"inLanguage\":\"fr-FR\",\"potentialAction\":[{\"@type\":\"ReadAction\",\"target\":[\"https:\\\/\\\/www.webdo.tn\\\/fr\\\/actualite\\\/national\\\/greve-du-transport-nouvelle-seance-de-negociations\\\/202197\\\/\"]}]},{\"@type\":\"ImageObject\",\"inLanguage\":\"fr-FR\",\"@id\":\"https:\\\/\\\/www.webdo.tn\\\/fr\\\/actualite\\\/national\\\/greve-du-transport-nouvelle-seance-de-negociations\\\/202197\\\/#primaryimage\",\"url\":\"https:\\\/\\\/www.webdo.tn\\\/fr\\\/wp-content\\\/uploads\\\/2023\\\/01\\\/dd1fd3976f30f795877c71bedd8d8f6a.jpg\",\"contentUrl\":\"https:\\\/\\\/www.webdo.tn\\\/fr\\\/wp-content\\\/uploads\\\/2023\\\/01\\\/dd1fd3976f30f795877c71bedd8d8f6a.jpg\",\"width\":750,\"height\":400,\"caption\":\"Gr\u00e8ve du transport : Nouvelle s\u00e9ance de n\u00e9gociations !\"},{\"@type\":\"BreadcrumbList\",\"@id\":\"https:\\\/\\\/www.webdo.tn\\\/fr\\\/actualite\\\/national\\\/greve-du-transport-nouvelle-seance-de-negociations\\\/202197\\\/#breadcrumb\",\"itemListElement\":[{\"@type\":\"ListItem\",\"position\":1,\"name\":\"Accueil\",\"item\":\"https:\\\/\\\/www.webdo.tn\\\/fr\\\/\"},{\"@type\":\"ListItem\",\"position\":2,\"name\":\"Gr\u00e8ve du transport : Nouvelle s\u00e9ance de n\u00e9gociations !\"}]},{\"@type\":\"WebSite\",\"@id\":\"https:\\\/\\\/www.webdo.tn\\\/fr\\\/#website\",\"url\":\"https:\\\/\\\/www.webdo.tn\\\/fr\\\/\",\"name\":\"webdo\",\"description\":\"Tunisie - News en Tunisie et \u00e0 l&#039;international sur Webdo.tn\",\"publisher\":{\"@id\":\"https:\\\/\\\/www.webdo.tn\\\/fr\\\/#organization\"},\"potentialAction\":[{\"@type\":\"SearchAction\",\"target\":{\"@type\":\"EntryPoint\",\"urlTemplate\":\"https:\\\/\\\/www.webdo.tn\\\/fr\\\/?s={search_term_string}\"},\"query-input\":{\"@type\":\"PropertyValueSpecification\",\"valueRequired\":true,\"valueName\":\"search_term_string\"}}],\"inLanguage\":\"fr-FR\"},{\"@type\":\"Organization\",\"@id\":\"https:\\\/\\\/www.webdo.tn\\\/fr\\\/#organization\",\"name\":\"Webdo\",\"alternateName\":\"Webdo.tn\",\"url\":\"https:\\\/\\\/www.webdo.tn\\\/fr\\\/\",\"logo\":{\"@type\":\"ImageObject\",\"inLanguage\":\"fr-FR\",\"@id\":\"https:\\\/\\\/www.webdo.tn\\\/fr\\\/#\\\/schema\\\/logo\\\/image\\\/\",\"url\":\"https:\\\/\\\/www.webdo.tn\\\/fr\\\/wp-content\\\/uploads\\\/2025\\\/06\\\/Webdo-Tunisie_168377.jpg\",\"contentUrl\":\"https:\\\/\\\/www.webdo.tn\\\/fr\\\/wp-content\\\/uploads\\\/2025\\\/06\\\/Webdo-Tunisie_168377.jpg\",\"width\":301,\"height\":301,\"caption\":\"Webdo\"},\"image\":{\"@id\":\"https:\\\/\\\/www.webdo.tn\\\/fr\\\/#\\\/schema\\\/logo\\\/image\\\/\"},\"sameAs\":[\"https:\\\/\\\/www.facebook.com\\\/webdotn\",\"https:\\\/\\\/x.com\\\/webdo_tn\"],\"description\":\"Webdo est un m\u00e9dia num\u00e9rique tunisien fond\u00e9 en 2010, sp\u00e9cialis\u00e9 dans l\u2019actualit\u00e9 nationale et internationale, l\u2019\u00e9conomie, la soci\u00e9t\u00e9 et les analyses politiques. Le site s\u2019adresse \u00e0 un large public francophone et couvre l\u2019information tunisienne en temps r\u00e9el.\",\"email\":\"redac@webdo.tn\",\"legalName\":\"YNJ SARL\",\"foundingDate\":\"2010-09-06\",\"numberOfEmployees\":{\"@type\":\"QuantitativeValue\",\"minValue\":\"11\",\"maxValue\":\"50\"}},{\"@type\":\"Person\",\"@id\":\"https:\\\/\\\/www.webdo.tn\\\/fr\\\/#\\\/schema\\\/person\\\/2c4929cbf5a809e3bd38617c6ce150f6\",\"name\":\"MC\",\"image\":{\"@type\":\"ImageObject\",\"inLanguage\":\"fr-FR\",\"@id\":\"https:\\\/\\\/secure.gravatar.com\\\/avatar\\\/a545bbb6f84efdd5553dbbc2895e3ca8f1d12c5215e00a041c9670b54aa9b18a?s=96&d=mm&r=g\",\"url\":\"https:\\\/\\\/secure.gravatar.com\\\/avatar\\\/a545bbb6f84efdd5553dbbc2895e3ca8f1d12c5215e00a041c9670b54aa9b18a?s=96&d=mm&r=g\",\"contentUrl\":\"https:\\\/\\\/secure.gravatar.com\\\/avatar\\\/a545bbb6f84efdd5553dbbc2895e3ca8f1d12c5215e00a041c9670b54aa9b18a?s=96&d=mm&r=g\",\"caption\":\"MC\"},\"url\":\"https:\\\/\\\/www.webdo.tn\\\/fr\\\/actualite\\\/author\\\/mc\\\/\"}]}<\/script>\n<!-- \/ Yoast SEO Premium plugin. -->","yoast_head_json":{"title":"Gr\u00e8ve du transport : Nouvelle s\u00e9ance de n\u00e9gociations !","description":"La F\u00e9d\u00e9ration g\u00e9n\u00e9rale du transport a \u00e9t\u00e9 invit\u00e9e \u00e0 une s\u00e9ance de n\u00e9gociations avec la partie gouvernementale, ce mardi 24 janvier 2023, au si\u00e8ge du minist\u00e8re d...","canonical":"https:\/\/www.webdo.tn\/fr\/actualite\/national\/greve-du-transport-nouvelle-seance-de-negociations\/202197\/","og_locale":"fr_FR","og_type":"article","og_title":"Gr\u00e8ve du transport : Nouvelle s\u00e9ance de n\u00e9gociations !","og_description":"La F\u00e9d\u00e9ration g\u00e9n\u00e9rale du transport a \u00e9t\u00e9 invit\u00e9e \u00e0 une s\u00e9ance de n\u00e9gociations avec la partie gouvernementale, ce mardi 24 janvier 2023, au si\u00e8ge du minist\u00e8re d...","og_url":"https:\/\/www.webdo.tn\/fr\/actualite\/national\/greve-du-transport-nouvelle-seance-de-negociations\/202197\/","og_site_name":"webdo","article_publisher":"https:\/\/www.facebook.com\/webdotn","article_published_time":"2023-01-24T12:46:00+00:00","article_modified_time":"2025-05-20T22:03:03+00:00","og_image":[{"width":750,"height":400,"url":"https:\/\/www.webdo.tn\/fr\/wp-content\/uploads\/2023\/01\/dd1fd3976f30f795877c71bedd8d8f6a.jpg","type":"image\/jpeg"}],"author":"MC","twitter_card":"summary_large_image","twitter_creator":"@webdo_tn","twitter_site":"@webdo_tn","twitter_misc":{"\u00c9crit par":"MC","Dur\u00e9e de lecture estim\u00e9e":"1 minute"},"schema":{"@context":"https:\/\/schema.org","@graph":[{"@type":"NewsArticle","@id":"https:\/\/www.webdo.tn\/fr\/actualite\/national\/greve-du-transport-nouvelle-seance-de-negociations\/202197\/#article","isPartOf":{"@id":"https:\/\/www.webdo.tn\/fr\/actualite\/national\/greve-du-transport-nouvelle-seance-de-negociations\/202197\/"},"author":{"name":"MC","@id":"https:\/\/www.webdo.tn\/fr\/#\/schema\/person\/2c4929cbf5a809e3bd38617c6ce150f6"},"headline":"Gr\u00e8ve du transport : Nouvelle s\u00e9ance de n\u00e9gociations !","datePublished":"2023-01-24T12:46:00+00:00","dateModified":"2025-05-20T22:03:03+00:00","mainEntityOfPage":{"@id":"https:\/\/www.webdo.tn\/fr\/actualite\/national\/greve-du-transport-nouvelle-seance-de-negociations\/202197\/"},"wordCount":284,"commentCount":0,"publisher":{"@id":"https:\/\/www.webdo.tn\/fr\/#organization"},"image":{"@id":"https:\/\/www.webdo.tn\/fr\/actualite\/national\/greve-du-transport-nouvelle-seance-de-negociations\/202197\/#primaryimage"},"thumbnailUrl":"https:\/\/www.webdo.tn\/fr\/wp-content\/uploads\/2023\/01\/dd1fd3976f30f795877c71bedd8d8f6a.jpg","keywords":["Gr\u00e8ve g\u00e9n\u00e9rale","n\u00e9gociation","Transport"],"articleSection":["National"],"inLanguage":"fr-FR"},{"@type":"WebPage","@id":"https:\/\/www.webdo.tn\/fr\/actualite\/national\/greve-du-transport-nouvelle-seance-de-negociations\/202197\/","url":"https:\/\/www.webdo.tn\/fr\/actualite\/national\/greve-du-transport-nouvelle-seance-de-negociations\/202197\/","name":"Gr\u00e8ve du transport : Nouvelle s\u00e9ance de n\u00e9gociations !","isPartOf":{"@id":"https:\/\/www.webdo.tn\/fr\/#website"},"primaryImageOfPage":{"@id":"https:\/\/www.webdo.tn\/fr\/actualite\/national\/greve-du-transport-nouvelle-seance-de-negociations\/202197\/#primaryimage"},"image":{"@id":"https:\/\/www.webdo.tn\/fr\/actualite\/national\/greve-du-transport-nouvelle-seance-de-negociations\/202197\/#primaryimage"},"thumbnailUrl":"https:\/\/www.webdo.tn\/fr\/wp-content\/uploads\/2023\/01\/dd1fd3976f30f795877c71bedd8d8f6a.jpg","datePublished":"2023-01-24T12:46:00+00:00","dateModified":"2025-05-20T22:03:03+00:00","description":"La F\u00e9d\u00e9ration g\u00e9n\u00e9rale du transport a \u00e9t\u00e9 invit\u00e9e \u00e0 une s\u00e9ance de n\u00e9gociations avec la partie gouvernementale, ce mardi 24 janvier 2023, au si\u00e8ge du minist\u00e8re d...","breadcrumb":{"@id":"https:\/\/www.webdo.tn\/fr\/actualite\/national\/greve-du-transport-nouvelle-seance-de-negociations\/202197\/#breadcrumb"},"inLanguage":"fr-FR","potentialAction":[{"@type":"ReadAction","target":["https:\/\/www.webdo.tn\/fr\/actualite\/national\/greve-du-transport-nouvelle-seance-de-negociations\/202197\/"]}]},{"@type":"ImageObject","inLanguage":"fr-FR","@id":"https:\/\/www.webdo.tn\/fr\/actualite\/national\/greve-du-transport-nouvelle-seance-de-negociations\/202197\/#primaryimage","url":"https:\/\/www.webdo.tn\/fr\/wp-content\/uploads\/2023\/01\/dd1fd3976f30f795877c71bedd8d8f6a.jpg","contentUrl":"https:\/\/www.webdo.tn\/fr\/wp-content\/uploads\/2023\/01\/dd1fd3976f30f795877c71bedd8d8f6a.jpg","width":750,"height":400,"caption":"Gr\u00e8ve du transport : Nouvelle s\u00e9ance de n\u00e9gociations !"},{"@type":"BreadcrumbList","@id":"https:\/\/www.webdo.tn\/fr\/actualite\/national\/greve-du-transport-nouvelle-seance-de-negociations\/202197\/#breadcrumb","itemListElement":[{"@type":"ListItem","position":1,"name":"Accueil","item":"https:\/\/www.webdo.tn\/fr\/"},{"@type":"ListItem","position":2,"name":"Gr\u00e8ve du transport : Nouvelle s\u00e9ance de n\u00e9gociations !"}]},{"@type":"WebSite","@id":"https:\/\/www.webdo.tn\/fr\/#website","url":"https:\/\/www.webdo.tn\/fr\/","name":"webdo","description":"Tunisie - News en Tunisie et \u00e0 l&#039;international sur Webdo.tn","publisher":{"@id":"https:\/\/www.webdo.tn\/fr\/#organization"},"potentialAction":[{"@type":"SearchAction","target":{"@type":"EntryPoint","urlTemplate":"https:\/\/www.webdo.tn\/fr\/?s={search_term_string}"},"query-input":{"@type":"PropertyValueSpecification","valueRequired":true,"valueName":"search_term_string"}}],"inLanguage":"fr-FR"},{"@type":"Organization","@id":"https:\/\/www.webdo.tn\/fr\/#organization","name":"Webdo","alternateName":"Webdo.tn","url":"https:\/\/www.webdo.tn\/fr\/","logo":{"@type":"ImageObject","inLanguage":"fr-FR","@id":"https:\/\/www.webdo.tn\/fr\/#\/schema\/logo\/image\/","url":"https:\/\/www.webdo.tn\/fr\/wp-content\/uploads\/2025\/06\/Webdo-Tunisie_168377.jpg","contentUrl":"https:\/\/www.webdo.tn\/fr\/wp-content\/uploads\/2025\/06\/Webdo-Tunisie_168377.jpg","width":301,"height":301,"caption":"Webdo"},"image":{"@id":"https:\/\/www.webdo.tn\/fr\/#\/schema\/logo\/image\/"},"sameAs":["https:\/\/www.facebook.com\/webdotn","https:\/\/x.com\/webdo_tn"],"description":"Webdo est un m\u00e9dia num\u00e9rique tunisien fond\u00e9 en 2010, sp\u00e9cialis\u00e9 dans l\u2019actualit\u00e9 nationale et internationale, l\u2019\u00e9conomie, la soci\u00e9t\u00e9 et les analyses politiques. Le site s\u2019adresse \u00e0 un large public francophone et couvre l\u2019information tunisienne en temps r\u00e9el.","email":"redac@webdo.tn","legalName":"YNJ SARL","foundingDate":"2010-09-06","numberOfEmployees":{"@type":"QuantitativeValue","minValue":"11","maxValue":"50"}},{"@type":"Person","@id":"https:\/\/www.webdo.tn\/fr\/#\/schema\/person\/2c4929cbf5a809e3bd38617c6ce150f6","name":"MC","image":{"@type":"ImageObject","inLanguage":"fr-FR","@id":"https:\/\/secure.gravatar.com\/avatar\/a545bbb6f84efdd5553dbbc2895e3ca8f1d12c5215e00a041c9670b54aa9b18a?s=96&d=mm&r=g","url":"https:\/\/secure.gravatar.com\/avatar\/a545bbb6f84efdd5553dbbc2895e3ca8f1d12c5215e00a041c9670b54aa9b18a?s=96&d=mm&r=g","contentUrl":"https:\/\/secure.gravatar.com\/avatar\/a545bbb6f84efdd5553dbbc2895e3ca8f1d12c5215e00a041c9670b54aa9b18a?s=96&d=mm&r=g","caption":"MC"},"url":"https:\/\/www.webdo.tn\/fr\/actualite\/author\/mc\/"}]}},"_links":{"self":[{"href":"https:\/\/www.webdo.tn\/fr\/wp-json\/wp\/v2\/posts\/202197","targetHints":{"allow":["GET"]}}],"collection":[{"href":"https:\/\/www.webdo.tn\/fr\/wp-json\/wp\/v2\/posts"}],"about":[{"href":"https:\/\/www.webdo.tn\/fr\/wp-json\/wp\/v2\/types\/post"}],"author":[{"embeddable":true,"href":"https:\/\/www.webdo.tn\/fr\/wp-json\/wp\/v2\/users\/3162"}],"replies":[{"embeddable":true,"href":"https:\/\/www.webdo.tn\/fr\/wp-json\/wp\/v2\/comments?post=202197"}],"version-history":[{"count":0,"href":"https:\/\/www.webdo.tn\/fr\/wp-json\/wp\/v2\/posts\/202197\/revisions"}],"wp:featuredmedia":[{"embeddable":true,"href":"https:\/\/www.webdo.tn\/fr\/wp-json\/wp\/v2\/media\/252420"}],"wp:attachment":[{"href":"https:\/\/www.webdo.tn\/fr\/wp-json\/wp\/v2\/media?parent=202197"}],"wp:term":[{"taxonomy":"category","embeddable":true,"href":"https:\/\/www.webdo.tn\/fr\/wp-json\/wp\/v2\/categories?post=202197"},{"taxonomy":"post_tag","embeddable":true,"href":"https:\/\/www.webdo.tn\/fr\/wp-json\/wp\/v2\/tags?post=202197"}],"curies":[{"name":"wp","href":"https:\/\/api.w.org\/{rel}","templated":true}]}}