{"id":202189,"date":"2023-01-24T10:23:00","date_gmt":"2023-01-24T10:23:00","guid":{"rendered":"https:\/\/www.webdo.tn\/fr\/blog\/transport-on-se-dirige-tout-droit-vers-la-greve\/202189\/"},"modified":"2025-05-20T22:03:02","modified_gmt":"2025-05-20T22:03:02","slug":"transport-on-se-dirige-tout-droit-vers-la-greve","status":"publish","type":"post","link":"https:\/\/www.webdo.tn\/fr\/actualite\/national\/transport-on-se-dirige-tout-droit-vers-la-greve\/202189\/","title":{"rendered":"Transport : On se dirige tout droit vers la gr\u00e8ve g\u00e9n\u00e9rale !"},"content":{"rendered":"<p>Le blocage se poursuit quant \u00e0 l\u2019\u00e9ventualit\u00e9 d\u2019annuler la gr\u00e8ve sectorielle dans les transports terrestres, maritimes et a\u00e9riens pr\u00e9vue les 25 et 26 janvier 2023 et ce, apr\u00e8s l&rsquo;\u00e9chec de la s\u00e9ance de n\u00e9gociation.<\/p>\n<p>\t\t\t\t\t\t\t\t\tSelon un membre du bureau ex\u00e9cutif de la F\u00e9d\u00e9ration g\u00e9n\u00e9rale du transport, la gr\u00e8ve g\u00e9n\u00e9rale est en passe d\u2019\u00eatre confirm\u00e9e. Il a annonc\u00e9, ce mardi 24 janvier, sur les ondes de Mosaique fm, que la s\u00e9ance de n\u00e9gociation, tenue, hier soir pendant plus de douze heures, au si\u00e8ge du minist\u00e8re du Transport s\u2019est sold\u00e9e par un \u00e9chec.<\/p>\n<p>Il a r\u00e9v\u00e9l\u00e9 que les repr\u00e9sentants de la Pr\u00e9sidence du gouvernement et du minist\u00e8re des Finances ont refus\u00e9 de signer le proc\u00e8s-verbal de la s\u00e9ance de n\u00e9gociations, confirmant ainsi le blocage.<\/p>\n<p>La veille, le secr\u00e9taire g\u00e9n\u00e9ral de la F\u00e9d\u00e9ration du transport relevant de l\u2019Union g\u00e9n\u00e9rale tunisienne du travail (UGTT), avait d\u00e9j\u00e0 fait \u00e9tat d\u2019un blocage avec les autorit\u00e9s, la partie syndicale refusant d\u2019entendre parler de privatisation des entreprises publiques de transport et exigeant le renforcement des flottes des diff\u00e9rentes entreprises.<\/p>\n","protected":false},"excerpt":{"rendered":"<p>Le blocage se poursuit quant \u00e0 l\u2019\u00e9ventualit\u00e9 d\u2019annuler la gr\u00e8ve sectorielle dans les transports terrestres, maritimes et a\u00e9riens pr\u00e9vue les 25 et 26 janvier 202&#8230;<\/p>\n","protected":false},"author":3162,"featured_media":252410,"comment_status":"open","ping_status":"closed","sticky":false,"template":"","format":"standard","meta":{"footnotes":""},"categories":[44],"tags":[2782,2818],"class_list":["post-202189","post","type-post","status-publish","format-standard","has-post-thumbnail","hentry","category-national","tag-greve-generale","tag-transport"],"yoast_head":"<!-- This site is optimized with the Yoast SEO Premium plugin v27.4 (Yoast SEO v27.5) - https:\/\/yoast.com\/product\/yoast-seo-premium-wordpress\/ -->\n<title>Transport : On se dirige tout droit vers la gr\u00e8ve g\u00e9n\u00e9rale !<\/title>\n<meta name=\"description\" content=\"Le blocage se poursuit quant \u00e0 l\u2019\u00e9ventualit\u00e9 d\u2019annuler la gr\u00e8ve sectorielle dans les transports terrestres, maritimes et a\u00e9riens pr\u00e9vue les 25 et 26 janvier 202...\" \/>\n<link rel=\"canonical\" href=\"https:\/\/www.webdo.tn\/fr\/actualite\/national\/transport-on-se-dirige-tout-droit-vers-la-greve\/202189\/\" \/>\n<meta property=\"og:locale\" content=\"fr_FR\" \/>\n<meta property=\"og:type\" content=\"article\" \/>\n<meta property=\"og:title\" content=\"Transport : On se dirige tout droit vers la gr\u00e8ve g\u00e9n\u00e9rale !\" \/>\n<meta property=\"og:description\" content=\"Le blocage se poursuit quant \u00e0 l\u2019\u00e9ventualit\u00e9 d\u2019annuler la gr\u00e8ve sectorielle dans les transports terrestres, maritimes et a\u00e9riens pr\u00e9vue les 25 et 26 janvier 202...\" \/>\n<meta property=\"og:url\" content=\"https:\/\/www.webdo.tn\/fr\/actualite\/national\/transport-on-se-dirige-tout-droit-vers-la-greve\/202189\/\" \/>\n<meta property=\"og:site_name\" content=\"webdo\" \/>\n<meta property=\"article:publisher\" content=\"https:\/\/www.facebook.com\/webdotn\" \/>\n<meta property=\"article:published_time\" content=\"2023-01-24T10:23:00+00:00\" \/>\n<meta property=\"article:modified_time\" content=\"2025-05-20T22:03:02+00:00\" \/>\n<meta property=\"og:image\" content=\"https:\/\/www.webdo.tn\/fr\/wp-content\/uploads\/2023\/01\/af889330c349f9f70f4b2220579ffaa2.jpg\" \/>\n\t<meta property=\"og:image:width\" content=\"750\" \/>\n\t<meta property=\"og:image:height\" content=\"400\" \/>\n\t<meta property=\"og:image:type\" content=\"image\/jpeg\" \/>\n<meta name=\"author\" content=\"MC\" \/>\n<meta name=\"twitter:card\" content=\"summary_large_image\" \/>\n<meta name=\"twitter:creator\" content=\"@webdo_tn\" \/>\n<meta name=\"twitter:site\" content=\"@webdo_tn\" \/>\n<meta name=\"twitter:label1\" content=\"\u00c9crit par\" \/>\n\t<meta name=\"twitter:data1\" content=\"MC\" \/>\n\t<meta name=\"twitter:label2\" content=\"Dur\u00e9e de lecture estim\u00e9e\" \/>\n\t<meta name=\"twitter:data2\" content=\"1 minute\" \/>\n<script type=\"application\/ld+json\" class=\"yoast-schema-graph\">{\"@context\":\"https:\\\/\\\/schema.org\",\"@graph\":[{\"@type\":\"NewsArticle\",\"@id\":\"https:\\\/\\\/www.webdo.tn\\\/fr\\\/actualite\\\/national\\\/transport-on-se-dirige-tout-droit-vers-la-greve\\\/202189\\\/#article\",\"isPartOf\":{\"@id\":\"https:\\\/\\\/www.webdo.tn\\\/fr\\\/actualite\\\/national\\\/transport-on-se-dirige-tout-droit-vers-la-greve\\\/202189\\\/\"},\"author\":{\"name\":\"MC\",\"@id\":\"https:\\\/\\\/www.webdo.tn\\\/fr\\\/#\\\/schema\\\/person\\\/2c4929cbf5a809e3bd38617c6ce150f6\"},\"headline\":\"Transport : On se dirige tout droit vers la gr\u00e8ve g\u00e9n\u00e9rale !\",\"datePublished\":\"2023-01-24T10:23:00+00:00\",\"dateModified\":\"2025-05-20T22:03:02+00:00\",\"mainEntityOfPage\":{\"@id\":\"https:\\\/\\\/www.webdo.tn\\\/fr\\\/actualite\\\/national\\\/transport-on-se-dirige-tout-droit-vers-la-greve\\\/202189\\\/\"},\"wordCount\":225,\"commentCount\":0,\"publisher\":{\"@id\":\"https:\\\/\\\/www.webdo.tn\\\/fr\\\/#organization\"},\"image\":{\"@id\":\"https:\\\/\\\/www.webdo.tn\\\/fr\\\/actualite\\\/national\\\/transport-on-se-dirige-tout-droit-vers-la-greve\\\/202189\\\/#primaryimage\"},\"thumbnailUrl\":\"https:\\\/\\\/www.webdo.tn\\\/fr\\\/wp-content\\\/uploads\\\/2023\\\/01\\\/af889330c349f9f70f4b2220579ffaa2.jpg\",\"keywords\":[\"Gr\u00e8ve g\u00e9n\u00e9rale\",\"Transport\"],\"articleSection\":[\"National\"],\"inLanguage\":\"fr-FR\"},{\"@type\":\"WebPage\",\"@id\":\"https:\\\/\\\/www.webdo.tn\\\/fr\\\/actualite\\\/national\\\/transport-on-se-dirige-tout-droit-vers-la-greve\\\/202189\\\/\",\"url\":\"https:\\\/\\\/www.webdo.tn\\\/fr\\\/actualite\\\/national\\\/transport-on-se-dirige-tout-droit-vers-la-greve\\\/202189\\\/\",\"name\":\"Transport : On se dirige tout droit vers la gr\u00e8ve g\u00e9n\u00e9rale !\",\"isPartOf\":{\"@id\":\"https:\\\/\\\/www.webdo.tn\\\/fr\\\/#website\"},\"primaryImageOfPage\":{\"@id\":\"https:\\\/\\\/www.webdo.tn\\\/fr\\\/actualite\\\/national\\\/transport-on-se-dirige-tout-droit-vers-la-greve\\\/202189\\\/#primaryimage\"},\"image\":{\"@id\":\"https:\\\/\\\/www.webdo.tn\\\/fr\\\/actualite\\\/national\\\/transport-on-se-dirige-tout-droit-vers-la-greve\\\/202189\\\/#primaryimage\"},\"thumbnailUrl\":\"https:\\\/\\\/www.webdo.tn\\\/fr\\\/wp-content\\\/uploads\\\/2023\\\/01\\\/af889330c349f9f70f4b2220579ffaa2.jpg\",\"datePublished\":\"2023-01-24T10:23:00+00:00\",\"dateModified\":\"2025-05-20T22:03:02+00:00\",\"description\":\"Le blocage se poursuit quant \u00e0 l\u2019\u00e9ventualit\u00e9 d\u2019annuler la gr\u00e8ve sectorielle dans les transports terrestres, maritimes et a\u00e9riens pr\u00e9vue les 25 et 26 janvier 202...\",\"breadcrumb\":{\"@id\":\"https:\\\/\\\/www.webdo.tn\\\/fr\\\/actualite\\\/national\\\/transport-on-se-dirige-tout-droit-vers-la-greve\\\/202189\\\/#breadcrumb\"},\"inLanguage\":\"fr-FR\",\"potentialAction\":[{\"@type\":\"ReadAction\",\"target\":[\"https:\\\/\\\/www.webdo.tn\\\/fr\\\/actualite\\\/national\\\/transport-on-se-dirige-tout-droit-vers-la-greve\\\/202189\\\/\"]}]},{\"@type\":\"ImageObject\",\"inLanguage\":\"fr-FR\",\"@id\":\"https:\\\/\\\/www.webdo.tn\\\/fr\\\/actualite\\\/national\\\/transport-on-se-dirige-tout-droit-vers-la-greve\\\/202189\\\/#primaryimage\",\"url\":\"https:\\\/\\\/www.webdo.tn\\\/fr\\\/wp-content\\\/uploads\\\/2023\\\/01\\\/af889330c349f9f70f4b2220579ffaa2.jpg\",\"contentUrl\":\"https:\\\/\\\/www.webdo.tn\\\/fr\\\/wp-content\\\/uploads\\\/2023\\\/01\\\/af889330c349f9f70f4b2220579ffaa2.jpg\",\"width\":750,\"height\":400,\"caption\":\"Transport : On se dirige tout droit vers la gr\u00e8ve g\u00e9n\u00e9rale !\"},{\"@type\":\"BreadcrumbList\",\"@id\":\"https:\\\/\\\/www.webdo.tn\\\/fr\\\/actualite\\\/national\\\/transport-on-se-dirige-tout-droit-vers-la-greve\\\/202189\\\/#breadcrumb\",\"itemListElement\":[{\"@type\":\"ListItem\",\"position\":1,\"name\":\"Accueil\",\"item\":\"https:\\\/\\\/www.webdo.tn\\\/fr\\\/\"},{\"@type\":\"ListItem\",\"position\":2,\"name\":\"Transport : On se dirige tout droit vers la gr\u00e8ve g\u00e9n\u00e9rale !\"}]},{\"@type\":\"WebSite\",\"@id\":\"https:\\\/\\\/www.webdo.tn\\\/fr\\\/#website\",\"url\":\"https:\\\/\\\/www.webdo.tn\\\/fr\\\/\",\"name\":\"webdo\",\"description\":\"Tunisie - News en Tunisie et \u00e0 l&#039;international sur Webdo.tn\",\"publisher\":{\"@id\":\"https:\\\/\\\/www.webdo.tn\\\/fr\\\/#organization\"},\"potentialAction\":[{\"@type\":\"SearchAction\",\"target\":{\"@type\":\"EntryPoint\",\"urlTemplate\":\"https:\\\/\\\/www.webdo.tn\\\/fr\\\/?s={search_term_string}\"},\"query-input\":{\"@type\":\"PropertyValueSpecification\",\"valueRequired\":true,\"valueName\":\"search_term_string\"}}],\"inLanguage\":\"fr-FR\"},{\"@type\":\"Organization\",\"@id\":\"https:\\\/\\\/www.webdo.tn\\\/fr\\\/#organization\",\"name\":\"Webdo\",\"alternateName\":\"Webdo.tn\",\"url\":\"https:\\\/\\\/www.webdo.tn\\\/fr\\\/\",\"logo\":{\"@type\":\"ImageObject\",\"inLanguage\":\"fr-FR\",\"@id\":\"https:\\\/\\\/www.webdo.tn\\\/fr\\\/#\\\/schema\\\/logo\\\/image\\\/\",\"url\":\"https:\\\/\\\/www.webdo.tn\\\/fr\\\/wp-content\\\/uploads\\\/2025\\\/06\\\/Webdo-Tunisie_168377.jpg\",\"contentUrl\":\"https:\\\/\\\/www.webdo.tn\\\/fr\\\/wp-content\\\/uploads\\\/2025\\\/06\\\/Webdo-Tunisie_168377.jpg\",\"width\":301,\"height\":301,\"caption\":\"Webdo\"},\"image\":{\"@id\":\"https:\\\/\\\/www.webdo.tn\\\/fr\\\/#\\\/schema\\\/logo\\\/image\\\/\"},\"sameAs\":[\"https:\\\/\\\/www.facebook.com\\\/webdotn\",\"https:\\\/\\\/x.com\\\/webdo_tn\"],\"description\":\"Webdo est un m\u00e9dia num\u00e9rique tunisien fond\u00e9 en 2010, sp\u00e9cialis\u00e9 dans l\u2019actualit\u00e9 nationale et internationale, l\u2019\u00e9conomie, la soci\u00e9t\u00e9 et les analyses politiques. Le site s\u2019adresse \u00e0 un large public francophone et couvre l\u2019information tunisienne en temps r\u00e9el.\",\"email\":\"redac@webdo.tn\",\"legalName\":\"YNJ SARL\",\"foundingDate\":\"2010-09-06\",\"numberOfEmployees\":{\"@type\":\"QuantitativeValue\",\"minValue\":\"11\",\"maxValue\":\"50\"}},{\"@type\":\"Person\",\"@id\":\"https:\\\/\\\/www.webdo.tn\\\/fr\\\/#\\\/schema\\\/person\\\/2c4929cbf5a809e3bd38617c6ce150f6\",\"name\":\"MC\",\"image\":{\"@type\":\"ImageObject\",\"inLanguage\":\"fr-FR\",\"@id\":\"https:\\\/\\\/secure.gravatar.com\\\/avatar\\\/a545bbb6f84efdd5553dbbc2895e3ca8f1d12c5215e00a041c9670b54aa9b18a?s=96&d=mm&r=g\",\"url\":\"https:\\\/\\\/secure.gravatar.com\\\/avatar\\\/a545bbb6f84efdd5553dbbc2895e3ca8f1d12c5215e00a041c9670b54aa9b18a?s=96&d=mm&r=g\",\"contentUrl\":\"https:\\\/\\\/secure.gravatar.com\\\/avatar\\\/a545bbb6f84efdd5553dbbc2895e3ca8f1d12c5215e00a041c9670b54aa9b18a?s=96&d=mm&r=g\",\"caption\":\"MC\"},\"url\":\"https:\\\/\\\/www.webdo.tn\\\/fr\\\/actualite\\\/author\\\/mc\\\/\"}]}<\/script>\n<!-- \/ Yoast SEO Premium plugin. -->","yoast_head_json":{"title":"Transport : On se dirige tout droit vers la gr\u00e8ve g\u00e9n\u00e9rale !","description":"Le blocage se poursuit quant \u00e0 l\u2019\u00e9ventualit\u00e9 d\u2019annuler la gr\u00e8ve sectorielle dans les transports terrestres, maritimes et a\u00e9riens pr\u00e9vue les 25 et 26 janvier 202...","canonical":"https:\/\/www.webdo.tn\/fr\/actualite\/national\/transport-on-se-dirige-tout-droit-vers-la-greve\/202189\/","og_locale":"fr_FR","og_type":"article","og_title":"Transport : On se dirige tout droit vers la gr\u00e8ve g\u00e9n\u00e9rale !","og_description":"Le blocage se poursuit quant \u00e0 l\u2019\u00e9ventualit\u00e9 d\u2019annuler la gr\u00e8ve sectorielle dans les transports terrestres, maritimes et a\u00e9riens pr\u00e9vue les 25 et 26 janvier 202...","og_url":"https:\/\/www.webdo.tn\/fr\/actualite\/national\/transport-on-se-dirige-tout-droit-vers-la-greve\/202189\/","og_site_name":"webdo","article_publisher":"https:\/\/www.facebook.com\/webdotn","article_published_time":"2023-01-24T10:23:00+00:00","article_modified_time":"2025-05-20T22:03:02+00:00","og_image":[{"width":750,"height":400,"url":"https:\/\/www.webdo.tn\/fr\/wp-content\/uploads\/2023\/01\/af889330c349f9f70f4b2220579ffaa2.jpg","type":"image\/jpeg"}],"author":"MC","twitter_card":"summary_large_image","twitter_creator":"@webdo_tn","twitter_site":"@webdo_tn","twitter_misc":{"\u00c9crit par":"MC","Dur\u00e9e de lecture estim\u00e9e":"1 minute"},"schema":{"@context":"https:\/\/schema.org","@graph":[{"@type":"NewsArticle","@id":"https:\/\/www.webdo.tn\/fr\/actualite\/national\/transport-on-se-dirige-tout-droit-vers-la-greve\/202189\/#article","isPartOf":{"@id":"https:\/\/www.webdo.tn\/fr\/actualite\/national\/transport-on-se-dirige-tout-droit-vers-la-greve\/202189\/"},"author":{"name":"MC","@id":"https:\/\/www.webdo.tn\/fr\/#\/schema\/person\/2c4929cbf5a809e3bd38617c6ce150f6"},"headline":"Transport : On se dirige tout droit vers la gr\u00e8ve g\u00e9n\u00e9rale !","datePublished":"2023-01-24T10:23:00+00:00","dateModified":"2025-05-20T22:03:02+00:00","mainEntityOfPage":{"@id":"https:\/\/www.webdo.tn\/fr\/actualite\/national\/transport-on-se-dirige-tout-droit-vers-la-greve\/202189\/"},"wordCount":225,"commentCount":0,"publisher":{"@id":"https:\/\/www.webdo.tn\/fr\/#organization"},"image":{"@id":"https:\/\/www.webdo.tn\/fr\/actualite\/national\/transport-on-se-dirige-tout-droit-vers-la-greve\/202189\/#primaryimage"},"thumbnailUrl":"https:\/\/www.webdo.tn\/fr\/wp-content\/uploads\/2023\/01\/af889330c349f9f70f4b2220579ffaa2.jpg","keywords":["Gr\u00e8ve g\u00e9n\u00e9rale","Transport"],"articleSection":["National"],"inLanguage":"fr-FR"},{"@type":"WebPage","@id":"https:\/\/www.webdo.tn\/fr\/actualite\/national\/transport-on-se-dirige-tout-droit-vers-la-greve\/202189\/","url":"https:\/\/www.webdo.tn\/fr\/actualite\/national\/transport-on-se-dirige-tout-droit-vers-la-greve\/202189\/","name":"Transport : On se dirige tout droit vers la gr\u00e8ve g\u00e9n\u00e9rale !","isPartOf":{"@id":"https:\/\/www.webdo.tn\/fr\/#website"},"primaryImageOfPage":{"@id":"https:\/\/www.webdo.tn\/fr\/actualite\/national\/transport-on-se-dirige-tout-droit-vers-la-greve\/202189\/#primaryimage"},"image":{"@id":"https:\/\/www.webdo.tn\/fr\/actualite\/national\/transport-on-se-dirige-tout-droit-vers-la-greve\/202189\/#primaryimage"},"thumbnailUrl":"https:\/\/www.webdo.tn\/fr\/wp-content\/uploads\/2023\/01\/af889330c349f9f70f4b2220579ffaa2.jpg","datePublished":"2023-01-24T10:23:00+00:00","dateModified":"2025-05-20T22:03:02+00:00","description":"Le blocage se poursuit quant \u00e0 l\u2019\u00e9ventualit\u00e9 d\u2019annuler la gr\u00e8ve sectorielle dans les transports terrestres, maritimes et a\u00e9riens pr\u00e9vue les 25 et 26 janvier 202...","breadcrumb":{"@id":"https:\/\/www.webdo.tn\/fr\/actualite\/national\/transport-on-se-dirige-tout-droit-vers-la-greve\/202189\/#breadcrumb"},"inLanguage":"fr-FR","potentialAction":[{"@type":"ReadAction","target":["https:\/\/www.webdo.tn\/fr\/actualite\/national\/transport-on-se-dirige-tout-droit-vers-la-greve\/202189\/"]}]},{"@type":"ImageObject","inLanguage":"fr-FR","@id":"https:\/\/www.webdo.tn\/fr\/actualite\/national\/transport-on-se-dirige-tout-droit-vers-la-greve\/202189\/#primaryimage","url":"https:\/\/www.webdo.tn\/fr\/wp-content\/uploads\/2023\/01\/af889330c349f9f70f4b2220579ffaa2.jpg","contentUrl":"https:\/\/www.webdo.tn\/fr\/wp-content\/uploads\/2023\/01\/af889330c349f9f70f4b2220579ffaa2.jpg","width":750,"height":400,"caption":"Transport : On se dirige tout droit vers la gr\u00e8ve g\u00e9n\u00e9rale !"},{"@type":"BreadcrumbList","@id":"https:\/\/www.webdo.tn\/fr\/actualite\/national\/transport-on-se-dirige-tout-droit-vers-la-greve\/202189\/#breadcrumb","itemListElement":[{"@type":"ListItem","position":1,"name":"Accueil","item":"https:\/\/www.webdo.tn\/fr\/"},{"@type":"ListItem","position":2,"name":"Transport : On se dirige tout droit vers la gr\u00e8ve g\u00e9n\u00e9rale !"}]},{"@type":"WebSite","@id":"https:\/\/www.webdo.tn\/fr\/#website","url":"https:\/\/www.webdo.tn\/fr\/","name":"webdo","description":"Tunisie - News en Tunisie et \u00e0 l&#039;international sur Webdo.tn","publisher":{"@id":"https:\/\/www.webdo.tn\/fr\/#organization"},"potentialAction":[{"@type":"SearchAction","target":{"@type":"EntryPoint","urlTemplate":"https:\/\/www.webdo.tn\/fr\/?s={search_term_string}"},"query-input":{"@type":"PropertyValueSpecification","valueRequired":true,"valueName":"search_term_string"}}],"inLanguage":"fr-FR"},{"@type":"Organization","@id":"https:\/\/www.webdo.tn\/fr\/#organization","name":"Webdo","alternateName":"Webdo.tn","url":"https:\/\/www.webdo.tn\/fr\/","logo":{"@type":"ImageObject","inLanguage":"fr-FR","@id":"https:\/\/www.webdo.tn\/fr\/#\/schema\/logo\/image\/","url":"https:\/\/www.webdo.tn\/fr\/wp-content\/uploads\/2025\/06\/Webdo-Tunisie_168377.jpg","contentUrl":"https:\/\/www.webdo.tn\/fr\/wp-content\/uploads\/2025\/06\/Webdo-Tunisie_168377.jpg","width":301,"height":301,"caption":"Webdo"},"image":{"@id":"https:\/\/www.webdo.tn\/fr\/#\/schema\/logo\/image\/"},"sameAs":["https:\/\/www.facebook.com\/webdotn","https:\/\/x.com\/webdo_tn"],"description":"Webdo est un m\u00e9dia num\u00e9rique tunisien fond\u00e9 en 2010, sp\u00e9cialis\u00e9 dans l\u2019actualit\u00e9 nationale et internationale, l\u2019\u00e9conomie, la soci\u00e9t\u00e9 et les analyses politiques. Le site s\u2019adresse \u00e0 un large public francophone et couvre l\u2019information tunisienne en temps r\u00e9el.","email":"redac@webdo.tn","legalName":"YNJ SARL","foundingDate":"2010-09-06","numberOfEmployees":{"@type":"QuantitativeValue","minValue":"11","maxValue":"50"}},{"@type":"Person","@id":"https:\/\/www.webdo.tn\/fr\/#\/schema\/person\/2c4929cbf5a809e3bd38617c6ce150f6","name":"MC","image":{"@type":"ImageObject","inLanguage":"fr-FR","@id":"https:\/\/secure.gravatar.com\/avatar\/a545bbb6f84efdd5553dbbc2895e3ca8f1d12c5215e00a041c9670b54aa9b18a?s=96&d=mm&r=g","url":"https:\/\/secure.gravatar.com\/avatar\/a545bbb6f84efdd5553dbbc2895e3ca8f1d12c5215e00a041c9670b54aa9b18a?s=96&d=mm&r=g","contentUrl":"https:\/\/secure.gravatar.com\/avatar\/a545bbb6f84efdd5553dbbc2895e3ca8f1d12c5215e00a041c9670b54aa9b18a?s=96&d=mm&r=g","caption":"MC"},"url":"https:\/\/www.webdo.tn\/fr\/actualite\/author\/mc\/"}]}},"_links":{"self":[{"href":"https:\/\/www.webdo.tn\/fr\/wp-json\/wp\/v2\/posts\/202189","targetHints":{"allow":["GET"]}}],"collection":[{"href":"https:\/\/www.webdo.tn\/fr\/wp-json\/wp\/v2\/posts"}],"about":[{"href":"https:\/\/www.webdo.tn\/fr\/wp-json\/wp\/v2\/types\/post"}],"author":[{"embeddable":true,"href":"https:\/\/www.webdo.tn\/fr\/wp-json\/wp\/v2\/users\/3162"}],"replies":[{"embeddable":true,"href":"https:\/\/www.webdo.tn\/fr\/wp-json\/wp\/v2\/comments?post=202189"}],"version-history":[{"count":0,"href":"https:\/\/www.webdo.tn\/fr\/wp-json\/wp\/v2\/posts\/202189\/revisions"}],"wp:featuredmedia":[{"embeddable":true,"href":"https:\/\/www.webdo.tn\/fr\/wp-json\/wp\/v2\/media\/252410"}],"wp:attachment":[{"href":"https:\/\/www.webdo.tn\/fr\/wp-json\/wp\/v2\/media?parent=202189"}],"wp:term":[{"taxonomy":"category","embeddable":true,"href":"https:\/\/www.webdo.tn\/fr\/wp-json\/wp\/v2\/categories?post=202189"},{"taxonomy":"post_tag","embeddable":true,"href":"https:\/\/www.webdo.tn\/fr\/wp-json\/wp\/v2\/tags?post=202189"}],"curies":[{"name":"wp","href":"https:\/\/api.w.org\/{rel}","templated":true}]}}