{"id":202186,"date":"2023-01-24T09:38:00","date_gmt":"2023-01-24T09:38:00","guid":{"rendered":"https:\/\/www.webdo.tn\/fr\/blog\/affaire-de-l-aeroport-le-rappel-a-l-ordre-de-la-justice-militaire\/202186\/"},"modified":"2025-05-20T22:45:52","modified_gmt":"2025-05-20T22:45:52","slug":"affaire-de-l-aeroport-le-rappel-a-l-ordre-de-la-justice-militaire","status":"publish","type":"post","link":"https:\/\/www.webdo.tn\/fr\/actualite\/national\/affaire-de-l-aeroport-le-rappel-a-l-ordre-de-la-justice-militaire\/202186\/","title":{"rendered":"Affaire de l\u2019a\u00e9roport : Le rappel \u00e0 l\u2019ordre de la justice militaire"},"content":{"rendered":"<p>Les jugements annonc\u00e9s par la justice militaire dans l\u2019affaire de l\u2019a\u00e9roport font couler beaucoup d\u2019encre.<\/p>\n<p>Le parquet g\u00e9n\u00e9ral pr\u00e8s la direction de la justice militaire a appel\u00e9 au devoir de se plier aux jugements rendus dans l&rsquo;affaire dite de l&rsquo;a\u00e9roport et \u00e0 se conformer \u00e0 la supr\u00e9matie de la loi et \u00e0 la n\u00e9cessit\u00e9 de mettre la justice militaire \u00e0 l&rsquo;\u00e9cart de \u00a0\u00bb toute forme de tiraillement \u00ab\u00a0.<\/p>\n<p>Dans un communiqu\u00e9 publi\u00e9, lundi, sur fond de l&rsquo;affaire dite de l&rsquo;a\u00e9roport, le parquet g\u00e9n\u00e9ral a soulign\u00e9 que toute personne justifiant d&rsquo;un int\u00e9r\u00eat dans ce proc\u00e8s a le droit, le plein droit de contester les jugements rendus par voie de recours de la justice militaire.<\/p>\n<p>Ces jugements rendus par la chambre correctionnelle dans cette affaire et qui vont de l&#8217;emprisonnement \u00e0 la privation de l&rsquo;exercice d&rsquo;une profession ne sont nullement contraires aux dispositions de la loi, a fait savoir le parquet g\u00e9n\u00e9ral, en r\u00e9action aux informations relay\u00e9es par certains m\u00e9dias et r\u00e9seaux sociaux.<\/p>\n<p>Evoquant le cas de l&rsquo;avocat Mehdi Zaghrouba, d\u00e9sormais priv\u00e9 selon le jugement du tribunal, de l&rsquo;exercice de la profession d&rsquo;avocat pendant 5 ans, le parquet g\u00e9n\u00e9ral pr\u00e9cise que cette sanction est une \u00a0\u00bb peine compl\u00e9mentaire \u00a0\u00bb pr\u00e9vue par le code p\u00e9nal sans pr\u00e9judice des mesures disciplinaires prononc\u00e9es par les structures professionnelles r\u00e9gissant la profession d&rsquo;avocat.<\/p>\n<p>La chambre correctionnelle pr\u00e8s la cour d&rsquo;appel militaire a condamn\u00e9 l&rsquo;avocat Mehdi Zaqrouba \u00e0 11 mois de prison avec ex\u00e9cution imm\u00e9diate.<\/p>\n<p>Une peine assortie de l&rsquo;interdiction d&rsquo;exercer la profession d&rsquo;avocat pendant une dur\u00e9e de cinq ans.<\/p>\n","protected":false},"excerpt":{"rendered":"<p>Les jugements annonc\u00e9s par la justice militaire dans l\u2019affaire de l\u2019a\u00e9roport font couler beaucoup d\u2019encre.<\/p>\n","protected":false},"author":3175,"featured_media":252404,"comment_status":"open","ping_status":"closed","sticky":false,"template":"","format":"standard","meta":{"footnotes":""},"categories":[44],"tags":[8823,3859,2608],"class_list":["post-202186","post","type-post","status-publish","format-standard","has-post-thumbnail","hentry","category-national","tag-affaire-de-laeroport","tag-justice-militaire","tag-tunisie"],"yoast_head":"<!-- This site is optimized with the Yoast SEO Premium plugin v27.5 (Yoast SEO v27.5) - https:\/\/yoast.com\/product\/yoast-seo-premium-wordpress\/ -->\n<title>Affaire de l\u2019a\u00e9roport : Le rappel \u00e0 l\u2019ordre de la justice militaire<\/title>\n<meta name=\"description\" content=\"Les jugements annonc\u00e9s par la justice militaire dans l\u2019affaire de l\u2019a\u00e9roport font couler beaucoup d\u2019encre.\" \/>\n<link rel=\"canonical\" href=\"https:\/\/www.webdo.tn\/fr\/actualite\/national\/affaire-de-l-aeroport-le-rappel-a-l-ordre-de-la-justice-militaire\/202186\/\" \/>\n<meta property=\"og:locale\" content=\"fr_FR\" \/>\n<meta property=\"og:type\" content=\"article\" \/>\n<meta property=\"og:title\" content=\"Affaire de l\u2019a\u00e9roport : Le rappel \u00e0 l\u2019ordre de la justice militaire\" \/>\n<meta property=\"og:description\" content=\"Les jugements annonc\u00e9s par la justice militaire dans l\u2019affaire de l\u2019a\u00e9roport font couler beaucoup d\u2019encre.\" \/>\n<meta property=\"og:url\" content=\"https:\/\/www.webdo.tn\/fr\/actualite\/national\/affaire-de-l-aeroport-le-rappel-a-l-ordre-de-la-justice-militaire\/202186\/\" \/>\n<meta property=\"og:site_name\" content=\"webdo\" \/>\n<meta property=\"article:publisher\" content=\"https:\/\/www.facebook.com\/webdotn\" \/>\n<meta property=\"article:published_time\" content=\"2023-01-24T09:38:00+00:00\" \/>\n<meta property=\"article:modified_time\" content=\"2025-05-20T22:45:52+00:00\" \/>\n<meta property=\"og:image\" content=\"https:\/\/www.webdo.tn\/fr\/wp-content\/uploads\/2023\/01\/47110ecdde3ef5fab6fc08792a99d9e9.jpg\" \/>\n\t<meta property=\"og:image:width\" content=\"512\" \/>\n\t<meta property=\"og:image:height\" content=\"273\" \/>\n\t<meta property=\"og:image:type\" content=\"image\/jpeg\" \/>\n<meta name=\"author\" content=\"CL\" \/>\n<meta name=\"twitter:card\" content=\"summary_large_image\" \/>\n<meta name=\"twitter:creator\" content=\"@webdo_tn\" \/>\n<meta name=\"twitter:site\" content=\"@webdo_tn\" \/>\n<meta name=\"twitter:label1\" content=\"\u00c9crit par\" \/>\n\t<meta name=\"twitter:data1\" content=\"CL\" \/>\n\t<meta name=\"twitter:label2\" content=\"Dur\u00e9e de lecture estim\u00e9e\" \/>\n\t<meta name=\"twitter:data2\" content=\"1 minute\" \/>\n<script type=\"application\/ld+json\" class=\"yoast-schema-graph\">{\"@context\":\"https:\\\/\\\/schema.org\",\"@graph\":[{\"@type\":\"NewsArticle\",\"@id\":\"https:\\\/\\\/www.webdo.tn\\\/fr\\\/actualite\\\/national\\\/affaire-de-l-aeroport-le-rappel-a-l-ordre-de-la-justice-militaire\\\/202186\\\/#article\",\"isPartOf\":{\"@id\":\"https:\\\/\\\/www.webdo.tn\\\/fr\\\/actualite\\\/national\\\/affaire-de-l-aeroport-le-rappel-a-l-ordre-de-la-justice-militaire\\\/202186\\\/\"},\"author\":{\"name\":\"CL\",\"@id\":\"https:\\\/\\\/www.webdo.tn\\\/fr\\\/#\\\/schema\\\/person\\\/f35b42a42c5e2511bbd282959d6385cc\"},\"headline\":\"Affaire de l\u2019a\u00e9roport : Le rappel \u00e0 l\u2019ordre de la justice militaire\",\"datePublished\":\"2023-01-24T09:38:00+00:00\",\"dateModified\":\"2025-05-20T22:45:52+00:00\",\"mainEntityOfPage\":{\"@id\":\"https:\\\/\\\/www.webdo.tn\\\/fr\\\/actualite\\\/national\\\/affaire-de-l-aeroport-le-rappel-a-l-ordre-de-la-justice-militaire\\\/202186\\\/\"},\"wordCount\":308,\"commentCount\":0,\"publisher\":{\"@id\":\"https:\\\/\\\/www.webdo.tn\\\/fr\\\/#organization\"},\"image\":{\"@id\":\"https:\\\/\\\/www.webdo.tn\\\/fr\\\/actualite\\\/national\\\/affaire-de-l-aeroport-le-rappel-a-l-ordre-de-la-justice-militaire\\\/202186\\\/#primaryimage\"},\"thumbnailUrl\":\"https:\\\/\\\/www.webdo.tn\\\/fr\\\/wp-content\\\/uploads\\\/2023\\\/01\\\/47110ecdde3ef5fab6fc08792a99d9e9.jpg\",\"keywords\":[\"Affaire de l'aeroport\",\"justice militaire\",\"Tunisie\"],\"articleSection\":[\"National\"],\"inLanguage\":\"fr-FR\"},{\"@type\":\"WebPage\",\"@id\":\"https:\\\/\\\/www.webdo.tn\\\/fr\\\/actualite\\\/national\\\/affaire-de-l-aeroport-le-rappel-a-l-ordre-de-la-justice-militaire\\\/202186\\\/\",\"url\":\"https:\\\/\\\/www.webdo.tn\\\/fr\\\/actualite\\\/national\\\/affaire-de-l-aeroport-le-rappel-a-l-ordre-de-la-justice-militaire\\\/202186\\\/\",\"name\":\"Affaire de l\u2019a\u00e9roport : Le rappel \u00e0 l\u2019ordre de la justice militaire\",\"isPartOf\":{\"@id\":\"https:\\\/\\\/www.webdo.tn\\\/fr\\\/#website\"},\"primaryImageOfPage\":{\"@id\":\"https:\\\/\\\/www.webdo.tn\\\/fr\\\/actualite\\\/national\\\/affaire-de-l-aeroport-le-rappel-a-l-ordre-de-la-justice-militaire\\\/202186\\\/#primaryimage\"},\"image\":{\"@id\":\"https:\\\/\\\/www.webdo.tn\\\/fr\\\/actualite\\\/national\\\/affaire-de-l-aeroport-le-rappel-a-l-ordre-de-la-justice-militaire\\\/202186\\\/#primaryimage\"},\"thumbnailUrl\":\"https:\\\/\\\/www.webdo.tn\\\/fr\\\/wp-content\\\/uploads\\\/2023\\\/01\\\/47110ecdde3ef5fab6fc08792a99d9e9.jpg\",\"datePublished\":\"2023-01-24T09:38:00+00:00\",\"dateModified\":\"2025-05-20T22:45:52+00:00\",\"description\":\"Les jugements annonc\u00e9s par la justice militaire dans l\u2019affaire de l\u2019a\u00e9roport font couler beaucoup d\u2019encre.\",\"breadcrumb\":{\"@id\":\"https:\\\/\\\/www.webdo.tn\\\/fr\\\/actualite\\\/national\\\/affaire-de-l-aeroport-le-rappel-a-l-ordre-de-la-justice-militaire\\\/202186\\\/#breadcrumb\"},\"inLanguage\":\"fr-FR\",\"potentialAction\":[{\"@type\":\"ReadAction\",\"target\":[\"https:\\\/\\\/www.webdo.tn\\\/fr\\\/actualite\\\/national\\\/affaire-de-l-aeroport-le-rappel-a-l-ordre-de-la-justice-militaire\\\/202186\\\/\"]}]},{\"@type\":\"ImageObject\",\"inLanguage\":\"fr-FR\",\"@id\":\"https:\\\/\\\/www.webdo.tn\\\/fr\\\/actualite\\\/national\\\/affaire-de-l-aeroport-le-rappel-a-l-ordre-de-la-justice-militaire\\\/202186\\\/#primaryimage\",\"url\":\"https:\\\/\\\/www.webdo.tn\\\/fr\\\/wp-content\\\/uploads\\\/2023\\\/01\\\/47110ecdde3ef5fab6fc08792a99d9e9.jpg\",\"contentUrl\":\"https:\\\/\\\/www.webdo.tn\\\/fr\\\/wp-content\\\/uploads\\\/2023\\\/01\\\/47110ecdde3ef5fab6fc08792a99d9e9.jpg\",\"width\":512,\"height\":273,\"caption\":\"Seifeddine Makhlouf\"},{\"@type\":\"BreadcrumbList\",\"@id\":\"https:\\\/\\\/www.webdo.tn\\\/fr\\\/actualite\\\/national\\\/affaire-de-l-aeroport-le-rappel-a-l-ordre-de-la-justice-militaire\\\/202186\\\/#breadcrumb\",\"itemListElement\":[{\"@type\":\"ListItem\",\"position\":1,\"name\":\"Accueil\",\"item\":\"https:\\\/\\\/www.webdo.tn\\\/fr\\\/\"},{\"@type\":\"ListItem\",\"position\":2,\"name\":\"Affaire de l\u2019a\u00e9roport : Le rappel \u00e0 l\u2019ordre de la justice militaire\"}]},{\"@type\":\"WebSite\",\"@id\":\"https:\\\/\\\/www.webdo.tn\\\/fr\\\/#website\",\"url\":\"https:\\\/\\\/www.webdo.tn\\\/fr\\\/\",\"name\":\"webdo\",\"description\":\"Tunisie - News en Tunisie et \u00e0 l&#039;international sur Webdo.tn\",\"publisher\":{\"@id\":\"https:\\\/\\\/www.webdo.tn\\\/fr\\\/#organization\"},\"potentialAction\":[{\"@type\":\"SearchAction\",\"target\":{\"@type\":\"EntryPoint\",\"urlTemplate\":\"https:\\\/\\\/www.webdo.tn\\\/fr\\\/?s={search_term_string}\"},\"query-input\":{\"@type\":\"PropertyValueSpecification\",\"valueRequired\":true,\"valueName\":\"search_term_string\"}}],\"inLanguage\":\"fr-FR\"},{\"@type\":\"Organization\",\"@id\":\"https:\\\/\\\/www.webdo.tn\\\/fr\\\/#organization\",\"name\":\"Webdo\",\"alternateName\":\"Webdo.tn\",\"url\":\"https:\\\/\\\/www.webdo.tn\\\/fr\\\/\",\"logo\":{\"@type\":\"ImageObject\",\"inLanguage\":\"fr-FR\",\"@id\":\"https:\\\/\\\/www.webdo.tn\\\/fr\\\/#\\\/schema\\\/logo\\\/image\\\/\",\"url\":\"https:\\\/\\\/www.webdo.tn\\\/fr\\\/wp-content\\\/uploads\\\/2025\\\/06\\\/Webdo-Tunisie_168377.jpg\",\"contentUrl\":\"https:\\\/\\\/www.webdo.tn\\\/fr\\\/wp-content\\\/uploads\\\/2025\\\/06\\\/Webdo-Tunisie_168377.jpg\",\"width\":301,\"height\":301,\"caption\":\"Webdo\"},\"image\":{\"@id\":\"https:\\\/\\\/www.webdo.tn\\\/fr\\\/#\\\/schema\\\/logo\\\/image\\\/\"},\"sameAs\":[\"https:\\\/\\\/www.facebook.com\\\/webdotn\",\"https:\\\/\\\/x.com\\\/webdo_tn\"],\"description\":\"Webdo est un m\u00e9dia num\u00e9rique tunisien fond\u00e9 en 2010, sp\u00e9cialis\u00e9 dans l\u2019actualit\u00e9 nationale et internationale, l\u2019\u00e9conomie, la soci\u00e9t\u00e9 et les analyses politiques. Le site s\u2019adresse \u00e0 un large public francophone et couvre l\u2019information tunisienne en temps r\u00e9el.\",\"email\":\"redac@webdo.tn\",\"legalName\":\"YNJ SARL\",\"foundingDate\":\"2010-09-06\",\"numberOfEmployees\":{\"@type\":\"QuantitativeValue\",\"minValue\":\"11\",\"maxValue\":\"50\"}},{\"@type\":\"Person\",\"@id\":\"https:\\\/\\\/www.webdo.tn\\\/fr\\\/#\\\/schema\\\/person\\\/f35b42a42c5e2511bbd282959d6385cc\",\"name\":\"CL\",\"image\":{\"@type\":\"ImageObject\",\"inLanguage\":\"fr-FR\",\"@id\":\"https:\\\/\\\/secure.gravatar.com\\\/avatar\\\/1447a49909b67aa657c488aec6512e1dd6143a480c1ecfee9b5b5cd74eb3b59e?s=96&d=mm&r=g\",\"url\":\"https:\\\/\\\/secure.gravatar.com\\\/avatar\\\/1447a49909b67aa657c488aec6512e1dd6143a480c1ecfee9b5b5cd74eb3b59e?s=96&d=mm&r=g\",\"contentUrl\":\"https:\\\/\\\/secure.gravatar.com\\\/avatar\\\/1447a49909b67aa657c488aec6512e1dd6143a480c1ecfee9b5b5cd74eb3b59e?s=96&d=mm&r=g\",\"caption\":\"CL\"},\"url\":\"https:\\\/\\\/www.webdo.tn\\\/fr\\\/actualite\\\/author\\\/cl\\\/\"}]}<\/script>\n<!-- \/ Yoast SEO Premium plugin. -->","yoast_head_json":{"title":"Affaire de l\u2019a\u00e9roport : Le rappel \u00e0 l\u2019ordre de la justice militaire","description":"Les jugements annonc\u00e9s par la justice militaire dans l\u2019affaire de l\u2019a\u00e9roport font couler beaucoup d\u2019encre.","canonical":"https:\/\/www.webdo.tn\/fr\/actualite\/national\/affaire-de-l-aeroport-le-rappel-a-l-ordre-de-la-justice-militaire\/202186\/","og_locale":"fr_FR","og_type":"article","og_title":"Affaire de l\u2019a\u00e9roport : Le rappel \u00e0 l\u2019ordre de la justice militaire","og_description":"Les jugements annonc\u00e9s par la justice militaire dans l\u2019affaire de l\u2019a\u00e9roport font couler beaucoup d\u2019encre.","og_url":"https:\/\/www.webdo.tn\/fr\/actualite\/national\/affaire-de-l-aeroport-le-rappel-a-l-ordre-de-la-justice-militaire\/202186\/","og_site_name":"webdo","article_publisher":"https:\/\/www.facebook.com\/webdotn","article_published_time":"2023-01-24T09:38:00+00:00","article_modified_time":"2025-05-20T22:45:52+00:00","og_image":[{"width":512,"height":273,"url":"https:\/\/www.webdo.tn\/fr\/wp-content\/uploads\/2023\/01\/47110ecdde3ef5fab6fc08792a99d9e9.jpg","type":"image\/jpeg"}],"author":"CL","twitter_card":"summary_large_image","twitter_creator":"@webdo_tn","twitter_site":"@webdo_tn","twitter_misc":{"\u00c9crit par":"CL","Dur\u00e9e de lecture estim\u00e9e":"1 minute"},"schema":{"@context":"https:\/\/schema.org","@graph":[{"@type":"NewsArticle","@id":"https:\/\/www.webdo.tn\/fr\/actualite\/national\/affaire-de-l-aeroport-le-rappel-a-l-ordre-de-la-justice-militaire\/202186\/#article","isPartOf":{"@id":"https:\/\/www.webdo.tn\/fr\/actualite\/national\/affaire-de-l-aeroport-le-rappel-a-l-ordre-de-la-justice-militaire\/202186\/"},"author":{"name":"CL","@id":"https:\/\/www.webdo.tn\/fr\/#\/schema\/person\/f35b42a42c5e2511bbd282959d6385cc"},"headline":"Affaire de l\u2019a\u00e9roport : Le rappel \u00e0 l\u2019ordre de la justice militaire","datePublished":"2023-01-24T09:38:00+00:00","dateModified":"2025-05-20T22:45:52+00:00","mainEntityOfPage":{"@id":"https:\/\/www.webdo.tn\/fr\/actualite\/national\/affaire-de-l-aeroport-le-rappel-a-l-ordre-de-la-justice-militaire\/202186\/"},"wordCount":308,"commentCount":0,"publisher":{"@id":"https:\/\/www.webdo.tn\/fr\/#organization"},"image":{"@id":"https:\/\/www.webdo.tn\/fr\/actualite\/national\/affaire-de-l-aeroport-le-rappel-a-l-ordre-de-la-justice-militaire\/202186\/#primaryimage"},"thumbnailUrl":"https:\/\/www.webdo.tn\/fr\/wp-content\/uploads\/2023\/01\/47110ecdde3ef5fab6fc08792a99d9e9.jpg","keywords":["Affaire de l'aeroport","justice militaire","Tunisie"],"articleSection":["National"],"inLanguage":"fr-FR"},{"@type":"WebPage","@id":"https:\/\/www.webdo.tn\/fr\/actualite\/national\/affaire-de-l-aeroport-le-rappel-a-l-ordre-de-la-justice-militaire\/202186\/","url":"https:\/\/www.webdo.tn\/fr\/actualite\/national\/affaire-de-l-aeroport-le-rappel-a-l-ordre-de-la-justice-militaire\/202186\/","name":"Affaire de l\u2019a\u00e9roport : Le rappel \u00e0 l\u2019ordre de la justice militaire","isPartOf":{"@id":"https:\/\/www.webdo.tn\/fr\/#website"},"primaryImageOfPage":{"@id":"https:\/\/www.webdo.tn\/fr\/actualite\/national\/affaire-de-l-aeroport-le-rappel-a-l-ordre-de-la-justice-militaire\/202186\/#primaryimage"},"image":{"@id":"https:\/\/www.webdo.tn\/fr\/actualite\/national\/affaire-de-l-aeroport-le-rappel-a-l-ordre-de-la-justice-militaire\/202186\/#primaryimage"},"thumbnailUrl":"https:\/\/www.webdo.tn\/fr\/wp-content\/uploads\/2023\/01\/47110ecdde3ef5fab6fc08792a99d9e9.jpg","datePublished":"2023-01-24T09:38:00+00:00","dateModified":"2025-05-20T22:45:52+00:00","description":"Les jugements annonc\u00e9s par la justice militaire dans l\u2019affaire de l\u2019a\u00e9roport font couler beaucoup d\u2019encre.","breadcrumb":{"@id":"https:\/\/www.webdo.tn\/fr\/actualite\/national\/affaire-de-l-aeroport-le-rappel-a-l-ordre-de-la-justice-militaire\/202186\/#breadcrumb"},"inLanguage":"fr-FR","potentialAction":[{"@type":"ReadAction","target":["https:\/\/www.webdo.tn\/fr\/actualite\/national\/affaire-de-l-aeroport-le-rappel-a-l-ordre-de-la-justice-militaire\/202186\/"]}]},{"@type":"ImageObject","inLanguage":"fr-FR","@id":"https:\/\/www.webdo.tn\/fr\/actualite\/national\/affaire-de-l-aeroport-le-rappel-a-l-ordre-de-la-justice-militaire\/202186\/#primaryimage","url":"https:\/\/www.webdo.tn\/fr\/wp-content\/uploads\/2023\/01\/47110ecdde3ef5fab6fc08792a99d9e9.jpg","contentUrl":"https:\/\/www.webdo.tn\/fr\/wp-content\/uploads\/2023\/01\/47110ecdde3ef5fab6fc08792a99d9e9.jpg","width":512,"height":273,"caption":"Seifeddine Makhlouf"},{"@type":"BreadcrumbList","@id":"https:\/\/www.webdo.tn\/fr\/actualite\/national\/affaire-de-l-aeroport-le-rappel-a-l-ordre-de-la-justice-militaire\/202186\/#breadcrumb","itemListElement":[{"@type":"ListItem","position":1,"name":"Accueil","item":"https:\/\/www.webdo.tn\/fr\/"},{"@type":"ListItem","position":2,"name":"Affaire de l\u2019a\u00e9roport : Le rappel \u00e0 l\u2019ordre de la justice militaire"}]},{"@type":"WebSite","@id":"https:\/\/www.webdo.tn\/fr\/#website","url":"https:\/\/www.webdo.tn\/fr\/","name":"webdo","description":"Tunisie - News en Tunisie et \u00e0 l&#039;international sur Webdo.tn","publisher":{"@id":"https:\/\/www.webdo.tn\/fr\/#organization"},"potentialAction":[{"@type":"SearchAction","target":{"@type":"EntryPoint","urlTemplate":"https:\/\/www.webdo.tn\/fr\/?s={search_term_string}"},"query-input":{"@type":"PropertyValueSpecification","valueRequired":true,"valueName":"search_term_string"}}],"inLanguage":"fr-FR"},{"@type":"Organization","@id":"https:\/\/www.webdo.tn\/fr\/#organization","name":"Webdo","alternateName":"Webdo.tn","url":"https:\/\/www.webdo.tn\/fr\/","logo":{"@type":"ImageObject","inLanguage":"fr-FR","@id":"https:\/\/www.webdo.tn\/fr\/#\/schema\/logo\/image\/","url":"https:\/\/www.webdo.tn\/fr\/wp-content\/uploads\/2025\/06\/Webdo-Tunisie_168377.jpg","contentUrl":"https:\/\/www.webdo.tn\/fr\/wp-content\/uploads\/2025\/06\/Webdo-Tunisie_168377.jpg","width":301,"height":301,"caption":"Webdo"},"image":{"@id":"https:\/\/www.webdo.tn\/fr\/#\/schema\/logo\/image\/"},"sameAs":["https:\/\/www.facebook.com\/webdotn","https:\/\/x.com\/webdo_tn"],"description":"Webdo est un m\u00e9dia num\u00e9rique tunisien fond\u00e9 en 2010, sp\u00e9cialis\u00e9 dans l\u2019actualit\u00e9 nationale et internationale, l\u2019\u00e9conomie, la soci\u00e9t\u00e9 et les analyses politiques. Le site s\u2019adresse \u00e0 un large public francophone et couvre l\u2019information tunisienne en temps r\u00e9el.","email":"redac@webdo.tn","legalName":"YNJ SARL","foundingDate":"2010-09-06","numberOfEmployees":{"@type":"QuantitativeValue","minValue":"11","maxValue":"50"}},{"@type":"Person","@id":"https:\/\/www.webdo.tn\/fr\/#\/schema\/person\/f35b42a42c5e2511bbd282959d6385cc","name":"CL","image":{"@type":"ImageObject","inLanguage":"fr-FR","@id":"https:\/\/secure.gravatar.com\/avatar\/1447a49909b67aa657c488aec6512e1dd6143a480c1ecfee9b5b5cd74eb3b59e?s=96&d=mm&r=g","url":"https:\/\/secure.gravatar.com\/avatar\/1447a49909b67aa657c488aec6512e1dd6143a480c1ecfee9b5b5cd74eb3b59e?s=96&d=mm&r=g","contentUrl":"https:\/\/secure.gravatar.com\/avatar\/1447a49909b67aa657c488aec6512e1dd6143a480c1ecfee9b5b5cd74eb3b59e?s=96&d=mm&r=g","caption":"CL"},"url":"https:\/\/www.webdo.tn\/fr\/actualite\/author\/cl\/"}]}},"_links":{"self":[{"href":"https:\/\/www.webdo.tn\/fr\/wp-json\/wp\/v2\/posts\/202186","targetHints":{"allow":["GET"]}}],"collection":[{"href":"https:\/\/www.webdo.tn\/fr\/wp-json\/wp\/v2\/posts"}],"about":[{"href":"https:\/\/www.webdo.tn\/fr\/wp-json\/wp\/v2\/types\/post"}],"author":[{"embeddable":true,"href":"https:\/\/www.webdo.tn\/fr\/wp-json\/wp\/v2\/users\/3175"}],"replies":[{"embeddable":true,"href":"https:\/\/www.webdo.tn\/fr\/wp-json\/wp\/v2\/comments?post=202186"}],"version-history":[{"count":0,"href":"https:\/\/www.webdo.tn\/fr\/wp-json\/wp\/v2\/posts\/202186\/revisions"}],"wp:featuredmedia":[{"embeddable":true,"href":"https:\/\/www.webdo.tn\/fr\/wp-json\/wp\/v2\/media\/252404"}],"wp:attachment":[{"href":"https:\/\/www.webdo.tn\/fr\/wp-json\/wp\/v2\/media?parent=202186"}],"wp:term":[{"taxonomy":"category","embeddable":true,"href":"https:\/\/www.webdo.tn\/fr\/wp-json\/wp\/v2\/categories?post=202186"},{"taxonomy":"post_tag","embeddable":true,"href":"https:\/\/www.webdo.tn\/fr\/wp-json\/wp\/v2\/tags?post=202186"}],"curies":[{"name":"wp","href":"https:\/\/api.w.org\/{rel}","templated":true}]}}