{"id":202178,"date":"2023-01-24T07:56:00","date_gmt":"2023-01-24T07:56:00","guid":{"rendered":"https:\/\/www.webdo.tn\/fr\/blog\/la-tunisie-condamne-l-autodafe-d-exemplaires-du-coran-en-suede\/202178\/"},"modified":"2025-05-20T22:48:46","modified_gmt":"2025-05-20T22:48:46","slug":"la-tunisie-condamne-l-autodafe-d-exemplaires-du-coran-en-suede","status":"publish","type":"post","link":"https:\/\/www.webdo.tn\/fr\/actualite\/international\/la-tunisie-condamne-l-autodafe-d-exemplaires-du-coran-en-suede\/202178\/","title":{"rendered":"La Tunisie condamne l&rsquo;autodaf\u00e9 d\u2019exemplaires du Coran en Su\u00e8de"},"content":{"rendered":"<p>La Tunisie a vivement condamn\u00e9 l&rsquo;autodaf\u00e9 de plusieurs exemplaires du saint Coran par des extr\u00e9mistes dans le Royaume de Su\u00e8de, qualifiant cet acte de \u00a0\u00bb provocation criarde\u00a0\u00bb aux sentiments des musulmans du monde entier.<\/p>\n<p>\t\t\t\t\t\t\t\t\tDans un communiqu\u00e9 publi\u00e9, lundi, le d\u00e9partement des Affaires \u00e9trang\u00e8res, a d\u00e9nonc\u00e9 cet autodaf\u00e9, estimant qu&rsquo;il s&rsquo;agit d&rsquo;un \u00a0\u00bb acte odieux \u00a0\u00bb qui n&rsquo;a aucune parent\u00e9 avec l&rsquo;exercice de la libert\u00e9 d&rsquo;expression.<\/p>\n<p>Cet acte constitue une violation manifeste aux principes et valeurs universels communs des droits de l&rsquo;homme, tout comme il est une incitation \u00e0 la violence, \u00e0 la haine et au m\u00e9pris des religions, lit-on dans le m\u00eame communiqu\u00e9.<\/p>\n<p>Et le d\u00e9partement d&rsquo;ajouter que la Tunisie n&rsquo;a de cesse de pr\u00e9venir contre ces graves pratiques \u00a0\u00bb rejet\u00e9es et condamn\u00e9es \u00ab\u00a0, appelant \u00e0 ce titre \u00e0 la n\u00e9cessit\u00e9 de conjuguer les efforts en vue de diffuser les valeurs de tol\u00e9rance et de coexistence entre les religions et du respect de l&rsquo;inviolabilit\u00e9 des lieux saints et des livres sacr\u00e9s des peuples.<\/p>\n","protected":false},"excerpt":{"rendered":"<p>La Tunisie a vivement condamn\u00e9 l&rsquo;autodaf\u00e9 de plusieurs exemplaires du saint Coran par des extr\u00e9mistes dans le Royaume de Su\u00e8de, qualifiant cet acte de   provoca&#8230;<\/p>\n","protected":false},"author":3175,"featured_media":277625,"comment_status":"open","ping_status":"closed","sticky":false,"template":"","format":"standard","meta":{"footnotes":""},"categories":[2598],"tags":[9289,3429,2608],"class_list":["post-202178","post","type-post","status-publish","format-standard","has-post-thumbnail","hentry","category-international","tag-coran","tag-suede","tag-tunisie"],"yoast_head":"<!-- This site is optimized with the Yoast SEO Premium plugin v27.5 (Yoast SEO v27.5) - https:\/\/yoast.com\/product\/yoast-seo-premium-wordpress\/ -->\n<title>La Tunisie condamne l&#039;autodaf\u00e9 d\u2019exemplaires du Coran en Su\u00e8de<\/title>\n<meta name=\"description\" content=\"La Tunisie a vivement condamn\u00e9 l&#039;autodaf\u00e9 de plusieurs exemplaires du saint Coran par des extr\u00e9mistes dans le Royaume de Su\u00e8de, qualifiant cet acte de provoca...\" \/>\n<link rel=\"canonical\" href=\"https:\/\/www.webdo.tn\/fr\/actualite\/international\/la-tunisie-condamne-l-autodafe-d-exemplaires-du-coran-en-suede\/202178\/\" \/>\n<meta property=\"og:locale\" content=\"fr_FR\" \/>\n<meta property=\"og:type\" content=\"article\" \/>\n<meta property=\"og:title\" content=\"La Tunisie condamne l&#039;autodaf\u00e9 d\u2019exemplaires du Coran en Su\u00e8de\" \/>\n<meta property=\"og:description\" content=\"La Tunisie a vivement condamn\u00e9 l&#039;autodaf\u00e9 de plusieurs exemplaires du saint Coran par des extr\u00e9mistes dans le Royaume de Su\u00e8de, qualifiant cet acte de provoca...\" \/>\n<meta property=\"og:url\" content=\"https:\/\/www.webdo.tn\/fr\/actualite\/international\/la-tunisie-condamne-l-autodafe-d-exemplaires-du-coran-en-suede\/202178\/\" \/>\n<meta property=\"og:site_name\" content=\"webdo\" \/>\n<meta property=\"article:publisher\" content=\"https:\/\/www.facebook.com\/webdotn\" \/>\n<meta property=\"article:published_time\" content=\"2023-01-24T07:56:00+00:00\" \/>\n<meta property=\"article:modified_time\" content=\"2025-05-20T22:48:46+00:00\" \/>\n<meta property=\"og:image\" content=\"https:\/\/www.webdo.tn\/fr\/wp-content\/uploads\/2023\/01\/4049e03d8b8598017d5b216182373b33.png\" \/>\n\t<meta property=\"og:image:width\" content=\"750\" \/>\n\t<meta property=\"og:image:height\" content=\"400\" \/>\n\t<meta property=\"og:image:type\" content=\"image\/png\" \/>\n<meta name=\"author\" content=\"CL\" \/>\n<meta name=\"twitter:card\" content=\"summary_large_image\" \/>\n<meta name=\"twitter:creator\" content=\"@webdo_tn\" \/>\n<meta name=\"twitter:site\" content=\"@webdo_tn\" \/>\n<meta name=\"twitter:label1\" content=\"\u00c9crit par\" \/>\n\t<meta name=\"twitter:data1\" content=\"CL\" \/>\n\t<meta name=\"twitter:label2\" content=\"Dur\u00e9e de lecture estim\u00e9e\" \/>\n\t<meta name=\"twitter:data2\" content=\"1 minute\" \/>\n<script type=\"application\/ld+json\" class=\"yoast-schema-graph\">{\"@context\":\"https:\\\/\\\/schema.org\",\"@graph\":[{\"@type\":\"NewsArticle\",\"@id\":\"https:\\\/\\\/www.webdo.tn\\\/fr\\\/actualite\\\/international\\\/la-tunisie-condamne-l-autodafe-d-exemplaires-du-coran-en-suede\\\/202178\\\/#article\",\"isPartOf\":{\"@id\":\"https:\\\/\\\/www.webdo.tn\\\/fr\\\/actualite\\\/international\\\/la-tunisie-condamne-l-autodafe-d-exemplaires-du-coran-en-suede\\\/202178\\\/\"},\"author\":{\"name\":\"CL\",\"@id\":\"https:\\\/\\\/www.webdo.tn\\\/fr\\\/#\\\/schema\\\/person\\\/f35b42a42c5e2511bbd282959d6385cc\"},\"headline\":\"La Tunisie condamne l&rsquo;autodaf\u00e9 d\u2019exemplaires du Coran en Su\u00e8de\",\"datePublished\":\"2023-01-24T07:56:00+00:00\",\"dateModified\":\"2025-05-20T22:48:46+00:00\",\"mainEntityOfPage\":{\"@id\":\"https:\\\/\\\/www.webdo.tn\\\/fr\\\/actualite\\\/international\\\/la-tunisie-condamne-l-autodafe-d-exemplaires-du-coran-en-suede\\\/202178\\\/\"},\"wordCount\":192,\"commentCount\":0,\"publisher\":{\"@id\":\"https:\\\/\\\/www.webdo.tn\\\/fr\\\/#organization\"},\"image\":{\"@id\":\"https:\\\/\\\/www.webdo.tn\\\/fr\\\/actualite\\\/international\\\/la-tunisie-condamne-l-autodafe-d-exemplaires-du-coran-en-suede\\\/202178\\\/#primaryimage\"},\"thumbnailUrl\":\"https:\\\/\\\/www.webdo.tn\\\/fr\\\/wp-content\\\/uploads\\\/2023\\\/01\\\/4049e03d8b8598017d5b216182373b33.png\",\"keywords\":[\"Coran\",\"su\u00e8de\",\"Tunisie\"],\"articleSection\":[\"International\"],\"inLanguage\":\"fr-FR\"},{\"@type\":\"WebPage\",\"@id\":\"https:\\\/\\\/www.webdo.tn\\\/fr\\\/actualite\\\/international\\\/la-tunisie-condamne-l-autodafe-d-exemplaires-du-coran-en-suede\\\/202178\\\/\",\"url\":\"https:\\\/\\\/www.webdo.tn\\\/fr\\\/actualite\\\/international\\\/la-tunisie-condamne-l-autodafe-d-exemplaires-du-coran-en-suede\\\/202178\\\/\",\"name\":\"La Tunisie condamne l'autodaf\u00e9 d\u2019exemplaires du Coran en Su\u00e8de\",\"isPartOf\":{\"@id\":\"https:\\\/\\\/www.webdo.tn\\\/fr\\\/#website\"},\"primaryImageOfPage\":{\"@id\":\"https:\\\/\\\/www.webdo.tn\\\/fr\\\/actualite\\\/international\\\/la-tunisie-condamne-l-autodafe-d-exemplaires-du-coran-en-suede\\\/202178\\\/#primaryimage\"},\"image\":{\"@id\":\"https:\\\/\\\/www.webdo.tn\\\/fr\\\/actualite\\\/international\\\/la-tunisie-condamne-l-autodafe-d-exemplaires-du-coran-en-suede\\\/202178\\\/#primaryimage\"},\"thumbnailUrl\":\"https:\\\/\\\/www.webdo.tn\\\/fr\\\/wp-content\\\/uploads\\\/2023\\\/01\\\/4049e03d8b8598017d5b216182373b33.png\",\"datePublished\":\"2023-01-24T07:56:00+00:00\",\"dateModified\":\"2025-05-20T22:48:46+00:00\",\"description\":\"La Tunisie a vivement condamn\u00e9 l'autodaf\u00e9 de plusieurs exemplaires du saint Coran par des extr\u00e9mistes dans le Royaume de Su\u00e8de, qualifiant cet acte de provoca...\",\"breadcrumb\":{\"@id\":\"https:\\\/\\\/www.webdo.tn\\\/fr\\\/actualite\\\/international\\\/la-tunisie-condamne-l-autodafe-d-exemplaires-du-coran-en-suede\\\/202178\\\/#breadcrumb\"},\"inLanguage\":\"fr-FR\",\"potentialAction\":[{\"@type\":\"ReadAction\",\"target\":[\"https:\\\/\\\/www.webdo.tn\\\/fr\\\/actualite\\\/international\\\/la-tunisie-condamne-l-autodafe-d-exemplaires-du-coran-en-suede\\\/202178\\\/\"]}]},{\"@type\":\"ImageObject\",\"inLanguage\":\"fr-FR\",\"@id\":\"https:\\\/\\\/www.webdo.tn\\\/fr\\\/actualite\\\/international\\\/la-tunisie-condamne-l-autodafe-d-exemplaires-du-coran-en-suede\\\/202178\\\/#primaryimage\",\"url\":\"https:\\\/\\\/www.webdo.tn\\\/fr\\\/wp-content\\\/uploads\\\/2023\\\/01\\\/4049e03d8b8598017d5b216182373b33.png\",\"contentUrl\":\"https:\\\/\\\/www.webdo.tn\\\/fr\\\/wp-content\\\/uploads\\\/2023\\\/01\\\/4049e03d8b8598017d5b216182373b33.png\",\"width\":750,\"height\":400,\"caption\":\"Minist\u00e8re des Affaires \u00e9trang\u00e8res\"},{\"@type\":\"BreadcrumbList\",\"@id\":\"https:\\\/\\\/www.webdo.tn\\\/fr\\\/actualite\\\/international\\\/la-tunisie-condamne-l-autodafe-d-exemplaires-du-coran-en-suede\\\/202178\\\/#breadcrumb\",\"itemListElement\":[{\"@type\":\"ListItem\",\"position\":1,\"name\":\"Accueil\",\"item\":\"https:\\\/\\\/www.webdo.tn\\\/fr\\\/\"},{\"@type\":\"ListItem\",\"position\":2,\"name\":\"La Tunisie condamne l&rsquo;autodaf\u00e9 d\u2019exemplaires du Coran en Su\u00e8de\"}]},{\"@type\":\"WebSite\",\"@id\":\"https:\\\/\\\/www.webdo.tn\\\/fr\\\/#website\",\"url\":\"https:\\\/\\\/www.webdo.tn\\\/fr\\\/\",\"name\":\"webdo\",\"description\":\"Tunisie - News en Tunisie et \u00e0 l&#039;international sur Webdo.tn\",\"publisher\":{\"@id\":\"https:\\\/\\\/www.webdo.tn\\\/fr\\\/#organization\"},\"potentialAction\":[{\"@type\":\"SearchAction\",\"target\":{\"@type\":\"EntryPoint\",\"urlTemplate\":\"https:\\\/\\\/www.webdo.tn\\\/fr\\\/?s={search_term_string}\"},\"query-input\":{\"@type\":\"PropertyValueSpecification\",\"valueRequired\":true,\"valueName\":\"search_term_string\"}}],\"inLanguage\":\"fr-FR\"},{\"@type\":\"Organization\",\"@id\":\"https:\\\/\\\/www.webdo.tn\\\/fr\\\/#organization\",\"name\":\"Webdo\",\"alternateName\":\"Webdo.tn\",\"url\":\"https:\\\/\\\/www.webdo.tn\\\/fr\\\/\",\"logo\":{\"@type\":\"ImageObject\",\"inLanguage\":\"fr-FR\",\"@id\":\"https:\\\/\\\/www.webdo.tn\\\/fr\\\/#\\\/schema\\\/logo\\\/image\\\/\",\"url\":\"https:\\\/\\\/www.webdo.tn\\\/fr\\\/wp-content\\\/uploads\\\/2025\\\/06\\\/Webdo-Tunisie_168377.jpg\",\"contentUrl\":\"https:\\\/\\\/www.webdo.tn\\\/fr\\\/wp-content\\\/uploads\\\/2025\\\/06\\\/Webdo-Tunisie_168377.jpg\",\"width\":301,\"height\":301,\"caption\":\"Webdo\"},\"image\":{\"@id\":\"https:\\\/\\\/www.webdo.tn\\\/fr\\\/#\\\/schema\\\/logo\\\/image\\\/\"},\"sameAs\":[\"https:\\\/\\\/www.facebook.com\\\/webdotn\",\"https:\\\/\\\/x.com\\\/webdo_tn\"],\"description\":\"Webdo est un m\u00e9dia num\u00e9rique tunisien fond\u00e9 en 2010, sp\u00e9cialis\u00e9 dans l\u2019actualit\u00e9 nationale et internationale, l\u2019\u00e9conomie, la soci\u00e9t\u00e9 et les analyses politiques. Le site s\u2019adresse \u00e0 un large public francophone et couvre l\u2019information tunisienne en temps r\u00e9el.\",\"email\":\"redac@webdo.tn\",\"legalName\":\"YNJ SARL\",\"foundingDate\":\"2010-09-06\",\"numberOfEmployees\":{\"@type\":\"QuantitativeValue\",\"minValue\":\"11\",\"maxValue\":\"50\"}},{\"@type\":\"Person\",\"@id\":\"https:\\\/\\\/www.webdo.tn\\\/fr\\\/#\\\/schema\\\/person\\\/f35b42a42c5e2511bbd282959d6385cc\",\"name\":\"CL\",\"image\":{\"@type\":\"ImageObject\",\"inLanguage\":\"fr-FR\",\"@id\":\"https:\\\/\\\/secure.gravatar.com\\\/avatar\\\/1447a49909b67aa657c488aec6512e1dd6143a480c1ecfee9b5b5cd74eb3b59e?s=96&d=mm&r=g\",\"url\":\"https:\\\/\\\/secure.gravatar.com\\\/avatar\\\/1447a49909b67aa657c488aec6512e1dd6143a480c1ecfee9b5b5cd74eb3b59e?s=96&d=mm&r=g\",\"contentUrl\":\"https:\\\/\\\/secure.gravatar.com\\\/avatar\\\/1447a49909b67aa657c488aec6512e1dd6143a480c1ecfee9b5b5cd74eb3b59e?s=96&d=mm&r=g\",\"caption\":\"CL\"},\"url\":\"https:\\\/\\\/www.webdo.tn\\\/fr\\\/actualite\\\/author\\\/cl\\\/\"}]}<\/script>\n<!-- \/ Yoast SEO Premium plugin. -->","yoast_head_json":{"title":"La Tunisie condamne l'autodaf\u00e9 d\u2019exemplaires du Coran en Su\u00e8de","description":"La Tunisie a vivement condamn\u00e9 l'autodaf\u00e9 de plusieurs exemplaires du saint Coran par des extr\u00e9mistes dans le Royaume de Su\u00e8de, qualifiant cet acte de provoca...","canonical":"https:\/\/www.webdo.tn\/fr\/actualite\/international\/la-tunisie-condamne-l-autodafe-d-exemplaires-du-coran-en-suede\/202178\/","og_locale":"fr_FR","og_type":"article","og_title":"La Tunisie condamne l'autodaf\u00e9 d\u2019exemplaires du Coran en Su\u00e8de","og_description":"La Tunisie a vivement condamn\u00e9 l'autodaf\u00e9 de plusieurs exemplaires du saint Coran par des extr\u00e9mistes dans le Royaume de Su\u00e8de, qualifiant cet acte de provoca...","og_url":"https:\/\/www.webdo.tn\/fr\/actualite\/international\/la-tunisie-condamne-l-autodafe-d-exemplaires-du-coran-en-suede\/202178\/","og_site_name":"webdo","article_publisher":"https:\/\/www.facebook.com\/webdotn","article_published_time":"2023-01-24T07:56:00+00:00","article_modified_time":"2025-05-20T22:48:46+00:00","og_image":[{"width":750,"height":400,"url":"https:\/\/www.webdo.tn\/fr\/wp-content\/uploads\/2023\/01\/4049e03d8b8598017d5b216182373b33.png","type":"image\/png"}],"author":"CL","twitter_card":"summary_large_image","twitter_creator":"@webdo_tn","twitter_site":"@webdo_tn","twitter_misc":{"\u00c9crit par":"CL","Dur\u00e9e de lecture estim\u00e9e":"1 minute"},"schema":{"@context":"https:\/\/schema.org","@graph":[{"@type":"NewsArticle","@id":"https:\/\/www.webdo.tn\/fr\/actualite\/international\/la-tunisie-condamne-l-autodafe-d-exemplaires-du-coran-en-suede\/202178\/#article","isPartOf":{"@id":"https:\/\/www.webdo.tn\/fr\/actualite\/international\/la-tunisie-condamne-l-autodafe-d-exemplaires-du-coran-en-suede\/202178\/"},"author":{"name":"CL","@id":"https:\/\/www.webdo.tn\/fr\/#\/schema\/person\/f35b42a42c5e2511bbd282959d6385cc"},"headline":"La Tunisie condamne l&rsquo;autodaf\u00e9 d\u2019exemplaires du Coran en Su\u00e8de","datePublished":"2023-01-24T07:56:00+00:00","dateModified":"2025-05-20T22:48:46+00:00","mainEntityOfPage":{"@id":"https:\/\/www.webdo.tn\/fr\/actualite\/international\/la-tunisie-condamne-l-autodafe-d-exemplaires-du-coran-en-suede\/202178\/"},"wordCount":192,"commentCount":0,"publisher":{"@id":"https:\/\/www.webdo.tn\/fr\/#organization"},"image":{"@id":"https:\/\/www.webdo.tn\/fr\/actualite\/international\/la-tunisie-condamne-l-autodafe-d-exemplaires-du-coran-en-suede\/202178\/#primaryimage"},"thumbnailUrl":"https:\/\/www.webdo.tn\/fr\/wp-content\/uploads\/2023\/01\/4049e03d8b8598017d5b216182373b33.png","keywords":["Coran","su\u00e8de","Tunisie"],"articleSection":["International"],"inLanguage":"fr-FR"},{"@type":"WebPage","@id":"https:\/\/www.webdo.tn\/fr\/actualite\/international\/la-tunisie-condamne-l-autodafe-d-exemplaires-du-coran-en-suede\/202178\/","url":"https:\/\/www.webdo.tn\/fr\/actualite\/international\/la-tunisie-condamne-l-autodafe-d-exemplaires-du-coran-en-suede\/202178\/","name":"La Tunisie condamne l'autodaf\u00e9 d\u2019exemplaires du Coran en Su\u00e8de","isPartOf":{"@id":"https:\/\/www.webdo.tn\/fr\/#website"},"primaryImageOfPage":{"@id":"https:\/\/www.webdo.tn\/fr\/actualite\/international\/la-tunisie-condamne-l-autodafe-d-exemplaires-du-coran-en-suede\/202178\/#primaryimage"},"image":{"@id":"https:\/\/www.webdo.tn\/fr\/actualite\/international\/la-tunisie-condamne-l-autodafe-d-exemplaires-du-coran-en-suede\/202178\/#primaryimage"},"thumbnailUrl":"https:\/\/www.webdo.tn\/fr\/wp-content\/uploads\/2023\/01\/4049e03d8b8598017d5b216182373b33.png","datePublished":"2023-01-24T07:56:00+00:00","dateModified":"2025-05-20T22:48:46+00:00","description":"La Tunisie a vivement condamn\u00e9 l'autodaf\u00e9 de plusieurs exemplaires du saint Coran par des extr\u00e9mistes dans le Royaume de Su\u00e8de, qualifiant cet acte de provoca...","breadcrumb":{"@id":"https:\/\/www.webdo.tn\/fr\/actualite\/international\/la-tunisie-condamne-l-autodafe-d-exemplaires-du-coran-en-suede\/202178\/#breadcrumb"},"inLanguage":"fr-FR","potentialAction":[{"@type":"ReadAction","target":["https:\/\/www.webdo.tn\/fr\/actualite\/international\/la-tunisie-condamne-l-autodafe-d-exemplaires-du-coran-en-suede\/202178\/"]}]},{"@type":"ImageObject","inLanguage":"fr-FR","@id":"https:\/\/www.webdo.tn\/fr\/actualite\/international\/la-tunisie-condamne-l-autodafe-d-exemplaires-du-coran-en-suede\/202178\/#primaryimage","url":"https:\/\/www.webdo.tn\/fr\/wp-content\/uploads\/2023\/01\/4049e03d8b8598017d5b216182373b33.png","contentUrl":"https:\/\/www.webdo.tn\/fr\/wp-content\/uploads\/2023\/01\/4049e03d8b8598017d5b216182373b33.png","width":750,"height":400,"caption":"Minist\u00e8re des Affaires \u00e9trang\u00e8res"},{"@type":"BreadcrumbList","@id":"https:\/\/www.webdo.tn\/fr\/actualite\/international\/la-tunisie-condamne-l-autodafe-d-exemplaires-du-coran-en-suede\/202178\/#breadcrumb","itemListElement":[{"@type":"ListItem","position":1,"name":"Accueil","item":"https:\/\/www.webdo.tn\/fr\/"},{"@type":"ListItem","position":2,"name":"La Tunisie condamne l&rsquo;autodaf\u00e9 d\u2019exemplaires du Coran en Su\u00e8de"}]},{"@type":"WebSite","@id":"https:\/\/www.webdo.tn\/fr\/#website","url":"https:\/\/www.webdo.tn\/fr\/","name":"webdo","description":"Tunisie - News en Tunisie et \u00e0 l&#039;international sur Webdo.tn","publisher":{"@id":"https:\/\/www.webdo.tn\/fr\/#organization"},"potentialAction":[{"@type":"SearchAction","target":{"@type":"EntryPoint","urlTemplate":"https:\/\/www.webdo.tn\/fr\/?s={search_term_string}"},"query-input":{"@type":"PropertyValueSpecification","valueRequired":true,"valueName":"search_term_string"}}],"inLanguage":"fr-FR"},{"@type":"Organization","@id":"https:\/\/www.webdo.tn\/fr\/#organization","name":"Webdo","alternateName":"Webdo.tn","url":"https:\/\/www.webdo.tn\/fr\/","logo":{"@type":"ImageObject","inLanguage":"fr-FR","@id":"https:\/\/www.webdo.tn\/fr\/#\/schema\/logo\/image\/","url":"https:\/\/www.webdo.tn\/fr\/wp-content\/uploads\/2025\/06\/Webdo-Tunisie_168377.jpg","contentUrl":"https:\/\/www.webdo.tn\/fr\/wp-content\/uploads\/2025\/06\/Webdo-Tunisie_168377.jpg","width":301,"height":301,"caption":"Webdo"},"image":{"@id":"https:\/\/www.webdo.tn\/fr\/#\/schema\/logo\/image\/"},"sameAs":["https:\/\/www.facebook.com\/webdotn","https:\/\/x.com\/webdo_tn"],"description":"Webdo est un m\u00e9dia num\u00e9rique tunisien fond\u00e9 en 2010, sp\u00e9cialis\u00e9 dans l\u2019actualit\u00e9 nationale et internationale, l\u2019\u00e9conomie, la soci\u00e9t\u00e9 et les analyses politiques. Le site s\u2019adresse \u00e0 un large public francophone et couvre l\u2019information tunisienne en temps r\u00e9el.","email":"redac@webdo.tn","legalName":"YNJ SARL","foundingDate":"2010-09-06","numberOfEmployees":{"@type":"QuantitativeValue","minValue":"11","maxValue":"50"}},{"@type":"Person","@id":"https:\/\/www.webdo.tn\/fr\/#\/schema\/person\/f35b42a42c5e2511bbd282959d6385cc","name":"CL","image":{"@type":"ImageObject","inLanguage":"fr-FR","@id":"https:\/\/secure.gravatar.com\/avatar\/1447a49909b67aa657c488aec6512e1dd6143a480c1ecfee9b5b5cd74eb3b59e?s=96&d=mm&r=g","url":"https:\/\/secure.gravatar.com\/avatar\/1447a49909b67aa657c488aec6512e1dd6143a480c1ecfee9b5b5cd74eb3b59e?s=96&d=mm&r=g","contentUrl":"https:\/\/secure.gravatar.com\/avatar\/1447a49909b67aa657c488aec6512e1dd6143a480c1ecfee9b5b5cd74eb3b59e?s=96&d=mm&r=g","caption":"CL"},"url":"https:\/\/www.webdo.tn\/fr\/actualite\/author\/cl\/"}]}},"_links":{"self":[{"href":"https:\/\/www.webdo.tn\/fr\/wp-json\/wp\/v2\/posts\/202178","targetHints":{"allow":["GET"]}}],"collection":[{"href":"https:\/\/www.webdo.tn\/fr\/wp-json\/wp\/v2\/posts"}],"about":[{"href":"https:\/\/www.webdo.tn\/fr\/wp-json\/wp\/v2\/types\/post"}],"author":[{"embeddable":true,"href":"https:\/\/www.webdo.tn\/fr\/wp-json\/wp\/v2\/users\/3175"}],"replies":[{"embeddable":true,"href":"https:\/\/www.webdo.tn\/fr\/wp-json\/wp\/v2\/comments?post=202178"}],"version-history":[{"count":0,"href":"https:\/\/www.webdo.tn\/fr\/wp-json\/wp\/v2\/posts\/202178\/revisions"}],"wp:featuredmedia":[{"embeddable":true,"href":"https:\/\/www.webdo.tn\/fr\/wp-json\/wp\/v2\/media\/277625"}],"wp:attachment":[{"href":"https:\/\/www.webdo.tn\/fr\/wp-json\/wp\/v2\/media?parent=202178"}],"wp:term":[{"taxonomy":"category","embeddable":true,"href":"https:\/\/www.webdo.tn\/fr\/wp-json\/wp\/v2\/categories?post=202178"},{"taxonomy":"post_tag","embeddable":true,"href":"https:\/\/www.webdo.tn\/fr\/wp-json\/wp\/v2\/tags?post=202178"}],"curies":[{"name":"wp","href":"https:\/\/api.w.org\/{rel}","templated":true}]}}