{"id":202151,"date":"2023-01-23T12:25:00","date_gmt":"2023-01-23T12:25:00","guid":{"rendered":"https:\/\/www.webdo.tn\/fr\/blog\/tunisie-10-morts-et-282-blesses-en-24-heures\/202151\/"},"modified":"2025-05-20T22:03:06","modified_gmt":"2025-05-20T22:03:06","slug":"tunisie-10-morts-et-282-blesses-en-24-heures","status":"publish","type":"post","link":"https:\/\/www.webdo.tn\/fr\/actualite\/national\/tunisie-10-morts-et-282-blesses-en-24-heures\/202151\/","title":{"rendered":"Tunisie : 10 morts et 282 bless\u00e9s en 24 heures"},"content":{"rendered":"<p>Dix personnes sont d\u00e9c\u00e9d\u00e9es et 282 autres ont \u00e9t\u00e9 bless\u00e9es dans diff\u00e9rents accidents \u00e0 travers le pays au cours des derni\u00e8res vingt-quatre heures, a annonc\u00e9, la Protection civile, ce lundi 23 janvier 2023.<\/p>\n<p>\t\t\t\t\t\t\t\t\tLes unit\u00e9s de la protection civile ont effectu\u00e9, durant ces vingt-quatre heures, 295 interventions dont 84 op\u00e9rations de secours dans des accidents de la route, a soulign\u00e9 le porte-parole de la Protection civile dans un communiqu\u00e9 publi\u00e9 sur sa page Facebook.<\/p>\n<p>Rappelons que selon le bilan de l&rsquo;observatoire national de s\u00e9curit\u00e9 routi\u00e8re, les accidents de la route sont en hausse en 2022 tout comme le nombre de tu\u00e9s et de bless\u00e9s.<\/p>\n<p>Les accidents de la route sont pass\u00e9s de 5089 en 2021 \u00e0 5484 en 2022 alors que 1051 personnes ont trouv\u00e9 la mort et 7906 personnes ont \u00e9t\u00e9 bless\u00e9es au cours de l&rsquo;ann\u00e9e 2022 contre 1014 d\u00e9c\u00e8s et 6894 bless\u00e9s en 2021.<\/p>\n","protected":false},"excerpt":{"rendered":"<p>Dix personnes sont d\u00e9c\u00e9d\u00e9es et 282 autres ont \u00e9t\u00e9 bless\u00e9es dans diff\u00e9rents accidents \u00e0 travers le pays au cours des derni\u00e8res vingt-quatre heures, a annonc\u00e9, la&#8230;<\/p>\n","protected":false},"author":3162,"featured_media":252453,"comment_status":"open","ping_status":"closed","sticky":false,"template":"","format":"standard","meta":{"footnotes":""},"categories":[44],"tags":[3889,2928,3208,3088],"class_list":["post-202151","post","type-post","status-publish","format-standard","has-post-thumbnail","hentry","category-national","tag-accidents","tag-blesses","tag-morts","tag-protection-civile"],"yoast_head":"<!-- This site is optimized with the Yoast SEO Premium plugin v27.5 (Yoast SEO v27.5) - https:\/\/yoast.com\/product\/yoast-seo-premium-wordpress\/ -->\n<title>Tunisie : 10 morts et 282 bless\u00e9s en 24 heures<\/title>\n<meta name=\"description\" content=\"Dix personnes sont d\u00e9c\u00e9d\u00e9es et 282 autres ont \u00e9t\u00e9 bless\u00e9es dans diff\u00e9rents accidents \u00e0 travers le pays au cours des derni\u00e8res vingt-quatre heures, a annonc\u00e9, la...\" \/>\n<link rel=\"canonical\" href=\"https:\/\/www.webdo.tn\/fr\/actualite\/national\/tunisie-10-morts-et-282-blesses-en-24-heures\/202151\/\" \/>\n<meta property=\"og:locale\" content=\"fr_FR\" \/>\n<meta property=\"og:type\" content=\"article\" \/>\n<meta property=\"og:title\" content=\"Tunisie : 10 morts et 282 bless\u00e9s en 24 heures\" \/>\n<meta property=\"og:description\" content=\"Dix personnes sont d\u00e9c\u00e9d\u00e9es et 282 autres ont \u00e9t\u00e9 bless\u00e9es dans diff\u00e9rents accidents \u00e0 travers le pays au cours des derni\u00e8res vingt-quatre heures, a annonc\u00e9, la...\" \/>\n<meta property=\"og:url\" content=\"https:\/\/www.webdo.tn\/fr\/actualite\/national\/tunisie-10-morts-et-282-blesses-en-24-heures\/202151\/\" \/>\n<meta property=\"og:site_name\" content=\"webdo\" \/>\n<meta property=\"article:publisher\" content=\"https:\/\/www.facebook.com\/webdotn\" \/>\n<meta property=\"article:published_time\" content=\"2023-01-23T12:25:00+00:00\" \/>\n<meta property=\"article:modified_time\" content=\"2025-05-20T22:03:06+00:00\" \/>\n<meta property=\"og:image\" content=\"https:\/\/www.webdo.tn\/fr\/wp-content\/uploads\/2023\/01\/78bdf2b8e57fce59ab0aca1f66db1d81-1.jpg\" \/>\n\t<meta property=\"og:image:width\" content=\"626\" \/>\n\t<meta property=\"og:image:height\" content=\"334\" \/>\n\t<meta property=\"og:image:type\" content=\"image\/jpeg\" \/>\n<meta name=\"author\" content=\"MC\" \/>\n<meta name=\"twitter:card\" content=\"summary_large_image\" \/>\n<meta name=\"twitter:creator\" content=\"@webdo_tn\" \/>\n<meta name=\"twitter:site\" content=\"@webdo_tn\" \/>\n<meta name=\"twitter:label1\" content=\"\u00c9crit par\" \/>\n\t<meta name=\"twitter:data1\" content=\"MC\" \/>\n\t<meta name=\"twitter:label2\" content=\"Dur\u00e9e de lecture estim\u00e9e\" \/>\n\t<meta name=\"twitter:data2\" content=\"1 minute\" \/>\n<script type=\"application\/ld+json\" class=\"yoast-schema-graph\">{\"@context\":\"https:\\\/\\\/schema.org\",\"@graph\":[{\"@type\":\"NewsArticle\",\"@id\":\"https:\\\/\\\/www.webdo.tn\\\/fr\\\/actualite\\\/national\\\/tunisie-10-morts-et-282-blesses-en-24-heures\\\/202151\\\/#article\",\"isPartOf\":{\"@id\":\"https:\\\/\\\/www.webdo.tn\\\/fr\\\/actualite\\\/national\\\/tunisie-10-morts-et-282-blesses-en-24-heures\\\/202151\\\/\"},\"author\":{\"name\":\"MC\",\"@id\":\"https:\\\/\\\/www.webdo.tn\\\/fr\\\/#\\\/schema\\\/person\\\/2c4929cbf5a809e3bd38617c6ce150f6\"},\"headline\":\"Tunisie : 10 morts et 282 bless\u00e9s en 24 heures\",\"datePublished\":\"2023-01-23T12:25:00+00:00\",\"dateModified\":\"2025-05-20T22:03:06+00:00\",\"mainEntityOfPage\":{\"@id\":\"https:\\\/\\\/www.webdo.tn\\\/fr\\\/actualite\\\/national\\\/tunisie-10-morts-et-282-blesses-en-24-heures\\\/202151\\\/\"},\"wordCount\":155,\"commentCount\":0,\"publisher\":{\"@id\":\"https:\\\/\\\/www.webdo.tn\\\/fr\\\/#organization\"},\"image\":{\"@id\":\"https:\\\/\\\/www.webdo.tn\\\/fr\\\/actualite\\\/national\\\/tunisie-10-morts-et-282-blesses-en-24-heures\\\/202151\\\/#primaryimage\"},\"thumbnailUrl\":\"https:\\\/\\\/www.webdo.tn\\\/fr\\\/wp-content\\\/uploads\\\/2023\\\/01\\\/78bdf2b8e57fce59ab0aca1f66db1d81-1.jpg\",\"keywords\":[\"accidents\",\"bless\u00e9s\",\"morts\",\"protection civile\"],\"articleSection\":[\"National\"],\"inLanguage\":\"fr-FR\"},{\"@type\":\"WebPage\",\"@id\":\"https:\\\/\\\/www.webdo.tn\\\/fr\\\/actualite\\\/national\\\/tunisie-10-morts-et-282-blesses-en-24-heures\\\/202151\\\/\",\"url\":\"https:\\\/\\\/www.webdo.tn\\\/fr\\\/actualite\\\/national\\\/tunisie-10-morts-et-282-blesses-en-24-heures\\\/202151\\\/\",\"name\":\"Tunisie : 10 morts et 282 bless\u00e9s en 24 heures\",\"isPartOf\":{\"@id\":\"https:\\\/\\\/www.webdo.tn\\\/fr\\\/#website\"},\"primaryImageOfPage\":{\"@id\":\"https:\\\/\\\/www.webdo.tn\\\/fr\\\/actualite\\\/national\\\/tunisie-10-morts-et-282-blesses-en-24-heures\\\/202151\\\/#primaryimage\"},\"image\":{\"@id\":\"https:\\\/\\\/www.webdo.tn\\\/fr\\\/actualite\\\/national\\\/tunisie-10-morts-et-282-blesses-en-24-heures\\\/202151\\\/#primaryimage\"},\"thumbnailUrl\":\"https:\\\/\\\/www.webdo.tn\\\/fr\\\/wp-content\\\/uploads\\\/2023\\\/01\\\/78bdf2b8e57fce59ab0aca1f66db1d81-1.jpg\",\"datePublished\":\"2023-01-23T12:25:00+00:00\",\"dateModified\":\"2025-05-20T22:03:06+00:00\",\"description\":\"Dix personnes sont d\u00e9c\u00e9d\u00e9es et 282 autres ont \u00e9t\u00e9 bless\u00e9es dans diff\u00e9rents accidents \u00e0 travers le pays au cours des derni\u00e8res vingt-quatre heures, a annonc\u00e9, la...\",\"breadcrumb\":{\"@id\":\"https:\\\/\\\/www.webdo.tn\\\/fr\\\/actualite\\\/national\\\/tunisie-10-morts-et-282-blesses-en-24-heures\\\/202151\\\/#breadcrumb\"},\"inLanguage\":\"fr-FR\",\"potentialAction\":[{\"@type\":\"ReadAction\",\"target\":[\"https:\\\/\\\/www.webdo.tn\\\/fr\\\/actualite\\\/national\\\/tunisie-10-morts-et-282-blesses-en-24-heures\\\/202151\\\/\"]}]},{\"@type\":\"ImageObject\",\"inLanguage\":\"fr-FR\",\"@id\":\"https:\\\/\\\/www.webdo.tn\\\/fr\\\/actualite\\\/national\\\/tunisie-10-morts-et-282-blesses-en-24-heures\\\/202151\\\/#primaryimage\",\"url\":\"https:\\\/\\\/www.webdo.tn\\\/fr\\\/wp-content\\\/uploads\\\/2023\\\/01\\\/78bdf2b8e57fce59ab0aca1f66db1d81-1.jpg\",\"contentUrl\":\"https:\\\/\\\/www.webdo.tn\\\/fr\\\/wp-content\\\/uploads\\\/2023\\\/01\\\/78bdf2b8e57fce59ab0aca1f66db1d81-1.jpg\",\"width\":626,\"height\":334,\"caption\":\"Tunisie : 10 morts et 282 bless\u00e9s en 24 heures\"},{\"@type\":\"BreadcrumbList\",\"@id\":\"https:\\\/\\\/www.webdo.tn\\\/fr\\\/actualite\\\/national\\\/tunisie-10-morts-et-282-blesses-en-24-heures\\\/202151\\\/#breadcrumb\",\"itemListElement\":[{\"@type\":\"ListItem\",\"position\":1,\"name\":\"Accueil\",\"item\":\"https:\\\/\\\/www.webdo.tn\\\/fr\\\/\"},{\"@type\":\"ListItem\",\"position\":2,\"name\":\"Tunisie : 10 morts et 282 bless\u00e9s en 24 heures\"}]},{\"@type\":\"WebSite\",\"@id\":\"https:\\\/\\\/www.webdo.tn\\\/fr\\\/#website\",\"url\":\"https:\\\/\\\/www.webdo.tn\\\/fr\\\/\",\"name\":\"webdo\",\"description\":\"Tunisie - News en Tunisie et \u00e0 l&#039;international sur Webdo.tn\",\"publisher\":{\"@id\":\"https:\\\/\\\/www.webdo.tn\\\/fr\\\/#organization\"},\"potentialAction\":[{\"@type\":\"SearchAction\",\"target\":{\"@type\":\"EntryPoint\",\"urlTemplate\":\"https:\\\/\\\/www.webdo.tn\\\/fr\\\/?s={search_term_string}\"},\"query-input\":{\"@type\":\"PropertyValueSpecification\",\"valueRequired\":true,\"valueName\":\"search_term_string\"}}],\"inLanguage\":\"fr-FR\"},{\"@type\":\"Organization\",\"@id\":\"https:\\\/\\\/www.webdo.tn\\\/fr\\\/#organization\",\"name\":\"Webdo\",\"alternateName\":\"Webdo.tn\",\"url\":\"https:\\\/\\\/www.webdo.tn\\\/fr\\\/\",\"logo\":{\"@type\":\"ImageObject\",\"inLanguage\":\"fr-FR\",\"@id\":\"https:\\\/\\\/www.webdo.tn\\\/fr\\\/#\\\/schema\\\/logo\\\/image\\\/\",\"url\":\"https:\\\/\\\/www.webdo.tn\\\/fr\\\/wp-content\\\/uploads\\\/2025\\\/06\\\/Webdo-Tunisie_168377.jpg\",\"contentUrl\":\"https:\\\/\\\/www.webdo.tn\\\/fr\\\/wp-content\\\/uploads\\\/2025\\\/06\\\/Webdo-Tunisie_168377.jpg\",\"width\":301,\"height\":301,\"caption\":\"Webdo\"},\"image\":{\"@id\":\"https:\\\/\\\/www.webdo.tn\\\/fr\\\/#\\\/schema\\\/logo\\\/image\\\/\"},\"sameAs\":[\"https:\\\/\\\/www.facebook.com\\\/webdotn\",\"https:\\\/\\\/x.com\\\/webdo_tn\"],\"description\":\"Webdo est un m\u00e9dia num\u00e9rique tunisien fond\u00e9 en 2010, sp\u00e9cialis\u00e9 dans l\u2019actualit\u00e9 nationale et internationale, l\u2019\u00e9conomie, la soci\u00e9t\u00e9 et les analyses politiques. Le site s\u2019adresse \u00e0 un large public francophone et couvre l\u2019information tunisienne en temps r\u00e9el.\",\"email\":\"redac@webdo.tn\",\"legalName\":\"YNJ SARL\",\"foundingDate\":\"2010-09-06\",\"numberOfEmployees\":{\"@type\":\"QuantitativeValue\",\"minValue\":\"11\",\"maxValue\":\"50\"}},{\"@type\":\"Person\",\"@id\":\"https:\\\/\\\/www.webdo.tn\\\/fr\\\/#\\\/schema\\\/person\\\/2c4929cbf5a809e3bd38617c6ce150f6\",\"name\":\"MC\",\"image\":{\"@type\":\"ImageObject\",\"inLanguage\":\"fr-FR\",\"@id\":\"https:\\\/\\\/secure.gravatar.com\\\/avatar\\\/a545bbb6f84efdd5553dbbc2895e3ca8f1d12c5215e00a041c9670b54aa9b18a?s=96&d=mm&r=g\",\"url\":\"https:\\\/\\\/secure.gravatar.com\\\/avatar\\\/a545bbb6f84efdd5553dbbc2895e3ca8f1d12c5215e00a041c9670b54aa9b18a?s=96&d=mm&r=g\",\"contentUrl\":\"https:\\\/\\\/secure.gravatar.com\\\/avatar\\\/a545bbb6f84efdd5553dbbc2895e3ca8f1d12c5215e00a041c9670b54aa9b18a?s=96&d=mm&r=g\",\"caption\":\"MC\"},\"url\":\"https:\\\/\\\/www.webdo.tn\\\/fr\\\/actualite\\\/author\\\/mc\\\/\"}]}<\/script>\n<!-- \/ Yoast SEO Premium plugin. -->","yoast_head_json":{"title":"Tunisie : 10 morts et 282 bless\u00e9s en 24 heures","description":"Dix personnes sont d\u00e9c\u00e9d\u00e9es et 282 autres ont \u00e9t\u00e9 bless\u00e9es dans diff\u00e9rents accidents \u00e0 travers le pays au cours des derni\u00e8res vingt-quatre heures, a annonc\u00e9, la...","canonical":"https:\/\/www.webdo.tn\/fr\/actualite\/national\/tunisie-10-morts-et-282-blesses-en-24-heures\/202151\/","og_locale":"fr_FR","og_type":"article","og_title":"Tunisie : 10 morts et 282 bless\u00e9s en 24 heures","og_description":"Dix personnes sont d\u00e9c\u00e9d\u00e9es et 282 autres ont \u00e9t\u00e9 bless\u00e9es dans diff\u00e9rents accidents \u00e0 travers le pays au cours des derni\u00e8res vingt-quatre heures, a annonc\u00e9, la...","og_url":"https:\/\/www.webdo.tn\/fr\/actualite\/national\/tunisie-10-morts-et-282-blesses-en-24-heures\/202151\/","og_site_name":"webdo","article_publisher":"https:\/\/www.facebook.com\/webdotn","article_published_time":"2023-01-23T12:25:00+00:00","article_modified_time":"2025-05-20T22:03:06+00:00","og_image":[{"width":626,"height":334,"url":"https:\/\/www.webdo.tn\/fr\/wp-content\/uploads\/2023\/01\/78bdf2b8e57fce59ab0aca1f66db1d81-1.jpg","type":"image\/jpeg"}],"author":"MC","twitter_card":"summary_large_image","twitter_creator":"@webdo_tn","twitter_site":"@webdo_tn","twitter_misc":{"\u00c9crit par":"MC","Dur\u00e9e de lecture estim\u00e9e":"1 minute"},"schema":{"@context":"https:\/\/schema.org","@graph":[{"@type":"NewsArticle","@id":"https:\/\/www.webdo.tn\/fr\/actualite\/national\/tunisie-10-morts-et-282-blesses-en-24-heures\/202151\/#article","isPartOf":{"@id":"https:\/\/www.webdo.tn\/fr\/actualite\/national\/tunisie-10-morts-et-282-blesses-en-24-heures\/202151\/"},"author":{"name":"MC","@id":"https:\/\/www.webdo.tn\/fr\/#\/schema\/person\/2c4929cbf5a809e3bd38617c6ce150f6"},"headline":"Tunisie : 10 morts et 282 bless\u00e9s en 24 heures","datePublished":"2023-01-23T12:25:00+00:00","dateModified":"2025-05-20T22:03:06+00:00","mainEntityOfPage":{"@id":"https:\/\/www.webdo.tn\/fr\/actualite\/national\/tunisie-10-morts-et-282-blesses-en-24-heures\/202151\/"},"wordCount":155,"commentCount":0,"publisher":{"@id":"https:\/\/www.webdo.tn\/fr\/#organization"},"image":{"@id":"https:\/\/www.webdo.tn\/fr\/actualite\/national\/tunisie-10-morts-et-282-blesses-en-24-heures\/202151\/#primaryimage"},"thumbnailUrl":"https:\/\/www.webdo.tn\/fr\/wp-content\/uploads\/2023\/01\/78bdf2b8e57fce59ab0aca1f66db1d81-1.jpg","keywords":["accidents","bless\u00e9s","morts","protection civile"],"articleSection":["National"],"inLanguage":"fr-FR"},{"@type":"WebPage","@id":"https:\/\/www.webdo.tn\/fr\/actualite\/national\/tunisie-10-morts-et-282-blesses-en-24-heures\/202151\/","url":"https:\/\/www.webdo.tn\/fr\/actualite\/national\/tunisie-10-morts-et-282-blesses-en-24-heures\/202151\/","name":"Tunisie : 10 morts et 282 bless\u00e9s en 24 heures","isPartOf":{"@id":"https:\/\/www.webdo.tn\/fr\/#website"},"primaryImageOfPage":{"@id":"https:\/\/www.webdo.tn\/fr\/actualite\/national\/tunisie-10-morts-et-282-blesses-en-24-heures\/202151\/#primaryimage"},"image":{"@id":"https:\/\/www.webdo.tn\/fr\/actualite\/national\/tunisie-10-morts-et-282-blesses-en-24-heures\/202151\/#primaryimage"},"thumbnailUrl":"https:\/\/www.webdo.tn\/fr\/wp-content\/uploads\/2023\/01\/78bdf2b8e57fce59ab0aca1f66db1d81-1.jpg","datePublished":"2023-01-23T12:25:00+00:00","dateModified":"2025-05-20T22:03:06+00:00","description":"Dix personnes sont d\u00e9c\u00e9d\u00e9es et 282 autres ont \u00e9t\u00e9 bless\u00e9es dans diff\u00e9rents accidents \u00e0 travers le pays au cours des derni\u00e8res vingt-quatre heures, a annonc\u00e9, la...","breadcrumb":{"@id":"https:\/\/www.webdo.tn\/fr\/actualite\/national\/tunisie-10-morts-et-282-blesses-en-24-heures\/202151\/#breadcrumb"},"inLanguage":"fr-FR","potentialAction":[{"@type":"ReadAction","target":["https:\/\/www.webdo.tn\/fr\/actualite\/national\/tunisie-10-morts-et-282-blesses-en-24-heures\/202151\/"]}]},{"@type":"ImageObject","inLanguage":"fr-FR","@id":"https:\/\/www.webdo.tn\/fr\/actualite\/national\/tunisie-10-morts-et-282-blesses-en-24-heures\/202151\/#primaryimage","url":"https:\/\/www.webdo.tn\/fr\/wp-content\/uploads\/2023\/01\/78bdf2b8e57fce59ab0aca1f66db1d81-1.jpg","contentUrl":"https:\/\/www.webdo.tn\/fr\/wp-content\/uploads\/2023\/01\/78bdf2b8e57fce59ab0aca1f66db1d81-1.jpg","width":626,"height":334,"caption":"Tunisie : 10 morts et 282 bless\u00e9s en 24 heures"},{"@type":"BreadcrumbList","@id":"https:\/\/www.webdo.tn\/fr\/actualite\/national\/tunisie-10-morts-et-282-blesses-en-24-heures\/202151\/#breadcrumb","itemListElement":[{"@type":"ListItem","position":1,"name":"Accueil","item":"https:\/\/www.webdo.tn\/fr\/"},{"@type":"ListItem","position":2,"name":"Tunisie : 10 morts et 282 bless\u00e9s en 24 heures"}]},{"@type":"WebSite","@id":"https:\/\/www.webdo.tn\/fr\/#website","url":"https:\/\/www.webdo.tn\/fr\/","name":"webdo","description":"Tunisie - News en Tunisie et \u00e0 l&#039;international sur Webdo.tn","publisher":{"@id":"https:\/\/www.webdo.tn\/fr\/#organization"},"potentialAction":[{"@type":"SearchAction","target":{"@type":"EntryPoint","urlTemplate":"https:\/\/www.webdo.tn\/fr\/?s={search_term_string}"},"query-input":{"@type":"PropertyValueSpecification","valueRequired":true,"valueName":"search_term_string"}}],"inLanguage":"fr-FR"},{"@type":"Organization","@id":"https:\/\/www.webdo.tn\/fr\/#organization","name":"Webdo","alternateName":"Webdo.tn","url":"https:\/\/www.webdo.tn\/fr\/","logo":{"@type":"ImageObject","inLanguage":"fr-FR","@id":"https:\/\/www.webdo.tn\/fr\/#\/schema\/logo\/image\/","url":"https:\/\/www.webdo.tn\/fr\/wp-content\/uploads\/2025\/06\/Webdo-Tunisie_168377.jpg","contentUrl":"https:\/\/www.webdo.tn\/fr\/wp-content\/uploads\/2025\/06\/Webdo-Tunisie_168377.jpg","width":301,"height":301,"caption":"Webdo"},"image":{"@id":"https:\/\/www.webdo.tn\/fr\/#\/schema\/logo\/image\/"},"sameAs":["https:\/\/www.facebook.com\/webdotn","https:\/\/x.com\/webdo_tn"],"description":"Webdo est un m\u00e9dia num\u00e9rique tunisien fond\u00e9 en 2010, sp\u00e9cialis\u00e9 dans l\u2019actualit\u00e9 nationale et internationale, l\u2019\u00e9conomie, la soci\u00e9t\u00e9 et les analyses politiques. Le site s\u2019adresse \u00e0 un large public francophone et couvre l\u2019information tunisienne en temps r\u00e9el.","email":"redac@webdo.tn","legalName":"YNJ SARL","foundingDate":"2010-09-06","numberOfEmployees":{"@type":"QuantitativeValue","minValue":"11","maxValue":"50"}},{"@type":"Person","@id":"https:\/\/www.webdo.tn\/fr\/#\/schema\/person\/2c4929cbf5a809e3bd38617c6ce150f6","name":"MC","image":{"@type":"ImageObject","inLanguage":"fr-FR","@id":"https:\/\/secure.gravatar.com\/avatar\/a545bbb6f84efdd5553dbbc2895e3ca8f1d12c5215e00a041c9670b54aa9b18a?s=96&d=mm&r=g","url":"https:\/\/secure.gravatar.com\/avatar\/a545bbb6f84efdd5553dbbc2895e3ca8f1d12c5215e00a041c9670b54aa9b18a?s=96&d=mm&r=g","contentUrl":"https:\/\/secure.gravatar.com\/avatar\/a545bbb6f84efdd5553dbbc2895e3ca8f1d12c5215e00a041c9670b54aa9b18a?s=96&d=mm&r=g","caption":"MC"},"url":"https:\/\/www.webdo.tn\/fr\/actualite\/author\/mc\/"}]}},"_links":{"self":[{"href":"https:\/\/www.webdo.tn\/fr\/wp-json\/wp\/v2\/posts\/202151","targetHints":{"allow":["GET"]}}],"collection":[{"href":"https:\/\/www.webdo.tn\/fr\/wp-json\/wp\/v2\/posts"}],"about":[{"href":"https:\/\/www.webdo.tn\/fr\/wp-json\/wp\/v2\/types\/post"}],"author":[{"embeddable":true,"href":"https:\/\/www.webdo.tn\/fr\/wp-json\/wp\/v2\/users\/3162"}],"replies":[{"embeddable":true,"href":"https:\/\/www.webdo.tn\/fr\/wp-json\/wp\/v2\/comments?post=202151"}],"version-history":[{"count":0,"href":"https:\/\/www.webdo.tn\/fr\/wp-json\/wp\/v2\/posts\/202151\/revisions"}],"wp:featuredmedia":[{"embeddable":true,"href":"https:\/\/www.webdo.tn\/fr\/wp-json\/wp\/v2\/media\/252453"}],"wp:attachment":[{"href":"https:\/\/www.webdo.tn\/fr\/wp-json\/wp\/v2\/media?parent=202151"}],"wp:term":[{"taxonomy":"category","embeddable":true,"href":"https:\/\/www.webdo.tn\/fr\/wp-json\/wp\/v2\/categories?post=202151"},{"taxonomy":"post_tag","embeddable":true,"href":"https:\/\/www.webdo.tn\/fr\/wp-json\/wp\/v2\/tags?post=202151"}],"curies":[{"name":"wp","href":"https:\/\/api.w.org\/{rel}","templated":true}]}}