{"id":202149,"date":"2023-01-23T12:05:00","date_gmt":"2023-01-23T12:05:00","guid":{"rendered":"https:\/\/www.webdo.tn\/fr\/blog\/les-juges-revoques-poursuivent-la-ministre-de-la-justice-en-justice\/202149\/"},"modified":"2025-05-20T22:03:05","modified_gmt":"2025-05-20T22:03:05","slug":"les-juges-revoques-poursuivent-la-ministre-de-la-justice-en-justice","status":"publish","type":"post","link":"https:\/\/www.webdo.tn\/fr\/actualite\/national\/les-juges-revoques-poursuivent-la-ministre-de-la-justice-en-justice\/202149\/","title":{"rendered":"Les juges r\u00e9voqu\u00e9s poursuivent la ministre de la Justice\u2026 en justice !"},"content":{"rendered":"<p>Mohamed Taher Kanzari, un des 57 juges r\u00e9voqu\u00e9s par le pr\u00e9sident de la R\u00e9publique Kais Saied en juin dernier, et qui vient d\u2019entamer une gr\u00e8ve de la faim, a annonc\u00e9, aujourd\u2019hui, le d\u00e9p\u00f4t d\u2019une plainte contre la ministre de la Justice Leila Jaffel.<\/p>\n<p>\t\t\t\t\t\t\t\t\tMohamed Taher Kanzari, a annonc\u00e9, ce lundi 23 janvier 2023 sur les ondes de Mosaique fm, qu\u2019un certain nombre de juges r\u00e9voqu\u00e9s le 1er juin 2022, ont d\u00e9pos\u00e9 une plainte contre la ministre pour non-respect de la loi.<\/p>\n<p>Dans sa d\u00e9claration il a indiqu\u00e9 : \u00ab\u00a0Nous avons \u00e9t\u00e9 victimes d\u2019une injustice, et malgr\u00e9 le verdict du Tribunal administratif de suspendre cette d\u00e9cision et annuler le d\u00e9cret pr\u00e9sidentiel, le minist\u00e8re de la Justice n&rsquo;a pas r\u00e9pondu aux dispositions de la loi\u00a0\u00bb.<\/p>\n<p>Trois juges r\u00e9voqu\u00e9s, ont annonc\u00e9 avoir entam\u00e9 une deuxi\u00e8me gr\u00e8ve de la faim, \u00e0 partir d\u2019aujourd\u2019hui 23 janvier au si\u00e8ge de l\u2019Association des magistrats tunisiens au Palais de justice de Tunis.<\/p>\n<p>Mohamed Taher Kanzari ainsi que les juges Hamadi Rahmouni et Ramzi Bahria, ont entam\u00e9, aujourd\u2019hui, une gr\u00e8ve de la faim afin de revendiquer l\u2019annulation du d\u00e9cret pr\u00e9sidentiel du 1er juin 2022 portant sur la r\u00e9vocation de 57 magistrats et la non-application du verdict du Tribunal administratif qui a suspendu cette d\u00e9cision.<\/p>\n","protected":false},"excerpt":{"rendered":"<p>Mohamed Taher Kanzari, un des 57 juges r\u00e9voqu\u00e9s par le pr\u00e9sident de la R\u00e9publique Kais Saied en juin dernier, et qui vient d\u2019entamer une gr\u00e8ve de la faim, a ann&#8230;<\/p>\n","protected":false},"author":3162,"featured_media":252449,"comment_status":"open","ping_status":"closed","sticky":false,"template":"","format":"standard","meta":{"footnotes":""},"categories":[44],"tags":[8355,2619,5018,4755],"class_list":["post-202149","post","type-post","status-publish","format-standard","has-post-thumbnail","hentry","category-national","tag-juges-revoques","tag-justice","tag-leila-jaffel","tag-plainte"],"yoast_head":"<!-- This site is optimized with the Yoast SEO Premium plugin v27.5 (Yoast SEO v27.5) - https:\/\/yoast.com\/product\/yoast-seo-premium-wordpress\/ -->\n<title>Les juges r\u00e9voqu\u00e9s poursuivent la ministre de la Justice\u2026 en justice !<\/title>\n<meta name=\"description\" content=\"Mohamed Taher Kanzari, un des 57 juges r\u00e9voqu\u00e9s par le pr\u00e9sident de la R\u00e9publique Kais Saied en juin dernier, et qui vient d\u2019entamer une gr\u00e8ve de la faim, a ann...\" \/>\n<link rel=\"canonical\" href=\"https:\/\/www.webdo.tn\/fr\/actualite\/national\/les-juges-revoques-poursuivent-la-ministre-de-la-justice-en-justice\/202149\/\" \/>\n<meta property=\"og:locale\" content=\"fr_FR\" \/>\n<meta property=\"og:type\" content=\"article\" \/>\n<meta property=\"og:title\" content=\"Les juges r\u00e9voqu\u00e9s poursuivent la ministre de la Justice\u2026 en justice !\" \/>\n<meta property=\"og:description\" content=\"Mohamed Taher Kanzari, un des 57 juges r\u00e9voqu\u00e9s par le pr\u00e9sident de la R\u00e9publique Kais Saied en juin dernier, et qui vient d\u2019entamer une gr\u00e8ve de la faim, a ann...\" \/>\n<meta property=\"og:url\" content=\"https:\/\/www.webdo.tn\/fr\/actualite\/national\/les-juges-revoques-poursuivent-la-ministre-de-la-justice-en-justice\/202149\/\" \/>\n<meta property=\"og:site_name\" content=\"webdo\" \/>\n<meta property=\"article:publisher\" content=\"https:\/\/www.facebook.com\/webdotn\" \/>\n<meta property=\"article:published_time\" content=\"2023-01-23T12:05:00+00:00\" \/>\n<meta property=\"article:modified_time\" content=\"2025-05-20T22:03:05+00:00\" \/>\n<meta property=\"og:image\" content=\"https:\/\/www.webdo.tn\/fr\/wp-content\/uploads\/2023\/01\/acfd4a26a059daa5b3746f32620e3be9.jpg\" \/>\n\t<meta property=\"og:image:width\" content=\"750\" \/>\n\t<meta property=\"og:image:height\" content=\"400\" \/>\n\t<meta property=\"og:image:type\" content=\"image\/jpeg\" \/>\n<meta name=\"author\" content=\"MC\" \/>\n<meta name=\"twitter:card\" content=\"summary_large_image\" \/>\n<meta name=\"twitter:creator\" content=\"@webdo_tn\" \/>\n<meta name=\"twitter:site\" content=\"@webdo_tn\" \/>\n<meta name=\"twitter:label1\" content=\"\u00c9crit par\" \/>\n\t<meta name=\"twitter:data1\" content=\"MC\" \/>\n\t<meta name=\"twitter:label2\" content=\"Dur\u00e9e de lecture estim\u00e9e\" \/>\n\t<meta name=\"twitter:data2\" content=\"1 minute\" \/>\n<script type=\"application\/ld+json\" class=\"yoast-schema-graph\">{\"@context\":\"https:\\\/\\\/schema.org\",\"@graph\":[{\"@type\":\"NewsArticle\",\"@id\":\"https:\\\/\\\/www.webdo.tn\\\/fr\\\/actualite\\\/national\\\/les-juges-revoques-poursuivent-la-ministre-de-la-justice-en-justice\\\/202149\\\/#article\",\"isPartOf\":{\"@id\":\"https:\\\/\\\/www.webdo.tn\\\/fr\\\/actualite\\\/national\\\/les-juges-revoques-poursuivent-la-ministre-de-la-justice-en-justice\\\/202149\\\/\"},\"author\":{\"name\":\"MC\",\"@id\":\"https:\\\/\\\/www.webdo.tn\\\/fr\\\/#\\\/schema\\\/person\\\/2c4929cbf5a809e3bd38617c6ce150f6\"},\"headline\":\"Les juges r\u00e9voqu\u00e9s poursuivent la ministre de la Justice\u2026 en justice !\",\"datePublished\":\"2023-01-23T12:05:00+00:00\",\"dateModified\":\"2025-05-20T22:03:05+00:00\",\"mainEntityOfPage\":{\"@id\":\"https:\\\/\\\/www.webdo.tn\\\/fr\\\/actualite\\\/national\\\/les-juges-revoques-poursuivent-la-ministre-de-la-justice-en-justice\\\/202149\\\/\"},\"wordCount\":246,\"commentCount\":0,\"publisher\":{\"@id\":\"https:\\\/\\\/www.webdo.tn\\\/fr\\\/#organization\"},\"image\":{\"@id\":\"https:\\\/\\\/www.webdo.tn\\\/fr\\\/actualite\\\/national\\\/les-juges-revoques-poursuivent-la-ministre-de-la-justice-en-justice\\\/202149\\\/#primaryimage\"},\"thumbnailUrl\":\"https:\\\/\\\/www.webdo.tn\\\/fr\\\/wp-content\\\/uploads\\\/2023\\\/01\\\/acfd4a26a059daa5b3746f32620e3be9.jpg\",\"keywords\":[\"juges r\u00e9voqu\u00e9s\",\"justice\",\"Leila Jaffel\",\"plainte\"],\"articleSection\":[\"National\"],\"inLanguage\":\"fr-FR\"},{\"@type\":\"WebPage\",\"@id\":\"https:\\\/\\\/www.webdo.tn\\\/fr\\\/actualite\\\/national\\\/les-juges-revoques-poursuivent-la-ministre-de-la-justice-en-justice\\\/202149\\\/\",\"url\":\"https:\\\/\\\/www.webdo.tn\\\/fr\\\/actualite\\\/national\\\/les-juges-revoques-poursuivent-la-ministre-de-la-justice-en-justice\\\/202149\\\/\",\"name\":\"Les juges r\u00e9voqu\u00e9s poursuivent la ministre de la Justice\u2026 en justice !\",\"isPartOf\":{\"@id\":\"https:\\\/\\\/www.webdo.tn\\\/fr\\\/#website\"},\"primaryImageOfPage\":{\"@id\":\"https:\\\/\\\/www.webdo.tn\\\/fr\\\/actualite\\\/national\\\/les-juges-revoques-poursuivent-la-ministre-de-la-justice-en-justice\\\/202149\\\/#primaryimage\"},\"image\":{\"@id\":\"https:\\\/\\\/www.webdo.tn\\\/fr\\\/actualite\\\/national\\\/les-juges-revoques-poursuivent-la-ministre-de-la-justice-en-justice\\\/202149\\\/#primaryimage\"},\"thumbnailUrl\":\"https:\\\/\\\/www.webdo.tn\\\/fr\\\/wp-content\\\/uploads\\\/2023\\\/01\\\/acfd4a26a059daa5b3746f32620e3be9.jpg\",\"datePublished\":\"2023-01-23T12:05:00+00:00\",\"dateModified\":\"2025-05-20T22:03:05+00:00\",\"description\":\"Mohamed Taher Kanzari, un des 57 juges r\u00e9voqu\u00e9s par le pr\u00e9sident de la R\u00e9publique Kais Saied en juin dernier, et qui vient d\u2019entamer une gr\u00e8ve de la faim, a ann...\",\"breadcrumb\":{\"@id\":\"https:\\\/\\\/www.webdo.tn\\\/fr\\\/actualite\\\/national\\\/les-juges-revoques-poursuivent-la-ministre-de-la-justice-en-justice\\\/202149\\\/#breadcrumb\"},\"inLanguage\":\"fr-FR\",\"potentialAction\":[{\"@type\":\"ReadAction\",\"target\":[\"https:\\\/\\\/www.webdo.tn\\\/fr\\\/actualite\\\/national\\\/les-juges-revoques-poursuivent-la-ministre-de-la-justice-en-justice\\\/202149\\\/\"]}]},{\"@type\":\"ImageObject\",\"inLanguage\":\"fr-FR\",\"@id\":\"https:\\\/\\\/www.webdo.tn\\\/fr\\\/actualite\\\/national\\\/les-juges-revoques-poursuivent-la-ministre-de-la-justice-en-justice\\\/202149\\\/#primaryimage\",\"url\":\"https:\\\/\\\/www.webdo.tn\\\/fr\\\/wp-content\\\/uploads\\\/2023\\\/01\\\/acfd4a26a059daa5b3746f32620e3be9.jpg\",\"contentUrl\":\"https:\\\/\\\/www.webdo.tn\\\/fr\\\/wp-content\\\/uploads\\\/2023\\\/01\\\/acfd4a26a059daa5b3746f32620e3be9.jpg\",\"width\":750,\"height\":400,\"caption\":\"Leila Jaffel, ministre de la Justice\"},{\"@type\":\"BreadcrumbList\",\"@id\":\"https:\\\/\\\/www.webdo.tn\\\/fr\\\/actualite\\\/national\\\/les-juges-revoques-poursuivent-la-ministre-de-la-justice-en-justice\\\/202149\\\/#breadcrumb\",\"itemListElement\":[{\"@type\":\"ListItem\",\"position\":1,\"name\":\"Accueil\",\"item\":\"https:\\\/\\\/www.webdo.tn\\\/fr\\\/\"},{\"@type\":\"ListItem\",\"position\":2,\"name\":\"Les juges r\u00e9voqu\u00e9s poursuivent la ministre de la Justice\u2026 en justice !\"}]},{\"@type\":\"WebSite\",\"@id\":\"https:\\\/\\\/www.webdo.tn\\\/fr\\\/#website\",\"url\":\"https:\\\/\\\/www.webdo.tn\\\/fr\\\/\",\"name\":\"webdo\",\"description\":\"Tunisie - News en Tunisie et \u00e0 l&#039;international sur Webdo.tn\",\"publisher\":{\"@id\":\"https:\\\/\\\/www.webdo.tn\\\/fr\\\/#organization\"},\"potentialAction\":[{\"@type\":\"SearchAction\",\"target\":{\"@type\":\"EntryPoint\",\"urlTemplate\":\"https:\\\/\\\/www.webdo.tn\\\/fr\\\/?s={search_term_string}\"},\"query-input\":{\"@type\":\"PropertyValueSpecification\",\"valueRequired\":true,\"valueName\":\"search_term_string\"}}],\"inLanguage\":\"fr-FR\"},{\"@type\":\"Organization\",\"@id\":\"https:\\\/\\\/www.webdo.tn\\\/fr\\\/#organization\",\"name\":\"Webdo\",\"alternateName\":\"Webdo.tn\",\"url\":\"https:\\\/\\\/www.webdo.tn\\\/fr\\\/\",\"logo\":{\"@type\":\"ImageObject\",\"inLanguage\":\"fr-FR\",\"@id\":\"https:\\\/\\\/www.webdo.tn\\\/fr\\\/#\\\/schema\\\/logo\\\/image\\\/\",\"url\":\"https:\\\/\\\/www.webdo.tn\\\/fr\\\/wp-content\\\/uploads\\\/2025\\\/06\\\/Webdo-Tunisie_168377.jpg\",\"contentUrl\":\"https:\\\/\\\/www.webdo.tn\\\/fr\\\/wp-content\\\/uploads\\\/2025\\\/06\\\/Webdo-Tunisie_168377.jpg\",\"width\":301,\"height\":301,\"caption\":\"Webdo\"},\"image\":{\"@id\":\"https:\\\/\\\/www.webdo.tn\\\/fr\\\/#\\\/schema\\\/logo\\\/image\\\/\"},\"sameAs\":[\"https:\\\/\\\/www.facebook.com\\\/webdotn\",\"https:\\\/\\\/x.com\\\/webdo_tn\"],\"description\":\"Webdo est un m\u00e9dia num\u00e9rique tunisien fond\u00e9 en 2010, sp\u00e9cialis\u00e9 dans l\u2019actualit\u00e9 nationale et internationale, l\u2019\u00e9conomie, la soci\u00e9t\u00e9 et les analyses politiques. Le site s\u2019adresse \u00e0 un large public francophone et couvre l\u2019information tunisienne en temps r\u00e9el.\",\"email\":\"redac@webdo.tn\",\"legalName\":\"YNJ SARL\",\"foundingDate\":\"2010-09-06\",\"numberOfEmployees\":{\"@type\":\"QuantitativeValue\",\"minValue\":\"11\",\"maxValue\":\"50\"}},{\"@type\":\"Person\",\"@id\":\"https:\\\/\\\/www.webdo.tn\\\/fr\\\/#\\\/schema\\\/person\\\/2c4929cbf5a809e3bd38617c6ce150f6\",\"name\":\"MC\",\"image\":{\"@type\":\"ImageObject\",\"inLanguage\":\"fr-FR\",\"@id\":\"https:\\\/\\\/secure.gravatar.com\\\/avatar\\\/a545bbb6f84efdd5553dbbc2895e3ca8f1d12c5215e00a041c9670b54aa9b18a?s=96&d=mm&r=g\",\"url\":\"https:\\\/\\\/secure.gravatar.com\\\/avatar\\\/a545bbb6f84efdd5553dbbc2895e3ca8f1d12c5215e00a041c9670b54aa9b18a?s=96&d=mm&r=g\",\"contentUrl\":\"https:\\\/\\\/secure.gravatar.com\\\/avatar\\\/a545bbb6f84efdd5553dbbc2895e3ca8f1d12c5215e00a041c9670b54aa9b18a?s=96&d=mm&r=g\",\"caption\":\"MC\"},\"url\":\"https:\\\/\\\/www.webdo.tn\\\/fr\\\/actualite\\\/author\\\/mc\\\/\"}]}<\/script>\n<!-- \/ Yoast SEO Premium plugin. -->","yoast_head_json":{"title":"Les juges r\u00e9voqu\u00e9s poursuivent la ministre de la Justice\u2026 en justice !","description":"Mohamed Taher Kanzari, un des 57 juges r\u00e9voqu\u00e9s par le pr\u00e9sident de la R\u00e9publique Kais Saied en juin dernier, et qui vient d\u2019entamer une gr\u00e8ve de la faim, a ann...","canonical":"https:\/\/www.webdo.tn\/fr\/actualite\/national\/les-juges-revoques-poursuivent-la-ministre-de-la-justice-en-justice\/202149\/","og_locale":"fr_FR","og_type":"article","og_title":"Les juges r\u00e9voqu\u00e9s poursuivent la ministre de la Justice\u2026 en justice !","og_description":"Mohamed Taher Kanzari, un des 57 juges r\u00e9voqu\u00e9s par le pr\u00e9sident de la R\u00e9publique Kais Saied en juin dernier, et qui vient d\u2019entamer une gr\u00e8ve de la faim, a ann...","og_url":"https:\/\/www.webdo.tn\/fr\/actualite\/national\/les-juges-revoques-poursuivent-la-ministre-de-la-justice-en-justice\/202149\/","og_site_name":"webdo","article_publisher":"https:\/\/www.facebook.com\/webdotn","article_published_time":"2023-01-23T12:05:00+00:00","article_modified_time":"2025-05-20T22:03:05+00:00","og_image":[{"width":750,"height":400,"url":"https:\/\/www.webdo.tn\/fr\/wp-content\/uploads\/2023\/01\/acfd4a26a059daa5b3746f32620e3be9.jpg","type":"image\/jpeg"}],"author":"MC","twitter_card":"summary_large_image","twitter_creator":"@webdo_tn","twitter_site":"@webdo_tn","twitter_misc":{"\u00c9crit par":"MC","Dur\u00e9e de lecture estim\u00e9e":"1 minute"},"schema":{"@context":"https:\/\/schema.org","@graph":[{"@type":"NewsArticle","@id":"https:\/\/www.webdo.tn\/fr\/actualite\/national\/les-juges-revoques-poursuivent-la-ministre-de-la-justice-en-justice\/202149\/#article","isPartOf":{"@id":"https:\/\/www.webdo.tn\/fr\/actualite\/national\/les-juges-revoques-poursuivent-la-ministre-de-la-justice-en-justice\/202149\/"},"author":{"name":"MC","@id":"https:\/\/www.webdo.tn\/fr\/#\/schema\/person\/2c4929cbf5a809e3bd38617c6ce150f6"},"headline":"Les juges r\u00e9voqu\u00e9s poursuivent la ministre de la Justice\u2026 en justice !","datePublished":"2023-01-23T12:05:00+00:00","dateModified":"2025-05-20T22:03:05+00:00","mainEntityOfPage":{"@id":"https:\/\/www.webdo.tn\/fr\/actualite\/national\/les-juges-revoques-poursuivent-la-ministre-de-la-justice-en-justice\/202149\/"},"wordCount":246,"commentCount":0,"publisher":{"@id":"https:\/\/www.webdo.tn\/fr\/#organization"},"image":{"@id":"https:\/\/www.webdo.tn\/fr\/actualite\/national\/les-juges-revoques-poursuivent-la-ministre-de-la-justice-en-justice\/202149\/#primaryimage"},"thumbnailUrl":"https:\/\/www.webdo.tn\/fr\/wp-content\/uploads\/2023\/01\/acfd4a26a059daa5b3746f32620e3be9.jpg","keywords":["juges r\u00e9voqu\u00e9s","justice","Leila Jaffel","plainte"],"articleSection":["National"],"inLanguage":"fr-FR"},{"@type":"WebPage","@id":"https:\/\/www.webdo.tn\/fr\/actualite\/national\/les-juges-revoques-poursuivent-la-ministre-de-la-justice-en-justice\/202149\/","url":"https:\/\/www.webdo.tn\/fr\/actualite\/national\/les-juges-revoques-poursuivent-la-ministre-de-la-justice-en-justice\/202149\/","name":"Les juges r\u00e9voqu\u00e9s poursuivent la ministre de la Justice\u2026 en justice !","isPartOf":{"@id":"https:\/\/www.webdo.tn\/fr\/#website"},"primaryImageOfPage":{"@id":"https:\/\/www.webdo.tn\/fr\/actualite\/national\/les-juges-revoques-poursuivent-la-ministre-de-la-justice-en-justice\/202149\/#primaryimage"},"image":{"@id":"https:\/\/www.webdo.tn\/fr\/actualite\/national\/les-juges-revoques-poursuivent-la-ministre-de-la-justice-en-justice\/202149\/#primaryimage"},"thumbnailUrl":"https:\/\/www.webdo.tn\/fr\/wp-content\/uploads\/2023\/01\/acfd4a26a059daa5b3746f32620e3be9.jpg","datePublished":"2023-01-23T12:05:00+00:00","dateModified":"2025-05-20T22:03:05+00:00","description":"Mohamed Taher Kanzari, un des 57 juges r\u00e9voqu\u00e9s par le pr\u00e9sident de la R\u00e9publique Kais Saied en juin dernier, et qui vient d\u2019entamer une gr\u00e8ve de la faim, a ann...","breadcrumb":{"@id":"https:\/\/www.webdo.tn\/fr\/actualite\/national\/les-juges-revoques-poursuivent-la-ministre-de-la-justice-en-justice\/202149\/#breadcrumb"},"inLanguage":"fr-FR","potentialAction":[{"@type":"ReadAction","target":["https:\/\/www.webdo.tn\/fr\/actualite\/national\/les-juges-revoques-poursuivent-la-ministre-de-la-justice-en-justice\/202149\/"]}]},{"@type":"ImageObject","inLanguage":"fr-FR","@id":"https:\/\/www.webdo.tn\/fr\/actualite\/national\/les-juges-revoques-poursuivent-la-ministre-de-la-justice-en-justice\/202149\/#primaryimage","url":"https:\/\/www.webdo.tn\/fr\/wp-content\/uploads\/2023\/01\/acfd4a26a059daa5b3746f32620e3be9.jpg","contentUrl":"https:\/\/www.webdo.tn\/fr\/wp-content\/uploads\/2023\/01\/acfd4a26a059daa5b3746f32620e3be9.jpg","width":750,"height":400,"caption":"Leila Jaffel, ministre de la Justice"},{"@type":"BreadcrumbList","@id":"https:\/\/www.webdo.tn\/fr\/actualite\/national\/les-juges-revoques-poursuivent-la-ministre-de-la-justice-en-justice\/202149\/#breadcrumb","itemListElement":[{"@type":"ListItem","position":1,"name":"Accueil","item":"https:\/\/www.webdo.tn\/fr\/"},{"@type":"ListItem","position":2,"name":"Les juges r\u00e9voqu\u00e9s poursuivent la ministre de la Justice\u2026 en justice !"}]},{"@type":"WebSite","@id":"https:\/\/www.webdo.tn\/fr\/#website","url":"https:\/\/www.webdo.tn\/fr\/","name":"webdo","description":"Tunisie - News en Tunisie et \u00e0 l&#039;international sur Webdo.tn","publisher":{"@id":"https:\/\/www.webdo.tn\/fr\/#organization"},"potentialAction":[{"@type":"SearchAction","target":{"@type":"EntryPoint","urlTemplate":"https:\/\/www.webdo.tn\/fr\/?s={search_term_string}"},"query-input":{"@type":"PropertyValueSpecification","valueRequired":true,"valueName":"search_term_string"}}],"inLanguage":"fr-FR"},{"@type":"Organization","@id":"https:\/\/www.webdo.tn\/fr\/#organization","name":"Webdo","alternateName":"Webdo.tn","url":"https:\/\/www.webdo.tn\/fr\/","logo":{"@type":"ImageObject","inLanguage":"fr-FR","@id":"https:\/\/www.webdo.tn\/fr\/#\/schema\/logo\/image\/","url":"https:\/\/www.webdo.tn\/fr\/wp-content\/uploads\/2025\/06\/Webdo-Tunisie_168377.jpg","contentUrl":"https:\/\/www.webdo.tn\/fr\/wp-content\/uploads\/2025\/06\/Webdo-Tunisie_168377.jpg","width":301,"height":301,"caption":"Webdo"},"image":{"@id":"https:\/\/www.webdo.tn\/fr\/#\/schema\/logo\/image\/"},"sameAs":["https:\/\/www.facebook.com\/webdotn","https:\/\/x.com\/webdo_tn"],"description":"Webdo est un m\u00e9dia num\u00e9rique tunisien fond\u00e9 en 2010, sp\u00e9cialis\u00e9 dans l\u2019actualit\u00e9 nationale et internationale, l\u2019\u00e9conomie, la soci\u00e9t\u00e9 et les analyses politiques. Le site s\u2019adresse \u00e0 un large public francophone et couvre l\u2019information tunisienne en temps r\u00e9el.","email":"redac@webdo.tn","legalName":"YNJ SARL","foundingDate":"2010-09-06","numberOfEmployees":{"@type":"QuantitativeValue","minValue":"11","maxValue":"50"}},{"@type":"Person","@id":"https:\/\/www.webdo.tn\/fr\/#\/schema\/person\/2c4929cbf5a809e3bd38617c6ce150f6","name":"MC","image":{"@type":"ImageObject","inLanguage":"fr-FR","@id":"https:\/\/secure.gravatar.com\/avatar\/a545bbb6f84efdd5553dbbc2895e3ca8f1d12c5215e00a041c9670b54aa9b18a?s=96&d=mm&r=g","url":"https:\/\/secure.gravatar.com\/avatar\/a545bbb6f84efdd5553dbbc2895e3ca8f1d12c5215e00a041c9670b54aa9b18a?s=96&d=mm&r=g","contentUrl":"https:\/\/secure.gravatar.com\/avatar\/a545bbb6f84efdd5553dbbc2895e3ca8f1d12c5215e00a041c9670b54aa9b18a?s=96&d=mm&r=g","caption":"MC"},"url":"https:\/\/www.webdo.tn\/fr\/actualite\/author\/mc\/"}]}},"_links":{"self":[{"href":"https:\/\/www.webdo.tn\/fr\/wp-json\/wp\/v2\/posts\/202149","targetHints":{"allow":["GET"]}}],"collection":[{"href":"https:\/\/www.webdo.tn\/fr\/wp-json\/wp\/v2\/posts"}],"about":[{"href":"https:\/\/www.webdo.tn\/fr\/wp-json\/wp\/v2\/types\/post"}],"author":[{"embeddable":true,"href":"https:\/\/www.webdo.tn\/fr\/wp-json\/wp\/v2\/users\/3162"}],"replies":[{"embeddable":true,"href":"https:\/\/www.webdo.tn\/fr\/wp-json\/wp\/v2\/comments?post=202149"}],"version-history":[{"count":0,"href":"https:\/\/www.webdo.tn\/fr\/wp-json\/wp\/v2\/posts\/202149\/revisions"}],"wp:featuredmedia":[{"embeddable":true,"href":"https:\/\/www.webdo.tn\/fr\/wp-json\/wp\/v2\/media\/252449"}],"wp:attachment":[{"href":"https:\/\/www.webdo.tn\/fr\/wp-json\/wp\/v2\/media?parent=202149"}],"wp:term":[{"taxonomy":"category","embeddable":true,"href":"https:\/\/www.webdo.tn\/fr\/wp-json\/wp\/v2\/categories?post=202149"},{"taxonomy":"post_tag","embeddable":true,"href":"https:\/\/www.webdo.tn\/fr\/wp-json\/wp\/v2\/tags?post=202149"}],"curies":[{"name":"wp","href":"https:\/\/api.w.org\/{rel}","templated":true}]}}