{"id":202147,"date":"2023-01-23T11:52:00","date_gmt":"2023-01-23T11:52:00","guid":{"rendered":"https:\/\/www.webdo.tn\/fr\/blog\/bons-baisers-de-schengen-les-frais-de-visa-multiplies-par-deux\/202147\/"},"modified":"2025-05-20T22:58:54","modified_gmt":"2025-05-20T22:58:54","slug":"bons-baisers-de-schengen-les-frais-de-visa-multiplies-par-deux","status":"publish","type":"post","link":"https:\/\/www.webdo.tn\/fr\/actualite\/national\/bons-baisers-de-schengen-les-frais-de-visa-multiplies-par-deux\/202147\/","title":{"rendered":"Bons baisers de Schengen : les frais de visa multipli\u00e9s par deux !"},"content":{"rendered":"<p>Certains candidats au voyage ont \u00e9t\u00e9 surpris, ces derniers jours, par la hausse vertigineuse des frais de dossier pour l\u2019octroi de visa. C\u2019est du simple au double.<\/p>\n<p>\t\t\t\t\t\t\t\t\tC\u2019est la mauvaise surprise \u00e0 laquelle \u00e9tait confront\u00e9, derni\u00e8rement, un \u00e9tudiant voulant se rendre en Belgique. Suivez le cheminement.<\/p>\n<p>Notre \u00e9tudiant a entrepris, d\u2019abord, d\u2019entrer dans le site de TLS contact pour paiement des frais de dossier. Premi\u00e8re surprise : le site ne fonctionne pas.<\/p>\n<p>Qu\u2019\u00e0 cela ne tienne. Le jeune homme a pris un RDV par t\u00e9l\u00e9phone et on l\u2019a inform\u00e9 \u00e0 TLS Contact qu\u2019il devait payer 340 dinars. Pratiquement le m\u00eame tarif que 2022. C\u2019est pas grave, il a pris ses pr\u00e9cautions.<\/p>\n<p>Attendez, n\u2019allez pas trop vite en besogne.<\/p>\n<p>La veille du RDV (fix\u00e9 au 21 janvier), vers 15h00, le jeune homme re\u00e7oit un appel de la part de TLS pour lui dire que les frais sont, d\u00e9sormais, \u00e0 690 dinars. Coup de massue : l\u2019\u00e9tudiant n\u2019a pas la somme requise. Il doit se d\u00e9brouiller. Le lendemain, en se renseignant, il d\u00e9couvre que tous les candidats ont eu le m\u00eame appel.<\/p>\n<p>Prenant son mal en patience, il se pr\u00e9sente le jour \u00ab J \u00bb, \u00e0 TLS, au rendez-vous fix\u00e9. Et l\u00e0, il n\u2019est pas au bout de ses surprises. On lui a fait signifier qu\u2019il devait prendre d\u2019autres photos.<\/p>\n<p>Maintenant, la boucle est boucl\u00e9e. Les frais ont atteint 700 balles ! 690 dinars de frais de visa et de frais de service, et 10 dinars pour les photos.<\/p>\n<p>Ce n\u2019est pas tout : notre concitoyen n\u2019a pas eu de re\u00e7u de paiement. Allez savoir pourquoi. Maintenant, pour lui, comme pour tous les autres demandeurs de visa, c\u2019est l\u2019attente, la longue attente !<\/p>\n<p>Il faut souligner, pour ceux qui ne le savent pas, que le paiement des frais de visa et des frais de service ne garantit pas qu\u2019un visa soit accord\u00e9. Les frais de visa et frais de service sont tous deux non remboursables et non transf\u00e9rables si la demande de visa est refus\u00e9e par l\u2019administration.<\/p>\n<p>Bons baisers de Schengen !<\/p>\n","protected":false},"excerpt":{"rendered":"<p>Certains candidats au voyage ont \u00e9t\u00e9 surpris, ces derniers jours, par la hausse vertigineuse des frais de dossier pour l\u2019octroi de visa. C\u2019est du simple au doub&#8230;<\/p>\n","protected":false},"author":3188,"featured_media":252444,"comment_status":"open","ping_status":"closed","sticky":false,"template":"","format":"standard","meta":{"footnotes":""},"categories":[44],"tags":[6831,6767,4525,6378],"class_list":["post-202147","post","type-post","status-publish","format-standard","has-post-thumbnail","hentry","category-national","tag-belgique","tag-frais","tag-tls-contact","tag-visa-schengen"],"yoast_head":"<!-- This site is optimized with the Yoast SEO Premium plugin v27.4 (Yoast SEO v27.5) - https:\/\/yoast.com\/product\/yoast-seo-premium-wordpress\/ -->\n<title>Bons baisers de Schengen : les frais de visa multipli\u00e9s par deux !<\/title>\n<meta name=\"description\" content=\"Certains candidats au voyage ont \u00e9t\u00e9 surpris, ces derniers jours, par la hausse vertigineuse des frais de dossier pour l\u2019octroi de visa. C\u2019est du simple au doub...\" \/>\n<link rel=\"canonical\" href=\"https:\/\/www.webdo.tn\/fr\/actualite\/national\/bons-baisers-de-schengen-les-frais-de-visa-multiplies-par-deux\/202147\/\" \/>\n<meta property=\"og:locale\" content=\"fr_FR\" \/>\n<meta property=\"og:type\" content=\"article\" \/>\n<meta property=\"og:title\" content=\"Bons baisers de Schengen : les frais de visa multipli\u00e9s par deux !\" \/>\n<meta property=\"og:description\" content=\"Certains candidats au voyage ont \u00e9t\u00e9 surpris, ces derniers jours, par la hausse vertigineuse des frais de dossier pour l\u2019octroi de visa. C\u2019est du simple au doub...\" \/>\n<meta property=\"og:url\" content=\"https:\/\/www.webdo.tn\/fr\/actualite\/national\/bons-baisers-de-schengen-les-frais-de-visa-multiplies-par-deux\/202147\/\" \/>\n<meta property=\"og:site_name\" content=\"webdo\" \/>\n<meta property=\"article:publisher\" content=\"https:\/\/www.facebook.com\/webdotn\" \/>\n<meta property=\"article:published_time\" content=\"2023-01-23T11:52:00+00:00\" \/>\n<meta property=\"article:modified_time\" content=\"2025-05-20T22:58:54+00:00\" \/>\n<meta property=\"og:image\" content=\"https:\/\/www.webdo.tn\/fr\/wp-content\/uploads\/2023\/01\/c580ad77b0af77b4b1b9086e5586e510.jpg\" \/>\n\t<meta property=\"og:image:width\" content=\"750\" \/>\n\t<meta property=\"og:image:height\" content=\"400\" \/>\n\t<meta property=\"og:image:type\" content=\"image\/jpeg\" \/>\n<meta name=\"author\" content=\"Ramzi\" \/>\n<meta name=\"twitter:card\" content=\"summary_large_image\" \/>\n<meta name=\"twitter:creator\" content=\"@webdo_tn\" \/>\n<meta name=\"twitter:site\" content=\"@webdo_tn\" \/>\n<meta name=\"twitter:label1\" content=\"\u00c9crit par\" \/>\n\t<meta name=\"twitter:data1\" content=\"Ramzi\" \/>\n\t<meta name=\"twitter:label2\" content=\"Dur\u00e9e de lecture estim\u00e9e\" \/>\n\t<meta name=\"twitter:data2\" content=\"2 minutes\" \/>\n<script type=\"application\/ld+json\" class=\"yoast-schema-graph\">{\"@context\":\"https:\\\/\\\/schema.org\",\"@graph\":[{\"@type\":\"NewsArticle\",\"@id\":\"https:\\\/\\\/www.webdo.tn\\\/fr\\\/actualite\\\/national\\\/bons-baisers-de-schengen-les-frais-de-visa-multiplies-par-deux\\\/202147\\\/#article\",\"isPartOf\":{\"@id\":\"https:\\\/\\\/www.webdo.tn\\\/fr\\\/actualite\\\/national\\\/bons-baisers-de-schengen-les-frais-de-visa-multiplies-par-deux\\\/202147\\\/\"},\"author\":{\"name\":\"Ramzi\",\"@id\":\"https:\\\/\\\/www.webdo.tn\\\/fr\\\/#\\\/schema\\\/person\\\/590cb5f81adcfde6385530fdbdf468e2\"},\"headline\":\"Bons baisers de Schengen : les frais de visa multipli\u00e9s par deux !\",\"datePublished\":\"2023-01-23T11:52:00+00:00\",\"dateModified\":\"2025-05-20T22:58:54+00:00\",\"mainEntityOfPage\":{\"@id\":\"https:\\\/\\\/www.webdo.tn\\\/fr\\\/actualite\\\/national\\\/bons-baisers-de-schengen-les-frais-de-visa-multiplies-par-deux\\\/202147\\\/\"},\"wordCount\":369,\"commentCount\":0,\"publisher\":{\"@id\":\"https:\\\/\\\/www.webdo.tn\\\/fr\\\/#organization\"},\"image\":{\"@id\":\"https:\\\/\\\/www.webdo.tn\\\/fr\\\/actualite\\\/national\\\/bons-baisers-de-schengen-les-frais-de-visa-multiplies-par-deux\\\/202147\\\/#primaryimage\"},\"thumbnailUrl\":\"https:\\\/\\\/www.webdo.tn\\\/fr\\\/wp-content\\\/uploads\\\/2023\\\/01\\\/c580ad77b0af77b4b1b9086e5586e510.jpg\",\"keywords\":[\"belgique\",\"frais\",\"TLS Contact\",\"visa Schengen\"],\"articleSection\":[\"National\"],\"inLanguage\":\"fr-FR\"},{\"@type\":\"WebPage\",\"@id\":\"https:\\\/\\\/www.webdo.tn\\\/fr\\\/actualite\\\/national\\\/bons-baisers-de-schengen-les-frais-de-visa-multiplies-par-deux\\\/202147\\\/\",\"url\":\"https:\\\/\\\/www.webdo.tn\\\/fr\\\/actualite\\\/national\\\/bons-baisers-de-schengen-les-frais-de-visa-multiplies-par-deux\\\/202147\\\/\",\"name\":\"Bons baisers de Schengen : les frais de visa multipli\u00e9s par deux !\",\"isPartOf\":{\"@id\":\"https:\\\/\\\/www.webdo.tn\\\/fr\\\/#website\"},\"primaryImageOfPage\":{\"@id\":\"https:\\\/\\\/www.webdo.tn\\\/fr\\\/actualite\\\/national\\\/bons-baisers-de-schengen-les-frais-de-visa-multiplies-par-deux\\\/202147\\\/#primaryimage\"},\"image\":{\"@id\":\"https:\\\/\\\/www.webdo.tn\\\/fr\\\/actualite\\\/national\\\/bons-baisers-de-schengen-les-frais-de-visa-multiplies-par-deux\\\/202147\\\/#primaryimage\"},\"thumbnailUrl\":\"https:\\\/\\\/www.webdo.tn\\\/fr\\\/wp-content\\\/uploads\\\/2023\\\/01\\\/c580ad77b0af77b4b1b9086e5586e510.jpg\",\"datePublished\":\"2023-01-23T11:52:00+00:00\",\"dateModified\":\"2025-05-20T22:58:54+00:00\",\"description\":\"Certains candidats au voyage ont \u00e9t\u00e9 surpris, ces derniers jours, par la hausse vertigineuse des frais de dossier pour l\u2019octroi de visa. C\u2019est du simple au doub...\",\"breadcrumb\":{\"@id\":\"https:\\\/\\\/www.webdo.tn\\\/fr\\\/actualite\\\/national\\\/bons-baisers-de-schengen-les-frais-de-visa-multiplies-par-deux\\\/202147\\\/#breadcrumb\"},\"inLanguage\":\"fr-FR\",\"potentialAction\":[{\"@type\":\"ReadAction\",\"target\":[\"https:\\\/\\\/www.webdo.tn\\\/fr\\\/actualite\\\/national\\\/bons-baisers-de-schengen-les-frais-de-visa-multiplies-par-deux\\\/202147\\\/\"]}]},{\"@type\":\"ImageObject\",\"inLanguage\":\"fr-FR\",\"@id\":\"https:\\\/\\\/www.webdo.tn\\\/fr\\\/actualite\\\/national\\\/bons-baisers-de-schengen-les-frais-de-visa-multiplies-par-deux\\\/202147\\\/#primaryimage\",\"url\":\"https:\\\/\\\/www.webdo.tn\\\/fr\\\/wp-content\\\/uploads\\\/2023\\\/01\\\/c580ad77b0af77b4b1b9086e5586e510.jpg\",\"contentUrl\":\"https:\\\/\\\/www.webdo.tn\\\/fr\\\/wp-content\\\/uploads\\\/2023\\\/01\\\/c580ad77b0af77b4b1b9086e5586e510.jpg\",\"width\":750,\"height\":400,\"caption\":\"Bons baisers de Schengen : les frais de visa multipli\u00e9s par deux !\"},{\"@type\":\"BreadcrumbList\",\"@id\":\"https:\\\/\\\/www.webdo.tn\\\/fr\\\/actualite\\\/national\\\/bons-baisers-de-schengen-les-frais-de-visa-multiplies-par-deux\\\/202147\\\/#breadcrumb\",\"itemListElement\":[{\"@type\":\"ListItem\",\"position\":1,\"name\":\"Accueil\",\"item\":\"https:\\\/\\\/www.webdo.tn\\\/fr\\\/\"},{\"@type\":\"ListItem\",\"position\":2,\"name\":\"Bons baisers de Schengen : les frais de visa multipli\u00e9s par deux !\"}]},{\"@type\":\"WebSite\",\"@id\":\"https:\\\/\\\/www.webdo.tn\\\/fr\\\/#website\",\"url\":\"https:\\\/\\\/www.webdo.tn\\\/fr\\\/\",\"name\":\"webdo\",\"description\":\"Tunisie - News en Tunisie et \u00e0 l&#039;international sur Webdo.tn\",\"publisher\":{\"@id\":\"https:\\\/\\\/www.webdo.tn\\\/fr\\\/#organization\"},\"potentialAction\":[{\"@type\":\"SearchAction\",\"target\":{\"@type\":\"EntryPoint\",\"urlTemplate\":\"https:\\\/\\\/www.webdo.tn\\\/fr\\\/?s={search_term_string}\"},\"query-input\":{\"@type\":\"PropertyValueSpecification\",\"valueRequired\":true,\"valueName\":\"search_term_string\"}}],\"inLanguage\":\"fr-FR\"},{\"@type\":\"Organization\",\"@id\":\"https:\\\/\\\/www.webdo.tn\\\/fr\\\/#organization\",\"name\":\"Webdo\",\"alternateName\":\"Webdo.tn\",\"url\":\"https:\\\/\\\/www.webdo.tn\\\/fr\\\/\",\"logo\":{\"@type\":\"ImageObject\",\"inLanguage\":\"fr-FR\",\"@id\":\"https:\\\/\\\/www.webdo.tn\\\/fr\\\/#\\\/schema\\\/logo\\\/image\\\/\",\"url\":\"https:\\\/\\\/www.webdo.tn\\\/fr\\\/wp-content\\\/uploads\\\/2025\\\/06\\\/Webdo-Tunisie_168377.jpg\",\"contentUrl\":\"https:\\\/\\\/www.webdo.tn\\\/fr\\\/wp-content\\\/uploads\\\/2025\\\/06\\\/Webdo-Tunisie_168377.jpg\",\"width\":301,\"height\":301,\"caption\":\"Webdo\"},\"image\":{\"@id\":\"https:\\\/\\\/www.webdo.tn\\\/fr\\\/#\\\/schema\\\/logo\\\/image\\\/\"},\"sameAs\":[\"https:\\\/\\\/www.facebook.com\\\/webdotn\",\"https:\\\/\\\/x.com\\\/webdo_tn\"],\"description\":\"Webdo est un m\u00e9dia num\u00e9rique tunisien fond\u00e9 en 2010, sp\u00e9cialis\u00e9 dans l\u2019actualit\u00e9 nationale et internationale, l\u2019\u00e9conomie, la soci\u00e9t\u00e9 et les analyses politiques. Le site s\u2019adresse \u00e0 un large public francophone et couvre l\u2019information tunisienne en temps r\u00e9el.\",\"email\":\"redac@webdo.tn\",\"legalName\":\"YNJ SARL\",\"foundingDate\":\"2010-09-06\",\"numberOfEmployees\":{\"@type\":\"QuantitativeValue\",\"minValue\":\"11\",\"maxValue\":\"50\"}},{\"@type\":\"Person\",\"@id\":\"https:\\\/\\\/www.webdo.tn\\\/fr\\\/#\\\/schema\\\/person\\\/590cb5f81adcfde6385530fdbdf468e2\",\"name\":\"Ramzi\",\"image\":{\"@type\":\"ImageObject\",\"inLanguage\":\"fr-FR\",\"@id\":\"https:\\\/\\\/secure.gravatar.com\\\/avatar\\\/48df7d18915e10cf866ba8e27604c81ff9243fd52704a1d210c3e387e1cb8d87?s=96&d=mm&r=g\",\"url\":\"https:\\\/\\\/secure.gravatar.com\\\/avatar\\\/48df7d18915e10cf866ba8e27604c81ff9243fd52704a1d210c3e387e1cb8d87?s=96&d=mm&r=g\",\"contentUrl\":\"https:\\\/\\\/secure.gravatar.com\\\/avatar\\\/48df7d18915e10cf866ba8e27604c81ff9243fd52704a1d210c3e387e1cb8d87?s=96&d=mm&r=g\",\"caption\":\"Ramzi\"},\"url\":\"https:\\\/\\\/www.webdo.tn\\\/fr\\\/actualite\\\/author\\\/ramzi\\\/\"}]}<\/script>\n<!-- \/ Yoast SEO Premium plugin. -->","yoast_head_json":{"title":"Bons baisers de Schengen : les frais de visa multipli\u00e9s par deux !","description":"Certains candidats au voyage ont \u00e9t\u00e9 surpris, ces derniers jours, par la hausse vertigineuse des frais de dossier pour l\u2019octroi de visa. C\u2019est du simple au doub...","canonical":"https:\/\/www.webdo.tn\/fr\/actualite\/national\/bons-baisers-de-schengen-les-frais-de-visa-multiplies-par-deux\/202147\/","og_locale":"fr_FR","og_type":"article","og_title":"Bons baisers de Schengen : les frais de visa multipli\u00e9s par deux !","og_description":"Certains candidats au voyage ont \u00e9t\u00e9 surpris, ces derniers jours, par la hausse vertigineuse des frais de dossier pour l\u2019octroi de visa. C\u2019est du simple au doub...","og_url":"https:\/\/www.webdo.tn\/fr\/actualite\/national\/bons-baisers-de-schengen-les-frais-de-visa-multiplies-par-deux\/202147\/","og_site_name":"webdo","article_publisher":"https:\/\/www.facebook.com\/webdotn","article_published_time":"2023-01-23T11:52:00+00:00","article_modified_time":"2025-05-20T22:58:54+00:00","og_image":[{"width":750,"height":400,"url":"https:\/\/www.webdo.tn\/fr\/wp-content\/uploads\/2023\/01\/c580ad77b0af77b4b1b9086e5586e510.jpg","type":"image\/jpeg"}],"author":"Ramzi","twitter_card":"summary_large_image","twitter_creator":"@webdo_tn","twitter_site":"@webdo_tn","twitter_misc":{"\u00c9crit par":"Ramzi","Dur\u00e9e de lecture estim\u00e9e":"2 minutes"},"schema":{"@context":"https:\/\/schema.org","@graph":[{"@type":"NewsArticle","@id":"https:\/\/www.webdo.tn\/fr\/actualite\/national\/bons-baisers-de-schengen-les-frais-de-visa-multiplies-par-deux\/202147\/#article","isPartOf":{"@id":"https:\/\/www.webdo.tn\/fr\/actualite\/national\/bons-baisers-de-schengen-les-frais-de-visa-multiplies-par-deux\/202147\/"},"author":{"name":"Ramzi","@id":"https:\/\/www.webdo.tn\/fr\/#\/schema\/person\/590cb5f81adcfde6385530fdbdf468e2"},"headline":"Bons baisers de Schengen : les frais de visa multipli\u00e9s par deux !","datePublished":"2023-01-23T11:52:00+00:00","dateModified":"2025-05-20T22:58:54+00:00","mainEntityOfPage":{"@id":"https:\/\/www.webdo.tn\/fr\/actualite\/national\/bons-baisers-de-schengen-les-frais-de-visa-multiplies-par-deux\/202147\/"},"wordCount":369,"commentCount":0,"publisher":{"@id":"https:\/\/www.webdo.tn\/fr\/#organization"},"image":{"@id":"https:\/\/www.webdo.tn\/fr\/actualite\/national\/bons-baisers-de-schengen-les-frais-de-visa-multiplies-par-deux\/202147\/#primaryimage"},"thumbnailUrl":"https:\/\/www.webdo.tn\/fr\/wp-content\/uploads\/2023\/01\/c580ad77b0af77b4b1b9086e5586e510.jpg","keywords":["belgique","frais","TLS Contact","visa Schengen"],"articleSection":["National"],"inLanguage":"fr-FR"},{"@type":"WebPage","@id":"https:\/\/www.webdo.tn\/fr\/actualite\/national\/bons-baisers-de-schengen-les-frais-de-visa-multiplies-par-deux\/202147\/","url":"https:\/\/www.webdo.tn\/fr\/actualite\/national\/bons-baisers-de-schengen-les-frais-de-visa-multiplies-par-deux\/202147\/","name":"Bons baisers de Schengen : les frais de visa multipli\u00e9s par deux !","isPartOf":{"@id":"https:\/\/www.webdo.tn\/fr\/#website"},"primaryImageOfPage":{"@id":"https:\/\/www.webdo.tn\/fr\/actualite\/national\/bons-baisers-de-schengen-les-frais-de-visa-multiplies-par-deux\/202147\/#primaryimage"},"image":{"@id":"https:\/\/www.webdo.tn\/fr\/actualite\/national\/bons-baisers-de-schengen-les-frais-de-visa-multiplies-par-deux\/202147\/#primaryimage"},"thumbnailUrl":"https:\/\/www.webdo.tn\/fr\/wp-content\/uploads\/2023\/01\/c580ad77b0af77b4b1b9086e5586e510.jpg","datePublished":"2023-01-23T11:52:00+00:00","dateModified":"2025-05-20T22:58:54+00:00","description":"Certains candidats au voyage ont \u00e9t\u00e9 surpris, ces derniers jours, par la hausse vertigineuse des frais de dossier pour l\u2019octroi de visa. C\u2019est du simple au doub...","breadcrumb":{"@id":"https:\/\/www.webdo.tn\/fr\/actualite\/national\/bons-baisers-de-schengen-les-frais-de-visa-multiplies-par-deux\/202147\/#breadcrumb"},"inLanguage":"fr-FR","potentialAction":[{"@type":"ReadAction","target":["https:\/\/www.webdo.tn\/fr\/actualite\/national\/bons-baisers-de-schengen-les-frais-de-visa-multiplies-par-deux\/202147\/"]}]},{"@type":"ImageObject","inLanguage":"fr-FR","@id":"https:\/\/www.webdo.tn\/fr\/actualite\/national\/bons-baisers-de-schengen-les-frais-de-visa-multiplies-par-deux\/202147\/#primaryimage","url":"https:\/\/www.webdo.tn\/fr\/wp-content\/uploads\/2023\/01\/c580ad77b0af77b4b1b9086e5586e510.jpg","contentUrl":"https:\/\/www.webdo.tn\/fr\/wp-content\/uploads\/2023\/01\/c580ad77b0af77b4b1b9086e5586e510.jpg","width":750,"height":400,"caption":"Bons baisers de Schengen : les frais de visa multipli\u00e9s par deux !"},{"@type":"BreadcrumbList","@id":"https:\/\/www.webdo.tn\/fr\/actualite\/national\/bons-baisers-de-schengen-les-frais-de-visa-multiplies-par-deux\/202147\/#breadcrumb","itemListElement":[{"@type":"ListItem","position":1,"name":"Accueil","item":"https:\/\/www.webdo.tn\/fr\/"},{"@type":"ListItem","position":2,"name":"Bons baisers de Schengen : les frais de visa multipli\u00e9s par deux !"}]},{"@type":"WebSite","@id":"https:\/\/www.webdo.tn\/fr\/#website","url":"https:\/\/www.webdo.tn\/fr\/","name":"webdo","description":"Tunisie - News en Tunisie et \u00e0 l&#039;international sur Webdo.tn","publisher":{"@id":"https:\/\/www.webdo.tn\/fr\/#organization"},"potentialAction":[{"@type":"SearchAction","target":{"@type":"EntryPoint","urlTemplate":"https:\/\/www.webdo.tn\/fr\/?s={search_term_string}"},"query-input":{"@type":"PropertyValueSpecification","valueRequired":true,"valueName":"search_term_string"}}],"inLanguage":"fr-FR"},{"@type":"Organization","@id":"https:\/\/www.webdo.tn\/fr\/#organization","name":"Webdo","alternateName":"Webdo.tn","url":"https:\/\/www.webdo.tn\/fr\/","logo":{"@type":"ImageObject","inLanguage":"fr-FR","@id":"https:\/\/www.webdo.tn\/fr\/#\/schema\/logo\/image\/","url":"https:\/\/www.webdo.tn\/fr\/wp-content\/uploads\/2025\/06\/Webdo-Tunisie_168377.jpg","contentUrl":"https:\/\/www.webdo.tn\/fr\/wp-content\/uploads\/2025\/06\/Webdo-Tunisie_168377.jpg","width":301,"height":301,"caption":"Webdo"},"image":{"@id":"https:\/\/www.webdo.tn\/fr\/#\/schema\/logo\/image\/"},"sameAs":["https:\/\/www.facebook.com\/webdotn","https:\/\/x.com\/webdo_tn"],"description":"Webdo est un m\u00e9dia num\u00e9rique tunisien fond\u00e9 en 2010, sp\u00e9cialis\u00e9 dans l\u2019actualit\u00e9 nationale et internationale, l\u2019\u00e9conomie, la soci\u00e9t\u00e9 et les analyses politiques. Le site s\u2019adresse \u00e0 un large public francophone et couvre l\u2019information tunisienne en temps r\u00e9el.","email":"redac@webdo.tn","legalName":"YNJ SARL","foundingDate":"2010-09-06","numberOfEmployees":{"@type":"QuantitativeValue","minValue":"11","maxValue":"50"}},{"@type":"Person","@id":"https:\/\/www.webdo.tn\/fr\/#\/schema\/person\/590cb5f81adcfde6385530fdbdf468e2","name":"Ramzi","image":{"@type":"ImageObject","inLanguage":"fr-FR","@id":"https:\/\/secure.gravatar.com\/avatar\/48df7d18915e10cf866ba8e27604c81ff9243fd52704a1d210c3e387e1cb8d87?s=96&d=mm&r=g","url":"https:\/\/secure.gravatar.com\/avatar\/48df7d18915e10cf866ba8e27604c81ff9243fd52704a1d210c3e387e1cb8d87?s=96&d=mm&r=g","contentUrl":"https:\/\/secure.gravatar.com\/avatar\/48df7d18915e10cf866ba8e27604c81ff9243fd52704a1d210c3e387e1cb8d87?s=96&d=mm&r=g","caption":"Ramzi"},"url":"https:\/\/www.webdo.tn\/fr\/actualite\/author\/ramzi\/"}]}},"_links":{"self":[{"href":"https:\/\/www.webdo.tn\/fr\/wp-json\/wp\/v2\/posts\/202147","targetHints":{"allow":["GET"]}}],"collection":[{"href":"https:\/\/www.webdo.tn\/fr\/wp-json\/wp\/v2\/posts"}],"about":[{"href":"https:\/\/www.webdo.tn\/fr\/wp-json\/wp\/v2\/types\/post"}],"author":[{"embeddable":true,"href":"https:\/\/www.webdo.tn\/fr\/wp-json\/wp\/v2\/users\/3188"}],"replies":[{"embeddable":true,"href":"https:\/\/www.webdo.tn\/fr\/wp-json\/wp\/v2\/comments?post=202147"}],"version-history":[{"count":0,"href":"https:\/\/www.webdo.tn\/fr\/wp-json\/wp\/v2\/posts\/202147\/revisions"}],"wp:featuredmedia":[{"embeddable":true,"href":"https:\/\/www.webdo.tn\/fr\/wp-json\/wp\/v2\/media\/252444"}],"wp:attachment":[{"href":"https:\/\/www.webdo.tn\/fr\/wp-json\/wp\/v2\/media?parent=202147"}],"wp:term":[{"taxonomy":"category","embeddable":true,"href":"https:\/\/www.webdo.tn\/fr\/wp-json\/wp\/v2\/categories?post=202147"},{"taxonomy":"post_tag","embeddable":true,"href":"https:\/\/www.webdo.tn\/fr\/wp-json\/wp\/v2\/tags?post=202147"}],"curies":[{"name":"wp","href":"https:\/\/api.w.org\/{rel}","templated":true}]}}