{"id":202144,"date":"2023-01-23T11:16:00","date_gmt":"2023-01-23T11:16:00","guid":{"rendered":"https:\/\/www.webdo.tn\/fr\/blog\/barometre-orchestra-la-tunisie-4eme-destination-preferee-des-francais-en-2022\/202144\/"},"modified":"2025-05-20T22:03:04","modified_gmt":"2025-05-20T22:03:04","slug":"barometre-orchestra-la-tunisie-4eme-destination-preferee-des-francais-en-2022","status":"publish","type":"post","link":"https:\/\/www.webdo.tn\/fr\/actualite\/national\/barometre-orchestra-la-tunisie-4eme-destination-preferee-des-francais-en-2022\/202144\/","title":{"rendered":"Barom\u00e8tre Orchestra : La Tunisie, 4\u00e8me destination pr\u00e9f\u00e9r\u00e9e des Fran\u00e7ais en 2022"},"content":{"rendered":"<p>La Tunisie s\u2019est class\u00e9e parmi les destinations pr\u00e9f\u00e9r\u00e9es des touristes fran\u00e7ais en occupant la 4\u00e8me position en 2022.<\/p>\n<p>\t\t\t\t\t\t\t\t\tLa Tunisie est class\u00e9e avant la R\u00e9publique dominicaine, le Maroc, l\u2019Egypte, l\u2019Italie et la Turquie dans Top 20 des destinations touristiques au cours de l\u2019ann\u00e9e \u00e9coul\u00e9e, r\u00e9alis\u00e9 par le Barom\u00e8tre Orchestra pour L\u2019Echo touristique.<\/p>\n<p>La Tunisie reprend des couleurs et conforte ainsi sa 4\u00e8me place dans ce barom\u00e8tre derri\u00e8re l\u2019Espagne, la France m\u00e9tropolitaine et la Gr\u00e8ce.<\/p>\n<p>Dans son classement, le barom\u00e8tre qui s\u2019est bas\u00e9e sur les performances et ventes r\u00e9alis\u00e9es par les agences de voyages (offline et online), a fait \u00e9tat d\u2019une progression de 8% des ventes sur la Tunisie dans la cat\u00e9gorie \u00ab\u00a0Affaires\u00a0\u00bb et de 20% dans la cat\u00e9gorie \u00ab\u00a0Panier moyen\u00a0\u00bb par rapport \u00e0 l\u2019ann\u00e9e 2019.<\/p>\n<p>L\u2019Espagne caracole en t\u00eate du barom\u00e8tre, avec un bond spectaculaire du volume d\u2019affaires (+57% versus 2019), sur la base d\u2019un panier moyen en hausse de 20%.<\/p>\n<p>La France m\u00e9tropolitaine arrive en deuxi\u00e8me position, mais avec des r\u00e9sultats d\u00e9cevants. Les ventes cumul\u00e9es des op\u00e9rateurs de voyage stagnent (-4%).<\/p>\n<p>La Gr\u00e8ce ferme le podium, avec une hausse notable des ventes (+24%), plus \u00e9lev\u00e9e que celle du panier moyen (+11%).<\/p>\n","protected":false},"excerpt":{"rendered":"<p>La Tunisie s\u2019est class\u00e9e parmi les destinations pr\u00e9f\u00e9r\u00e9es des touristes fran\u00e7ais en occupant la 4\u00e8me position en 2022.<\/p>\n","protected":false},"author":3162,"featured_media":252440,"comment_status":"open","ping_status":"closed","sticky":false,"template":"","format":"standard","meta":{"footnotes":""},"categories":[44],"tags":[3760,3697,2798,2608],"class_list":["post-202144","post","type-post","status-publish","format-standard","has-post-thumbnail","hentry","category-national","tag-destination","tag-francais","tag-tourisme","tag-tunisie"],"yoast_head":"<!-- This site is optimized with the Yoast SEO Premium plugin v27.5 (Yoast SEO v27.5) - https:\/\/yoast.com\/product\/yoast-seo-premium-wordpress\/ -->\n<title>Barom\u00e8tre Orchestra : La Tunisie, 4\u00e8me destination pr\u00e9f\u00e9r\u00e9e des Fran\u00e7ais en 2022<\/title>\n<meta name=\"description\" content=\"La Tunisie s\u2019est class\u00e9e parmi les destinations pr\u00e9f\u00e9r\u00e9es des touristes fran\u00e7ais en occupant la 4\u00e8me position en 2022.\" \/>\n<link rel=\"canonical\" href=\"https:\/\/www.webdo.tn\/fr\/actualite\/national\/barometre-orchestra-la-tunisie-4eme-destination-preferee-des-francais-en-2022\/202144\/\" \/>\n<meta property=\"og:locale\" content=\"fr_FR\" \/>\n<meta property=\"og:type\" content=\"article\" \/>\n<meta property=\"og:title\" content=\"Barom\u00e8tre Orchestra : La Tunisie, 4\u00e8me destination pr\u00e9f\u00e9r\u00e9e des Fran\u00e7ais en 2022\" \/>\n<meta property=\"og:description\" content=\"La Tunisie s\u2019est class\u00e9e parmi les destinations pr\u00e9f\u00e9r\u00e9es des touristes fran\u00e7ais en occupant la 4\u00e8me position en 2022.\" \/>\n<meta property=\"og:url\" content=\"https:\/\/www.webdo.tn\/fr\/actualite\/national\/barometre-orchestra-la-tunisie-4eme-destination-preferee-des-francais-en-2022\/202144\/\" \/>\n<meta property=\"og:site_name\" content=\"webdo\" \/>\n<meta property=\"article:publisher\" content=\"https:\/\/www.facebook.com\/webdotn\" \/>\n<meta property=\"article:published_time\" content=\"2023-01-23T11:16:00+00:00\" \/>\n<meta property=\"article:modified_time\" content=\"2025-05-20T22:03:04+00:00\" \/>\n<meta property=\"og:image\" content=\"https:\/\/www.webdo.tn\/fr\/wp-content\/uploads\/2023\/01\/1dd020e030b19d6a89dd2cc0ba6e9bcd.png\" \/>\n\t<meta property=\"og:image:width\" content=\"730\" \/>\n\t<meta property=\"og:image:height\" content=\"389\" \/>\n\t<meta property=\"og:image:type\" content=\"image\/png\" \/>\n<meta name=\"author\" content=\"MC\" \/>\n<meta name=\"twitter:card\" content=\"summary_large_image\" \/>\n<meta name=\"twitter:creator\" content=\"@webdo_tn\" \/>\n<meta name=\"twitter:site\" content=\"@webdo_tn\" \/>\n<meta name=\"twitter:label1\" content=\"\u00c9crit par\" \/>\n\t<meta name=\"twitter:data1\" content=\"MC\" \/>\n\t<meta name=\"twitter:label2\" content=\"Dur\u00e9e de lecture estim\u00e9e\" \/>\n\t<meta name=\"twitter:data2\" content=\"1 minute\" \/>\n<script type=\"application\/ld+json\" class=\"yoast-schema-graph\">{\"@context\":\"https:\\\/\\\/schema.org\",\"@graph\":[{\"@type\":\"NewsArticle\",\"@id\":\"https:\\\/\\\/www.webdo.tn\\\/fr\\\/actualite\\\/national\\\/barometre-orchestra-la-tunisie-4eme-destination-preferee-des-francais-en-2022\\\/202144\\\/#article\",\"isPartOf\":{\"@id\":\"https:\\\/\\\/www.webdo.tn\\\/fr\\\/actualite\\\/national\\\/barometre-orchestra-la-tunisie-4eme-destination-preferee-des-francais-en-2022\\\/202144\\\/\"},\"author\":{\"name\":\"MC\",\"@id\":\"https:\\\/\\\/www.webdo.tn\\\/fr\\\/#\\\/schema\\\/person\\\/2c4929cbf5a809e3bd38617c6ce150f6\"},\"headline\":\"Barom\u00e8tre Orchestra : La Tunisie, 4\u00e8me destination pr\u00e9f\u00e9r\u00e9e des Fran\u00e7ais en 2022\",\"datePublished\":\"2023-01-23T11:16:00+00:00\",\"dateModified\":\"2025-05-20T22:03:04+00:00\",\"mainEntityOfPage\":{\"@id\":\"https:\\\/\\\/www.webdo.tn\\\/fr\\\/actualite\\\/national\\\/barometre-orchestra-la-tunisie-4eme-destination-preferee-des-francais-en-2022\\\/202144\\\/\"},\"wordCount\":240,\"commentCount\":0,\"publisher\":{\"@id\":\"https:\\\/\\\/www.webdo.tn\\\/fr\\\/#organization\"},\"image\":{\"@id\":\"https:\\\/\\\/www.webdo.tn\\\/fr\\\/actualite\\\/national\\\/barometre-orchestra-la-tunisie-4eme-destination-preferee-des-francais-en-2022\\\/202144\\\/#primaryimage\"},\"thumbnailUrl\":\"https:\\\/\\\/www.webdo.tn\\\/fr\\\/wp-content\\\/uploads\\\/2023\\\/01\\\/1dd020e030b19d6a89dd2cc0ba6e9bcd.png\",\"keywords\":[\"destination\",\"fran\u00e7ais\",\"Tourisme\",\"Tunisie\"],\"articleSection\":[\"National\"],\"inLanguage\":\"fr-FR\"},{\"@type\":\"WebPage\",\"@id\":\"https:\\\/\\\/www.webdo.tn\\\/fr\\\/actualite\\\/national\\\/barometre-orchestra-la-tunisie-4eme-destination-preferee-des-francais-en-2022\\\/202144\\\/\",\"url\":\"https:\\\/\\\/www.webdo.tn\\\/fr\\\/actualite\\\/national\\\/barometre-orchestra-la-tunisie-4eme-destination-preferee-des-francais-en-2022\\\/202144\\\/\",\"name\":\"Barom\u00e8tre Orchestra : La Tunisie, 4\u00e8me destination pr\u00e9f\u00e9r\u00e9e des Fran\u00e7ais en 2022\",\"isPartOf\":{\"@id\":\"https:\\\/\\\/www.webdo.tn\\\/fr\\\/#website\"},\"primaryImageOfPage\":{\"@id\":\"https:\\\/\\\/www.webdo.tn\\\/fr\\\/actualite\\\/national\\\/barometre-orchestra-la-tunisie-4eme-destination-preferee-des-francais-en-2022\\\/202144\\\/#primaryimage\"},\"image\":{\"@id\":\"https:\\\/\\\/www.webdo.tn\\\/fr\\\/actualite\\\/national\\\/barometre-orchestra-la-tunisie-4eme-destination-preferee-des-francais-en-2022\\\/202144\\\/#primaryimage\"},\"thumbnailUrl\":\"https:\\\/\\\/www.webdo.tn\\\/fr\\\/wp-content\\\/uploads\\\/2023\\\/01\\\/1dd020e030b19d6a89dd2cc0ba6e9bcd.png\",\"datePublished\":\"2023-01-23T11:16:00+00:00\",\"dateModified\":\"2025-05-20T22:03:04+00:00\",\"description\":\"La Tunisie s\u2019est class\u00e9e parmi les destinations pr\u00e9f\u00e9r\u00e9es des touristes fran\u00e7ais en occupant la 4\u00e8me position en 2022.\",\"breadcrumb\":{\"@id\":\"https:\\\/\\\/www.webdo.tn\\\/fr\\\/actualite\\\/national\\\/barometre-orchestra-la-tunisie-4eme-destination-preferee-des-francais-en-2022\\\/202144\\\/#breadcrumb\"},\"inLanguage\":\"fr-FR\",\"potentialAction\":[{\"@type\":\"ReadAction\",\"target\":[\"https:\\\/\\\/www.webdo.tn\\\/fr\\\/actualite\\\/national\\\/barometre-orchestra-la-tunisie-4eme-destination-preferee-des-francais-en-2022\\\/202144\\\/\"]}]},{\"@type\":\"ImageObject\",\"inLanguage\":\"fr-FR\",\"@id\":\"https:\\\/\\\/www.webdo.tn\\\/fr\\\/actualite\\\/national\\\/barometre-orchestra-la-tunisie-4eme-destination-preferee-des-francais-en-2022\\\/202144\\\/#primaryimage\",\"url\":\"https:\\\/\\\/www.webdo.tn\\\/fr\\\/wp-content\\\/uploads\\\/2023\\\/01\\\/1dd020e030b19d6a89dd2cc0ba6e9bcd.png\",\"contentUrl\":\"https:\\\/\\\/www.webdo.tn\\\/fr\\\/wp-content\\\/uploads\\\/2023\\\/01\\\/1dd020e030b19d6a89dd2cc0ba6e9bcd.png\",\"width\":730,\"height\":389,\"caption\":\"Barom\u00e8tre Orchestra : La Tunisie, 4\u00e8me destination pr\u00e9f\u00e9r\u00e9e des Fran\u00e7ais en 2022\"},{\"@type\":\"BreadcrumbList\",\"@id\":\"https:\\\/\\\/www.webdo.tn\\\/fr\\\/actualite\\\/national\\\/barometre-orchestra-la-tunisie-4eme-destination-preferee-des-francais-en-2022\\\/202144\\\/#breadcrumb\",\"itemListElement\":[{\"@type\":\"ListItem\",\"position\":1,\"name\":\"Accueil\",\"item\":\"https:\\\/\\\/www.webdo.tn\\\/fr\\\/\"},{\"@type\":\"ListItem\",\"position\":2,\"name\":\"Barom\u00e8tre Orchestra : La Tunisie, 4\u00e8me destination pr\u00e9f\u00e9r\u00e9e des Fran\u00e7ais en 2022\"}]},{\"@type\":\"WebSite\",\"@id\":\"https:\\\/\\\/www.webdo.tn\\\/fr\\\/#website\",\"url\":\"https:\\\/\\\/www.webdo.tn\\\/fr\\\/\",\"name\":\"webdo\",\"description\":\"Tunisie - News en Tunisie et \u00e0 l&#039;international sur Webdo.tn\",\"publisher\":{\"@id\":\"https:\\\/\\\/www.webdo.tn\\\/fr\\\/#organization\"},\"potentialAction\":[{\"@type\":\"SearchAction\",\"target\":{\"@type\":\"EntryPoint\",\"urlTemplate\":\"https:\\\/\\\/www.webdo.tn\\\/fr\\\/?s={search_term_string}\"},\"query-input\":{\"@type\":\"PropertyValueSpecification\",\"valueRequired\":true,\"valueName\":\"search_term_string\"}}],\"inLanguage\":\"fr-FR\"},{\"@type\":\"Organization\",\"@id\":\"https:\\\/\\\/www.webdo.tn\\\/fr\\\/#organization\",\"name\":\"Webdo\",\"alternateName\":\"Webdo.tn\",\"url\":\"https:\\\/\\\/www.webdo.tn\\\/fr\\\/\",\"logo\":{\"@type\":\"ImageObject\",\"inLanguage\":\"fr-FR\",\"@id\":\"https:\\\/\\\/www.webdo.tn\\\/fr\\\/#\\\/schema\\\/logo\\\/image\\\/\",\"url\":\"https:\\\/\\\/www.webdo.tn\\\/fr\\\/wp-content\\\/uploads\\\/2025\\\/06\\\/Webdo-Tunisie_168377.jpg\",\"contentUrl\":\"https:\\\/\\\/www.webdo.tn\\\/fr\\\/wp-content\\\/uploads\\\/2025\\\/06\\\/Webdo-Tunisie_168377.jpg\",\"width\":301,\"height\":301,\"caption\":\"Webdo\"},\"image\":{\"@id\":\"https:\\\/\\\/www.webdo.tn\\\/fr\\\/#\\\/schema\\\/logo\\\/image\\\/\"},\"sameAs\":[\"https:\\\/\\\/www.facebook.com\\\/webdotn\",\"https:\\\/\\\/x.com\\\/webdo_tn\"],\"description\":\"Webdo est un m\u00e9dia num\u00e9rique tunisien fond\u00e9 en 2010, sp\u00e9cialis\u00e9 dans l\u2019actualit\u00e9 nationale et internationale, l\u2019\u00e9conomie, la soci\u00e9t\u00e9 et les analyses politiques. Le site s\u2019adresse \u00e0 un large public francophone et couvre l\u2019information tunisienne en temps r\u00e9el.\",\"email\":\"redac@webdo.tn\",\"legalName\":\"YNJ SARL\",\"foundingDate\":\"2010-09-06\",\"numberOfEmployees\":{\"@type\":\"QuantitativeValue\",\"minValue\":\"11\",\"maxValue\":\"50\"}},{\"@type\":\"Person\",\"@id\":\"https:\\\/\\\/www.webdo.tn\\\/fr\\\/#\\\/schema\\\/person\\\/2c4929cbf5a809e3bd38617c6ce150f6\",\"name\":\"MC\",\"image\":{\"@type\":\"ImageObject\",\"inLanguage\":\"fr-FR\",\"@id\":\"https:\\\/\\\/secure.gravatar.com\\\/avatar\\\/a545bbb6f84efdd5553dbbc2895e3ca8f1d12c5215e00a041c9670b54aa9b18a?s=96&d=mm&r=g\",\"url\":\"https:\\\/\\\/secure.gravatar.com\\\/avatar\\\/a545bbb6f84efdd5553dbbc2895e3ca8f1d12c5215e00a041c9670b54aa9b18a?s=96&d=mm&r=g\",\"contentUrl\":\"https:\\\/\\\/secure.gravatar.com\\\/avatar\\\/a545bbb6f84efdd5553dbbc2895e3ca8f1d12c5215e00a041c9670b54aa9b18a?s=96&d=mm&r=g\",\"caption\":\"MC\"},\"url\":\"https:\\\/\\\/www.webdo.tn\\\/fr\\\/actualite\\\/author\\\/mc\\\/\"}]}<\/script>\n<!-- \/ Yoast SEO Premium plugin. -->","yoast_head_json":{"title":"Barom\u00e8tre Orchestra : La Tunisie, 4\u00e8me destination pr\u00e9f\u00e9r\u00e9e des Fran\u00e7ais en 2022","description":"La Tunisie s\u2019est class\u00e9e parmi les destinations pr\u00e9f\u00e9r\u00e9es des touristes fran\u00e7ais en occupant la 4\u00e8me position en 2022.","canonical":"https:\/\/www.webdo.tn\/fr\/actualite\/national\/barometre-orchestra-la-tunisie-4eme-destination-preferee-des-francais-en-2022\/202144\/","og_locale":"fr_FR","og_type":"article","og_title":"Barom\u00e8tre Orchestra : La Tunisie, 4\u00e8me destination pr\u00e9f\u00e9r\u00e9e des Fran\u00e7ais en 2022","og_description":"La Tunisie s\u2019est class\u00e9e parmi les destinations pr\u00e9f\u00e9r\u00e9es des touristes fran\u00e7ais en occupant la 4\u00e8me position en 2022.","og_url":"https:\/\/www.webdo.tn\/fr\/actualite\/national\/barometre-orchestra-la-tunisie-4eme-destination-preferee-des-francais-en-2022\/202144\/","og_site_name":"webdo","article_publisher":"https:\/\/www.facebook.com\/webdotn","article_published_time":"2023-01-23T11:16:00+00:00","article_modified_time":"2025-05-20T22:03:04+00:00","og_image":[{"width":730,"height":389,"url":"https:\/\/www.webdo.tn\/fr\/wp-content\/uploads\/2023\/01\/1dd020e030b19d6a89dd2cc0ba6e9bcd.png","type":"image\/png"}],"author":"MC","twitter_card":"summary_large_image","twitter_creator":"@webdo_tn","twitter_site":"@webdo_tn","twitter_misc":{"\u00c9crit par":"MC","Dur\u00e9e de lecture estim\u00e9e":"1 minute"},"schema":{"@context":"https:\/\/schema.org","@graph":[{"@type":"NewsArticle","@id":"https:\/\/www.webdo.tn\/fr\/actualite\/national\/barometre-orchestra-la-tunisie-4eme-destination-preferee-des-francais-en-2022\/202144\/#article","isPartOf":{"@id":"https:\/\/www.webdo.tn\/fr\/actualite\/national\/barometre-orchestra-la-tunisie-4eme-destination-preferee-des-francais-en-2022\/202144\/"},"author":{"name":"MC","@id":"https:\/\/www.webdo.tn\/fr\/#\/schema\/person\/2c4929cbf5a809e3bd38617c6ce150f6"},"headline":"Barom\u00e8tre Orchestra : La Tunisie, 4\u00e8me destination pr\u00e9f\u00e9r\u00e9e des Fran\u00e7ais en 2022","datePublished":"2023-01-23T11:16:00+00:00","dateModified":"2025-05-20T22:03:04+00:00","mainEntityOfPage":{"@id":"https:\/\/www.webdo.tn\/fr\/actualite\/national\/barometre-orchestra-la-tunisie-4eme-destination-preferee-des-francais-en-2022\/202144\/"},"wordCount":240,"commentCount":0,"publisher":{"@id":"https:\/\/www.webdo.tn\/fr\/#organization"},"image":{"@id":"https:\/\/www.webdo.tn\/fr\/actualite\/national\/barometre-orchestra-la-tunisie-4eme-destination-preferee-des-francais-en-2022\/202144\/#primaryimage"},"thumbnailUrl":"https:\/\/www.webdo.tn\/fr\/wp-content\/uploads\/2023\/01\/1dd020e030b19d6a89dd2cc0ba6e9bcd.png","keywords":["destination","fran\u00e7ais","Tourisme","Tunisie"],"articleSection":["National"],"inLanguage":"fr-FR"},{"@type":"WebPage","@id":"https:\/\/www.webdo.tn\/fr\/actualite\/national\/barometre-orchestra-la-tunisie-4eme-destination-preferee-des-francais-en-2022\/202144\/","url":"https:\/\/www.webdo.tn\/fr\/actualite\/national\/barometre-orchestra-la-tunisie-4eme-destination-preferee-des-francais-en-2022\/202144\/","name":"Barom\u00e8tre Orchestra : La Tunisie, 4\u00e8me destination pr\u00e9f\u00e9r\u00e9e des Fran\u00e7ais en 2022","isPartOf":{"@id":"https:\/\/www.webdo.tn\/fr\/#website"},"primaryImageOfPage":{"@id":"https:\/\/www.webdo.tn\/fr\/actualite\/national\/barometre-orchestra-la-tunisie-4eme-destination-preferee-des-francais-en-2022\/202144\/#primaryimage"},"image":{"@id":"https:\/\/www.webdo.tn\/fr\/actualite\/national\/barometre-orchestra-la-tunisie-4eme-destination-preferee-des-francais-en-2022\/202144\/#primaryimage"},"thumbnailUrl":"https:\/\/www.webdo.tn\/fr\/wp-content\/uploads\/2023\/01\/1dd020e030b19d6a89dd2cc0ba6e9bcd.png","datePublished":"2023-01-23T11:16:00+00:00","dateModified":"2025-05-20T22:03:04+00:00","description":"La Tunisie s\u2019est class\u00e9e parmi les destinations pr\u00e9f\u00e9r\u00e9es des touristes fran\u00e7ais en occupant la 4\u00e8me position en 2022.","breadcrumb":{"@id":"https:\/\/www.webdo.tn\/fr\/actualite\/national\/barometre-orchestra-la-tunisie-4eme-destination-preferee-des-francais-en-2022\/202144\/#breadcrumb"},"inLanguage":"fr-FR","potentialAction":[{"@type":"ReadAction","target":["https:\/\/www.webdo.tn\/fr\/actualite\/national\/barometre-orchestra-la-tunisie-4eme-destination-preferee-des-francais-en-2022\/202144\/"]}]},{"@type":"ImageObject","inLanguage":"fr-FR","@id":"https:\/\/www.webdo.tn\/fr\/actualite\/national\/barometre-orchestra-la-tunisie-4eme-destination-preferee-des-francais-en-2022\/202144\/#primaryimage","url":"https:\/\/www.webdo.tn\/fr\/wp-content\/uploads\/2023\/01\/1dd020e030b19d6a89dd2cc0ba6e9bcd.png","contentUrl":"https:\/\/www.webdo.tn\/fr\/wp-content\/uploads\/2023\/01\/1dd020e030b19d6a89dd2cc0ba6e9bcd.png","width":730,"height":389,"caption":"Barom\u00e8tre Orchestra : La Tunisie, 4\u00e8me destination pr\u00e9f\u00e9r\u00e9e des Fran\u00e7ais en 2022"},{"@type":"BreadcrumbList","@id":"https:\/\/www.webdo.tn\/fr\/actualite\/national\/barometre-orchestra-la-tunisie-4eme-destination-preferee-des-francais-en-2022\/202144\/#breadcrumb","itemListElement":[{"@type":"ListItem","position":1,"name":"Accueil","item":"https:\/\/www.webdo.tn\/fr\/"},{"@type":"ListItem","position":2,"name":"Barom\u00e8tre Orchestra : La Tunisie, 4\u00e8me destination pr\u00e9f\u00e9r\u00e9e des Fran\u00e7ais en 2022"}]},{"@type":"WebSite","@id":"https:\/\/www.webdo.tn\/fr\/#website","url":"https:\/\/www.webdo.tn\/fr\/","name":"webdo","description":"Tunisie - News en Tunisie et \u00e0 l&#039;international sur Webdo.tn","publisher":{"@id":"https:\/\/www.webdo.tn\/fr\/#organization"},"potentialAction":[{"@type":"SearchAction","target":{"@type":"EntryPoint","urlTemplate":"https:\/\/www.webdo.tn\/fr\/?s={search_term_string}"},"query-input":{"@type":"PropertyValueSpecification","valueRequired":true,"valueName":"search_term_string"}}],"inLanguage":"fr-FR"},{"@type":"Organization","@id":"https:\/\/www.webdo.tn\/fr\/#organization","name":"Webdo","alternateName":"Webdo.tn","url":"https:\/\/www.webdo.tn\/fr\/","logo":{"@type":"ImageObject","inLanguage":"fr-FR","@id":"https:\/\/www.webdo.tn\/fr\/#\/schema\/logo\/image\/","url":"https:\/\/www.webdo.tn\/fr\/wp-content\/uploads\/2025\/06\/Webdo-Tunisie_168377.jpg","contentUrl":"https:\/\/www.webdo.tn\/fr\/wp-content\/uploads\/2025\/06\/Webdo-Tunisie_168377.jpg","width":301,"height":301,"caption":"Webdo"},"image":{"@id":"https:\/\/www.webdo.tn\/fr\/#\/schema\/logo\/image\/"},"sameAs":["https:\/\/www.facebook.com\/webdotn","https:\/\/x.com\/webdo_tn"],"description":"Webdo est un m\u00e9dia num\u00e9rique tunisien fond\u00e9 en 2010, sp\u00e9cialis\u00e9 dans l\u2019actualit\u00e9 nationale et internationale, l\u2019\u00e9conomie, la soci\u00e9t\u00e9 et les analyses politiques. Le site s\u2019adresse \u00e0 un large public francophone et couvre l\u2019information tunisienne en temps r\u00e9el.","email":"redac@webdo.tn","legalName":"YNJ SARL","foundingDate":"2010-09-06","numberOfEmployees":{"@type":"QuantitativeValue","minValue":"11","maxValue":"50"}},{"@type":"Person","@id":"https:\/\/www.webdo.tn\/fr\/#\/schema\/person\/2c4929cbf5a809e3bd38617c6ce150f6","name":"MC","image":{"@type":"ImageObject","inLanguage":"fr-FR","@id":"https:\/\/secure.gravatar.com\/avatar\/a545bbb6f84efdd5553dbbc2895e3ca8f1d12c5215e00a041c9670b54aa9b18a?s=96&d=mm&r=g","url":"https:\/\/secure.gravatar.com\/avatar\/a545bbb6f84efdd5553dbbc2895e3ca8f1d12c5215e00a041c9670b54aa9b18a?s=96&d=mm&r=g","contentUrl":"https:\/\/secure.gravatar.com\/avatar\/a545bbb6f84efdd5553dbbc2895e3ca8f1d12c5215e00a041c9670b54aa9b18a?s=96&d=mm&r=g","caption":"MC"},"url":"https:\/\/www.webdo.tn\/fr\/actualite\/author\/mc\/"}]}},"_links":{"self":[{"href":"https:\/\/www.webdo.tn\/fr\/wp-json\/wp\/v2\/posts\/202144","targetHints":{"allow":["GET"]}}],"collection":[{"href":"https:\/\/www.webdo.tn\/fr\/wp-json\/wp\/v2\/posts"}],"about":[{"href":"https:\/\/www.webdo.tn\/fr\/wp-json\/wp\/v2\/types\/post"}],"author":[{"embeddable":true,"href":"https:\/\/www.webdo.tn\/fr\/wp-json\/wp\/v2\/users\/3162"}],"replies":[{"embeddable":true,"href":"https:\/\/www.webdo.tn\/fr\/wp-json\/wp\/v2\/comments?post=202144"}],"version-history":[{"count":0,"href":"https:\/\/www.webdo.tn\/fr\/wp-json\/wp\/v2\/posts\/202144\/revisions"}],"wp:featuredmedia":[{"embeddable":true,"href":"https:\/\/www.webdo.tn\/fr\/wp-json\/wp\/v2\/media\/252440"}],"wp:attachment":[{"href":"https:\/\/www.webdo.tn\/fr\/wp-json\/wp\/v2\/media?parent=202144"}],"wp:term":[{"taxonomy":"category","embeddable":true,"href":"https:\/\/www.webdo.tn\/fr\/wp-json\/wp\/v2\/categories?post=202144"},{"taxonomy":"post_tag","embeddable":true,"href":"https:\/\/www.webdo.tn\/fr\/wp-json\/wp\/v2\/tags?post=202144"}],"curies":[{"name":"wp","href":"https:\/\/api.w.org\/{rel}","templated":true}]}}