{"id":202128,"date":"2023-01-22T16:00:00","date_gmt":"2023-01-22T16:00:00","guid":{"rendered":"https:\/\/www.webdo.tn\/fr\/blog\/othman-jerandi-en-libye-pour-une-reunion-avec-ses-homologues-arabes\/202128\/"},"modified":"2025-05-20T23:00:45","modified_gmt":"2025-05-20T23:00:45","slug":"othman-jerandi-en-libye-pour-une-reunion-avec-ses-homologues-arabes","status":"publish","type":"post","link":"https:\/\/www.webdo.tn\/fr\/actualite\/national\/othman-jerandi-en-libye-pour-une-reunion-avec-ses-homologues-arabes\/202128\/","title":{"rendered":"Othman Jerandi en Libye pour une r\u00e9union avec ses homologues arabes"},"content":{"rendered":"<p>Le ministre des Affaires \u00e9trang\u00e8res, Othman Jerandi, se trouve, depuis hier, dans\u00a0la capitale libyenne Tripoli prendre part \u00e0 la r\u00e9union consultative p\u00e9riodique des ministres arabes des Affaires \u00e9trang\u00e8res, qui se tient ce 22 janvier 2023.<\/p>\n<p>\t\t\t\t\t\t\t\t\tOthmane Jerandi a \u00e9t\u00e9 invit\u00e9 par\u00a0Najla El Mangoush, ministre libyenne des Affaires \u00e9trang\u00e8res et de la Coop\u00e9ration internationale, pr\u00e9sidente de la 158e session du Conseil de la ligue au niveau minist\u00e9riel, d&rsquo;apr\u00e9s le communiqu\u00e9 publi\u00e9 par le Minist\u00e8re des Affaires Etrang\u00e8res sur sa page Facebook.<\/p>\n<p>La r\u00e9union devrait traiter d&rsquo;un\u00a0certain nombre de questions r\u00e9gionales et internationales et des moyens capables de contrer leurs r\u00e9percussions sur les pays arabes.<\/p>\n<p>Toujours d&rsquo;apr\u00e8s le communiqu\u00e9,\u00a0le ministre s&rsquo;est entretenu, \u00e0 son arriv\u00e9e\u00a0avec son homologue libyenne, et ont pass\u00e9 en revue les relations bilat\u00e9rales et les domaines de coop\u00e9ration. Ils ont insist\u00e9 sur la n\u00e9cessit\u00e9 de poursuivre la mise en \u0153uvre des accords conclus lors des visites et r\u00e9unions pr\u00e9c\u00e9dentes.<\/p>\n","protected":false},"excerpt":{"rendered":"<p>Le ministre des Affaires \u00e9trang\u00e8res, Othman Jerandi, se trouve, depuis hier, dans\u00a0la capitale libyenne Tripoli prendre part \u00e0 la r\u00e9union consultative p\u00e9riodique&#8230;<\/p>\n","protected":false},"author":3195,"featured_media":277614,"comment_status":"open","ping_status":"closed","sticky":false,"template":"","format":"standard","meta":{"footnotes":""},"categories":[44],"tags":[3323,9285,3279,9026,2608],"class_list":["post-202128","post","type-post","status-publish","format-standard","has-post-thumbnail","hentry","category-national","tag-affaires-etrangeres","tag-arabe","tag-libye","tag-othmane-jerandi","tag-tunisie"],"yoast_head":"<!-- This site is optimized with the Yoast SEO Premium plugin v27.5 (Yoast SEO v27.5) - https:\/\/yoast.com\/product\/yoast-seo-premium-wordpress\/ -->\n<title>Othman Jerandi en Libye pour une r\u00e9union avec ses homologues arabes<\/title>\n<meta name=\"description\" content=\"Le ministre des Affaires \u00e9trang\u00e8res, Othman Jerandi, se trouve, depuis hier, dans\u00a0la capitale libyenne Tripoli prendre part \u00e0 la r\u00e9union consultative p\u00e9riodique...\" \/>\n<link rel=\"canonical\" href=\"https:\/\/www.webdo.tn\/fr\/actualite\/national\/othman-jerandi-en-libye-pour-une-reunion-avec-ses-homologues-arabes\/202128\/\" \/>\n<meta property=\"og:locale\" content=\"fr_FR\" \/>\n<meta property=\"og:type\" content=\"article\" \/>\n<meta property=\"og:title\" content=\"Othman Jerandi en Libye pour une r\u00e9union avec ses homologues arabes\" \/>\n<meta property=\"og:description\" content=\"Le ministre des Affaires \u00e9trang\u00e8res, Othman Jerandi, se trouve, depuis hier, dans\u00a0la capitale libyenne Tripoli prendre part \u00e0 la r\u00e9union consultative p\u00e9riodique...\" \/>\n<meta property=\"og:url\" content=\"https:\/\/www.webdo.tn\/fr\/actualite\/national\/othman-jerandi-en-libye-pour-une-reunion-avec-ses-homologues-arabes\/202128\/\" \/>\n<meta property=\"og:site_name\" content=\"webdo\" \/>\n<meta property=\"article:publisher\" content=\"https:\/\/www.facebook.com\/webdotn\" \/>\n<meta property=\"article:published_time\" content=\"2023-01-22T16:00:00+00:00\" \/>\n<meta property=\"article:modified_time\" content=\"2025-05-20T23:00:45+00:00\" \/>\n<meta property=\"og:image\" content=\"https:\/\/www.webdo.tn\/fr\/wp-content\/uploads\/2023\/01\/f14f59c605287b592e8134a945559231.jpg\" \/>\n\t<meta property=\"og:image:width\" content=\"750\" \/>\n\t<meta property=\"og:image:height\" content=\"400\" \/>\n\t<meta property=\"og:image:type\" content=\"image\/jpeg\" \/>\n<meta name=\"author\" content=\"NJ\" \/>\n<meta name=\"twitter:card\" content=\"summary_large_image\" \/>\n<meta name=\"twitter:creator\" content=\"@webdo_tn\" \/>\n<meta name=\"twitter:site\" content=\"@webdo_tn\" \/>\n<meta name=\"twitter:label1\" content=\"\u00c9crit par\" \/>\n\t<meta name=\"twitter:data1\" content=\"NJ\" \/>\n\t<meta name=\"twitter:label2\" content=\"Dur\u00e9e de lecture estim\u00e9e\" \/>\n\t<meta name=\"twitter:data2\" content=\"1 minute\" \/>\n<script type=\"application\/ld+json\" class=\"yoast-schema-graph\">{\"@context\":\"https:\\\/\\\/schema.org\",\"@graph\":[{\"@type\":\"NewsArticle\",\"@id\":\"https:\\\/\\\/www.webdo.tn\\\/fr\\\/actualite\\\/national\\\/othman-jerandi-en-libye-pour-une-reunion-avec-ses-homologues-arabes\\\/202128\\\/#article\",\"isPartOf\":{\"@id\":\"https:\\\/\\\/www.webdo.tn\\\/fr\\\/actualite\\\/national\\\/othman-jerandi-en-libye-pour-une-reunion-avec-ses-homologues-arabes\\\/202128\\\/\"},\"author\":{\"name\":\"NJ\",\"@id\":\"https:\\\/\\\/www.webdo.tn\\\/fr\\\/#\\\/schema\\\/person\\\/646f7c4406ab78299805d9d39b2636d8\"},\"headline\":\"Othman Jerandi en Libye pour une r\u00e9union avec ses homologues arabes\",\"datePublished\":\"2023-01-22T16:00:00+00:00\",\"dateModified\":\"2025-05-20T23:00:45+00:00\",\"mainEntityOfPage\":{\"@id\":\"https:\\\/\\\/www.webdo.tn\\\/fr\\\/actualite\\\/national\\\/othman-jerandi-en-libye-pour-une-reunion-avec-ses-homologues-arabes\\\/202128\\\/\"},\"wordCount\":189,\"commentCount\":0,\"publisher\":{\"@id\":\"https:\\\/\\\/www.webdo.tn\\\/fr\\\/#organization\"},\"image\":{\"@id\":\"https:\\\/\\\/www.webdo.tn\\\/fr\\\/actualite\\\/national\\\/othman-jerandi-en-libye-pour-une-reunion-avec-ses-homologues-arabes\\\/202128\\\/#primaryimage\"},\"thumbnailUrl\":\"https:\\\/\\\/www.webdo.tn\\\/fr\\\/wp-content\\\/uploads\\\/2023\\\/01\\\/f14f59c605287b592e8134a945559231.jpg\",\"keywords\":[\"affaires \u00e9trang\u00e8res\",\"arabe\",\"Libye\",\"Othmane Jerandi\",\"Tunisie\"],\"articleSection\":[\"National\"],\"inLanguage\":\"fr-FR\"},{\"@type\":\"WebPage\",\"@id\":\"https:\\\/\\\/www.webdo.tn\\\/fr\\\/actualite\\\/national\\\/othman-jerandi-en-libye-pour-une-reunion-avec-ses-homologues-arabes\\\/202128\\\/\",\"url\":\"https:\\\/\\\/www.webdo.tn\\\/fr\\\/actualite\\\/national\\\/othman-jerandi-en-libye-pour-une-reunion-avec-ses-homologues-arabes\\\/202128\\\/\",\"name\":\"Othman Jerandi en Libye pour une r\u00e9union avec ses homologues arabes\",\"isPartOf\":{\"@id\":\"https:\\\/\\\/www.webdo.tn\\\/fr\\\/#website\"},\"primaryImageOfPage\":{\"@id\":\"https:\\\/\\\/www.webdo.tn\\\/fr\\\/actualite\\\/national\\\/othman-jerandi-en-libye-pour-une-reunion-avec-ses-homologues-arabes\\\/202128\\\/#primaryimage\"},\"image\":{\"@id\":\"https:\\\/\\\/www.webdo.tn\\\/fr\\\/actualite\\\/national\\\/othman-jerandi-en-libye-pour-une-reunion-avec-ses-homologues-arabes\\\/202128\\\/#primaryimage\"},\"thumbnailUrl\":\"https:\\\/\\\/www.webdo.tn\\\/fr\\\/wp-content\\\/uploads\\\/2023\\\/01\\\/f14f59c605287b592e8134a945559231.jpg\",\"datePublished\":\"2023-01-22T16:00:00+00:00\",\"dateModified\":\"2025-05-20T23:00:45+00:00\",\"description\":\"Le ministre des Affaires \u00e9trang\u00e8res, Othman Jerandi, se trouve, depuis hier, dans\u00a0la capitale libyenne Tripoli prendre part \u00e0 la r\u00e9union consultative p\u00e9riodique...\",\"breadcrumb\":{\"@id\":\"https:\\\/\\\/www.webdo.tn\\\/fr\\\/actualite\\\/national\\\/othman-jerandi-en-libye-pour-une-reunion-avec-ses-homologues-arabes\\\/202128\\\/#breadcrumb\"},\"inLanguage\":\"fr-FR\",\"potentialAction\":[{\"@type\":\"ReadAction\",\"target\":[\"https:\\\/\\\/www.webdo.tn\\\/fr\\\/actualite\\\/national\\\/othman-jerandi-en-libye-pour-une-reunion-avec-ses-homologues-arabes\\\/202128\\\/\"]}]},{\"@type\":\"ImageObject\",\"inLanguage\":\"fr-FR\",\"@id\":\"https:\\\/\\\/www.webdo.tn\\\/fr\\\/actualite\\\/national\\\/othman-jerandi-en-libye-pour-une-reunion-avec-ses-homologues-arabes\\\/202128\\\/#primaryimage\",\"url\":\"https:\\\/\\\/www.webdo.tn\\\/fr\\\/wp-content\\\/uploads\\\/2023\\\/01\\\/f14f59c605287b592e8134a945559231.jpg\",\"contentUrl\":\"https:\\\/\\\/www.webdo.tn\\\/fr\\\/wp-content\\\/uploads\\\/2023\\\/01\\\/f14f59c605287b592e8134a945559231.jpg\",\"width\":750,\"height\":400,\"caption\":\"Othman Jerandi en Libye pour une r\u00e9union avec ses homologues arabes\"},{\"@type\":\"BreadcrumbList\",\"@id\":\"https:\\\/\\\/www.webdo.tn\\\/fr\\\/actualite\\\/national\\\/othman-jerandi-en-libye-pour-une-reunion-avec-ses-homologues-arabes\\\/202128\\\/#breadcrumb\",\"itemListElement\":[{\"@type\":\"ListItem\",\"position\":1,\"name\":\"Accueil\",\"item\":\"https:\\\/\\\/www.webdo.tn\\\/fr\\\/\"},{\"@type\":\"ListItem\",\"position\":2,\"name\":\"Othman Jerandi en Libye pour une r\u00e9union avec ses homologues arabes\"}]},{\"@type\":\"WebSite\",\"@id\":\"https:\\\/\\\/www.webdo.tn\\\/fr\\\/#website\",\"url\":\"https:\\\/\\\/www.webdo.tn\\\/fr\\\/\",\"name\":\"webdo\",\"description\":\"Tunisie - News en Tunisie et \u00e0 l&#039;international sur Webdo.tn\",\"publisher\":{\"@id\":\"https:\\\/\\\/www.webdo.tn\\\/fr\\\/#organization\"},\"potentialAction\":[{\"@type\":\"SearchAction\",\"target\":{\"@type\":\"EntryPoint\",\"urlTemplate\":\"https:\\\/\\\/www.webdo.tn\\\/fr\\\/?s={search_term_string}\"},\"query-input\":{\"@type\":\"PropertyValueSpecification\",\"valueRequired\":true,\"valueName\":\"search_term_string\"}}],\"inLanguage\":\"fr-FR\"},{\"@type\":\"Organization\",\"@id\":\"https:\\\/\\\/www.webdo.tn\\\/fr\\\/#organization\",\"name\":\"Webdo\",\"alternateName\":\"Webdo.tn\",\"url\":\"https:\\\/\\\/www.webdo.tn\\\/fr\\\/\",\"logo\":{\"@type\":\"ImageObject\",\"inLanguage\":\"fr-FR\",\"@id\":\"https:\\\/\\\/www.webdo.tn\\\/fr\\\/#\\\/schema\\\/logo\\\/image\\\/\",\"url\":\"https:\\\/\\\/www.webdo.tn\\\/fr\\\/wp-content\\\/uploads\\\/2025\\\/06\\\/Webdo-Tunisie_168377.jpg\",\"contentUrl\":\"https:\\\/\\\/www.webdo.tn\\\/fr\\\/wp-content\\\/uploads\\\/2025\\\/06\\\/Webdo-Tunisie_168377.jpg\",\"width\":301,\"height\":301,\"caption\":\"Webdo\"},\"image\":{\"@id\":\"https:\\\/\\\/www.webdo.tn\\\/fr\\\/#\\\/schema\\\/logo\\\/image\\\/\"},\"sameAs\":[\"https:\\\/\\\/www.facebook.com\\\/webdotn\",\"https:\\\/\\\/x.com\\\/webdo_tn\"],\"description\":\"Webdo est un m\u00e9dia num\u00e9rique tunisien fond\u00e9 en 2010, sp\u00e9cialis\u00e9 dans l\u2019actualit\u00e9 nationale et internationale, l\u2019\u00e9conomie, la soci\u00e9t\u00e9 et les analyses politiques. Le site s\u2019adresse \u00e0 un large public francophone et couvre l\u2019information tunisienne en temps r\u00e9el.\",\"email\":\"redac@webdo.tn\",\"legalName\":\"YNJ SARL\",\"foundingDate\":\"2010-09-06\",\"numberOfEmployees\":{\"@type\":\"QuantitativeValue\",\"minValue\":\"11\",\"maxValue\":\"50\"}},{\"@type\":\"Person\",\"@id\":\"https:\\\/\\\/www.webdo.tn\\\/fr\\\/#\\\/schema\\\/person\\\/646f7c4406ab78299805d9d39b2636d8\",\"name\":\"NJ\",\"image\":{\"@type\":\"ImageObject\",\"inLanguage\":\"fr-FR\",\"@id\":\"https:\\\/\\\/secure.gravatar.com\\\/avatar\\\/57ee8a7cee8271948beede1dd4413f641d3b749a42dfabf45a3352af812389e1?s=96&d=mm&r=g\",\"url\":\"https:\\\/\\\/secure.gravatar.com\\\/avatar\\\/57ee8a7cee8271948beede1dd4413f641d3b749a42dfabf45a3352af812389e1?s=96&d=mm&r=g\",\"contentUrl\":\"https:\\\/\\\/secure.gravatar.com\\\/avatar\\\/57ee8a7cee8271948beede1dd4413f641d3b749a42dfabf45a3352af812389e1?s=96&d=mm&r=g\",\"caption\":\"NJ\"},\"url\":\"https:\\\/\\\/www.webdo.tn\\\/fr\\\/actualite\\\/author\\\/nj\\\/\"}]}<\/script>\n<!-- \/ Yoast SEO Premium plugin. -->","yoast_head_json":{"title":"Othman Jerandi en Libye pour une r\u00e9union avec ses homologues arabes","description":"Le ministre des Affaires \u00e9trang\u00e8res, Othman Jerandi, se trouve, depuis hier, dans\u00a0la capitale libyenne Tripoli prendre part \u00e0 la r\u00e9union consultative p\u00e9riodique...","canonical":"https:\/\/www.webdo.tn\/fr\/actualite\/national\/othman-jerandi-en-libye-pour-une-reunion-avec-ses-homologues-arabes\/202128\/","og_locale":"fr_FR","og_type":"article","og_title":"Othman Jerandi en Libye pour une r\u00e9union avec ses homologues arabes","og_description":"Le ministre des Affaires \u00e9trang\u00e8res, Othman Jerandi, se trouve, depuis hier, dans\u00a0la capitale libyenne Tripoli prendre part \u00e0 la r\u00e9union consultative p\u00e9riodique...","og_url":"https:\/\/www.webdo.tn\/fr\/actualite\/national\/othman-jerandi-en-libye-pour-une-reunion-avec-ses-homologues-arabes\/202128\/","og_site_name":"webdo","article_publisher":"https:\/\/www.facebook.com\/webdotn","article_published_time":"2023-01-22T16:00:00+00:00","article_modified_time":"2025-05-20T23:00:45+00:00","og_image":[{"width":750,"height":400,"url":"https:\/\/www.webdo.tn\/fr\/wp-content\/uploads\/2023\/01\/f14f59c605287b592e8134a945559231.jpg","type":"image\/jpeg"}],"author":"NJ","twitter_card":"summary_large_image","twitter_creator":"@webdo_tn","twitter_site":"@webdo_tn","twitter_misc":{"\u00c9crit par":"NJ","Dur\u00e9e de lecture estim\u00e9e":"1 minute"},"schema":{"@context":"https:\/\/schema.org","@graph":[{"@type":"NewsArticle","@id":"https:\/\/www.webdo.tn\/fr\/actualite\/national\/othman-jerandi-en-libye-pour-une-reunion-avec-ses-homologues-arabes\/202128\/#article","isPartOf":{"@id":"https:\/\/www.webdo.tn\/fr\/actualite\/national\/othman-jerandi-en-libye-pour-une-reunion-avec-ses-homologues-arabes\/202128\/"},"author":{"name":"NJ","@id":"https:\/\/www.webdo.tn\/fr\/#\/schema\/person\/646f7c4406ab78299805d9d39b2636d8"},"headline":"Othman Jerandi en Libye pour une r\u00e9union avec ses homologues arabes","datePublished":"2023-01-22T16:00:00+00:00","dateModified":"2025-05-20T23:00:45+00:00","mainEntityOfPage":{"@id":"https:\/\/www.webdo.tn\/fr\/actualite\/national\/othman-jerandi-en-libye-pour-une-reunion-avec-ses-homologues-arabes\/202128\/"},"wordCount":189,"commentCount":0,"publisher":{"@id":"https:\/\/www.webdo.tn\/fr\/#organization"},"image":{"@id":"https:\/\/www.webdo.tn\/fr\/actualite\/national\/othman-jerandi-en-libye-pour-une-reunion-avec-ses-homologues-arabes\/202128\/#primaryimage"},"thumbnailUrl":"https:\/\/www.webdo.tn\/fr\/wp-content\/uploads\/2023\/01\/f14f59c605287b592e8134a945559231.jpg","keywords":["affaires \u00e9trang\u00e8res","arabe","Libye","Othmane Jerandi","Tunisie"],"articleSection":["National"],"inLanguage":"fr-FR"},{"@type":"WebPage","@id":"https:\/\/www.webdo.tn\/fr\/actualite\/national\/othman-jerandi-en-libye-pour-une-reunion-avec-ses-homologues-arabes\/202128\/","url":"https:\/\/www.webdo.tn\/fr\/actualite\/national\/othman-jerandi-en-libye-pour-une-reunion-avec-ses-homologues-arabes\/202128\/","name":"Othman Jerandi en Libye pour une r\u00e9union avec ses homologues arabes","isPartOf":{"@id":"https:\/\/www.webdo.tn\/fr\/#website"},"primaryImageOfPage":{"@id":"https:\/\/www.webdo.tn\/fr\/actualite\/national\/othman-jerandi-en-libye-pour-une-reunion-avec-ses-homologues-arabes\/202128\/#primaryimage"},"image":{"@id":"https:\/\/www.webdo.tn\/fr\/actualite\/national\/othman-jerandi-en-libye-pour-une-reunion-avec-ses-homologues-arabes\/202128\/#primaryimage"},"thumbnailUrl":"https:\/\/www.webdo.tn\/fr\/wp-content\/uploads\/2023\/01\/f14f59c605287b592e8134a945559231.jpg","datePublished":"2023-01-22T16:00:00+00:00","dateModified":"2025-05-20T23:00:45+00:00","description":"Le ministre des Affaires \u00e9trang\u00e8res, Othman Jerandi, se trouve, depuis hier, dans\u00a0la capitale libyenne Tripoli prendre part \u00e0 la r\u00e9union consultative p\u00e9riodique...","breadcrumb":{"@id":"https:\/\/www.webdo.tn\/fr\/actualite\/national\/othman-jerandi-en-libye-pour-une-reunion-avec-ses-homologues-arabes\/202128\/#breadcrumb"},"inLanguage":"fr-FR","potentialAction":[{"@type":"ReadAction","target":["https:\/\/www.webdo.tn\/fr\/actualite\/national\/othman-jerandi-en-libye-pour-une-reunion-avec-ses-homologues-arabes\/202128\/"]}]},{"@type":"ImageObject","inLanguage":"fr-FR","@id":"https:\/\/www.webdo.tn\/fr\/actualite\/national\/othman-jerandi-en-libye-pour-une-reunion-avec-ses-homologues-arabes\/202128\/#primaryimage","url":"https:\/\/www.webdo.tn\/fr\/wp-content\/uploads\/2023\/01\/f14f59c605287b592e8134a945559231.jpg","contentUrl":"https:\/\/www.webdo.tn\/fr\/wp-content\/uploads\/2023\/01\/f14f59c605287b592e8134a945559231.jpg","width":750,"height":400,"caption":"Othman Jerandi en Libye pour une r\u00e9union avec ses homologues arabes"},{"@type":"BreadcrumbList","@id":"https:\/\/www.webdo.tn\/fr\/actualite\/national\/othman-jerandi-en-libye-pour-une-reunion-avec-ses-homologues-arabes\/202128\/#breadcrumb","itemListElement":[{"@type":"ListItem","position":1,"name":"Accueil","item":"https:\/\/www.webdo.tn\/fr\/"},{"@type":"ListItem","position":2,"name":"Othman Jerandi en Libye pour une r\u00e9union avec ses homologues arabes"}]},{"@type":"WebSite","@id":"https:\/\/www.webdo.tn\/fr\/#website","url":"https:\/\/www.webdo.tn\/fr\/","name":"webdo","description":"Tunisie - News en Tunisie et \u00e0 l&#039;international sur Webdo.tn","publisher":{"@id":"https:\/\/www.webdo.tn\/fr\/#organization"},"potentialAction":[{"@type":"SearchAction","target":{"@type":"EntryPoint","urlTemplate":"https:\/\/www.webdo.tn\/fr\/?s={search_term_string}"},"query-input":{"@type":"PropertyValueSpecification","valueRequired":true,"valueName":"search_term_string"}}],"inLanguage":"fr-FR"},{"@type":"Organization","@id":"https:\/\/www.webdo.tn\/fr\/#organization","name":"Webdo","alternateName":"Webdo.tn","url":"https:\/\/www.webdo.tn\/fr\/","logo":{"@type":"ImageObject","inLanguage":"fr-FR","@id":"https:\/\/www.webdo.tn\/fr\/#\/schema\/logo\/image\/","url":"https:\/\/www.webdo.tn\/fr\/wp-content\/uploads\/2025\/06\/Webdo-Tunisie_168377.jpg","contentUrl":"https:\/\/www.webdo.tn\/fr\/wp-content\/uploads\/2025\/06\/Webdo-Tunisie_168377.jpg","width":301,"height":301,"caption":"Webdo"},"image":{"@id":"https:\/\/www.webdo.tn\/fr\/#\/schema\/logo\/image\/"},"sameAs":["https:\/\/www.facebook.com\/webdotn","https:\/\/x.com\/webdo_tn"],"description":"Webdo est un m\u00e9dia num\u00e9rique tunisien fond\u00e9 en 2010, sp\u00e9cialis\u00e9 dans l\u2019actualit\u00e9 nationale et internationale, l\u2019\u00e9conomie, la soci\u00e9t\u00e9 et les analyses politiques. Le site s\u2019adresse \u00e0 un large public francophone et couvre l\u2019information tunisienne en temps r\u00e9el.","email":"redac@webdo.tn","legalName":"YNJ SARL","foundingDate":"2010-09-06","numberOfEmployees":{"@type":"QuantitativeValue","minValue":"11","maxValue":"50"}},{"@type":"Person","@id":"https:\/\/www.webdo.tn\/fr\/#\/schema\/person\/646f7c4406ab78299805d9d39b2636d8","name":"NJ","image":{"@type":"ImageObject","inLanguage":"fr-FR","@id":"https:\/\/secure.gravatar.com\/avatar\/57ee8a7cee8271948beede1dd4413f641d3b749a42dfabf45a3352af812389e1?s=96&d=mm&r=g","url":"https:\/\/secure.gravatar.com\/avatar\/57ee8a7cee8271948beede1dd4413f641d3b749a42dfabf45a3352af812389e1?s=96&d=mm&r=g","contentUrl":"https:\/\/secure.gravatar.com\/avatar\/57ee8a7cee8271948beede1dd4413f641d3b749a42dfabf45a3352af812389e1?s=96&d=mm&r=g","caption":"NJ"},"url":"https:\/\/www.webdo.tn\/fr\/actualite\/author\/nj\/"}]}},"_links":{"self":[{"href":"https:\/\/www.webdo.tn\/fr\/wp-json\/wp\/v2\/posts\/202128","targetHints":{"allow":["GET"]}}],"collection":[{"href":"https:\/\/www.webdo.tn\/fr\/wp-json\/wp\/v2\/posts"}],"about":[{"href":"https:\/\/www.webdo.tn\/fr\/wp-json\/wp\/v2\/types\/post"}],"author":[{"embeddable":true,"href":"https:\/\/www.webdo.tn\/fr\/wp-json\/wp\/v2\/users\/3195"}],"replies":[{"embeddable":true,"href":"https:\/\/www.webdo.tn\/fr\/wp-json\/wp\/v2\/comments?post=202128"}],"version-history":[{"count":0,"href":"https:\/\/www.webdo.tn\/fr\/wp-json\/wp\/v2\/posts\/202128\/revisions"}],"wp:featuredmedia":[{"embeddable":true,"href":"https:\/\/www.webdo.tn\/fr\/wp-json\/wp\/v2\/media\/277614"}],"wp:attachment":[{"href":"https:\/\/www.webdo.tn\/fr\/wp-json\/wp\/v2\/media?parent=202128"}],"wp:term":[{"taxonomy":"category","embeddable":true,"href":"https:\/\/www.webdo.tn\/fr\/wp-json\/wp\/v2\/categories?post=202128"},{"taxonomy":"post_tag","embeddable":true,"href":"https:\/\/www.webdo.tn\/fr\/wp-json\/wp\/v2\/tags?post=202128"}],"curies":[{"name":"wp","href":"https:\/\/api.w.org\/{rel}","templated":true}]}}