{"id":202115,"date":"2023-01-21T10:56:00","date_gmt":"2023-01-21T10:56:00","guid":{"rendered":"https:\/\/www.webdo.tn\/fr\/blog\/foot-a-la-tele-zamalek-al-ahly-et-liverpool-chelsea-en-vedette\/202115\/"},"modified":"2025-05-20T22:07:01","modified_gmt":"2025-05-20T22:07:01","slug":"foot-a-la-tele-zamalek-al-ahly-et-liverpool-chelsea-en-vedette","status":"publish","type":"post","link":"https:\/\/www.webdo.tn\/fr\/actualite\/sport\/foot-a-la-tele-zamalek-al-ahly-et-liverpool-chelsea-en-vedette\/202115\/","title":{"rendered":"Foot \u00e0 la t\u00e9l\u00e9 : Zamalek &#8211; Al Ahly et Liverpool &#8211; Chelsea en vedette"},"content":{"rendered":"<p>Le derby entre Zamalek et Al Ahly en Egypte, le choc entre Liverpool et Chelsea en Angleterre et l&rsquo;affiche entre la Fiorentina et Torino en Italie&#8230; un programme de qualit\u00e9 en ce samedi 21 janvier 2023.<\/p>\n<p>\t\t\t\t\t\t\t\t\tProgramme des principales retransmissions TV des rencontres de football programm\u00e9es aujourd&rsquo;hui.<\/p>\n<p>Championnat d&rsquo;Egypte (14\u00e8me journ\u00e9e)<\/p>\n<p>\t19h30 : Zamalek &#8211; Al Ahly (OnTime Sports)<\/p>\n<p>Premier League (21\u00e8me journ\u00e9e)<\/p>\n<p>\t13h30 : Liverpool &#8211; Chelsea (beinsports Premium 1, Canal+ Foot, DAZN 1 Espagne, Sky Sport Top Event, Sky Sport Premier League, Sky Sport Autriche 1, Sky Sport Uno, Sky Sport Football)<br \/>\n\t16h00 : Leicester &#8211; Brighton (beinsports Premium 3, Multisports 3, DAZN 2 Espagne, Sky Sport Allemagne 7, Sky Sport Football)<br \/>\n\t16h00 : West Ham &#8211; Everton (beinsports Premium 1, Multisports 1, DAZN 3 Espagne, Sky Sport Premier League)<br \/>\n\t18h30 : Crystal Palace &#8211; Newcastle (beinsports Premium 1, Canal+ Foot, DAZN 1 Espagne, Sky Sport Premier League, Sky Sport Football)<\/p>\n<p>LaLiga (18\u00e8me journ\u00e9e)<\/p>\n<p>\t14h00 : Rayo Vallecano &#8211; Real Sociedad (beinsports ar 1, DAZN LaLiga, DAZN 1 Allemagne)<br \/>\n\t18h30 : Atl\u00e9tico de Madrid &#8211; Real Valladolid (beinsports ar 1, DAZN LaLiga, DAZN 1 Allemagne)<br \/>\n\t21h00 : S\u00e9ville FC &#8211; Cadix CF (beinsports ar 1, beinsports fr 4, Movistar LaLiga, DAZN 1 Allemagne)<\/p>\n<p>Serie A (19\u00e8me journ\u00e9e)<\/p>\n<p>\t15h00 : Hellas V\u00e9rone &#8211; Lecce (beinsports fr 9, Sport TV 2, DAZN 2 Allemagne)<br \/>\n\t18h00 : Salernitana &#8211; Naples (beinsports fr 3, Vamos, Sport TV 4, DAZN 2 Allemagne)<br \/>\n\t20h45 : Fiorentina &#8211; Torino (beinsports fr 5, Sport TV 4, DAZN 2 Allemagne, Sky Sport Uno, Sky Sport Calcio)<\/p>\n<p>Bundesliga (16\u00e8me journ\u00e9e)<\/p>\n<p>\t15h30 : Bochum &#8211; Hertha Berlin (beinsports fr 8, Sky Sport Bundesliga 6)<br \/>\n\t15h30 : Eintracht Francfort &#8211; Schalke 04 (beinsports ar 4, beinsports fr 6, Vamos, Sky Sport Bundesliga 2)<br \/>\n\t15h30 : Stuttgart &#8211; Mayence (beinsports fr 7, Sky Sport Bundesliga 5)<br \/>\n\t18h30 : FC Cologne &#8211; Werder Br\u00eame (beinsports ar 3, Sky Sport Bundesliga 1, Sky Sport Uno)<\/p>\n","protected":false},"excerpt":{"rendered":"<p>Le derby entre Zamalek et Al Ahly en Egypte, le choc entre Liverpool et Chelsea en Angleterre et l&rsquo;affiche entre la Fiorentina et Torino en Italie&#8230; un program&#8230;<\/p>\n","protected":false},"author":3162,"featured_media":277603,"comment_status":"open","ping_status":"closed","sticky":false,"template":"","format":"standard","meta":{"footnotes":""},"categories":[2593],"tags":[2622,2801],"class_list":["post-202115","post","type-post","status-publish","format-standard","has-post-thumbnail","hentry","category-sport","tag-football","tag-retransmission-tv"],"yoast_head":"<!-- This site is optimized with the Yoast SEO Premium plugin v27.4 (Yoast SEO v27.5) - https:\/\/yoast.com\/product\/yoast-seo-premium-wordpress\/ -->\n<title>Foot \u00e0 la t\u00e9l\u00e9 : Zamalek - Al Ahly et Liverpool - Chelsea en vedette<\/title>\n<meta name=\"description\" content=\"Le derby entre Zamalek et Al Ahly en Egypte, le choc entre Liverpool et Chelsea en Angleterre et l&#039;affiche entre la Fiorentina et Torino en Italie... un program...\" \/>\n<link rel=\"canonical\" href=\"https:\/\/www.webdo.tn\/fr\/actualite\/sport\/foot-a-la-tele-zamalek-al-ahly-et-liverpool-chelsea-en-vedette\/202115\/\" \/>\n<meta property=\"og:locale\" content=\"fr_FR\" \/>\n<meta property=\"og:type\" content=\"article\" \/>\n<meta property=\"og:title\" content=\"Foot \u00e0 la t\u00e9l\u00e9 : Zamalek - Al Ahly et Liverpool - Chelsea en vedette\" \/>\n<meta property=\"og:description\" content=\"Le derby entre Zamalek et Al Ahly en Egypte, le choc entre Liverpool et Chelsea en Angleterre et l&#039;affiche entre la Fiorentina et Torino en Italie... un program...\" \/>\n<meta property=\"og:url\" content=\"https:\/\/www.webdo.tn\/fr\/actualite\/sport\/foot-a-la-tele-zamalek-al-ahly-et-liverpool-chelsea-en-vedette\/202115\/\" \/>\n<meta property=\"og:site_name\" content=\"webdo\" \/>\n<meta property=\"article:publisher\" content=\"https:\/\/www.facebook.com\/webdotn\" \/>\n<meta property=\"article:published_time\" content=\"2023-01-21T10:56:00+00:00\" \/>\n<meta property=\"article:modified_time\" content=\"2025-05-20T22:07:01+00:00\" \/>\n<meta property=\"og:image\" content=\"https:\/\/www.webdo.tn\/fr\/wp-content\/uploads\/2023\/01\/df9a0144d2540cd8c2f4047e104b96c2.jpg\" \/>\n\t<meta property=\"og:image:width\" content=\"680\" \/>\n\t<meta property=\"og:image:height\" content=\"363\" \/>\n\t<meta property=\"og:image:type\" content=\"image\/jpeg\" \/>\n<meta name=\"author\" content=\"MC\" \/>\n<meta name=\"twitter:card\" content=\"summary_large_image\" \/>\n<meta name=\"twitter:creator\" content=\"@webdo_tn\" \/>\n<meta name=\"twitter:site\" content=\"@webdo_tn\" \/>\n<meta name=\"twitter:label1\" content=\"\u00c9crit par\" \/>\n\t<meta name=\"twitter:data1\" content=\"MC\" \/>\n\t<meta name=\"twitter:label2\" content=\"Dur\u00e9e de lecture estim\u00e9e\" \/>\n\t<meta name=\"twitter:data2\" content=\"1 minute\" \/>\n<script type=\"application\/ld+json\" class=\"yoast-schema-graph\">{\"@context\":\"https:\\\/\\\/schema.org\",\"@graph\":[{\"@type\":\"NewsArticle\",\"@id\":\"https:\\\/\\\/www.webdo.tn\\\/fr\\\/actualite\\\/sport\\\/foot-a-la-tele-zamalek-al-ahly-et-liverpool-chelsea-en-vedette\\\/202115\\\/#article\",\"isPartOf\":{\"@id\":\"https:\\\/\\\/www.webdo.tn\\\/fr\\\/actualite\\\/sport\\\/foot-a-la-tele-zamalek-al-ahly-et-liverpool-chelsea-en-vedette\\\/202115\\\/\"},\"author\":{\"name\":\"MC\",\"@id\":\"https:\\\/\\\/www.webdo.tn\\\/fr\\\/#\\\/schema\\\/person\\\/2c4929cbf5a809e3bd38617c6ce150f6\"},\"headline\":\"Foot \u00e0 la t\u00e9l\u00e9 : Zamalek &#8211; Al Ahly et Liverpool &#8211; Chelsea en vedette\",\"datePublished\":\"2023-01-21T10:56:00+00:00\",\"dateModified\":\"2025-05-20T22:07:01+00:00\",\"mainEntityOfPage\":{\"@id\":\"https:\\\/\\\/www.webdo.tn\\\/fr\\\/actualite\\\/sport\\\/foot-a-la-tele-zamalek-al-ahly-et-liverpool-chelsea-en-vedette\\\/202115\\\/\"},\"wordCount\":294,\"commentCount\":0,\"publisher\":{\"@id\":\"https:\\\/\\\/www.webdo.tn\\\/fr\\\/#organization\"},\"image\":{\"@id\":\"https:\\\/\\\/www.webdo.tn\\\/fr\\\/actualite\\\/sport\\\/foot-a-la-tele-zamalek-al-ahly-et-liverpool-chelsea-en-vedette\\\/202115\\\/#primaryimage\"},\"thumbnailUrl\":\"https:\\\/\\\/www.webdo.tn\\\/fr\\\/wp-content\\\/uploads\\\/2023\\\/01\\\/df9a0144d2540cd8c2f4047e104b96c2.jpg\",\"keywords\":[\"football\",\"retransmission tv\"],\"articleSection\":[\"Sport\"],\"inLanguage\":\"fr-FR\"},{\"@type\":\"WebPage\",\"@id\":\"https:\\\/\\\/www.webdo.tn\\\/fr\\\/actualite\\\/sport\\\/foot-a-la-tele-zamalek-al-ahly-et-liverpool-chelsea-en-vedette\\\/202115\\\/\",\"url\":\"https:\\\/\\\/www.webdo.tn\\\/fr\\\/actualite\\\/sport\\\/foot-a-la-tele-zamalek-al-ahly-et-liverpool-chelsea-en-vedette\\\/202115\\\/\",\"name\":\"Foot \u00e0 la t\u00e9l\u00e9 : Zamalek - Al Ahly et Liverpool - Chelsea en vedette\",\"isPartOf\":{\"@id\":\"https:\\\/\\\/www.webdo.tn\\\/fr\\\/#website\"},\"primaryImageOfPage\":{\"@id\":\"https:\\\/\\\/www.webdo.tn\\\/fr\\\/actualite\\\/sport\\\/foot-a-la-tele-zamalek-al-ahly-et-liverpool-chelsea-en-vedette\\\/202115\\\/#primaryimage\"},\"image\":{\"@id\":\"https:\\\/\\\/www.webdo.tn\\\/fr\\\/actualite\\\/sport\\\/foot-a-la-tele-zamalek-al-ahly-et-liverpool-chelsea-en-vedette\\\/202115\\\/#primaryimage\"},\"thumbnailUrl\":\"https:\\\/\\\/www.webdo.tn\\\/fr\\\/wp-content\\\/uploads\\\/2023\\\/01\\\/df9a0144d2540cd8c2f4047e104b96c2.jpg\",\"datePublished\":\"2023-01-21T10:56:00+00:00\",\"dateModified\":\"2025-05-20T22:07:01+00:00\",\"description\":\"Le derby entre Zamalek et Al Ahly en Egypte, le choc entre Liverpool et Chelsea en Angleterre et l'affiche entre la Fiorentina et Torino en Italie... un program...\",\"breadcrumb\":{\"@id\":\"https:\\\/\\\/www.webdo.tn\\\/fr\\\/actualite\\\/sport\\\/foot-a-la-tele-zamalek-al-ahly-et-liverpool-chelsea-en-vedette\\\/202115\\\/#breadcrumb\"},\"inLanguage\":\"fr-FR\",\"potentialAction\":[{\"@type\":\"ReadAction\",\"target\":[\"https:\\\/\\\/www.webdo.tn\\\/fr\\\/actualite\\\/sport\\\/foot-a-la-tele-zamalek-al-ahly-et-liverpool-chelsea-en-vedette\\\/202115\\\/\"]}]},{\"@type\":\"ImageObject\",\"inLanguage\":\"fr-FR\",\"@id\":\"https:\\\/\\\/www.webdo.tn\\\/fr\\\/actualite\\\/sport\\\/foot-a-la-tele-zamalek-al-ahly-et-liverpool-chelsea-en-vedette\\\/202115\\\/#primaryimage\",\"url\":\"https:\\\/\\\/www.webdo.tn\\\/fr\\\/wp-content\\\/uploads\\\/2023\\\/01\\\/df9a0144d2540cd8c2f4047e104b96c2.jpg\",\"contentUrl\":\"https:\\\/\\\/www.webdo.tn\\\/fr\\\/wp-content\\\/uploads\\\/2023\\\/01\\\/df9a0144d2540cd8c2f4047e104b96c2.jpg\",\"width\":680,\"height\":363,\"caption\":\"Foot \u00e0 la t\u00e9l\u00e9 : Zamalek - Al Ahly et Liverpool - Chelsea en vedette\"},{\"@type\":\"BreadcrumbList\",\"@id\":\"https:\\\/\\\/www.webdo.tn\\\/fr\\\/actualite\\\/sport\\\/foot-a-la-tele-zamalek-al-ahly-et-liverpool-chelsea-en-vedette\\\/202115\\\/#breadcrumb\",\"itemListElement\":[{\"@type\":\"ListItem\",\"position\":1,\"name\":\"Accueil\",\"item\":\"https:\\\/\\\/www.webdo.tn\\\/fr\\\/\"},{\"@type\":\"ListItem\",\"position\":2,\"name\":\"Foot \u00e0 la t\u00e9l\u00e9 : Zamalek &#8211; Al Ahly et Liverpool &#8211; Chelsea en vedette\"}]},{\"@type\":\"WebSite\",\"@id\":\"https:\\\/\\\/www.webdo.tn\\\/fr\\\/#website\",\"url\":\"https:\\\/\\\/www.webdo.tn\\\/fr\\\/\",\"name\":\"webdo\",\"description\":\"Tunisie - News en Tunisie et \u00e0 l&#039;international sur Webdo.tn\",\"publisher\":{\"@id\":\"https:\\\/\\\/www.webdo.tn\\\/fr\\\/#organization\"},\"potentialAction\":[{\"@type\":\"SearchAction\",\"target\":{\"@type\":\"EntryPoint\",\"urlTemplate\":\"https:\\\/\\\/www.webdo.tn\\\/fr\\\/?s={search_term_string}\"},\"query-input\":{\"@type\":\"PropertyValueSpecification\",\"valueRequired\":true,\"valueName\":\"search_term_string\"}}],\"inLanguage\":\"fr-FR\"},{\"@type\":\"Organization\",\"@id\":\"https:\\\/\\\/www.webdo.tn\\\/fr\\\/#organization\",\"name\":\"Webdo\",\"alternateName\":\"Webdo.tn\",\"url\":\"https:\\\/\\\/www.webdo.tn\\\/fr\\\/\",\"logo\":{\"@type\":\"ImageObject\",\"inLanguage\":\"fr-FR\",\"@id\":\"https:\\\/\\\/www.webdo.tn\\\/fr\\\/#\\\/schema\\\/logo\\\/image\\\/\",\"url\":\"https:\\\/\\\/www.webdo.tn\\\/fr\\\/wp-content\\\/uploads\\\/2025\\\/06\\\/Webdo-Tunisie_168377.jpg\",\"contentUrl\":\"https:\\\/\\\/www.webdo.tn\\\/fr\\\/wp-content\\\/uploads\\\/2025\\\/06\\\/Webdo-Tunisie_168377.jpg\",\"width\":301,\"height\":301,\"caption\":\"Webdo\"},\"image\":{\"@id\":\"https:\\\/\\\/www.webdo.tn\\\/fr\\\/#\\\/schema\\\/logo\\\/image\\\/\"},\"sameAs\":[\"https:\\\/\\\/www.facebook.com\\\/webdotn\",\"https:\\\/\\\/x.com\\\/webdo_tn\"],\"description\":\"Webdo est un m\u00e9dia num\u00e9rique tunisien fond\u00e9 en 2010, sp\u00e9cialis\u00e9 dans l\u2019actualit\u00e9 nationale et internationale, l\u2019\u00e9conomie, la soci\u00e9t\u00e9 et les analyses politiques. Le site s\u2019adresse \u00e0 un large public francophone et couvre l\u2019information tunisienne en temps r\u00e9el.\",\"email\":\"redac@webdo.tn\",\"legalName\":\"YNJ SARL\",\"foundingDate\":\"2010-09-06\",\"numberOfEmployees\":{\"@type\":\"QuantitativeValue\",\"minValue\":\"11\",\"maxValue\":\"50\"}},{\"@type\":\"Person\",\"@id\":\"https:\\\/\\\/www.webdo.tn\\\/fr\\\/#\\\/schema\\\/person\\\/2c4929cbf5a809e3bd38617c6ce150f6\",\"name\":\"MC\",\"image\":{\"@type\":\"ImageObject\",\"inLanguage\":\"fr-FR\",\"@id\":\"https:\\\/\\\/secure.gravatar.com\\\/avatar\\\/a545bbb6f84efdd5553dbbc2895e3ca8f1d12c5215e00a041c9670b54aa9b18a?s=96&d=mm&r=g\",\"url\":\"https:\\\/\\\/secure.gravatar.com\\\/avatar\\\/a545bbb6f84efdd5553dbbc2895e3ca8f1d12c5215e00a041c9670b54aa9b18a?s=96&d=mm&r=g\",\"contentUrl\":\"https:\\\/\\\/secure.gravatar.com\\\/avatar\\\/a545bbb6f84efdd5553dbbc2895e3ca8f1d12c5215e00a041c9670b54aa9b18a?s=96&d=mm&r=g\",\"caption\":\"MC\"},\"url\":\"https:\\\/\\\/www.webdo.tn\\\/fr\\\/actualite\\\/author\\\/mc\\\/\"}]}<\/script>\n<!-- \/ Yoast SEO Premium plugin. -->","yoast_head_json":{"title":"Foot \u00e0 la t\u00e9l\u00e9 : Zamalek - Al Ahly et Liverpool - Chelsea en vedette","description":"Le derby entre Zamalek et Al Ahly en Egypte, le choc entre Liverpool et Chelsea en Angleterre et l'affiche entre la Fiorentina et Torino en Italie... un program...","canonical":"https:\/\/www.webdo.tn\/fr\/actualite\/sport\/foot-a-la-tele-zamalek-al-ahly-et-liverpool-chelsea-en-vedette\/202115\/","og_locale":"fr_FR","og_type":"article","og_title":"Foot \u00e0 la t\u00e9l\u00e9 : Zamalek - Al Ahly et Liverpool - Chelsea en vedette","og_description":"Le derby entre Zamalek et Al Ahly en Egypte, le choc entre Liverpool et Chelsea en Angleterre et l'affiche entre la Fiorentina et Torino en Italie... un program...","og_url":"https:\/\/www.webdo.tn\/fr\/actualite\/sport\/foot-a-la-tele-zamalek-al-ahly-et-liverpool-chelsea-en-vedette\/202115\/","og_site_name":"webdo","article_publisher":"https:\/\/www.facebook.com\/webdotn","article_published_time":"2023-01-21T10:56:00+00:00","article_modified_time":"2025-05-20T22:07:01+00:00","og_image":[{"width":680,"height":363,"url":"https:\/\/www.webdo.tn\/fr\/wp-content\/uploads\/2023\/01\/df9a0144d2540cd8c2f4047e104b96c2.jpg","type":"image\/jpeg"}],"author":"MC","twitter_card":"summary_large_image","twitter_creator":"@webdo_tn","twitter_site":"@webdo_tn","twitter_misc":{"\u00c9crit par":"MC","Dur\u00e9e de lecture estim\u00e9e":"1 minute"},"schema":{"@context":"https:\/\/schema.org","@graph":[{"@type":"NewsArticle","@id":"https:\/\/www.webdo.tn\/fr\/actualite\/sport\/foot-a-la-tele-zamalek-al-ahly-et-liverpool-chelsea-en-vedette\/202115\/#article","isPartOf":{"@id":"https:\/\/www.webdo.tn\/fr\/actualite\/sport\/foot-a-la-tele-zamalek-al-ahly-et-liverpool-chelsea-en-vedette\/202115\/"},"author":{"name":"MC","@id":"https:\/\/www.webdo.tn\/fr\/#\/schema\/person\/2c4929cbf5a809e3bd38617c6ce150f6"},"headline":"Foot \u00e0 la t\u00e9l\u00e9 : Zamalek &#8211; Al Ahly et Liverpool &#8211; Chelsea en vedette","datePublished":"2023-01-21T10:56:00+00:00","dateModified":"2025-05-20T22:07:01+00:00","mainEntityOfPage":{"@id":"https:\/\/www.webdo.tn\/fr\/actualite\/sport\/foot-a-la-tele-zamalek-al-ahly-et-liverpool-chelsea-en-vedette\/202115\/"},"wordCount":294,"commentCount":0,"publisher":{"@id":"https:\/\/www.webdo.tn\/fr\/#organization"},"image":{"@id":"https:\/\/www.webdo.tn\/fr\/actualite\/sport\/foot-a-la-tele-zamalek-al-ahly-et-liverpool-chelsea-en-vedette\/202115\/#primaryimage"},"thumbnailUrl":"https:\/\/www.webdo.tn\/fr\/wp-content\/uploads\/2023\/01\/df9a0144d2540cd8c2f4047e104b96c2.jpg","keywords":["football","retransmission tv"],"articleSection":["Sport"],"inLanguage":"fr-FR"},{"@type":"WebPage","@id":"https:\/\/www.webdo.tn\/fr\/actualite\/sport\/foot-a-la-tele-zamalek-al-ahly-et-liverpool-chelsea-en-vedette\/202115\/","url":"https:\/\/www.webdo.tn\/fr\/actualite\/sport\/foot-a-la-tele-zamalek-al-ahly-et-liverpool-chelsea-en-vedette\/202115\/","name":"Foot \u00e0 la t\u00e9l\u00e9 : Zamalek - Al Ahly et Liverpool - Chelsea en vedette","isPartOf":{"@id":"https:\/\/www.webdo.tn\/fr\/#website"},"primaryImageOfPage":{"@id":"https:\/\/www.webdo.tn\/fr\/actualite\/sport\/foot-a-la-tele-zamalek-al-ahly-et-liverpool-chelsea-en-vedette\/202115\/#primaryimage"},"image":{"@id":"https:\/\/www.webdo.tn\/fr\/actualite\/sport\/foot-a-la-tele-zamalek-al-ahly-et-liverpool-chelsea-en-vedette\/202115\/#primaryimage"},"thumbnailUrl":"https:\/\/www.webdo.tn\/fr\/wp-content\/uploads\/2023\/01\/df9a0144d2540cd8c2f4047e104b96c2.jpg","datePublished":"2023-01-21T10:56:00+00:00","dateModified":"2025-05-20T22:07:01+00:00","description":"Le derby entre Zamalek et Al Ahly en Egypte, le choc entre Liverpool et Chelsea en Angleterre et l'affiche entre la Fiorentina et Torino en Italie... un program...","breadcrumb":{"@id":"https:\/\/www.webdo.tn\/fr\/actualite\/sport\/foot-a-la-tele-zamalek-al-ahly-et-liverpool-chelsea-en-vedette\/202115\/#breadcrumb"},"inLanguage":"fr-FR","potentialAction":[{"@type":"ReadAction","target":["https:\/\/www.webdo.tn\/fr\/actualite\/sport\/foot-a-la-tele-zamalek-al-ahly-et-liverpool-chelsea-en-vedette\/202115\/"]}]},{"@type":"ImageObject","inLanguage":"fr-FR","@id":"https:\/\/www.webdo.tn\/fr\/actualite\/sport\/foot-a-la-tele-zamalek-al-ahly-et-liverpool-chelsea-en-vedette\/202115\/#primaryimage","url":"https:\/\/www.webdo.tn\/fr\/wp-content\/uploads\/2023\/01\/df9a0144d2540cd8c2f4047e104b96c2.jpg","contentUrl":"https:\/\/www.webdo.tn\/fr\/wp-content\/uploads\/2023\/01\/df9a0144d2540cd8c2f4047e104b96c2.jpg","width":680,"height":363,"caption":"Foot \u00e0 la t\u00e9l\u00e9 : Zamalek - Al Ahly et Liverpool - Chelsea en vedette"},{"@type":"BreadcrumbList","@id":"https:\/\/www.webdo.tn\/fr\/actualite\/sport\/foot-a-la-tele-zamalek-al-ahly-et-liverpool-chelsea-en-vedette\/202115\/#breadcrumb","itemListElement":[{"@type":"ListItem","position":1,"name":"Accueil","item":"https:\/\/www.webdo.tn\/fr\/"},{"@type":"ListItem","position":2,"name":"Foot \u00e0 la t\u00e9l\u00e9 : Zamalek &#8211; Al Ahly et Liverpool &#8211; Chelsea en vedette"}]},{"@type":"WebSite","@id":"https:\/\/www.webdo.tn\/fr\/#website","url":"https:\/\/www.webdo.tn\/fr\/","name":"webdo","description":"Tunisie - News en Tunisie et \u00e0 l&#039;international sur Webdo.tn","publisher":{"@id":"https:\/\/www.webdo.tn\/fr\/#organization"},"potentialAction":[{"@type":"SearchAction","target":{"@type":"EntryPoint","urlTemplate":"https:\/\/www.webdo.tn\/fr\/?s={search_term_string}"},"query-input":{"@type":"PropertyValueSpecification","valueRequired":true,"valueName":"search_term_string"}}],"inLanguage":"fr-FR"},{"@type":"Organization","@id":"https:\/\/www.webdo.tn\/fr\/#organization","name":"Webdo","alternateName":"Webdo.tn","url":"https:\/\/www.webdo.tn\/fr\/","logo":{"@type":"ImageObject","inLanguage":"fr-FR","@id":"https:\/\/www.webdo.tn\/fr\/#\/schema\/logo\/image\/","url":"https:\/\/www.webdo.tn\/fr\/wp-content\/uploads\/2025\/06\/Webdo-Tunisie_168377.jpg","contentUrl":"https:\/\/www.webdo.tn\/fr\/wp-content\/uploads\/2025\/06\/Webdo-Tunisie_168377.jpg","width":301,"height":301,"caption":"Webdo"},"image":{"@id":"https:\/\/www.webdo.tn\/fr\/#\/schema\/logo\/image\/"},"sameAs":["https:\/\/www.facebook.com\/webdotn","https:\/\/x.com\/webdo_tn"],"description":"Webdo est un m\u00e9dia num\u00e9rique tunisien fond\u00e9 en 2010, sp\u00e9cialis\u00e9 dans l\u2019actualit\u00e9 nationale et internationale, l\u2019\u00e9conomie, la soci\u00e9t\u00e9 et les analyses politiques. Le site s\u2019adresse \u00e0 un large public francophone et couvre l\u2019information tunisienne en temps r\u00e9el.","email":"redac@webdo.tn","legalName":"YNJ SARL","foundingDate":"2010-09-06","numberOfEmployees":{"@type":"QuantitativeValue","minValue":"11","maxValue":"50"}},{"@type":"Person","@id":"https:\/\/www.webdo.tn\/fr\/#\/schema\/person\/2c4929cbf5a809e3bd38617c6ce150f6","name":"MC","image":{"@type":"ImageObject","inLanguage":"fr-FR","@id":"https:\/\/secure.gravatar.com\/avatar\/a545bbb6f84efdd5553dbbc2895e3ca8f1d12c5215e00a041c9670b54aa9b18a?s=96&d=mm&r=g","url":"https:\/\/secure.gravatar.com\/avatar\/a545bbb6f84efdd5553dbbc2895e3ca8f1d12c5215e00a041c9670b54aa9b18a?s=96&d=mm&r=g","contentUrl":"https:\/\/secure.gravatar.com\/avatar\/a545bbb6f84efdd5553dbbc2895e3ca8f1d12c5215e00a041c9670b54aa9b18a?s=96&d=mm&r=g","caption":"MC"},"url":"https:\/\/www.webdo.tn\/fr\/actualite\/author\/mc\/"}]}},"_links":{"self":[{"href":"https:\/\/www.webdo.tn\/fr\/wp-json\/wp\/v2\/posts\/202115","targetHints":{"allow":["GET"]}}],"collection":[{"href":"https:\/\/www.webdo.tn\/fr\/wp-json\/wp\/v2\/posts"}],"about":[{"href":"https:\/\/www.webdo.tn\/fr\/wp-json\/wp\/v2\/types\/post"}],"author":[{"embeddable":true,"href":"https:\/\/www.webdo.tn\/fr\/wp-json\/wp\/v2\/users\/3162"}],"replies":[{"embeddable":true,"href":"https:\/\/www.webdo.tn\/fr\/wp-json\/wp\/v2\/comments?post=202115"}],"version-history":[{"count":0,"href":"https:\/\/www.webdo.tn\/fr\/wp-json\/wp\/v2\/posts\/202115\/revisions"}],"wp:featuredmedia":[{"embeddable":true,"href":"https:\/\/www.webdo.tn\/fr\/wp-json\/wp\/v2\/media\/277603"}],"wp:attachment":[{"href":"https:\/\/www.webdo.tn\/fr\/wp-json\/wp\/v2\/media?parent=202115"}],"wp:term":[{"taxonomy":"category","embeddable":true,"href":"https:\/\/www.webdo.tn\/fr\/wp-json\/wp\/v2\/categories?post=202115"},{"taxonomy":"post_tag","embeddable":true,"href":"https:\/\/www.webdo.tn\/fr\/wp-json\/wp\/v2\/tags?post=202115"}],"curies":[{"name":"wp","href":"https:\/\/api.w.org\/{rel}","templated":true}]}}