{"id":202108,"date":"2023-01-21T09:18:00","date_gmt":"2023-01-21T09:18:00","guid":{"rendered":"https:\/\/www.webdo.tn\/fr\/actualite\/blog\/chutes-de-neige-la-suspension-des-cours-maintenue\/202108\/"},"modified":"2025-05-22T11:37:30","modified_gmt":"2025-05-22T11:37:30","slug":"chutes-de-neige-la-suspension-des-cours-maintenue","status":"publish","type":"post","link":"https:\/\/www.webdo.tn\/fr\/actualite\/national\/chutes-de-neige-la-suspension-des-cours-maintenue\/202108\/","title":{"rendered":"Chutes de neige : La suspension des cours maintenue"},"content":{"rendered":"<p>Le Comit\u00e9 r\u00e9gional de pr\u00e9vention des catastrophes \u00e0 Jendouba a d\u00e9cid\u00e9 de maintenir la suspension des cours dans les \u00e9tablissements scolaires des d\u00e9l\u00e9gations de Ain Draham, Ghardimaou et Balta Bouaouane, en raison de chutes de neige importantes pr\u00e9vues ce samedi 21 janvier et de l\u2019interruption de la circulation sur plusieurs routes.<\/p>\n<p> Il a \u00e9galement d\u00e9cid\u00e9 de concentrer les moyens d&rsquo;intervention au niveau de Beni Mtir, Nour El Ain, le centre-ville de Ain Draham, Ghardimaou et Balta Bouaouane, pour le d\u00e9neigement des routes et des chemins, et de fournir des vivres et des bouteilles de gaz et d&rsquo;huile aux habitants.<\/p>\n<p>L&rsquo;Institut national de la m\u00e9t\u00e9orologie (INM) pr\u00e9voit en effet des chutes de neige sur les hauteurs et les r\u00e9gions montagneuses dans les gouvernorats de Jendouba, du Kef, de Siliana et de Kasserine.<\/p>\n","protected":false},"excerpt":{"rendered":"<p>Le Comit\u00e9 r\u00e9gional de pr\u00e9vention des catastrophes \u00e0 Jendouba a d\u00e9cid\u00e9 de maintenir la suspension des cours dans les \u00e9tablissements scolaires des d\u00e9l\u00e9gations de&#8230;<\/p>\n","protected":false},"author":3162,"featured_media":348248,"comment_status":"open","ping_status":"closed","sticky":false,"template":"","format":"standard","meta":{"footnotes":""},"categories":[44],"tags":[7483,11413,4352],"class_list":["post-202108","post","type-post","status-publish","format-standard","has-post-thumbnail","hentry","category-national","tag-ain-draham","tag-chute-de-neige","tag-cours"],"yoast_head":"<!-- This site is optimized with the Yoast SEO Premium plugin v27.5 (Yoast SEO v27.5) - https:\/\/yoast.com\/product\/yoast-seo-premium-wordpress\/ -->\n<title>Chutes de neige : La suspension des cours maintenue<\/title>\n<meta name=\"description\" content=\"Le Comit\u00e9 r\u00e9gional de pr\u00e9vention des catastrophes \u00e0 Jendouba a d\u00e9cid\u00e9 de maintenir la suspension des cours dans les \u00e9tablissements scolaires des d\u00e9l\u00e9gations de...\" \/>\n<link rel=\"canonical\" href=\"https:\/\/www.webdo.tn\/fr\/actualite\/national-45\/chutes-de-neige-la-suspension-des-cours-maintenue\/202108\/\" \/>\n<meta property=\"og:locale\" content=\"fr_FR\" \/>\n<meta property=\"og:type\" content=\"article\" \/>\n<meta property=\"og:title\" content=\"Chutes de neige : La suspension des cours maintenue\" \/>\n<meta property=\"og:description\" content=\"Le Comit\u00e9 r\u00e9gional de pr\u00e9vention des catastrophes \u00e0 Jendouba a d\u00e9cid\u00e9 de maintenir la suspension des cours dans les \u00e9tablissements scolaires des d\u00e9l\u00e9gations de...\" \/>\n<meta property=\"og:url\" content=\"https:\/\/www.webdo.tn\/fr\/actualite\/national-45\/chutes-de-neige-la-suspension-des-cours-maintenue\/202108\/\" \/>\n<meta property=\"og:site_name\" content=\"webdo\" \/>\n<meta property=\"article:publisher\" content=\"https:\/\/www.facebook.com\/webdotn\" \/>\n<meta property=\"article:published_time\" content=\"2023-01-21T09:18:00+00:00\" \/>\n<meta property=\"article:modified_time\" content=\"2025-05-22T11:37:30+00:00\" \/>\n<meta property=\"og:image\" content=\"https:\/\/www.webdo.tn\/fr\/wp-content\/uploads\/2023\/01\/9ca7ab2e08c322120bcb3d87c42f2e9c.jpg\" \/>\n\t<meta property=\"og:image:width\" content=\"750\" \/>\n\t<meta property=\"og:image:height\" content=\"400\" \/>\n\t<meta property=\"og:image:type\" content=\"image\/jpeg\" \/>\n<meta name=\"author\" content=\"MC\" \/>\n<meta name=\"twitter:card\" content=\"summary_large_image\" \/>\n<meta name=\"twitter:creator\" content=\"@webdo_tn\" \/>\n<meta name=\"twitter:site\" content=\"@webdo_tn\" \/>\n<meta name=\"twitter:label1\" content=\"\u00c9crit par\" \/>\n\t<meta name=\"twitter:data1\" content=\"MC\" \/>\n\t<meta name=\"twitter:label2\" content=\"Dur\u00e9e de lecture estim\u00e9e\" \/>\n\t<meta name=\"twitter:data2\" content=\"1 minute\" \/>\n<script type=\"application\/ld+json\" class=\"yoast-schema-graph\">{\"@context\":\"https:\\\/\\\/schema.org\",\"@graph\":[{\"@type\":\"NewsArticle\",\"@id\":\"https:\\\/\\\/www.webdo.tn\\\/fr\\\/actualite\\\/national-45\\\/chutes-de-neige-la-suspension-des-cours-maintenue\\\/202108\\\/#article\",\"isPartOf\":{\"@id\":\"https:\\\/\\\/www.webdo.tn\\\/fr\\\/actualite\\\/national-45\\\/chutes-de-neige-la-suspension-des-cours-maintenue\\\/202108\\\/\"},\"author\":{\"name\":\"MC\",\"@id\":\"https:\\\/\\\/www.webdo.tn\\\/fr\\\/#\\\/schema\\\/person\\\/2c4929cbf5a809e3bd38617c6ce150f6\"},\"headline\":\"Chutes de neige : La suspension des cours maintenue\",\"datePublished\":\"2023-01-21T09:18:00+00:00\",\"dateModified\":\"2025-05-22T11:37:30+00:00\",\"mainEntityOfPage\":{\"@id\":\"https:\\\/\\\/www.webdo.tn\\\/fr\\\/actualite\\\/national-45\\\/chutes-de-neige-la-suspension-des-cours-maintenue\\\/202108\\\/\"},\"wordCount\":153,\"commentCount\":0,\"publisher\":{\"@id\":\"https:\\\/\\\/www.webdo.tn\\\/fr\\\/#organization\"},\"image\":{\"@id\":\"https:\\\/\\\/www.webdo.tn\\\/fr\\\/actualite\\\/national-45\\\/chutes-de-neige-la-suspension-des-cours-maintenue\\\/202108\\\/#primaryimage\"},\"thumbnailUrl\":\"https:\\\/\\\/www.webdo.tn\\\/fr\\\/wp-content\\\/uploads\\\/2023\\\/01\\\/9ca7ab2e08c322120bcb3d87c42f2e9c.jpg\",\"keywords\":[\"ain draham\",\"chute de neige\",\"cours\"],\"articleSection\":[\"National\"],\"inLanguage\":\"fr-FR\"},{\"@type\":\"WebPage\",\"@id\":\"https:\\\/\\\/www.webdo.tn\\\/fr\\\/actualite\\\/national-45\\\/chutes-de-neige-la-suspension-des-cours-maintenue\\\/202108\\\/\",\"url\":\"https:\\\/\\\/www.webdo.tn\\\/fr\\\/actualite\\\/national-45\\\/chutes-de-neige-la-suspension-des-cours-maintenue\\\/202108\\\/\",\"name\":\"Chutes de neige : La suspension des cours maintenue\",\"isPartOf\":{\"@id\":\"https:\\\/\\\/www.webdo.tn\\\/fr\\\/#website\"},\"primaryImageOfPage\":{\"@id\":\"https:\\\/\\\/www.webdo.tn\\\/fr\\\/actualite\\\/national-45\\\/chutes-de-neige-la-suspension-des-cours-maintenue\\\/202108\\\/#primaryimage\"},\"image\":{\"@id\":\"https:\\\/\\\/www.webdo.tn\\\/fr\\\/actualite\\\/national-45\\\/chutes-de-neige-la-suspension-des-cours-maintenue\\\/202108\\\/#primaryimage\"},\"thumbnailUrl\":\"https:\\\/\\\/www.webdo.tn\\\/fr\\\/wp-content\\\/uploads\\\/2023\\\/01\\\/9ca7ab2e08c322120bcb3d87c42f2e9c.jpg\",\"datePublished\":\"2023-01-21T09:18:00+00:00\",\"dateModified\":\"2025-05-22T11:37:30+00:00\",\"description\":\"Le Comit\u00e9 r\u00e9gional de pr\u00e9vention des catastrophes \u00e0 Jendouba a d\u00e9cid\u00e9 de maintenir la suspension des cours dans les \u00e9tablissements scolaires des d\u00e9l\u00e9gations de...\",\"breadcrumb\":{\"@id\":\"https:\\\/\\\/www.webdo.tn\\\/fr\\\/actualite\\\/national-45\\\/chutes-de-neige-la-suspension-des-cours-maintenue\\\/202108\\\/#breadcrumb\"},\"inLanguage\":\"fr-FR\",\"potentialAction\":[{\"@type\":\"ReadAction\",\"target\":[\"https:\\\/\\\/www.webdo.tn\\\/fr\\\/actualite\\\/national-45\\\/chutes-de-neige-la-suspension-des-cours-maintenue\\\/202108\\\/\"]}]},{\"@type\":\"ImageObject\",\"inLanguage\":\"fr-FR\",\"@id\":\"https:\\\/\\\/www.webdo.tn\\\/fr\\\/actualite\\\/national-45\\\/chutes-de-neige-la-suspension-des-cours-maintenue\\\/202108\\\/#primaryimage\",\"url\":\"https:\\\/\\\/www.webdo.tn\\\/fr\\\/wp-content\\\/uploads\\\/2023\\\/01\\\/9ca7ab2e08c322120bcb3d87c42f2e9c.jpg\",\"contentUrl\":\"https:\\\/\\\/www.webdo.tn\\\/fr\\\/wp-content\\\/uploads\\\/2023\\\/01\\\/9ca7ab2e08c322120bcb3d87c42f2e9c.jpg\",\"width\":750,\"height\":400,\"caption\":\"Chutes de neige : La suspension des cours maintenue\"},{\"@type\":\"BreadcrumbList\",\"@id\":\"https:\\\/\\\/www.webdo.tn\\\/fr\\\/actualite\\\/national-45\\\/chutes-de-neige-la-suspension-des-cours-maintenue\\\/202108\\\/#breadcrumb\",\"itemListElement\":[{\"@type\":\"ListItem\",\"position\":1,\"name\":\"Accueil\",\"item\":\"https:\\\/\\\/www.webdo.tn\\\/fr\\\/\"},{\"@type\":\"ListItem\",\"position\":2,\"name\":\"Chutes de neige : La suspension des cours maintenue\"}]},{\"@type\":\"WebSite\",\"@id\":\"https:\\\/\\\/www.webdo.tn\\\/fr\\\/#website\",\"url\":\"https:\\\/\\\/www.webdo.tn\\\/fr\\\/\",\"name\":\"webdo\",\"description\":\"Tunisie - News en Tunisie et \u00e0 l&#039;international sur Webdo.tn\",\"publisher\":{\"@id\":\"https:\\\/\\\/www.webdo.tn\\\/fr\\\/#organization\"},\"potentialAction\":[{\"@type\":\"SearchAction\",\"target\":{\"@type\":\"EntryPoint\",\"urlTemplate\":\"https:\\\/\\\/www.webdo.tn\\\/fr\\\/?s={search_term_string}\"},\"query-input\":{\"@type\":\"PropertyValueSpecification\",\"valueRequired\":true,\"valueName\":\"search_term_string\"}}],\"inLanguage\":\"fr-FR\"},{\"@type\":\"Organization\",\"@id\":\"https:\\\/\\\/www.webdo.tn\\\/fr\\\/#organization\",\"name\":\"Webdo\",\"alternateName\":\"Webdo.tn\",\"url\":\"https:\\\/\\\/www.webdo.tn\\\/fr\\\/\",\"logo\":{\"@type\":\"ImageObject\",\"inLanguage\":\"fr-FR\",\"@id\":\"https:\\\/\\\/www.webdo.tn\\\/fr\\\/#\\\/schema\\\/logo\\\/image\\\/\",\"url\":\"https:\\\/\\\/www.webdo.tn\\\/fr\\\/wp-content\\\/uploads\\\/2025\\\/06\\\/Webdo-Tunisie_168377.jpg\",\"contentUrl\":\"https:\\\/\\\/www.webdo.tn\\\/fr\\\/wp-content\\\/uploads\\\/2025\\\/06\\\/Webdo-Tunisie_168377.jpg\",\"width\":301,\"height\":301,\"caption\":\"Webdo\"},\"image\":{\"@id\":\"https:\\\/\\\/www.webdo.tn\\\/fr\\\/#\\\/schema\\\/logo\\\/image\\\/\"},\"sameAs\":[\"https:\\\/\\\/www.facebook.com\\\/webdotn\",\"https:\\\/\\\/x.com\\\/webdo_tn\"],\"description\":\"Webdo est un m\u00e9dia num\u00e9rique tunisien fond\u00e9 en 2010, sp\u00e9cialis\u00e9 dans l\u2019actualit\u00e9 nationale et internationale, l\u2019\u00e9conomie, la soci\u00e9t\u00e9 et les analyses politiques. Le site s\u2019adresse \u00e0 un large public francophone et couvre l\u2019information tunisienne en temps r\u00e9el.\",\"email\":\"redac@webdo.tn\",\"legalName\":\"YNJ SARL\",\"foundingDate\":\"2010-09-06\",\"numberOfEmployees\":{\"@type\":\"QuantitativeValue\",\"minValue\":\"11\",\"maxValue\":\"50\"}},{\"@type\":\"Person\",\"@id\":\"https:\\\/\\\/www.webdo.tn\\\/fr\\\/#\\\/schema\\\/person\\\/2c4929cbf5a809e3bd38617c6ce150f6\",\"name\":\"MC\",\"image\":{\"@type\":\"ImageObject\",\"inLanguage\":\"fr-FR\",\"@id\":\"https:\\\/\\\/secure.gravatar.com\\\/avatar\\\/a545bbb6f84efdd5553dbbc2895e3ca8f1d12c5215e00a041c9670b54aa9b18a?s=96&d=mm&r=g\",\"url\":\"https:\\\/\\\/secure.gravatar.com\\\/avatar\\\/a545bbb6f84efdd5553dbbc2895e3ca8f1d12c5215e00a041c9670b54aa9b18a?s=96&d=mm&r=g\",\"contentUrl\":\"https:\\\/\\\/secure.gravatar.com\\\/avatar\\\/a545bbb6f84efdd5553dbbc2895e3ca8f1d12c5215e00a041c9670b54aa9b18a?s=96&d=mm&r=g\",\"caption\":\"MC\"},\"url\":\"https:\\\/\\\/www.webdo.tn\\\/fr\\\/actualite\\\/author\\\/mc\\\/\"}]}<\/script>\n<!-- \/ Yoast SEO Premium plugin. -->","yoast_head_json":{"title":"Chutes de neige : La suspension des cours maintenue","description":"Le Comit\u00e9 r\u00e9gional de pr\u00e9vention des catastrophes \u00e0 Jendouba a d\u00e9cid\u00e9 de maintenir la suspension des cours dans les \u00e9tablissements scolaires des d\u00e9l\u00e9gations de...","canonical":"https:\/\/www.webdo.tn\/fr\/actualite\/national-45\/chutes-de-neige-la-suspension-des-cours-maintenue\/202108\/","og_locale":"fr_FR","og_type":"article","og_title":"Chutes de neige : La suspension des cours maintenue","og_description":"Le Comit\u00e9 r\u00e9gional de pr\u00e9vention des catastrophes \u00e0 Jendouba a d\u00e9cid\u00e9 de maintenir la suspension des cours dans les \u00e9tablissements scolaires des d\u00e9l\u00e9gations de...","og_url":"https:\/\/www.webdo.tn\/fr\/actualite\/national-45\/chutes-de-neige-la-suspension-des-cours-maintenue\/202108\/","og_site_name":"webdo","article_publisher":"https:\/\/www.facebook.com\/webdotn","article_published_time":"2023-01-21T09:18:00+00:00","article_modified_time":"2025-05-22T11:37:30+00:00","og_image":[{"width":750,"height":400,"url":"https:\/\/www.webdo.tn\/fr\/wp-content\/uploads\/2023\/01\/9ca7ab2e08c322120bcb3d87c42f2e9c.jpg","type":"image\/jpeg"}],"author":"MC","twitter_card":"summary_large_image","twitter_creator":"@webdo_tn","twitter_site":"@webdo_tn","twitter_misc":{"\u00c9crit par":"MC","Dur\u00e9e de lecture estim\u00e9e":"1 minute"},"schema":{"@context":"https:\/\/schema.org","@graph":[{"@type":"NewsArticle","@id":"https:\/\/www.webdo.tn\/fr\/actualite\/national-45\/chutes-de-neige-la-suspension-des-cours-maintenue\/202108\/#article","isPartOf":{"@id":"https:\/\/www.webdo.tn\/fr\/actualite\/national-45\/chutes-de-neige-la-suspension-des-cours-maintenue\/202108\/"},"author":{"name":"MC","@id":"https:\/\/www.webdo.tn\/fr\/#\/schema\/person\/2c4929cbf5a809e3bd38617c6ce150f6"},"headline":"Chutes de neige : La suspension des cours maintenue","datePublished":"2023-01-21T09:18:00+00:00","dateModified":"2025-05-22T11:37:30+00:00","mainEntityOfPage":{"@id":"https:\/\/www.webdo.tn\/fr\/actualite\/national-45\/chutes-de-neige-la-suspension-des-cours-maintenue\/202108\/"},"wordCount":153,"commentCount":0,"publisher":{"@id":"https:\/\/www.webdo.tn\/fr\/#organization"},"image":{"@id":"https:\/\/www.webdo.tn\/fr\/actualite\/national-45\/chutes-de-neige-la-suspension-des-cours-maintenue\/202108\/#primaryimage"},"thumbnailUrl":"https:\/\/www.webdo.tn\/fr\/wp-content\/uploads\/2023\/01\/9ca7ab2e08c322120bcb3d87c42f2e9c.jpg","keywords":["ain draham","chute de neige","cours"],"articleSection":["National"],"inLanguage":"fr-FR"},{"@type":"WebPage","@id":"https:\/\/www.webdo.tn\/fr\/actualite\/national-45\/chutes-de-neige-la-suspension-des-cours-maintenue\/202108\/","url":"https:\/\/www.webdo.tn\/fr\/actualite\/national-45\/chutes-de-neige-la-suspension-des-cours-maintenue\/202108\/","name":"Chutes de neige : La suspension des cours maintenue","isPartOf":{"@id":"https:\/\/www.webdo.tn\/fr\/#website"},"primaryImageOfPage":{"@id":"https:\/\/www.webdo.tn\/fr\/actualite\/national-45\/chutes-de-neige-la-suspension-des-cours-maintenue\/202108\/#primaryimage"},"image":{"@id":"https:\/\/www.webdo.tn\/fr\/actualite\/national-45\/chutes-de-neige-la-suspension-des-cours-maintenue\/202108\/#primaryimage"},"thumbnailUrl":"https:\/\/www.webdo.tn\/fr\/wp-content\/uploads\/2023\/01\/9ca7ab2e08c322120bcb3d87c42f2e9c.jpg","datePublished":"2023-01-21T09:18:00+00:00","dateModified":"2025-05-22T11:37:30+00:00","description":"Le Comit\u00e9 r\u00e9gional de pr\u00e9vention des catastrophes \u00e0 Jendouba a d\u00e9cid\u00e9 de maintenir la suspension des cours dans les \u00e9tablissements scolaires des d\u00e9l\u00e9gations de...","breadcrumb":{"@id":"https:\/\/www.webdo.tn\/fr\/actualite\/national-45\/chutes-de-neige-la-suspension-des-cours-maintenue\/202108\/#breadcrumb"},"inLanguage":"fr-FR","potentialAction":[{"@type":"ReadAction","target":["https:\/\/www.webdo.tn\/fr\/actualite\/national-45\/chutes-de-neige-la-suspension-des-cours-maintenue\/202108\/"]}]},{"@type":"ImageObject","inLanguage":"fr-FR","@id":"https:\/\/www.webdo.tn\/fr\/actualite\/national-45\/chutes-de-neige-la-suspension-des-cours-maintenue\/202108\/#primaryimage","url":"https:\/\/www.webdo.tn\/fr\/wp-content\/uploads\/2023\/01\/9ca7ab2e08c322120bcb3d87c42f2e9c.jpg","contentUrl":"https:\/\/www.webdo.tn\/fr\/wp-content\/uploads\/2023\/01\/9ca7ab2e08c322120bcb3d87c42f2e9c.jpg","width":750,"height":400,"caption":"Chutes de neige : La suspension des cours maintenue"},{"@type":"BreadcrumbList","@id":"https:\/\/www.webdo.tn\/fr\/actualite\/national-45\/chutes-de-neige-la-suspension-des-cours-maintenue\/202108\/#breadcrumb","itemListElement":[{"@type":"ListItem","position":1,"name":"Accueil","item":"https:\/\/www.webdo.tn\/fr\/"},{"@type":"ListItem","position":2,"name":"Chutes de neige : La suspension des cours maintenue"}]},{"@type":"WebSite","@id":"https:\/\/www.webdo.tn\/fr\/#website","url":"https:\/\/www.webdo.tn\/fr\/","name":"webdo","description":"Tunisie - News en Tunisie et \u00e0 l&#039;international sur Webdo.tn","publisher":{"@id":"https:\/\/www.webdo.tn\/fr\/#organization"},"potentialAction":[{"@type":"SearchAction","target":{"@type":"EntryPoint","urlTemplate":"https:\/\/www.webdo.tn\/fr\/?s={search_term_string}"},"query-input":{"@type":"PropertyValueSpecification","valueRequired":true,"valueName":"search_term_string"}}],"inLanguage":"fr-FR"},{"@type":"Organization","@id":"https:\/\/www.webdo.tn\/fr\/#organization","name":"Webdo","alternateName":"Webdo.tn","url":"https:\/\/www.webdo.tn\/fr\/","logo":{"@type":"ImageObject","inLanguage":"fr-FR","@id":"https:\/\/www.webdo.tn\/fr\/#\/schema\/logo\/image\/","url":"https:\/\/www.webdo.tn\/fr\/wp-content\/uploads\/2025\/06\/Webdo-Tunisie_168377.jpg","contentUrl":"https:\/\/www.webdo.tn\/fr\/wp-content\/uploads\/2025\/06\/Webdo-Tunisie_168377.jpg","width":301,"height":301,"caption":"Webdo"},"image":{"@id":"https:\/\/www.webdo.tn\/fr\/#\/schema\/logo\/image\/"},"sameAs":["https:\/\/www.facebook.com\/webdotn","https:\/\/x.com\/webdo_tn"],"description":"Webdo est un m\u00e9dia num\u00e9rique tunisien fond\u00e9 en 2010, sp\u00e9cialis\u00e9 dans l\u2019actualit\u00e9 nationale et internationale, l\u2019\u00e9conomie, la soci\u00e9t\u00e9 et les analyses politiques. Le site s\u2019adresse \u00e0 un large public francophone et couvre l\u2019information tunisienne en temps r\u00e9el.","email":"redac@webdo.tn","legalName":"YNJ SARL","foundingDate":"2010-09-06","numberOfEmployees":{"@type":"QuantitativeValue","minValue":"11","maxValue":"50"}},{"@type":"Person","@id":"https:\/\/www.webdo.tn\/fr\/#\/schema\/person\/2c4929cbf5a809e3bd38617c6ce150f6","name":"MC","image":{"@type":"ImageObject","inLanguage":"fr-FR","@id":"https:\/\/secure.gravatar.com\/avatar\/a545bbb6f84efdd5553dbbc2895e3ca8f1d12c5215e00a041c9670b54aa9b18a?s=96&d=mm&r=g","url":"https:\/\/secure.gravatar.com\/avatar\/a545bbb6f84efdd5553dbbc2895e3ca8f1d12c5215e00a041c9670b54aa9b18a?s=96&d=mm&r=g","contentUrl":"https:\/\/secure.gravatar.com\/avatar\/a545bbb6f84efdd5553dbbc2895e3ca8f1d12c5215e00a041c9670b54aa9b18a?s=96&d=mm&r=g","caption":"MC"},"url":"https:\/\/www.webdo.tn\/fr\/actualite\/author\/mc\/"}]}},"_links":{"self":[{"href":"https:\/\/www.webdo.tn\/fr\/wp-json\/wp\/v2\/posts\/202108","targetHints":{"allow":["GET"]}}],"collection":[{"href":"https:\/\/www.webdo.tn\/fr\/wp-json\/wp\/v2\/posts"}],"about":[{"href":"https:\/\/www.webdo.tn\/fr\/wp-json\/wp\/v2\/types\/post"}],"author":[{"embeddable":true,"href":"https:\/\/www.webdo.tn\/fr\/wp-json\/wp\/v2\/users\/3162"}],"replies":[{"embeddable":true,"href":"https:\/\/www.webdo.tn\/fr\/wp-json\/wp\/v2\/comments?post=202108"}],"version-history":[{"count":0,"href":"https:\/\/www.webdo.tn\/fr\/wp-json\/wp\/v2\/posts\/202108\/revisions"}],"wp:featuredmedia":[{"embeddable":true,"href":"https:\/\/www.webdo.tn\/fr\/wp-json\/wp\/v2\/media\/348248"}],"wp:attachment":[{"href":"https:\/\/www.webdo.tn\/fr\/wp-json\/wp\/v2\/media?parent=202108"}],"wp:term":[{"taxonomy":"category","embeddable":true,"href":"https:\/\/www.webdo.tn\/fr\/wp-json\/wp\/v2\/categories?post=202108"},{"taxonomy":"post_tag","embeddable":true,"href":"https:\/\/www.webdo.tn\/fr\/wp-json\/wp\/v2\/tags?post=202108"}],"curies":[{"name":"wp","href":"https:\/\/api.w.org\/{rel}","templated":true}]}}