{"id":202095,"date":"2023-01-20T19:53:00","date_gmt":"2023-01-20T19:53:00","guid":{"rendered":"https:\/\/www.webdo.tn\/fr\/actualite\/blog\/samir-saied-aucune-intention-de-lever-la-subvention\/202095\/"},"modified":"2025-05-22T11:37:27","modified_gmt":"2025-05-22T11:37:27","slug":"samir-saied-aucune-intention-de-lever-la-subvention","status":"publish","type":"post","link":"https:\/\/www.webdo.tn\/fr\/actualite\/national\/samir-saied-aucune-intention-de-lever-la-subvention\/202095\/","title":{"rendered":"Samir Saied : \u00ab Aucune intention de lever la subvention \u00bb"},"content":{"rendered":"<p>Le gouvernement n\u2019a pas l\u2019intention de lever la subvention mais de la renforcer en l\u2019orientant vers les ayants-droits, en utilisant les meilleurs m\u00e9canismes, ceci permettra de classer les diff\u00e9rentes cat\u00e9gories sociales en Tunisie, a d\u00e9clar\u00e9 vendredi aux m\u00e9dias, le ministre de l\u2019Economie et de la planification, Samir Sa\u00efed, en marge d\u2019un atelier-d\u00e9bat organis\u00e9 \u00e0 Gammarth sur la Strat\u00e9gie nationale pour l\u2019am\u00e9lioration du climat des affaires (2023-2025).<\/p>\n<p> R\u00e9agissant aux d\u00e9clarations du secr\u00e9taire g\u00e9n\u00e9ral de l&rsquo;UGTT, Noureddine Taboubi, sur la lev\u00e9e par le gouvernement de 26,5% de la subvention, le ministre a pr\u00e9cis\u00e9 que la compensation est orient\u00e9e \u00e0 hauteur de 32% vers la cat\u00e9gorie sociale la plus riche (20%), alors que 12% seulement de la subvention sont consacr\u00e9s \u00e0 la cat\u00e9gorie sociale la plus d\u00e9favoris\u00e9e ( 20%).<\/p>\n<p>A ce sujet, le ministre a mis l\u2019accent sur le retard enregistr\u00e9 par la Tunisie par rapport aux autres pays en mati\u00e8re de r\u00e9forme du syst\u00e8me de la subvention, soulignant l\u2019\u00e9chec de la politique actuelle de la subvention qui accable le budget de l\u2019Etat et constitue un gaspillage des deniers publics, d\u2019autant plus que la plupart des produits subventionn\u00e9s est surconsomm\u00e9e et vendue en contrebande.<\/p>\n","protected":false},"excerpt":{"rendered":"<p>Le gouvernement n\u2019a pas l\u2019intention de lever la subvention mais de la renforcer en l\u2019orientant vers les ayants-droits, en utilisant les meilleurs m\u00e9canismes, ce&#8230;<\/p>\n","protected":false},"author":3175,"featured_media":348245,"comment_status":"open","ping_status":"closed","sticky":false,"template":"","format":"standard","meta":{"footnotes":""},"categories":[44],"tags":[7382,2608],"class_list":["post-202095","post","type-post","status-publish","format-standard","has-post-thumbnail","hentry","category-national","tag-subvention","tag-tunisie"],"yoast_head":"<!-- This site is optimized with the Yoast SEO Premium plugin v27.5 (Yoast SEO v27.5) - https:\/\/yoast.com\/product\/yoast-seo-premium-wordpress\/ -->\n<title>Samir Saied : \u00ab Aucune intention de lever la subvention \u00bb<\/title>\n<meta name=\"description\" content=\"Le gouvernement n\u2019a pas l\u2019intention de lever la subvention mais de la renforcer en l\u2019orientant vers les ayants-droits, en utilisant les meilleurs m\u00e9canismes, ce...\" \/>\n<link rel=\"canonical\" href=\"https:\/\/www.webdo.tn\/fr\/actualite\/national-45\/samir-saied-aucune-intention-de-lever-la-subvention\/202095\/\" \/>\n<meta property=\"og:locale\" content=\"fr_FR\" \/>\n<meta property=\"og:type\" content=\"article\" \/>\n<meta property=\"og:title\" content=\"Samir Saied : \u00ab Aucune intention de lever la subvention \u00bb\" \/>\n<meta property=\"og:description\" content=\"Le gouvernement n\u2019a pas l\u2019intention de lever la subvention mais de la renforcer en l\u2019orientant vers les ayants-droits, en utilisant les meilleurs m\u00e9canismes, ce...\" \/>\n<meta property=\"og:url\" content=\"https:\/\/www.webdo.tn\/fr\/actualite\/national-45\/samir-saied-aucune-intention-de-lever-la-subvention\/202095\/\" \/>\n<meta property=\"og:site_name\" content=\"webdo\" \/>\n<meta property=\"article:publisher\" content=\"https:\/\/www.facebook.com\/webdotn\" \/>\n<meta property=\"article:published_time\" content=\"2023-01-20T19:53:00+00:00\" \/>\n<meta property=\"article:modified_time\" content=\"2025-05-22T11:37:27+00:00\" \/>\n<meta property=\"og:image\" content=\"https:\/\/www.webdo.tn\/fr\/wp-content\/uploads\/2023\/01\/bac4576f8391c3fba0c2c7d158213905.jpg\" \/>\n\t<meta property=\"og:image:width\" content=\"750\" \/>\n\t<meta property=\"og:image:height\" content=\"400\" \/>\n\t<meta property=\"og:image:type\" content=\"image\/jpeg\" \/>\n<meta name=\"author\" content=\"CL\" \/>\n<meta name=\"twitter:card\" content=\"summary_large_image\" \/>\n<meta name=\"twitter:creator\" content=\"@webdo_tn\" \/>\n<meta name=\"twitter:site\" content=\"@webdo_tn\" \/>\n<meta name=\"twitter:label1\" content=\"\u00c9crit par\" \/>\n\t<meta name=\"twitter:data1\" content=\"CL\" \/>\n\t<meta name=\"twitter:label2\" content=\"Dur\u00e9e de lecture estim\u00e9e\" \/>\n\t<meta name=\"twitter:data2\" content=\"1 minute\" \/>\n<script type=\"application\/ld+json\" class=\"yoast-schema-graph\">{\"@context\":\"https:\\\/\\\/schema.org\",\"@graph\":[{\"@type\":\"NewsArticle\",\"@id\":\"https:\\\/\\\/www.webdo.tn\\\/fr\\\/actualite\\\/national-45\\\/samir-saied-aucune-intention-de-lever-la-subvention\\\/202095\\\/#article\",\"isPartOf\":{\"@id\":\"https:\\\/\\\/www.webdo.tn\\\/fr\\\/actualite\\\/national-45\\\/samir-saied-aucune-intention-de-lever-la-subvention\\\/202095\\\/\"},\"author\":{\"name\":\"CL\",\"@id\":\"https:\\\/\\\/www.webdo.tn\\\/fr\\\/#\\\/schema\\\/person\\\/f35b42a42c5e2511bbd282959d6385cc\"},\"headline\":\"Samir Saied : \u00ab Aucune intention de lever la subvention \u00bb\",\"datePublished\":\"2023-01-20T19:53:00+00:00\",\"dateModified\":\"2025-05-22T11:37:27+00:00\",\"mainEntityOfPage\":{\"@id\":\"https:\\\/\\\/www.webdo.tn\\\/fr\\\/actualite\\\/national-45\\\/samir-saied-aucune-intention-de-lever-la-subvention\\\/202095\\\/\"},\"wordCount\":228,\"commentCount\":0,\"publisher\":{\"@id\":\"https:\\\/\\\/www.webdo.tn\\\/fr\\\/#organization\"},\"image\":{\"@id\":\"https:\\\/\\\/www.webdo.tn\\\/fr\\\/actualite\\\/national-45\\\/samir-saied-aucune-intention-de-lever-la-subvention\\\/202095\\\/#primaryimage\"},\"thumbnailUrl\":\"https:\\\/\\\/www.webdo.tn\\\/fr\\\/wp-content\\\/uploads\\\/2023\\\/01\\\/bac4576f8391c3fba0c2c7d158213905.jpg\",\"keywords\":[\"Subvention\",\"Tunisie\"],\"articleSection\":[\"National\"],\"inLanguage\":\"fr-FR\"},{\"@type\":\"WebPage\",\"@id\":\"https:\\\/\\\/www.webdo.tn\\\/fr\\\/actualite\\\/national-45\\\/samir-saied-aucune-intention-de-lever-la-subvention\\\/202095\\\/\",\"url\":\"https:\\\/\\\/www.webdo.tn\\\/fr\\\/actualite\\\/national-45\\\/samir-saied-aucune-intention-de-lever-la-subvention\\\/202095\\\/\",\"name\":\"Samir Saied : \u00ab Aucune intention de lever la subvention \u00bb\",\"isPartOf\":{\"@id\":\"https:\\\/\\\/www.webdo.tn\\\/fr\\\/#website\"},\"primaryImageOfPage\":{\"@id\":\"https:\\\/\\\/www.webdo.tn\\\/fr\\\/actualite\\\/national-45\\\/samir-saied-aucune-intention-de-lever-la-subvention\\\/202095\\\/#primaryimage\"},\"image\":{\"@id\":\"https:\\\/\\\/www.webdo.tn\\\/fr\\\/actualite\\\/national-45\\\/samir-saied-aucune-intention-de-lever-la-subvention\\\/202095\\\/#primaryimage\"},\"thumbnailUrl\":\"https:\\\/\\\/www.webdo.tn\\\/fr\\\/wp-content\\\/uploads\\\/2023\\\/01\\\/bac4576f8391c3fba0c2c7d158213905.jpg\",\"datePublished\":\"2023-01-20T19:53:00+00:00\",\"dateModified\":\"2025-05-22T11:37:27+00:00\",\"description\":\"Le gouvernement n\u2019a pas l\u2019intention de lever la subvention mais de la renforcer en l\u2019orientant vers les ayants-droits, en utilisant les meilleurs m\u00e9canismes, ce...\",\"breadcrumb\":{\"@id\":\"https:\\\/\\\/www.webdo.tn\\\/fr\\\/actualite\\\/national-45\\\/samir-saied-aucune-intention-de-lever-la-subvention\\\/202095\\\/#breadcrumb\"},\"inLanguage\":\"fr-FR\",\"potentialAction\":[{\"@type\":\"ReadAction\",\"target\":[\"https:\\\/\\\/www.webdo.tn\\\/fr\\\/actualite\\\/national-45\\\/samir-saied-aucune-intention-de-lever-la-subvention\\\/202095\\\/\"]}]},{\"@type\":\"ImageObject\",\"inLanguage\":\"fr-FR\",\"@id\":\"https:\\\/\\\/www.webdo.tn\\\/fr\\\/actualite\\\/national-45\\\/samir-saied-aucune-intention-de-lever-la-subvention\\\/202095\\\/#primaryimage\",\"url\":\"https:\\\/\\\/www.webdo.tn\\\/fr\\\/wp-content\\\/uploads\\\/2023\\\/01\\\/bac4576f8391c3fba0c2c7d158213905.jpg\",\"contentUrl\":\"https:\\\/\\\/www.webdo.tn\\\/fr\\\/wp-content\\\/uploads\\\/2023\\\/01\\\/bac4576f8391c3fba0c2c7d158213905.jpg\",\"width\":750,\"height\":400,\"caption\":\"Subvention\"},{\"@type\":\"BreadcrumbList\",\"@id\":\"https:\\\/\\\/www.webdo.tn\\\/fr\\\/actualite\\\/national-45\\\/samir-saied-aucune-intention-de-lever-la-subvention\\\/202095\\\/#breadcrumb\",\"itemListElement\":[{\"@type\":\"ListItem\",\"position\":1,\"name\":\"Accueil\",\"item\":\"https:\\\/\\\/www.webdo.tn\\\/fr\\\/\"},{\"@type\":\"ListItem\",\"position\":2,\"name\":\"Samir Saied : \u00ab Aucune intention de lever la subvention \u00bb\"}]},{\"@type\":\"WebSite\",\"@id\":\"https:\\\/\\\/www.webdo.tn\\\/fr\\\/#website\",\"url\":\"https:\\\/\\\/www.webdo.tn\\\/fr\\\/\",\"name\":\"webdo\",\"description\":\"Tunisie - News en Tunisie et \u00e0 l&#039;international sur Webdo.tn\",\"publisher\":{\"@id\":\"https:\\\/\\\/www.webdo.tn\\\/fr\\\/#organization\"},\"potentialAction\":[{\"@type\":\"SearchAction\",\"target\":{\"@type\":\"EntryPoint\",\"urlTemplate\":\"https:\\\/\\\/www.webdo.tn\\\/fr\\\/?s={search_term_string}\"},\"query-input\":{\"@type\":\"PropertyValueSpecification\",\"valueRequired\":true,\"valueName\":\"search_term_string\"}}],\"inLanguage\":\"fr-FR\"},{\"@type\":\"Organization\",\"@id\":\"https:\\\/\\\/www.webdo.tn\\\/fr\\\/#organization\",\"name\":\"Webdo\",\"alternateName\":\"Webdo.tn\",\"url\":\"https:\\\/\\\/www.webdo.tn\\\/fr\\\/\",\"logo\":{\"@type\":\"ImageObject\",\"inLanguage\":\"fr-FR\",\"@id\":\"https:\\\/\\\/www.webdo.tn\\\/fr\\\/#\\\/schema\\\/logo\\\/image\\\/\",\"url\":\"https:\\\/\\\/www.webdo.tn\\\/fr\\\/wp-content\\\/uploads\\\/2025\\\/06\\\/Webdo-Tunisie_168377.jpg\",\"contentUrl\":\"https:\\\/\\\/www.webdo.tn\\\/fr\\\/wp-content\\\/uploads\\\/2025\\\/06\\\/Webdo-Tunisie_168377.jpg\",\"width\":301,\"height\":301,\"caption\":\"Webdo\"},\"image\":{\"@id\":\"https:\\\/\\\/www.webdo.tn\\\/fr\\\/#\\\/schema\\\/logo\\\/image\\\/\"},\"sameAs\":[\"https:\\\/\\\/www.facebook.com\\\/webdotn\",\"https:\\\/\\\/x.com\\\/webdo_tn\"],\"description\":\"Webdo est un m\u00e9dia num\u00e9rique tunisien fond\u00e9 en 2010, sp\u00e9cialis\u00e9 dans l\u2019actualit\u00e9 nationale et internationale, l\u2019\u00e9conomie, la soci\u00e9t\u00e9 et les analyses politiques. Le site s\u2019adresse \u00e0 un large public francophone et couvre l\u2019information tunisienne en temps r\u00e9el.\",\"email\":\"redac@webdo.tn\",\"legalName\":\"YNJ SARL\",\"foundingDate\":\"2010-09-06\",\"numberOfEmployees\":{\"@type\":\"QuantitativeValue\",\"minValue\":\"11\",\"maxValue\":\"50\"}},{\"@type\":\"Person\",\"@id\":\"https:\\\/\\\/www.webdo.tn\\\/fr\\\/#\\\/schema\\\/person\\\/f35b42a42c5e2511bbd282959d6385cc\",\"name\":\"CL\",\"image\":{\"@type\":\"ImageObject\",\"inLanguage\":\"fr-FR\",\"@id\":\"https:\\\/\\\/secure.gravatar.com\\\/avatar\\\/1447a49909b67aa657c488aec6512e1dd6143a480c1ecfee9b5b5cd74eb3b59e?s=96&d=mm&r=g\",\"url\":\"https:\\\/\\\/secure.gravatar.com\\\/avatar\\\/1447a49909b67aa657c488aec6512e1dd6143a480c1ecfee9b5b5cd74eb3b59e?s=96&d=mm&r=g\",\"contentUrl\":\"https:\\\/\\\/secure.gravatar.com\\\/avatar\\\/1447a49909b67aa657c488aec6512e1dd6143a480c1ecfee9b5b5cd74eb3b59e?s=96&d=mm&r=g\",\"caption\":\"CL\"},\"url\":\"https:\\\/\\\/www.webdo.tn\\\/fr\\\/actualite\\\/author\\\/cl\\\/\"}]}<\/script>\n<!-- \/ Yoast SEO Premium plugin. -->","yoast_head_json":{"title":"Samir Saied : \u00ab Aucune intention de lever la subvention \u00bb","description":"Le gouvernement n\u2019a pas l\u2019intention de lever la subvention mais de la renforcer en l\u2019orientant vers les ayants-droits, en utilisant les meilleurs m\u00e9canismes, ce...","canonical":"https:\/\/www.webdo.tn\/fr\/actualite\/national-45\/samir-saied-aucune-intention-de-lever-la-subvention\/202095\/","og_locale":"fr_FR","og_type":"article","og_title":"Samir Saied : \u00ab Aucune intention de lever la subvention \u00bb","og_description":"Le gouvernement n\u2019a pas l\u2019intention de lever la subvention mais de la renforcer en l\u2019orientant vers les ayants-droits, en utilisant les meilleurs m\u00e9canismes, ce...","og_url":"https:\/\/www.webdo.tn\/fr\/actualite\/national-45\/samir-saied-aucune-intention-de-lever-la-subvention\/202095\/","og_site_name":"webdo","article_publisher":"https:\/\/www.facebook.com\/webdotn","article_published_time":"2023-01-20T19:53:00+00:00","article_modified_time":"2025-05-22T11:37:27+00:00","og_image":[{"width":750,"height":400,"url":"https:\/\/www.webdo.tn\/fr\/wp-content\/uploads\/2023\/01\/bac4576f8391c3fba0c2c7d158213905.jpg","type":"image\/jpeg"}],"author":"CL","twitter_card":"summary_large_image","twitter_creator":"@webdo_tn","twitter_site":"@webdo_tn","twitter_misc":{"\u00c9crit par":"CL","Dur\u00e9e de lecture estim\u00e9e":"1 minute"},"schema":{"@context":"https:\/\/schema.org","@graph":[{"@type":"NewsArticle","@id":"https:\/\/www.webdo.tn\/fr\/actualite\/national-45\/samir-saied-aucune-intention-de-lever-la-subvention\/202095\/#article","isPartOf":{"@id":"https:\/\/www.webdo.tn\/fr\/actualite\/national-45\/samir-saied-aucune-intention-de-lever-la-subvention\/202095\/"},"author":{"name":"CL","@id":"https:\/\/www.webdo.tn\/fr\/#\/schema\/person\/f35b42a42c5e2511bbd282959d6385cc"},"headline":"Samir Saied : \u00ab Aucune intention de lever la subvention \u00bb","datePublished":"2023-01-20T19:53:00+00:00","dateModified":"2025-05-22T11:37:27+00:00","mainEntityOfPage":{"@id":"https:\/\/www.webdo.tn\/fr\/actualite\/national-45\/samir-saied-aucune-intention-de-lever-la-subvention\/202095\/"},"wordCount":228,"commentCount":0,"publisher":{"@id":"https:\/\/www.webdo.tn\/fr\/#organization"},"image":{"@id":"https:\/\/www.webdo.tn\/fr\/actualite\/national-45\/samir-saied-aucune-intention-de-lever-la-subvention\/202095\/#primaryimage"},"thumbnailUrl":"https:\/\/www.webdo.tn\/fr\/wp-content\/uploads\/2023\/01\/bac4576f8391c3fba0c2c7d158213905.jpg","keywords":["Subvention","Tunisie"],"articleSection":["National"],"inLanguage":"fr-FR"},{"@type":"WebPage","@id":"https:\/\/www.webdo.tn\/fr\/actualite\/national-45\/samir-saied-aucune-intention-de-lever-la-subvention\/202095\/","url":"https:\/\/www.webdo.tn\/fr\/actualite\/national-45\/samir-saied-aucune-intention-de-lever-la-subvention\/202095\/","name":"Samir Saied : \u00ab Aucune intention de lever la subvention \u00bb","isPartOf":{"@id":"https:\/\/www.webdo.tn\/fr\/#website"},"primaryImageOfPage":{"@id":"https:\/\/www.webdo.tn\/fr\/actualite\/national-45\/samir-saied-aucune-intention-de-lever-la-subvention\/202095\/#primaryimage"},"image":{"@id":"https:\/\/www.webdo.tn\/fr\/actualite\/national-45\/samir-saied-aucune-intention-de-lever-la-subvention\/202095\/#primaryimage"},"thumbnailUrl":"https:\/\/www.webdo.tn\/fr\/wp-content\/uploads\/2023\/01\/bac4576f8391c3fba0c2c7d158213905.jpg","datePublished":"2023-01-20T19:53:00+00:00","dateModified":"2025-05-22T11:37:27+00:00","description":"Le gouvernement n\u2019a pas l\u2019intention de lever la subvention mais de la renforcer en l\u2019orientant vers les ayants-droits, en utilisant les meilleurs m\u00e9canismes, ce...","breadcrumb":{"@id":"https:\/\/www.webdo.tn\/fr\/actualite\/national-45\/samir-saied-aucune-intention-de-lever-la-subvention\/202095\/#breadcrumb"},"inLanguage":"fr-FR","potentialAction":[{"@type":"ReadAction","target":["https:\/\/www.webdo.tn\/fr\/actualite\/national-45\/samir-saied-aucune-intention-de-lever-la-subvention\/202095\/"]}]},{"@type":"ImageObject","inLanguage":"fr-FR","@id":"https:\/\/www.webdo.tn\/fr\/actualite\/national-45\/samir-saied-aucune-intention-de-lever-la-subvention\/202095\/#primaryimage","url":"https:\/\/www.webdo.tn\/fr\/wp-content\/uploads\/2023\/01\/bac4576f8391c3fba0c2c7d158213905.jpg","contentUrl":"https:\/\/www.webdo.tn\/fr\/wp-content\/uploads\/2023\/01\/bac4576f8391c3fba0c2c7d158213905.jpg","width":750,"height":400,"caption":"Subvention"},{"@type":"BreadcrumbList","@id":"https:\/\/www.webdo.tn\/fr\/actualite\/national-45\/samir-saied-aucune-intention-de-lever-la-subvention\/202095\/#breadcrumb","itemListElement":[{"@type":"ListItem","position":1,"name":"Accueil","item":"https:\/\/www.webdo.tn\/fr\/"},{"@type":"ListItem","position":2,"name":"Samir Saied : \u00ab Aucune intention de lever la subvention \u00bb"}]},{"@type":"WebSite","@id":"https:\/\/www.webdo.tn\/fr\/#website","url":"https:\/\/www.webdo.tn\/fr\/","name":"webdo","description":"Tunisie - News en Tunisie et \u00e0 l&#039;international sur Webdo.tn","publisher":{"@id":"https:\/\/www.webdo.tn\/fr\/#organization"},"potentialAction":[{"@type":"SearchAction","target":{"@type":"EntryPoint","urlTemplate":"https:\/\/www.webdo.tn\/fr\/?s={search_term_string}"},"query-input":{"@type":"PropertyValueSpecification","valueRequired":true,"valueName":"search_term_string"}}],"inLanguage":"fr-FR"},{"@type":"Organization","@id":"https:\/\/www.webdo.tn\/fr\/#organization","name":"Webdo","alternateName":"Webdo.tn","url":"https:\/\/www.webdo.tn\/fr\/","logo":{"@type":"ImageObject","inLanguage":"fr-FR","@id":"https:\/\/www.webdo.tn\/fr\/#\/schema\/logo\/image\/","url":"https:\/\/www.webdo.tn\/fr\/wp-content\/uploads\/2025\/06\/Webdo-Tunisie_168377.jpg","contentUrl":"https:\/\/www.webdo.tn\/fr\/wp-content\/uploads\/2025\/06\/Webdo-Tunisie_168377.jpg","width":301,"height":301,"caption":"Webdo"},"image":{"@id":"https:\/\/www.webdo.tn\/fr\/#\/schema\/logo\/image\/"},"sameAs":["https:\/\/www.facebook.com\/webdotn","https:\/\/x.com\/webdo_tn"],"description":"Webdo est un m\u00e9dia num\u00e9rique tunisien fond\u00e9 en 2010, sp\u00e9cialis\u00e9 dans l\u2019actualit\u00e9 nationale et internationale, l\u2019\u00e9conomie, la soci\u00e9t\u00e9 et les analyses politiques. Le site s\u2019adresse \u00e0 un large public francophone et couvre l\u2019information tunisienne en temps r\u00e9el.","email":"redac@webdo.tn","legalName":"YNJ SARL","foundingDate":"2010-09-06","numberOfEmployees":{"@type":"QuantitativeValue","minValue":"11","maxValue":"50"}},{"@type":"Person","@id":"https:\/\/www.webdo.tn\/fr\/#\/schema\/person\/f35b42a42c5e2511bbd282959d6385cc","name":"CL","image":{"@type":"ImageObject","inLanguage":"fr-FR","@id":"https:\/\/secure.gravatar.com\/avatar\/1447a49909b67aa657c488aec6512e1dd6143a480c1ecfee9b5b5cd74eb3b59e?s=96&d=mm&r=g","url":"https:\/\/secure.gravatar.com\/avatar\/1447a49909b67aa657c488aec6512e1dd6143a480c1ecfee9b5b5cd74eb3b59e?s=96&d=mm&r=g","contentUrl":"https:\/\/secure.gravatar.com\/avatar\/1447a49909b67aa657c488aec6512e1dd6143a480c1ecfee9b5b5cd74eb3b59e?s=96&d=mm&r=g","caption":"CL"},"url":"https:\/\/www.webdo.tn\/fr\/actualite\/author\/cl\/"}]}},"_links":{"self":[{"href":"https:\/\/www.webdo.tn\/fr\/wp-json\/wp\/v2\/posts\/202095","targetHints":{"allow":["GET"]}}],"collection":[{"href":"https:\/\/www.webdo.tn\/fr\/wp-json\/wp\/v2\/posts"}],"about":[{"href":"https:\/\/www.webdo.tn\/fr\/wp-json\/wp\/v2\/types\/post"}],"author":[{"embeddable":true,"href":"https:\/\/www.webdo.tn\/fr\/wp-json\/wp\/v2\/users\/3175"}],"replies":[{"embeddable":true,"href":"https:\/\/www.webdo.tn\/fr\/wp-json\/wp\/v2\/comments?post=202095"}],"version-history":[{"count":0,"href":"https:\/\/www.webdo.tn\/fr\/wp-json\/wp\/v2\/posts\/202095\/revisions"}],"wp:featuredmedia":[{"embeddable":true,"href":"https:\/\/www.webdo.tn\/fr\/wp-json\/wp\/v2\/media\/348245"}],"wp:attachment":[{"href":"https:\/\/www.webdo.tn\/fr\/wp-json\/wp\/v2\/media?parent=202095"}],"wp:term":[{"taxonomy":"category","embeddable":true,"href":"https:\/\/www.webdo.tn\/fr\/wp-json\/wp\/v2\/categories?post=202095"},{"taxonomy":"post_tag","embeddable":true,"href":"https:\/\/www.webdo.tn\/fr\/wp-json\/wp\/v2\/tags?post=202095"}],"curies":[{"name":"wp","href":"https:\/\/api.w.org\/{rel}","templated":true}]}}