{"id":202094,"date":"2023-01-20T19:29:00","date_gmt":"2023-01-20T19:29:00","guid":{"rendered":"https:\/\/www.webdo.tn\/fr\/actualite\/blog\/affaire-de-l-aeroport-prison-ferme-contre-les-deputes-d-al-karama\/202094\/"},"modified":"2025-05-22T11:37:24","modified_gmt":"2025-05-22T11:37:24","slug":"affaire-de-l-aeroport-prison-ferme-contre-les-deputes-d-al-karama","status":"publish","type":"post","link":"https:\/\/www.webdo.tn\/fr\/actualite\/national\/affaire-de-l-aeroport-prison-ferme-contre-les-deputes-d-al-karama\/202094\/","title":{"rendered":"Affaire de l\u2019a\u00e9roport : Prison ferme contre les d\u00e9put\u00e9s d\u2019Al-Karama"},"content":{"rendered":"<p>Sur fond de l\u2019affaire de l\u2019a\u00e9roport, La Chambre correctionnelle de la Cour d\u2019appel militaire a condamn\u00e9 \u00e0 la prison ferme les d\u00e9put\u00e9s du parti Al-Karama.<\/p>\n<p> En effet, la Chambre a condamn\u00e9 Seifeddine Makhlouf \u00e0 14 mois de prison ferme, l\u2019avocat Mehdi Zagrouba \u00e0 onze mois avec cinq ans d\u2019interdiction d\u2019exercer, Nidhal Saoudi \u00e0 sept mois, Maher Zid et Mohamed Affes \u00e0 cinq mois.\u00a0<\/p>\n<p>Dans le cadre de la meme affaire, Abdellatif Aloui a obtenu un non-lieu. \u00a0<\/p>\n<p>Rappelons que le 17 mai dernier, le Tribunal militaire avait condamn\u00e9\u00a0Seifeddine Makhlouf et Nidhal Saoudi \u00e0 5 mois de prison, Mehdi Zaghrouba \u00e0 6 mois de prison, Mohamed Affas et Meher Zaid \u00e0 trois mois de prison. Selon l&rsquo;avocat Samir Dilou, la Justice, en charge de l&rsquo;affaire, avait d\u00e9cid\u00e9 le classement de l&rsquo;affaire en ce qui concerne Nidhal Saoudi, Mohamed Affas et Abdellatif Aloui. \u00a0<\/p>\n<p>\u00a0Le 15 mars 2021, le fondateur de la coalition Al-Karama, Seifeddine Makhlouf avait sem\u00e9 le chaos \u00e0 l\u2019a\u00e9roport Tunis-Carthage, sous pr\u00e9texte qu\u2019une femme fich\u00e9e S17 avait \u00e9t\u00e9 interdite de voyage.\u00a0<\/p>\n<p>Il avait alors appel\u00e9 les d\u00e9put\u00e9s d\u2019Al-Karama \u00e0 le rejoindre en renfort pour d\u00e9fendre ce qu\u2019il appelle les droits de cette femme, alors que les agents d\u00e9 s\u00e9curit\u00e9 de l\u2019a\u00e9roport affirmaient qu\u2019ils ex\u00e9cutaient des mesures prises par le minist\u00e8re de l\u2019Int\u00e9rieur. Suite \u00e0 cette affaire, cinq d\u00e9put\u00e9s de la Coalition Al Karama avaient fait l\u2019objet de mandats de recherche \u00e9mis par le tribunal militaire de Tunis. Il est \u00e0 noter que les concern\u00e9s ont la possibilit\u00e9 d\u2019interjeter appel dans un d\u00e9lai ne d\u00e9passant pas les dix jours.<\/p>\n","protected":false},"excerpt":{"rendered":"<p>Sur fond de l\u2019affaire de l\u2019a\u00e9roport, La Chambre correctionnelle de la Cour d\u2019appel militaire a condamn\u00e9 \u00e0 la prison ferme les d\u00e9put\u00e9s du parti Al-Karama.<\/p>\n","protected":false},"author":3175,"featured_media":348244,"comment_status":"open","ping_status":"closed","sticky":false,"template":"","format":"standard","meta":{"footnotes":""},"categories":[44],"tags":[8823,2708,2608],"class_list":["post-202094","post","type-post","status-publish","format-standard","has-post-thumbnail","hentry","category-national","tag-affaire-de-laeroport","tag-prison","tag-tunisie"],"yoast_head":"<!-- This site is optimized with the Yoast SEO Premium plugin v27.5 (Yoast SEO v27.5) - https:\/\/yoast.com\/product\/yoast-seo-premium-wordpress\/ -->\n<title>Affaire de l\u2019a\u00e9roport : Prison ferme contre les d\u00e9put\u00e9s d\u2019Al-Karama<\/title>\n<meta name=\"description\" content=\"Sur fond de l\u2019affaire de l\u2019a\u00e9roport, La Chambre correctionnelle de la Cour d\u2019appel militaire a condamn\u00e9 \u00e0 la prison ferme les d\u00e9put\u00e9s du parti Al-Karama.\" \/>\n<link rel=\"canonical\" href=\"https:\/\/www.webdo.tn\/fr\/actualite\/national-45\/affaire-de-l-aeroport-prison-ferme-contre-les-deputes-d-al-karama\/202094\/\" \/>\n<meta property=\"og:locale\" content=\"fr_FR\" \/>\n<meta property=\"og:type\" content=\"article\" \/>\n<meta property=\"og:title\" content=\"Affaire de l\u2019a\u00e9roport : Prison ferme contre les d\u00e9put\u00e9s d\u2019Al-Karama\" \/>\n<meta property=\"og:description\" content=\"Sur fond de l\u2019affaire de l\u2019a\u00e9roport, La Chambre correctionnelle de la Cour d\u2019appel militaire a condamn\u00e9 \u00e0 la prison ferme les d\u00e9put\u00e9s du parti Al-Karama.\" \/>\n<meta property=\"og:url\" content=\"https:\/\/www.webdo.tn\/fr\/actualite\/national-45\/affaire-de-l-aeroport-prison-ferme-contre-les-deputes-d-al-karama\/202094\/\" \/>\n<meta property=\"og:site_name\" content=\"webdo\" \/>\n<meta property=\"article:publisher\" content=\"https:\/\/www.facebook.com\/webdotn\" \/>\n<meta property=\"article:published_time\" content=\"2023-01-20T19:29:00+00:00\" \/>\n<meta property=\"article:modified_time\" content=\"2025-05-22T11:37:24+00:00\" \/>\n<meta property=\"og:image\" content=\"https:\/\/www.webdo.tn\/fr\/wp-content\/uploads\/2023\/01\/95ef9d49c4b554fbbf3eb97051f9dd73.png\" \/>\n\t<meta property=\"og:image:width\" content=\"750\" \/>\n\t<meta property=\"og:image:height\" content=\"400\" \/>\n\t<meta property=\"og:image:type\" content=\"image\/png\" \/>\n<meta name=\"author\" content=\"CL\" \/>\n<meta name=\"twitter:card\" content=\"summary_large_image\" \/>\n<meta name=\"twitter:creator\" content=\"@webdo_tn\" \/>\n<meta name=\"twitter:site\" content=\"@webdo_tn\" \/>\n<meta name=\"twitter:label1\" content=\"\u00c9crit par\" \/>\n\t<meta name=\"twitter:data1\" content=\"CL\" \/>\n\t<meta name=\"twitter:label2\" content=\"Dur\u00e9e de lecture estim\u00e9e\" \/>\n\t<meta name=\"twitter:data2\" content=\"1 minute\" \/>\n<script type=\"application\/ld+json\" class=\"yoast-schema-graph\">{\"@context\":\"https:\\\/\\\/schema.org\",\"@graph\":[{\"@type\":\"NewsArticle\",\"@id\":\"https:\\\/\\\/www.webdo.tn\\\/fr\\\/actualite\\\/national-45\\\/affaire-de-l-aeroport-prison-ferme-contre-les-deputes-d-al-karama\\\/202094\\\/#article\",\"isPartOf\":{\"@id\":\"https:\\\/\\\/www.webdo.tn\\\/fr\\\/actualite\\\/national-45\\\/affaire-de-l-aeroport-prison-ferme-contre-les-deputes-d-al-karama\\\/202094\\\/\"},\"author\":{\"name\":\"CL\",\"@id\":\"https:\\\/\\\/www.webdo.tn\\\/fr\\\/#\\\/schema\\\/person\\\/f35b42a42c5e2511bbd282959d6385cc\"},\"headline\":\"Affaire de l\u2019a\u00e9roport : Prison ferme contre les d\u00e9put\u00e9s d\u2019Al-Karama\",\"datePublished\":\"2023-01-20T19:29:00+00:00\",\"dateModified\":\"2025-05-22T11:37:24+00:00\",\"mainEntityOfPage\":{\"@id\":\"https:\\\/\\\/www.webdo.tn\\\/fr\\\/actualite\\\/national-45\\\/affaire-de-l-aeroport-prison-ferme-contre-les-deputes-d-al-karama\\\/202094\\\/\"},\"wordCount\":292,\"commentCount\":0,\"publisher\":{\"@id\":\"https:\\\/\\\/www.webdo.tn\\\/fr\\\/#organization\"},\"image\":{\"@id\":\"https:\\\/\\\/www.webdo.tn\\\/fr\\\/actualite\\\/national-45\\\/affaire-de-l-aeroport-prison-ferme-contre-les-deputes-d-al-karama\\\/202094\\\/#primaryimage\"},\"thumbnailUrl\":\"https:\\\/\\\/www.webdo.tn\\\/fr\\\/wp-content\\\/uploads\\\/2023\\\/01\\\/95ef9d49c4b554fbbf3eb97051f9dd73.png\",\"keywords\":[\"Affaire de l'aeroport\",\"Prison\",\"Tunisie\"],\"articleSection\":[\"National\"],\"inLanguage\":\"fr-FR\"},{\"@type\":\"WebPage\",\"@id\":\"https:\\\/\\\/www.webdo.tn\\\/fr\\\/actualite\\\/national-45\\\/affaire-de-l-aeroport-prison-ferme-contre-les-deputes-d-al-karama\\\/202094\\\/\",\"url\":\"https:\\\/\\\/www.webdo.tn\\\/fr\\\/actualite\\\/national-45\\\/affaire-de-l-aeroport-prison-ferme-contre-les-deputes-d-al-karama\\\/202094\\\/\",\"name\":\"Affaire de l\u2019a\u00e9roport : Prison ferme contre les d\u00e9put\u00e9s d\u2019Al-Karama\",\"isPartOf\":{\"@id\":\"https:\\\/\\\/www.webdo.tn\\\/fr\\\/#website\"},\"primaryImageOfPage\":{\"@id\":\"https:\\\/\\\/www.webdo.tn\\\/fr\\\/actualite\\\/national-45\\\/affaire-de-l-aeroport-prison-ferme-contre-les-deputes-d-al-karama\\\/202094\\\/#primaryimage\"},\"image\":{\"@id\":\"https:\\\/\\\/www.webdo.tn\\\/fr\\\/actualite\\\/national-45\\\/affaire-de-l-aeroport-prison-ferme-contre-les-deputes-d-al-karama\\\/202094\\\/#primaryimage\"},\"thumbnailUrl\":\"https:\\\/\\\/www.webdo.tn\\\/fr\\\/wp-content\\\/uploads\\\/2023\\\/01\\\/95ef9d49c4b554fbbf3eb97051f9dd73.png\",\"datePublished\":\"2023-01-20T19:29:00+00:00\",\"dateModified\":\"2025-05-22T11:37:24+00:00\",\"description\":\"Sur fond de l\u2019affaire de l\u2019a\u00e9roport, La Chambre correctionnelle de la Cour d\u2019appel militaire a condamn\u00e9 \u00e0 la prison ferme les d\u00e9put\u00e9s du parti Al-Karama.\",\"breadcrumb\":{\"@id\":\"https:\\\/\\\/www.webdo.tn\\\/fr\\\/actualite\\\/national-45\\\/affaire-de-l-aeroport-prison-ferme-contre-les-deputes-d-al-karama\\\/202094\\\/#breadcrumb\"},\"inLanguage\":\"fr-FR\",\"potentialAction\":[{\"@type\":\"ReadAction\",\"target\":[\"https:\\\/\\\/www.webdo.tn\\\/fr\\\/actualite\\\/national-45\\\/affaire-de-l-aeroport-prison-ferme-contre-les-deputes-d-al-karama\\\/202094\\\/\"]}]},{\"@type\":\"ImageObject\",\"inLanguage\":\"fr-FR\",\"@id\":\"https:\\\/\\\/www.webdo.tn\\\/fr\\\/actualite\\\/national-45\\\/affaire-de-l-aeroport-prison-ferme-contre-les-deputes-d-al-karama\\\/202094\\\/#primaryimage\",\"url\":\"https:\\\/\\\/www.webdo.tn\\\/fr\\\/wp-content\\\/uploads\\\/2023\\\/01\\\/95ef9d49c4b554fbbf3eb97051f9dd73.png\",\"contentUrl\":\"https:\\\/\\\/www.webdo.tn\\\/fr\\\/wp-content\\\/uploads\\\/2023\\\/01\\\/95ef9d49c4b554fbbf3eb97051f9dd73.png\",\"width\":750,\"height\":400,\"caption\":\"Aeroport Makhlouf\"},{\"@type\":\"BreadcrumbList\",\"@id\":\"https:\\\/\\\/www.webdo.tn\\\/fr\\\/actualite\\\/national-45\\\/affaire-de-l-aeroport-prison-ferme-contre-les-deputes-d-al-karama\\\/202094\\\/#breadcrumb\",\"itemListElement\":[{\"@type\":\"ListItem\",\"position\":1,\"name\":\"Accueil\",\"item\":\"https:\\\/\\\/www.webdo.tn\\\/fr\\\/\"},{\"@type\":\"ListItem\",\"position\":2,\"name\":\"Affaire de l\u2019a\u00e9roport : Prison ferme contre les d\u00e9put\u00e9s d\u2019Al-Karama\"}]},{\"@type\":\"WebSite\",\"@id\":\"https:\\\/\\\/www.webdo.tn\\\/fr\\\/#website\",\"url\":\"https:\\\/\\\/www.webdo.tn\\\/fr\\\/\",\"name\":\"webdo\",\"description\":\"Tunisie - News en Tunisie et \u00e0 l&#039;international sur Webdo.tn\",\"publisher\":{\"@id\":\"https:\\\/\\\/www.webdo.tn\\\/fr\\\/#organization\"},\"potentialAction\":[{\"@type\":\"SearchAction\",\"target\":{\"@type\":\"EntryPoint\",\"urlTemplate\":\"https:\\\/\\\/www.webdo.tn\\\/fr\\\/?s={search_term_string}\"},\"query-input\":{\"@type\":\"PropertyValueSpecification\",\"valueRequired\":true,\"valueName\":\"search_term_string\"}}],\"inLanguage\":\"fr-FR\"},{\"@type\":\"Organization\",\"@id\":\"https:\\\/\\\/www.webdo.tn\\\/fr\\\/#organization\",\"name\":\"Webdo\",\"alternateName\":\"Webdo.tn\",\"url\":\"https:\\\/\\\/www.webdo.tn\\\/fr\\\/\",\"logo\":{\"@type\":\"ImageObject\",\"inLanguage\":\"fr-FR\",\"@id\":\"https:\\\/\\\/www.webdo.tn\\\/fr\\\/#\\\/schema\\\/logo\\\/image\\\/\",\"url\":\"https:\\\/\\\/www.webdo.tn\\\/fr\\\/wp-content\\\/uploads\\\/2025\\\/06\\\/Webdo-Tunisie_168377.jpg\",\"contentUrl\":\"https:\\\/\\\/www.webdo.tn\\\/fr\\\/wp-content\\\/uploads\\\/2025\\\/06\\\/Webdo-Tunisie_168377.jpg\",\"width\":301,\"height\":301,\"caption\":\"Webdo\"},\"image\":{\"@id\":\"https:\\\/\\\/www.webdo.tn\\\/fr\\\/#\\\/schema\\\/logo\\\/image\\\/\"},\"sameAs\":[\"https:\\\/\\\/www.facebook.com\\\/webdotn\",\"https:\\\/\\\/x.com\\\/webdo_tn\"],\"description\":\"Webdo est un m\u00e9dia num\u00e9rique tunisien fond\u00e9 en 2010, sp\u00e9cialis\u00e9 dans l\u2019actualit\u00e9 nationale et internationale, l\u2019\u00e9conomie, la soci\u00e9t\u00e9 et les analyses politiques. Le site s\u2019adresse \u00e0 un large public francophone et couvre l\u2019information tunisienne en temps r\u00e9el.\",\"email\":\"redac@webdo.tn\",\"legalName\":\"YNJ SARL\",\"foundingDate\":\"2010-09-06\",\"numberOfEmployees\":{\"@type\":\"QuantitativeValue\",\"minValue\":\"11\",\"maxValue\":\"50\"}},{\"@type\":\"Person\",\"@id\":\"https:\\\/\\\/www.webdo.tn\\\/fr\\\/#\\\/schema\\\/person\\\/f35b42a42c5e2511bbd282959d6385cc\",\"name\":\"CL\",\"image\":{\"@type\":\"ImageObject\",\"inLanguage\":\"fr-FR\",\"@id\":\"https:\\\/\\\/secure.gravatar.com\\\/avatar\\\/1447a49909b67aa657c488aec6512e1dd6143a480c1ecfee9b5b5cd74eb3b59e?s=96&d=mm&r=g\",\"url\":\"https:\\\/\\\/secure.gravatar.com\\\/avatar\\\/1447a49909b67aa657c488aec6512e1dd6143a480c1ecfee9b5b5cd74eb3b59e?s=96&d=mm&r=g\",\"contentUrl\":\"https:\\\/\\\/secure.gravatar.com\\\/avatar\\\/1447a49909b67aa657c488aec6512e1dd6143a480c1ecfee9b5b5cd74eb3b59e?s=96&d=mm&r=g\",\"caption\":\"CL\"},\"url\":\"https:\\\/\\\/www.webdo.tn\\\/fr\\\/actualite\\\/author\\\/cl\\\/\"}]}<\/script>\n<!-- \/ Yoast SEO Premium plugin. -->","yoast_head_json":{"title":"Affaire de l\u2019a\u00e9roport : Prison ferme contre les d\u00e9put\u00e9s d\u2019Al-Karama","description":"Sur fond de l\u2019affaire de l\u2019a\u00e9roport, La Chambre correctionnelle de la Cour d\u2019appel militaire a condamn\u00e9 \u00e0 la prison ferme les d\u00e9put\u00e9s du parti Al-Karama.","canonical":"https:\/\/www.webdo.tn\/fr\/actualite\/national-45\/affaire-de-l-aeroport-prison-ferme-contre-les-deputes-d-al-karama\/202094\/","og_locale":"fr_FR","og_type":"article","og_title":"Affaire de l\u2019a\u00e9roport : Prison ferme contre les d\u00e9put\u00e9s d\u2019Al-Karama","og_description":"Sur fond de l\u2019affaire de l\u2019a\u00e9roport, La Chambre correctionnelle de la Cour d\u2019appel militaire a condamn\u00e9 \u00e0 la prison ferme les d\u00e9put\u00e9s du parti Al-Karama.","og_url":"https:\/\/www.webdo.tn\/fr\/actualite\/national-45\/affaire-de-l-aeroport-prison-ferme-contre-les-deputes-d-al-karama\/202094\/","og_site_name":"webdo","article_publisher":"https:\/\/www.facebook.com\/webdotn","article_published_time":"2023-01-20T19:29:00+00:00","article_modified_time":"2025-05-22T11:37:24+00:00","og_image":[{"width":750,"height":400,"url":"https:\/\/www.webdo.tn\/fr\/wp-content\/uploads\/2023\/01\/95ef9d49c4b554fbbf3eb97051f9dd73.png","type":"image\/png"}],"author":"CL","twitter_card":"summary_large_image","twitter_creator":"@webdo_tn","twitter_site":"@webdo_tn","twitter_misc":{"\u00c9crit par":"CL","Dur\u00e9e de lecture estim\u00e9e":"1 minute"},"schema":{"@context":"https:\/\/schema.org","@graph":[{"@type":"NewsArticle","@id":"https:\/\/www.webdo.tn\/fr\/actualite\/national-45\/affaire-de-l-aeroport-prison-ferme-contre-les-deputes-d-al-karama\/202094\/#article","isPartOf":{"@id":"https:\/\/www.webdo.tn\/fr\/actualite\/national-45\/affaire-de-l-aeroport-prison-ferme-contre-les-deputes-d-al-karama\/202094\/"},"author":{"name":"CL","@id":"https:\/\/www.webdo.tn\/fr\/#\/schema\/person\/f35b42a42c5e2511bbd282959d6385cc"},"headline":"Affaire de l\u2019a\u00e9roport : Prison ferme contre les d\u00e9put\u00e9s d\u2019Al-Karama","datePublished":"2023-01-20T19:29:00+00:00","dateModified":"2025-05-22T11:37:24+00:00","mainEntityOfPage":{"@id":"https:\/\/www.webdo.tn\/fr\/actualite\/national-45\/affaire-de-l-aeroport-prison-ferme-contre-les-deputes-d-al-karama\/202094\/"},"wordCount":292,"commentCount":0,"publisher":{"@id":"https:\/\/www.webdo.tn\/fr\/#organization"},"image":{"@id":"https:\/\/www.webdo.tn\/fr\/actualite\/national-45\/affaire-de-l-aeroport-prison-ferme-contre-les-deputes-d-al-karama\/202094\/#primaryimage"},"thumbnailUrl":"https:\/\/www.webdo.tn\/fr\/wp-content\/uploads\/2023\/01\/95ef9d49c4b554fbbf3eb97051f9dd73.png","keywords":["Affaire de l'aeroport","Prison","Tunisie"],"articleSection":["National"],"inLanguage":"fr-FR"},{"@type":"WebPage","@id":"https:\/\/www.webdo.tn\/fr\/actualite\/national-45\/affaire-de-l-aeroport-prison-ferme-contre-les-deputes-d-al-karama\/202094\/","url":"https:\/\/www.webdo.tn\/fr\/actualite\/national-45\/affaire-de-l-aeroport-prison-ferme-contre-les-deputes-d-al-karama\/202094\/","name":"Affaire de l\u2019a\u00e9roport : Prison ferme contre les d\u00e9put\u00e9s d\u2019Al-Karama","isPartOf":{"@id":"https:\/\/www.webdo.tn\/fr\/#website"},"primaryImageOfPage":{"@id":"https:\/\/www.webdo.tn\/fr\/actualite\/national-45\/affaire-de-l-aeroport-prison-ferme-contre-les-deputes-d-al-karama\/202094\/#primaryimage"},"image":{"@id":"https:\/\/www.webdo.tn\/fr\/actualite\/national-45\/affaire-de-l-aeroport-prison-ferme-contre-les-deputes-d-al-karama\/202094\/#primaryimage"},"thumbnailUrl":"https:\/\/www.webdo.tn\/fr\/wp-content\/uploads\/2023\/01\/95ef9d49c4b554fbbf3eb97051f9dd73.png","datePublished":"2023-01-20T19:29:00+00:00","dateModified":"2025-05-22T11:37:24+00:00","description":"Sur fond de l\u2019affaire de l\u2019a\u00e9roport, La Chambre correctionnelle de la Cour d\u2019appel militaire a condamn\u00e9 \u00e0 la prison ferme les d\u00e9put\u00e9s du parti Al-Karama.","breadcrumb":{"@id":"https:\/\/www.webdo.tn\/fr\/actualite\/national-45\/affaire-de-l-aeroport-prison-ferme-contre-les-deputes-d-al-karama\/202094\/#breadcrumb"},"inLanguage":"fr-FR","potentialAction":[{"@type":"ReadAction","target":["https:\/\/www.webdo.tn\/fr\/actualite\/national-45\/affaire-de-l-aeroport-prison-ferme-contre-les-deputes-d-al-karama\/202094\/"]}]},{"@type":"ImageObject","inLanguage":"fr-FR","@id":"https:\/\/www.webdo.tn\/fr\/actualite\/national-45\/affaire-de-l-aeroport-prison-ferme-contre-les-deputes-d-al-karama\/202094\/#primaryimage","url":"https:\/\/www.webdo.tn\/fr\/wp-content\/uploads\/2023\/01\/95ef9d49c4b554fbbf3eb97051f9dd73.png","contentUrl":"https:\/\/www.webdo.tn\/fr\/wp-content\/uploads\/2023\/01\/95ef9d49c4b554fbbf3eb97051f9dd73.png","width":750,"height":400,"caption":"Aeroport Makhlouf"},{"@type":"BreadcrumbList","@id":"https:\/\/www.webdo.tn\/fr\/actualite\/national-45\/affaire-de-l-aeroport-prison-ferme-contre-les-deputes-d-al-karama\/202094\/#breadcrumb","itemListElement":[{"@type":"ListItem","position":1,"name":"Accueil","item":"https:\/\/www.webdo.tn\/fr\/"},{"@type":"ListItem","position":2,"name":"Affaire de l\u2019a\u00e9roport : Prison ferme contre les d\u00e9put\u00e9s d\u2019Al-Karama"}]},{"@type":"WebSite","@id":"https:\/\/www.webdo.tn\/fr\/#website","url":"https:\/\/www.webdo.tn\/fr\/","name":"webdo","description":"Tunisie - News en Tunisie et \u00e0 l&#039;international sur Webdo.tn","publisher":{"@id":"https:\/\/www.webdo.tn\/fr\/#organization"},"potentialAction":[{"@type":"SearchAction","target":{"@type":"EntryPoint","urlTemplate":"https:\/\/www.webdo.tn\/fr\/?s={search_term_string}"},"query-input":{"@type":"PropertyValueSpecification","valueRequired":true,"valueName":"search_term_string"}}],"inLanguage":"fr-FR"},{"@type":"Organization","@id":"https:\/\/www.webdo.tn\/fr\/#organization","name":"Webdo","alternateName":"Webdo.tn","url":"https:\/\/www.webdo.tn\/fr\/","logo":{"@type":"ImageObject","inLanguage":"fr-FR","@id":"https:\/\/www.webdo.tn\/fr\/#\/schema\/logo\/image\/","url":"https:\/\/www.webdo.tn\/fr\/wp-content\/uploads\/2025\/06\/Webdo-Tunisie_168377.jpg","contentUrl":"https:\/\/www.webdo.tn\/fr\/wp-content\/uploads\/2025\/06\/Webdo-Tunisie_168377.jpg","width":301,"height":301,"caption":"Webdo"},"image":{"@id":"https:\/\/www.webdo.tn\/fr\/#\/schema\/logo\/image\/"},"sameAs":["https:\/\/www.facebook.com\/webdotn","https:\/\/x.com\/webdo_tn"],"description":"Webdo est un m\u00e9dia num\u00e9rique tunisien fond\u00e9 en 2010, sp\u00e9cialis\u00e9 dans l\u2019actualit\u00e9 nationale et internationale, l\u2019\u00e9conomie, la soci\u00e9t\u00e9 et les analyses politiques. Le site s\u2019adresse \u00e0 un large public francophone et couvre l\u2019information tunisienne en temps r\u00e9el.","email":"redac@webdo.tn","legalName":"YNJ SARL","foundingDate":"2010-09-06","numberOfEmployees":{"@type":"QuantitativeValue","minValue":"11","maxValue":"50"}},{"@type":"Person","@id":"https:\/\/www.webdo.tn\/fr\/#\/schema\/person\/f35b42a42c5e2511bbd282959d6385cc","name":"CL","image":{"@type":"ImageObject","inLanguage":"fr-FR","@id":"https:\/\/secure.gravatar.com\/avatar\/1447a49909b67aa657c488aec6512e1dd6143a480c1ecfee9b5b5cd74eb3b59e?s=96&d=mm&r=g","url":"https:\/\/secure.gravatar.com\/avatar\/1447a49909b67aa657c488aec6512e1dd6143a480c1ecfee9b5b5cd74eb3b59e?s=96&d=mm&r=g","contentUrl":"https:\/\/secure.gravatar.com\/avatar\/1447a49909b67aa657c488aec6512e1dd6143a480c1ecfee9b5b5cd74eb3b59e?s=96&d=mm&r=g","caption":"CL"},"url":"https:\/\/www.webdo.tn\/fr\/actualite\/author\/cl\/"}]}},"_links":{"self":[{"href":"https:\/\/www.webdo.tn\/fr\/wp-json\/wp\/v2\/posts\/202094","targetHints":{"allow":["GET"]}}],"collection":[{"href":"https:\/\/www.webdo.tn\/fr\/wp-json\/wp\/v2\/posts"}],"about":[{"href":"https:\/\/www.webdo.tn\/fr\/wp-json\/wp\/v2\/types\/post"}],"author":[{"embeddable":true,"href":"https:\/\/www.webdo.tn\/fr\/wp-json\/wp\/v2\/users\/3175"}],"replies":[{"embeddable":true,"href":"https:\/\/www.webdo.tn\/fr\/wp-json\/wp\/v2\/comments?post=202094"}],"version-history":[{"count":0,"href":"https:\/\/www.webdo.tn\/fr\/wp-json\/wp\/v2\/posts\/202094\/revisions"}],"wp:featuredmedia":[{"embeddable":true,"href":"https:\/\/www.webdo.tn\/fr\/wp-json\/wp\/v2\/media\/348244"}],"wp:attachment":[{"href":"https:\/\/www.webdo.tn\/fr\/wp-json\/wp\/v2\/media?parent=202094"}],"wp:term":[{"taxonomy":"category","embeddable":true,"href":"https:\/\/www.webdo.tn\/fr\/wp-json\/wp\/v2\/categories?post=202094"},{"taxonomy":"post_tag","embeddable":true,"href":"https:\/\/www.webdo.tn\/fr\/wp-json\/wp\/v2\/tags?post=202094"}],"curies":[{"name":"wp","href":"https:\/\/api.w.org\/{rel}","templated":true}]}}