{"id":202083,"date":"2023-01-20T15:15:00","date_gmt":"2023-01-20T15:15:00","guid":{"rendered":"https:\/\/www.webdo.tn\/fr\/blog\/tunisie-16-cm-de-neige-a-ain-draham\/202083\/"},"modified":"2025-05-20T22:07:00","modified_gmt":"2025-05-20T22:07:00","slug":"tunisie-16-cm-de-neige-a-ain-draham","status":"publish","type":"post","link":"https:\/\/www.webdo.tn\/fr\/actualite\/national\/tunisie-16-cm-de-neige-a-ain-draham\/202083\/","title":{"rendered":"Tunisie : 16 cm de neige \u00e0 Ain Draham"},"content":{"rendered":"<p>Au cours des derni\u00e8res 24 heures la neige a totalement recouvert la d\u00e9l\u00e9gation de Ain Draham (gouvernorat de Jendouba), atteignant 16 centim\u00e8tres d&rsquo;\u00e9paisseur. Selon l&rsquo;INM, la neige a \u00e9galement recouvert les r\u00e9gions de Ghardimaou, Fernana, Balta, Bououn et Al Graa.<\/p>\n<p>\t\t\t\t\t\t\t\t\tPar ailleurs, 8 cm ont \u00e9t\u00e9 enregistr\u00e9s dans la d\u00e9l\u00e9gation de Jbel Sidi Ahmed et 6 \u00e0 Nefza ville, selon l&rsquo;institut national de la m\u00e9t\u00e9orologie (INM).<\/p>\n<p>La Tunisie a enregistr\u00e9, \u00e9galement, au cours de cette p\u00e9riode, des quantit\u00e9s de pluies, dans dix gouvernorats dont les plus importantes ont tomb\u00e9es dans le gouvernorat de Bizerte, atteignant 32 millim\u00e8tres \u00e0 Sejnane, 24 \u00e0 Joumine, 20 \u00e0 Ras Jebel, 19 \u00e0 Mateur et 16 \u00e0 Menzel Bourguiba.<\/p>\n<p>Les autres ph\u00e9nom\u00e8nes climatiques des derni\u00e8res 24 heures sont des vents forts, dont la vitesse a atteint 108 km\/h \u00e0 Tabarka, Enfidha et Thala alors que des tourbillons de sable ont \u00e9t\u00e9 observ\u00e9s \u00e0 Tozeur, Tataouine, Remada et Matmata, a indiqu\u00e9 l&rsquo;INM.<\/p>\n<p>Il est \u00e0 rappeler que le directeur r\u00e9gional de la Protection civile au gouvernorat de Jendouba, Adel Laabidi, a indiqu\u00e9 qu&rsquo;\u00e0 partir de demain samedi il neigera de 4h00 du matin jusqu&rsquo;\u00e0 18h00 sur les r\u00e9gions du nord-ouest.<\/p>\n<p>Il a expliqu\u00e9 que l&rsquo;\u00e9volution de la situation m\u00e9t\u00e9orologique a \u00e9t\u00e9 rapide depuis hier matin, jeudi, en particulier dans les d\u00e9l\u00e9gations de Ain Draham, Ghardimaou et Balta o\u00f9 des quantit\u00e9s de neige sont tomb\u00e9es, allant jusqu\u2019\u00e0 15 centim\u00e8tres dans certaines zones et provoquant le blocage des routes nationales n\u00b011 et n\u00b017.<\/p>\n<p>Il a fait savoir que les d\u00e9placements vers la d\u00e9l\u00e9gation d\u2019A\u00efn Draham sont d\u00e9sormais interdits sauf pour les habitants de la r\u00e9gion et les camions d\u2019approvisionnement.<\/p>\n<p>Il convient de rappeler que l&rsquo;Institut national de la m\u00e9t\u00e9orologie a plac\u00e9 le gouvernorat de Jendouba en vigilance orange en raison de la poursuite des chutes de neige et que les conditions m\u00e9t\u00e9orologiques s&rsquo;am\u00e9lioreront \u00e0 partir dimanche.<\/p>\n","protected":false},"excerpt":{"rendered":"<p>Au cours des derni\u00e8res 24 heures la neige a totalement recouvert la d\u00e9l\u00e9gation de Ain Draham (gouvernorat de Jendouba), atteignant 16 centim\u00e8tres d&rsquo;\u00e9paisseur. S&#8230;<\/p>\n","protected":false},"author":3162,"featured_media":277597,"comment_status":"open","ping_status":"closed","sticky":false,"template":"","format":"standard","meta":{"footnotes":""},"categories":[44],"tags":[7483,4359],"class_list":["post-202083","post","type-post","status-publish","format-standard","has-post-thumbnail","hentry","category-national","tag-ain-draham","tag-neige"],"yoast_head":"<!-- This site is optimized with the Yoast SEO Premium plugin v27.5 (Yoast SEO v27.5) - https:\/\/yoast.com\/product\/yoast-seo-premium-wordpress\/ -->\n<title>Tunisie : 16 cm de neige \u00e0 Ain Draham<\/title>\n<meta name=\"description\" content=\"Au cours des derni\u00e8res 24 heures la neige a totalement recouvert la d\u00e9l\u00e9gation de Ain Draham (gouvernorat de Jendouba), atteignant 16 centim\u00e8tres d&#039;\u00e9paisseur. S...\" \/>\n<link rel=\"canonical\" href=\"https:\/\/www.webdo.tn\/fr\/actualite\/national\/tunisie-16-cm-de-neige-a-ain-draham\/202083\/\" \/>\n<meta property=\"og:locale\" content=\"fr_FR\" \/>\n<meta property=\"og:type\" content=\"article\" \/>\n<meta property=\"og:title\" content=\"Tunisie : 16 cm de neige \u00e0 Ain Draham\" \/>\n<meta property=\"og:description\" content=\"Au cours des derni\u00e8res 24 heures la neige a totalement recouvert la d\u00e9l\u00e9gation de Ain Draham (gouvernorat de Jendouba), atteignant 16 centim\u00e8tres d&#039;\u00e9paisseur. S...\" \/>\n<meta property=\"og:url\" content=\"https:\/\/www.webdo.tn\/fr\/actualite\/national\/tunisie-16-cm-de-neige-a-ain-draham\/202083\/\" \/>\n<meta property=\"og:site_name\" content=\"webdo\" \/>\n<meta property=\"article:publisher\" content=\"https:\/\/www.facebook.com\/webdotn\" \/>\n<meta property=\"article:published_time\" content=\"2023-01-20T15:15:00+00:00\" \/>\n<meta property=\"article:modified_time\" content=\"2025-05-20T22:07:00+00:00\" \/>\n<meta property=\"og:image\" content=\"https:\/\/www.webdo.tn\/fr\/wp-content\/uploads\/2023\/01\/1038bd1779f34436401d6c179b207124.jpg\" \/>\n\t<meta property=\"og:image:width\" content=\"720\" \/>\n\t<meta property=\"og:image:height\" content=\"384\" \/>\n\t<meta property=\"og:image:type\" content=\"image\/jpeg\" \/>\n<meta name=\"author\" content=\"MC\" \/>\n<meta name=\"twitter:card\" content=\"summary_large_image\" \/>\n<meta name=\"twitter:creator\" content=\"@webdo_tn\" \/>\n<meta name=\"twitter:site\" content=\"@webdo_tn\" \/>\n<meta name=\"twitter:label1\" content=\"\u00c9crit par\" \/>\n\t<meta name=\"twitter:data1\" content=\"MC\" \/>\n\t<meta name=\"twitter:label2\" content=\"Dur\u00e9e de lecture estim\u00e9e\" \/>\n\t<meta name=\"twitter:data2\" content=\"2 minutes\" \/>\n<script type=\"application\/ld+json\" class=\"yoast-schema-graph\">{\"@context\":\"https:\\\/\\\/schema.org\",\"@graph\":[{\"@type\":\"NewsArticle\",\"@id\":\"https:\\\/\\\/www.webdo.tn\\\/fr\\\/actualite\\\/national\\\/tunisie-16-cm-de-neige-a-ain-draham\\\/202083\\\/#article\",\"isPartOf\":{\"@id\":\"https:\\\/\\\/www.webdo.tn\\\/fr\\\/actualite\\\/national\\\/tunisie-16-cm-de-neige-a-ain-draham\\\/202083\\\/\"},\"author\":{\"name\":\"MC\",\"@id\":\"https:\\\/\\\/www.webdo.tn\\\/fr\\\/#\\\/schema\\\/person\\\/2c4929cbf5a809e3bd38617c6ce150f6\"},\"headline\":\"Tunisie : 16 cm de neige \u00e0 Ain Draham\",\"datePublished\":\"2023-01-20T15:15:00+00:00\",\"dateModified\":\"2025-05-20T22:07:00+00:00\",\"mainEntityOfPage\":{\"@id\":\"https:\\\/\\\/www.webdo.tn\\\/fr\\\/actualite\\\/national\\\/tunisie-16-cm-de-neige-a-ain-draham\\\/202083\\\/\"},\"wordCount\":340,\"commentCount\":0,\"publisher\":{\"@id\":\"https:\\\/\\\/www.webdo.tn\\\/fr\\\/#organization\"},\"image\":{\"@id\":\"https:\\\/\\\/www.webdo.tn\\\/fr\\\/actualite\\\/national\\\/tunisie-16-cm-de-neige-a-ain-draham\\\/202083\\\/#primaryimage\"},\"thumbnailUrl\":\"https:\\\/\\\/www.webdo.tn\\\/fr\\\/wp-content\\\/uploads\\\/2023\\\/01\\\/1038bd1779f34436401d6c179b207124.jpg\",\"keywords\":[\"ain draham\",\"neige\"],\"articleSection\":[\"National\"],\"inLanguage\":\"fr-FR\"},{\"@type\":\"WebPage\",\"@id\":\"https:\\\/\\\/www.webdo.tn\\\/fr\\\/actualite\\\/national\\\/tunisie-16-cm-de-neige-a-ain-draham\\\/202083\\\/\",\"url\":\"https:\\\/\\\/www.webdo.tn\\\/fr\\\/actualite\\\/national\\\/tunisie-16-cm-de-neige-a-ain-draham\\\/202083\\\/\",\"name\":\"Tunisie : 16 cm de neige \u00e0 Ain Draham\",\"isPartOf\":{\"@id\":\"https:\\\/\\\/www.webdo.tn\\\/fr\\\/#website\"},\"primaryImageOfPage\":{\"@id\":\"https:\\\/\\\/www.webdo.tn\\\/fr\\\/actualite\\\/national\\\/tunisie-16-cm-de-neige-a-ain-draham\\\/202083\\\/#primaryimage\"},\"image\":{\"@id\":\"https:\\\/\\\/www.webdo.tn\\\/fr\\\/actualite\\\/national\\\/tunisie-16-cm-de-neige-a-ain-draham\\\/202083\\\/#primaryimage\"},\"thumbnailUrl\":\"https:\\\/\\\/www.webdo.tn\\\/fr\\\/wp-content\\\/uploads\\\/2023\\\/01\\\/1038bd1779f34436401d6c179b207124.jpg\",\"datePublished\":\"2023-01-20T15:15:00+00:00\",\"dateModified\":\"2025-05-20T22:07:00+00:00\",\"description\":\"Au cours des derni\u00e8res 24 heures la neige a totalement recouvert la d\u00e9l\u00e9gation de Ain Draham (gouvernorat de Jendouba), atteignant 16 centim\u00e8tres d'\u00e9paisseur. S...\",\"breadcrumb\":{\"@id\":\"https:\\\/\\\/www.webdo.tn\\\/fr\\\/actualite\\\/national\\\/tunisie-16-cm-de-neige-a-ain-draham\\\/202083\\\/#breadcrumb\"},\"inLanguage\":\"fr-FR\",\"potentialAction\":[{\"@type\":\"ReadAction\",\"target\":[\"https:\\\/\\\/www.webdo.tn\\\/fr\\\/actualite\\\/national\\\/tunisie-16-cm-de-neige-a-ain-draham\\\/202083\\\/\"]}]},{\"@type\":\"ImageObject\",\"inLanguage\":\"fr-FR\",\"@id\":\"https:\\\/\\\/www.webdo.tn\\\/fr\\\/actualite\\\/national\\\/tunisie-16-cm-de-neige-a-ain-draham\\\/202083\\\/#primaryimage\",\"url\":\"https:\\\/\\\/www.webdo.tn\\\/fr\\\/wp-content\\\/uploads\\\/2023\\\/01\\\/1038bd1779f34436401d6c179b207124.jpg\",\"contentUrl\":\"https:\\\/\\\/www.webdo.tn\\\/fr\\\/wp-content\\\/uploads\\\/2023\\\/01\\\/1038bd1779f34436401d6c179b207124.jpg\",\"width\":720,\"height\":384,\"caption\":\"Tunisie : 16 cm de neige \u00e0 Ain Draham\"},{\"@type\":\"BreadcrumbList\",\"@id\":\"https:\\\/\\\/www.webdo.tn\\\/fr\\\/actualite\\\/national\\\/tunisie-16-cm-de-neige-a-ain-draham\\\/202083\\\/#breadcrumb\",\"itemListElement\":[{\"@type\":\"ListItem\",\"position\":1,\"name\":\"Accueil\",\"item\":\"https:\\\/\\\/www.webdo.tn\\\/fr\\\/\"},{\"@type\":\"ListItem\",\"position\":2,\"name\":\"Tunisie : 16 cm de neige \u00e0 Ain Draham\"}]},{\"@type\":\"WebSite\",\"@id\":\"https:\\\/\\\/www.webdo.tn\\\/fr\\\/#website\",\"url\":\"https:\\\/\\\/www.webdo.tn\\\/fr\\\/\",\"name\":\"webdo\",\"description\":\"Tunisie - News en Tunisie et \u00e0 l&#039;international sur Webdo.tn\",\"publisher\":{\"@id\":\"https:\\\/\\\/www.webdo.tn\\\/fr\\\/#organization\"},\"potentialAction\":[{\"@type\":\"SearchAction\",\"target\":{\"@type\":\"EntryPoint\",\"urlTemplate\":\"https:\\\/\\\/www.webdo.tn\\\/fr\\\/?s={search_term_string}\"},\"query-input\":{\"@type\":\"PropertyValueSpecification\",\"valueRequired\":true,\"valueName\":\"search_term_string\"}}],\"inLanguage\":\"fr-FR\"},{\"@type\":\"Organization\",\"@id\":\"https:\\\/\\\/www.webdo.tn\\\/fr\\\/#organization\",\"name\":\"Webdo\",\"alternateName\":\"Webdo.tn\",\"url\":\"https:\\\/\\\/www.webdo.tn\\\/fr\\\/\",\"logo\":{\"@type\":\"ImageObject\",\"inLanguage\":\"fr-FR\",\"@id\":\"https:\\\/\\\/www.webdo.tn\\\/fr\\\/#\\\/schema\\\/logo\\\/image\\\/\",\"url\":\"https:\\\/\\\/www.webdo.tn\\\/fr\\\/wp-content\\\/uploads\\\/2025\\\/06\\\/Webdo-Tunisie_168377.jpg\",\"contentUrl\":\"https:\\\/\\\/www.webdo.tn\\\/fr\\\/wp-content\\\/uploads\\\/2025\\\/06\\\/Webdo-Tunisie_168377.jpg\",\"width\":301,\"height\":301,\"caption\":\"Webdo\"},\"image\":{\"@id\":\"https:\\\/\\\/www.webdo.tn\\\/fr\\\/#\\\/schema\\\/logo\\\/image\\\/\"},\"sameAs\":[\"https:\\\/\\\/www.facebook.com\\\/webdotn\",\"https:\\\/\\\/x.com\\\/webdo_tn\"],\"description\":\"Webdo est un m\u00e9dia num\u00e9rique tunisien fond\u00e9 en 2010, sp\u00e9cialis\u00e9 dans l\u2019actualit\u00e9 nationale et internationale, l\u2019\u00e9conomie, la soci\u00e9t\u00e9 et les analyses politiques. Le site s\u2019adresse \u00e0 un large public francophone et couvre l\u2019information tunisienne en temps r\u00e9el.\",\"email\":\"redac@webdo.tn\",\"legalName\":\"YNJ SARL\",\"foundingDate\":\"2010-09-06\",\"numberOfEmployees\":{\"@type\":\"QuantitativeValue\",\"minValue\":\"11\",\"maxValue\":\"50\"}},{\"@type\":\"Person\",\"@id\":\"https:\\\/\\\/www.webdo.tn\\\/fr\\\/#\\\/schema\\\/person\\\/2c4929cbf5a809e3bd38617c6ce150f6\",\"name\":\"MC\",\"image\":{\"@type\":\"ImageObject\",\"inLanguage\":\"fr-FR\",\"@id\":\"https:\\\/\\\/secure.gravatar.com\\\/avatar\\\/a545bbb6f84efdd5553dbbc2895e3ca8f1d12c5215e00a041c9670b54aa9b18a?s=96&d=mm&r=g\",\"url\":\"https:\\\/\\\/secure.gravatar.com\\\/avatar\\\/a545bbb6f84efdd5553dbbc2895e3ca8f1d12c5215e00a041c9670b54aa9b18a?s=96&d=mm&r=g\",\"contentUrl\":\"https:\\\/\\\/secure.gravatar.com\\\/avatar\\\/a545bbb6f84efdd5553dbbc2895e3ca8f1d12c5215e00a041c9670b54aa9b18a?s=96&d=mm&r=g\",\"caption\":\"MC\"},\"url\":\"https:\\\/\\\/www.webdo.tn\\\/fr\\\/actualite\\\/author\\\/mc\\\/\"}]}<\/script>\n<!-- \/ Yoast SEO Premium plugin. -->","yoast_head_json":{"title":"Tunisie : 16 cm de neige \u00e0 Ain Draham","description":"Au cours des derni\u00e8res 24 heures la neige a totalement recouvert la d\u00e9l\u00e9gation de Ain Draham (gouvernorat de Jendouba), atteignant 16 centim\u00e8tres d'\u00e9paisseur. S...","canonical":"https:\/\/www.webdo.tn\/fr\/actualite\/national\/tunisie-16-cm-de-neige-a-ain-draham\/202083\/","og_locale":"fr_FR","og_type":"article","og_title":"Tunisie : 16 cm de neige \u00e0 Ain Draham","og_description":"Au cours des derni\u00e8res 24 heures la neige a totalement recouvert la d\u00e9l\u00e9gation de Ain Draham (gouvernorat de Jendouba), atteignant 16 centim\u00e8tres d'\u00e9paisseur. S...","og_url":"https:\/\/www.webdo.tn\/fr\/actualite\/national\/tunisie-16-cm-de-neige-a-ain-draham\/202083\/","og_site_name":"webdo","article_publisher":"https:\/\/www.facebook.com\/webdotn","article_published_time":"2023-01-20T15:15:00+00:00","article_modified_time":"2025-05-20T22:07:00+00:00","og_image":[{"width":720,"height":384,"url":"https:\/\/www.webdo.tn\/fr\/wp-content\/uploads\/2023\/01\/1038bd1779f34436401d6c179b207124.jpg","type":"image\/jpeg"}],"author":"MC","twitter_card":"summary_large_image","twitter_creator":"@webdo_tn","twitter_site":"@webdo_tn","twitter_misc":{"\u00c9crit par":"MC","Dur\u00e9e de lecture estim\u00e9e":"2 minutes"},"schema":{"@context":"https:\/\/schema.org","@graph":[{"@type":"NewsArticle","@id":"https:\/\/www.webdo.tn\/fr\/actualite\/national\/tunisie-16-cm-de-neige-a-ain-draham\/202083\/#article","isPartOf":{"@id":"https:\/\/www.webdo.tn\/fr\/actualite\/national\/tunisie-16-cm-de-neige-a-ain-draham\/202083\/"},"author":{"name":"MC","@id":"https:\/\/www.webdo.tn\/fr\/#\/schema\/person\/2c4929cbf5a809e3bd38617c6ce150f6"},"headline":"Tunisie : 16 cm de neige \u00e0 Ain Draham","datePublished":"2023-01-20T15:15:00+00:00","dateModified":"2025-05-20T22:07:00+00:00","mainEntityOfPage":{"@id":"https:\/\/www.webdo.tn\/fr\/actualite\/national\/tunisie-16-cm-de-neige-a-ain-draham\/202083\/"},"wordCount":340,"commentCount":0,"publisher":{"@id":"https:\/\/www.webdo.tn\/fr\/#organization"},"image":{"@id":"https:\/\/www.webdo.tn\/fr\/actualite\/national\/tunisie-16-cm-de-neige-a-ain-draham\/202083\/#primaryimage"},"thumbnailUrl":"https:\/\/www.webdo.tn\/fr\/wp-content\/uploads\/2023\/01\/1038bd1779f34436401d6c179b207124.jpg","keywords":["ain draham","neige"],"articleSection":["National"],"inLanguage":"fr-FR"},{"@type":"WebPage","@id":"https:\/\/www.webdo.tn\/fr\/actualite\/national\/tunisie-16-cm-de-neige-a-ain-draham\/202083\/","url":"https:\/\/www.webdo.tn\/fr\/actualite\/national\/tunisie-16-cm-de-neige-a-ain-draham\/202083\/","name":"Tunisie : 16 cm de neige \u00e0 Ain Draham","isPartOf":{"@id":"https:\/\/www.webdo.tn\/fr\/#website"},"primaryImageOfPage":{"@id":"https:\/\/www.webdo.tn\/fr\/actualite\/national\/tunisie-16-cm-de-neige-a-ain-draham\/202083\/#primaryimage"},"image":{"@id":"https:\/\/www.webdo.tn\/fr\/actualite\/national\/tunisie-16-cm-de-neige-a-ain-draham\/202083\/#primaryimage"},"thumbnailUrl":"https:\/\/www.webdo.tn\/fr\/wp-content\/uploads\/2023\/01\/1038bd1779f34436401d6c179b207124.jpg","datePublished":"2023-01-20T15:15:00+00:00","dateModified":"2025-05-20T22:07:00+00:00","description":"Au cours des derni\u00e8res 24 heures la neige a totalement recouvert la d\u00e9l\u00e9gation de Ain Draham (gouvernorat de Jendouba), atteignant 16 centim\u00e8tres d'\u00e9paisseur. S...","breadcrumb":{"@id":"https:\/\/www.webdo.tn\/fr\/actualite\/national\/tunisie-16-cm-de-neige-a-ain-draham\/202083\/#breadcrumb"},"inLanguage":"fr-FR","potentialAction":[{"@type":"ReadAction","target":["https:\/\/www.webdo.tn\/fr\/actualite\/national\/tunisie-16-cm-de-neige-a-ain-draham\/202083\/"]}]},{"@type":"ImageObject","inLanguage":"fr-FR","@id":"https:\/\/www.webdo.tn\/fr\/actualite\/national\/tunisie-16-cm-de-neige-a-ain-draham\/202083\/#primaryimage","url":"https:\/\/www.webdo.tn\/fr\/wp-content\/uploads\/2023\/01\/1038bd1779f34436401d6c179b207124.jpg","contentUrl":"https:\/\/www.webdo.tn\/fr\/wp-content\/uploads\/2023\/01\/1038bd1779f34436401d6c179b207124.jpg","width":720,"height":384,"caption":"Tunisie : 16 cm de neige \u00e0 Ain Draham"},{"@type":"BreadcrumbList","@id":"https:\/\/www.webdo.tn\/fr\/actualite\/national\/tunisie-16-cm-de-neige-a-ain-draham\/202083\/#breadcrumb","itemListElement":[{"@type":"ListItem","position":1,"name":"Accueil","item":"https:\/\/www.webdo.tn\/fr\/"},{"@type":"ListItem","position":2,"name":"Tunisie : 16 cm de neige \u00e0 Ain Draham"}]},{"@type":"WebSite","@id":"https:\/\/www.webdo.tn\/fr\/#website","url":"https:\/\/www.webdo.tn\/fr\/","name":"webdo","description":"Tunisie - News en Tunisie et \u00e0 l&#039;international sur Webdo.tn","publisher":{"@id":"https:\/\/www.webdo.tn\/fr\/#organization"},"potentialAction":[{"@type":"SearchAction","target":{"@type":"EntryPoint","urlTemplate":"https:\/\/www.webdo.tn\/fr\/?s={search_term_string}"},"query-input":{"@type":"PropertyValueSpecification","valueRequired":true,"valueName":"search_term_string"}}],"inLanguage":"fr-FR"},{"@type":"Organization","@id":"https:\/\/www.webdo.tn\/fr\/#organization","name":"Webdo","alternateName":"Webdo.tn","url":"https:\/\/www.webdo.tn\/fr\/","logo":{"@type":"ImageObject","inLanguage":"fr-FR","@id":"https:\/\/www.webdo.tn\/fr\/#\/schema\/logo\/image\/","url":"https:\/\/www.webdo.tn\/fr\/wp-content\/uploads\/2025\/06\/Webdo-Tunisie_168377.jpg","contentUrl":"https:\/\/www.webdo.tn\/fr\/wp-content\/uploads\/2025\/06\/Webdo-Tunisie_168377.jpg","width":301,"height":301,"caption":"Webdo"},"image":{"@id":"https:\/\/www.webdo.tn\/fr\/#\/schema\/logo\/image\/"},"sameAs":["https:\/\/www.facebook.com\/webdotn","https:\/\/x.com\/webdo_tn"],"description":"Webdo est un m\u00e9dia num\u00e9rique tunisien fond\u00e9 en 2010, sp\u00e9cialis\u00e9 dans l\u2019actualit\u00e9 nationale et internationale, l\u2019\u00e9conomie, la soci\u00e9t\u00e9 et les analyses politiques. Le site s\u2019adresse \u00e0 un large public francophone et couvre l\u2019information tunisienne en temps r\u00e9el.","email":"redac@webdo.tn","legalName":"YNJ SARL","foundingDate":"2010-09-06","numberOfEmployees":{"@type":"QuantitativeValue","minValue":"11","maxValue":"50"}},{"@type":"Person","@id":"https:\/\/www.webdo.tn\/fr\/#\/schema\/person\/2c4929cbf5a809e3bd38617c6ce150f6","name":"MC","image":{"@type":"ImageObject","inLanguage":"fr-FR","@id":"https:\/\/secure.gravatar.com\/avatar\/a545bbb6f84efdd5553dbbc2895e3ca8f1d12c5215e00a041c9670b54aa9b18a?s=96&d=mm&r=g","url":"https:\/\/secure.gravatar.com\/avatar\/a545bbb6f84efdd5553dbbc2895e3ca8f1d12c5215e00a041c9670b54aa9b18a?s=96&d=mm&r=g","contentUrl":"https:\/\/secure.gravatar.com\/avatar\/a545bbb6f84efdd5553dbbc2895e3ca8f1d12c5215e00a041c9670b54aa9b18a?s=96&d=mm&r=g","caption":"MC"},"url":"https:\/\/www.webdo.tn\/fr\/actualite\/author\/mc\/"}]}},"_links":{"self":[{"href":"https:\/\/www.webdo.tn\/fr\/wp-json\/wp\/v2\/posts\/202083","targetHints":{"allow":["GET"]}}],"collection":[{"href":"https:\/\/www.webdo.tn\/fr\/wp-json\/wp\/v2\/posts"}],"about":[{"href":"https:\/\/www.webdo.tn\/fr\/wp-json\/wp\/v2\/types\/post"}],"author":[{"embeddable":true,"href":"https:\/\/www.webdo.tn\/fr\/wp-json\/wp\/v2\/users\/3162"}],"replies":[{"embeddable":true,"href":"https:\/\/www.webdo.tn\/fr\/wp-json\/wp\/v2\/comments?post=202083"}],"version-history":[{"count":0,"href":"https:\/\/www.webdo.tn\/fr\/wp-json\/wp\/v2\/posts\/202083\/revisions"}],"wp:featuredmedia":[{"embeddable":true,"href":"https:\/\/www.webdo.tn\/fr\/wp-json\/wp\/v2\/media\/277597"}],"wp:attachment":[{"href":"https:\/\/www.webdo.tn\/fr\/wp-json\/wp\/v2\/media?parent=202083"}],"wp:term":[{"taxonomy":"category","embeddable":true,"href":"https:\/\/www.webdo.tn\/fr\/wp-json\/wp\/v2\/categories?post=202083"},{"taxonomy":"post_tag","embeddable":true,"href":"https:\/\/www.webdo.tn\/fr\/wp-json\/wp\/v2\/tags?post=202083"}],"curies":[{"name":"wp","href":"https:\/\/api.w.org\/{rel}","templated":true}]}}