{"id":202076,"date":"2023-01-20T12:01:00","date_gmt":"2023-01-20T12:01:00","guid":{"rendered":"https:\/\/www.webdo.tn\/fr\/blog\/ess-semaine-decisive-pour-la-levee-de-l-interdiction\/202076\/"},"modified":"2025-05-20T22:59:07","modified_gmt":"2025-05-20T22:59:07","slug":"ess-semaine-decisive-pour-la-levee-de-l-interdiction","status":"publish","type":"post","link":"https:\/\/www.webdo.tn\/fr\/actualite\/sport\/ess-semaine-decisive-pour-la-levee-de-l-interdiction\/202076\/","title":{"rendered":"ESS : Semaine d\u00e9cisive pour la lev\u00e9e de l\u2019interdiction"},"content":{"rendered":"<p>Dans un communiqu\u00e9 rendu public la page facebook du club, le Comit\u00e9 Directeur de l\u2019Etoile Sportive du Sahel a invit\u00e9 les supporteurs \u00e0 relever le d\u00e9fi de la lev\u00e9e de l\u2019interdiction en assistant nombreux aux matches du Championnat.<\/p>\n<p>\t\t\t\t\t\t\t\t\tLe communiqu\u00e9 pr\u00e9cise que l\u2019ESS aborde dans les prochains jours une semaine d\u00e9cisive quant \u00e0 consolider sa place de leader du Gr. A et \u00e0 lever l\u2019interdiction de recrutement dont p\u00e2tit le club. Deux objectifs qui permettront au club de r\u00e9unir les conditions de r\u00e9ussite pour la suite de la saison.<\/p>\n<p>Le Comit\u00e9 Directeur appelle, \u00e0 cette occasion, les supporteurs \u00e0 venir nombreux assister aux matches du championnat (\u00e0 partir de samedi contre l\u2019ESHS au Stade Olympique de Sousse) et \u00e0 acqu\u00e9rir les abonnements donnant droit \u00e0 l\u2019acc\u00e8s au stade.<\/p>\n<p>Il est \u00e0 noter que l\u2019ESS a pratiquement boucl\u00e9 tous les dossiers en rapport avec les litiges l\u2019opposant avec ses anciens joueurs. Seul le dossier d\u2019Omar Konat\u00e9 est encore en suspens, le joueur malien exigeant d\u2019\u00eatre pay\u00e9 rubis sur l\u2019ongle.<\/p>\n<p>Pour rappel, l\u2019ESS est en pourparlers avanc\u00e9s avec l\u2019ancien d\u00e9fenseur du ST, Jassem Khemiri, et le joueur d\u2019Ahly Jeddah et l\u2019ex-monastirien, Youssef Abdelli, en vue de les engager dans ce mercato hivernal.<\/p>\n","protected":false},"excerpt":{"rendered":"<p>Dans un communiqu\u00e9 rendu public la page facebook du club, le Comit\u00e9 Directeur de l\u2019Etoile Sportive du Sahel a invit\u00e9 les supporteurs \u00e0 relever le d\u00e9fi de la lev&#8230;<\/p>\n","protected":false},"author":3188,"featured_media":277587,"comment_status":"open","ping_status":"closed","sticky":false,"template":"","format":"standard","meta":{"footnotes":""},"categories":[2593],"tags":[4505,6914,9275,8475],"class_list":["post-202076","post","type-post","status-publish","format-standard","has-post-thumbnail","hentry","category-sport","tag-ess","tag-etoile-du-sahel","tag-interdiction-de-recruter","tag-supporters"],"yoast_head":"<!-- This site is optimized with the Yoast SEO Premium plugin v27.4 (Yoast SEO v27.5) - https:\/\/yoast.com\/product\/yoast-seo-premium-wordpress\/ -->\n<title>ESS : Semaine d\u00e9cisive pour la lev\u00e9e de l\u2019interdiction<\/title>\n<meta name=\"description\" content=\"Dans un communiqu\u00e9 rendu public la page facebook du club, le Comit\u00e9 Directeur de l\u2019Etoile Sportive du Sahel a invit\u00e9 les supporteurs \u00e0 relever le d\u00e9fi de la lev...\" \/>\n<link rel=\"canonical\" href=\"https:\/\/www.webdo.tn\/fr\/actualite\/sport\/ess-semaine-decisive-pour-la-levee-de-l-interdiction\/202076\/\" \/>\n<meta property=\"og:locale\" content=\"fr_FR\" \/>\n<meta property=\"og:type\" content=\"article\" \/>\n<meta property=\"og:title\" content=\"ESS : Semaine d\u00e9cisive pour la lev\u00e9e de l\u2019interdiction\" \/>\n<meta property=\"og:description\" content=\"Dans un communiqu\u00e9 rendu public la page facebook du club, le Comit\u00e9 Directeur de l\u2019Etoile Sportive du Sahel a invit\u00e9 les supporteurs \u00e0 relever le d\u00e9fi de la lev...\" \/>\n<meta property=\"og:url\" content=\"https:\/\/www.webdo.tn\/fr\/actualite\/sport\/ess-semaine-decisive-pour-la-levee-de-l-interdiction\/202076\/\" \/>\n<meta property=\"og:site_name\" content=\"webdo\" \/>\n<meta property=\"article:publisher\" content=\"https:\/\/www.facebook.com\/webdotn\" \/>\n<meta property=\"article:published_time\" content=\"2023-01-20T12:01:00+00:00\" \/>\n<meta property=\"article:modified_time\" content=\"2025-05-20T22:59:07+00:00\" \/>\n<meta property=\"og:image\" content=\"https:\/\/www.webdo.tn\/fr\/wp-content\/uploads\/2023\/01\/4a1efc123771250238576aacca702ece.jpg\" \/>\n\t<meta property=\"og:image:width\" content=\"705\" \/>\n\t<meta property=\"og:image:height\" content=\"376\" \/>\n\t<meta property=\"og:image:type\" content=\"image\/jpeg\" \/>\n<meta name=\"author\" content=\"Ramzi\" \/>\n<meta name=\"twitter:card\" content=\"summary_large_image\" \/>\n<meta name=\"twitter:creator\" content=\"@webdo_tn\" \/>\n<meta name=\"twitter:site\" content=\"@webdo_tn\" \/>\n<meta name=\"twitter:label1\" content=\"\u00c9crit par\" \/>\n\t<meta name=\"twitter:data1\" content=\"Ramzi\" \/>\n\t<meta name=\"twitter:label2\" content=\"Dur\u00e9e de lecture estim\u00e9e\" \/>\n\t<meta name=\"twitter:data2\" content=\"1 minute\" \/>\n<script type=\"application\/ld+json\" class=\"yoast-schema-graph\">{\"@context\":\"https:\\\/\\\/schema.org\",\"@graph\":[{\"@type\":\"NewsArticle\",\"@id\":\"https:\\\/\\\/www.webdo.tn\\\/fr\\\/actualite\\\/sport\\\/ess-semaine-decisive-pour-la-levee-de-l-interdiction\\\/202076\\\/#article\",\"isPartOf\":{\"@id\":\"https:\\\/\\\/www.webdo.tn\\\/fr\\\/actualite\\\/sport\\\/ess-semaine-decisive-pour-la-levee-de-l-interdiction\\\/202076\\\/\"},\"author\":{\"name\":\"Ramzi\",\"@id\":\"https:\\\/\\\/www.webdo.tn\\\/fr\\\/#\\\/schema\\\/person\\\/590cb5f81adcfde6385530fdbdf468e2\"},\"headline\":\"ESS : Semaine d\u00e9cisive pour la lev\u00e9e de l\u2019interdiction\",\"datePublished\":\"2023-01-20T12:01:00+00:00\",\"dateModified\":\"2025-05-20T22:59:07+00:00\",\"mainEntityOfPage\":{\"@id\":\"https:\\\/\\\/www.webdo.tn\\\/fr\\\/actualite\\\/sport\\\/ess-semaine-decisive-pour-la-levee-de-l-interdiction\\\/202076\\\/\"},\"wordCount\":228,\"commentCount\":0,\"publisher\":{\"@id\":\"https:\\\/\\\/www.webdo.tn\\\/fr\\\/#organization\"},\"image\":{\"@id\":\"https:\\\/\\\/www.webdo.tn\\\/fr\\\/actualite\\\/sport\\\/ess-semaine-decisive-pour-la-levee-de-l-interdiction\\\/202076\\\/#primaryimage\"},\"thumbnailUrl\":\"https:\\\/\\\/www.webdo.tn\\\/fr\\\/wp-content\\\/uploads\\\/2023\\\/01\\\/4a1efc123771250238576aacca702ece.jpg\",\"keywords\":[\"ESS\",\"\u00e9toile du sahel\",\"interdiction de recruter\",\"supporters\"],\"articleSection\":[\"Sport\"],\"inLanguage\":\"fr-FR\"},{\"@type\":\"WebPage\",\"@id\":\"https:\\\/\\\/www.webdo.tn\\\/fr\\\/actualite\\\/sport\\\/ess-semaine-decisive-pour-la-levee-de-l-interdiction\\\/202076\\\/\",\"url\":\"https:\\\/\\\/www.webdo.tn\\\/fr\\\/actualite\\\/sport\\\/ess-semaine-decisive-pour-la-levee-de-l-interdiction\\\/202076\\\/\",\"name\":\"ESS : Semaine d\u00e9cisive pour la lev\u00e9e de l\u2019interdiction\",\"isPartOf\":{\"@id\":\"https:\\\/\\\/www.webdo.tn\\\/fr\\\/#website\"},\"primaryImageOfPage\":{\"@id\":\"https:\\\/\\\/www.webdo.tn\\\/fr\\\/actualite\\\/sport\\\/ess-semaine-decisive-pour-la-levee-de-l-interdiction\\\/202076\\\/#primaryimage\"},\"image\":{\"@id\":\"https:\\\/\\\/www.webdo.tn\\\/fr\\\/actualite\\\/sport\\\/ess-semaine-decisive-pour-la-levee-de-l-interdiction\\\/202076\\\/#primaryimage\"},\"thumbnailUrl\":\"https:\\\/\\\/www.webdo.tn\\\/fr\\\/wp-content\\\/uploads\\\/2023\\\/01\\\/4a1efc123771250238576aacca702ece.jpg\",\"datePublished\":\"2023-01-20T12:01:00+00:00\",\"dateModified\":\"2025-05-20T22:59:07+00:00\",\"description\":\"Dans un communiqu\u00e9 rendu public la page facebook du club, le Comit\u00e9 Directeur de l\u2019Etoile Sportive du Sahel a invit\u00e9 les supporteurs \u00e0 relever le d\u00e9fi de la lev...\",\"breadcrumb\":{\"@id\":\"https:\\\/\\\/www.webdo.tn\\\/fr\\\/actualite\\\/sport\\\/ess-semaine-decisive-pour-la-levee-de-l-interdiction\\\/202076\\\/#breadcrumb\"},\"inLanguage\":\"fr-FR\",\"potentialAction\":[{\"@type\":\"ReadAction\",\"target\":[\"https:\\\/\\\/www.webdo.tn\\\/fr\\\/actualite\\\/sport\\\/ess-semaine-decisive-pour-la-levee-de-l-interdiction\\\/202076\\\/\"]}]},{\"@type\":\"ImageObject\",\"inLanguage\":\"fr-FR\",\"@id\":\"https:\\\/\\\/www.webdo.tn\\\/fr\\\/actualite\\\/sport\\\/ess-semaine-decisive-pour-la-levee-de-l-interdiction\\\/202076\\\/#primaryimage\",\"url\":\"https:\\\/\\\/www.webdo.tn\\\/fr\\\/wp-content\\\/uploads\\\/2023\\\/01\\\/4a1efc123771250238576aacca702ece.jpg\",\"contentUrl\":\"https:\\\/\\\/www.webdo.tn\\\/fr\\\/wp-content\\\/uploads\\\/2023\\\/01\\\/4a1efc123771250238576aacca702ece.jpg\",\"width\":705,\"height\":376,\"caption\":\"ESS : Semaine d\u00e9cisive pour la lev\u00e9e de l\u2019interdiction\"},{\"@type\":\"BreadcrumbList\",\"@id\":\"https:\\\/\\\/www.webdo.tn\\\/fr\\\/actualite\\\/sport\\\/ess-semaine-decisive-pour-la-levee-de-l-interdiction\\\/202076\\\/#breadcrumb\",\"itemListElement\":[{\"@type\":\"ListItem\",\"position\":1,\"name\":\"Accueil\",\"item\":\"https:\\\/\\\/www.webdo.tn\\\/fr\\\/\"},{\"@type\":\"ListItem\",\"position\":2,\"name\":\"ESS : Semaine d\u00e9cisive pour la lev\u00e9e de l\u2019interdiction\"}]},{\"@type\":\"WebSite\",\"@id\":\"https:\\\/\\\/www.webdo.tn\\\/fr\\\/#website\",\"url\":\"https:\\\/\\\/www.webdo.tn\\\/fr\\\/\",\"name\":\"webdo\",\"description\":\"Tunisie - News en Tunisie et \u00e0 l&#039;international sur Webdo.tn\",\"publisher\":{\"@id\":\"https:\\\/\\\/www.webdo.tn\\\/fr\\\/#organization\"},\"potentialAction\":[{\"@type\":\"SearchAction\",\"target\":{\"@type\":\"EntryPoint\",\"urlTemplate\":\"https:\\\/\\\/www.webdo.tn\\\/fr\\\/?s={search_term_string}\"},\"query-input\":{\"@type\":\"PropertyValueSpecification\",\"valueRequired\":true,\"valueName\":\"search_term_string\"}}],\"inLanguage\":\"fr-FR\"},{\"@type\":\"Organization\",\"@id\":\"https:\\\/\\\/www.webdo.tn\\\/fr\\\/#organization\",\"name\":\"Webdo\",\"alternateName\":\"Webdo.tn\",\"url\":\"https:\\\/\\\/www.webdo.tn\\\/fr\\\/\",\"logo\":{\"@type\":\"ImageObject\",\"inLanguage\":\"fr-FR\",\"@id\":\"https:\\\/\\\/www.webdo.tn\\\/fr\\\/#\\\/schema\\\/logo\\\/image\\\/\",\"url\":\"https:\\\/\\\/www.webdo.tn\\\/fr\\\/wp-content\\\/uploads\\\/2025\\\/06\\\/Webdo-Tunisie_168377.jpg\",\"contentUrl\":\"https:\\\/\\\/www.webdo.tn\\\/fr\\\/wp-content\\\/uploads\\\/2025\\\/06\\\/Webdo-Tunisie_168377.jpg\",\"width\":301,\"height\":301,\"caption\":\"Webdo\"},\"image\":{\"@id\":\"https:\\\/\\\/www.webdo.tn\\\/fr\\\/#\\\/schema\\\/logo\\\/image\\\/\"},\"sameAs\":[\"https:\\\/\\\/www.facebook.com\\\/webdotn\",\"https:\\\/\\\/x.com\\\/webdo_tn\"],\"description\":\"Webdo est un m\u00e9dia num\u00e9rique tunisien fond\u00e9 en 2010, sp\u00e9cialis\u00e9 dans l\u2019actualit\u00e9 nationale et internationale, l\u2019\u00e9conomie, la soci\u00e9t\u00e9 et les analyses politiques. Le site s\u2019adresse \u00e0 un large public francophone et couvre l\u2019information tunisienne en temps r\u00e9el.\",\"email\":\"redac@webdo.tn\",\"legalName\":\"YNJ SARL\",\"foundingDate\":\"2010-09-06\",\"numberOfEmployees\":{\"@type\":\"QuantitativeValue\",\"minValue\":\"11\",\"maxValue\":\"50\"}},{\"@type\":\"Person\",\"@id\":\"https:\\\/\\\/www.webdo.tn\\\/fr\\\/#\\\/schema\\\/person\\\/590cb5f81adcfde6385530fdbdf468e2\",\"name\":\"Ramzi\",\"image\":{\"@type\":\"ImageObject\",\"inLanguage\":\"fr-FR\",\"@id\":\"https:\\\/\\\/secure.gravatar.com\\\/avatar\\\/48df7d18915e10cf866ba8e27604c81ff9243fd52704a1d210c3e387e1cb8d87?s=96&d=mm&r=g\",\"url\":\"https:\\\/\\\/secure.gravatar.com\\\/avatar\\\/48df7d18915e10cf866ba8e27604c81ff9243fd52704a1d210c3e387e1cb8d87?s=96&d=mm&r=g\",\"contentUrl\":\"https:\\\/\\\/secure.gravatar.com\\\/avatar\\\/48df7d18915e10cf866ba8e27604c81ff9243fd52704a1d210c3e387e1cb8d87?s=96&d=mm&r=g\",\"caption\":\"Ramzi\"},\"url\":\"https:\\\/\\\/www.webdo.tn\\\/fr\\\/actualite\\\/author\\\/ramzi\\\/\"}]}<\/script>\n<!-- \/ Yoast SEO Premium plugin. -->","yoast_head_json":{"title":"ESS : Semaine d\u00e9cisive pour la lev\u00e9e de l\u2019interdiction","description":"Dans un communiqu\u00e9 rendu public la page facebook du club, le Comit\u00e9 Directeur de l\u2019Etoile Sportive du Sahel a invit\u00e9 les supporteurs \u00e0 relever le d\u00e9fi de la lev...","canonical":"https:\/\/www.webdo.tn\/fr\/actualite\/sport\/ess-semaine-decisive-pour-la-levee-de-l-interdiction\/202076\/","og_locale":"fr_FR","og_type":"article","og_title":"ESS : Semaine d\u00e9cisive pour la lev\u00e9e de l\u2019interdiction","og_description":"Dans un communiqu\u00e9 rendu public la page facebook du club, le Comit\u00e9 Directeur de l\u2019Etoile Sportive du Sahel a invit\u00e9 les supporteurs \u00e0 relever le d\u00e9fi de la lev...","og_url":"https:\/\/www.webdo.tn\/fr\/actualite\/sport\/ess-semaine-decisive-pour-la-levee-de-l-interdiction\/202076\/","og_site_name":"webdo","article_publisher":"https:\/\/www.facebook.com\/webdotn","article_published_time":"2023-01-20T12:01:00+00:00","article_modified_time":"2025-05-20T22:59:07+00:00","og_image":[{"width":705,"height":376,"url":"https:\/\/www.webdo.tn\/fr\/wp-content\/uploads\/2023\/01\/4a1efc123771250238576aacca702ece.jpg","type":"image\/jpeg"}],"author":"Ramzi","twitter_card":"summary_large_image","twitter_creator":"@webdo_tn","twitter_site":"@webdo_tn","twitter_misc":{"\u00c9crit par":"Ramzi","Dur\u00e9e de lecture estim\u00e9e":"1 minute"},"schema":{"@context":"https:\/\/schema.org","@graph":[{"@type":"NewsArticle","@id":"https:\/\/www.webdo.tn\/fr\/actualite\/sport\/ess-semaine-decisive-pour-la-levee-de-l-interdiction\/202076\/#article","isPartOf":{"@id":"https:\/\/www.webdo.tn\/fr\/actualite\/sport\/ess-semaine-decisive-pour-la-levee-de-l-interdiction\/202076\/"},"author":{"name":"Ramzi","@id":"https:\/\/www.webdo.tn\/fr\/#\/schema\/person\/590cb5f81adcfde6385530fdbdf468e2"},"headline":"ESS : Semaine d\u00e9cisive pour la lev\u00e9e de l\u2019interdiction","datePublished":"2023-01-20T12:01:00+00:00","dateModified":"2025-05-20T22:59:07+00:00","mainEntityOfPage":{"@id":"https:\/\/www.webdo.tn\/fr\/actualite\/sport\/ess-semaine-decisive-pour-la-levee-de-l-interdiction\/202076\/"},"wordCount":228,"commentCount":0,"publisher":{"@id":"https:\/\/www.webdo.tn\/fr\/#organization"},"image":{"@id":"https:\/\/www.webdo.tn\/fr\/actualite\/sport\/ess-semaine-decisive-pour-la-levee-de-l-interdiction\/202076\/#primaryimage"},"thumbnailUrl":"https:\/\/www.webdo.tn\/fr\/wp-content\/uploads\/2023\/01\/4a1efc123771250238576aacca702ece.jpg","keywords":["ESS","\u00e9toile du sahel","interdiction de recruter","supporters"],"articleSection":["Sport"],"inLanguage":"fr-FR"},{"@type":"WebPage","@id":"https:\/\/www.webdo.tn\/fr\/actualite\/sport\/ess-semaine-decisive-pour-la-levee-de-l-interdiction\/202076\/","url":"https:\/\/www.webdo.tn\/fr\/actualite\/sport\/ess-semaine-decisive-pour-la-levee-de-l-interdiction\/202076\/","name":"ESS : Semaine d\u00e9cisive pour la lev\u00e9e de l\u2019interdiction","isPartOf":{"@id":"https:\/\/www.webdo.tn\/fr\/#website"},"primaryImageOfPage":{"@id":"https:\/\/www.webdo.tn\/fr\/actualite\/sport\/ess-semaine-decisive-pour-la-levee-de-l-interdiction\/202076\/#primaryimage"},"image":{"@id":"https:\/\/www.webdo.tn\/fr\/actualite\/sport\/ess-semaine-decisive-pour-la-levee-de-l-interdiction\/202076\/#primaryimage"},"thumbnailUrl":"https:\/\/www.webdo.tn\/fr\/wp-content\/uploads\/2023\/01\/4a1efc123771250238576aacca702ece.jpg","datePublished":"2023-01-20T12:01:00+00:00","dateModified":"2025-05-20T22:59:07+00:00","description":"Dans un communiqu\u00e9 rendu public la page facebook du club, le Comit\u00e9 Directeur de l\u2019Etoile Sportive du Sahel a invit\u00e9 les supporteurs \u00e0 relever le d\u00e9fi de la lev...","breadcrumb":{"@id":"https:\/\/www.webdo.tn\/fr\/actualite\/sport\/ess-semaine-decisive-pour-la-levee-de-l-interdiction\/202076\/#breadcrumb"},"inLanguage":"fr-FR","potentialAction":[{"@type":"ReadAction","target":["https:\/\/www.webdo.tn\/fr\/actualite\/sport\/ess-semaine-decisive-pour-la-levee-de-l-interdiction\/202076\/"]}]},{"@type":"ImageObject","inLanguage":"fr-FR","@id":"https:\/\/www.webdo.tn\/fr\/actualite\/sport\/ess-semaine-decisive-pour-la-levee-de-l-interdiction\/202076\/#primaryimage","url":"https:\/\/www.webdo.tn\/fr\/wp-content\/uploads\/2023\/01\/4a1efc123771250238576aacca702ece.jpg","contentUrl":"https:\/\/www.webdo.tn\/fr\/wp-content\/uploads\/2023\/01\/4a1efc123771250238576aacca702ece.jpg","width":705,"height":376,"caption":"ESS : Semaine d\u00e9cisive pour la lev\u00e9e de l\u2019interdiction"},{"@type":"BreadcrumbList","@id":"https:\/\/www.webdo.tn\/fr\/actualite\/sport\/ess-semaine-decisive-pour-la-levee-de-l-interdiction\/202076\/#breadcrumb","itemListElement":[{"@type":"ListItem","position":1,"name":"Accueil","item":"https:\/\/www.webdo.tn\/fr\/"},{"@type":"ListItem","position":2,"name":"ESS : Semaine d\u00e9cisive pour la lev\u00e9e de l\u2019interdiction"}]},{"@type":"WebSite","@id":"https:\/\/www.webdo.tn\/fr\/#website","url":"https:\/\/www.webdo.tn\/fr\/","name":"webdo","description":"Tunisie - News en Tunisie et \u00e0 l&#039;international sur Webdo.tn","publisher":{"@id":"https:\/\/www.webdo.tn\/fr\/#organization"},"potentialAction":[{"@type":"SearchAction","target":{"@type":"EntryPoint","urlTemplate":"https:\/\/www.webdo.tn\/fr\/?s={search_term_string}"},"query-input":{"@type":"PropertyValueSpecification","valueRequired":true,"valueName":"search_term_string"}}],"inLanguage":"fr-FR"},{"@type":"Organization","@id":"https:\/\/www.webdo.tn\/fr\/#organization","name":"Webdo","alternateName":"Webdo.tn","url":"https:\/\/www.webdo.tn\/fr\/","logo":{"@type":"ImageObject","inLanguage":"fr-FR","@id":"https:\/\/www.webdo.tn\/fr\/#\/schema\/logo\/image\/","url":"https:\/\/www.webdo.tn\/fr\/wp-content\/uploads\/2025\/06\/Webdo-Tunisie_168377.jpg","contentUrl":"https:\/\/www.webdo.tn\/fr\/wp-content\/uploads\/2025\/06\/Webdo-Tunisie_168377.jpg","width":301,"height":301,"caption":"Webdo"},"image":{"@id":"https:\/\/www.webdo.tn\/fr\/#\/schema\/logo\/image\/"},"sameAs":["https:\/\/www.facebook.com\/webdotn","https:\/\/x.com\/webdo_tn"],"description":"Webdo est un m\u00e9dia num\u00e9rique tunisien fond\u00e9 en 2010, sp\u00e9cialis\u00e9 dans l\u2019actualit\u00e9 nationale et internationale, l\u2019\u00e9conomie, la soci\u00e9t\u00e9 et les analyses politiques. Le site s\u2019adresse \u00e0 un large public francophone et couvre l\u2019information tunisienne en temps r\u00e9el.","email":"redac@webdo.tn","legalName":"YNJ SARL","foundingDate":"2010-09-06","numberOfEmployees":{"@type":"QuantitativeValue","minValue":"11","maxValue":"50"}},{"@type":"Person","@id":"https:\/\/www.webdo.tn\/fr\/#\/schema\/person\/590cb5f81adcfde6385530fdbdf468e2","name":"Ramzi","image":{"@type":"ImageObject","inLanguage":"fr-FR","@id":"https:\/\/secure.gravatar.com\/avatar\/48df7d18915e10cf866ba8e27604c81ff9243fd52704a1d210c3e387e1cb8d87?s=96&d=mm&r=g","url":"https:\/\/secure.gravatar.com\/avatar\/48df7d18915e10cf866ba8e27604c81ff9243fd52704a1d210c3e387e1cb8d87?s=96&d=mm&r=g","contentUrl":"https:\/\/secure.gravatar.com\/avatar\/48df7d18915e10cf866ba8e27604c81ff9243fd52704a1d210c3e387e1cb8d87?s=96&d=mm&r=g","caption":"Ramzi"},"url":"https:\/\/www.webdo.tn\/fr\/actualite\/author\/ramzi\/"}]}},"_links":{"self":[{"href":"https:\/\/www.webdo.tn\/fr\/wp-json\/wp\/v2\/posts\/202076","targetHints":{"allow":["GET"]}}],"collection":[{"href":"https:\/\/www.webdo.tn\/fr\/wp-json\/wp\/v2\/posts"}],"about":[{"href":"https:\/\/www.webdo.tn\/fr\/wp-json\/wp\/v2\/types\/post"}],"author":[{"embeddable":true,"href":"https:\/\/www.webdo.tn\/fr\/wp-json\/wp\/v2\/users\/3188"}],"replies":[{"embeddable":true,"href":"https:\/\/www.webdo.tn\/fr\/wp-json\/wp\/v2\/comments?post=202076"}],"version-history":[{"count":0,"href":"https:\/\/www.webdo.tn\/fr\/wp-json\/wp\/v2\/posts\/202076\/revisions"}],"wp:featuredmedia":[{"embeddable":true,"href":"https:\/\/www.webdo.tn\/fr\/wp-json\/wp\/v2\/media\/277587"}],"wp:attachment":[{"href":"https:\/\/www.webdo.tn\/fr\/wp-json\/wp\/v2\/media?parent=202076"}],"wp:term":[{"taxonomy":"category","embeddable":true,"href":"https:\/\/www.webdo.tn\/fr\/wp-json\/wp\/v2\/categories?post=202076"},{"taxonomy":"post_tag","embeddable":true,"href":"https:\/\/www.webdo.tn\/fr\/wp-json\/wp\/v2\/tags?post=202076"}],"curies":[{"name":"wp","href":"https:\/\/api.w.org\/{rel}","templated":true}]}}