{"id":202067,"date":"2023-01-20T08:33:00","date_gmt":"2023-01-20T08:33:00","guid":{"rendered":"https:\/\/www.webdo.tn\/fr\/actualite\/blog\/a-sfax-l-eglise-grecque-retrouve-des-couleurs\/202067\/"},"modified":"2025-05-22T11:37:47","modified_gmt":"2025-05-22T11:37:47","slug":"a-sfax-l-eglise-grecque-retrouve-des-couleurs","status":"publish","type":"post","link":"https:\/\/www.webdo.tn\/fr\/actualite\/chroniques\/a-sfax-l-eglise-grecque-retrouve-des-couleurs\/202067\/","title":{"rendered":"A Sfax, l&rsquo;\u00e9glise grecque retrouve des couleurs"},"content":{"rendered":"<p>Elle s&rsquo;\u00e9tait presque effondr\u00e9e et mena\u00e7ait ruine. L&rsquo;\u00e9glise grecque-orthodoxe de Sfax a heureusement pu \u00eatre sauv\u00e9e gr\u00e2ce \u00e0 une intervention aussi \u00e9nergique que louable.<\/p>\n<p> D\u00e9sormais remise en \u00e9tat, gr\u00e2ce aux efforts de la communaut\u00e9 grecque et de l&rsquo;archev\u00each\u00e9 de Carthag\u00e8ne, cette \u00e9glise retrouvera-elle prochainement son faste et ses ic\u00f4nes ?<\/p>\n<p>Ce serait une bonne nouvelle pour la ville de Sfax o\u00f9 se trouve cette \u00e9glise, t\u00e9moin de la diversit\u00e9 de la capitale du sud.<\/p>\n<p>Notons que cette \u00e9glise orthodoxe-grecque, dite des trois Hi\u00e9rarques accueillait de nombres fid\u00e8les de cette confession. En effet, une importante communaut\u00e9 grecque vivait dans la r\u00e9gion et pratiquait la p\u00eache, surtout celle du poulpe.<\/p>\n<p>Construite en 1892, cette \u00e9glise\u00a0 est rest\u00e9e longtemps ferm\u00e9e et a subi les injures du temps jusqu&rsquo;\u00e0 sa restauration.<\/p>\n<p>Enfin, le m\u00e9tropolite M\u00e9l\u00e9tios a annonc\u00e9 une prochaine c\u00e9r\u00e9monie rituelle qui devrait avoir lieu en cette \u00e9glise sfaxienne, le 30 janvier 2023, jour de la comm\u00e9moration des trois Hi\u00e9rarques.<\/p>\n","protected":false},"excerpt":{"rendered":"<p>Elle s&rsquo;\u00e9tait presque effondr\u00e9e et mena\u00e7ait ruine. L&rsquo;\u00e9glise grecque-orthodoxe de Sfax a heureusement pu \u00eatre sauv\u00e9e gr\u00e2ce \u00e0 une intervention aussi \u00e9nergique que&#8230;<\/p>\n","protected":false},"author":3229,"featured_media":348264,"comment_status":"open","ping_status":"closed","sticky":false,"template":"","format":"standard","meta":{"footnotes":""},"categories":[2596],"tags":[4759,2675],"class_list":["post-202067","post","type-post","status-publish","format-standard","has-post-thumbnail","hentry","category-chroniques","tag-eglise","tag-sfax"],"yoast_head":"<!-- This site is optimized with the Yoast SEO Premium plugin v27.5 (Yoast SEO v27.5) - https:\/\/yoast.com\/product\/yoast-seo-premium-wordpress\/ -->\n<title>A Sfax, l&#039;\u00e9glise grecque retrouve des couleurs<\/title>\n<meta name=\"description\" content=\"Elle s&#039;\u00e9tait presque effondr\u00e9e et mena\u00e7ait ruine. L&#039;\u00e9glise grecque-orthodoxe de Sfax a heureusement pu \u00eatre sauv\u00e9e gr\u00e2ce \u00e0 une intervention aussi \u00e9nergique que...\" \/>\n<link rel=\"canonical\" href=\"https:\/\/www.webdo.tn\/fr\/actualite\/chroniques\/a-sfax-l-eglise-grecque-retrouve-des-couleurs\/202067\/\" \/>\n<meta property=\"og:locale\" content=\"fr_FR\" \/>\n<meta property=\"og:type\" content=\"article\" \/>\n<meta property=\"og:title\" content=\"A Sfax, l&#039;\u00e9glise grecque retrouve des couleurs\" \/>\n<meta property=\"og:description\" content=\"Elle s&#039;\u00e9tait presque effondr\u00e9e et mena\u00e7ait ruine. L&#039;\u00e9glise grecque-orthodoxe de Sfax a heureusement pu \u00eatre sauv\u00e9e gr\u00e2ce \u00e0 une intervention aussi \u00e9nergique que...\" \/>\n<meta property=\"og:url\" content=\"https:\/\/www.webdo.tn\/fr\/actualite\/chroniques\/a-sfax-l-eglise-grecque-retrouve-des-couleurs\/202067\/\" \/>\n<meta property=\"og:site_name\" content=\"webdo\" \/>\n<meta property=\"article:publisher\" content=\"https:\/\/www.facebook.com\/webdotn\" \/>\n<meta property=\"article:author\" content=\"https:\/\/www.facebook.com\/hatem.bourial.2025\" \/>\n<meta property=\"article:published_time\" content=\"2023-01-20T08:33:00+00:00\" \/>\n<meta property=\"article:modified_time\" content=\"2025-05-22T11:37:47+00:00\" \/>\n<meta property=\"og:image\" content=\"https:\/\/www.webdo.tn\/fr\/wp-content\/uploads\/2023\/01\/834c43e2c5af5ba3f492f68c82197ad2.jpg\" \/>\n\t<meta property=\"og:image:width\" content=\"720\" \/>\n\t<meta property=\"og:image:height\" content=\"384\" \/>\n\t<meta property=\"og:image:type\" content=\"image\/jpeg\" \/>\n<meta name=\"author\" content=\"Hatem Bourial\" \/>\n<meta name=\"twitter:card\" content=\"summary_large_image\" \/>\n<meta name=\"twitter:creator\" content=\"@webdo_tn\" \/>\n<meta name=\"twitter:site\" content=\"@webdo_tn\" \/>\n<meta name=\"twitter:label1\" content=\"\u00c9crit par\" \/>\n\t<meta name=\"twitter:data1\" content=\"Hatem Bourial\" \/>\n\t<meta name=\"twitter:label2\" content=\"Dur\u00e9e de lecture estim\u00e9e\" \/>\n\t<meta name=\"twitter:data2\" content=\"1 minute\" \/>\n<script type=\"application\/ld+json\" class=\"yoast-schema-graph\">{\"@context\":\"https:\\\/\\\/schema.org\",\"@graph\":[{\"@type\":\"NewsArticle\",\"@id\":\"https:\\\/\\\/www.webdo.tn\\\/fr\\\/actualite\\\/chroniques\\\/a-sfax-l-eglise-grecque-retrouve-des-couleurs\\\/202067\\\/#article\",\"isPartOf\":{\"@id\":\"https:\\\/\\\/www.webdo.tn\\\/fr\\\/actualite\\\/chroniques\\\/a-sfax-l-eglise-grecque-retrouve-des-couleurs\\\/202067\\\/\"},\"author\":{\"name\":\"Hatem Bourial\",\"@id\":\"https:\\\/\\\/www.webdo.tn\\\/fr\\\/#\\\/schema\\\/person\\\/6bc0beba2cd23aec27cb5df85ca2554f\"},\"headline\":\"A Sfax, l&rsquo;\u00e9glise grecque retrouve des couleurs\",\"datePublished\":\"2023-01-20T08:33:00+00:00\",\"dateModified\":\"2025-05-22T11:37:47+00:00\",\"mainEntityOfPage\":{\"@id\":\"https:\\\/\\\/www.webdo.tn\\\/fr\\\/actualite\\\/chroniques\\\/a-sfax-l-eglise-grecque-retrouve-des-couleurs\\\/202067\\\/\"},\"wordCount\":185,\"commentCount\":0,\"publisher\":{\"@id\":\"https:\\\/\\\/www.webdo.tn\\\/fr\\\/#organization\"},\"image\":{\"@id\":\"https:\\\/\\\/www.webdo.tn\\\/fr\\\/actualite\\\/chroniques\\\/a-sfax-l-eglise-grecque-retrouve-des-couleurs\\\/202067\\\/#primaryimage\"},\"thumbnailUrl\":\"https:\\\/\\\/www.webdo.tn\\\/fr\\\/wp-content\\\/uploads\\\/2023\\\/01\\\/834c43e2c5af5ba3f492f68c82197ad2.jpg\",\"keywords\":[\"\u00e9glise\",\"Sfax\"],\"articleSection\":[\"Chroniques\"],\"inLanguage\":\"fr-FR\"},{\"@type\":\"WebPage\",\"@id\":\"https:\\\/\\\/www.webdo.tn\\\/fr\\\/actualite\\\/chroniques\\\/a-sfax-l-eglise-grecque-retrouve-des-couleurs\\\/202067\\\/\",\"url\":\"https:\\\/\\\/www.webdo.tn\\\/fr\\\/actualite\\\/chroniques\\\/a-sfax-l-eglise-grecque-retrouve-des-couleurs\\\/202067\\\/\",\"name\":\"A Sfax, l'\u00e9glise grecque retrouve des couleurs\",\"isPartOf\":{\"@id\":\"https:\\\/\\\/www.webdo.tn\\\/fr\\\/#website\"},\"primaryImageOfPage\":{\"@id\":\"https:\\\/\\\/www.webdo.tn\\\/fr\\\/actualite\\\/chroniques\\\/a-sfax-l-eglise-grecque-retrouve-des-couleurs\\\/202067\\\/#primaryimage\"},\"image\":{\"@id\":\"https:\\\/\\\/www.webdo.tn\\\/fr\\\/actualite\\\/chroniques\\\/a-sfax-l-eglise-grecque-retrouve-des-couleurs\\\/202067\\\/#primaryimage\"},\"thumbnailUrl\":\"https:\\\/\\\/www.webdo.tn\\\/fr\\\/wp-content\\\/uploads\\\/2023\\\/01\\\/834c43e2c5af5ba3f492f68c82197ad2.jpg\",\"datePublished\":\"2023-01-20T08:33:00+00:00\",\"dateModified\":\"2025-05-22T11:37:47+00:00\",\"description\":\"Elle s'\u00e9tait presque effondr\u00e9e et mena\u00e7ait ruine. L'\u00e9glise grecque-orthodoxe de Sfax a heureusement pu \u00eatre sauv\u00e9e gr\u00e2ce \u00e0 une intervention aussi \u00e9nergique que...\",\"breadcrumb\":{\"@id\":\"https:\\\/\\\/www.webdo.tn\\\/fr\\\/actualite\\\/chroniques\\\/a-sfax-l-eglise-grecque-retrouve-des-couleurs\\\/202067\\\/#breadcrumb\"},\"inLanguage\":\"fr-FR\",\"potentialAction\":[{\"@type\":\"ReadAction\",\"target\":[\"https:\\\/\\\/www.webdo.tn\\\/fr\\\/actualite\\\/chroniques\\\/a-sfax-l-eglise-grecque-retrouve-des-couleurs\\\/202067\\\/\"]}]},{\"@type\":\"ImageObject\",\"inLanguage\":\"fr-FR\",\"@id\":\"https:\\\/\\\/www.webdo.tn\\\/fr\\\/actualite\\\/chroniques\\\/a-sfax-l-eglise-grecque-retrouve-des-couleurs\\\/202067\\\/#primaryimage\",\"url\":\"https:\\\/\\\/www.webdo.tn\\\/fr\\\/wp-content\\\/uploads\\\/2023\\\/01\\\/834c43e2c5af5ba3f492f68c82197ad2.jpg\",\"contentUrl\":\"https:\\\/\\\/www.webdo.tn\\\/fr\\\/wp-content\\\/uploads\\\/2023\\\/01\\\/834c43e2c5af5ba3f492f68c82197ad2.jpg\",\"width\":720,\"height\":384,\"caption\":\"A Sfax, l'\u00e9glise grecque retrouve des couleurs\"},{\"@type\":\"BreadcrumbList\",\"@id\":\"https:\\\/\\\/www.webdo.tn\\\/fr\\\/actualite\\\/chroniques\\\/a-sfax-l-eglise-grecque-retrouve-des-couleurs\\\/202067\\\/#breadcrumb\",\"itemListElement\":[{\"@type\":\"ListItem\",\"position\":1,\"name\":\"Accueil\",\"item\":\"https:\\\/\\\/www.webdo.tn\\\/fr\\\/\"},{\"@type\":\"ListItem\",\"position\":2,\"name\":\"A Sfax, l&#8217;\u00e9glise grecque retrouve des couleurs\"}]},{\"@type\":\"WebSite\",\"@id\":\"https:\\\/\\\/www.webdo.tn\\\/fr\\\/#website\",\"url\":\"https:\\\/\\\/www.webdo.tn\\\/fr\\\/\",\"name\":\"webdo\",\"description\":\"Tunisie - News en Tunisie et \u00e0 l&#039;international sur Webdo.tn\",\"publisher\":{\"@id\":\"https:\\\/\\\/www.webdo.tn\\\/fr\\\/#organization\"},\"potentialAction\":[{\"@type\":\"SearchAction\",\"target\":{\"@type\":\"EntryPoint\",\"urlTemplate\":\"https:\\\/\\\/www.webdo.tn\\\/fr\\\/?s={search_term_string}\"},\"query-input\":{\"@type\":\"PropertyValueSpecification\",\"valueRequired\":true,\"valueName\":\"search_term_string\"}}],\"inLanguage\":\"fr-FR\"},{\"@type\":\"Organization\",\"@id\":\"https:\\\/\\\/www.webdo.tn\\\/fr\\\/#organization\",\"name\":\"Webdo\",\"alternateName\":\"Webdo.tn\",\"url\":\"https:\\\/\\\/www.webdo.tn\\\/fr\\\/\",\"logo\":{\"@type\":\"ImageObject\",\"inLanguage\":\"fr-FR\",\"@id\":\"https:\\\/\\\/www.webdo.tn\\\/fr\\\/#\\\/schema\\\/logo\\\/image\\\/\",\"url\":\"https:\\\/\\\/www.webdo.tn\\\/fr\\\/wp-content\\\/uploads\\\/2025\\\/06\\\/Webdo-Tunisie_168377.jpg\",\"contentUrl\":\"https:\\\/\\\/www.webdo.tn\\\/fr\\\/wp-content\\\/uploads\\\/2025\\\/06\\\/Webdo-Tunisie_168377.jpg\",\"width\":301,\"height\":301,\"caption\":\"Webdo\"},\"image\":{\"@id\":\"https:\\\/\\\/www.webdo.tn\\\/fr\\\/#\\\/schema\\\/logo\\\/image\\\/\"},\"sameAs\":[\"https:\\\/\\\/www.facebook.com\\\/webdotn\",\"https:\\\/\\\/x.com\\\/webdo_tn\"],\"description\":\"Webdo est un m\u00e9dia num\u00e9rique tunisien fond\u00e9 en 2010, sp\u00e9cialis\u00e9 dans l\u2019actualit\u00e9 nationale et internationale, l\u2019\u00e9conomie, la soci\u00e9t\u00e9 et les analyses politiques. Le site s\u2019adresse \u00e0 un large public francophone et couvre l\u2019information tunisienne en temps r\u00e9el.\",\"email\":\"redac@webdo.tn\",\"legalName\":\"YNJ SARL\",\"foundingDate\":\"2010-09-06\",\"numberOfEmployees\":{\"@type\":\"QuantitativeValue\",\"minValue\":\"11\",\"maxValue\":\"50\"}},{\"@type\":\"Person\",\"@id\":\"https:\\\/\\\/www.webdo.tn\\\/fr\\\/#\\\/schema\\\/person\\\/6bc0beba2cd23aec27cb5df85ca2554f\",\"name\":\"Hatem Bourial\",\"image\":{\"@type\":\"ImageObject\",\"inLanguage\":\"fr-FR\",\"@id\":\"https:\\\/\\\/www.webdo.tn\\\/fr\\\/wp-content\\\/uploads\\\/2026\\\/04\\\/hatem-bourial_avatar-96x96.jpg\",\"url\":\"https:\\\/\\\/www.webdo.tn\\\/fr\\\/wp-content\\\/uploads\\\/2026\\\/04\\\/hatem-bourial_avatar-96x96.jpg\",\"contentUrl\":\"https:\\\/\\\/www.webdo.tn\\\/fr\\\/wp-content\\\/uploads\\\/2026\\\/04\\\/hatem-bourial_avatar-96x96.jpg\",\"caption\":\"Hatem Bourial\"},\"description\":\"Hatem Bourial est journaliste, \u00e9crivain et chroniqueur tunisien. Actif depuis plusieurs d\u00e9cennies, il s\u2019est impos\u00e9 comme un observateur attentif de la soci\u00e9t\u00e9 tunisienne, m\u00ealant dans ses \u00e9crits m\u00e9moire, culture et analyse du quotidien. Auteur de nombreux ouvrages, il d\u00e9veloppe une \u0153uvre \u00e0 la crois\u00e9e du r\u00e9cit, de la po\u00e9sie et de l\u2019observation sociologique. Parall\u00e8lement \u00e0 ses contributions dans la presse, il intervient r\u00e9guli\u00e8rement \u00e0 la radio et dans des espaces culturels, o\u00f9 il explore les enjeux li\u00e9s au patrimoine, \u00e0 l\u2019identit\u00e9 et aux transformations du monde contemporain. \u00c0 travers ses chroniques, Hatem Bourial propose une lecture sensible et approfondie de l\u2019actualit\u00e9, nourrie par une exp\u00e9rience journalistique et litt\u00e9raire reconnue. \ud83d\udd17 Facebook : https:\\\/\\\/www.facebook.com\\\/hatem.bourial.2025\",\"sameAs\":[\"https:\\\/\\\/www.facebook.com\\\/hatem.bourial.2025\",\"https:\\\/\\\/fr.wikipedia.org\\\/wiki\\\/Fichier:Hatem_Bourial.jpg\"],\"knowsAbout\":[\"Culture & patrimoine tunisien\",\"Chronique soci\u00e9tale\",\"Litt\u00e9rature & m\u00e9moire\",\"Cin\u00e9ma & critique culturelle\",\"Identit\u00e9 & mutations sociales\"],\"knowsLanguage\":[\"Arabe\",\"Fran\u00e7ais\",\"Anglais\",\"Italien\",\"Polonais\"],\"jobTitle\":\"Journaliste, \u00e9crivain et chroniqueur culturel\",\"worksFor\":\"Webdo\",\"url\":\"https:\\\/\\\/www.webdo.tn\\\/fr\\\/actualite\\\/author\\\/hatem-bourial-2\\\/\"}]}<\/script>\n<!-- \/ Yoast SEO Premium plugin. -->","yoast_head_json":{"title":"A Sfax, l'\u00e9glise grecque retrouve des couleurs","description":"Elle s'\u00e9tait presque effondr\u00e9e et mena\u00e7ait ruine. L'\u00e9glise grecque-orthodoxe de Sfax a heureusement pu \u00eatre sauv\u00e9e gr\u00e2ce \u00e0 une intervention aussi \u00e9nergique que...","canonical":"https:\/\/www.webdo.tn\/fr\/actualite\/chroniques\/a-sfax-l-eglise-grecque-retrouve-des-couleurs\/202067\/","og_locale":"fr_FR","og_type":"article","og_title":"A Sfax, l'\u00e9glise grecque retrouve des couleurs","og_description":"Elle s'\u00e9tait presque effondr\u00e9e et mena\u00e7ait ruine. L'\u00e9glise grecque-orthodoxe de Sfax a heureusement pu \u00eatre sauv\u00e9e gr\u00e2ce \u00e0 une intervention aussi \u00e9nergique que...","og_url":"https:\/\/www.webdo.tn\/fr\/actualite\/chroniques\/a-sfax-l-eglise-grecque-retrouve-des-couleurs\/202067\/","og_site_name":"webdo","article_publisher":"https:\/\/www.facebook.com\/webdotn","article_author":"https:\/\/www.facebook.com\/hatem.bourial.2025","article_published_time":"2023-01-20T08:33:00+00:00","article_modified_time":"2025-05-22T11:37:47+00:00","og_image":[{"width":720,"height":384,"url":"https:\/\/www.webdo.tn\/fr\/wp-content\/uploads\/2023\/01\/834c43e2c5af5ba3f492f68c82197ad2.jpg","type":"image\/jpeg"}],"author":"Hatem Bourial","twitter_card":"summary_large_image","twitter_creator":"@webdo_tn","twitter_site":"@webdo_tn","twitter_misc":{"\u00c9crit par":"Hatem Bourial","Dur\u00e9e de lecture estim\u00e9e":"1 minute"},"schema":{"@context":"https:\/\/schema.org","@graph":[{"@type":"NewsArticle","@id":"https:\/\/www.webdo.tn\/fr\/actualite\/chroniques\/a-sfax-l-eglise-grecque-retrouve-des-couleurs\/202067\/#article","isPartOf":{"@id":"https:\/\/www.webdo.tn\/fr\/actualite\/chroniques\/a-sfax-l-eglise-grecque-retrouve-des-couleurs\/202067\/"},"author":{"name":"Hatem Bourial","@id":"https:\/\/www.webdo.tn\/fr\/#\/schema\/person\/6bc0beba2cd23aec27cb5df85ca2554f"},"headline":"A Sfax, l&rsquo;\u00e9glise grecque retrouve des couleurs","datePublished":"2023-01-20T08:33:00+00:00","dateModified":"2025-05-22T11:37:47+00:00","mainEntityOfPage":{"@id":"https:\/\/www.webdo.tn\/fr\/actualite\/chroniques\/a-sfax-l-eglise-grecque-retrouve-des-couleurs\/202067\/"},"wordCount":185,"commentCount":0,"publisher":{"@id":"https:\/\/www.webdo.tn\/fr\/#organization"},"image":{"@id":"https:\/\/www.webdo.tn\/fr\/actualite\/chroniques\/a-sfax-l-eglise-grecque-retrouve-des-couleurs\/202067\/#primaryimage"},"thumbnailUrl":"https:\/\/www.webdo.tn\/fr\/wp-content\/uploads\/2023\/01\/834c43e2c5af5ba3f492f68c82197ad2.jpg","keywords":["\u00e9glise","Sfax"],"articleSection":["Chroniques"],"inLanguage":"fr-FR"},{"@type":"WebPage","@id":"https:\/\/www.webdo.tn\/fr\/actualite\/chroniques\/a-sfax-l-eglise-grecque-retrouve-des-couleurs\/202067\/","url":"https:\/\/www.webdo.tn\/fr\/actualite\/chroniques\/a-sfax-l-eglise-grecque-retrouve-des-couleurs\/202067\/","name":"A Sfax, l'\u00e9glise grecque retrouve des couleurs","isPartOf":{"@id":"https:\/\/www.webdo.tn\/fr\/#website"},"primaryImageOfPage":{"@id":"https:\/\/www.webdo.tn\/fr\/actualite\/chroniques\/a-sfax-l-eglise-grecque-retrouve-des-couleurs\/202067\/#primaryimage"},"image":{"@id":"https:\/\/www.webdo.tn\/fr\/actualite\/chroniques\/a-sfax-l-eglise-grecque-retrouve-des-couleurs\/202067\/#primaryimage"},"thumbnailUrl":"https:\/\/www.webdo.tn\/fr\/wp-content\/uploads\/2023\/01\/834c43e2c5af5ba3f492f68c82197ad2.jpg","datePublished":"2023-01-20T08:33:00+00:00","dateModified":"2025-05-22T11:37:47+00:00","description":"Elle s'\u00e9tait presque effondr\u00e9e et mena\u00e7ait ruine. L'\u00e9glise grecque-orthodoxe de Sfax a heureusement pu \u00eatre sauv\u00e9e gr\u00e2ce \u00e0 une intervention aussi \u00e9nergique que...","breadcrumb":{"@id":"https:\/\/www.webdo.tn\/fr\/actualite\/chroniques\/a-sfax-l-eglise-grecque-retrouve-des-couleurs\/202067\/#breadcrumb"},"inLanguage":"fr-FR","potentialAction":[{"@type":"ReadAction","target":["https:\/\/www.webdo.tn\/fr\/actualite\/chroniques\/a-sfax-l-eglise-grecque-retrouve-des-couleurs\/202067\/"]}]},{"@type":"ImageObject","inLanguage":"fr-FR","@id":"https:\/\/www.webdo.tn\/fr\/actualite\/chroniques\/a-sfax-l-eglise-grecque-retrouve-des-couleurs\/202067\/#primaryimage","url":"https:\/\/www.webdo.tn\/fr\/wp-content\/uploads\/2023\/01\/834c43e2c5af5ba3f492f68c82197ad2.jpg","contentUrl":"https:\/\/www.webdo.tn\/fr\/wp-content\/uploads\/2023\/01\/834c43e2c5af5ba3f492f68c82197ad2.jpg","width":720,"height":384,"caption":"A Sfax, l'\u00e9glise grecque retrouve des couleurs"},{"@type":"BreadcrumbList","@id":"https:\/\/www.webdo.tn\/fr\/actualite\/chroniques\/a-sfax-l-eglise-grecque-retrouve-des-couleurs\/202067\/#breadcrumb","itemListElement":[{"@type":"ListItem","position":1,"name":"Accueil","item":"https:\/\/www.webdo.tn\/fr\/"},{"@type":"ListItem","position":2,"name":"A Sfax, l&#8217;\u00e9glise grecque retrouve des couleurs"}]},{"@type":"WebSite","@id":"https:\/\/www.webdo.tn\/fr\/#website","url":"https:\/\/www.webdo.tn\/fr\/","name":"webdo","description":"Tunisie - News en Tunisie et \u00e0 l&#039;international sur Webdo.tn","publisher":{"@id":"https:\/\/www.webdo.tn\/fr\/#organization"},"potentialAction":[{"@type":"SearchAction","target":{"@type":"EntryPoint","urlTemplate":"https:\/\/www.webdo.tn\/fr\/?s={search_term_string}"},"query-input":{"@type":"PropertyValueSpecification","valueRequired":true,"valueName":"search_term_string"}}],"inLanguage":"fr-FR"},{"@type":"Organization","@id":"https:\/\/www.webdo.tn\/fr\/#organization","name":"Webdo","alternateName":"Webdo.tn","url":"https:\/\/www.webdo.tn\/fr\/","logo":{"@type":"ImageObject","inLanguage":"fr-FR","@id":"https:\/\/www.webdo.tn\/fr\/#\/schema\/logo\/image\/","url":"https:\/\/www.webdo.tn\/fr\/wp-content\/uploads\/2025\/06\/Webdo-Tunisie_168377.jpg","contentUrl":"https:\/\/www.webdo.tn\/fr\/wp-content\/uploads\/2025\/06\/Webdo-Tunisie_168377.jpg","width":301,"height":301,"caption":"Webdo"},"image":{"@id":"https:\/\/www.webdo.tn\/fr\/#\/schema\/logo\/image\/"},"sameAs":["https:\/\/www.facebook.com\/webdotn","https:\/\/x.com\/webdo_tn"],"description":"Webdo est un m\u00e9dia num\u00e9rique tunisien fond\u00e9 en 2010, sp\u00e9cialis\u00e9 dans l\u2019actualit\u00e9 nationale et internationale, l\u2019\u00e9conomie, la soci\u00e9t\u00e9 et les analyses politiques. Le site s\u2019adresse \u00e0 un large public francophone et couvre l\u2019information tunisienne en temps r\u00e9el.","email":"redac@webdo.tn","legalName":"YNJ SARL","foundingDate":"2010-09-06","numberOfEmployees":{"@type":"QuantitativeValue","minValue":"11","maxValue":"50"}},{"@type":"Person","@id":"https:\/\/www.webdo.tn\/fr\/#\/schema\/person\/6bc0beba2cd23aec27cb5df85ca2554f","name":"Hatem Bourial","image":{"@type":"ImageObject","inLanguage":"fr-FR","@id":"https:\/\/www.webdo.tn\/fr\/wp-content\/uploads\/2026\/04\/hatem-bourial_avatar-96x96.jpg","url":"https:\/\/www.webdo.tn\/fr\/wp-content\/uploads\/2026\/04\/hatem-bourial_avatar-96x96.jpg","contentUrl":"https:\/\/www.webdo.tn\/fr\/wp-content\/uploads\/2026\/04\/hatem-bourial_avatar-96x96.jpg","caption":"Hatem Bourial"},"description":"Hatem Bourial est journaliste, \u00e9crivain et chroniqueur tunisien. Actif depuis plusieurs d\u00e9cennies, il s\u2019est impos\u00e9 comme un observateur attentif de la soci\u00e9t\u00e9 tunisienne, m\u00ealant dans ses \u00e9crits m\u00e9moire, culture et analyse du quotidien. Auteur de nombreux ouvrages, il d\u00e9veloppe une \u0153uvre \u00e0 la crois\u00e9e du r\u00e9cit, de la po\u00e9sie et de l\u2019observation sociologique. Parall\u00e8lement \u00e0 ses contributions dans la presse, il intervient r\u00e9guli\u00e8rement \u00e0 la radio et dans des espaces culturels, o\u00f9 il explore les enjeux li\u00e9s au patrimoine, \u00e0 l\u2019identit\u00e9 et aux transformations du monde contemporain. \u00c0 travers ses chroniques, Hatem Bourial propose une lecture sensible et approfondie de l\u2019actualit\u00e9, nourrie par une exp\u00e9rience journalistique et litt\u00e9raire reconnue. \ud83d\udd17 Facebook : https:\/\/www.facebook.com\/hatem.bourial.2025","sameAs":["https:\/\/www.facebook.com\/hatem.bourial.2025","https:\/\/fr.wikipedia.org\/wiki\/Fichier:Hatem_Bourial.jpg"],"knowsAbout":["Culture & patrimoine tunisien","Chronique soci\u00e9tale","Litt\u00e9rature & m\u00e9moire","Cin\u00e9ma & critique culturelle","Identit\u00e9 & mutations sociales"],"knowsLanguage":["Arabe","Fran\u00e7ais","Anglais","Italien","Polonais"],"jobTitle":"Journaliste, \u00e9crivain et chroniqueur culturel","worksFor":"Webdo","url":"https:\/\/www.webdo.tn\/fr\/actualite\/author\/hatem-bourial-2\/"}]}},"_links":{"self":[{"href":"https:\/\/www.webdo.tn\/fr\/wp-json\/wp\/v2\/posts\/202067","targetHints":{"allow":["GET"]}}],"collection":[{"href":"https:\/\/www.webdo.tn\/fr\/wp-json\/wp\/v2\/posts"}],"about":[{"href":"https:\/\/www.webdo.tn\/fr\/wp-json\/wp\/v2\/types\/post"}],"author":[{"embeddable":true,"href":"https:\/\/www.webdo.tn\/fr\/wp-json\/wp\/v2\/users\/3229"}],"replies":[{"embeddable":true,"href":"https:\/\/www.webdo.tn\/fr\/wp-json\/wp\/v2\/comments?post=202067"}],"version-history":[{"count":0,"href":"https:\/\/www.webdo.tn\/fr\/wp-json\/wp\/v2\/posts\/202067\/revisions"}],"wp:featuredmedia":[{"embeddable":true,"href":"https:\/\/www.webdo.tn\/fr\/wp-json\/wp\/v2\/media\/348264"}],"wp:attachment":[{"href":"https:\/\/www.webdo.tn\/fr\/wp-json\/wp\/v2\/media?parent=202067"}],"wp:term":[{"taxonomy":"category","embeddable":true,"href":"https:\/\/www.webdo.tn\/fr\/wp-json\/wp\/v2\/categories?post=202067"},{"taxonomy":"post_tag","embeddable":true,"href":"https:\/\/www.webdo.tn\/fr\/wp-json\/wp\/v2\/tags?post=202067"}],"curies":[{"name":"wp","href":"https:\/\/api.w.org\/{rel}","templated":true}]}}