{"id":202036,"date":"2023-01-19T09:30:00","date_gmt":"2023-01-19T09:30:00","guid":{"rendered":"https:\/\/www.webdo.tn\/fr\/blog\/ligue-1-8eme-journee-reaction-attendue-du-ca\/202036\/"},"modified":"2025-05-20T22:06:58","modified_gmt":"2025-05-20T22:06:58","slug":"ligue-1-8eme-journee-reaction-attendue-du-ca","status":"publish","type":"post","link":"https:\/\/www.webdo.tn\/fr\/actualite\/sport\/ligue-1-8eme-journee-reaction-attendue-du-ca\/202036\/","title":{"rendered":"Ligue 1 &#8211; 8\u00e8me journ\u00e9e : R\u00e9action attendue du CA ?!"},"content":{"rendered":"<p>Apr\u00e8s la Poule A, place \u00e0 la Poule B avec la 1\u00e8re journ\u00e9e Retour de la premi\u00e8re phase du Championnat.<\/p>\n<p>\t\t\t\t\t\t\t\t\tDans cette poule B, c\u2019est l\u2019US Monastirienne qui domine les d\u00e9bats. Leader avec 16 points, l\u2019USMo peut se targuer d\u2019avoir aussi la meilleure d\u00e9fense du Championnat avec seulement deux buts encaiss\u00e9s (en compagnie de l\u2019USBG).<\/p>\n<p>Les Us\u00e9mistes, oppos\u00e9s \u00e0 l\u2019Olympique de B\u00e9ja, auront la possibilit\u00e9 de creuser l\u2019\u00e9cart, mais l\u2019OB n\u2019est pas le dernier venu et occupe une m\u00e9ritoire troisi\u00e8me place au classement.<\/p>\n<p>L\u2019US Ben Guerdane, dauphin de l\u2019USMo, a montr\u00e9 beaucoup de solidit\u00e9 \u00e0 l\u2019Aller. Malgr\u00e9 ses deux d\u00e9faites, elle a tout de m\u00eame sign\u00e9 cinq victoires. Aujourd\u2019hui, elle aura un s\u00e9rieux examen \u00e0 passer face \u00e0 l\u2019O. Sidi Bouzid en d\u00e9placement.<\/p>\n<p>Un adversaire, qui a montr\u00e9 beaucoup de f\u00e9brilit\u00e9 lors de ses derni\u00e8res sorties, mais qui reste difficile \u00e0 manier dans son antre.<\/p>\n<p>Le Club Africain, dont la phase Aller se r\u00e9sume \u00e0 deux victoires, deux nuls et trois d\u00e9faites, est sous pression. L\u2019\u00e9quipe ne carbure pas et a d\u00e9j\u00e0 g\u00e2ch\u00e9 beaucoup de points. En accueillant l\u2019ES M\u00e9tlaoui, les Clubistes auront la possibilit\u00e9 de monter d\u2019un cran dans le classement.<\/p>\n<p>PROGRAMME (aujourd&rsquo;hui \u00e0 14h00)<\/p>\n<p>POULE B<br \/>\nASS-ASR<br \/>\nUSMo-OB<br \/>\nOSB-USBG<br \/>\nCA-ESM<\/p>\n","protected":false},"excerpt":{"rendered":"<p>Apr\u00e8s la Poule A, place \u00e0 la Poule B avec la 1\u00e8re journ\u00e9e Retour de la premi\u00e8re phase du Championnat.<\/p>\n","protected":false},"author":3162,"featured_media":277592,"comment_status":"open","ping_status":"closed","sticky":false,"template":"","format":"standard","meta":{"footnotes":""},"categories":[2593],"tags":[2622,2777],"class_list":["post-202036","post","type-post","status-publish","format-standard","has-post-thumbnail","hentry","category-sport","tag-football","tag-ligue-1"],"yoast_head":"<!-- This site is optimized with the Yoast SEO Premium plugin v27.5 (Yoast SEO v27.5) - https:\/\/yoast.com\/product\/yoast-seo-premium-wordpress\/ -->\n<title>Ligue 1 - 8\u00e8me journ\u00e9e : R\u00e9action attendue du CA ?!<\/title>\n<meta name=\"description\" content=\"Apr\u00e8s la Poule A, place \u00e0 la Poule B avec la 1\u00e8re journ\u00e9e Retour de la premi\u00e8re phase du Championnat.\" \/>\n<link rel=\"canonical\" href=\"https:\/\/www.webdo.tn\/fr\/actualite\/sport\/ligue-1-8eme-journee-reaction-attendue-du-ca\/202036\/\" \/>\n<meta property=\"og:locale\" content=\"fr_FR\" \/>\n<meta property=\"og:type\" content=\"article\" \/>\n<meta property=\"og:title\" content=\"Ligue 1 - 8\u00e8me journ\u00e9e : R\u00e9action attendue du CA ?!\" \/>\n<meta property=\"og:description\" content=\"Apr\u00e8s la Poule A, place \u00e0 la Poule B avec la 1\u00e8re journ\u00e9e Retour de la premi\u00e8re phase du Championnat.\" \/>\n<meta property=\"og:url\" content=\"https:\/\/www.webdo.tn\/fr\/actualite\/sport\/ligue-1-8eme-journee-reaction-attendue-du-ca\/202036\/\" \/>\n<meta property=\"og:site_name\" content=\"webdo\" \/>\n<meta property=\"article:publisher\" content=\"https:\/\/www.facebook.com\/webdotn\" \/>\n<meta property=\"article:published_time\" content=\"2023-01-19T09:30:00+00:00\" \/>\n<meta property=\"article:modified_time\" content=\"2025-05-20T22:06:58+00:00\" \/>\n<meta property=\"og:image\" content=\"https:\/\/www.webdo.tn\/fr\/wp-content\/uploads\/2023\/01\/2b34040a6097aad91d37262a7c14e2d2.jpg\" \/>\n\t<meta property=\"og:image:width\" content=\"659\" \/>\n\t<meta property=\"og:image:height\" content=\"351\" \/>\n\t<meta property=\"og:image:type\" content=\"image\/jpeg\" \/>\n<meta name=\"author\" content=\"MC\" \/>\n<meta name=\"twitter:card\" content=\"summary_large_image\" \/>\n<meta name=\"twitter:creator\" content=\"@webdo_tn\" \/>\n<meta name=\"twitter:site\" content=\"@webdo_tn\" \/>\n<meta name=\"twitter:label1\" content=\"\u00c9crit par\" \/>\n\t<meta name=\"twitter:data1\" content=\"MC\" \/>\n\t<meta name=\"twitter:label2\" content=\"Dur\u00e9e de lecture estim\u00e9e\" \/>\n\t<meta name=\"twitter:data2\" content=\"1 minute\" \/>\n<script type=\"application\/ld+json\" class=\"yoast-schema-graph\">{\"@context\":\"https:\\\/\\\/schema.org\",\"@graph\":[{\"@type\":\"NewsArticle\",\"@id\":\"https:\\\/\\\/www.webdo.tn\\\/fr\\\/actualite\\\/sport\\\/ligue-1-8eme-journee-reaction-attendue-du-ca\\\/202036\\\/#article\",\"isPartOf\":{\"@id\":\"https:\\\/\\\/www.webdo.tn\\\/fr\\\/actualite\\\/sport\\\/ligue-1-8eme-journee-reaction-attendue-du-ca\\\/202036\\\/\"},\"author\":{\"name\":\"MC\",\"@id\":\"https:\\\/\\\/www.webdo.tn\\\/fr\\\/#\\\/schema\\\/person\\\/2c4929cbf5a809e3bd38617c6ce150f6\"},\"headline\":\"Ligue 1 &#8211; 8\u00e8me journ\u00e9e : R\u00e9action attendue du CA ?!\",\"datePublished\":\"2023-01-19T09:30:00+00:00\",\"dateModified\":\"2025-05-20T22:06:58+00:00\",\"mainEntityOfPage\":{\"@id\":\"https:\\\/\\\/www.webdo.tn\\\/fr\\\/actualite\\\/sport\\\/ligue-1-8eme-journee-reaction-attendue-du-ca\\\/202036\\\/\"},\"wordCount\":243,\"commentCount\":0,\"publisher\":{\"@id\":\"https:\\\/\\\/www.webdo.tn\\\/fr\\\/#organization\"},\"image\":{\"@id\":\"https:\\\/\\\/www.webdo.tn\\\/fr\\\/actualite\\\/sport\\\/ligue-1-8eme-journee-reaction-attendue-du-ca\\\/202036\\\/#primaryimage\"},\"thumbnailUrl\":\"https:\\\/\\\/www.webdo.tn\\\/fr\\\/wp-content\\\/uploads\\\/2023\\\/01\\\/2b34040a6097aad91d37262a7c14e2d2.jpg\",\"keywords\":[\"football\",\"Ligue 1\"],\"articleSection\":[\"Sport\"],\"inLanguage\":\"fr-FR\"},{\"@type\":\"WebPage\",\"@id\":\"https:\\\/\\\/www.webdo.tn\\\/fr\\\/actualite\\\/sport\\\/ligue-1-8eme-journee-reaction-attendue-du-ca\\\/202036\\\/\",\"url\":\"https:\\\/\\\/www.webdo.tn\\\/fr\\\/actualite\\\/sport\\\/ligue-1-8eme-journee-reaction-attendue-du-ca\\\/202036\\\/\",\"name\":\"Ligue 1 - 8\u00e8me journ\u00e9e : R\u00e9action attendue du CA ?!\",\"isPartOf\":{\"@id\":\"https:\\\/\\\/www.webdo.tn\\\/fr\\\/#website\"},\"primaryImageOfPage\":{\"@id\":\"https:\\\/\\\/www.webdo.tn\\\/fr\\\/actualite\\\/sport\\\/ligue-1-8eme-journee-reaction-attendue-du-ca\\\/202036\\\/#primaryimage\"},\"image\":{\"@id\":\"https:\\\/\\\/www.webdo.tn\\\/fr\\\/actualite\\\/sport\\\/ligue-1-8eme-journee-reaction-attendue-du-ca\\\/202036\\\/#primaryimage\"},\"thumbnailUrl\":\"https:\\\/\\\/www.webdo.tn\\\/fr\\\/wp-content\\\/uploads\\\/2023\\\/01\\\/2b34040a6097aad91d37262a7c14e2d2.jpg\",\"datePublished\":\"2023-01-19T09:30:00+00:00\",\"dateModified\":\"2025-05-20T22:06:58+00:00\",\"description\":\"Apr\u00e8s la Poule A, place \u00e0 la Poule B avec la 1\u00e8re journ\u00e9e Retour de la premi\u00e8re phase du Championnat.\",\"breadcrumb\":{\"@id\":\"https:\\\/\\\/www.webdo.tn\\\/fr\\\/actualite\\\/sport\\\/ligue-1-8eme-journee-reaction-attendue-du-ca\\\/202036\\\/#breadcrumb\"},\"inLanguage\":\"fr-FR\",\"potentialAction\":[{\"@type\":\"ReadAction\",\"target\":[\"https:\\\/\\\/www.webdo.tn\\\/fr\\\/actualite\\\/sport\\\/ligue-1-8eme-journee-reaction-attendue-du-ca\\\/202036\\\/\"]}]},{\"@type\":\"ImageObject\",\"inLanguage\":\"fr-FR\",\"@id\":\"https:\\\/\\\/www.webdo.tn\\\/fr\\\/actualite\\\/sport\\\/ligue-1-8eme-journee-reaction-attendue-du-ca\\\/202036\\\/#primaryimage\",\"url\":\"https:\\\/\\\/www.webdo.tn\\\/fr\\\/wp-content\\\/uploads\\\/2023\\\/01\\\/2b34040a6097aad91d37262a7c14e2d2.jpg\",\"contentUrl\":\"https:\\\/\\\/www.webdo.tn\\\/fr\\\/wp-content\\\/uploads\\\/2023\\\/01\\\/2b34040a6097aad91d37262a7c14e2d2.jpg\",\"width\":659,\"height\":351,\"caption\":\"Ligue 1 - 8\u00e8me journ\u00e9e : R\u00e9action attendue du CA ?!\"},{\"@type\":\"BreadcrumbList\",\"@id\":\"https:\\\/\\\/www.webdo.tn\\\/fr\\\/actualite\\\/sport\\\/ligue-1-8eme-journee-reaction-attendue-du-ca\\\/202036\\\/#breadcrumb\",\"itemListElement\":[{\"@type\":\"ListItem\",\"position\":1,\"name\":\"Accueil\",\"item\":\"https:\\\/\\\/www.webdo.tn\\\/fr\\\/\"},{\"@type\":\"ListItem\",\"position\":2,\"name\":\"Ligue 1 &#8211; 8\u00e8me journ\u00e9e : R\u00e9action attendue du CA ?!\"}]},{\"@type\":\"WebSite\",\"@id\":\"https:\\\/\\\/www.webdo.tn\\\/fr\\\/#website\",\"url\":\"https:\\\/\\\/www.webdo.tn\\\/fr\\\/\",\"name\":\"webdo\",\"description\":\"Tunisie - News en Tunisie et \u00e0 l&#039;international sur Webdo.tn\",\"publisher\":{\"@id\":\"https:\\\/\\\/www.webdo.tn\\\/fr\\\/#organization\"},\"potentialAction\":[{\"@type\":\"SearchAction\",\"target\":{\"@type\":\"EntryPoint\",\"urlTemplate\":\"https:\\\/\\\/www.webdo.tn\\\/fr\\\/?s={search_term_string}\"},\"query-input\":{\"@type\":\"PropertyValueSpecification\",\"valueRequired\":true,\"valueName\":\"search_term_string\"}}],\"inLanguage\":\"fr-FR\"},{\"@type\":\"Organization\",\"@id\":\"https:\\\/\\\/www.webdo.tn\\\/fr\\\/#organization\",\"name\":\"Webdo\",\"alternateName\":\"Webdo.tn\",\"url\":\"https:\\\/\\\/www.webdo.tn\\\/fr\\\/\",\"logo\":{\"@type\":\"ImageObject\",\"inLanguage\":\"fr-FR\",\"@id\":\"https:\\\/\\\/www.webdo.tn\\\/fr\\\/#\\\/schema\\\/logo\\\/image\\\/\",\"url\":\"https:\\\/\\\/www.webdo.tn\\\/fr\\\/wp-content\\\/uploads\\\/2025\\\/06\\\/Webdo-Tunisie_168377.jpg\",\"contentUrl\":\"https:\\\/\\\/www.webdo.tn\\\/fr\\\/wp-content\\\/uploads\\\/2025\\\/06\\\/Webdo-Tunisie_168377.jpg\",\"width\":301,\"height\":301,\"caption\":\"Webdo\"},\"image\":{\"@id\":\"https:\\\/\\\/www.webdo.tn\\\/fr\\\/#\\\/schema\\\/logo\\\/image\\\/\"},\"sameAs\":[\"https:\\\/\\\/www.facebook.com\\\/webdotn\",\"https:\\\/\\\/x.com\\\/webdo_tn\"],\"description\":\"Webdo est un m\u00e9dia num\u00e9rique tunisien fond\u00e9 en 2010, sp\u00e9cialis\u00e9 dans l\u2019actualit\u00e9 nationale et internationale, l\u2019\u00e9conomie, la soci\u00e9t\u00e9 et les analyses politiques. Le site s\u2019adresse \u00e0 un large public francophone et couvre l\u2019information tunisienne en temps r\u00e9el.\",\"email\":\"redac@webdo.tn\",\"legalName\":\"YNJ SARL\",\"foundingDate\":\"2010-09-06\",\"numberOfEmployees\":{\"@type\":\"QuantitativeValue\",\"minValue\":\"11\",\"maxValue\":\"50\"}},{\"@type\":\"Person\",\"@id\":\"https:\\\/\\\/www.webdo.tn\\\/fr\\\/#\\\/schema\\\/person\\\/2c4929cbf5a809e3bd38617c6ce150f6\",\"name\":\"MC\",\"image\":{\"@type\":\"ImageObject\",\"inLanguage\":\"fr-FR\",\"@id\":\"https:\\\/\\\/secure.gravatar.com\\\/avatar\\\/a545bbb6f84efdd5553dbbc2895e3ca8f1d12c5215e00a041c9670b54aa9b18a?s=96&d=mm&r=g\",\"url\":\"https:\\\/\\\/secure.gravatar.com\\\/avatar\\\/a545bbb6f84efdd5553dbbc2895e3ca8f1d12c5215e00a041c9670b54aa9b18a?s=96&d=mm&r=g\",\"contentUrl\":\"https:\\\/\\\/secure.gravatar.com\\\/avatar\\\/a545bbb6f84efdd5553dbbc2895e3ca8f1d12c5215e00a041c9670b54aa9b18a?s=96&d=mm&r=g\",\"caption\":\"MC\"},\"url\":\"https:\\\/\\\/www.webdo.tn\\\/fr\\\/actualite\\\/author\\\/mc\\\/\"}]}<\/script>\n<!-- \/ Yoast SEO Premium plugin. -->","yoast_head_json":{"title":"Ligue 1 - 8\u00e8me journ\u00e9e : R\u00e9action attendue du CA ?!","description":"Apr\u00e8s la Poule A, place \u00e0 la Poule B avec la 1\u00e8re journ\u00e9e Retour de la premi\u00e8re phase du Championnat.","canonical":"https:\/\/www.webdo.tn\/fr\/actualite\/sport\/ligue-1-8eme-journee-reaction-attendue-du-ca\/202036\/","og_locale":"fr_FR","og_type":"article","og_title":"Ligue 1 - 8\u00e8me journ\u00e9e : R\u00e9action attendue du CA ?!","og_description":"Apr\u00e8s la Poule A, place \u00e0 la Poule B avec la 1\u00e8re journ\u00e9e Retour de la premi\u00e8re phase du Championnat.","og_url":"https:\/\/www.webdo.tn\/fr\/actualite\/sport\/ligue-1-8eme-journee-reaction-attendue-du-ca\/202036\/","og_site_name":"webdo","article_publisher":"https:\/\/www.facebook.com\/webdotn","article_published_time":"2023-01-19T09:30:00+00:00","article_modified_time":"2025-05-20T22:06:58+00:00","og_image":[{"width":659,"height":351,"url":"https:\/\/www.webdo.tn\/fr\/wp-content\/uploads\/2023\/01\/2b34040a6097aad91d37262a7c14e2d2.jpg","type":"image\/jpeg"}],"author":"MC","twitter_card":"summary_large_image","twitter_creator":"@webdo_tn","twitter_site":"@webdo_tn","twitter_misc":{"\u00c9crit par":"MC","Dur\u00e9e de lecture estim\u00e9e":"1 minute"},"schema":{"@context":"https:\/\/schema.org","@graph":[{"@type":"NewsArticle","@id":"https:\/\/www.webdo.tn\/fr\/actualite\/sport\/ligue-1-8eme-journee-reaction-attendue-du-ca\/202036\/#article","isPartOf":{"@id":"https:\/\/www.webdo.tn\/fr\/actualite\/sport\/ligue-1-8eme-journee-reaction-attendue-du-ca\/202036\/"},"author":{"name":"MC","@id":"https:\/\/www.webdo.tn\/fr\/#\/schema\/person\/2c4929cbf5a809e3bd38617c6ce150f6"},"headline":"Ligue 1 &#8211; 8\u00e8me journ\u00e9e : R\u00e9action attendue du CA ?!","datePublished":"2023-01-19T09:30:00+00:00","dateModified":"2025-05-20T22:06:58+00:00","mainEntityOfPage":{"@id":"https:\/\/www.webdo.tn\/fr\/actualite\/sport\/ligue-1-8eme-journee-reaction-attendue-du-ca\/202036\/"},"wordCount":243,"commentCount":0,"publisher":{"@id":"https:\/\/www.webdo.tn\/fr\/#organization"},"image":{"@id":"https:\/\/www.webdo.tn\/fr\/actualite\/sport\/ligue-1-8eme-journee-reaction-attendue-du-ca\/202036\/#primaryimage"},"thumbnailUrl":"https:\/\/www.webdo.tn\/fr\/wp-content\/uploads\/2023\/01\/2b34040a6097aad91d37262a7c14e2d2.jpg","keywords":["football","Ligue 1"],"articleSection":["Sport"],"inLanguage":"fr-FR"},{"@type":"WebPage","@id":"https:\/\/www.webdo.tn\/fr\/actualite\/sport\/ligue-1-8eme-journee-reaction-attendue-du-ca\/202036\/","url":"https:\/\/www.webdo.tn\/fr\/actualite\/sport\/ligue-1-8eme-journee-reaction-attendue-du-ca\/202036\/","name":"Ligue 1 - 8\u00e8me journ\u00e9e : R\u00e9action attendue du CA ?!","isPartOf":{"@id":"https:\/\/www.webdo.tn\/fr\/#website"},"primaryImageOfPage":{"@id":"https:\/\/www.webdo.tn\/fr\/actualite\/sport\/ligue-1-8eme-journee-reaction-attendue-du-ca\/202036\/#primaryimage"},"image":{"@id":"https:\/\/www.webdo.tn\/fr\/actualite\/sport\/ligue-1-8eme-journee-reaction-attendue-du-ca\/202036\/#primaryimage"},"thumbnailUrl":"https:\/\/www.webdo.tn\/fr\/wp-content\/uploads\/2023\/01\/2b34040a6097aad91d37262a7c14e2d2.jpg","datePublished":"2023-01-19T09:30:00+00:00","dateModified":"2025-05-20T22:06:58+00:00","description":"Apr\u00e8s la Poule A, place \u00e0 la Poule B avec la 1\u00e8re journ\u00e9e Retour de la premi\u00e8re phase du Championnat.","breadcrumb":{"@id":"https:\/\/www.webdo.tn\/fr\/actualite\/sport\/ligue-1-8eme-journee-reaction-attendue-du-ca\/202036\/#breadcrumb"},"inLanguage":"fr-FR","potentialAction":[{"@type":"ReadAction","target":["https:\/\/www.webdo.tn\/fr\/actualite\/sport\/ligue-1-8eme-journee-reaction-attendue-du-ca\/202036\/"]}]},{"@type":"ImageObject","inLanguage":"fr-FR","@id":"https:\/\/www.webdo.tn\/fr\/actualite\/sport\/ligue-1-8eme-journee-reaction-attendue-du-ca\/202036\/#primaryimage","url":"https:\/\/www.webdo.tn\/fr\/wp-content\/uploads\/2023\/01\/2b34040a6097aad91d37262a7c14e2d2.jpg","contentUrl":"https:\/\/www.webdo.tn\/fr\/wp-content\/uploads\/2023\/01\/2b34040a6097aad91d37262a7c14e2d2.jpg","width":659,"height":351,"caption":"Ligue 1 - 8\u00e8me journ\u00e9e : R\u00e9action attendue du CA ?!"},{"@type":"BreadcrumbList","@id":"https:\/\/www.webdo.tn\/fr\/actualite\/sport\/ligue-1-8eme-journee-reaction-attendue-du-ca\/202036\/#breadcrumb","itemListElement":[{"@type":"ListItem","position":1,"name":"Accueil","item":"https:\/\/www.webdo.tn\/fr\/"},{"@type":"ListItem","position":2,"name":"Ligue 1 &#8211; 8\u00e8me journ\u00e9e : R\u00e9action attendue du CA ?!"}]},{"@type":"WebSite","@id":"https:\/\/www.webdo.tn\/fr\/#website","url":"https:\/\/www.webdo.tn\/fr\/","name":"webdo","description":"Tunisie - News en Tunisie et \u00e0 l&#039;international sur Webdo.tn","publisher":{"@id":"https:\/\/www.webdo.tn\/fr\/#organization"},"potentialAction":[{"@type":"SearchAction","target":{"@type":"EntryPoint","urlTemplate":"https:\/\/www.webdo.tn\/fr\/?s={search_term_string}"},"query-input":{"@type":"PropertyValueSpecification","valueRequired":true,"valueName":"search_term_string"}}],"inLanguage":"fr-FR"},{"@type":"Organization","@id":"https:\/\/www.webdo.tn\/fr\/#organization","name":"Webdo","alternateName":"Webdo.tn","url":"https:\/\/www.webdo.tn\/fr\/","logo":{"@type":"ImageObject","inLanguage":"fr-FR","@id":"https:\/\/www.webdo.tn\/fr\/#\/schema\/logo\/image\/","url":"https:\/\/www.webdo.tn\/fr\/wp-content\/uploads\/2025\/06\/Webdo-Tunisie_168377.jpg","contentUrl":"https:\/\/www.webdo.tn\/fr\/wp-content\/uploads\/2025\/06\/Webdo-Tunisie_168377.jpg","width":301,"height":301,"caption":"Webdo"},"image":{"@id":"https:\/\/www.webdo.tn\/fr\/#\/schema\/logo\/image\/"},"sameAs":["https:\/\/www.facebook.com\/webdotn","https:\/\/x.com\/webdo_tn"],"description":"Webdo est un m\u00e9dia num\u00e9rique tunisien fond\u00e9 en 2010, sp\u00e9cialis\u00e9 dans l\u2019actualit\u00e9 nationale et internationale, l\u2019\u00e9conomie, la soci\u00e9t\u00e9 et les analyses politiques. Le site s\u2019adresse \u00e0 un large public francophone et couvre l\u2019information tunisienne en temps r\u00e9el.","email":"redac@webdo.tn","legalName":"YNJ SARL","foundingDate":"2010-09-06","numberOfEmployees":{"@type":"QuantitativeValue","minValue":"11","maxValue":"50"}},{"@type":"Person","@id":"https:\/\/www.webdo.tn\/fr\/#\/schema\/person\/2c4929cbf5a809e3bd38617c6ce150f6","name":"MC","image":{"@type":"ImageObject","inLanguage":"fr-FR","@id":"https:\/\/secure.gravatar.com\/avatar\/a545bbb6f84efdd5553dbbc2895e3ca8f1d12c5215e00a041c9670b54aa9b18a?s=96&d=mm&r=g","url":"https:\/\/secure.gravatar.com\/avatar\/a545bbb6f84efdd5553dbbc2895e3ca8f1d12c5215e00a041c9670b54aa9b18a?s=96&d=mm&r=g","contentUrl":"https:\/\/secure.gravatar.com\/avatar\/a545bbb6f84efdd5553dbbc2895e3ca8f1d12c5215e00a041c9670b54aa9b18a?s=96&d=mm&r=g","caption":"MC"},"url":"https:\/\/www.webdo.tn\/fr\/actualite\/author\/mc\/"}]}},"_links":{"self":[{"href":"https:\/\/www.webdo.tn\/fr\/wp-json\/wp\/v2\/posts\/202036","targetHints":{"allow":["GET"]}}],"collection":[{"href":"https:\/\/www.webdo.tn\/fr\/wp-json\/wp\/v2\/posts"}],"about":[{"href":"https:\/\/www.webdo.tn\/fr\/wp-json\/wp\/v2\/types\/post"}],"author":[{"embeddable":true,"href":"https:\/\/www.webdo.tn\/fr\/wp-json\/wp\/v2\/users\/3162"}],"replies":[{"embeddable":true,"href":"https:\/\/www.webdo.tn\/fr\/wp-json\/wp\/v2\/comments?post=202036"}],"version-history":[{"count":0,"href":"https:\/\/www.webdo.tn\/fr\/wp-json\/wp\/v2\/posts\/202036\/revisions"}],"wp:featuredmedia":[{"embeddable":true,"href":"https:\/\/www.webdo.tn\/fr\/wp-json\/wp\/v2\/media\/277592"}],"wp:attachment":[{"href":"https:\/\/www.webdo.tn\/fr\/wp-json\/wp\/v2\/media?parent=202036"}],"wp:term":[{"taxonomy":"category","embeddable":true,"href":"https:\/\/www.webdo.tn\/fr\/wp-json\/wp\/v2\/categories?post=202036"},{"taxonomy":"post_tag","embeddable":true,"href":"https:\/\/www.webdo.tn\/fr\/wp-json\/wp\/v2\/tags?post=202036"}],"curies":[{"name":"wp","href":"https:\/\/api.w.org\/{rel}","templated":true}]}}