{"id":202029,"date":"2023-01-19T07:45:00","date_gmt":"2023-01-19T07:45:00","guid":{"rendered":"https:\/\/www.webdo.tn\/fr\/blog\/pct-mrabet-souligne-l-imperatif-d-accroitre-le-rythme-d-approvisionnement-en-medicaments\/202029\/"},"modified":"2025-05-20T22:48:44","modified_gmt":"2025-05-20T22:48:44","slug":"pct-mrabet-souligne-l-imperatif-d-accroitre-le-rythme-d-approvisionnement-en-medicaments","status":"publish","type":"post","link":"https:\/\/www.webdo.tn\/fr\/actualite\/national\/pct-mrabet-souligne-l-imperatif-d-accroitre-le-rythme-d-approvisionnement-en-medicaments\/202029\/","title":{"rendered":"PCT : Mrabet souligne l&rsquo;imp\u00e9ratif d&rsquo;accroitre le rythme d&rsquo;approvisionnement en m\u00e9dicaments"},"content":{"rendered":"<p>Le ministre de la sant\u00e9, Ali Mrabet a soulign\u00e9 mercredi lors de sa visite \u00e0 la pharmacie centrale de Tunisie (PCT), l&rsquo;imp\u00e9ratif d&rsquo;accroitre le rythme d&rsquo;approvisionnement et d&rsquo;assurer une r\u00e9serve strat\u00e9gique de m\u00e9dicaments.<\/p>\n<p>\t\t\t\t\t\t\t\t\tMrabet a pris connaissance, lors de sa visite, de l&rsquo;application du programme annuel d&rsquo;approvisionnement en m\u00e9dicaments et en mat\u00e9riel m\u00e9dical. Il a mis en relief \u00e0 ce propos le r\u00f4le important assur\u00e9 par les cadres et agents de la PCT pour pr\u00e9server le syst\u00e8me national de m\u00e9dicaments.\u00a0<\/p>\n<p>Le ministre a \u00e9galement salu\u00e9 le niveau de partenariat entre la pharmacie centrale et les laboratoires de m\u00e9dicaments pour garantir l&rsquo;approvisionnement en m\u00e9dicaments, indique un communiqu\u00e9 du minist\u00e8re de la sant\u00e9.<\/p>\n","protected":false},"excerpt":{"rendered":"<p>Le ministre de la sant\u00e9, Ali Mrabet a soulign\u00e9 mercredi lors de sa visite \u00e0 la pharmacie centrale de Tunisie (PCT), l&rsquo;imp\u00e9ratif d&rsquo;accroitre le rythme d&rsquo;approvis&#8230;<\/p>\n","protected":false},"author":3175,"featured_media":277583,"comment_status":"open","ping_status":"closed","sticky":false,"template":"","format":"standard","meta":{"footnotes":""},"categories":[44],"tags":[3479,3480,2608],"class_list":["post-202029","post","type-post","status-publish","format-standard","has-post-thumbnail","hentry","category-national","tag-medicaments","tag-pct","tag-tunisie"],"yoast_head":"<!-- This site is optimized with the Yoast SEO Premium plugin v27.4 (Yoast SEO v27.5) - https:\/\/yoast.com\/product\/yoast-seo-premium-wordpress\/ -->\n<title>PCT : Mrabet souligne l&#039;imp\u00e9ratif d&#039;accroitre le rythme d&#039;approvisionnement en m\u00e9dicaments<\/title>\n<meta name=\"description\" content=\"Le ministre de la sant\u00e9, Ali Mrabet a soulign\u00e9 mercredi lors de sa visite \u00e0 la pharmacie centrale de Tunisie (PCT), l&#039;imp\u00e9ratif d&#039;accroitre le rythme d&#039;approvis...\" \/>\n<link rel=\"canonical\" href=\"https:\/\/www.webdo.tn\/fr\/actualite\/national\/pct-mrabet-souligne-l-imperatif-d-accroitre-le-rythme-d-approvisionnement-en-medicaments\/202029\/\" \/>\n<meta property=\"og:locale\" content=\"fr_FR\" \/>\n<meta property=\"og:type\" content=\"article\" \/>\n<meta property=\"og:title\" content=\"PCT : Mrabet souligne l&#039;imp\u00e9ratif d&#039;accroitre le rythme d&#039;approvisionnement en m\u00e9dicaments\" \/>\n<meta property=\"og:description\" content=\"Le ministre de la sant\u00e9, Ali Mrabet a soulign\u00e9 mercredi lors de sa visite \u00e0 la pharmacie centrale de Tunisie (PCT), l&#039;imp\u00e9ratif d&#039;accroitre le rythme d&#039;approvis...\" \/>\n<meta property=\"og:url\" content=\"https:\/\/www.webdo.tn\/fr\/actualite\/national\/pct-mrabet-souligne-l-imperatif-d-accroitre-le-rythme-d-approvisionnement-en-medicaments\/202029\/\" \/>\n<meta property=\"og:site_name\" content=\"webdo\" \/>\n<meta property=\"article:publisher\" content=\"https:\/\/www.facebook.com\/webdotn\" \/>\n<meta property=\"article:published_time\" content=\"2023-01-19T07:45:00+00:00\" \/>\n<meta property=\"article:modified_time\" content=\"2025-05-20T22:48:44+00:00\" \/>\n<meta property=\"og:image\" content=\"https:\/\/www.webdo.tn\/fr\/wp-content\/uploads\/2023\/01\/b041afb7e846579b63002351b32995af.jpg\" \/>\n\t<meta property=\"og:image:width\" content=\"750\" \/>\n\t<meta property=\"og:image:height\" content=\"400\" \/>\n\t<meta property=\"og:image:type\" content=\"image\/jpeg\" \/>\n<meta name=\"author\" content=\"CL\" \/>\n<meta name=\"twitter:card\" content=\"summary_large_image\" \/>\n<meta name=\"twitter:creator\" content=\"@webdo_tn\" \/>\n<meta name=\"twitter:site\" content=\"@webdo_tn\" \/>\n<meta name=\"twitter:label1\" content=\"\u00c9crit par\" \/>\n\t<meta name=\"twitter:data1\" content=\"CL\" \/>\n\t<meta name=\"twitter:label2\" content=\"Dur\u00e9e de lecture estim\u00e9e\" \/>\n\t<meta name=\"twitter:data2\" content=\"1 minute\" \/>\n<script type=\"application\/ld+json\" class=\"yoast-schema-graph\">{\"@context\":\"https:\\\/\\\/schema.org\",\"@graph\":[{\"@type\":\"NewsArticle\",\"@id\":\"https:\\\/\\\/www.webdo.tn\\\/fr\\\/actualite\\\/national\\\/pct-mrabet-souligne-l-imperatif-d-accroitre-le-rythme-d-approvisionnement-en-medicaments\\\/202029\\\/#article\",\"isPartOf\":{\"@id\":\"https:\\\/\\\/www.webdo.tn\\\/fr\\\/actualite\\\/national\\\/pct-mrabet-souligne-l-imperatif-d-accroitre-le-rythme-d-approvisionnement-en-medicaments\\\/202029\\\/\"},\"author\":{\"name\":\"CL\",\"@id\":\"https:\\\/\\\/www.webdo.tn\\\/fr\\\/#\\\/schema\\\/person\\\/f35b42a42c5e2511bbd282959d6385cc\"},\"headline\":\"PCT : Mrabet souligne l&rsquo;imp\u00e9ratif d&rsquo;accroitre le rythme d&rsquo;approvisionnement en m\u00e9dicaments\",\"datePublished\":\"2023-01-19T07:45:00+00:00\",\"dateModified\":\"2025-05-20T22:48:44+00:00\",\"mainEntityOfPage\":{\"@id\":\"https:\\\/\\\/www.webdo.tn\\\/fr\\\/actualite\\\/national\\\/pct-mrabet-souligne-l-imperatif-d-accroitre-le-rythme-d-approvisionnement-en-medicaments\\\/202029\\\/\"},\"wordCount\":145,\"commentCount\":0,\"publisher\":{\"@id\":\"https:\\\/\\\/www.webdo.tn\\\/fr\\\/#organization\"},\"image\":{\"@id\":\"https:\\\/\\\/www.webdo.tn\\\/fr\\\/actualite\\\/national\\\/pct-mrabet-souligne-l-imperatif-d-accroitre-le-rythme-d-approvisionnement-en-medicaments\\\/202029\\\/#primaryimage\"},\"thumbnailUrl\":\"https:\\\/\\\/www.webdo.tn\\\/fr\\\/wp-content\\\/uploads\\\/2023\\\/01\\\/b041afb7e846579b63002351b32995af.jpg\",\"keywords\":[\"m\u00e9dicaments\",\"PCT\",\"Tunisie\"],\"articleSection\":[\"National\"],\"inLanguage\":\"fr-FR\"},{\"@type\":\"WebPage\",\"@id\":\"https:\\\/\\\/www.webdo.tn\\\/fr\\\/actualite\\\/national\\\/pct-mrabet-souligne-l-imperatif-d-accroitre-le-rythme-d-approvisionnement-en-medicaments\\\/202029\\\/\",\"url\":\"https:\\\/\\\/www.webdo.tn\\\/fr\\\/actualite\\\/national\\\/pct-mrabet-souligne-l-imperatif-d-accroitre-le-rythme-d-approvisionnement-en-medicaments\\\/202029\\\/\",\"name\":\"PCT : Mrabet souligne l'imp\u00e9ratif d'accroitre le rythme d'approvisionnement en m\u00e9dicaments\",\"isPartOf\":{\"@id\":\"https:\\\/\\\/www.webdo.tn\\\/fr\\\/#website\"},\"primaryImageOfPage\":{\"@id\":\"https:\\\/\\\/www.webdo.tn\\\/fr\\\/actualite\\\/national\\\/pct-mrabet-souligne-l-imperatif-d-accroitre-le-rythme-d-approvisionnement-en-medicaments\\\/202029\\\/#primaryimage\"},\"image\":{\"@id\":\"https:\\\/\\\/www.webdo.tn\\\/fr\\\/actualite\\\/national\\\/pct-mrabet-souligne-l-imperatif-d-accroitre-le-rythme-d-approvisionnement-en-medicaments\\\/202029\\\/#primaryimage\"},\"thumbnailUrl\":\"https:\\\/\\\/www.webdo.tn\\\/fr\\\/wp-content\\\/uploads\\\/2023\\\/01\\\/b041afb7e846579b63002351b32995af.jpg\",\"datePublished\":\"2023-01-19T07:45:00+00:00\",\"dateModified\":\"2025-05-20T22:48:44+00:00\",\"description\":\"Le ministre de la sant\u00e9, Ali Mrabet a soulign\u00e9 mercredi lors de sa visite \u00e0 la pharmacie centrale de Tunisie (PCT), l'imp\u00e9ratif d'accroitre le rythme d'approvis...\",\"breadcrumb\":{\"@id\":\"https:\\\/\\\/www.webdo.tn\\\/fr\\\/actualite\\\/national\\\/pct-mrabet-souligne-l-imperatif-d-accroitre-le-rythme-d-approvisionnement-en-medicaments\\\/202029\\\/#breadcrumb\"},\"inLanguage\":\"fr-FR\",\"potentialAction\":[{\"@type\":\"ReadAction\",\"target\":[\"https:\\\/\\\/www.webdo.tn\\\/fr\\\/actualite\\\/national\\\/pct-mrabet-souligne-l-imperatif-d-accroitre-le-rythme-d-approvisionnement-en-medicaments\\\/202029\\\/\"]}]},{\"@type\":\"ImageObject\",\"inLanguage\":\"fr-FR\",\"@id\":\"https:\\\/\\\/www.webdo.tn\\\/fr\\\/actualite\\\/national\\\/pct-mrabet-souligne-l-imperatif-d-accroitre-le-rythme-d-approvisionnement-en-medicaments\\\/202029\\\/#primaryimage\",\"url\":\"https:\\\/\\\/www.webdo.tn\\\/fr\\\/wp-content\\\/uploads\\\/2023\\\/01\\\/b041afb7e846579b63002351b32995af.jpg\",\"contentUrl\":\"https:\\\/\\\/www.webdo.tn\\\/fr\\\/wp-content\\\/uploads\\\/2023\\\/01\\\/b041afb7e846579b63002351b32995af.jpg\",\"width\":750,\"height\":400,\"caption\":\"Mrabet\"},{\"@type\":\"BreadcrumbList\",\"@id\":\"https:\\\/\\\/www.webdo.tn\\\/fr\\\/actualite\\\/national\\\/pct-mrabet-souligne-l-imperatif-d-accroitre-le-rythme-d-approvisionnement-en-medicaments\\\/202029\\\/#breadcrumb\",\"itemListElement\":[{\"@type\":\"ListItem\",\"position\":1,\"name\":\"Accueil\",\"item\":\"https:\\\/\\\/www.webdo.tn\\\/fr\\\/\"},{\"@type\":\"ListItem\",\"position\":2,\"name\":\"PCT : Mrabet souligne l&rsquo;imp\u00e9ratif d&rsquo;accroitre le rythme d&rsquo;approvisionnement en m\u00e9dicaments\"}]},{\"@type\":\"WebSite\",\"@id\":\"https:\\\/\\\/www.webdo.tn\\\/fr\\\/#website\",\"url\":\"https:\\\/\\\/www.webdo.tn\\\/fr\\\/\",\"name\":\"webdo\",\"description\":\"Tunisie - News en Tunisie et \u00e0 l&#039;international sur Webdo.tn\",\"publisher\":{\"@id\":\"https:\\\/\\\/www.webdo.tn\\\/fr\\\/#organization\"},\"potentialAction\":[{\"@type\":\"SearchAction\",\"target\":{\"@type\":\"EntryPoint\",\"urlTemplate\":\"https:\\\/\\\/www.webdo.tn\\\/fr\\\/?s={search_term_string}\"},\"query-input\":{\"@type\":\"PropertyValueSpecification\",\"valueRequired\":true,\"valueName\":\"search_term_string\"}}],\"inLanguage\":\"fr-FR\"},{\"@type\":\"Organization\",\"@id\":\"https:\\\/\\\/www.webdo.tn\\\/fr\\\/#organization\",\"name\":\"Webdo\",\"alternateName\":\"Webdo.tn\",\"url\":\"https:\\\/\\\/www.webdo.tn\\\/fr\\\/\",\"logo\":{\"@type\":\"ImageObject\",\"inLanguage\":\"fr-FR\",\"@id\":\"https:\\\/\\\/www.webdo.tn\\\/fr\\\/#\\\/schema\\\/logo\\\/image\\\/\",\"url\":\"https:\\\/\\\/www.webdo.tn\\\/fr\\\/wp-content\\\/uploads\\\/2025\\\/06\\\/Webdo-Tunisie_168377.jpg\",\"contentUrl\":\"https:\\\/\\\/www.webdo.tn\\\/fr\\\/wp-content\\\/uploads\\\/2025\\\/06\\\/Webdo-Tunisie_168377.jpg\",\"width\":301,\"height\":301,\"caption\":\"Webdo\"},\"image\":{\"@id\":\"https:\\\/\\\/www.webdo.tn\\\/fr\\\/#\\\/schema\\\/logo\\\/image\\\/\"},\"sameAs\":[\"https:\\\/\\\/www.facebook.com\\\/webdotn\",\"https:\\\/\\\/x.com\\\/webdo_tn\"],\"description\":\"Webdo est un m\u00e9dia num\u00e9rique tunisien fond\u00e9 en 2010, sp\u00e9cialis\u00e9 dans l\u2019actualit\u00e9 nationale et internationale, l\u2019\u00e9conomie, la soci\u00e9t\u00e9 et les analyses politiques. Le site s\u2019adresse \u00e0 un large public francophone et couvre l\u2019information tunisienne en temps r\u00e9el.\",\"email\":\"redac@webdo.tn\",\"legalName\":\"YNJ SARL\",\"foundingDate\":\"2010-09-06\",\"numberOfEmployees\":{\"@type\":\"QuantitativeValue\",\"minValue\":\"11\",\"maxValue\":\"50\"}},{\"@type\":\"Person\",\"@id\":\"https:\\\/\\\/www.webdo.tn\\\/fr\\\/#\\\/schema\\\/person\\\/f35b42a42c5e2511bbd282959d6385cc\",\"name\":\"CL\",\"image\":{\"@type\":\"ImageObject\",\"inLanguage\":\"fr-FR\",\"@id\":\"https:\\\/\\\/secure.gravatar.com\\\/avatar\\\/1447a49909b67aa657c488aec6512e1dd6143a480c1ecfee9b5b5cd74eb3b59e?s=96&d=mm&r=g\",\"url\":\"https:\\\/\\\/secure.gravatar.com\\\/avatar\\\/1447a49909b67aa657c488aec6512e1dd6143a480c1ecfee9b5b5cd74eb3b59e?s=96&d=mm&r=g\",\"contentUrl\":\"https:\\\/\\\/secure.gravatar.com\\\/avatar\\\/1447a49909b67aa657c488aec6512e1dd6143a480c1ecfee9b5b5cd74eb3b59e?s=96&d=mm&r=g\",\"caption\":\"CL\"},\"url\":\"https:\\\/\\\/www.webdo.tn\\\/fr\\\/actualite\\\/author\\\/cl\\\/\"}]}<\/script>\n<!-- \/ Yoast SEO Premium plugin. -->","yoast_head_json":{"title":"PCT : Mrabet souligne l'imp\u00e9ratif d'accroitre le rythme d'approvisionnement en m\u00e9dicaments","description":"Le ministre de la sant\u00e9, Ali Mrabet a soulign\u00e9 mercredi lors de sa visite \u00e0 la pharmacie centrale de Tunisie (PCT), l'imp\u00e9ratif d'accroitre le rythme d'approvis...","canonical":"https:\/\/www.webdo.tn\/fr\/actualite\/national\/pct-mrabet-souligne-l-imperatif-d-accroitre-le-rythme-d-approvisionnement-en-medicaments\/202029\/","og_locale":"fr_FR","og_type":"article","og_title":"PCT : Mrabet souligne l'imp\u00e9ratif d'accroitre le rythme d'approvisionnement en m\u00e9dicaments","og_description":"Le ministre de la sant\u00e9, Ali Mrabet a soulign\u00e9 mercredi lors de sa visite \u00e0 la pharmacie centrale de Tunisie (PCT), l'imp\u00e9ratif d'accroitre le rythme d'approvis...","og_url":"https:\/\/www.webdo.tn\/fr\/actualite\/national\/pct-mrabet-souligne-l-imperatif-d-accroitre-le-rythme-d-approvisionnement-en-medicaments\/202029\/","og_site_name":"webdo","article_publisher":"https:\/\/www.facebook.com\/webdotn","article_published_time":"2023-01-19T07:45:00+00:00","article_modified_time":"2025-05-20T22:48:44+00:00","og_image":[{"width":750,"height":400,"url":"https:\/\/www.webdo.tn\/fr\/wp-content\/uploads\/2023\/01\/b041afb7e846579b63002351b32995af.jpg","type":"image\/jpeg"}],"author":"CL","twitter_card":"summary_large_image","twitter_creator":"@webdo_tn","twitter_site":"@webdo_tn","twitter_misc":{"\u00c9crit par":"CL","Dur\u00e9e de lecture estim\u00e9e":"1 minute"},"schema":{"@context":"https:\/\/schema.org","@graph":[{"@type":"NewsArticle","@id":"https:\/\/www.webdo.tn\/fr\/actualite\/national\/pct-mrabet-souligne-l-imperatif-d-accroitre-le-rythme-d-approvisionnement-en-medicaments\/202029\/#article","isPartOf":{"@id":"https:\/\/www.webdo.tn\/fr\/actualite\/national\/pct-mrabet-souligne-l-imperatif-d-accroitre-le-rythme-d-approvisionnement-en-medicaments\/202029\/"},"author":{"name":"CL","@id":"https:\/\/www.webdo.tn\/fr\/#\/schema\/person\/f35b42a42c5e2511bbd282959d6385cc"},"headline":"PCT : Mrabet souligne l&rsquo;imp\u00e9ratif d&rsquo;accroitre le rythme d&rsquo;approvisionnement en m\u00e9dicaments","datePublished":"2023-01-19T07:45:00+00:00","dateModified":"2025-05-20T22:48:44+00:00","mainEntityOfPage":{"@id":"https:\/\/www.webdo.tn\/fr\/actualite\/national\/pct-mrabet-souligne-l-imperatif-d-accroitre-le-rythme-d-approvisionnement-en-medicaments\/202029\/"},"wordCount":145,"commentCount":0,"publisher":{"@id":"https:\/\/www.webdo.tn\/fr\/#organization"},"image":{"@id":"https:\/\/www.webdo.tn\/fr\/actualite\/national\/pct-mrabet-souligne-l-imperatif-d-accroitre-le-rythme-d-approvisionnement-en-medicaments\/202029\/#primaryimage"},"thumbnailUrl":"https:\/\/www.webdo.tn\/fr\/wp-content\/uploads\/2023\/01\/b041afb7e846579b63002351b32995af.jpg","keywords":["m\u00e9dicaments","PCT","Tunisie"],"articleSection":["National"],"inLanguage":"fr-FR"},{"@type":"WebPage","@id":"https:\/\/www.webdo.tn\/fr\/actualite\/national\/pct-mrabet-souligne-l-imperatif-d-accroitre-le-rythme-d-approvisionnement-en-medicaments\/202029\/","url":"https:\/\/www.webdo.tn\/fr\/actualite\/national\/pct-mrabet-souligne-l-imperatif-d-accroitre-le-rythme-d-approvisionnement-en-medicaments\/202029\/","name":"PCT : Mrabet souligne l'imp\u00e9ratif d'accroitre le rythme d'approvisionnement en m\u00e9dicaments","isPartOf":{"@id":"https:\/\/www.webdo.tn\/fr\/#website"},"primaryImageOfPage":{"@id":"https:\/\/www.webdo.tn\/fr\/actualite\/national\/pct-mrabet-souligne-l-imperatif-d-accroitre-le-rythme-d-approvisionnement-en-medicaments\/202029\/#primaryimage"},"image":{"@id":"https:\/\/www.webdo.tn\/fr\/actualite\/national\/pct-mrabet-souligne-l-imperatif-d-accroitre-le-rythme-d-approvisionnement-en-medicaments\/202029\/#primaryimage"},"thumbnailUrl":"https:\/\/www.webdo.tn\/fr\/wp-content\/uploads\/2023\/01\/b041afb7e846579b63002351b32995af.jpg","datePublished":"2023-01-19T07:45:00+00:00","dateModified":"2025-05-20T22:48:44+00:00","description":"Le ministre de la sant\u00e9, Ali Mrabet a soulign\u00e9 mercredi lors de sa visite \u00e0 la pharmacie centrale de Tunisie (PCT), l'imp\u00e9ratif d'accroitre le rythme d'approvis...","breadcrumb":{"@id":"https:\/\/www.webdo.tn\/fr\/actualite\/national\/pct-mrabet-souligne-l-imperatif-d-accroitre-le-rythme-d-approvisionnement-en-medicaments\/202029\/#breadcrumb"},"inLanguage":"fr-FR","potentialAction":[{"@type":"ReadAction","target":["https:\/\/www.webdo.tn\/fr\/actualite\/national\/pct-mrabet-souligne-l-imperatif-d-accroitre-le-rythme-d-approvisionnement-en-medicaments\/202029\/"]}]},{"@type":"ImageObject","inLanguage":"fr-FR","@id":"https:\/\/www.webdo.tn\/fr\/actualite\/national\/pct-mrabet-souligne-l-imperatif-d-accroitre-le-rythme-d-approvisionnement-en-medicaments\/202029\/#primaryimage","url":"https:\/\/www.webdo.tn\/fr\/wp-content\/uploads\/2023\/01\/b041afb7e846579b63002351b32995af.jpg","contentUrl":"https:\/\/www.webdo.tn\/fr\/wp-content\/uploads\/2023\/01\/b041afb7e846579b63002351b32995af.jpg","width":750,"height":400,"caption":"Mrabet"},{"@type":"BreadcrumbList","@id":"https:\/\/www.webdo.tn\/fr\/actualite\/national\/pct-mrabet-souligne-l-imperatif-d-accroitre-le-rythme-d-approvisionnement-en-medicaments\/202029\/#breadcrumb","itemListElement":[{"@type":"ListItem","position":1,"name":"Accueil","item":"https:\/\/www.webdo.tn\/fr\/"},{"@type":"ListItem","position":2,"name":"PCT : Mrabet souligne l&rsquo;imp\u00e9ratif d&rsquo;accroitre le rythme d&rsquo;approvisionnement en m\u00e9dicaments"}]},{"@type":"WebSite","@id":"https:\/\/www.webdo.tn\/fr\/#website","url":"https:\/\/www.webdo.tn\/fr\/","name":"webdo","description":"Tunisie - News en Tunisie et \u00e0 l&#039;international sur Webdo.tn","publisher":{"@id":"https:\/\/www.webdo.tn\/fr\/#organization"},"potentialAction":[{"@type":"SearchAction","target":{"@type":"EntryPoint","urlTemplate":"https:\/\/www.webdo.tn\/fr\/?s={search_term_string}"},"query-input":{"@type":"PropertyValueSpecification","valueRequired":true,"valueName":"search_term_string"}}],"inLanguage":"fr-FR"},{"@type":"Organization","@id":"https:\/\/www.webdo.tn\/fr\/#organization","name":"Webdo","alternateName":"Webdo.tn","url":"https:\/\/www.webdo.tn\/fr\/","logo":{"@type":"ImageObject","inLanguage":"fr-FR","@id":"https:\/\/www.webdo.tn\/fr\/#\/schema\/logo\/image\/","url":"https:\/\/www.webdo.tn\/fr\/wp-content\/uploads\/2025\/06\/Webdo-Tunisie_168377.jpg","contentUrl":"https:\/\/www.webdo.tn\/fr\/wp-content\/uploads\/2025\/06\/Webdo-Tunisie_168377.jpg","width":301,"height":301,"caption":"Webdo"},"image":{"@id":"https:\/\/www.webdo.tn\/fr\/#\/schema\/logo\/image\/"},"sameAs":["https:\/\/www.facebook.com\/webdotn","https:\/\/x.com\/webdo_tn"],"description":"Webdo est un m\u00e9dia num\u00e9rique tunisien fond\u00e9 en 2010, sp\u00e9cialis\u00e9 dans l\u2019actualit\u00e9 nationale et internationale, l\u2019\u00e9conomie, la soci\u00e9t\u00e9 et les analyses politiques. Le site s\u2019adresse \u00e0 un large public francophone et couvre l\u2019information tunisienne en temps r\u00e9el.","email":"redac@webdo.tn","legalName":"YNJ SARL","foundingDate":"2010-09-06","numberOfEmployees":{"@type":"QuantitativeValue","minValue":"11","maxValue":"50"}},{"@type":"Person","@id":"https:\/\/www.webdo.tn\/fr\/#\/schema\/person\/f35b42a42c5e2511bbd282959d6385cc","name":"CL","image":{"@type":"ImageObject","inLanguage":"fr-FR","@id":"https:\/\/secure.gravatar.com\/avatar\/1447a49909b67aa657c488aec6512e1dd6143a480c1ecfee9b5b5cd74eb3b59e?s=96&d=mm&r=g","url":"https:\/\/secure.gravatar.com\/avatar\/1447a49909b67aa657c488aec6512e1dd6143a480c1ecfee9b5b5cd74eb3b59e?s=96&d=mm&r=g","contentUrl":"https:\/\/secure.gravatar.com\/avatar\/1447a49909b67aa657c488aec6512e1dd6143a480c1ecfee9b5b5cd74eb3b59e?s=96&d=mm&r=g","caption":"CL"},"url":"https:\/\/www.webdo.tn\/fr\/actualite\/author\/cl\/"}]}},"_links":{"self":[{"href":"https:\/\/www.webdo.tn\/fr\/wp-json\/wp\/v2\/posts\/202029","targetHints":{"allow":["GET"]}}],"collection":[{"href":"https:\/\/www.webdo.tn\/fr\/wp-json\/wp\/v2\/posts"}],"about":[{"href":"https:\/\/www.webdo.tn\/fr\/wp-json\/wp\/v2\/types\/post"}],"author":[{"embeddable":true,"href":"https:\/\/www.webdo.tn\/fr\/wp-json\/wp\/v2\/users\/3175"}],"replies":[{"embeddable":true,"href":"https:\/\/www.webdo.tn\/fr\/wp-json\/wp\/v2\/comments?post=202029"}],"version-history":[{"count":0,"href":"https:\/\/www.webdo.tn\/fr\/wp-json\/wp\/v2\/posts\/202029\/revisions"}],"wp:featuredmedia":[{"embeddable":true,"href":"https:\/\/www.webdo.tn\/fr\/wp-json\/wp\/v2\/media\/277583"}],"wp:attachment":[{"href":"https:\/\/www.webdo.tn\/fr\/wp-json\/wp\/v2\/media?parent=202029"}],"wp:term":[{"taxonomy":"category","embeddable":true,"href":"https:\/\/www.webdo.tn\/fr\/wp-json\/wp\/v2\/categories?post=202029"},{"taxonomy":"post_tag","embeddable":true,"href":"https:\/\/www.webdo.tn\/fr\/wp-json\/wp\/v2\/tags?post=202029"}],"curies":[{"name":"wp","href":"https:\/\/api.w.org\/{rel}","templated":true}]}}