{"id":202022,"date":"2023-01-18T20:05:00","date_gmt":"2023-01-18T20:05:00","guid":{"rendered":"https:\/\/www.webdo.tn\/fr\/blog\/l-italie-prete-a-augmenter-le-nombre-de-migrants-tunisiens-reguliers\/202022\/"},"modified":"2025-05-20T22:48:43","modified_gmt":"2025-05-20T22:48:43","slug":"l-italie-prete-a-augmenter-le-nombre-de-migrants-tunisiens-reguliers","status":"publish","type":"post","link":"https:\/\/www.webdo.tn\/fr\/actualite\/national\/l-italie-prete-a-augmenter-le-nombre-de-migrants-tunisiens-reguliers\/202022\/","title":{"rendered":"L&rsquo;Italie pr\u00eate \u00e0 augmenter le nombre de migrants tunisiens r\u00e9guliers"},"content":{"rendered":"<p>Les liens d&rsquo;amiti\u00e9 solides et les relations de coop\u00e9ration distingu\u00e9es entre la Tunisie et l&rsquo;Italie ont \u00e9t\u00e9 au centre d&rsquo;une rencontre, mercredi, au Palais de Carthage, entre le pr\u00e9sident de la R\u00e9publique, Ka\u00efs Sa\u00efed, et le vice-pr\u00e9sident du Conseil des ministres et ministre des Affaires \u00e9trang\u00e8res et de la Coop\u00e9ration italien, Antonio Tajani, et le ministre italien de l&rsquo;Int\u00e9rieur, Matteo Piantedosi, indique, mercredi, la pr\u00e9sidence de la R\u00e9publique.<\/p>\n<p>L&rsquo;entrevue a, aussi, \u00e9t\u00e9 l&rsquo;occasion de discuter de la migration irr\u00e9guli\u00e8re et de souligner \u00ab\u00a0la conviction commune des deux pays d&rsquo;adopter une approche globale qui va au-del\u00e0 de la dimension purement s\u00e9curitaire pour s&rsquo;attaquer \u00e0 ses causes profondes et fournir des cadres innovants et des m\u00e9canismes appropri\u00e9s pour le d\u00e9velopper la migration r\u00e9guli\u00e8re\u00a0\u00bb.\u00a0<\/p>\n<p>Dans une vid\u00e9o publi\u00e9e sur la page de la Pr\u00e9sidence de la R\u00e9publique, le vice-pr\u00e9sident du Conseil des ministres et ministre des Affaires \u00e9trang\u00e8res et de la Coop\u00e9ration a soulign\u00e9 le caract\u00e8re distingu\u00e9 des relations bilat\u00e9rales entre les deux pays amis, qu&rsquo;il a qualifi\u00e9es d'\u00a0\u00bbhistoriques\u00a0\u00bb, et la n\u00e9cessit\u00e9 de les d\u00e9velopper, notamment dans le domaine \u00e9conomique, en encourageant davantage les investissements italiens en Tunisie.<\/p>\n<p>L&rsquo;Italie, a-t-il soutenu, est dispos\u00e9e \u00e0 organiser un Forum d&rsquo;affaires pour mettre en place un partenariat gagnant-gagnant entre les deux pays.<\/p>\n<p>Il a, dans ce sens, d\u00e9clar\u00e9 que l&rsquo;Italie est \u00ab\u00a0pr\u00eate \u00e0 augmenter le nombre de migrants r\u00e9guliers, form\u00e9s en Tunisie, qui peuvent travailler en Italie dans les domaines de l&rsquo;agriculture et de l&rsquo;industrie\u00a0\u00bb. Il s&rsquo;agit de \u00ab\u00a0renforcer la migration r\u00e9guli\u00e8re r\u00e9duire la migration irr\u00e9guli\u00e8re\u00a0\u00bb, a-t-il dit.<\/p>\n","protected":false},"excerpt":{"rendered":"<p>Les liens d&rsquo;amiti\u00e9 solides et les relations de coop\u00e9ration distingu\u00e9es entre la Tunisie et l&rsquo;Italie ont \u00e9t\u00e9 au centre d&rsquo;une rencontre, mercredi, au Palais de Ca&#8230;<\/p>\n","protected":false},"author":3175,"featured_media":277578,"comment_status":"open","ping_status":"closed","sticky":false,"template":"","format":"standard","meta":{"footnotes":""},"categories":[44],"tags":[2660,2894,2608],"class_list":["post-202022","post","type-post","status-publish","format-standard","has-post-thumbnail","hentry","category-national","tag-italie","tag-migrants","tag-tunisie"],"yoast_head":"<!-- This site is optimized with the Yoast SEO Premium plugin v27.4 (Yoast SEO v27.5) - https:\/\/yoast.com\/product\/yoast-seo-premium-wordpress\/ -->\n<title>L&#039;Italie pr\u00eate \u00e0 augmenter le nombre de migrants tunisiens r\u00e9guliers<\/title>\n<meta name=\"description\" content=\"Les liens d&#039;amiti\u00e9 solides et les relations de coop\u00e9ration distingu\u00e9es entre la Tunisie et l&#039;Italie ont \u00e9t\u00e9 au centre d&#039;une rencontre, mercredi, au Palais de Ca...\" \/>\n<link rel=\"canonical\" href=\"https:\/\/www.webdo.tn\/fr\/actualite\/national\/l-italie-prete-a-augmenter-le-nombre-de-migrants-tunisiens-reguliers\/202022\/\" \/>\n<meta property=\"og:locale\" content=\"fr_FR\" \/>\n<meta property=\"og:type\" content=\"article\" \/>\n<meta property=\"og:title\" content=\"L&#039;Italie pr\u00eate \u00e0 augmenter le nombre de migrants tunisiens r\u00e9guliers\" \/>\n<meta property=\"og:description\" content=\"Les liens d&#039;amiti\u00e9 solides et les relations de coop\u00e9ration distingu\u00e9es entre la Tunisie et l&#039;Italie ont \u00e9t\u00e9 au centre d&#039;une rencontre, mercredi, au Palais de Ca...\" \/>\n<meta property=\"og:url\" content=\"https:\/\/www.webdo.tn\/fr\/actualite\/national\/l-italie-prete-a-augmenter-le-nombre-de-migrants-tunisiens-reguliers\/202022\/\" \/>\n<meta property=\"og:site_name\" content=\"webdo\" \/>\n<meta property=\"article:publisher\" content=\"https:\/\/www.facebook.com\/webdotn\" \/>\n<meta property=\"article:published_time\" content=\"2023-01-18T20:05:00+00:00\" \/>\n<meta property=\"article:modified_time\" content=\"2025-05-20T22:48:43+00:00\" \/>\n<meta property=\"og:image\" content=\"https:\/\/www.webdo.tn\/fr\/wp-content\/uploads\/2023\/01\/57b259c69107a7d378ff5c8f00eb8ba5.jpg\" \/>\n\t<meta property=\"og:image:width\" content=\"750\" \/>\n\t<meta property=\"og:image:height\" content=\"400\" \/>\n\t<meta property=\"og:image:type\" content=\"image\/jpeg\" \/>\n<meta name=\"author\" content=\"CL\" \/>\n<meta name=\"twitter:card\" content=\"summary_large_image\" \/>\n<meta name=\"twitter:creator\" content=\"@webdo_tn\" \/>\n<meta name=\"twitter:site\" content=\"@webdo_tn\" \/>\n<meta name=\"twitter:label1\" content=\"\u00c9crit par\" \/>\n\t<meta name=\"twitter:data1\" content=\"CL\" \/>\n\t<meta name=\"twitter:label2\" content=\"Dur\u00e9e de lecture estim\u00e9e\" \/>\n\t<meta name=\"twitter:data2\" content=\"1 minute\" \/>\n<script type=\"application\/ld+json\" class=\"yoast-schema-graph\">{\"@context\":\"https:\\\/\\\/schema.org\",\"@graph\":[{\"@type\":\"NewsArticle\",\"@id\":\"https:\\\/\\\/www.webdo.tn\\\/fr\\\/actualite\\\/national\\\/l-italie-prete-a-augmenter-le-nombre-de-migrants-tunisiens-reguliers\\\/202022\\\/#article\",\"isPartOf\":{\"@id\":\"https:\\\/\\\/www.webdo.tn\\\/fr\\\/actualite\\\/national\\\/l-italie-prete-a-augmenter-le-nombre-de-migrants-tunisiens-reguliers\\\/202022\\\/\"},\"author\":{\"name\":\"CL\",\"@id\":\"https:\\\/\\\/www.webdo.tn\\\/fr\\\/#\\\/schema\\\/person\\\/f35b42a42c5e2511bbd282959d6385cc\"},\"headline\":\"L&rsquo;Italie pr\u00eate \u00e0 augmenter le nombre de migrants tunisiens r\u00e9guliers\",\"datePublished\":\"2023-01-18T20:05:00+00:00\",\"dateModified\":\"2025-05-20T22:48:43+00:00\",\"mainEntityOfPage\":{\"@id\":\"https:\\\/\\\/www.webdo.tn\\\/fr\\\/actualite\\\/national\\\/l-italie-prete-a-augmenter-le-nombre-de-migrants-tunisiens-reguliers\\\/202022\\\/\"},\"wordCount\":319,\"commentCount\":0,\"publisher\":{\"@id\":\"https:\\\/\\\/www.webdo.tn\\\/fr\\\/#organization\"},\"image\":{\"@id\":\"https:\\\/\\\/www.webdo.tn\\\/fr\\\/actualite\\\/national\\\/l-italie-prete-a-augmenter-le-nombre-de-migrants-tunisiens-reguliers\\\/202022\\\/#primaryimage\"},\"thumbnailUrl\":\"https:\\\/\\\/www.webdo.tn\\\/fr\\\/wp-content\\\/uploads\\\/2023\\\/01\\\/57b259c69107a7d378ff5c8f00eb8ba5.jpg\",\"keywords\":[\"Italie\",\"migrants\",\"Tunisie\"],\"articleSection\":[\"National\"],\"inLanguage\":\"fr-FR\"},{\"@type\":\"WebPage\",\"@id\":\"https:\\\/\\\/www.webdo.tn\\\/fr\\\/actualite\\\/national\\\/l-italie-prete-a-augmenter-le-nombre-de-migrants-tunisiens-reguliers\\\/202022\\\/\",\"url\":\"https:\\\/\\\/www.webdo.tn\\\/fr\\\/actualite\\\/national\\\/l-italie-prete-a-augmenter-le-nombre-de-migrants-tunisiens-reguliers\\\/202022\\\/\",\"name\":\"L'Italie pr\u00eate \u00e0 augmenter le nombre de migrants tunisiens r\u00e9guliers\",\"isPartOf\":{\"@id\":\"https:\\\/\\\/www.webdo.tn\\\/fr\\\/#website\"},\"primaryImageOfPage\":{\"@id\":\"https:\\\/\\\/www.webdo.tn\\\/fr\\\/actualite\\\/national\\\/l-italie-prete-a-augmenter-le-nombre-de-migrants-tunisiens-reguliers\\\/202022\\\/#primaryimage\"},\"image\":{\"@id\":\"https:\\\/\\\/www.webdo.tn\\\/fr\\\/actualite\\\/national\\\/l-italie-prete-a-augmenter-le-nombre-de-migrants-tunisiens-reguliers\\\/202022\\\/#primaryimage\"},\"thumbnailUrl\":\"https:\\\/\\\/www.webdo.tn\\\/fr\\\/wp-content\\\/uploads\\\/2023\\\/01\\\/57b259c69107a7d378ff5c8f00eb8ba5.jpg\",\"datePublished\":\"2023-01-18T20:05:00+00:00\",\"dateModified\":\"2025-05-20T22:48:43+00:00\",\"description\":\"Les liens d'amiti\u00e9 solides et les relations de coop\u00e9ration distingu\u00e9es entre la Tunisie et l'Italie ont \u00e9t\u00e9 au centre d'une rencontre, mercredi, au Palais de Ca...\",\"breadcrumb\":{\"@id\":\"https:\\\/\\\/www.webdo.tn\\\/fr\\\/actualite\\\/national\\\/l-italie-prete-a-augmenter-le-nombre-de-migrants-tunisiens-reguliers\\\/202022\\\/#breadcrumb\"},\"inLanguage\":\"fr-FR\",\"potentialAction\":[{\"@type\":\"ReadAction\",\"target\":[\"https:\\\/\\\/www.webdo.tn\\\/fr\\\/actualite\\\/national\\\/l-italie-prete-a-augmenter-le-nombre-de-migrants-tunisiens-reguliers\\\/202022\\\/\"]}]},{\"@type\":\"ImageObject\",\"inLanguage\":\"fr-FR\",\"@id\":\"https:\\\/\\\/www.webdo.tn\\\/fr\\\/actualite\\\/national\\\/l-italie-prete-a-augmenter-le-nombre-de-migrants-tunisiens-reguliers\\\/202022\\\/#primaryimage\",\"url\":\"https:\\\/\\\/www.webdo.tn\\\/fr\\\/wp-content\\\/uploads\\\/2023\\\/01\\\/57b259c69107a7d378ff5c8f00eb8ba5.jpg\",\"contentUrl\":\"https:\\\/\\\/www.webdo.tn\\\/fr\\\/wp-content\\\/uploads\\\/2023\\\/01\\\/57b259c69107a7d378ff5c8f00eb8ba5.jpg\",\"width\":750,\"height\":400,\"caption\":\"Pr\u00e9sidence de la R\u00e9publique\"},{\"@type\":\"BreadcrumbList\",\"@id\":\"https:\\\/\\\/www.webdo.tn\\\/fr\\\/actualite\\\/national\\\/l-italie-prete-a-augmenter-le-nombre-de-migrants-tunisiens-reguliers\\\/202022\\\/#breadcrumb\",\"itemListElement\":[{\"@type\":\"ListItem\",\"position\":1,\"name\":\"Accueil\",\"item\":\"https:\\\/\\\/www.webdo.tn\\\/fr\\\/\"},{\"@type\":\"ListItem\",\"position\":2,\"name\":\"L&rsquo;Italie pr\u00eate \u00e0 augmenter le nombre de migrants tunisiens r\u00e9guliers\"}]},{\"@type\":\"WebSite\",\"@id\":\"https:\\\/\\\/www.webdo.tn\\\/fr\\\/#website\",\"url\":\"https:\\\/\\\/www.webdo.tn\\\/fr\\\/\",\"name\":\"webdo\",\"description\":\"Tunisie - News en Tunisie et \u00e0 l&#039;international sur Webdo.tn\",\"publisher\":{\"@id\":\"https:\\\/\\\/www.webdo.tn\\\/fr\\\/#organization\"},\"potentialAction\":[{\"@type\":\"SearchAction\",\"target\":{\"@type\":\"EntryPoint\",\"urlTemplate\":\"https:\\\/\\\/www.webdo.tn\\\/fr\\\/?s={search_term_string}\"},\"query-input\":{\"@type\":\"PropertyValueSpecification\",\"valueRequired\":true,\"valueName\":\"search_term_string\"}}],\"inLanguage\":\"fr-FR\"},{\"@type\":\"Organization\",\"@id\":\"https:\\\/\\\/www.webdo.tn\\\/fr\\\/#organization\",\"name\":\"Webdo\",\"alternateName\":\"Webdo.tn\",\"url\":\"https:\\\/\\\/www.webdo.tn\\\/fr\\\/\",\"logo\":{\"@type\":\"ImageObject\",\"inLanguage\":\"fr-FR\",\"@id\":\"https:\\\/\\\/www.webdo.tn\\\/fr\\\/#\\\/schema\\\/logo\\\/image\\\/\",\"url\":\"https:\\\/\\\/www.webdo.tn\\\/fr\\\/wp-content\\\/uploads\\\/2025\\\/06\\\/Webdo-Tunisie_168377.jpg\",\"contentUrl\":\"https:\\\/\\\/www.webdo.tn\\\/fr\\\/wp-content\\\/uploads\\\/2025\\\/06\\\/Webdo-Tunisie_168377.jpg\",\"width\":301,\"height\":301,\"caption\":\"Webdo\"},\"image\":{\"@id\":\"https:\\\/\\\/www.webdo.tn\\\/fr\\\/#\\\/schema\\\/logo\\\/image\\\/\"},\"sameAs\":[\"https:\\\/\\\/www.facebook.com\\\/webdotn\",\"https:\\\/\\\/x.com\\\/webdo_tn\"],\"description\":\"Webdo est un m\u00e9dia num\u00e9rique tunisien fond\u00e9 en 2010, sp\u00e9cialis\u00e9 dans l\u2019actualit\u00e9 nationale et internationale, l\u2019\u00e9conomie, la soci\u00e9t\u00e9 et les analyses politiques. Le site s\u2019adresse \u00e0 un large public francophone et couvre l\u2019information tunisienne en temps r\u00e9el.\",\"email\":\"redac@webdo.tn\",\"legalName\":\"YNJ SARL\",\"foundingDate\":\"2010-09-06\",\"numberOfEmployees\":{\"@type\":\"QuantitativeValue\",\"minValue\":\"11\",\"maxValue\":\"50\"}},{\"@type\":\"Person\",\"@id\":\"https:\\\/\\\/www.webdo.tn\\\/fr\\\/#\\\/schema\\\/person\\\/f35b42a42c5e2511bbd282959d6385cc\",\"name\":\"CL\",\"image\":{\"@type\":\"ImageObject\",\"inLanguage\":\"fr-FR\",\"@id\":\"https:\\\/\\\/secure.gravatar.com\\\/avatar\\\/1447a49909b67aa657c488aec6512e1dd6143a480c1ecfee9b5b5cd74eb3b59e?s=96&d=mm&r=g\",\"url\":\"https:\\\/\\\/secure.gravatar.com\\\/avatar\\\/1447a49909b67aa657c488aec6512e1dd6143a480c1ecfee9b5b5cd74eb3b59e?s=96&d=mm&r=g\",\"contentUrl\":\"https:\\\/\\\/secure.gravatar.com\\\/avatar\\\/1447a49909b67aa657c488aec6512e1dd6143a480c1ecfee9b5b5cd74eb3b59e?s=96&d=mm&r=g\",\"caption\":\"CL\"},\"url\":\"https:\\\/\\\/www.webdo.tn\\\/fr\\\/actualite\\\/author\\\/cl\\\/\"}]}<\/script>\n<!-- \/ Yoast SEO Premium plugin. -->","yoast_head_json":{"title":"L'Italie pr\u00eate \u00e0 augmenter le nombre de migrants tunisiens r\u00e9guliers","description":"Les liens d'amiti\u00e9 solides et les relations de coop\u00e9ration distingu\u00e9es entre la Tunisie et l'Italie ont \u00e9t\u00e9 au centre d'une rencontre, mercredi, au Palais de Ca...","canonical":"https:\/\/www.webdo.tn\/fr\/actualite\/national\/l-italie-prete-a-augmenter-le-nombre-de-migrants-tunisiens-reguliers\/202022\/","og_locale":"fr_FR","og_type":"article","og_title":"L'Italie pr\u00eate \u00e0 augmenter le nombre de migrants tunisiens r\u00e9guliers","og_description":"Les liens d'amiti\u00e9 solides et les relations de coop\u00e9ration distingu\u00e9es entre la Tunisie et l'Italie ont \u00e9t\u00e9 au centre d'une rencontre, mercredi, au Palais de Ca...","og_url":"https:\/\/www.webdo.tn\/fr\/actualite\/national\/l-italie-prete-a-augmenter-le-nombre-de-migrants-tunisiens-reguliers\/202022\/","og_site_name":"webdo","article_publisher":"https:\/\/www.facebook.com\/webdotn","article_published_time":"2023-01-18T20:05:00+00:00","article_modified_time":"2025-05-20T22:48:43+00:00","og_image":[{"width":750,"height":400,"url":"https:\/\/www.webdo.tn\/fr\/wp-content\/uploads\/2023\/01\/57b259c69107a7d378ff5c8f00eb8ba5.jpg","type":"image\/jpeg"}],"author":"CL","twitter_card":"summary_large_image","twitter_creator":"@webdo_tn","twitter_site":"@webdo_tn","twitter_misc":{"\u00c9crit par":"CL","Dur\u00e9e de lecture estim\u00e9e":"1 minute"},"schema":{"@context":"https:\/\/schema.org","@graph":[{"@type":"NewsArticle","@id":"https:\/\/www.webdo.tn\/fr\/actualite\/national\/l-italie-prete-a-augmenter-le-nombre-de-migrants-tunisiens-reguliers\/202022\/#article","isPartOf":{"@id":"https:\/\/www.webdo.tn\/fr\/actualite\/national\/l-italie-prete-a-augmenter-le-nombre-de-migrants-tunisiens-reguliers\/202022\/"},"author":{"name":"CL","@id":"https:\/\/www.webdo.tn\/fr\/#\/schema\/person\/f35b42a42c5e2511bbd282959d6385cc"},"headline":"L&rsquo;Italie pr\u00eate \u00e0 augmenter le nombre de migrants tunisiens r\u00e9guliers","datePublished":"2023-01-18T20:05:00+00:00","dateModified":"2025-05-20T22:48:43+00:00","mainEntityOfPage":{"@id":"https:\/\/www.webdo.tn\/fr\/actualite\/national\/l-italie-prete-a-augmenter-le-nombre-de-migrants-tunisiens-reguliers\/202022\/"},"wordCount":319,"commentCount":0,"publisher":{"@id":"https:\/\/www.webdo.tn\/fr\/#organization"},"image":{"@id":"https:\/\/www.webdo.tn\/fr\/actualite\/national\/l-italie-prete-a-augmenter-le-nombre-de-migrants-tunisiens-reguliers\/202022\/#primaryimage"},"thumbnailUrl":"https:\/\/www.webdo.tn\/fr\/wp-content\/uploads\/2023\/01\/57b259c69107a7d378ff5c8f00eb8ba5.jpg","keywords":["Italie","migrants","Tunisie"],"articleSection":["National"],"inLanguage":"fr-FR"},{"@type":"WebPage","@id":"https:\/\/www.webdo.tn\/fr\/actualite\/national\/l-italie-prete-a-augmenter-le-nombre-de-migrants-tunisiens-reguliers\/202022\/","url":"https:\/\/www.webdo.tn\/fr\/actualite\/national\/l-italie-prete-a-augmenter-le-nombre-de-migrants-tunisiens-reguliers\/202022\/","name":"L'Italie pr\u00eate \u00e0 augmenter le nombre de migrants tunisiens r\u00e9guliers","isPartOf":{"@id":"https:\/\/www.webdo.tn\/fr\/#website"},"primaryImageOfPage":{"@id":"https:\/\/www.webdo.tn\/fr\/actualite\/national\/l-italie-prete-a-augmenter-le-nombre-de-migrants-tunisiens-reguliers\/202022\/#primaryimage"},"image":{"@id":"https:\/\/www.webdo.tn\/fr\/actualite\/national\/l-italie-prete-a-augmenter-le-nombre-de-migrants-tunisiens-reguliers\/202022\/#primaryimage"},"thumbnailUrl":"https:\/\/www.webdo.tn\/fr\/wp-content\/uploads\/2023\/01\/57b259c69107a7d378ff5c8f00eb8ba5.jpg","datePublished":"2023-01-18T20:05:00+00:00","dateModified":"2025-05-20T22:48:43+00:00","description":"Les liens d'amiti\u00e9 solides et les relations de coop\u00e9ration distingu\u00e9es entre la Tunisie et l'Italie ont \u00e9t\u00e9 au centre d'une rencontre, mercredi, au Palais de Ca...","breadcrumb":{"@id":"https:\/\/www.webdo.tn\/fr\/actualite\/national\/l-italie-prete-a-augmenter-le-nombre-de-migrants-tunisiens-reguliers\/202022\/#breadcrumb"},"inLanguage":"fr-FR","potentialAction":[{"@type":"ReadAction","target":["https:\/\/www.webdo.tn\/fr\/actualite\/national\/l-italie-prete-a-augmenter-le-nombre-de-migrants-tunisiens-reguliers\/202022\/"]}]},{"@type":"ImageObject","inLanguage":"fr-FR","@id":"https:\/\/www.webdo.tn\/fr\/actualite\/national\/l-italie-prete-a-augmenter-le-nombre-de-migrants-tunisiens-reguliers\/202022\/#primaryimage","url":"https:\/\/www.webdo.tn\/fr\/wp-content\/uploads\/2023\/01\/57b259c69107a7d378ff5c8f00eb8ba5.jpg","contentUrl":"https:\/\/www.webdo.tn\/fr\/wp-content\/uploads\/2023\/01\/57b259c69107a7d378ff5c8f00eb8ba5.jpg","width":750,"height":400,"caption":"Pr\u00e9sidence de la R\u00e9publique"},{"@type":"BreadcrumbList","@id":"https:\/\/www.webdo.tn\/fr\/actualite\/national\/l-italie-prete-a-augmenter-le-nombre-de-migrants-tunisiens-reguliers\/202022\/#breadcrumb","itemListElement":[{"@type":"ListItem","position":1,"name":"Accueil","item":"https:\/\/www.webdo.tn\/fr\/"},{"@type":"ListItem","position":2,"name":"L&rsquo;Italie pr\u00eate \u00e0 augmenter le nombre de migrants tunisiens r\u00e9guliers"}]},{"@type":"WebSite","@id":"https:\/\/www.webdo.tn\/fr\/#website","url":"https:\/\/www.webdo.tn\/fr\/","name":"webdo","description":"Tunisie - News en Tunisie et \u00e0 l&#039;international sur Webdo.tn","publisher":{"@id":"https:\/\/www.webdo.tn\/fr\/#organization"},"potentialAction":[{"@type":"SearchAction","target":{"@type":"EntryPoint","urlTemplate":"https:\/\/www.webdo.tn\/fr\/?s={search_term_string}"},"query-input":{"@type":"PropertyValueSpecification","valueRequired":true,"valueName":"search_term_string"}}],"inLanguage":"fr-FR"},{"@type":"Organization","@id":"https:\/\/www.webdo.tn\/fr\/#organization","name":"Webdo","alternateName":"Webdo.tn","url":"https:\/\/www.webdo.tn\/fr\/","logo":{"@type":"ImageObject","inLanguage":"fr-FR","@id":"https:\/\/www.webdo.tn\/fr\/#\/schema\/logo\/image\/","url":"https:\/\/www.webdo.tn\/fr\/wp-content\/uploads\/2025\/06\/Webdo-Tunisie_168377.jpg","contentUrl":"https:\/\/www.webdo.tn\/fr\/wp-content\/uploads\/2025\/06\/Webdo-Tunisie_168377.jpg","width":301,"height":301,"caption":"Webdo"},"image":{"@id":"https:\/\/www.webdo.tn\/fr\/#\/schema\/logo\/image\/"},"sameAs":["https:\/\/www.facebook.com\/webdotn","https:\/\/x.com\/webdo_tn"],"description":"Webdo est un m\u00e9dia num\u00e9rique tunisien fond\u00e9 en 2010, sp\u00e9cialis\u00e9 dans l\u2019actualit\u00e9 nationale et internationale, l\u2019\u00e9conomie, la soci\u00e9t\u00e9 et les analyses politiques. Le site s\u2019adresse \u00e0 un large public francophone et couvre l\u2019information tunisienne en temps r\u00e9el.","email":"redac@webdo.tn","legalName":"YNJ SARL","foundingDate":"2010-09-06","numberOfEmployees":{"@type":"QuantitativeValue","minValue":"11","maxValue":"50"}},{"@type":"Person","@id":"https:\/\/www.webdo.tn\/fr\/#\/schema\/person\/f35b42a42c5e2511bbd282959d6385cc","name":"CL","image":{"@type":"ImageObject","inLanguage":"fr-FR","@id":"https:\/\/secure.gravatar.com\/avatar\/1447a49909b67aa657c488aec6512e1dd6143a480c1ecfee9b5b5cd74eb3b59e?s=96&d=mm&r=g","url":"https:\/\/secure.gravatar.com\/avatar\/1447a49909b67aa657c488aec6512e1dd6143a480c1ecfee9b5b5cd74eb3b59e?s=96&d=mm&r=g","contentUrl":"https:\/\/secure.gravatar.com\/avatar\/1447a49909b67aa657c488aec6512e1dd6143a480c1ecfee9b5b5cd74eb3b59e?s=96&d=mm&r=g","caption":"CL"},"url":"https:\/\/www.webdo.tn\/fr\/actualite\/author\/cl\/"}]}},"_links":{"self":[{"href":"https:\/\/www.webdo.tn\/fr\/wp-json\/wp\/v2\/posts\/202022","targetHints":{"allow":["GET"]}}],"collection":[{"href":"https:\/\/www.webdo.tn\/fr\/wp-json\/wp\/v2\/posts"}],"about":[{"href":"https:\/\/www.webdo.tn\/fr\/wp-json\/wp\/v2\/types\/post"}],"author":[{"embeddable":true,"href":"https:\/\/www.webdo.tn\/fr\/wp-json\/wp\/v2\/users\/3175"}],"replies":[{"embeddable":true,"href":"https:\/\/www.webdo.tn\/fr\/wp-json\/wp\/v2\/comments?post=202022"}],"version-history":[{"count":0,"href":"https:\/\/www.webdo.tn\/fr\/wp-json\/wp\/v2\/posts\/202022\/revisions"}],"wp:featuredmedia":[{"embeddable":true,"href":"https:\/\/www.webdo.tn\/fr\/wp-json\/wp\/v2\/media\/277578"}],"wp:attachment":[{"href":"https:\/\/www.webdo.tn\/fr\/wp-json\/wp\/v2\/media?parent=202022"}],"wp:term":[{"taxonomy":"category","embeddable":true,"href":"https:\/\/www.webdo.tn\/fr\/wp-json\/wp\/v2\/categories?post=202022"},{"taxonomy":"post_tag","embeddable":true,"href":"https:\/\/www.webdo.tn\/fr\/wp-json\/wp\/v2\/tags?post=202022"}],"curies":[{"name":"wp","href":"https:\/\/api.w.org\/{rel}","templated":true}]}}