{"id":202006,"date":"2023-01-18T12:50:00","date_gmt":"2023-01-18T12:50:00","guid":{"rendered":"https:\/\/www.webdo.tn\/fr\/blog\/hrw-ayachi-hammami-a-simplement-exerce-son-droit-a-la-liberte-d-expression\/202006\/"},"modified":"2025-05-20T22:03:09","modified_gmt":"2025-05-20T22:03:09","slug":"hrw-ayachi-hammami-a-simplement-exerce-son-droit-a-la-liberte-d-expression","status":"publish","type":"post","link":"https:\/\/www.webdo.tn\/fr\/actualite\/national\/hrw-ayachi-hammami-a-simplement-exerce-son-droit-a-la-liberte-d-expression\/202006\/","title":{"rendered":"HRW : \u00ab\u00a0Ayachi Hammami a simplement exerc\u00e9 son droit \u00e0 la libert\u00e9 d&rsquo;expression\u00a0\u00bb"},"content":{"rendered":"<p>L&rsquo;organisation Human Rights Watch est revenue sur l\u2019affaire Ayachi Hammami, estimant que \u00ab\u00a0l&rsquo;activiste et avocat avait simplement exerc\u00e9 son droit \u00e0 la libert\u00e9 d&rsquo;expression pour d\u00e9fendre l&rsquo;ind\u00e9pendance judiciaire\u00a0\u00bb.<\/p>\n<p>\t\t\t\t\t\t\t\t\t\u00ab\u00a0Malgr\u00e9 la r\u00e9pression de plus en plus s\u00e9v\u00e8re qui s\u00e9vit depuis que le pr\u00e9sident Kais Saied s\u2019est arrog\u00e9 des pouvoirs extraordinaires le 25 juillet 2021, la soci\u00e9t\u00e9 civile en Tunisie reste plus libre aujourd\u2019hui que sous Ben Ali, (\u2026). Mais le 10 janvier, une affaire politique pr\u00e9occupante contre un militant de longue date a ramen\u00e9 de nouveau la flash mob des droits humains sur ce m\u00eame trottoir, en face du tribunal\u00a0\u00bb.<\/p>\n<p>Human Rights Watch rappelle que \u00ab\u00a0Ayachi Hammami est accus\u00e9 d\u2019avoir, dans une interview accord\u00e9e \u00e0 la radio (Shems fm) le 29 d\u00e9cembre 2022, en tant que coordinateur du Comit\u00e9 de d\u00e9fense des juges r\u00e9voqu\u00e9s, condamn\u00e9 les efforts du pr\u00e9sident Saied visant \u00e0 \u00e9visc\u00e9rer l\u2019ind\u00e9pendance de la justice\u00a0\u00bb.<\/p>\n<p>Comme base de toute cette affaire la r\u00e9vocation de 57 magistrats, 1er juin 2022. Ayachi Hammami a alors accus\u00e9 la ministre de la Justice, Leila Jaffel, de \u00ab\u00a0commettre un crime\u00a0\u00bb en refusant d\u2019appliquer une d\u00e9cision du tribunal administratif de r\u00e9int\u00e9grer la plupart de ces juges, et de \u00ab\u00a0fabriquer\u00a0\u00bb des affaires criminelles \u00e0 leur encontre.<\/p>\n<p>L\u2019accusation contre Hammami s\u2019appuie sur une plainte d\u00e9pos\u00e9e par Leila Jaffel en vertu du d\u00e9cret 54, promulgu\u00e9e par le pr\u00e9sident Saied en septembre dernier. Hammami est accus\u00e9, en vertu de l\u2019article 24 de cette loi, de diffuser \u00ab\u00a0de fausses informations dans le but de porter atteinte aux droits d\u2019autrui et de menacer la s\u00e9curit\u00e9 publique, et d\u2019attribuer de fausses informations pour diffamer autrui\u00a0\u00bb. Provisoirement en libert\u00e9, il risque 10 ans de prison.<\/p>\n<p>Le 10 janvier, dans la salle d\u2019audience du juge d\u2019instruction, 22 avocats de la d\u00e9fense se sont relay\u00e9s pour affirmer que Ayachi Hammami n\u2019avait fait qu\u2019exercer son droit \u00e0 la libert\u00e9 d\u2019expression pour d\u00e9fendre l\u2019ind\u00e9pendance de la justice. Le juge doit maintenant d\u00e9cider s\u2019il renvoie Hammami devant un tribunal.<\/p>\n<p>Lors de sa comparution, le juge d&rsquo;instruction aupr\u00e8s du Tribunal de premi\u00e8re instance de Tunis a d\u00e9cid\u00e9 de maintenir l&rsquo;avocat en \u00e9tat de libert\u00e9.<\/p>\n","protected":false},"excerpt":{"rendered":"<p>L&rsquo;organisation Human Rights Watch est revenue sur l\u2019affaire Ayachi Hammami, estimant que  l&rsquo;activiste et avocat avait simplement exerc\u00e9 son droit \u00e0 la libert\u00e9 d&#8230;<\/p>\n","protected":false},"author":3162,"featured_media":252463,"comment_status":"open","ping_status":"closed","sticky":false,"template":"","format":"standard","meta":{"footnotes":""},"categories":[44],"tags":[7766,7661,8355],"class_list":["post-202006","post","type-post","status-publish","format-standard","has-post-thumbnail","hentry","category-national","tag-ayachi-hammami","tag-human-rights-watch","tag-juges-revoques"],"yoast_head":"<!-- This site is optimized with the Yoast SEO Premium plugin v27.5 (Yoast SEO v27.5) - https:\/\/yoast.com\/product\/yoast-seo-premium-wordpress\/ -->\n<title>HRW : Ayachi Hammami a simplement exerc\u00e9 son droit \u00e0 la libert\u00e9 d&#039;expression<\/title>\n<meta name=\"description\" content=\"L&#039;organisation Human Rights Watch est revenue sur l\u2019affaire Ayachi Hammami, estimant que l&#039;activiste et avocat avait simplement exerc\u00e9 son droit \u00e0 la libert\u00e9 d...\" \/>\n<link rel=\"canonical\" href=\"https:\/\/www.webdo.tn\/fr\/actualite\/national\/hrw-ayachi-hammami-a-simplement-exerce-son-droit-a-la-liberte-d-expression\/202006\/\" \/>\n<meta property=\"og:locale\" content=\"fr_FR\" \/>\n<meta property=\"og:type\" content=\"article\" \/>\n<meta property=\"og:title\" content=\"HRW : &quot;Ayachi Hammami a simplement exerc\u00e9 son droit \u00e0 la libert\u00e9 d&#039;expression&quot;\" \/>\n<meta property=\"og:description\" content=\"L&#039;organisation Human Rights Watch est revenue sur l\u2019affaire Ayachi Hammami, estimant que l&#039;activiste et avocat avait simplement exerc\u00e9 son droit \u00e0 la libert\u00e9 d...\" \/>\n<meta property=\"og:url\" content=\"https:\/\/www.webdo.tn\/fr\/actualite\/national\/hrw-ayachi-hammami-a-simplement-exerce-son-droit-a-la-liberte-d-expression\/202006\/\" \/>\n<meta property=\"og:site_name\" content=\"webdo\" \/>\n<meta property=\"article:publisher\" content=\"https:\/\/www.facebook.com\/webdotn\" \/>\n<meta property=\"article:published_time\" content=\"2023-01-18T12:50:00+00:00\" \/>\n<meta property=\"article:modified_time\" content=\"2025-05-20T22:03:09+00:00\" \/>\n<meta property=\"og:image\" content=\"https:\/\/www.webdo.tn\/fr\/wp-content\/uploads\/2023\/01\/7d906f7542d4c982288960c106b2b983.jpg\" \/>\n\t<meta property=\"og:image:width\" content=\"562\" \/>\n\t<meta property=\"og:image:height\" content=\"300\" \/>\n\t<meta property=\"og:image:type\" content=\"image\/jpeg\" \/>\n<meta name=\"author\" content=\"MC\" \/>\n<meta name=\"twitter:card\" content=\"summary_large_image\" \/>\n<meta name=\"twitter:creator\" content=\"@webdo_tn\" \/>\n<meta name=\"twitter:site\" content=\"@webdo_tn\" \/>\n<meta name=\"twitter:label1\" content=\"\u00c9crit par\" \/>\n\t<meta name=\"twitter:data1\" content=\"MC\" \/>\n\t<meta name=\"twitter:label2\" content=\"Dur\u00e9e de lecture estim\u00e9e\" \/>\n\t<meta name=\"twitter:data2\" content=\"2 minutes\" \/>\n<script type=\"application\/ld+json\" class=\"yoast-schema-graph\">{\"@context\":\"https:\\\/\\\/schema.org\",\"@graph\":[{\"@type\":\"NewsArticle\",\"@id\":\"https:\\\/\\\/www.webdo.tn\\\/fr\\\/actualite\\\/national\\\/hrw-ayachi-hammami-a-simplement-exerce-son-droit-a-la-liberte-d-expression\\\/202006\\\/#article\",\"isPartOf\":{\"@id\":\"https:\\\/\\\/www.webdo.tn\\\/fr\\\/actualite\\\/national\\\/hrw-ayachi-hammami-a-simplement-exerce-son-droit-a-la-liberte-d-expression\\\/202006\\\/\"},\"author\":{\"name\":\"MC\",\"@id\":\"https:\\\/\\\/www.webdo.tn\\\/fr\\\/#\\\/schema\\\/person\\\/2c4929cbf5a809e3bd38617c6ce150f6\"},\"headline\":\"HRW : \u00ab\u00a0Ayachi Hammami a simplement exerc\u00e9 son droit \u00e0 la libert\u00e9 d&rsquo;expression\u00a0\u00bb\",\"datePublished\":\"2023-01-18T12:50:00+00:00\",\"dateModified\":\"2025-05-20T22:03:09+00:00\",\"mainEntityOfPage\":{\"@id\":\"https:\\\/\\\/www.webdo.tn\\\/fr\\\/actualite\\\/national\\\/hrw-ayachi-hammami-a-simplement-exerce-son-droit-a-la-liberte-d-expression\\\/202006\\\/\"},\"wordCount\":399,\"commentCount\":0,\"publisher\":{\"@id\":\"https:\\\/\\\/www.webdo.tn\\\/fr\\\/#organization\"},\"image\":{\"@id\":\"https:\\\/\\\/www.webdo.tn\\\/fr\\\/actualite\\\/national\\\/hrw-ayachi-hammami-a-simplement-exerce-son-droit-a-la-liberte-d-expression\\\/202006\\\/#primaryimage\"},\"thumbnailUrl\":\"https:\\\/\\\/www.webdo.tn\\\/fr\\\/wp-content\\\/uploads\\\/2023\\\/01\\\/7d906f7542d4c982288960c106b2b983.jpg\",\"keywords\":[\"Ayachi Hammami\",\"Human Rights Watch\",\"juges r\u00e9voqu\u00e9s\"],\"articleSection\":[\"National\"],\"inLanguage\":\"fr-FR\"},{\"@type\":\"WebPage\",\"@id\":\"https:\\\/\\\/www.webdo.tn\\\/fr\\\/actualite\\\/national\\\/hrw-ayachi-hammami-a-simplement-exerce-son-droit-a-la-liberte-d-expression\\\/202006\\\/\",\"url\":\"https:\\\/\\\/www.webdo.tn\\\/fr\\\/actualite\\\/national\\\/hrw-ayachi-hammami-a-simplement-exerce-son-droit-a-la-liberte-d-expression\\\/202006\\\/\",\"name\":\"HRW : Ayachi Hammami a simplement exerc\u00e9 son droit \u00e0 la libert\u00e9 d'expression\",\"isPartOf\":{\"@id\":\"https:\\\/\\\/www.webdo.tn\\\/fr\\\/#website\"},\"primaryImageOfPage\":{\"@id\":\"https:\\\/\\\/www.webdo.tn\\\/fr\\\/actualite\\\/national\\\/hrw-ayachi-hammami-a-simplement-exerce-son-droit-a-la-liberte-d-expression\\\/202006\\\/#primaryimage\"},\"image\":{\"@id\":\"https:\\\/\\\/www.webdo.tn\\\/fr\\\/actualite\\\/national\\\/hrw-ayachi-hammami-a-simplement-exerce-son-droit-a-la-liberte-d-expression\\\/202006\\\/#primaryimage\"},\"thumbnailUrl\":\"https:\\\/\\\/www.webdo.tn\\\/fr\\\/wp-content\\\/uploads\\\/2023\\\/01\\\/7d906f7542d4c982288960c106b2b983.jpg\",\"datePublished\":\"2023-01-18T12:50:00+00:00\",\"dateModified\":\"2025-05-20T22:03:09+00:00\",\"description\":\"L'organisation Human Rights Watch est revenue sur l\u2019affaire Ayachi Hammami, estimant que l'activiste et avocat avait simplement exerc\u00e9 son droit \u00e0 la libert\u00e9 d...\",\"breadcrumb\":{\"@id\":\"https:\\\/\\\/www.webdo.tn\\\/fr\\\/actualite\\\/national\\\/hrw-ayachi-hammami-a-simplement-exerce-son-droit-a-la-liberte-d-expression\\\/202006\\\/#breadcrumb\"},\"inLanguage\":\"fr-FR\",\"potentialAction\":[{\"@type\":\"ReadAction\",\"target\":[\"https:\\\/\\\/www.webdo.tn\\\/fr\\\/actualite\\\/national\\\/hrw-ayachi-hammami-a-simplement-exerce-son-droit-a-la-liberte-d-expression\\\/202006\\\/\"]}]},{\"@type\":\"ImageObject\",\"inLanguage\":\"fr-FR\",\"@id\":\"https:\\\/\\\/www.webdo.tn\\\/fr\\\/actualite\\\/national\\\/hrw-ayachi-hammami-a-simplement-exerce-son-droit-a-la-liberte-d-expression\\\/202006\\\/#primaryimage\",\"url\":\"https:\\\/\\\/www.webdo.tn\\\/fr\\\/wp-content\\\/uploads\\\/2023\\\/01\\\/7d906f7542d4c982288960c106b2b983.jpg\",\"contentUrl\":\"https:\\\/\\\/www.webdo.tn\\\/fr\\\/wp-content\\\/uploads\\\/2023\\\/01\\\/7d906f7542d4c982288960c106b2b983.jpg\",\"width\":562,\"height\":300,\"caption\":\"Ayachi Hammami (CP : Human Rights Watch)\"},{\"@type\":\"BreadcrumbList\",\"@id\":\"https:\\\/\\\/www.webdo.tn\\\/fr\\\/actualite\\\/national\\\/hrw-ayachi-hammami-a-simplement-exerce-son-droit-a-la-liberte-d-expression\\\/202006\\\/#breadcrumb\",\"itemListElement\":[{\"@type\":\"ListItem\",\"position\":1,\"name\":\"Accueil\",\"item\":\"https:\\\/\\\/www.webdo.tn\\\/fr\\\/\"},{\"@type\":\"ListItem\",\"position\":2,\"name\":\"HRW : &#8220;Ayachi Hammami a simplement exerc\u00e9 son droit \u00e0 la libert\u00e9 d&#8217;expression&#8221;\"}]},{\"@type\":\"WebSite\",\"@id\":\"https:\\\/\\\/www.webdo.tn\\\/fr\\\/#website\",\"url\":\"https:\\\/\\\/www.webdo.tn\\\/fr\\\/\",\"name\":\"webdo\",\"description\":\"Tunisie - News en Tunisie et \u00e0 l&#039;international sur Webdo.tn\",\"publisher\":{\"@id\":\"https:\\\/\\\/www.webdo.tn\\\/fr\\\/#organization\"},\"potentialAction\":[{\"@type\":\"SearchAction\",\"target\":{\"@type\":\"EntryPoint\",\"urlTemplate\":\"https:\\\/\\\/www.webdo.tn\\\/fr\\\/?s={search_term_string}\"},\"query-input\":{\"@type\":\"PropertyValueSpecification\",\"valueRequired\":true,\"valueName\":\"search_term_string\"}}],\"inLanguage\":\"fr-FR\"},{\"@type\":\"Organization\",\"@id\":\"https:\\\/\\\/www.webdo.tn\\\/fr\\\/#organization\",\"name\":\"Webdo\",\"alternateName\":\"Webdo.tn\",\"url\":\"https:\\\/\\\/www.webdo.tn\\\/fr\\\/\",\"logo\":{\"@type\":\"ImageObject\",\"inLanguage\":\"fr-FR\",\"@id\":\"https:\\\/\\\/www.webdo.tn\\\/fr\\\/#\\\/schema\\\/logo\\\/image\\\/\",\"url\":\"https:\\\/\\\/www.webdo.tn\\\/fr\\\/wp-content\\\/uploads\\\/2025\\\/06\\\/Webdo-Tunisie_168377.jpg\",\"contentUrl\":\"https:\\\/\\\/www.webdo.tn\\\/fr\\\/wp-content\\\/uploads\\\/2025\\\/06\\\/Webdo-Tunisie_168377.jpg\",\"width\":301,\"height\":301,\"caption\":\"Webdo\"},\"image\":{\"@id\":\"https:\\\/\\\/www.webdo.tn\\\/fr\\\/#\\\/schema\\\/logo\\\/image\\\/\"},\"sameAs\":[\"https:\\\/\\\/www.facebook.com\\\/webdotn\",\"https:\\\/\\\/x.com\\\/webdo_tn\"],\"description\":\"Webdo est un m\u00e9dia num\u00e9rique tunisien fond\u00e9 en 2010, sp\u00e9cialis\u00e9 dans l\u2019actualit\u00e9 nationale et internationale, l\u2019\u00e9conomie, la soci\u00e9t\u00e9 et les analyses politiques. Le site s\u2019adresse \u00e0 un large public francophone et couvre l\u2019information tunisienne en temps r\u00e9el.\",\"email\":\"redac@webdo.tn\",\"legalName\":\"YNJ SARL\",\"foundingDate\":\"2010-09-06\",\"numberOfEmployees\":{\"@type\":\"QuantitativeValue\",\"minValue\":\"11\",\"maxValue\":\"50\"}},{\"@type\":\"Person\",\"@id\":\"https:\\\/\\\/www.webdo.tn\\\/fr\\\/#\\\/schema\\\/person\\\/2c4929cbf5a809e3bd38617c6ce150f6\",\"name\":\"MC\",\"image\":{\"@type\":\"ImageObject\",\"inLanguage\":\"fr-FR\",\"@id\":\"https:\\\/\\\/secure.gravatar.com\\\/avatar\\\/a545bbb6f84efdd5553dbbc2895e3ca8f1d12c5215e00a041c9670b54aa9b18a?s=96&d=mm&r=g\",\"url\":\"https:\\\/\\\/secure.gravatar.com\\\/avatar\\\/a545bbb6f84efdd5553dbbc2895e3ca8f1d12c5215e00a041c9670b54aa9b18a?s=96&d=mm&r=g\",\"contentUrl\":\"https:\\\/\\\/secure.gravatar.com\\\/avatar\\\/a545bbb6f84efdd5553dbbc2895e3ca8f1d12c5215e00a041c9670b54aa9b18a?s=96&d=mm&r=g\",\"caption\":\"MC\"},\"url\":\"https:\\\/\\\/www.webdo.tn\\\/fr\\\/actualite\\\/author\\\/mc\\\/\"}]}<\/script>\n<!-- \/ Yoast SEO Premium plugin. -->","yoast_head_json":{"title":"HRW : Ayachi Hammami a simplement exerc\u00e9 son droit \u00e0 la libert\u00e9 d'expression","description":"L'organisation Human Rights Watch est revenue sur l\u2019affaire Ayachi Hammami, estimant que l'activiste et avocat avait simplement exerc\u00e9 son droit \u00e0 la libert\u00e9 d...","canonical":"https:\/\/www.webdo.tn\/fr\/actualite\/national\/hrw-ayachi-hammami-a-simplement-exerce-son-droit-a-la-liberte-d-expression\/202006\/","og_locale":"fr_FR","og_type":"article","og_title":"HRW : \"Ayachi Hammami a simplement exerc\u00e9 son droit \u00e0 la libert\u00e9 d'expression\"","og_description":"L'organisation Human Rights Watch est revenue sur l\u2019affaire Ayachi Hammami, estimant que l'activiste et avocat avait simplement exerc\u00e9 son droit \u00e0 la libert\u00e9 d...","og_url":"https:\/\/www.webdo.tn\/fr\/actualite\/national\/hrw-ayachi-hammami-a-simplement-exerce-son-droit-a-la-liberte-d-expression\/202006\/","og_site_name":"webdo","article_publisher":"https:\/\/www.facebook.com\/webdotn","article_published_time":"2023-01-18T12:50:00+00:00","article_modified_time":"2025-05-20T22:03:09+00:00","og_image":[{"width":562,"height":300,"url":"https:\/\/www.webdo.tn\/fr\/wp-content\/uploads\/2023\/01\/7d906f7542d4c982288960c106b2b983.jpg","type":"image\/jpeg"}],"author":"MC","twitter_card":"summary_large_image","twitter_creator":"@webdo_tn","twitter_site":"@webdo_tn","twitter_misc":{"\u00c9crit par":"MC","Dur\u00e9e de lecture estim\u00e9e":"2 minutes"},"schema":{"@context":"https:\/\/schema.org","@graph":[{"@type":"NewsArticle","@id":"https:\/\/www.webdo.tn\/fr\/actualite\/national\/hrw-ayachi-hammami-a-simplement-exerce-son-droit-a-la-liberte-d-expression\/202006\/#article","isPartOf":{"@id":"https:\/\/www.webdo.tn\/fr\/actualite\/national\/hrw-ayachi-hammami-a-simplement-exerce-son-droit-a-la-liberte-d-expression\/202006\/"},"author":{"name":"MC","@id":"https:\/\/www.webdo.tn\/fr\/#\/schema\/person\/2c4929cbf5a809e3bd38617c6ce150f6"},"headline":"HRW : \u00ab\u00a0Ayachi Hammami a simplement exerc\u00e9 son droit \u00e0 la libert\u00e9 d&rsquo;expression\u00a0\u00bb","datePublished":"2023-01-18T12:50:00+00:00","dateModified":"2025-05-20T22:03:09+00:00","mainEntityOfPage":{"@id":"https:\/\/www.webdo.tn\/fr\/actualite\/national\/hrw-ayachi-hammami-a-simplement-exerce-son-droit-a-la-liberte-d-expression\/202006\/"},"wordCount":399,"commentCount":0,"publisher":{"@id":"https:\/\/www.webdo.tn\/fr\/#organization"},"image":{"@id":"https:\/\/www.webdo.tn\/fr\/actualite\/national\/hrw-ayachi-hammami-a-simplement-exerce-son-droit-a-la-liberte-d-expression\/202006\/#primaryimage"},"thumbnailUrl":"https:\/\/www.webdo.tn\/fr\/wp-content\/uploads\/2023\/01\/7d906f7542d4c982288960c106b2b983.jpg","keywords":["Ayachi Hammami","Human Rights Watch","juges r\u00e9voqu\u00e9s"],"articleSection":["National"],"inLanguage":"fr-FR"},{"@type":"WebPage","@id":"https:\/\/www.webdo.tn\/fr\/actualite\/national\/hrw-ayachi-hammami-a-simplement-exerce-son-droit-a-la-liberte-d-expression\/202006\/","url":"https:\/\/www.webdo.tn\/fr\/actualite\/national\/hrw-ayachi-hammami-a-simplement-exerce-son-droit-a-la-liberte-d-expression\/202006\/","name":"HRW : Ayachi Hammami a simplement exerc\u00e9 son droit \u00e0 la libert\u00e9 d'expression","isPartOf":{"@id":"https:\/\/www.webdo.tn\/fr\/#website"},"primaryImageOfPage":{"@id":"https:\/\/www.webdo.tn\/fr\/actualite\/national\/hrw-ayachi-hammami-a-simplement-exerce-son-droit-a-la-liberte-d-expression\/202006\/#primaryimage"},"image":{"@id":"https:\/\/www.webdo.tn\/fr\/actualite\/national\/hrw-ayachi-hammami-a-simplement-exerce-son-droit-a-la-liberte-d-expression\/202006\/#primaryimage"},"thumbnailUrl":"https:\/\/www.webdo.tn\/fr\/wp-content\/uploads\/2023\/01\/7d906f7542d4c982288960c106b2b983.jpg","datePublished":"2023-01-18T12:50:00+00:00","dateModified":"2025-05-20T22:03:09+00:00","description":"L'organisation Human Rights Watch est revenue sur l\u2019affaire Ayachi Hammami, estimant que l'activiste et avocat avait simplement exerc\u00e9 son droit \u00e0 la libert\u00e9 d...","breadcrumb":{"@id":"https:\/\/www.webdo.tn\/fr\/actualite\/national\/hrw-ayachi-hammami-a-simplement-exerce-son-droit-a-la-liberte-d-expression\/202006\/#breadcrumb"},"inLanguage":"fr-FR","potentialAction":[{"@type":"ReadAction","target":["https:\/\/www.webdo.tn\/fr\/actualite\/national\/hrw-ayachi-hammami-a-simplement-exerce-son-droit-a-la-liberte-d-expression\/202006\/"]}]},{"@type":"ImageObject","inLanguage":"fr-FR","@id":"https:\/\/www.webdo.tn\/fr\/actualite\/national\/hrw-ayachi-hammami-a-simplement-exerce-son-droit-a-la-liberte-d-expression\/202006\/#primaryimage","url":"https:\/\/www.webdo.tn\/fr\/wp-content\/uploads\/2023\/01\/7d906f7542d4c982288960c106b2b983.jpg","contentUrl":"https:\/\/www.webdo.tn\/fr\/wp-content\/uploads\/2023\/01\/7d906f7542d4c982288960c106b2b983.jpg","width":562,"height":300,"caption":"Ayachi Hammami (CP : Human Rights Watch)"},{"@type":"BreadcrumbList","@id":"https:\/\/www.webdo.tn\/fr\/actualite\/national\/hrw-ayachi-hammami-a-simplement-exerce-son-droit-a-la-liberte-d-expression\/202006\/#breadcrumb","itemListElement":[{"@type":"ListItem","position":1,"name":"Accueil","item":"https:\/\/www.webdo.tn\/fr\/"},{"@type":"ListItem","position":2,"name":"HRW : &#8220;Ayachi Hammami a simplement exerc\u00e9 son droit \u00e0 la libert\u00e9 d&#8217;expression&#8221;"}]},{"@type":"WebSite","@id":"https:\/\/www.webdo.tn\/fr\/#website","url":"https:\/\/www.webdo.tn\/fr\/","name":"webdo","description":"Tunisie - News en Tunisie et \u00e0 l&#039;international sur Webdo.tn","publisher":{"@id":"https:\/\/www.webdo.tn\/fr\/#organization"},"potentialAction":[{"@type":"SearchAction","target":{"@type":"EntryPoint","urlTemplate":"https:\/\/www.webdo.tn\/fr\/?s={search_term_string}"},"query-input":{"@type":"PropertyValueSpecification","valueRequired":true,"valueName":"search_term_string"}}],"inLanguage":"fr-FR"},{"@type":"Organization","@id":"https:\/\/www.webdo.tn\/fr\/#organization","name":"Webdo","alternateName":"Webdo.tn","url":"https:\/\/www.webdo.tn\/fr\/","logo":{"@type":"ImageObject","inLanguage":"fr-FR","@id":"https:\/\/www.webdo.tn\/fr\/#\/schema\/logo\/image\/","url":"https:\/\/www.webdo.tn\/fr\/wp-content\/uploads\/2025\/06\/Webdo-Tunisie_168377.jpg","contentUrl":"https:\/\/www.webdo.tn\/fr\/wp-content\/uploads\/2025\/06\/Webdo-Tunisie_168377.jpg","width":301,"height":301,"caption":"Webdo"},"image":{"@id":"https:\/\/www.webdo.tn\/fr\/#\/schema\/logo\/image\/"},"sameAs":["https:\/\/www.facebook.com\/webdotn","https:\/\/x.com\/webdo_tn"],"description":"Webdo est un m\u00e9dia num\u00e9rique tunisien fond\u00e9 en 2010, sp\u00e9cialis\u00e9 dans l\u2019actualit\u00e9 nationale et internationale, l\u2019\u00e9conomie, la soci\u00e9t\u00e9 et les analyses politiques. Le site s\u2019adresse \u00e0 un large public francophone et couvre l\u2019information tunisienne en temps r\u00e9el.","email":"redac@webdo.tn","legalName":"YNJ SARL","foundingDate":"2010-09-06","numberOfEmployees":{"@type":"QuantitativeValue","minValue":"11","maxValue":"50"}},{"@type":"Person","@id":"https:\/\/www.webdo.tn\/fr\/#\/schema\/person\/2c4929cbf5a809e3bd38617c6ce150f6","name":"MC","image":{"@type":"ImageObject","inLanguage":"fr-FR","@id":"https:\/\/secure.gravatar.com\/avatar\/a545bbb6f84efdd5553dbbc2895e3ca8f1d12c5215e00a041c9670b54aa9b18a?s=96&d=mm&r=g","url":"https:\/\/secure.gravatar.com\/avatar\/a545bbb6f84efdd5553dbbc2895e3ca8f1d12c5215e00a041c9670b54aa9b18a?s=96&d=mm&r=g","contentUrl":"https:\/\/secure.gravatar.com\/avatar\/a545bbb6f84efdd5553dbbc2895e3ca8f1d12c5215e00a041c9670b54aa9b18a?s=96&d=mm&r=g","caption":"MC"},"url":"https:\/\/www.webdo.tn\/fr\/actualite\/author\/mc\/"}]}},"_links":{"self":[{"href":"https:\/\/www.webdo.tn\/fr\/wp-json\/wp\/v2\/posts\/202006","targetHints":{"allow":["GET"]}}],"collection":[{"href":"https:\/\/www.webdo.tn\/fr\/wp-json\/wp\/v2\/posts"}],"about":[{"href":"https:\/\/www.webdo.tn\/fr\/wp-json\/wp\/v2\/types\/post"}],"author":[{"embeddable":true,"href":"https:\/\/www.webdo.tn\/fr\/wp-json\/wp\/v2\/users\/3162"}],"replies":[{"embeddable":true,"href":"https:\/\/www.webdo.tn\/fr\/wp-json\/wp\/v2\/comments?post=202006"}],"version-history":[{"count":0,"href":"https:\/\/www.webdo.tn\/fr\/wp-json\/wp\/v2\/posts\/202006\/revisions"}],"wp:featuredmedia":[{"embeddable":true,"href":"https:\/\/www.webdo.tn\/fr\/wp-json\/wp\/v2\/media\/252463"}],"wp:attachment":[{"href":"https:\/\/www.webdo.tn\/fr\/wp-json\/wp\/v2\/media?parent=202006"}],"wp:term":[{"taxonomy":"category","embeddable":true,"href":"https:\/\/www.webdo.tn\/fr\/wp-json\/wp\/v2\/categories?post=202006"},{"taxonomy":"post_tag","embeddable":true,"href":"https:\/\/www.webdo.tn\/fr\/wp-json\/wp\/v2\/tags?post=202006"}],"curies":[{"name":"wp","href":"https:\/\/api.w.org\/{rel}","templated":true}]}}