{"id":202000,"date":"2023-01-18T10:09:00","date_gmt":"2023-01-18T10:09:00","guid":{"rendered":"https:\/\/www.webdo.tn\/fr\/actualite\/blog\/propos-desabuses-d-un-clubiste-lucide\/202000\/"},"modified":"2025-05-22T11:37:51","modified_gmt":"2025-05-22T11:37:51","slug":"propos-desabuses-d-un-clubiste-lucide","status":"publish","type":"post","link":"https:\/\/www.webdo.tn\/fr\/actualite\/chroniques\/propos-desabuses-d-un-clubiste-lucide\/202000\/","title":{"rendered":"Propos d\u00e9sabus\u00e9s d&rsquo;un Clubiste lucide"},"content":{"rendered":"<p>Le Club Africain traverse une p\u00e9riode difficile de sa longue histoire. Et \u00e0 vrai dire, ces difficult\u00e9s concernent non pas l&rsquo;association sportive dans son ensemble mais seulement le football professionnel.<\/p>\n<p> Ces probl\u00e8mes v\u00e9cus par le Club Africain sont de divers ordres mais sont avant tout dus \u00e0 la gestion cavali\u00e8re et aventuriste de la p\u00e9riode o\u00f9 un certain Slim Riahi a pu se hisser \u00e0 la pr\u00e9sidence du CA.<\/p>\n<p>Lorsque ce politicard a pris le pouvoir \u00e0 Bab Djedid, il n&rsquo;a jamais cach\u00e9 son ambition de se servir du club comme tremplin. Il a jou\u00e9 ensuite \u00e0 l&rsquo;illusionniste, promis monts et merveilles avant la d\u00e9bandade.<\/p>\n<p>Riahi avait trouv\u00e9 un club financi\u00e8rement exsangue et a laiss\u00e9 un club non seulement \u00e0 bout de ressources mais plomb\u00e9 par des dettes sc\u00e9l\u00e9rates.<\/p>\n<p>Le Club Africain a ensuite commenc\u00e9 \u00e0 remonter la pente et cela risque de prendre plusieurs ann\u00e9es avant de retrouver les grands \u00e9quilibres. Les comit\u00e9s directeurs successifs font ce qu&rsquo;ils peuvent et les supporters aussi.<\/p>\n<p>On se souvient de la formidable mobilisation de ressources men\u00e9e par les supporters et de l&rsquo;\u00e9lan qu&rsquo;elle a suscit\u00e9. On se souvient aussi du sursaut d&rsquo;orgueil des joueurs qui ont contribu\u00e9 \u00e0 cette mobilisation.<\/p>\n<p>Aujourd&rsquo;hui, il convient de faire comprendre \u00e0 tous que nous sommes en train de remonter une pente ardue et que seul l&rsquo;argent est la cl\u00e9 de cette situation difficile.<\/p>\n<p>Il faut donc poursuivre la mobilisation, remplir le stade quand notre onze joue et surtout, pour une frange du public, cesser de s&rsquo;en prendre aux joueurs quand ils perdent un match.<\/p>\n<p>Les supporters doivent au contraire soutenir l&rsquo;\u00e9quipe dans ce passage difficile. Notre onze souffre, joue la peur au ventre et il est inutile d&rsquo;ajouter une pression &#8211; souvent indigne &#8211; venant de quelques ultras.<\/p>\n<p>L&rsquo;heure est plut\u00f4t \u00e0 l&rsquo;union sacr\u00e9e. Et je l&rsquo;\u00e9cris pour bien souligner qu&rsquo;il faut que cesse cette brutalit\u00e9 verbale \u00e0 l&rsquo;encontre de joueurs qui, d\u00e9sormais, sont traumatis\u00e9s par leur propre public.<\/p>\n<p>Il est temps de soutenir avec d\u00e9termination notre \u00e9quipe, appuyer les joueurs et ne pas en faire une cible et les r\u00e9sultats viendront.<\/p>\n","protected":false},"excerpt":{"rendered":"<p>Le Club Africain traverse une p\u00e9riode difficile de sa longue histoire. Et \u00e0 vrai dire, ces difficult\u00e9s concernent non pas l&rsquo;association sportive dans son ensemb&#8230;<\/p>\n","protected":false},"author":3229,"featured_media":348267,"comment_status":"open","ping_status":"closed","sticky":false,"template":"","format":"standard","meta":{"footnotes":""},"categories":[2596],"tags":[3101],"class_list":["post-202000","post","type-post","status-publish","format-standard","has-post-thumbnail","hentry","category-chroniques","tag-club-africain"],"yoast_head":"<!-- This site is optimized with the Yoast SEO Premium plugin v27.4 (Yoast SEO v27.5) - https:\/\/yoast.com\/product\/yoast-seo-premium-wordpress\/ -->\n<title>Propos d\u00e9sabus\u00e9s d&#039;un Clubiste lucide<\/title>\n<meta name=\"description\" content=\"Le Club Africain traverse une p\u00e9riode difficile de sa longue histoire. Et \u00e0 vrai dire, ces difficult\u00e9s concernent non pas l&#039;association sportive dans son ensemb...\" \/>\n<link rel=\"canonical\" href=\"https:\/\/www.webdo.tn\/fr\/actualite\/chroniques\/propos-desabuses-d-un-clubiste-lucide\/202000\/\" \/>\n<meta property=\"og:locale\" content=\"fr_FR\" \/>\n<meta property=\"og:type\" content=\"article\" \/>\n<meta property=\"og:title\" content=\"Propos d\u00e9sabus\u00e9s d&#039;un Clubiste lucide\" \/>\n<meta property=\"og:description\" content=\"Le Club Africain traverse une p\u00e9riode difficile de sa longue histoire. Et \u00e0 vrai dire, ces difficult\u00e9s concernent non pas l&#039;association sportive dans son ensemb...\" \/>\n<meta property=\"og:url\" content=\"https:\/\/www.webdo.tn\/fr\/actualite\/chroniques\/propos-desabuses-d-un-clubiste-lucide\/202000\/\" \/>\n<meta property=\"og:site_name\" content=\"webdo\" \/>\n<meta property=\"article:publisher\" content=\"https:\/\/www.facebook.com\/webdotn\" \/>\n<meta property=\"article:author\" content=\"https:\/\/www.facebook.com\/hatem.bourial.2025\" \/>\n<meta property=\"article:published_time\" content=\"2023-01-18T10:09:00+00:00\" \/>\n<meta property=\"article:modified_time\" content=\"2025-05-22T11:37:51+00:00\" \/>\n<meta property=\"og:image\" content=\"https:\/\/www.webdo.tn\/fr\/wp-content\/uploads\/2023\/01\/19375648319cea7d9ee17b6f7fefa1b0.jpg\" \/>\n\t<meta property=\"og:image:width\" content=\"750\" \/>\n\t<meta property=\"og:image:height\" content=\"400\" \/>\n\t<meta property=\"og:image:type\" content=\"image\/jpeg\" \/>\n<meta name=\"author\" content=\"Hatem Bourial\" \/>\n<meta name=\"twitter:card\" content=\"summary_large_image\" \/>\n<meta name=\"twitter:creator\" content=\"@webdo_tn\" \/>\n<meta name=\"twitter:site\" content=\"@webdo_tn\" \/>\n<meta name=\"twitter:label1\" content=\"\u00c9crit par\" \/>\n\t<meta name=\"twitter:data1\" content=\"Hatem Bourial\" \/>\n\t<meta name=\"twitter:label2\" content=\"Dur\u00e9e de lecture estim\u00e9e\" \/>\n\t<meta name=\"twitter:data2\" content=\"2 minutes\" \/>\n<script type=\"application\/ld+json\" class=\"yoast-schema-graph\">{\"@context\":\"https:\\\/\\\/schema.org\",\"@graph\":[{\"@type\":\"NewsArticle\",\"@id\":\"https:\\\/\\\/www.webdo.tn\\\/fr\\\/actualite\\\/chroniques\\\/propos-desabuses-d-un-clubiste-lucide\\\/202000\\\/#article\",\"isPartOf\":{\"@id\":\"https:\\\/\\\/www.webdo.tn\\\/fr\\\/actualite\\\/chroniques\\\/propos-desabuses-d-un-clubiste-lucide\\\/202000\\\/\"},\"author\":{\"name\":\"Hatem Bourial\",\"@id\":\"https:\\\/\\\/www.webdo.tn\\\/fr\\\/#\\\/schema\\\/person\\\/6bc0beba2cd23aec27cb5df85ca2554f\"},\"headline\":\"Propos d\u00e9sabus\u00e9s d&rsquo;un Clubiste lucide\",\"datePublished\":\"2023-01-18T10:09:00+00:00\",\"dateModified\":\"2025-05-22T11:37:51+00:00\",\"mainEntityOfPage\":{\"@id\":\"https:\\\/\\\/www.webdo.tn\\\/fr\\\/actualite\\\/chroniques\\\/propos-desabuses-d-un-clubiste-lucide\\\/202000\\\/\"},\"wordCount\":380,\"commentCount\":0,\"publisher\":{\"@id\":\"https:\\\/\\\/www.webdo.tn\\\/fr\\\/#organization\"},\"image\":{\"@id\":\"https:\\\/\\\/www.webdo.tn\\\/fr\\\/actualite\\\/chroniques\\\/propos-desabuses-d-un-clubiste-lucide\\\/202000\\\/#primaryimage\"},\"thumbnailUrl\":\"https:\\\/\\\/www.webdo.tn\\\/fr\\\/wp-content\\\/uploads\\\/2023\\\/01\\\/19375648319cea7d9ee17b6f7fefa1b0.jpg\",\"keywords\":[\"Club Africain\"],\"articleSection\":[\"Chroniques\"],\"inLanguage\":\"fr-FR\"},{\"@type\":\"WebPage\",\"@id\":\"https:\\\/\\\/www.webdo.tn\\\/fr\\\/actualite\\\/chroniques\\\/propos-desabuses-d-un-clubiste-lucide\\\/202000\\\/\",\"url\":\"https:\\\/\\\/www.webdo.tn\\\/fr\\\/actualite\\\/chroniques\\\/propos-desabuses-d-un-clubiste-lucide\\\/202000\\\/\",\"name\":\"Propos d\u00e9sabus\u00e9s d'un Clubiste lucide\",\"isPartOf\":{\"@id\":\"https:\\\/\\\/www.webdo.tn\\\/fr\\\/#website\"},\"primaryImageOfPage\":{\"@id\":\"https:\\\/\\\/www.webdo.tn\\\/fr\\\/actualite\\\/chroniques\\\/propos-desabuses-d-un-clubiste-lucide\\\/202000\\\/#primaryimage\"},\"image\":{\"@id\":\"https:\\\/\\\/www.webdo.tn\\\/fr\\\/actualite\\\/chroniques\\\/propos-desabuses-d-un-clubiste-lucide\\\/202000\\\/#primaryimage\"},\"thumbnailUrl\":\"https:\\\/\\\/www.webdo.tn\\\/fr\\\/wp-content\\\/uploads\\\/2023\\\/01\\\/19375648319cea7d9ee17b6f7fefa1b0.jpg\",\"datePublished\":\"2023-01-18T10:09:00+00:00\",\"dateModified\":\"2025-05-22T11:37:51+00:00\",\"description\":\"Le Club Africain traverse une p\u00e9riode difficile de sa longue histoire. Et \u00e0 vrai dire, ces difficult\u00e9s concernent non pas l'association sportive dans son ensemb...\",\"breadcrumb\":{\"@id\":\"https:\\\/\\\/www.webdo.tn\\\/fr\\\/actualite\\\/chroniques\\\/propos-desabuses-d-un-clubiste-lucide\\\/202000\\\/#breadcrumb\"},\"inLanguage\":\"fr-FR\",\"potentialAction\":[{\"@type\":\"ReadAction\",\"target\":[\"https:\\\/\\\/www.webdo.tn\\\/fr\\\/actualite\\\/chroniques\\\/propos-desabuses-d-un-clubiste-lucide\\\/202000\\\/\"]}]},{\"@type\":\"ImageObject\",\"inLanguage\":\"fr-FR\",\"@id\":\"https:\\\/\\\/www.webdo.tn\\\/fr\\\/actualite\\\/chroniques\\\/propos-desabuses-d-un-clubiste-lucide\\\/202000\\\/#primaryimage\",\"url\":\"https:\\\/\\\/www.webdo.tn\\\/fr\\\/wp-content\\\/uploads\\\/2023\\\/01\\\/19375648319cea7d9ee17b6f7fefa1b0.jpg\",\"contentUrl\":\"https:\\\/\\\/www.webdo.tn\\\/fr\\\/wp-content\\\/uploads\\\/2023\\\/01\\\/19375648319cea7d9ee17b6f7fefa1b0.jpg\",\"width\":750,\"height\":400,\"caption\":\"Propos d\u00e9sabus\u00e9s d'un Clubiste lucide\"},{\"@type\":\"BreadcrumbList\",\"@id\":\"https:\\\/\\\/www.webdo.tn\\\/fr\\\/actualite\\\/chroniques\\\/propos-desabuses-d-un-clubiste-lucide\\\/202000\\\/#breadcrumb\",\"itemListElement\":[{\"@type\":\"ListItem\",\"position\":1,\"name\":\"Accueil\",\"item\":\"https:\\\/\\\/www.webdo.tn\\\/fr\\\/\"},{\"@type\":\"ListItem\",\"position\":2,\"name\":\"Propos d\u00e9sabus\u00e9s d&#8217;un Clubiste lucide\"}]},{\"@type\":\"WebSite\",\"@id\":\"https:\\\/\\\/www.webdo.tn\\\/fr\\\/#website\",\"url\":\"https:\\\/\\\/www.webdo.tn\\\/fr\\\/\",\"name\":\"webdo\",\"description\":\"Tunisie - News en Tunisie et \u00e0 l&#039;international sur Webdo.tn\",\"publisher\":{\"@id\":\"https:\\\/\\\/www.webdo.tn\\\/fr\\\/#organization\"},\"potentialAction\":[{\"@type\":\"SearchAction\",\"target\":{\"@type\":\"EntryPoint\",\"urlTemplate\":\"https:\\\/\\\/www.webdo.tn\\\/fr\\\/?s={search_term_string}\"},\"query-input\":{\"@type\":\"PropertyValueSpecification\",\"valueRequired\":true,\"valueName\":\"search_term_string\"}}],\"inLanguage\":\"fr-FR\"},{\"@type\":\"Organization\",\"@id\":\"https:\\\/\\\/www.webdo.tn\\\/fr\\\/#organization\",\"name\":\"Webdo\",\"alternateName\":\"Webdo.tn\",\"url\":\"https:\\\/\\\/www.webdo.tn\\\/fr\\\/\",\"logo\":{\"@type\":\"ImageObject\",\"inLanguage\":\"fr-FR\",\"@id\":\"https:\\\/\\\/www.webdo.tn\\\/fr\\\/#\\\/schema\\\/logo\\\/image\\\/\",\"url\":\"https:\\\/\\\/www.webdo.tn\\\/fr\\\/wp-content\\\/uploads\\\/2025\\\/06\\\/Webdo-Tunisie_168377.jpg\",\"contentUrl\":\"https:\\\/\\\/www.webdo.tn\\\/fr\\\/wp-content\\\/uploads\\\/2025\\\/06\\\/Webdo-Tunisie_168377.jpg\",\"width\":301,\"height\":301,\"caption\":\"Webdo\"},\"image\":{\"@id\":\"https:\\\/\\\/www.webdo.tn\\\/fr\\\/#\\\/schema\\\/logo\\\/image\\\/\"},\"sameAs\":[\"https:\\\/\\\/www.facebook.com\\\/webdotn\",\"https:\\\/\\\/x.com\\\/webdo_tn\"],\"description\":\"Webdo est un m\u00e9dia num\u00e9rique tunisien fond\u00e9 en 2010, sp\u00e9cialis\u00e9 dans l\u2019actualit\u00e9 nationale et internationale, l\u2019\u00e9conomie, la soci\u00e9t\u00e9 et les analyses politiques. Le site s\u2019adresse \u00e0 un large public francophone et couvre l\u2019information tunisienne en temps r\u00e9el.\",\"email\":\"redac@webdo.tn\",\"legalName\":\"YNJ SARL\",\"foundingDate\":\"2010-09-06\",\"numberOfEmployees\":{\"@type\":\"QuantitativeValue\",\"minValue\":\"11\",\"maxValue\":\"50\"}},{\"@type\":\"Person\",\"@id\":\"https:\\\/\\\/www.webdo.tn\\\/fr\\\/#\\\/schema\\\/person\\\/6bc0beba2cd23aec27cb5df85ca2554f\",\"name\":\"Hatem Bourial\",\"image\":{\"@type\":\"ImageObject\",\"inLanguage\":\"fr-FR\",\"@id\":\"https:\\\/\\\/www.webdo.tn\\\/fr\\\/wp-content\\\/uploads\\\/2026\\\/04\\\/hatem-bourial_avatar-96x96.jpg\",\"url\":\"https:\\\/\\\/www.webdo.tn\\\/fr\\\/wp-content\\\/uploads\\\/2026\\\/04\\\/hatem-bourial_avatar-96x96.jpg\",\"contentUrl\":\"https:\\\/\\\/www.webdo.tn\\\/fr\\\/wp-content\\\/uploads\\\/2026\\\/04\\\/hatem-bourial_avatar-96x96.jpg\",\"caption\":\"Hatem Bourial\"},\"description\":\"Hatem Bourial est journaliste, \u00e9crivain et chroniqueur tunisien. Actif depuis plusieurs d\u00e9cennies, il s\u2019est impos\u00e9 comme un observateur attentif de la soci\u00e9t\u00e9 tunisienne, m\u00ealant dans ses \u00e9crits m\u00e9moire, culture et analyse du quotidien. Auteur de nombreux ouvrages, il d\u00e9veloppe une \u0153uvre \u00e0 la crois\u00e9e du r\u00e9cit, de la po\u00e9sie et de l\u2019observation sociologique. Parall\u00e8lement \u00e0 ses contributions dans la presse, il intervient r\u00e9guli\u00e8rement \u00e0 la radio et dans des espaces culturels, o\u00f9 il explore les enjeux li\u00e9s au patrimoine, \u00e0 l\u2019identit\u00e9 et aux transformations du monde contemporain. \u00c0 travers ses chroniques, Hatem Bourial propose une lecture sensible et approfondie de l\u2019actualit\u00e9, nourrie par une exp\u00e9rience journalistique et litt\u00e9raire reconnue. \ud83d\udd17 Facebook : https:\\\/\\\/www.facebook.com\\\/hatem.bourial.2025\",\"sameAs\":[\"https:\\\/\\\/www.facebook.com\\\/hatem.bourial.2025\",\"https:\\\/\\\/fr.wikipedia.org\\\/wiki\\\/Fichier:Hatem_Bourial.jpg\"],\"knowsAbout\":[\"Culture & patrimoine tunisien\",\"Chronique soci\u00e9tale\",\"Litt\u00e9rature & m\u00e9moire\",\"Cin\u00e9ma & critique culturelle\",\"Identit\u00e9 & mutations sociales\"],\"knowsLanguage\":[\"Arabe\",\"Fran\u00e7ais\",\"Anglais\",\"Italien\",\"Polonais\"],\"jobTitle\":\"Journaliste, \u00e9crivain et chroniqueur culturel\",\"worksFor\":\"Webdo\",\"url\":\"https:\\\/\\\/www.webdo.tn\\\/fr\\\/actualite\\\/author\\\/hatem-bourial-2\\\/\"}]}<\/script>\n<!-- \/ Yoast SEO Premium plugin. -->","yoast_head_json":{"title":"Propos d\u00e9sabus\u00e9s d'un Clubiste lucide","description":"Le Club Africain traverse une p\u00e9riode difficile de sa longue histoire. Et \u00e0 vrai dire, ces difficult\u00e9s concernent non pas l'association sportive dans son ensemb...","canonical":"https:\/\/www.webdo.tn\/fr\/actualite\/chroniques\/propos-desabuses-d-un-clubiste-lucide\/202000\/","og_locale":"fr_FR","og_type":"article","og_title":"Propos d\u00e9sabus\u00e9s d'un Clubiste lucide","og_description":"Le Club Africain traverse une p\u00e9riode difficile de sa longue histoire. Et \u00e0 vrai dire, ces difficult\u00e9s concernent non pas l'association sportive dans son ensemb...","og_url":"https:\/\/www.webdo.tn\/fr\/actualite\/chroniques\/propos-desabuses-d-un-clubiste-lucide\/202000\/","og_site_name":"webdo","article_publisher":"https:\/\/www.facebook.com\/webdotn","article_author":"https:\/\/www.facebook.com\/hatem.bourial.2025","article_published_time":"2023-01-18T10:09:00+00:00","article_modified_time":"2025-05-22T11:37:51+00:00","og_image":[{"width":750,"height":400,"url":"https:\/\/www.webdo.tn\/fr\/wp-content\/uploads\/2023\/01\/19375648319cea7d9ee17b6f7fefa1b0.jpg","type":"image\/jpeg"}],"author":"Hatem Bourial","twitter_card":"summary_large_image","twitter_creator":"@webdo_tn","twitter_site":"@webdo_tn","twitter_misc":{"\u00c9crit par":"Hatem Bourial","Dur\u00e9e de lecture estim\u00e9e":"2 minutes"},"schema":{"@context":"https:\/\/schema.org","@graph":[{"@type":"NewsArticle","@id":"https:\/\/www.webdo.tn\/fr\/actualite\/chroniques\/propos-desabuses-d-un-clubiste-lucide\/202000\/#article","isPartOf":{"@id":"https:\/\/www.webdo.tn\/fr\/actualite\/chroniques\/propos-desabuses-d-un-clubiste-lucide\/202000\/"},"author":{"name":"Hatem Bourial","@id":"https:\/\/www.webdo.tn\/fr\/#\/schema\/person\/6bc0beba2cd23aec27cb5df85ca2554f"},"headline":"Propos d\u00e9sabus\u00e9s d&rsquo;un Clubiste lucide","datePublished":"2023-01-18T10:09:00+00:00","dateModified":"2025-05-22T11:37:51+00:00","mainEntityOfPage":{"@id":"https:\/\/www.webdo.tn\/fr\/actualite\/chroniques\/propos-desabuses-d-un-clubiste-lucide\/202000\/"},"wordCount":380,"commentCount":0,"publisher":{"@id":"https:\/\/www.webdo.tn\/fr\/#organization"},"image":{"@id":"https:\/\/www.webdo.tn\/fr\/actualite\/chroniques\/propos-desabuses-d-un-clubiste-lucide\/202000\/#primaryimage"},"thumbnailUrl":"https:\/\/www.webdo.tn\/fr\/wp-content\/uploads\/2023\/01\/19375648319cea7d9ee17b6f7fefa1b0.jpg","keywords":["Club Africain"],"articleSection":["Chroniques"],"inLanguage":"fr-FR"},{"@type":"WebPage","@id":"https:\/\/www.webdo.tn\/fr\/actualite\/chroniques\/propos-desabuses-d-un-clubiste-lucide\/202000\/","url":"https:\/\/www.webdo.tn\/fr\/actualite\/chroniques\/propos-desabuses-d-un-clubiste-lucide\/202000\/","name":"Propos d\u00e9sabus\u00e9s d'un Clubiste lucide","isPartOf":{"@id":"https:\/\/www.webdo.tn\/fr\/#website"},"primaryImageOfPage":{"@id":"https:\/\/www.webdo.tn\/fr\/actualite\/chroniques\/propos-desabuses-d-un-clubiste-lucide\/202000\/#primaryimage"},"image":{"@id":"https:\/\/www.webdo.tn\/fr\/actualite\/chroniques\/propos-desabuses-d-un-clubiste-lucide\/202000\/#primaryimage"},"thumbnailUrl":"https:\/\/www.webdo.tn\/fr\/wp-content\/uploads\/2023\/01\/19375648319cea7d9ee17b6f7fefa1b0.jpg","datePublished":"2023-01-18T10:09:00+00:00","dateModified":"2025-05-22T11:37:51+00:00","description":"Le Club Africain traverse une p\u00e9riode difficile de sa longue histoire. Et \u00e0 vrai dire, ces difficult\u00e9s concernent non pas l'association sportive dans son ensemb...","breadcrumb":{"@id":"https:\/\/www.webdo.tn\/fr\/actualite\/chroniques\/propos-desabuses-d-un-clubiste-lucide\/202000\/#breadcrumb"},"inLanguage":"fr-FR","potentialAction":[{"@type":"ReadAction","target":["https:\/\/www.webdo.tn\/fr\/actualite\/chroniques\/propos-desabuses-d-un-clubiste-lucide\/202000\/"]}]},{"@type":"ImageObject","inLanguage":"fr-FR","@id":"https:\/\/www.webdo.tn\/fr\/actualite\/chroniques\/propos-desabuses-d-un-clubiste-lucide\/202000\/#primaryimage","url":"https:\/\/www.webdo.tn\/fr\/wp-content\/uploads\/2023\/01\/19375648319cea7d9ee17b6f7fefa1b0.jpg","contentUrl":"https:\/\/www.webdo.tn\/fr\/wp-content\/uploads\/2023\/01\/19375648319cea7d9ee17b6f7fefa1b0.jpg","width":750,"height":400,"caption":"Propos d\u00e9sabus\u00e9s d'un Clubiste lucide"},{"@type":"BreadcrumbList","@id":"https:\/\/www.webdo.tn\/fr\/actualite\/chroniques\/propos-desabuses-d-un-clubiste-lucide\/202000\/#breadcrumb","itemListElement":[{"@type":"ListItem","position":1,"name":"Accueil","item":"https:\/\/www.webdo.tn\/fr\/"},{"@type":"ListItem","position":2,"name":"Propos d\u00e9sabus\u00e9s d&#8217;un Clubiste lucide"}]},{"@type":"WebSite","@id":"https:\/\/www.webdo.tn\/fr\/#website","url":"https:\/\/www.webdo.tn\/fr\/","name":"webdo","description":"Tunisie - News en Tunisie et \u00e0 l&#039;international sur Webdo.tn","publisher":{"@id":"https:\/\/www.webdo.tn\/fr\/#organization"},"potentialAction":[{"@type":"SearchAction","target":{"@type":"EntryPoint","urlTemplate":"https:\/\/www.webdo.tn\/fr\/?s={search_term_string}"},"query-input":{"@type":"PropertyValueSpecification","valueRequired":true,"valueName":"search_term_string"}}],"inLanguage":"fr-FR"},{"@type":"Organization","@id":"https:\/\/www.webdo.tn\/fr\/#organization","name":"Webdo","alternateName":"Webdo.tn","url":"https:\/\/www.webdo.tn\/fr\/","logo":{"@type":"ImageObject","inLanguage":"fr-FR","@id":"https:\/\/www.webdo.tn\/fr\/#\/schema\/logo\/image\/","url":"https:\/\/www.webdo.tn\/fr\/wp-content\/uploads\/2025\/06\/Webdo-Tunisie_168377.jpg","contentUrl":"https:\/\/www.webdo.tn\/fr\/wp-content\/uploads\/2025\/06\/Webdo-Tunisie_168377.jpg","width":301,"height":301,"caption":"Webdo"},"image":{"@id":"https:\/\/www.webdo.tn\/fr\/#\/schema\/logo\/image\/"},"sameAs":["https:\/\/www.facebook.com\/webdotn","https:\/\/x.com\/webdo_tn"],"description":"Webdo est un m\u00e9dia num\u00e9rique tunisien fond\u00e9 en 2010, sp\u00e9cialis\u00e9 dans l\u2019actualit\u00e9 nationale et internationale, l\u2019\u00e9conomie, la soci\u00e9t\u00e9 et les analyses politiques. Le site s\u2019adresse \u00e0 un large public francophone et couvre l\u2019information tunisienne en temps r\u00e9el.","email":"redac@webdo.tn","legalName":"YNJ SARL","foundingDate":"2010-09-06","numberOfEmployees":{"@type":"QuantitativeValue","minValue":"11","maxValue":"50"}},{"@type":"Person","@id":"https:\/\/www.webdo.tn\/fr\/#\/schema\/person\/6bc0beba2cd23aec27cb5df85ca2554f","name":"Hatem Bourial","image":{"@type":"ImageObject","inLanguage":"fr-FR","@id":"https:\/\/www.webdo.tn\/fr\/wp-content\/uploads\/2026\/04\/hatem-bourial_avatar-96x96.jpg","url":"https:\/\/www.webdo.tn\/fr\/wp-content\/uploads\/2026\/04\/hatem-bourial_avatar-96x96.jpg","contentUrl":"https:\/\/www.webdo.tn\/fr\/wp-content\/uploads\/2026\/04\/hatem-bourial_avatar-96x96.jpg","caption":"Hatem Bourial"},"description":"Hatem Bourial est journaliste, \u00e9crivain et chroniqueur tunisien. Actif depuis plusieurs d\u00e9cennies, il s\u2019est impos\u00e9 comme un observateur attentif de la soci\u00e9t\u00e9 tunisienne, m\u00ealant dans ses \u00e9crits m\u00e9moire, culture et analyse du quotidien. Auteur de nombreux ouvrages, il d\u00e9veloppe une \u0153uvre \u00e0 la crois\u00e9e du r\u00e9cit, de la po\u00e9sie et de l\u2019observation sociologique. Parall\u00e8lement \u00e0 ses contributions dans la presse, il intervient r\u00e9guli\u00e8rement \u00e0 la radio et dans des espaces culturels, o\u00f9 il explore les enjeux li\u00e9s au patrimoine, \u00e0 l\u2019identit\u00e9 et aux transformations du monde contemporain. \u00c0 travers ses chroniques, Hatem Bourial propose une lecture sensible et approfondie de l\u2019actualit\u00e9, nourrie par une exp\u00e9rience journalistique et litt\u00e9raire reconnue. \ud83d\udd17 Facebook : https:\/\/www.facebook.com\/hatem.bourial.2025","sameAs":["https:\/\/www.facebook.com\/hatem.bourial.2025","https:\/\/fr.wikipedia.org\/wiki\/Fichier:Hatem_Bourial.jpg"],"knowsAbout":["Culture & patrimoine tunisien","Chronique soci\u00e9tale","Litt\u00e9rature & m\u00e9moire","Cin\u00e9ma & critique culturelle","Identit\u00e9 & mutations sociales"],"knowsLanguage":["Arabe","Fran\u00e7ais","Anglais","Italien","Polonais"],"jobTitle":"Journaliste, \u00e9crivain et chroniqueur culturel","worksFor":"Webdo","url":"https:\/\/www.webdo.tn\/fr\/actualite\/author\/hatem-bourial-2\/"}]}},"_links":{"self":[{"href":"https:\/\/www.webdo.tn\/fr\/wp-json\/wp\/v2\/posts\/202000","targetHints":{"allow":["GET"]}}],"collection":[{"href":"https:\/\/www.webdo.tn\/fr\/wp-json\/wp\/v2\/posts"}],"about":[{"href":"https:\/\/www.webdo.tn\/fr\/wp-json\/wp\/v2\/types\/post"}],"author":[{"embeddable":true,"href":"https:\/\/www.webdo.tn\/fr\/wp-json\/wp\/v2\/users\/3229"}],"replies":[{"embeddable":true,"href":"https:\/\/www.webdo.tn\/fr\/wp-json\/wp\/v2\/comments?post=202000"}],"version-history":[{"count":0,"href":"https:\/\/www.webdo.tn\/fr\/wp-json\/wp\/v2\/posts\/202000\/revisions"}],"wp:featuredmedia":[{"embeddable":true,"href":"https:\/\/www.webdo.tn\/fr\/wp-json\/wp\/v2\/media\/348267"}],"wp:attachment":[{"href":"https:\/\/www.webdo.tn\/fr\/wp-json\/wp\/v2\/media?parent=202000"}],"wp:term":[{"taxonomy":"category","embeddable":true,"href":"https:\/\/www.webdo.tn\/fr\/wp-json\/wp\/v2\/categories?post=202000"},{"taxonomy":"post_tag","embeddable":true,"href":"https:\/\/www.webdo.tn\/fr\/wp-json\/wp\/v2\/tags?post=202000"}],"curies":[{"name":"wp","href":"https:\/\/api.w.org\/{rel}","templated":true}]}}