{"id":201997,"date":"2023-01-18T09:24:00","date_gmt":"2023-01-18T09:24:00","guid":{"rendered":"https:\/\/www.webdo.tn\/fr\/actualite\/blog\/ligue-1-8eme-journee-css-est-l-affiche-du-jour\/201997\/"},"modified":"2025-05-22T11:37:50","modified_gmt":"2025-05-22T11:37:50","slug":"ligue-1-8eme-journee-css-est-l-affiche-du-jour","status":"publish","type":"post","link":"https:\/\/www.webdo.tn\/fr\/actualite\/sport\/ligue-1-8eme-journee-css-est-l-affiche-du-jour\/201997\/","title":{"rendered":"Ligue 1 \u2013 8\u00e8me journ\u00e9e : CSS-EST, l\u2019affiche du jour !"},"content":{"rendered":"<p>La phase Aller du premier round du Championnat de Ligue 1 est arriv\u00e9e \u00e0 terme. On entame, aujourd\u2019hui la phase Retour durant laquelle les choses s\u00e9rieuses vont commencer. Certaines \u00e9quipes n\u2019auront plus de droit \u00e0 l\u2019erreur pour tenter de se classer parmi celles qui se qualifieront au play-off.<\/p>\n<p> C\u2019est reparti pour un nouveau tour avec la 1\u00e8re journ\u00e9e Retour de cette premi\u00e8re phase du Championnat. Si jusqu\u2019\u00e0 maintenant, tout s\u2019est d\u00e9roul\u00e9 dans l\u2019anonymat le plus total, la deuxi\u00e8me partie parie d\u2019\u00eatre plus anim\u00e9e.<\/p>\n<p>Dans la poule A comme dans la poule B, la situation est quasi-identique avec un groupe de t\u00eate et un milieu de tableau bien garni.<\/p>\n<p>Dans la poule A c\u2019est l\u2019Etoile qui m\u00e8ne la danse. Les poulains de Mohamed Mkacher n\u2019ont quasiment rien l\u00e2ch\u00e9 avec cinq victoires. Mais l\u2019attraction de la journ\u00e9e aura lieu \u00e0 Sfax o\u00f9 se d\u00e9roulera le clasico CSS-EST.<\/p>\n<p>Les Clubistes sfaxiens ont tr\u00e8s mal n\u00e9goci\u00e9 la premi\u00e8re phase avec une seule victoire au compteur. Ils accueillent des Esp\u00e9rantistes pas au mieux de leur forme et esp\u00e8rent bien en profiter pour revenir dans la course au play-off.<\/p>\n<p>Les \u00ab\u00a0Sang et or\u00a0\u00bb, peu enclins \u00e0 la deuxi\u00e8me place n\u2019auront pas la t\u00e2che ais\u00e9e \u00e0 Sfax mais restent, \u00e0 l\u2019heure actuelle, mieux arm\u00e9s.<\/p>\n<p>La poule B, o\u00f9 c\u2019est l\u2019US Monastirienne qui domine les d\u00e9bats. reprendra du service demain !<\/p>\n<p>PROGRAMME<\/p>\n<p>Aujourd\u2019hui \u00e0 14h00<\/p>\n<p>POULE A<br \/>\nESHS-ST<br \/>\nUST-ESS<br \/>\nCSS-EST<br \/>\nCAB-CSC<\/p>\n<p>Jeudi 19 janvier \u00e0 14h00<\/p>\n<p>POULE B<br \/>\nASS-ASR<br \/>\nUSMo-OB<br \/>\nOSB-USBG<br \/>\nCA-ESM<\/p>\n","protected":false},"excerpt":{"rendered":"<p>La phase Aller du premier round du Championnat de Ligue 1 est arriv\u00e9e \u00e0 terme. On entame, aujourd\u2019hui la phase Retour durant laquelle les choses s\u00e9rieuses vont&#8230;<\/p>\n","protected":false},"author":3162,"featured_media":348266,"comment_status":"open","ping_status":"closed","sticky":false,"template":"","format":"standard","meta":{"footnotes":""},"categories":[2593],"tags":[2622,2777],"class_list":["post-201997","post","type-post","status-publish","format-standard","has-post-thumbnail","hentry","category-sport","tag-football","tag-ligue-1"],"yoast_head":"<!-- This site is optimized with the Yoast SEO Premium plugin v27.5 (Yoast SEO v27.5) - https:\/\/yoast.com\/product\/yoast-seo-premium-wordpress\/ -->\n<title>Ligue 1 \u2013 8\u00e8me journ\u00e9e : CSS-EST, l\u2019affiche du jour !<\/title>\n<meta name=\"description\" content=\"La phase Aller du premier round du Championnat de Ligue 1 est arriv\u00e9e \u00e0 terme. On entame, aujourd\u2019hui la phase Retour durant laquelle les choses s\u00e9rieuses vont...\" \/>\n<link rel=\"canonical\" href=\"https:\/\/www.webdo.tn\/fr\/actualite\/sport\/ligue-1-8eme-journee-css-est-l-affiche-du-jour\/201997\/\" \/>\n<meta property=\"og:locale\" content=\"fr_FR\" \/>\n<meta property=\"og:type\" content=\"article\" \/>\n<meta property=\"og:title\" content=\"Ligue 1 \u2013 8\u00e8me journ\u00e9e : CSS-EST, l\u2019affiche du jour !\" \/>\n<meta property=\"og:description\" content=\"La phase Aller du premier round du Championnat de Ligue 1 est arriv\u00e9e \u00e0 terme. On entame, aujourd\u2019hui la phase Retour durant laquelle les choses s\u00e9rieuses vont...\" \/>\n<meta property=\"og:url\" content=\"https:\/\/www.webdo.tn\/fr\/actualite\/sport\/ligue-1-8eme-journee-css-est-l-affiche-du-jour\/201997\/\" \/>\n<meta property=\"og:site_name\" content=\"webdo\" \/>\n<meta property=\"article:publisher\" content=\"https:\/\/www.facebook.com\/webdotn\" \/>\n<meta property=\"article:published_time\" content=\"2023-01-18T09:24:00+00:00\" \/>\n<meta property=\"article:modified_time\" content=\"2025-05-22T11:37:50+00:00\" \/>\n<meta property=\"og:image\" content=\"https:\/\/www.webdo.tn\/fr\/wp-content\/uploads\/2023\/01\/1211643000ddc4702066adeef1e7d9a3.jpg\" \/>\n\t<meta property=\"og:image:width\" content=\"616\" \/>\n\t<meta property=\"og:image:height\" content=\"329\" \/>\n\t<meta property=\"og:image:type\" content=\"image\/jpeg\" \/>\n<meta name=\"author\" content=\"MC\" \/>\n<meta name=\"twitter:card\" content=\"summary_large_image\" \/>\n<meta name=\"twitter:creator\" content=\"@webdo_tn\" \/>\n<meta name=\"twitter:site\" content=\"@webdo_tn\" \/>\n<meta name=\"twitter:label1\" content=\"\u00c9crit par\" \/>\n\t<meta name=\"twitter:data1\" content=\"MC\" \/>\n\t<meta name=\"twitter:label2\" content=\"Dur\u00e9e de lecture estim\u00e9e\" \/>\n\t<meta name=\"twitter:data2\" content=\"1 minute\" \/>\n<script type=\"application\/ld+json\" class=\"yoast-schema-graph\">{\"@context\":\"https:\\\/\\\/schema.org\",\"@graph\":[{\"@type\":\"NewsArticle\",\"@id\":\"https:\\\/\\\/www.webdo.tn\\\/fr\\\/actualite\\\/sport\\\/ligue-1-8eme-journee-css-est-l-affiche-du-jour\\\/201997\\\/#article\",\"isPartOf\":{\"@id\":\"https:\\\/\\\/www.webdo.tn\\\/fr\\\/actualite\\\/sport\\\/ligue-1-8eme-journee-css-est-l-affiche-du-jour\\\/201997\\\/\"},\"author\":{\"name\":\"MC\",\"@id\":\"https:\\\/\\\/www.webdo.tn\\\/fr\\\/#\\\/schema\\\/person\\\/2c4929cbf5a809e3bd38617c6ce150f6\"},\"headline\":\"Ligue 1 \u2013 8\u00e8me journ\u00e9e : CSS-EST, l\u2019affiche du jour !\",\"datePublished\":\"2023-01-18T09:24:00+00:00\",\"dateModified\":\"2025-05-22T11:37:50+00:00\",\"mainEntityOfPage\":{\"@id\":\"https:\\\/\\\/www.webdo.tn\\\/fr\\\/actualite\\\/sport\\\/ligue-1-8eme-journee-css-est-l-affiche-du-jour\\\/201997\\\/\"},\"wordCount\":280,\"commentCount\":0,\"publisher\":{\"@id\":\"https:\\\/\\\/www.webdo.tn\\\/fr\\\/#organization\"},\"image\":{\"@id\":\"https:\\\/\\\/www.webdo.tn\\\/fr\\\/actualite\\\/sport\\\/ligue-1-8eme-journee-css-est-l-affiche-du-jour\\\/201997\\\/#primaryimage\"},\"thumbnailUrl\":\"https:\\\/\\\/www.webdo.tn\\\/fr\\\/wp-content\\\/uploads\\\/2023\\\/01\\\/1211643000ddc4702066adeef1e7d9a3.jpg\",\"keywords\":[\"football\",\"Ligue 1\"],\"articleSection\":[\"Sport\"],\"inLanguage\":\"fr-FR\"},{\"@type\":\"WebPage\",\"@id\":\"https:\\\/\\\/www.webdo.tn\\\/fr\\\/actualite\\\/sport\\\/ligue-1-8eme-journee-css-est-l-affiche-du-jour\\\/201997\\\/\",\"url\":\"https:\\\/\\\/www.webdo.tn\\\/fr\\\/actualite\\\/sport\\\/ligue-1-8eme-journee-css-est-l-affiche-du-jour\\\/201997\\\/\",\"name\":\"Ligue 1 \u2013 8\u00e8me journ\u00e9e : CSS-EST, l\u2019affiche du jour !\",\"isPartOf\":{\"@id\":\"https:\\\/\\\/www.webdo.tn\\\/fr\\\/#website\"},\"primaryImageOfPage\":{\"@id\":\"https:\\\/\\\/www.webdo.tn\\\/fr\\\/actualite\\\/sport\\\/ligue-1-8eme-journee-css-est-l-affiche-du-jour\\\/201997\\\/#primaryimage\"},\"image\":{\"@id\":\"https:\\\/\\\/www.webdo.tn\\\/fr\\\/actualite\\\/sport\\\/ligue-1-8eme-journee-css-est-l-affiche-du-jour\\\/201997\\\/#primaryimage\"},\"thumbnailUrl\":\"https:\\\/\\\/www.webdo.tn\\\/fr\\\/wp-content\\\/uploads\\\/2023\\\/01\\\/1211643000ddc4702066adeef1e7d9a3.jpg\",\"datePublished\":\"2023-01-18T09:24:00+00:00\",\"dateModified\":\"2025-05-22T11:37:50+00:00\",\"description\":\"La phase Aller du premier round du Championnat de Ligue 1 est arriv\u00e9e \u00e0 terme. On entame, aujourd\u2019hui la phase Retour durant laquelle les choses s\u00e9rieuses vont...\",\"breadcrumb\":{\"@id\":\"https:\\\/\\\/www.webdo.tn\\\/fr\\\/actualite\\\/sport\\\/ligue-1-8eme-journee-css-est-l-affiche-du-jour\\\/201997\\\/#breadcrumb\"},\"inLanguage\":\"fr-FR\",\"potentialAction\":[{\"@type\":\"ReadAction\",\"target\":[\"https:\\\/\\\/www.webdo.tn\\\/fr\\\/actualite\\\/sport\\\/ligue-1-8eme-journee-css-est-l-affiche-du-jour\\\/201997\\\/\"]}]},{\"@type\":\"ImageObject\",\"inLanguage\":\"fr-FR\",\"@id\":\"https:\\\/\\\/www.webdo.tn\\\/fr\\\/actualite\\\/sport\\\/ligue-1-8eme-journee-css-est-l-affiche-du-jour\\\/201997\\\/#primaryimage\",\"url\":\"https:\\\/\\\/www.webdo.tn\\\/fr\\\/wp-content\\\/uploads\\\/2023\\\/01\\\/1211643000ddc4702066adeef1e7d9a3.jpg\",\"contentUrl\":\"https:\\\/\\\/www.webdo.tn\\\/fr\\\/wp-content\\\/uploads\\\/2023\\\/01\\\/1211643000ddc4702066adeef1e7d9a3.jpg\",\"width\":616,\"height\":329,\"caption\":\"Ligue 1 \u2013 8\u00e8me journ\u00e9e : CSS-EST, l\u2019affiche du jour !\"},{\"@type\":\"BreadcrumbList\",\"@id\":\"https:\\\/\\\/www.webdo.tn\\\/fr\\\/actualite\\\/sport\\\/ligue-1-8eme-journee-css-est-l-affiche-du-jour\\\/201997\\\/#breadcrumb\",\"itemListElement\":[{\"@type\":\"ListItem\",\"position\":1,\"name\":\"Accueil\",\"item\":\"https:\\\/\\\/www.webdo.tn\\\/fr\\\/\"},{\"@type\":\"ListItem\",\"position\":2,\"name\":\"Ligue 1 \u2013 8\u00e8me journ\u00e9e : CSS-EST, l\u2019affiche du jour !\"}]},{\"@type\":\"WebSite\",\"@id\":\"https:\\\/\\\/www.webdo.tn\\\/fr\\\/#website\",\"url\":\"https:\\\/\\\/www.webdo.tn\\\/fr\\\/\",\"name\":\"webdo\",\"description\":\"Tunisie - News en Tunisie et \u00e0 l&#039;international sur Webdo.tn\",\"publisher\":{\"@id\":\"https:\\\/\\\/www.webdo.tn\\\/fr\\\/#organization\"},\"potentialAction\":[{\"@type\":\"SearchAction\",\"target\":{\"@type\":\"EntryPoint\",\"urlTemplate\":\"https:\\\/\\\/www.webdo.tn\\\/fr\\\/?s={search_term_string}\"},\"query-input\":{\"@type\":\"PropertyValueSpecification\",\"valueRequired\":true,\"valueName\":\"search_term_string\"}}],\"inLanguage\":\"fr-FR\"},{\"@type\":\"Organization\",\"@id\":\"https:\\\/\\\/www.webdo.tn\\\/fr\\\/#organization\",\"name\":\"Webdo\",\"alternateName\":\"Webdo.tn\",\"url\":\"https:\\\/\\\/www.webdo.tn\\\/fr\\\/\",\"logo\":{\"@type\":\"ImageObject\",\"inLanguage\":\"fr-FR\",\"@id\":\"https:\\\/\\\/www.webdo.tn\\\/fr\\\/#\\\/schema\\\/logo\\\/image\\\/\",\"url\":\"https:\\\/\\\/www.webdo.tn\\\/fr\\\/wp-content\\\/uploads\\\/2025\\\/06\\\/Webdo-Tunisie_168377.jpg\",\"contentUrl\":\"https:\\\/\\\/www.webdo.tn\\\/fr\\\/wp-content\\\/uploads\\\/2025\\\/06\\\/Webdo-Tunisie_168377.jpg\",\"width\":301,\"height\":301,\"caption\":\"Webdo\"},\"image\":{\"@id\":\"https:\\\/\\\/www.webdo.tn\\\/fr\\\/#\\\/schema\\\/logo\\\/image\\\/\"},\"sameAs\":[\"https:\\\/\\\/www.facebook.com\\\/webdotn\",\"https:\\\/\\\/x.com\\\/webdo_tn\"],\"description\":\"Webdo est un m\u00e9dia num\u00e9rique tunisien fond\u00e9 en 2010, sp\u00e9cialis\u00e9 dans l\u2019actualit\u00e9 nationale et internationale, l\u2019\u00e9conomie, la soci\u00e9t\u00e9 et les analyses politiques. Le site s\u2019adresse \u00e0 un large public francophone et couvre l\u2019information tunisienne en temps r\u00e9el.\",\"email\":\"redac@webdo.tn\",\"legalName\":\"YNJ SARL\",\"foundingDate\":\"2010-09-06\",\"numberOfEmployees\":{\"@type\":\"QuantitativeValue\",\"minValue\":\"11\",\"maxValue\":\"50\"}},{\"@type\":\"Person\",\"@id\":\"https:\\\/\\\/www.webdo.tn\\\/fr\\\/#\\\/schema\\\/person\\\/2c4929cbf5a809e3bd38617c6ce150f6\",\"name\":\"MC\",\"image\":{\"@type\":\"ImageObject\",\"inLanguage\":\"fr-FR\",\"@id\":\"https:\\\/\\\/secure.gravatar.com\\\/avatar\\\/a545bbb6f84efdd5553dbbc2895e3ca8f1d12c5215e00a041c9670b54aa9b18a?s=96&d=mm&r=g\",\"url\":\"https:\\\/\\\/secure.gravatar.com\\\/avatar\\\/a545bbb6f84efdd5553dbbc2895e3ca8f1d12c5215e00a041c9670b54aa9b18a?s=96&d=mm&r=g\",\"contentUrl\":\"https:\\\/\\\/secure.gravatar.com\\\/avatar\\\/a545bbb6f84efdd5553dbbc2895e3ca8f1d12c5215e00a041c9670b54aa9b18a?s=96&d=mm&r=g\",\"caption\":\"MC\"},\"url\":\"https:\\\/\\\/www.webdo.tn\\\/fr\\\/actualite\\\/author\\\/mc\\\/\"}]}<\/script>\n<!-- \/ Yoast SEO Premium plugin. -->","yoast_head_json":{"title":"Ligue 1 \u2013 8\u00e8me journ\u00e9e : CSS-EST, l\u2019affiche du jour !","description":"La phase Aller du premier round du Championnat de Ligue 1 est arriv\u00e9e \u00e0 terme. On entame, aujourd\u2019hui la phase Retour durant laquelle les choses s\u00e9rieuses vont...","canonical":"https:\/\/www.webdo.tn\/fr\/actualite\/sport\/ligue-1-8eme-journee-css-est-l-affiche-du-jour\/201997\/","og_locale":"fr_FR","og_type":"article","og_title":"Ligue 1 \u2013 8\u00e8me journ\u00e9e : CSS-EST, l\u2019affiche du jour !","og_description":"La phase Aller du premier round du Championnat de Ligue 1 est arriv\u00e9e \u00e0 terme. On entame, aujourd\u2019hui la phase Retour durant laquelle les choses s\u00e9rieuses vont...","og_url":"https:\/\/www.webdo.tn\/fr\/actualite\/sport\/ligue-1-8eme-journee-css-est-l-affiche-du-jour\/201997\/","og_site_name":"webdo","article_publisher":"https:\/\/www.facebook.com\/webdotn","article_published_time":"2023-01-18T09:24:00+00:00","article_modified_time":"2025-05-22T11:37:50+00:00","og_image":[{"width":616,"height":329,"url":"https:\/\/www.webdo.tn\/fr\/wp-content\/uploads\/2023\/01\/1211643000ddc4702066adeef1e7d9a3.jpg","type":"image\/jpeg"}],"author":"MC","twitter_card":"summary_large_image","twitter_creator":"@webdo_tn","twitter_site":"@webdo_tn","twitter_misc":{"\u00c9crit par":"MC","Dur\u00e9e de lecture estim\u00e9e":"1 minute"},"schema":{"@context":"https:\/\/schema.org","@graph":[{"@type":"NewsArticle","@id":"https:\/\/www.webdo.tn\/fr\/actualite\/sport\/ligue-1-8eme-journee-css-est-l-affiche-du-jour\/201997\/#article","isPartOf":{"@id":"https:\/\/www.webdo.tn\/fr\/actualite\/sport\/ligue-1-8eme-journee-css-est-l-affiche-du-jour\/201997\/"},"author":{"name":"MC","@id":"https:\/\/www.webdo.tn\/fr\/#\/schema\/person\/2c4929cbf5a809e3bd38617c6ce150f6"},"headline":"Ligue 1 \u2013 8\u00e8me journ\u00e9e : CSS-EST, l\u2019affiche du jour !","datePublished":"2023-01-18T09:24:00+00:00","dateModified":"2025-05-22T11:37:50+00:00","mainEntityOfPage":{"@id":"https:\/\/www.webdo.tn\/fr\/actualite\/sport\/ligue-1-8eme-journee-css-est-l-affiche-du-jour\/201997\/"},"wordCount":280,"commentCount":0,"publisher":{"@id":"https:\/\/www.webdo.tn\/fr\/#organization"},"image":{"@id":"https:\/\/www.webdo.tn\/fr\/actualite\/sport\/ligue-1-8eme-journee-css-est-l-affiche-du-jour\/201997\/#primaryimage"},"thumbnailUrl":"https:\/\/www.webdo.tn\/fr\/wp-content\/uploads\/2023\/01\/1211643000ddc4702066adeef1e7d9a3.jpg","keywords":["football","Ligue 1"],"articleSection":["Sport"],"inLanguage":"fr-FR"},{"@type":"WebPage","@id":"https:\/\/www.webdo.tn\/fr\/actualite\/sport\/ligue-1-8eme-journee-css-est-l-affiche-du-jour\/201997\/","url":"https:\/\/www.webdo.tn\/fr\/actualite\/sport\/ligue-1-8eme-journee-css-est-l-affiche-du-jour\/201997\/","name":"Ligue 1 \u2013 8\u00e8me journ\u00e9e : CSS-EST, l\u2019affiche du jour !","isPartOf":{"@id":"https:\/\/www.webdo.tn\/fr\/#website"},"primaryImageOfPage":{"@id":"https:\/\/www.webdo.tn\/fr\/actualite\/sport\/ligue-1-8eme-journee-css-est-l-affiche-du-jour\/201997\/#primaryimage"},"image":{"@id":"https:\/\/www.webdo.tn\/fr\/actualite\/sport\/ligue-1-8eme-journee-css-est-l-affiche-du-jour\/201997\/#primaryimage"},"thumbnailUrl":"https:\/\/www.webdo.tn\/fr\/wp-content\/uploads\/2023\/01\/1211643000ddc4702066adeef1e7d9a3.jpg","datePublished":"2023-01-18T09:24:00+00:00","dateModified":"2025-05-22T11:37:50+00:00","description":"La phase Aller du premier round du Championnat de Ligue 1 est arriv\u00e9e \u00e0 terme. On entame, aujourd\u2019hui la phase Retour durant laquelle les choses s\u00e9rieuses vont...","breadcrumb":{"@id":"https:\/\/www.webdo.tn\/fr\/actualite\/sport\/ligue-1-8eme-journee-css-est-l-affiche-du-jour\/201997\/#breadcrumb"},"inLanguage":"fr-FR","potentialAction":[{"@type":"ReadAction","target":["https:\/\/www.webdo.tn\/fr\/actualite\/sport\/ligue-1-8eme-journee-css-est-l-affiche-du-jour\/201997\/"]}]},{"@type":"ImageObject","inLanguage":"fr-FR","@id":"https:\/\/www.webdo.tn\/fr\/actualite\/sport\/ligue-1-8eme-journee-css-est-l-affiche-du-jour\/201997\/#primaryimage","url":"https:\/\/www.webdo.tn\/fr\/wp-content\/uploads\/2023\/01\/1211643000ddc4702066adeef1e7d9a3.jpg","contentUrl":"https:\/\/www.webdo.tn\/fr\/wp-content\/uploads\/2023\/01\/1211643000ddc4702066adeef1e7d9a3.jpg","width":616,"height":329,"caption":"Ligue 1 \u2013 8\u00e8me journ\u00e9e : CSS-EST, l\u2019affiche du jour !"},{"@type":"BreadcrumbList","@id":"https:\/\/www.webdo.tn\/fr\/actualite\/sport\/ligue-1-8eme-journee-css-est-l-affiche-du-jour\/201997\/#breadcrumb","itemListElement":[{"@type":"ListItem","position":1,"name":"Accueil","item":"https:\/\/www.webdo.tn\/fr\/"},{"@type":"ListItem","position":2,"name":"Ligue 1 \u2013 8\u00e8me journ\u00e9e : CSS-EST, l\u2019affiche du jour !"}]},{"@type":"WebSite","@id":"https:\/\/www.webdo.tn\/fr\/#website","url":"https:\/\/www.webdo.tn\/fr\/","name":"webdo","description":"Tunisie - News en Tunisie et \u00e0 l&#039;international sur Webdo.tn","publisher":{"@id":"https:\/\/www.webdo.tn\/fr\/#organization"},"potentialAction":[{"@type":"SearchAction","target":{"@type":"EntryPoint","urlTemplate":"https:\/\/www.webdo.tn\/fr\/?s={search_term_string}"},"query-input":{"@type":"PropertyValueSpecification","valueRequired":true,"valueName":"search_term_string"}}],"inLanguage":"fr-FR"},{"@type":"Organization","@id":"https:\/\/www.webdo.tn\/fr\/#organization","name":"Webdo","alternateName":"Webdo.tn","url":"https:\/\/www.webdo.tn\/fr\/","logo":{"@type":"ImageObject","inLanguage":"fr-FR","@id":"https:\/\/www.webdo.tn\/fr\/#\/schema\/logo\/image\/","url":"https:\/\/www.webdo.tn\/fr\/wp-content\/uploads\/2025\/06\/Webdo-Tunisie_168377.jpg","contentUrl":"https:\/\/www.webdo.tn\/fr\/wp-content\/uploads\/2025\/06\/Webdo-Tunisie_168377.jpg","width":301,"height":301,"caption":"Webdo"},"image":{"@id":"https:\/\/www.webdo.tn\/fr\/#\/schema\/logo\/image\/"},"sameAs":["https:\/\/www.facebook.com\/webdotn","https:\/\/x.com\/webdo_tn"],"description":"Webdo est un m\u00e9dia num\u00e9rique tunisien fond\u00e9 en 2010, sp\u00e9cialis\u00e9 dans l\u2019actualit\u00e9 nationale et internationale, l\u2019\u00e9conomie, la soci\u00e9t\u00e9 et les analyses politiques. Le site s\u2019adresse \u00e0 un large public francophone et couvre l\u2019information tunisienne en temps r\u00e9el.","email":"redac@webdo.tn","legalName":"YNJ SARL","foundingDate":"2010-09-06","numberOfEmployees":{"@type":"QuantitativeValue","minValue":"11","maxValue":"50"}},{"@type":"Person","@id":"https:\/\/www.webdo.tn\/fr\/#\/schema\/person\/2c4929cbf5a809e3bd38617c6ce150f6","name":"MC","image":{"@type":"ImageObject","inLanguage":"fr-FR","@id":"https:\/\/secure.gravatar.com\/avatar\/a545bbb6f84efdd5553dbbc2895e3ca8f1d12c5215e00a041c9670b54aa9b18a?s=96&d=mm&r=g","url":"https:\/\/secure.gravatar.com\/avatar\/a545bbb6f84efdd5553dbbc2895e3ca8f1d12c5215e00a041c9670b54aa9b18a?s=96&d=mm&r=g","contentUrl":"https:\/\/secure.gravatar.com\/avatar\/a545bbb6f84efdd5553dbbc2895e3ca8f1d12c5215e00a041c9670b54aa9b18a?s=96&d=mm&r=g","caption":"MC"},"url":"https:\/\/www.webdo.tn\/fr\/actualite\/author\/mc\/"}]}},"_links":{"self":[{"href":"https:\/\/www.webdo.tn\/fr\/wp-json\/wp\/v2\/posts\/201997","targetHints":{"allow":["GET"]}}],"collection":[{"href":"https:\/\/www.webdo.tn\/fr\/wp-json\/wp\/v2\/posts"}],"about":[{"href":"https:\/\/www.webdo.tn\/fr\/wp-json\/wp\/v2\/types\/post"}],"author":[{"embeddable":true,"href":"https:\/\/www.webdo.tn\/fr\/wp-json\/wp\/v2\/users\/3162"}],"replies":[{"embeddable":true,"href":"https:\/\/www.webdo.tn\/fr\/wp-json\/wp\/v2\/comments?post=201997"}],"version-history":[{"count":0,"href":"https:\/\/www.webdo.tn\/fr\/wp-json\/wp\/v2\/posts\/201997\/revisions"}],"wp:featuredmedia":[{"embeddable":true,"href":"https:\/\/www.webdo.tn\/fr\/wp-json\/wp\/v2\/media\/348266"}],"wp:attachment":[{"href":"https:\/\/www.webdo.tn\/fr\/wp-json\/wp\/v2\/media?parent=201997"}],"wp:term":[{"taxonomy":"category","embeddable":true,"href":"https:\/\/www.webdo.tn\/fr\/wp-json\/wp\/v2\/categories?post=201997"},{"taxonomy":"post_tag","embeddable":true,"href":"https:\/\/www.webdo.tn\/fr\/wp-json\/wp\/v2\/tags?post=201997"}],"curies":[{"name":"wp","href":"https:\/\/api.w.org\/{rel}","templated":true}]}}