{"id":201974,"date":"2023-01-17T13:19:00","date_gmt":"2023-01-17T13:19:00","guid":{"rendered":"https:\/\/www.webdo.tn\/fr\/blog\/la-berd-tres-favorable-au-processus-de-reformes-en-tunisie\/201974\/"},"modified":"2025-05-20T22:46:00","modified_gmt":"2025-05-20T22:46:00","slug":"la-berd-tres-favorable-au-processus-de-reformes-en-tunisie","status":"publish","type":"post","link":"https:\/\/www.webdo.tn\/fr\/actualite\/national\/la-berd-tres-favorable-au-processus-de-reformes-en-tunisie\/201974\/","title":{"rendered":"La BERD \u00ab tr\u00e8s favorable \u00bb au processus de r\u00e9formes en Tunisie"},"content":{"rendered":"<p>La cheffe du gouvernement, Najla Bouden, s\u2019est entretenue, mardi 17 janvier 2023, \u00e0 Davos, \u00e0 l\u2019occasion de la 52\u00e8me r\u00e9union annuelle du Forum \u00e9conomique mondial (WEF), avec la pr\u00e9sidente de la Banque europ\u00e9enne pour le reconstruction et le d\u00e9veloppement (BERD), Odile Renaud-Basso, en pr\u00e9sence de la ministre des Finances, Sihem Boughdiri Nemsia, le gouverneur de la Banque Centrale de Tunisie (BCT), Marouane EL Abbassi et l\u2019ambassadeur de la Tunisie \u00e0 Berne, Tarek Bettaieb.<\/p>\n<p>\t\t\t\t\t\t\t\t\tLa premi\u00e8re responsable de la BERD a fait \u00e9tat de la pr\u00e9disposition de la banque \u00e0 continuer \u00e0 soutenir et \u00e0 d\u00e9velopper les projets d\u00e9j\u00e0 en cours en Tunisie. Elle s\u2019est dite tr\u00e8s favorable au processus de r\u00e9formes engag\u00e9 par le gouvernement tunisien.<\/p>\n<p>La Banque europ\u00e9enne pour la reconstruction et le d\u00e9veloppement a investi en Tunisie une enveloppe estim\u00e9e \u00e0 864 millions d\u2019euros. 25% de ces financements sont r\u00e9serv\u00e9s au secteur priv\u00e9. Le portefeuille actuel des projets s\u2019\u00e9l\u00e8ve \u00e0 1116 millions d&rsquo;euros.<\/p>\n<p>En Tunisie, la BERD a soutenu et continue de soutenir 59 projets au total (jusqu\u2019\u00e0 novembre 2022). Ses interventions sont ax\u00e9es sur le renforcement et la restructuration du secteur financier et le financement des entreprises priv\u00e9es ainsi que sur la promotion de l&rsquo;inclusion \u00e9conomique et l\u2019autonomisation des femmes, des jeunes et des personnes vivant dans des zones recul\u00e9es.<\/p>\n<p>Elle soutient \u00e9galement la r\u00e9forme des entreprises publiques et la transition de la Tunisie vers une \u00e9conomie verte.<\/p>\n","protected":false},"excerpt":{"rendered":"<p>La cheffe du gouvernement, Najla Bouden, s\u2019est entretenue, mardi 17 janvier 2023, \u00e0 Davos, \u00e0 l\u2019occasion de la 52\u00e8me r\u00e9union annuelle du Forum \u00e9conomique mondial&#8230;<\/p>\n","protected":false},"author":3175,"featured_media":252500,"comment_status":"open","ping_status":"closed","sticky":false,"template":"","format":"standard","meta":{"footnotes":""},"categories":[44],"tags":[3856,3130,2608],"class_list":["post-201974","post","type-post","status-publish","format-standard","has-post-thumbnail","hentry","category-national","tag-berd","tag-reformes","tag-tunisie"],"yoast_head":"<!-- This site is optimized with the Yoast SEO Premium plugin v27.4 (Yoast SEO v27.5) - https:\/\/yoast.com\/product\/yoast-seo-premium-wordpress\/ -->\n<title>La BERD \u00ab tr\u00e8s favorable \u00bb au processus de r\u00e9formes en Tunisie<\/title>\n<meta name=\"description\" content=\"La cheffe du gouvernement, Najla Bouden, s\u2019est entretenue, mardi 17 janvier 2023, \u00e0 Davos, \u00e0 l\u2019occasion de la 52\u00e8me r\u00e9union annuelle du Forum \u00e9conomique mondial...\" \/>\n<link rel=\"canonical\" href=\"https:\/\/www.webdo.tn\/fr\/actualite\/national\/la-berd-tres-favorable-au-processus-de-reformes-en-tunisie\/201974\/\" \/>\n<meta property=\"og:locale\" content=\"fr_FR\" \/>\n<meta property=\"og:type\" content=\"article\" \/>\n<meta property=\"og:title\" content=\"La BERD \u00ab tr\u00e8s favorable \u00bb au processus de r\u00e9formes en Tunisie\" \/>\n<meta property=\"og:description\" content=\"La cheffe du gouvernement, Najla Bouden, s\u2019est entretenue, mardi 17 janvier 2023, \u00e0 Davos, \u00e0 l\u2019occasion de la 52\u00e8me r\u00e9union annuelle du Forum \u00e9conomique mondial...\" \/>\n<meta property=\"og:url\" content=\"https:\/\/www.webdo.tn\/fr\/actualite\/national\/la-berd-tres-favorable-au-processus-de-reformes-en-tunisie\/201974\/\" \/>\n<meta property=\"og:site_name\" content=\"webdo\" \/>\n<meta property=\"article:publisher\" content=\"https:\/\/www.facebook.com\/webdotn\" \/>\n<meta property=\"article:published_time\" content=\"2023-01-17T13:19:00+00:00\" \/>\n<meta property=\"article:modified_time\" content=\"2025-05-20T22:46:00+00:00\" \/>\n<meta property=\"og:image\" content=\"https:\/\/www.webdo.tn\/fr\/wp-content\/uploads\/2023\/01\/c911c621d4f24d46e3b9390777c9394f.jpg\" \/>\n\t<meta property=\"og:image:width\" content=\"680\" \/>\n\t<meta property=\"og:image:height\" content=\"363\" \/>\n\t<meta property=\"og:image:type\" content=\"image\/jpeg\" \/>\n<meta name=\"author\" content=\"CL\" \/>\n<meta name=\"twitter:card\" content=\"summary_large_image\" \/>\n<meta name=\"twitter:creator\" content=\"@webdo_tn\" \/>\n<meta name=\"twitter:site\" content=\"@webdo_tn\" \/>\n<meta name=\"twitter:label1\" content=\"\u00c9crit par\" \/>\n\t<meta name=\"twitter:data1\" content=\"CL\" \/>\n\t<meta name=\"twitter:label2\" content=\"Dur\u00e9e de lecture estim\u00e9e\" \/>\n\t<meta name=\"twitter:data2\" content=\"1 minute\" \/>\n<script type=\"application\/ld+json\" class=\"yoast-schema-graph\">{\"@context\":\"https:\\\/\\\/schema.org\",\"@graph\":[{\"@type\":\"NewsArticle\",\"@id\":\"https:\\\/\\\/www.webdo.tn\\\/fr\\\/actualite\\\/national\\\/la-berd-tres-favorable-au-processus-de-reformes-en-tunisie\\\/201974\\\/#article\",\"isPartOf\":{\"@id\":\"https:\\\/\\\/www.webdo.tn\\\/fr\\\/actualite\\\/national\\\/la-berd-tres-favorable-au-processus-de-reformes-en-tunisie\\\/201974\\\/\"},\"author\":{\"name\":\"CL\",\"@id\":\"https:\\\/\\\/www.webdo.tn\\\/fr\\\/#\\\/schema\\\/person\\\/f35b42a42c5e2511bbd282959d6385cc\"},\"headline\":\"La BERD \u00ab tr\u00e8s favorable \u00bb au processus de r\u00e9formes en Tunisie\",\"datePublished\":\"2023-01-17T13:19:00+00:00\",\"dateModified\":\"2025-05-20T22:46:00+00:00\",\"mainEntityOfPage\":{\"@id\":\"https:\\\/\\\/www.webdo.tn\\\/fr\\\/actualite\\\/national\\\/la-berd-tres-favorable-au-processus-de-reformes-en-tunisie\\\/201974\\\/\"},\"wordCount\":258,\"commentCount\":0,\"publisher\":{\"@id\":\"https:\\\/\\\/www.webdo.tn\\\/fr\\\/#organization\"},\"image\":{\"@id\":\"https:\\\/\\\/www.webdo.tn\\\/fr\\\/actualite\\\/national\\\/la-berd-tres-favorable-au-processus-de-reformes-en-tunisie\\\/201974\\\/#primaryimage\"},\"thumbnailUrl\":\"https:\\\/\\\/www.webdo.tn\\\/fr\\\/wp-content\\\/uploads\\\/2023\\\/01\\\/c911c621d4f24d46e3b9390777c9394f.jpg\",\"keywords\":[\"BERD\",\"r\u00e9formes\",\"Tunisie\"],\"articleSection\":[\"National\"],\"inLanguage\":\"fr-FR\"},{\"@type\":\"WebPage\",\"@id\":\"https:\\\/\\\/www.webdo.tn\\\/fr\\\/actualite\\\/national\\\/la-berd-tres-favorable-au-processus-de-reformes-en-tunisie\\\/201974\\\/\",\"url\":\"https:\\\/\\\/www.webdo.tn\\\/fr\\\/actualite\\\/national\\\/la-berd-tres-favorable-au-processus-de-reformes-en-tunisie\\\/201974\\\/\",\"name\":\"La BERD \u00ab tr\u00e8s favorable \u00bb au processus de r\u00e9formes en Tunisie\",\"isPartOf\":{\"@id\":\"https:\\\/\\\/www.webdo.tn\\\/fr\\\/#website\"},\"primaryImageOfPage\":{\"@id\":\"https:\\\/\\\/www.webdo.tn\\\/fr\\\/actualite\\\/national\\\/la-berd-tres-favorable-au-processus-de-reformes-en-tunisie\\\/201974\\\/#primaryimage\"},\"image\":{\"@id\":\"https:\\\/\\\/www.webdo.tn\\\/fr\\\/actualite\\\/national\\\/la-berd-tres-favorable-au-processus-de-reformes-en-tunisie\\\/201974\\\/#primaryimage\"},\"thumbnailUrl\":\"https:\\\/\\\/www.webdo.tn\\\/fr\\\/wp-content\\\/uploads\\\/2023\\\/01\\\/c911c621d4f24d46e3b9390777c9394f.jpg\",\"datePublished\":\"2023-01-17T13:19:00+00:00\",\"dateModified\":\"2025-05-20T22:46:00+00:00\",\"description\":\"La cheffe du gouvernement, Najla Bouden, s\u2019est entretenue, mardi 17 janvier 2023, \u00e0 Davos, \u00e0 l\u2019occasion de la 52\u00e8me r\u00e9union annuelle du Forum \u00e9conomique mondial...\",\"breadcrumb\":{\"@id\":\"https:\\\/\\\/www.webdo.tn\\\/fr\\\/actualite\\\/national\\\/la-berd-tres-favorable-au-processus-de-reformes-en-tunisie\\\/201974\\\/#breadcrumb\"},\"inLanguage\":\"fr-FR\",\"potentialAction\":[{\"@type\":\"ReadAction\",\"target\":[\"https:\\\/\\\/www.webdo.tn\\\/fr\\\/actualite\\\/national\\\/la-berd-tres-favorable-au-processus-de-reformes-en-tunisie\\\/201974\\\/\"]}]},{\"@type\":\"ImageObject\",\"inLanguage\":\"fr-FR\",\"@id\":\"https:\\\/\\\/www.webdo.tn\\\/fr\\\/actualite\\\/national\\\/la-berd-tres-favorable-au-processus-de-reformes-en-tunisie\\\/201974\\\/#primaryimage\",\"url\":\"https:\\\/\\\/www.webdo.tn\\\/fr\\\/wp-content\\\/uploads\\\/2023\\\/01\\\/c911c621d4f24d46e3b9390777c9394f.jpg\",\"contentUrl\":\"https:\\\/\\\/www.webdo.tn\\\/fr\\\/wp-content\\\/uploads\\\/2023\\\/01\\\/c911c621d4f24d46e3b9390777c9394f.jpg\",\"width\":680,\"height\":363,\"caption\":\"BERD Tunisie\"},{\"@type\":\"BreadcrumbList\",\"@id\":\"https:\\\/\\\/www.webdo.tn\\\/fr\\\/actualite\\\/national\\\/la-berd-tres-favorable-au-processus-de-reformes-en-tunisie\\\/201974\\\/#breadcrumb\",\"itemListElement\":[{\"@type\":\"ListItem\",\"position\":1,\"name\":\"Accueil\",\"item\":\"https:\\\/\\\/www.webdo.tn\\\/fr\\\/\"},{\"@type\":\"ListItem\",\"position\":2,\"name\":\"La BERD \u00ab tr\u00e8s favorable \u00bb au processus de r\u00e9formes en Tunisie\"}]},{\"@type\":\"WebSite\",\"@id\":\"https:\\\/\\\/www.webdo.tn\\\/fr\\\/#website\",\"url\":\"https:\\\/\\\/www.webdo.tn\\\/fr\\\/\",\"name\":\"webdo\",\"description\":\"Tunisie - News en Tunisie et \u00e0 l&#039;international sur Webdo.tn\",\"publisher\":{\"@id\":\"https:\\\/\\\/www.webdo.tn\\\/fr\\\/#organization\"},\"potentialAction\":[{\"@type\":\"SearchAction\",\"target\":{\"@type\":\"EntryPoint\",\"urlTemplate\":\"https:\\\/\\\/www.webdo.tn\\\/fr\\\/?s={search_term_string}\"},\"query-input\":{\"@type\":\"PropertyValueSpecification\",\"valueRequired\":true,\"valueName\":\"search_term_string\"}}],\"inLanguage\":\"fr-FR\"},{\"@type\":\"Organization\",\"@id\":\"https:\\\/\\\/www.webdo.tn\\\/fr\\\/#organization\",\"name\":\"Webdo\",\"alternateName\":\"Webdo.tn\",\"url\":\"https:\\\/\\\/www.webdo.tn\\\/fr\\\/\",\"logo\":{\"@type\":\"ImageObject\",\"inLanguage\":\"fr-FR\",\"@id\":\"https:\\\/\\\/www.webdo.tn\\\/fr\\\/#\\\/schema\\\/logo\\\/image\\\/\",\"url\":\"https:\\\/\\\/www.webdo.tn\\\/fr\\\/wp-content\\\/uploads\\\/2025\\\/06\\\/Webdo-Tunisie_168377.jpg\",\"contentUrl\":\"https:\\\/\\\/www.webdo.tn\\\/fr\\\/wp-content\\\/uploads\\\/2025\\\/06\\\/Webdo-Tunisie_168377.jpg\",\"width\":301,\"height\":301,\"caption\":\"Webdo\"},\"image\":{\"@id\":\"https:\\\/\\\/www.webdo.tn\\\/fr\\\/#\\\/schema\\\/logo\\\/image\\\/\"},\"sameAs\":[\"https:\\\/\\\/www.facebook.com\\\/webdotn\",\"https:\\\/\\\/x.com\\\/webdo_tn\"],\"description\":\"Webdo est un m\u00e9dia num\u00e9rique tunisien fond\u00e9 en 2010, sp\u00e9cialis\u00e9 dans l\u2019actualit\u00e9 nationale et internationale, l\u2019\u00e9conomie, la soci\u00e9t\u00e9 et les analyses politiques. Le site s\u2019adresse \u00e0 un large public francophone et couvre l\u2019information tunisienne en temps r\u00e9el.\",\"email\":\"redac@webdo.tn\",\"legalName\":\"YNJ SARL\",\"foundingDate\":\"2010-09-06\",\"numberOfEmployees\":{\"@type\":\"QuantitativeValue\",\"minValue\":\"11\",\"maxValue\":\"50\"}},{\"@type\":\"Person\",\"@id\":\"https:\\\/\\\/www.webdo.tn\\\/fr\\\/#\\\/schema\\\/person\\\/f35b42a42c5e2511bbd282959d6385cc\",\"name\":\"CL\",\"image\":{\"@type\":\"ImageObject\",\"inLanguage\":\"fr-FR\",\"@id\":\"https:\\\/\\\/secure.gravatar.com\\\/avatar\\\/1447a49909b67aa657c488aec6512e1dd6143a480c1ecfee9b5b5cd74eb3b59e?s=96&d=mm&r=g\",\"url\":\"https:\\\/\\\/secure.gravatar.com\\\/avatar\\\/1447a49909b67aa657c488aec6512e1dd6143a480c1ecfee9b5b5cd74eb3b59e?s=96&d=mm&r=g\",\"contentUrl\":\"https:\\\/\\\/secure.gravatar.com\\\/avatar\\\/1447a49909b67aa657c488aec6512e1dd6143a480c1ecfee9b5b5cd74eb3b59e?s=96&d=mm&r=g\",\"caption\":\"CL\"},\"url\":\"https:\\\/\\\/www.webdo.tn\\\/fr\\\/actualite\\\/author\\\/cl\\\/\"}]}<\/script>\n<!-- \/ Yoast SEO Premium plugin. -->","yoast_head_json":{"title":"La BERD \u00ab tr\u00e8s favorable \u00bb au processus de r\u00e9formes en Tunisie","description":"La cheffe du gouvernement, Najla Bouden, s\u2019est entretenue, mardi 17 janvier 2023, \u00e0 Davos, \u00e0 l\u2019occasion de la 52\u00e8me r\u00e9union annuelle du Forum \u00e9conomique mondial...","canonical":"https:\/\/www.webdo.tn\/fr\/actualite\/national\/la-berd-tres-favorable-au-processus-de-reformes-en-tunisie\/201974\/","og_locale":"fr_FR","og_type":"article","og_title":"La BERD \u00ab tr\u00e8s favorable \u00bb au processus de r\u00e9formes en Tunisie","og_description":"La cheffe du gouvernement, Najla Bouden, s\u2019est entretenue, mardi 17 janvier 2023, \u00e0 Davos, \u00e0 l\u2019occasion de la 52\u00e8me r\u00e9union annuelle du Forum \u00e9conomique mondial...","og_url":"https:\/\/www.webdo.tn\/fr\/actualite\/national\/la-berd-tres-favorable-au-processus-de-reformes-en-tunisie\/201974\/","og_site_name":"webdo","article_publisher":"https:\/\/www.facebook.com\/webdotn","article_published_time":"2023-01-17T13:19:00+00:00","article_modified_time":"2025-05-20T22:46:00+00:00","og_image":[{"width":680,"height":363,"url":"https:\/\/www.webdo.tn\/fr\/wp-content\/uploads\/2023\/01\/c911c621d4f24d46e3b9390777c9394f.jpg","type":"image\/jpeg"}],"author":"CL","twitter_card":"summary_large_image","twitter_creator":"@webdo_tn","twitter_site":"@webdo_tn","twitter_misc":{"\u00c9crit par":"CL","Dur\u00e9e de lecture estim\u00e9e":"1 minute"},"schema":{"@context":"https:\/\/schema.org","@graph":[{"@type":"NewsArticle","@id":"https:\/\/www.webdo.tn\/fr\/actualite\/national\/la-berd-tres-favorable-au-processus-de-reformes-en-tunisie\/201974\/#article","isPartOf":{"@id":"https:\/\/www.webdo.tn\/fr\/actualite\/national\/la-berd-tres-favorable-au-processus-de-reformes-en-tunisie\/201974\/"},"author":{"name":"CL","@id":"https:\/\/www.webdo.tn\/fr\/#\/schema\/person\/f35b42a42c5e2511bbd282959d6385cc"},"headline":"La BERD \u00ab tr\u00e8s favorable \u00bb au processus de r\u00e9formes en Tunisie","datePublished":"2023-01-17T13:19:00+00:00","dateModified":"2025-05-20T22:46:00+00:00","mainEntityOfPage":{"@id":"https:\/\/www.webdo.tn\/fr\/actualite\/national\/la-berd-tres-favorable-au-processus-de-reformes-en-tunisie\/201974\/"},"wordCount":258,"commentCount":0,"publisher":{"@id":"https:\/\/www.webdo.tn\/fr\/#organization"},"image":{"@id":"https:\/\/www.webdo.tn\/fr\/actualite\/national\/la-berd-tres-favorable-au-processus-de-reformes-en-tunisie\/201974\/#primaryimage"},"thumbnailUrl":"https:\/\/www.webdo.tn\/fr\/wp-content\/uploads\/2023\/01\/c911c621d4f24d46e3b9390777c9394f.jpg","keywords":["BERD","r\u00e9formes","Tunisie"],"articleSection":["National"],"inLanguage":"fr-FR"},{"@type":"WebPage","@id":"https:\/\/www.webdo.tn\/fr\/actualite\/national\/la-berd-tres-favorable-au-processus-de-reformes-en-tunisie\/201974\/","url":"https:\/\/www.webdo.tn\/fr\/actualite\/national\/la-berd-tres-favorable-au-processus-de-reformes-en-tunisie\/201974\/","name":"La BERD \u00ab tr\u00e8s favorable \u00bb au processus de r\u00e9formes en Tunisie","isPartOf":{"@id":"https:\/\/www.webdo.tn\/fr\/#website"},"primaryImageOfPage":{"@id":"https:\/\/www.webdo.tn\/fr\/actualite\/national\/la-berd-tres-favorable-au-processus-de-reformes-en-tunisie\/201974\/#primaryimage"},"image":{"@id":"https:\/\/www.webdo.tn\/fr\/actualite\/national\/la-berd-tres-favorable-au-processus-de-reformes-en-tunisie\/201974\/#primaryimage"},"thumbnailUrl":"https:\/\/www.webdo.tn\/fr\/wp-content\/uploads\/2023\/01\/c911c621d4f24d46e3b9390777c9394f.jpg","datePublished":"2023-01-17T13:19:00+00:00","dateModified":"2025-05-20T22:46:00+00:00","description":"La cheffe du gouvernement, Najla Bouden, s\u2019est entretenue, mardi 17 janvier 2023, \u00e0 Davos, \u00e0 l\u2019occasion de la 52\u00e8me r\u00e9union annuelle du Forum \u00e9conomique mondial...","breadcrumb":{"@id":"https:\/\/www.webdo.tn\/fr\/actualite\/national\/la-berd-tres-favorable-au-processus-de-reformes-en-tunisie\/201974\/#breadcrumb"},"inLanguage":"fr-FR","potentialAction":[{"@type":"ReadAction","target":["https:\/\/www.webdo.tn\/fr\/actualite\/national\/la-berd-tres-favorable-au-processus-de-reformes-en-tunisie\/201974\/"]}]},{"@type":"ImageObject","inLanguage":"fr-FR","@id":"https:\/\/www.webdo.tn\/fr\/actualite\/national\/la-berd-tres-favorable-au-processus-de-reformes-en-tunisie\/201974\/#primaryimage","url":"https:\/\/www.webdo.tn\/fr\/wp-content\/uploads\/2023\/01\/c911c621d4f24d46e3b9390777c9394f.jpg","contentUrl":"https:\/\/www.webdo.tn\/fr\/wp-content\/uploads\/2023\/01\/c911c621d4f24d46e3b9390777c9394f.jpg","width":680,"height":363,"caption":"BERD Tunisie"},{"@type":"BreadcrumbList","@id":"https:\/\/www.webdo.tn\/fr\/actualite\/national\/la-berd-tres-favorable-au-processus-de-reformes-en-tunisie\/201974\/#breadcrumb","itemListElement":[{"@type":"ListItem","position":1,"name":"Accueil","item":"https:\/\/www.webdo.tn\/fr\/"},{"@type":"ListItem","position":2,"name":"La BERD \u00ab tr\u00e8s favorable \u00bb au processus de r\u00e9formes en Tunisie"}]},{"@type":"WebSite","@id":"https:\/\/www.webdo.tn\/fr\/#website","url":"https:\/\/www.webdo.tn\/fr\/","name":"webdo","description":"Tunisie - News en Tunisie et \u00e0 l&#039;international sur Webdo.tn","publisher":{"@id":"https:\/\/www.webdo.tn\/fr\/#organization"},"potentialAction":[{"@type":"SearchAction","target":{"@type":"EntryPoint","urlTemplate":"https:\/\/www.webdo.tn\/fr\/?s={search_term_string}"},"query-input":{"@type":"PropertyValueSpecification","valueRequired":true,"valueName":"search_term_string"}}],"inLanguage":"fr-FR"},{"@type":"Organization","@id":"https:\/\/www.webdo.tn\/fr\/#organization","name":"Webdo","alternateName":"Webdo.tn","url":"https:\/\/www.webdo.tn\/fr\/","logo":{"@type":"ImageObject","inLanguage":"fr-FR","@id":"https:\/\/www.webdo.tn\/fr\/#\/schema\/logo\/image\/","url":"https:\/\/www.webdo.tn\/fr\/wp-content\/uploads\/2025\/06\/Webdo-Tunisie_168377.jpg","contentUrl":"https:\/\/www.webdo.tn\/fr\/wp-content\/uploads\/2025\/06\/Webdo-Tunisie_168377.jpg","width":301,"height":301,"caption":"Webdo"},"image":{"@id":"https:\/\/www.webdo.tn\/fr\/#\/schema\/logo\/image\/"},"sameAs":["https:\/\/www.facebook.com\/webdotn","https:\/\/x.com\/webdo_tn"],"description":"Webdo est un m\u00e9dia num\u00e9rique tunisien fond\u00e9 en 2010, sp\u00e9cialis\u00e9 dans l\u2019actualit\u00e9 nationale et internationale, l\u2019\u00e9conomie, la soci\u00e9t\u00e9 et les analyses politiques. Le site s\u2019adresse \u00e0 un large public francophone et couvre l\u2019information tunisienne en temps r\u00e9el.","email":"redac@webdo.tn","legalName":"YNJ SARL","foundingDate":"2010-09-06","numberOfEmployees":{"@type":"QuantitativeValue","minValue":"11","maxValue":"50"}},{"@type":"Person","@id":"https:\/\/www.webdo.tn\/fr\/#\/schema\/person\/f35b42a42c5e2511bbd282959d6385cc","name":"CL","image":{"@type":"ImageObject","inLanguage":"fr-FR","@id":"https:\/\/secure.gravatar.com\/avatar\/1447a49909b67aa657c488aec6512e1dd6143a480c1ecfee9b5b5cd74eb3b59e?s=96&d=mm&r=g","url":"https:\/\/secure.gravatar.com\/avatar\/1447a49909b67aa657c488aec6512e1dd6143a480c1ecfee9b5b5cd74eb3b59e?s=96&d=mm&r=g","contentUrl":"https:\/\/secure.gravatar.com\/avatar\/1447a49909b67aa657c488aec6512e1dd6143a480c1ecfee9b5b5cd74eb3b59e?s=96&d=mm&r=g","caption":"CL"},"url":"https:\/\/www.webdo.tn\/fr\/actualite\/author\/cl\/"}]}},"_links":{"self":[{"href":"https:\/\/www.webdo.tn\/fr\/wp-json\/wp\/v2\/posts\/201974","targetHints":{"allow":["GET"]}}],"collection":[{"href":"https:\/\/www.webdo.tn\/fr\/wp-json\/wp\/v2\/posts"}],"about":[{"href":"https:\/\/www.webdo.tn\/fr\/wp-json\/wp\/v2\/types\/post"}],"author":[{"embeddable":true,"href":"https:\/\/www.webdo.tn\/fr\/wp-json\/wp\/v2\/users\/3175"}],"replies":[{"embeddable":true,"href":"https:\/\/www.webdo.tn\/fr\/wp-json\/wp\/v2\/comments?post=201974"}],"version-history":[{"count":0,"href":"https:\/\/www.webdo.tn\/fr\/wp-json\/wp\/v2\/posts\/201974\/revisions"}],"wp:featuredmedia":[{"embeddable":true,"href":"https:\/\/www.webdo.tn\/fr\/wp-json\/wp\/v2\/media\/252500"}],"wp:attachment":[{"href":"https:\/\/www.webdo.tn\/fr\/wp-json\/wp\/v2\/media?parent=201974"}],"wp:term":[{"taxonomy":"category","embeddable":true,"href":"https:\/\/www.webdo.tn\/fr\/wp-json\/wp\/v2\/categories?post=201974"},{"taxonomy":"post_tag","embeddable":true,"href":"https:\/\/www.webdo.tn\/fr\/wp-json\/wp\/v2\/tags?post=201974"}],"curies":[{"name":"wp","href":"https:\/\/api.w.org\/{rel}","templated":true}]}}