{"id":201971,"date":"2023-01-17T12:59:00","date_gmt":"2023-01-17T12:59:00","guid":{"rendered":"https:\/\/www.webdo.tn\/fr\/blog\/les-migrations-irregulieres-des-tunisiens-ont-augmente-de-18-en-2022\/201971\/"},"modified":"2025-05-20T22:58:57","modified_gmt":"2025-05-20T22:58:57","slug":"les-migrations-irregulieres-des-tunisiens-ont-augmente-de-18-en-2022","status":"publish","type":"post","link":"https:\/\/www.webdo.tn\/fr\/actualite\/national\/les-migrations-irregulieres-des-tunisiens-ont-augmente-de-18-en-2022\/201971\/","title":{"rendered":"Les migrations irr\u00e9guli\u00e8res des Tunisiens ont augment\u00e9 de 18% en 2022\u2026"},"content":{"rendered":"<p>C\u2019est l\u2019amer constat que nous r\u00e9v\u00e8lent les donn\u00e9es relatives \u00e0 l\u2019\u00e9migration clandestine. Les flux irr\u00e9guliers des Tunisiens vers la c\u00f4te nord de la M\u00e9diterran\u00e9e ont augment\u00e9 de 18% en 2022 par rapport \u00e0 2021. Quelque 16.292 dont 3430 mineurs ont \u00ab franchi le pas \u00bb \u00e0 fin octobre 2022.<\/p>\n<p>\t\t\t\t\t\t\t\t\tDes chiffres qui en disent long sur le d\u00e9sespoir et le manque de perspectives quant \u00e0 cette cat\u00e9gorie de la population qui quitte pr\u00e9cocement les bancs de l\u2019\u00e9cole et qui se trouve confront\u00e9e au ch\u00f4mage.<\/p>\n<p>Pour lutter contre ce ph\u00e9nom\u00e8ne, la Deutsche Gesellschaft f\u00fcr Internationale Zusammenarbeit (GIZ) GmbH et l&rsquo;Organisation Internationale pour les Migrations (OIM) mettent des ateliers et des conseillers \u00e0 disposition des jeunes pour les informer et les sensibiliser sur leurs chances d\u2019int\u00e9gration professionnelle en Tunisie et \u00e0 l\u2019international, ainsi que sur les risques li\u00e9s \u00e0 la migration irr\u00e9guli\u00e8re.<\/p>\n<p>Un labyrinthe \u00e0 ciel ouvert a \u00e9t\u00e9 con\u00e7u comme une cartographie dynamique des services et d\u2019opportunit\u00e9s destin\u00e9s aux jeunes Tunisien.ne.s et \u00e0 leurs familles.<\/p>\n<p>Ce labyrinthe, qui vise 200 Tunisien.ne.s sur le Grand-Tunis et traite du th\u00e8me de la migration et de la promotion des opportunit\u00e9s et des chances en Tunisie, comporte huit th\u00e9matiques distinctes :<\/p>\n<p>\tEducation ;<br \/>\n\tFormation professionnelle ;<br \/>\n\tEnseignement sup\u00e9rieur ;<br \/>\n\tEmploi ;<br \/>\n\tEntrepreneuriat ;<br \/>\n\tPlacement \u00e0 l\u2019international ;<br \/>\n\tJeunesse, sport et culture ;<br \/>\n\tRisques de la migration irr\u00e9guli\u00e8re.<\/p>\n<p>Le labyrinthe r\u00e9sume les possibilit\u00e9s d\u2019un projet professionnel pour un.e jeune Tunisien.ne qui, \u00e0 travers les diff\u00e9rents couloirs propos\u00e9s, pourra construire de mani\u00e8re fictive son parcours professionnel avec l\u2019aide des conseillers pr\u00e9sents sur place. Des repr\u00e9sentants des structures pertinentes pour chaque th\u00e9matique seront \u00e9galement sur place pour offrir un conseil direct et personnalis\u00e9 aux participants.<\/p>\n<p>Esp\u00e9rons que cette initiative donnera ses fruits et convaincra les candidats \u00e0 la migration clandestine de rester chez eux et de se battre pour une vie digne dans leur patrie.<\/p>\n","protected":false},"excerpt":{"rendered":"<p>C\u2019est l\u2019amer constat que nous r\u00e9v\u00e8lent les donn\u00e9es relatives \u00e0 l\u2019\u00e9migration clandestine. Les flux irr\u00e9guliers des Tunisiens vers la c\u00f4te nord de la M\u00e9diterran\u00e9e&#8230;<\/p>\n","protected":false},"author":3188,"featured_media":252497,"comment_status":"open","ping_status":"closed","sticky":false,"template":"","format":"standard","meta":{"footnotes":""},"categories":[44],"tags":[7055,2608],"class_list":["post-201971","post","type-post","status-publish","format-standard","has-post-thumbnail","hentry","category-national","tag-emigration-irreguliere","tag-tunisie"],"yoast_head":"<!-- This site is optimized with the Yoast SEO Premium plugin v27.5 (Yoast SEO v27.5) - https:\/\/yoast.com\/product\/yoast-seo-premium-wordpress\/ -->\n<title>Les migrations irr\u00e9guli\u00e8res des Tunisiens ont augment\u00e9 de 18% en 2022\u2026<\/title>\n<meta name=\"description\" content=\"C\u2019est l\u2019amer constat que nous r\u00e9v\u00e8lent les donn\u00e9es relatives \u00e0 l\u2019\u00e9migration clandestine. Les flux irr\u00e9guliers des Tunisiens vers la c\u00f4te nord de la M\u00e9diterran\u00e9e...\" \/>\n<link rel=\"canonical\" href=\"https:\/\/www.webdo.tn\/fr\/actualite\/national\/les-migrations-irregulieres-des-tunisiens-ont-augmente-de-18-en-2022\/201971\/\" \/>\n<meta property=\"og:locale\" content=\"fr_FR\" \/>\n<meta property=\"og:type\" content=\"article\" \/>\n<meta property=\"og:title\" content=\"Les migrations irr\u00e9guli\u00e8res des Tunisiens ont augment\u00e9 de 18% en 2022\u2026\" \/>\n<meta property=\"og:description\" content=\"C\u2019est l\u2019amer constat que nous r\u00e9v\u00e8lent les donn\u00e9es relatives \u00e0 l\u2019\u00e9migration clandestine. Les flux irr\u00e9guliers des Tunisiens vers la c\u00f4te nord de la M\u00e9diterran\u00e9e...\" \/>\n<meta property=\"og:url\" content=\"https:\/\/www.webdo.tn\/fr\/actualite\/national\/les-migrations-irregulieres-des-tunisiens-ont-augmente-de-18-en-2022\/201971\/\" \/>\n<meta property=\"og:site_name\" content=\"webdo\" \/>\n<meta property=\"article:publisher\" content=\"https:\/\/www.facebook.com\/webdotn\" \/>\n<meta property=\"article:published_time\" content=\"2023-01-17T12:59:00+00:00\" \/>\n<meta property=\"article:modified_time\" content=\"2025-05-20T22:58:57+00:00\" \/>\n<meta property=\"og:image\" content=\"https:\/\/www.webdo.tn\/fr\/wp-content\/uploads\/2023\/01\/11d0393b1f4f01ea01af2ae808b69cfb.jpg\" \/>\n\t<meta property=\"og:image:width\" content=\"750\" \/>\n\t<meta property=\"og:image:height\" content=\"400\" \/>\n\t<meta property=\"og:image:type\" content=\"image\/jpeg\" \/>\n<meta name=\"author\" content=\"Ramzi\" \/>\n<meta name=\"twitter:card\" content=\"summary_large_image\" \/>\n<meta name=\"twitter:creator\" content=\"@webdo_tn\" \/>\n<meta name=\"twitter:site\" content=\"@webdo_tn\" \/>\n<meta name=\"twitter:label1\" content=\"\u00c9crit par\" \/>\n\t<meta name=\"twitter:data1\" content=\"Ramzi\" \/>\n\t<meta name=\"twitter:label2\" content=\"Dur\u00e9e de lecture estim\u00e9e\" \/>\n\t<meta name=\"twitter:data2\" content=\"2 minutes\" \/>\n<script type=\"application\/ld+json\" class=\"yoast-schema-graph\">{\"@context\":\"https:\\\/\\\/schema.org\",\"@graph\":[{\"@type\":\"NewsArticle\",\"@id\":\"https:\\\/\\\/www.webdo.tn\\\/fr\\\/actualite\\\/national\\\/les-migrations-irregulieres-des-tunisiens-ont-augmente-de-18-en-2022\\\/201971\\\/#article\",\"isPartOf\":{\"@id\":\"https:\\\/\\\/www.webdo.tn\\\/fr\\\/actualite\\\/national\\\/les-migrations-irregulieres-des-tunisiens-ont-augmente-de-18-en-2022\\\/201971\\\/\"},\"author\":{\"name\":\"Ramzi\",\"@id\":\"https:\\\/\\\/www.webdo.tn\\\/fr\\\/#\\\/schema\\\/person\\\/590cb5f81adcfde6385530fdbdf468e2\"},\"headline\":\"Les migrations irr\u00e9guli\u00e8res des Tunisiens ont augment\u00e9 de 18% en 2022\u2026\",\"datePublished\":\"2023-01-17T12:59:00+00:00\",\"dateModified\":\"2025-05-20T22:58:57+00:00\",\"mainEntityOfPage\":{\"@id\":\"https:\\\/\\\/www.webdo.tn\\\/fr\\\/actualite\\\/national\\\/les-migrations-irregulieres-des-tunisiens-ont-augmente-de-18-en-2022\\\/201971\\\/\"},\"wordCount\":343,\"commentCount\":0,\"publisher\":{\"@id\":\"https:\\\/\\\/www.webdo.tn\\\/fr\\\/#organization\"},\"image\":{\"@id\":\"https:\\\/\\\/www.webdo.tn\\\/fr\\\/actualite\\\/national\\\/les-migrations-irregulieres-des-tunisiens-ont-augmente-de-18-en-2022\\\/201971\\\/#primaryimage\"},\"thumbnailUrl\":\"https:\\\/\\\/www.webdo.tn\\\/fr\\\/wp-content\\\/uploads\\\/2023\\\/01\\\/11d0393b1f4f01ea01af2ae808b69cfb.jpg\",\"keywords\":[\"\u00e9migration irr\u00e9guli\u00e8re\",\"Tunisie\"],\"articleSection\":[\"National\"],\"inLanguage\":\"fr-FR\"},{\"@type\":\"WebPage\",\"@id\":\"https:\\\/\\\/www.webdo.tn\\\/fr\\\/actualite\\\/national\\\/les-migrations-irregulieres-des-tunisiens-ont-augmente-de-18-en-2022\\\/201971\\\/\",\"url\":\"https:\\\/\\\/www.webdo.tn\\\/fr\\\/actualite\\\/national\\\/les-migrations-irregulieres-des-tunisiens-ont-augmente-de-18-en-2022\\\/201971\\\/\",\"name\":\"Les migrations irr\u00e9guli\u00e8res des Tunisiens ont augment\u00e9 de 18% en 2022\u2026\",\"isPartOf\":{\"@id\":\"https:\\\/\\\/www.webdo.tn\\\/fr\\\/#website\"},\"primaryImageOfPage\":{\"@id\":\"https:\\\/\\\/www.webdo.tn\\\/fr\\\/actualite\\\/national\\\/les-migrations-irregulieres-des-tunisiens-ont-augmente-de-18-en-2022\\\/201971\\\/#primaryimage\"},\"image\":{\"@id\":\"https:\\\/\\\/www.webdo.tn\\\/fr\\\/actualite\\\/national\\\/les-migrations-irregulieres-des-tunisiens-ont-augmente-de-18-en-2022\\\/201971\\\/#primaryimage\"},\"thumbnailUrl\":\"https:\\\/\\\/www.webdo.tn\\\/fr\\\/wp-content\\\/uploads\\\/2023\\\/01\\\/11d0393b1f4f01ea01af2ae808b69cfb.jpg\",\"datePublished\":\"2023-01-17T12:59:00+00:00\",\"dateModified\":\"2025-05-20T22:58:57+00:00\",\"description\":\"C\u2019est l\u2019amer constat que nous r\u00e9v\u00e8lent les donn\u00e9es relatives \u00e0 l\u2019\u00e9migration clandestine. Les flux irr\u00e9guliers des Tunisiens vers la c\u00f4te nord de la M\u00e9diterran\u00e9e...\",\"breadcrumb\":{\"@id\":\"https:\\\/\\\/www.webdo.tn\\\/fr\\\/actualite\\\/national\\\/les-migrations-irregulieres-des-tunisiens-ont-augmente-de-18-en-2022\\\/201971\\\/#breadcrumb\"},\"inLanguage\":\"fr-FR\",\"potentialAction\":[{\"@type\":\"ReadAction\",\"target\":[\"https:\\\/\\\/www.webdo.tn\\\/fr\\\/actualite\\\/national\\\/les-migrations-irregulieres-des-tunisiens-ont-augmente-de-18-en-2022\\\/201971\\\/\"]}]},{\"@type\":\"ImageObject\",\"inLanguage\":\"fr-FR\",\"@id\":\"https:\\\/\\\/www.webdo.tn\\\/fr\\\/actualite\\\/national\\\/les-migrations-irregulieres-des-tunisiens-ont-augmente-de-18-en-2022\\\/201971\\\/#primaryimage\",\"url\":\"https:\\\/\\\/www.webdo.tn\\\/fr\\\/wp-content\\\/uploads\\\/2023\\\/01\\\/11d0393b1f4f01ea01af2ae808b69cfb.jpg\",\"contentUrl\":\"https:\\\/\\\/www.webdo.tn\\\/fr\\\/wp-content\\\/uploads\\\/2023\\\/01\\\/11d0393b1f4f01ea01af2ae808b69cfb.jpg\",\"width\":750,\"height\":400,\"caption\":\"Les migrations irr\u00e9guli\u00e8res des Tunisiens ont augment\u00e9 de 18% en 2022\u2026\"},{\"@type\":\"BreadcrumbList\",\"@id\":\"https:\\\/\\\/www.webdo.tn\\\/fr\\\/actualite\\\/national\\\/les-migrations-irregulieres-des-tunisiens-ont-augmente-de-18-en-2022\\\/201971\\\/#breadcrumb\",\"itemListElement\":[{\"@type\":\"ListItem\",\"position\":1,\"name\":\"Accueil\",\"item\":\"https:\\\/\\\/www.webdo.tn\\\/fr\\\/\"},{\"@type\":\"ListItem\",\"position\":2,\"name\":\"Les migrations irr\u00e9guli\u00e8res des Tunisiens ont augment\u00e9 de 18% en 2022\u2026\"}]},{\"@type\":\"WebSite\",\"@id\":\"https:\\\/\\\/www.webdo.tn\\\/fr\\\/#website\",\"url\":\"https:\\\/\\\/www.webdo.tn\\\/fr\\\/\",\"name\":\"webdo\",\"description\":\"Tunisie - News en Tunisie et \u00e0 l&#039;international sur Webdo.tn\",\"publisher\":{\"@id\":\"https:\\\/\\\/www.webdo.tn\\\/fr\\\/#organization\"},\"potentialAction\":[{\"@type\":\"SearchAction\",\"target\":{\"@type\":\"EntryPoint\",\"urlTemplate\":\"https:\\\/\\\/www.webdo.tn\\\/fr\\\/?s={search_term_string}\"},\"query-input\":{\"@type\":\"PropertyValueSpecification\",\"valueRequired\":true,\"valueName\":\"search_term_string\"}}],\"inLanguage\":\"fr-FR\"},{\"@type\":\"Organization\",\"@id\":\"https:\\\/\\\/www.webdo.tn\\\/fr\\\/#organization\",\"name\":\"Webdo\",\"alternateName\":\"Webdo.tn\",\"url\":\"https:\\\/\\\/www.webdo.tn\\\/fr\\\/\",\"logo\":{\"@type\":\"ImageObject\",\"inLanguage\":\"fr-FR\",\"@id\":\"https:\\\/\\\/www.webdo.tn\\\/fr\\\/#\\\/schema\\\/logo\\\/image\\\/\",\"url\":\"https:\\\/\\\/www.webdo.tn\\\/fr\\\/wp-content\\\/uploads\\\/2025\\\/06\\\/Webdo-Tunisie_168377.jpg\",\"contentUrl\":\"https:\\\/\\\/www.webdo.tn\\\/fr\\\/wp-content\\\/uploads\\\/2025\\\/06\\\/Webdo-Tunisie_168377.jpg\",\"width\":301,\"height\":301,\"caption\":\"Webdo\"},\"image\":{\"@id\":\"https:\\\/\\\/www.webdo.tn\\\/fr\\\/#\\\/schema\\\/logo\\\/image\\\/\"},\"sameAs\":[\"https:\\\/\\\/www.facebook.com\\\/webdotn\",\"https:\\\/\\\/x.com\\\/webdo_tn\"],\"description\":\"Webdo est un m\u00e9dia num\u00e9rique tunisien fond\u00e9 en 2010, sp\u00e9cialis\u00e9 dans l\u2019actualit\u00e9 nationale et internationale, l\u2019\u00e9conomie, la soci\u00e9t\u00e9 et les analyses politiques. Le site s\u2019adresse \u00e0 un large public francophone et couvre l\u2019information tunisienne en temps r\u00e9el.\",\"email\":\"redac@webdo.tn\",\"legalName\":\"YNJ SARL\",\"foundingDate\":\"2010-09-06\",\"numberOfEmployees\":{\"@type\":\"QuantitativeValue\",\"minValue\":\"11\",\"maxValue\":\"50\"}},{\"@type\":\"Person\",\"@id\":\"https:\\\/\\\/www.webdo.tn\\\/fr\\\/#\\\/schema\\\/person\\\/590cb5f81adcfde6385530fdbdf468e2\",\"name\":\"Ramzi\",\"image\":{\"@type\":\"ImageObject\",\"inLanguage\":\"fr-FR\",\"@id\":\"https:\\\/\\\/secure.gravatar.com\\\/avatar\\\/48df7d18915e10cf866ba8e27604c81ff9243fd52704a1d210c3e387e1cb8d87?s=96&d=mm&r=g\",\"url\":\"https:\\\/\\\/secure.gravatar.com\\\/avatar\\\/48df7d18915e10cf866ba8e27604c81ff9243fd52704a1d210c3e387e1cb8d87?s=96&d=mm&r=g\",\"contentUrl\":\"https:\\\/\\\/secure.gravatar.com\\\/avatar\\\/48df7d18915e10cf866ba8e27604c81ff9243fd52704a1d210c3e387e1cb8d87?s=96&d=mm&r=g\",\"caption\":\"Ramzi\"},\"url\":\"https:\\\/\\\/www.webdo.tn\\\/fr\\\/actualite\\\/author\\\/ramzi\\\/\"}]}<\/script>\n<!-- \/ Yoast SEO Premium plugin. -->","yoast_head_json":{"title":"Les migrations irr\u00e9guli\u00e8res des Tunisiens ont augment\u00e9 de 18% en 2022\u2026","description":"C\u2019est l\u2019amer constat que nous r\u00e9v\u00e8lent les donn\u00e9es relatives \u00e0 l\u2019\u00e9migration clandestine. Les flux irr\u00e9guliers des Tunisiens vers la c\u00f4te nord de la M\u00e9diterran\u00e9e...","canonical":"https:\/\/www.webdo.tn\/fr\/actualite\/national\/les-migrations-irregulieres-des-tunisiens-ont-augmente-de-18-en-2022\/201971\/","og_locale":"fr_FR","og_type":"article","og_title":"Les migrations irr\u00e9guli\u00e8res des Tunisiens ont augment\u00e9 de 18% en 2022\u2026","og_description":"C\u2019est l\u2019amer constat que nous r\u00e9v\u00e8lent les donn\u00e9es relatives \u00e0 l\u2019\u00e9migration clandestine. Les flux irr\u00e9guliers des Tunisiens vers la c\u00f4te nord de la M\u00e9diterran\u00e9e...","og_url":"https:\/\/www.webdo.tn\/fr\/actualite\/national\/les-migrations-irregulieres-des-tunisiens-ont-augmente-de-18-en-2022\/201971\/","og_site_name":"webdo","article_publisher":"https:\/\/www.facebook.com\/webdotn","article_published_time":"2023-01-17T12:59:00+00:00","article_modified_time":"2025-05-20T22:58:57+00:00","og_image":[{"width":750,"height":400,"url":"https:\/\/www.webdo.tn\/fr\/wp-content\/uploads\/2023\/01\/11d0393b1f4f01ea01af2ae808b69cfb.jpg","type":"image\/jpeg"}],"author":"Ramzi","twitter_card":"summary_large_image","twitter_creator":"@webdo_tn","twitter_site":"@webdo_tn","twitter_misc":{"\u00c9crit par":"Ramzi","Dur\u00e9e de lecture estim\u00e9e":"2 minutes"},"schema":{"@context":"https:\/\/schema.org","@graph":[{"@type":"NewsArticle","@id":"https:\/\/www.webdo.tn\/fr\/actualite\/national\/les-migrations-irregulieres-des-tunisiens-ont-augmente-de-18-en-2022\/201971\/#article","isPartOf":{"@id":"https:\/\/www.webdo.tn\/fr\/actualite\/national\/les-migrations-irregulieres-des-tunisiens-ont-augmente-de-18-en-2022\/201971\/"},"author":{"name":"Ramzi","@id":"https:\/\/www.webdo.tn\/fr\/#\/schema\/person\/590cb5f81adcfde6385530fdbdf468e2"},"headline":"Les migrations irr\u00e9guli\u00e8res des Tunisiens ont augment\u00e9 de 18% en 2022\u2026","datePublished":"2023-01-17T12:59:00+00:00","dateModified":"2025-05-20T22:58:57+00:00","mainEntityOfPage":{"@id":"https:\/\/www.webdo.tn\/fr\/actualite\/national\/les-migrations-irregulieres-des-tunisiens-ont-augmente-de-18-en-2022\/201971\/"},"wordCount":343,"commentCount":0,"publisher":{"@id":"https:\/\/www.webdo.tn\/fr\/#organization"},"image":{"@id":"https:\/\/www.webdo.tn\/fr\/actualite\/national\/les-migrations-irregulieres-des-tunisiens-ont-augmente-de-18-en-2022\/201971\/#primaryimage"},"thumbnailUrl":"https:\/\/www.webdo.tn\/fr\/wp-content\/uploads\/2023\/01\/11d0393b1f4f01ea01af2ae808b69cfb.jpg","keywords":["\u00e9migration irr\u00e9guli\u00e8re","Tunisie"],"articleSection":["National"],"inLanguage":"fr-FR"},{"@type":"WebPage","@id":"https:\/\/www.webdo.tn\/fr\/actualite\/national\/les-migrations-irregulieres-des-tunisiens-ont-augmente-de-18-en-2022\/201971\/","url":"https:\/\/www.webdo.tn\/fr\/actualite\/national\/les-migrations-irregulieres-des-tunisiens-ont-augmente-de-18-en-2022\/201971\/","name":"Les migrations irr\u00e9guli\u00e8res des Tunisiens ont augment\u00e9 de 18% en 2022\u2026","isPartOf":{"@id":"https:\/\/www.webdo.tn\/fr\/#website"},"primaryImageOfPage":{"@id":"https:\/\/www.webdo.tn\/fr\/actualite\/national\/les-migrations-irregulieres-des-tunisiens-ont-augmente-de-18-en-2022\/201971\/#primaryimage"},"image":{"@id":"https:\/\/www.webdo.tn\/fr\/actualite\/national\/les-migrations-irregulieres-des-tunisiens-ont-augmente-de-18-en-2022\/201971\/#primaryimage"},"thumbnailUrl":"https:\/\/www.webdo.tn\/fr\/wp-content\/uploads\/2023\/01\/11d0393b1f4f01ea01af2ae808b69cfb.jpg","datePublished":"2023-01-17T12:59:00+00:00","dateModified":"2025-05-20T22:58:57+00:00","description":"C\u2019est l\u2019amer constat que nous r\u00e9v\u00e8lent les donn\u00e9es relatives \u00e0 l\u2019\u00e9migration clandestine. Les flux irr\u00e9guliers des Tunisiens vers la c\u00f4te nord de la M\u00e9diterran\u00e9e...","breadcrumb":{"@id":"https:\/\/www.webdo.tn\/fr\/actualite\/national\/les-migrations-irregulieres-des-tunisiens-ont-augmente-de-18-en-2022\/201971\/#breadcrumb"},"inLanguage":"fr-FR","potentialAction":[{"@type":"ReadAction","target":["https:\/\/www.webdo.tn\/fr\/actualite\/national\/les-migrations-irregulieres-des-tunisiens-ont-augmente-de-18-en-2022\/201971\/"]}]},{"@type":"ImageObject","inLanguage":"fr-FR","@id":"https:\/\/www.webdo.tn\/fr\/actualite\/national\/les-migrations-irregulieres-des-tunisiens-ont-augmente-de-18-en-2022\/201971\/#primaryimage","url":"https:\/\/www.webdo.tn\/fr\/wp-content\/uploads\/2023\/01\/11d0393b1f4f01ea01af2ae808b69cfb.jpg","contentUrl":"https:\/\/www.webdo.tn\/fr\/wp-content\/uploads\/2023\/01\/11d0393b1f4f01ea01af2ae808b69cfb.jpg","width":750,"height":400,"caption":"Les migrations irr\u00e9guli\u00e8res des Tunisiens ont augment\u00e9 de 18% en 2022\u2026"},{"@type":"BreadcrumbList","@id":"https:\/\/www.webdo.tn\/fr\/actualite\/national\/les-migrations-irregulieres-des-tunisiens-ont-augmente-de-18-en-2022\/201971\/#breadcrumb","itemListElement":[{"@type":"ListItem","position":1,"name":"Accueil","item":"https:\/\/www.webdo.tn\/fr\/"},{"@type":"ListItem","position":2,"name":"Les migrations irr\u00e9guli\u00e8res des Tunisiens ont augment\u00e9 de 18% en 2022\u2026"}]},{"@type":"WebSite","@id":"https:\/\/www.webdo.tn\/fr\/#website","url":"https:\/\/www.webdo.tn\/fr\/","name":"webdo","description":"Tunisie - News en Tunisie et \u00e0 l&#039;international sur Webdo.tn","publisher":{"@id":"https:\/\/www.webdo.tn\/fr\/#organization"},"potentialAction":[{"@type":"SearchAction","target":{"@type":"EntryPoint","urlTemplate":"https:\/\/www.webdo.tn\/fr\/?s={search_term_string}"},"query-input":{"@type":"PropertyValueSpecification","valueRequired":true,"valueName":"search_term_string"}}],"inLanguage":"fr-FR"},{"@type":"Organization","@id":"https:\/\/www.webdo.tn\/fr\/#organization","name":"Webdo","alternateName":"Webdo.tn","url":"https:\/\/www.webdo.tn\/fr\/","logo":{"@type":"ImageObject","inLanguage":"fr-FR","@id":"https:\/\/www.webdo.tn\/fr\/#\/schema\/logo\/image\/","url":"https:\/\/www.webdo.tn\/fr\/wp-content\/uploads\/2025\/06\/Webdo-Tunisie_168377.jpg","contentUrl":"https:\/\/www.webdo.tn\/fr\/wp-content\/uploads\/2025\/06\/Webdo-Tunisie_168377.jpg","width":301,"height":301,"caption":"Webdo"},"image":{"@id":"https:\/\/www.webdo.tn\/fr\/#\/schema\/logo\/image\/"},"sameAs":["https:\/\/www.facebook.com\/webdotn","https:\/\/x.com\/webdo_tn"],"description":"Webdo est un m\u00e9dia num\u00e9rique tunisien fond\u00e9 en 2010, sp\u00e9cialis\u00e9 dans l\u2019actualit\u00e9 nationale et internationale, l\u2019\u00e9conomie, la soci\u00e9t\u00e9 et les analyses politiques. Le site s\u2019adresse \u00e0 un large public francophone et couvre l\u2019information tunisienne en temps r\u00e9el.","email":"redac@webdo.tn","legalName":"YNJ SARL","foundingDate":"2010-09-06","numberOfEmployees":{"@type":"QuantitativeValue","minValue":"11","maxValue":"50"}},{"@type":"Person","@id":"https:\/\/www.webdo.tn\/fr\/#\/schema\/person\/590cb5f81adcfde6385530fdbdf468e2","name":"Ramzi","image":{"@type":"ImageObject","inLanguage":"fr-FR","@id":"https:\/\/secure.gravatar.com\/avatar\/48df7d18915e10cf866ba8e27604c81ff9243fd52704a1d210c3e387e1cb8d87?s=96&d=mm&r=g","url":"https:\/\/secure.gravatar.com\/avatar\/48df7d18915e10cf866ba8e27604c81ff9243fd52704a1d210c3e387e1cb8d87?s=96&d=mm&r=g","contentUrl":"https:\/\/secure.gravatar.com\/avatar\/48df7d18915e10cf866ba8e27604c81ff9243fd52704a1d210c3e387e1cb8d87?s=96&d=mm&r=g","caption":"Ramzi"},"url":"https:\/\/www.webdo.tn\/fr\/actualite\/author\/ramzi\/"}]}},"_links":{"self":[{"href":"https:\/\/www.webdo.tn\/fr\/wp-json\/wp\/v2\/posts\/201971","targetHints":{"allow":["GET"]}}],"collection":[{"href":"https:\/\/www.webdo.tn\/fr\/wp-json\/wp\/v2\/posts"}],"about":[{"href":"https:\/\/www.webdo.tn\/fr\/wp-json\/wp\/v2\/types\/post"}],"author":[{"embeddable":true,"href":"https:\/\/www.webdo.tn\/fr\/wp-json\/wp\/v2\/users\/3188"}],"replies":[{"embeddable":true,"href":"https:\/\/www.webdo.tn\/fr\/wp-json\/wp\/v2\/comments?post=201971"}],"version-history":[{"count":0,"href":"https:\/\/www.webdo.tn\/fr\/wp-json\/wp\/v2\/posts\/201971\/revisions"}],"wp:featuredmedia":[{"embeddable":true,"href":"https:\/\/www.webdo.tn\/fr\/wp-json\/wp\/v2\/media\/252497"}],"wp:attachment":[{"href":"https:\/\/www.webdo.tn\/fr\/wp-json\/wp\/v2\/media?parent=201971"}],"wp:term":[{"taxonomy":"category","embeddable":true,"href":"https:\/\/www.webdo.tn\/fr\/wp-json\/wp\/v2\/categories?post=201971"},{"taxonomy":"post_tag","embeddable":true,"href":"https:\/\/www.webdo.tn\/fr\/wp-json\/wp\/v2\/tags?post=201971"}],"curies":[{"name":"wp","href":"https:\/\/api.w.org\/{rel}","templated":true}]}}