{"id":201969,"date":"2023-01-17T12:39:00","date_gmt":"2023-01-17T12:39:00","guid":{"rendered":"https:\/\/www.webdo.tn\/fr\/blog\/le-pdl-appelle-l-onu-a-ne-pas-reconnaitre-les-legislatives\/201969\/"},"modified":"2025-05-20T22:03:13","modified_gmt":"2025-05-20T22:03:13","slug":"le-pdl-appelle-l-onu-a-ne-pas-reconnaitre-les-legislatives","status":"publish","type":"post","link":"https:\/\/www.webdo.tn\/fr\/actualite\/national\/le-pdl-appelle-l-onu-a-ne-pas-reconnaitre-les-legislatives\/201969\/","title":{"rendered":"Le PDL appelle l&rsquo;ONU \u00e0 ne pas reconna\u00eetre les l\u00e9gislatives"},"content":{"rendered":"<p>Le Parti destourien libre (PDL) a appel\u00e9 l&rsquo;organisation des Nations-unies \u00e0 ne pas \u00ab\u00a0reconna\u00eetre\u00a0\u00bb le processus \u00e9lectoral courant en Tunisie\u00a0\u00bb qui, selon le parti, a \u00e9t\u00e9 boycott\u00e9 par la majorit\u00e9 des \u00e9lecteurs, rappelant au passage le taux de participation enregistr\u00e9 lors du premier tour (8,8%).<\/p>\n<p>\t\t\t\t\t\t\t\t\tCet appel ressort d\u2019un communiqu\u00e9 publi\u00e9 ce mardi 17 janvier 2023, par le PDL qui estime que les \u00e9lections l\u00e9gislatives sont \u00ab\u00a0ill\u00e9gales et ne sont pas conformes aux normes internationales ni au code de bonne conduite \u00e9lectorale \u00e9labor\u00e9 par la Commission de Venise.<\/p>\n<p>Il a, dans ce contexte, appel\u00e9 les organisations de contr\u00f4le des \u00e9lections \u00e0 ne pas participer \u00e0 l&rsquo;observation du 2\u00e8me tour du processus \u00e9lectoral et \u00e0 d\u00e9noncer les parties qui financent et observent \u00ab\u00a0ce crime commis contre le peuple tunisien\u00a0\u00bb.<\/p>\n<p>Le PDL a, \u00e9galement, appel\u00e9 \u00e0 ne pas reconna\u00eetre le Parlement issu de ces \u00e9lections. Le PDL consid\u00e8re en effet que l\u2019ARP ne repr\u00e9sente, en aucun cas, la volont\u00e9 populaire et libre des Tunisiens.<\/p>\n<p>Par ailleurs, le PDL a exhort\u00e9 les pays membres de l&rsquo;ONU, \u00e0 ne plus financer l&rsquo;action politique en Tunisie \u00e0 travers les associations \u00e9trang\u00e8res actives sous pr\u00e9texte d&rsquo;encadrement de la transition d\u00e9mocratique.<\/p>\n","protected":false},"excerpt":{"rendered":"<p>Le Parti destourien libre (PDL) a appel\u00e9 l&rsquo;organisation des Nations-unies \u00e0 ne pas  reconna\u00eetre  le processus \u00e9lectoral courant en Tunisie  qui, selon le parti,&#8230;<\/p>\n","protected":false},"author":3162,"featured_media":252495,"comment_status":"open","ping_status":"closed","sticky":false,"template":"","format":"standard","meta":{"footnotes":""},"categories":[44],"tags":[2926,3296,4028],"class_list":["post-201969","post","type-post","status-publish","format-standard","has-post-thumbnail","hentry","category-national","tag-abir-moussi","tag-onu","tag-pdl"],"yoast_head":"<!-- This site is optimized with the Yoast SEO Premium plugin v27.5 (Yoast SEO v27.5) - https:\/\/yoast.com\/product\/yoast-seo-premium-wordpress\/ -->\n<title>Le PDL appelle l&#039;ONU \u00e0 ne pas reconna\u00eetre les l\u00e9gislatives<\/title>\n<meta name=\"description\" content=\"Le Parti destourien libre (PDL) a appel\u00e9 l&#039;organisation des Nations-unies \u00e0 ne pas reconna\u00eetre le processus \u00e9lectoral courant en Tunisie qui, selon le parti,...\" \/>\n<link rel=\"canonical\" href=\"https:\/\/www.webdo.tn\/fr\/actualite\/national\/le-pdl-appelle-l-onu-a-ne-pas-reconnaitre-les-legislatives\/201969\/\" \/>\n<meta property=\"og:locale\" content=\"fr_FR\" \/>\n<meta property=\"og:type\" content=\"article\" \/>\n<meta property=\"og:title\" content=\"Le PDL appelle l&#039;ONU \u00e0 ne pas reconna\u00eetre les l\u00e9gislatives\" \/>\n<meta property=\"og:description\" content=\"Le Parti destourien libre (PDL) a appel\u00e9 l&#039;organisation des Nations-unies \u00e0 ne pas reconna\u00eetre le processus \u00e9lectoral courant en Tunisie qui, selon le parti,...\" \/>\n<meta property=\"og:url\" content=\"https:\/\/www.webdo.tn\/fr\/actualite\/national\/le-pdl-appelle-l-onu-a-ne-pas-reconnaitre-les-legislatives\/201969\/\" \/>\n<meta property=\"og:site_name\" content=\"webdo\" \/>\n<meta property=\"article:publisher\" content=\"https:\/\/www.facebook.com\/webdotn\" \/>\n<meta property=\"article:published_time\" content=\"2023-01-17T12:39:00+00:00\" \/>\n<meta property=\"article:modified_time\" content=\"2025-05-20T22:03:13+00:00\" \/>\n<meta property=\"og:image\" content=\"https:\/\/www.webdo.tn\/fr\/wp-content\/uploads\/2023\/01\/ace9af6afb04fd84792121ffb0afbf29.jpg\" \/>\n\t<meta property=\"og:image:width\" content=\"750\" \/>\n\t<meta property=\"og:image:height\" content=\"400\" \/>\n\t<meta property=\"og:image:type\" content=\"image\/jpeg\" \/>\n<meta name=\"author\" content=\"MC\" \/>\n<meta name=\"twitter:card\" content=\"summary_large_image\" \/>\n<meta name=\"twitter:creator\" content=\"@webdo_tn\" \/>\n<meta name=\"twitter:site\" content=\"@webdo_tn\" \/>\n<meta name=\"twitter:label1\" content=\"\u00c9crit par\" \/>\n\t<meta name=\"twitter:data1\" content=\"MC\" \/>\n\t<meta name=\"twitter:label2\" content=\"Dur\u00e9e de lecture estim\u00e9e\" \/>\n\t<meta name=\"twitter:data2\" content=\"1 minute\" \/>\n<script type=\"application\/ld+json\" class=\"yoast-schema-graph\">{\"@context\":\"https:\\\/\\\/schema.org\",\"@graph\":[{\"@type\":\"NewsArticle\",\"@id\":\"https:\\\/\\\/www.webdo.tn\\\/fr\\\/actualite\\\/national\\\/le-pdl-appelle-l-onu-a-ne-pas-reconnaitre-les-legislatives\\\/201969\\\/#article\",\"isPartOf\":{\"@id\":\"https:\\\/\\\/www.webdo.tn\\\/fr\\\/actualite\\\/national\\\/le-pdl-appelle-l-onu-a-ne-pas-reconnaitre-les-legislatives\\\/201969\\\/\"},\"author\":{\"name\":\"MC\",\"@id\":\"https:\\\/\\\/www.webdo.tn\\\/fr\\\/#\\\/schema\\\/person\\\/2c4929cbf5a809e3bd38617c6ce150f6\"},\"headline\":\"Le PDL appelle l&rsquo;ONU \u00e0 ne pas reconna\u00eetre les l\u00e9gislatives\",\"datePublished\":\"2023-01-17T12:39:00+00:00\",\"dateModified\":\"2025-05-20T22:03:13+00:00\",\"mainEntityOfPage\":{\"@id\":\"https:\\\/\\\/www.webdo.tn\\\/fr\\\/actualite\\\/national\\\/le-pdl-appelle-l-onu-a-ne-pas-reconnaitre-les-legislatives\\\/201969\\\/\"},\"wordCount\":214,\"commentCount\":0,\"publisher\":{\"@id\":\"https:\\\/\\\/www.webdo.tn\\\/fr\\\/#organization\"},\"image\":{\"@id\":\"https:\\\/\\\/www.webdo.tn\\\/fr\\\/actualite\\\/national\\\/le-pdl-appelle-l-onu-a-ne-pas-reconnaitre-les-legislatives\\\/201969\\\/#primaryimage\"},\"thumbnailUrl\":\"https:\\\/\\\/www.webdo.tn\\\/fr\\\/wp-content\\\/uploads\\\/2023\\\/01\\\/ace9af6afb04fd84792121ffb0afbf29.jpg\",\"keywords\":[\"Abir Moussi\",\"ONU\",\"PDL\"],\"articleSection\":[\"National\"],\"inLanguage\":\"fr-FR\"},{\"@type\":\"WebPage\",\"@id\":\"https:\\\/\\\/www.webdo.tn\\\/fr\\\/actualite\\\/national\\\/le-pdl-appelle-l-onu-a-ne-pas-reconnaitre-les-legislatives\\\/201969\\\/\",\"url\":\"https:\\\/\\\/www.webdo.tn\\\/fr\\\/actualite\\\/national\\\/le-pdl-appelle-l-onu-a-ne-pas-reconnaitre-les-legislatives\\\/201969\\\/\",\"name\":\"Le PDL appelle l'ONU \u00e0 ne pas reconna\u00eetre les l\u00e9gislatives\",\"isPartOf\":{\"@id\":\"https:\\\/\\\/www.webdo.tn\\\/fr\\\/#website\"},\"primaryImageOfPage\":{\"@id\":\"https:\\\/\\\/www.webdo.tn\\\/fr\\\/actualite\\\/national\\\/le-pdl-appelle-l-onu-a-ne-pas-reconnaitre-les-legislatives\\\/201969\\\/#primaryimage\"},\"image\":{\"@id\":\"https:\\\/\\\/www.webdo.tn\\\/fr\\\/actualite\\\/national\\\/le-pdl-appelle-l-onu-a-ne-pas-reconnaitre-les-legislatives\\\/201969\\\/#primaryimage\"},\"thumbnailUrl\":\"https:\\\/\\\/www.webdo.tn\\\/fr\\\/wp-content\\\/uploads\\\/2023\\\/01\\\/ace9af6afb04fd84792121ffb0afbf29.jpg\",\"datePublished\":\"2023-01-17T12:39:00+00:00\",\"dateModified\":\"2025-05-20T22:03:13+00:00\",\"description\":\"Le Parti destourien libre (PDL) a appel\u00e9 l'organisation des Nations-unies \u00e0 ne pas reconna\u00eetre le processus \u00e9lectoral courant en Tunisie qui, selon le parti,...\",\"breadcrumb\":{\"@id\":\"https:\\\/\\\/www.webdo.tn\\\/fr\\\/actualite\\\/national\\\/le-pdl-appelle-l-onu-a-ne-pas-reconnaitre-les-legislatives\\\/201969\\\/#breadcrumb\"},\"inLanguage\":\"fr-FR\",\"potentialAction\":[{\"@type\":\"ReadAction\",\"target\":[\"https:\\\/\\\/www.webdo.tn\\\/fr\\\/actualite\\\/national\\\/le-pdl-appelle-l-onu-a-ne-pas-reconnaitre-les-legislatives\\\/201969\\\/\"]}]},{\"@type\":\"ImageObject\",\"inLanguage\":\"fr-FR\",\"@id\":\"https:\\\/\\\/www.webdo.tn\\\/fr\\\/actualite\\\/national\\\/le-pdl-appelle-l-onu-a-ne-pas-reconnaitre-les-legislatives\\\/201969\\\/#primaryimage\",\"url\":\"https:\\\/\\\/www.webdo.tn\\\/fr\\\/wp-content\\\/uploads\\\/2023\\\/01\\\/ace9af6afb04fd84792121ffb0afbf29.jpg\",\"contentUrl\":\"https:\\\/\\\/www.webdo.tn\\\/fr\\\/wp-content\\\/uploads\\\/2023\\\/01\\\/ace9af6afb04fd84792121ffb0afbf29.jpg\",\"width\":750,\"height\":400,\"caption\":\"Le PDL appelle l'ONU \u00e0 ne pas reconna\u00eetre les l\u00e9gislatives\"},{\"@type\":\"BreadcrumbList\",\"@id\":\"https:\\\/\\\/www.webdo.tn\\\/fr\\\/actualite\\\/national\\\/le-pdl-appelle-l-onu-a-ne-pas-reconnaitre-les-legislatives\\\/201969\\\/#breadcrumb\",\"itemListElement\":[{\"@type\":\"ListItem\",\"position\":1,\"name\":\"Accueil\",\"item\":\"https:\\\/\\\/www.webdo.tn\\\/fr\\\/\"},{\"@type\":\"ListItem\",\"position\":2,\"name\":\"Le PDL appelle l&#8217;ONU \u00e0 ne pas reconna\u00eetre les l\u00e9gislatives\"}]},{\"@type\":\"WebSite\",\"@id\":\"https:\\\/\\\/www.webdo.tn\\\/fr\\\/#website\",\"url\":\"https:\\\/\\\/www.webdo.tn\\\/fr\\\/\",\"name\":\"webdo\",\"description\":\"Tunisie - News en Tunisie et \u00e0 l&#039;international sur Webdo.tn\",\"publisher\":{\"@id\":\"https:\\\/\\\/www.webdo.tn\\\/fr\\\/#organization\"},\"potentialAction\":[{\"@type\":\"SearchAction\",\"target\":{\"@type\":\"EntryPoint\",\"urlTemplate\":\"https:\\\/\\\/www.webdo.tn\\\/fr\\\/?s={search_term_string}\"},\"query-input\":{\"@type\":\"PropertyValueSpecification\",\"valueRequired\":true,\"valueName\":\"search_term_string\"}}],\"inLanguage\":\"fr-FR\"},{\"@type\":\"Organization\",\"@id\":\"https:\\\/\\\/www.webdo.tn\\\/fr\\\/#organization\",\"name\":\"Webdo\",\"alternateName\":\"Webdo.tn\",\"url\":\"https:\\\/\\\/www.webdo.tn\\\/fr\\\/\",\"logo\":{\"@type\":\"ImageObject\",\"inLanguage\":\"fr-FR\",\"@id\":\"https:\\\/\\\/www.webdo.tn\\\/fr\\\/#\\\/schema\\\/logo\\\/image\\\/\",\"url\":\"https:\\\/\\\/www.webdo.tn\\\/fr\\\/wp-content\\\/uploads\\\/2025\\\/06\\\/Webdo-Tunisie_168377.jpg\",\"contentUrl\":\"https:\\\/\\\/www.webdo.tn\\\/fr\\\/wp-content\\\/uploads\\\/2025\\\/06\\\/Webdo-Tunisie_168377.jpg\",\"width\":301,\"height\":301,\"caption\":\"Webdo\"},\"image\":{\"@id\":\"https:\\\/\\\/www.webdo.tn\\\/fr\\\/#\\\/schema\\\/logo\\\/image\\\/\"},\"sameAs\":[\"https:\\\/\\\/www.facebook.com\\\/webdotn\",\"https:\\\/\\\/x.com\\\/webdo_tn\"],\"description\":\"Webdo est un m\u00e9dia num\u00e9rique tunisien fond\u00e9 en 2010, sp\u00e9cialis\u00e9 dans l\u2019actualit\u00e9 nationale et internationale, l\u2019\u00e9conomie, la soci\u00e9t\u00e9 et les analyses politiques. Le site s\u2019adresse \u00e0 un large public francophone et couvre l\u2019information tunisienne en temps r\u00e9el.\",\"email\":\"redac@webdo.tn\",\"legalName\":\"YNJ SARL\",\"foundingDate\":\"2010-09-06\",\"numberOfEmployees\":{\"@type\":\"QuantitativeValue\",\"minValue\":\"11\",\"maxValue\":\"50\"}},{\"@type\":\"Person\",\"@id\":\"https:\\\/\\\/www.webdo.tn\\\/fr\\\/#\\\/schema\\\/person\\\/2c4929cbf5a809e3bd38617c6ce150f6\",\"name\":\"MC\",\"image\":{\"@type\":\"ImageObject\",\"inLanguage\":\"fr-FR\",\"@id\":\"https:\\\/\\\/secure.gravatar.com\\\/avatar\\\/a545bbb6f84efdd5553dbbc2895e3ca8f1d12c5215e00a041c9670b54aa9b18a?s=96&d=mm&r=g\",\"url\":\"https:\\\/\\\/secure.gravatar.com\\\/avatar\\\/a545bbb6f84efdd5553dbbc2895e3ca8f1d12c5215e00a041c9670b54aa9b18a?s=96&d=mm&r=g\",\"contentUrl\":\"https:\\\/\\\/secure.gravatar.com\\\/avatar\\\/a545bbb6f84efdd5553dbbc2895e3ca8f1d12c5215e00a041c9670b54aa9b18a?s=96&d=mm&r=g\",\"caption\":\"MC\"},\"url\":\"https:\\\/\\\/www.webdo.tn\\\/fr\\\/actualite\\\/author\\\/mc\\\/\"}]}<\/script>\n<!-- \/ Yoast SEO Premium plugin. -->","yoast_head_json":{"title":"Le PDL appelle l'ONU \u00e0 ne pas reconna\u00eetre les l\u00e9gislatives","description":"Le Parti destourien libre (PDL) a appel\u00e9 l'organisation des Nations-unies \u00e0 ne pas reconna\u00eetre le processus \u00e9lectoral courant en Tunisie qui, selon le parti,...","canonical":"https:\/\/www.webdo.tn\/fr\/actualite\/national\/le-pdl-appelle-l-onu-a-ne-pas-reconnaitre-les-legislatives\/201969\/","og_locale":"fr_FR","og_type":"article","og_title":"Le PDL appelle l'ONU \u00e0 ne pas reconna\u00eetre les l\u00e9gislatives","og_description":"Le Parti destourien libre (PDL) a appel\u00e9 l'organisation des Nations-unies \u00e0 ne pas reconna\u00eetre le processus \u00e9lectoral courant en Tunisie qui, selon le parti,...","og_url":"https:\/\/www.webdo.tn\/fr\/actualite\/national\/le-pdl-appelle-l-onu-a-ne-pas-reconnaitre-les-legislatives\/201969\/","og_site_name":"webdo","article_publisher":"https:\/\/www.facebook.com\/webdotn","article_published_time":"2023-01-17T12:39:00+00:00","article_modified_time":"2025-05-20T22:03:13+00:00","og_image":[{"width":750,"height":400,"url":"https:\/\/www.webdo.tn\/fr\/wp-content\/uploads\/2023\/01\/ace9af6afb04fd84792121ffb0afbf29.jpg","type":"image\/jpeg"}],"author":"MC","twitter_card":"summary_large_image","twitter_creator":"@webdo_tn","twitter_site":"@webdo_tn","twitter_misc":{"\u00c9crit par":"MC","Dur\u00e9e de lecture estim\u00e9e":"1 minute"},"schema":{"@context":"https:\/\/schema.org","@graph":[{"@type":"NewsArticle","@id":"https:\/\/www.webdo.tn\/fr\/actualite\/national\/le-pdl-appelle-l-onu-a-ne-pas-reconnaitre-les-legislatives\/201969\/#article","isPartOf":{"@id":"https:\/\/www.webdo.tn\/fr\/actualite\/national\/le-pdl-appelle-l-onu-a-ne-pas-reconnaitre-les-legislatives\/201969\/"},"author":{"name":"MC","@id":"https:\/\/www.webdo.tn\/fr\/#\/schema\/person\/2c4929cbf5a809e3bd38617c6ce150f6"},"headline":"Le PDL appelle l&rsquo;ONU \u00e0 ne pas reconna\u00eetre les l\u00e9gislatives","datePublished":"2023-01-17T12:39:00+00:00","dateModified":"2025-05-20T22:03:13+00:00","mainEntityOfPage":{"@id":"https:\/\/www.webdo.tn\/fr\/actualite\/national\/le-pdl-appelle-l-onu-a-ne-pas-reconnaitre-les-legislatives\/201969\/"},"wordCount":214,"commentCount":0,"publisher":{"@id":"https:\/\/www.webdo.tn\/fr\/#organization"},"image":{"@id":"https:\/\/www.webdo.tn\/fr\/actualite\/national\/le-pdl-appelle-l-onu-a-ne-pas-reconnaitre-les-legislatives\/201969\/#primaryimage"},"thumbnailUrl":"https:\/\/www.webdo.tn\/fr\/wp-content\/uploads\/2023\/01\/ace9af6afb04fd84792121ffb0afbf29.jpg","keywords":["Abir Moussi","ONU","PDL"],"articleSection":["National"],"inLanguage":"fr-FR"},{"@type":"WebPage","@id":"https:\/\/www.webdo.tn\/fr\/actualite\/national\/le-pdl-appelle-l-onu-a-ne-pas-reconnaitre-les-legislatives\/201969\/","url":"https:\/\/www.webdo.tn\/fr\/actualite\/national\/le-pdl-appelle-l-onu-a-ne-pas-reconnaitre-les-legislatives\/201969\/","name":"Le PDL appelle l'ONU \u00e0 ne pas reconna\u00eetre les l\u00e9gislatives","isPartOf":{"@id":"https:\/\/www.webdo.tn\/fr\/#website"},"primaryImageOfPage":{"@id":"https:\/\/www.webdo.tn\/fr\/actualite\/national\/le-pdl-appelle-l-onu-a-ne-pas-reconnaitre-les-legislatives\/201969\/#primaryimage"},"image":{"@id":"https:\/\/www.webdo.tn\/fr\/actualite\/national\/le-pdl-appelle-l-onu-a-ne-pas-reconnaitre-les-legislatives\/201969\/#primaryimage"},"thumbnailUrl":"https:\/\/www.webdo.tn\/fr\/wp-content\/uploads\/2023\/01\/ace9af6afb04fd84792121ffb0afbf29.jpg","datePublished":"2023-01-17T12:39:00+00:00","dateModified":"2025-05-20T22:03:13+00:00","description":"Le Parti destourien libre (PDL) a appel\u00e9 l'organisation des Nations-unies \u00e0 ne pas reconna\u00eetre le processus \u00e9lectoral courant en Tunisie qui, selon le parti,...","breadcrumb":{"@id":"https:\/\/www.webdo.tn\/fr\/actualite\/national\/le-pdl-appelle-l-onu-a-ne-pas-reconnaitre-les-legislatives\/201969\/#breadcrumb"},"inLanguage":"fr-FR","potentialAction":[{"@type":"ReadAction","target":["https:\/\/www.webdo.tn\/fr\/actualite\/national\/le-pdl-appelle-l-onu-a-ne-pas-reconnaitre-les-legislatives\/201969\/"]}]},{"@type":"ImageObject","inLanguage":"fr-FR","@id":"https:\/\/www.webdo.tn\/fr\/actualite\/national\/le-pdl-appelle-l-onu-a-ne-pas-reconnaitre-les-legislatives\/201969\/#primaryimage","url":"https:\/\/www.webdo.tn\/fr\/wp-content\/uploads\/2023\/01\/ace9af6afb04fd84792121ffb0afbf29.jpg","contentUrl":"https:\/\/www.webdo.tn\/fr\/wp-content\/uploads\/2023\/01\/ace9af6afb04fd84792121ffb0afbf29.jpg","width":750,"height":400,"caption":"Le PDL appelle l'ONU \u00e0 ne pas reconna\u00eetre les l\u00e9gislatives"},{"@type":"BreadcrumbList","@id":"https:\/\/www.webdo.tn\/fr\/actualite\/national\/le-pdl-appelle-l-onu-a-ne-pas-reconnaitre-les-legislatives\/201969\/#breadcrumb","itemListElement":[{"@type":"ListItem","position":1,"name":"Accueil","item":"https:\/\/www.webdo.tn\/fr\/"},{"@type":"ListItem","position":2,"name":"Le PDL appelle l&#8217;ONU \u00e0 ne pas reconna\u00eetre les l\u00e9gislatives"}]},{"@type":"WebSite","@id":"https:\/\/www.webdo.tn\/fr\/#website","url":"https:\/\/www.webdo.tn\/fr\/","name":"webdo","description":"Tunisie - News en Tunisie et \u00e0 l&#039;international sur Webdo.tn","publisher":{"@id":"https:\/\/www.webdo.tn\/fr\/#organization"},"potentialAction":[{"@type":"SearchAction","target":{"@type":"EntryPoint","urlTemplate":"https:\/\/www.webdo.tn\/fr\/?s={search_term_string}"},"query-input":{"@type":"PropertyValueSpecification","valueRequired":true,"valueName":"search_term_string"}}],"inLanguage":"fr-FR"},{"@type":"Organization","@id":"https:\/\/www.webdo.tn\/fr\/#organization","name":"Webdo","alternateName":"Webdo.tn","url":"https:\/\/www.webdo.tn\/fr\/","logo":{"@type":"ImageObject","inLanguage":"fr-FR","@id":"https:\/\/www.webdo.tn\/fr\/#\/schema\/logo\/image\/","url":"https:\/\/www.webdo.tn\/fr\/wp-content\/uploads\/2025\/06\/Webdo-Tunisie_168377.jpg","contentUrl":"https:\/\/www.webdo.tn\/fr\/wp-content\/uploads\/2025\/06\/Webdo-Tunisie_168377.jpg","width":301,"height":301,"caption":"Webdo"},"image":{"@id":"https:\/\/www.webdo.tn\/fr\/#\/schema\/logo\/image\/"},"sameAs":["https:\/\/www.facebook.com\/webdotn","https:\/\/x.com\/webdo_tn"],"description":"Webdo est un m\u00e9dia num\u00e9rique tunisien fond\u00e9 en 2010, sp\u00e9cialis\u00e9 dans l\u2019actualit\u00e9 nationale et internationale, l\u2019\u00e9conomie, la soci\u00e9t\u00e9 et les analyses politiques. Le site s\u2019adresse \u00e0 un large public francophone et couvre l\u2019information tunisienne en temps r\u00e9el.","email":"redac@webdo.tn","legalName":"YNJ SARL","foundingDate":"2010-09-06","numberOfEmployees":{"@type":"QuantitativeValue","minValue":"11","maxValue":"50"}},{"@type":"Person","@id":"https:\/\/www.webdo.tn\/fr\/#\/schema\/person\/2c4929cbf5a809e3bd38617c6ce150f6","name":"MC","image":{"@type":"ImageObject","inLanguage":"fr-FR","@id":"https:\/\/secure.gravatar.com\/avatar\/a545bbb6f84efdd5553dbbc2895e3ca8f1d12c5215e00a041c9670b54aa9b18a?s=96&d=mm&r=g","url":"https:\/\/secure.gravatar.com\/avatar\/a545bbb6f84efdd5553dbbc2895e3ca8f1d12c5215e00a041c9670b54aa9b18a?s=96&d=mm&r=g","contentUrl":"https:\/\/secure.gravatar.com\/avatar\/a545bbb6f84efdd5553dbbc2895e3ca8f1d12c5215e00a041c9670b54aa9b18a?s=96&d=mm&r=g","caption":"MC"},"url":"https:\/\/www.webdo.tn\/fr\/actualite\/author\/mc\/"}]}},"_links":{"self":[{"href":"https:\/\/www.webdo.tn\/fr\/wp-json\/wp\/v2\/posts\/201969","targetHints":{"allow":["GET"]}}],"collection":[{"href":"https:\/\/www.webdo.tn\/fr\/wp-json\/wp\/v2\/posts"}],"about":[{"href":"https:\/\/www.webdo.tn\/fr\/wp-json\/wp\/v2\/types\/post"}],"author":[{"embeddable":true,"href":"https:\/\/www.webdo.tn\/fr\/wp-json\/wp\/v2\/users\/3162"}],"replies":[{"embeddable":true,"href":"https:\/\/www.webdo.tn\/fr\/wp-json\/wp\/v2\/comments?post=201969"}],"version-history":[{"count":0,"href":"https:\/\/www.webdo.tn\/fr\/wp-json\/wp\/v2\/posts\/201969\/revisions"}],"wp:featuredmedia":[{"embeddable":true,"href":"https:\/\/www.webdo.tn\/fr\/wp-json\/wp\/v2\/media\/252495"}],"wp:attachment":[{"href":"https:\/\/www.webdo.tn\/fr\/wp-json\/wp\/v2\/media?parent=201969"}],"wp:term":[{"taxonomy":"category","embeddable":true,"href":"https:\/\/www.webdo.tn\/fr\/wp-json\/wp\/v2\/categories?post=201969"},{"taxonomy":"post_tag","embeddable":true,"href":"https:\/\/www.webdo.tn\/fr\/wp-json\/wp\/v2\/tags?post=201969"}],"curies":[{"name":"wp","href":"https:\/\/api.w.org\/{rel}","templated":true}]}}