{"id":201961,"date":"2023-01-17T11:15:00","date_gmt":"2023-01-17T11:15:00","guid":{"rendered":"https:\/\/www.webdo.tn\/fr\/blog\/etats-unis-6-personnes-dont-un-bebe-tues-dans-une-fusillade-en-californie\/201961\/"},"modified":"2025-05-20T22:03:11","modified_gmt":"2025-05-20T22:03:11","slug":"etats-unis-6-personnes-dont-un-bebe-tues-dans-une-fusillade-en-californie","status":"publish","type":"post","link":"https:\/\/www.webdo.tn\/fr\/actualite\/international\/etats-unis-6-personnes-dont-un-bebe-tues-dans-une-fusillade-en-californie\/201961\/","title":{"rendered":"Etats-Unis : 6 personnes dont un b\u00e9b\u00e9, tu\u00e9s dans une fusillade en Californie"},"content":{"rendered":"<p>Une fusillade dans l\u2019\u00c9tat de Californie, aux \u00c9tats-Unis, a fait six morts ce lundi 16 janvier 2023 dont un nourrisson et sa m\u00e8re de 17 ans.<\/p>\n<p>\t\t\t\t\t\t\t\t\tSelon les premiers \u00e9l\u00e9ments de l\u2019enqu\u00eate rapport\u00e9s par le sh\u00e9rif du comt\u00e9 de Tulare des gangs pourraient \u00eatre \u00e0 l\u2019origine de cette attaque.<\/p>\n<p>\u00ab\u00a0Nous pensons que ce n\u2019est pas un acte de violence commis au hasard\u00a0\u00bb, mais que cette \u00ab\u00a0famille a \u00e9t\u00e9 vis\u00e9e\u00a0\u00bb, a-t-il d\u00e9clar\u00e9, lors d\u2019un point de presse, souligannt que deux suspects sont activement recherch\u00e9s.<\/p>\n<p>La maison dans laquelle s\u2019est d\u00e9roul\u00e9e la fusillade avait fait l\u2019objet d\u2019une perquisition dans une affaire de stup\u00e9fiants une semaine auparavant, a-t-il encore fait savoir.<\/p>\n","protected":false},"excerpt":{"rendered":"<p>Une fusillade dans l\u2019\u00c9tat de Californie, aux \u00c9tats-Unis, a fait six morts ce lundi 16 janvier 2023 dont un nourrisson et sa m\u00e8re de 17 ans.<\/p>\n","protected":false},"author":3162,"featured_media":252483,"comment_status":"open","ping_status":"closed","sticky":false,"template":"","format":"standard","meta":{"footnotes":""},"categories":[2598],"tags":[8852,4147,8859],"class_list":["post-201961","post","type-post","status-publish","format-standard","has-post-thumbnail","hentry","category-international","tag-californie","tag-fusillade","tag-gang"],"yoast_head":"<!-- This site is optimized with the Yoast SEO Premium plugin v27.5 (Yoast SEO v27.5) - https:\/\/yoast.com\/product\/yoast-seo-premium-wordpress\/ -->\n<title>Etats-Unis : 6 personnes dont un b\u00e9b\u00e9, tu\u00e9s dans une fusillade en Californie<\/title>\n<meta name=\"description\" content=\"Une fusillade dans l\u2019\u00c9tat de Californie, aux \u00c9tats-Unis, a fait six morts ce lundi 16 janvier 2023 dont un nourrisson et sa m\u00e8re de 17 ans.\" \/>\n<link rel=\"canonical\" href=\"https:\/\/www.webdo.tn\/fr\/actualite\/international\/etats-unis-6-personnes-dont-un-bebe-tues-dans-une-fusillade-en-californie\/201961\/\" \/>\n<meta property=\"og:locale\" content=\"fr_FR\" \/>\n<meta property=\"og:type\" content=\"article\" \/>\n<meta property=\"og:title\" content=\"Etats-Unis : 6 personnes dont un b\u00e9b\u00e9, tu\u00e9s dans une fusillade en Californie\" \/>\n<meta property=\"og:description\" content=\"Une fusillade dans l\u2019\u00c9tat de Californie, aux \u00c9tats-Unis, a fait six morts ce lundi 16 janvier 2023 dont un nourrisson et sa m\u00e8re de 17 ans.\" \/>\n<meta property=\"og:url\" content=\"https:\/\/www.webdo.tn\/fr\/actualite\/international\/etats-unis-6-personnes-dont-un-bebe-tues-dans-une-fusillade-en-californie\/201961\/\" \/>\n<meta property=\"og:site_name\" content=\"webdo\" \/>\n<meta property=\"article:publisher\" content=\"https:\/\/www.facebook.com\/webdotn\" \/>\n<meta property=\"article:published_time\" content=\"2023-01-17T11:15:00+00:00\" \/>\n<meta property=\"article:modified_time\" content=\"2025-05-20T22:03:11+00:00\" \/>\n<meta property=\"og:image\" content=\"https:\/\/www.webdo.tn\/fr\/wp-content\/uploads\/2023\/01\/a5e9ed4599d1ec14ad09a4d91b4270a2.jpg\" \/>\n\t<meta property=\"og:image:width\" content=\"738\" \/>\n\t<meta property=\"og:image:height\" content=\"394\" \/>\n\t<meta property=\"og:image:type\" content=\"image\/jpeg\" \/>\n<meta name=\"author\" content=\"MC\" \/>\n<meta name=\"twitter:card\" content=\"summary_large_image\" \/>\n<meta name=\"twitter:creator\" content=\"@webdo_tn\" \/>\n<meta name=\"twitter:site\" content=\"@webdo_tn\" \/>\n<meta name=\"twitter:label1\" content=\"\u00c9crit par\" \/>\n\t<meta name=\"twitter:data1\" content=\"MC\" \/>\n\t<meta name=\"twitter:label2\" content=\"Dur\u00e9e de lecture estim\u00e9e\" \/>\n\t<meta name=\"twitter:data2\" content=\"1 minute\" \/>\n<script type=\"application\/ld+json\" class=\"yoast-schema-graph\">{\"@context\":\"https:\\\/\\\/schema.org\",\"@graph\":[{\"@type\":\"NewsArticle\",\"@id\":\"https:\\\/\\\/www.webdo.tn\\\/fr\\\/actualite\\\/international\\\/etats-unis-6-personnes-dont-un-bebe-tues-dans-une-fusillade-en-californie\\\/201961\\\/#article\",\"isPartOf\":{\"@id\":\"https:\\\/\\\/www.webdo.tn\\\/fr\\\/actualite\\\/international\\\/etats-unis-6-personnes-dont-un-bebe-tues-dans-une-fusillade-en-californie\\\/201961\\\/\"},\"author\":{\"name\":\"MC\",\"@id\":\"https:\\\/\\\/www.webdo.tn\\\/fr\\\/#\\\/schema\\\/person\\\/2c4929cbf5a809e3bd38617c6ce150f6\"},\"headline\":\"Etats-Unis : 6 personnes dont un b\u00e9b\u00e9, tu\u00e9s dans une fusillade en Californie\",\"datePublished\":\"2023-01-17T11:15:00+00:00\",\"dateModified\":\"2025-05-20T22:03:11+00:00\",\"mainEntityOfPage\":{\"@id\":\"https:\\\/\\\/www.webdo.tn\\\/fr\\\/actualite\\\/international\\\/etats-unis-6-personnes-dont-un-bebe-tues-dans-une-fusillade-en-californie\\\/201961\\\/\"},\"wordCount\":136,\"commentCount\":0,\"publisher\":{\"@id\":\"https:\\\/\\\/www.webdo.tn\\\/fr\\\/#organization\"},\"image\":{\"@id\":\"https:\\\/\\\/www.webdo.tn\\\/fr\\\/actualite\\\/international\\\/etats-unis-6-personnes-dont-un-bebe-tues-dans-une-fusillade-en-californie\\\/201961\\\/#primaryimage\"},\"thumbnailUrl\":\"https:\\\/\\\/www.webdo.tn\\\/fr\\\/wp-content\\\/uploads\\\/2023\\\/01\\\/a5e9ed4599d1ec14ad09a4d91b4270a2.jpg\",\"keywords\":[\"californie\",\"fusillade\",\"gang\"],\"articleSection\":[\"International\"],\"inLanguage\":\"fr-FR\"},{\"@type\":\"WebPage\",\"@id\":\"https:\\\/\\\/www.webdo.tn\\\/fr\\\/actualite\\\/international\\\/etats-unis-6-personnes-dont-un-bebe-tues-dans-une-fusillade-en-californie\\\/201961\\\/\",\"url\":\"https:\\\/\\\/www.webdo.tn\\\/fr\\\/actualite\\\/international\\\/etats-unis-6-personnes-dont-un-bebe-tues-dans-une-fusillade-en-californie\\\/201961\\\/\",\"name\":\"Etats-Unis : 6 personnes dont un b\u00e9b\u00e9, tu\u00e9s dans une fusillade en Californie\",\"isPartOf\":{\"@id\":\"https:\\\/\\\/www.webdo.tn\\\/fr\\\/#website\"},\"primaryImageOfPage\":{\"@id\":\"https:\\\/\\\/www.webdo.tn\\\/fr\\\/actualite\\\/international\\\/etats-unis-6-personnes-dont-un-bebe-tues-dans-une-fusillade-en-californie\\\/201961\\\/#primaryimage\"},\"image\":{\"@id\":\"https:\\\/\\\/www.webdo.tn\\\/fr\\\/actualite\\\/international\\\/etats-unis-6-personnes-dont-un-bebe-tues-dans-une-fusillade-en-californie\\\/201961\\\/#primaryimage\"},\"thumbnailUrl\":\"https:\\\/\\\/www.webdo.tn\\\/fr\\\/wp-content\\\/uploads\\\/2023\\\/01\\\/a5e9ed4599d1ec14ad09a4d91b4270a2.jpg\",\"datePublished\":\"2023-01-17T11:15:00+00:00\",\"dateModified\":\"2025-05-20T22:03:11+00:00\",\"description\":\"Une fusillade dans l\u2019\u00c9tat de Californie, aux \u00c9tats-Unis, a fait six morts ce lundi 16 janvier 2023 dont un nourrisson et sa m\u00e8re de 17 ans.\",\"breadcrumb\":{\"@id\":\"https:\\\/\\\/www.webdo.tn\\\/fr\\\/actualite\\\/international\\\/etats-unis-6-personnes-dont-un-bebe-tues-dans-une-fusillade-en-californie\\\/201961\\\/#breadcrumb\"},\"inLanguage\":\"fr-FR\",\"potentialAction\":[{\"@type\":\"ReadAction\",\"target\":[\"https:\\\/\\\/www.webdo.tn\\\/fr\\\/actualite\\\/international\\\/etats-unis-6-personnes-dont-un-bebe-tues-dans-une-fusillade-en-californie\\\/201961\\\/\"]}]},{\"@type\":\"ImageObject\",\"inLanguage\":\"fr-FR\",\"@id\":\"https:\\\/\\\/www.webdo.tn\\\/fr\\\/actualite\\\/international\\\/etats-unis-6-personnes-dont-un-bebe-tues-dans-une-fusillade-en-californie\\\/201961\\\/#primaryimage\",\"url\":\"https:\\\/\\\/www.webdo.tn\\\/fr\\\/wp-content\\\/uploads\\\/2023\\\/01\\\/a5e9ed4599d1ec14ad09a4d91b4270a2.jpg\",\"contentUrl\":\"https:\\\/\\\/www.webdo.tn\\\/fr\\\/wp-content\\\/uploads\\\/2023\\\/01\\\/a5e9ed4599d1ec14ad09a4d91b4270a2.jpg\",\"width\":738,\"height\":394,\"caption\":\"Etats-Unis : 6 personnes dont un b\u00e9b\u00e9, tu\u00e9s dans une fusillade en Californie\"},{\"@type\":\"BreadcrumbList\",\"@id\":\"https:\\\/\\\/www.webdo.tn\\\/fr\\\/actualite\\\/international\\\/etats-unis-6-personnes-dont-un-bebe-tues-dans-une-fusillade-en-californie\\\/201961\\\/#breadcrumb\",\"itemListElement\":[{\"@type\":\"ListItem\",\"position\":1,\"name\":\"Accueil\",\"item\":\"https:\\\/\\\/www.webdo.tn\\\/fr\\\/\"},{\"@type\":\"ListItem\",\"position\":2,\"name\":\"Etats-Unis : 6 personnes dont un b\u00e9b\u00e9, tu\u00e9s dans une fusillade en Californie\"}]},{\"@type\":\"WebSite\",\"@id\":\"https:\\\/\\\/www.webdo.tn\\\/fr\\\/#website\",\"url\":\"https:\\\/\\\/www.webdo.tn\\\/fr\\\/\",\"name\":\"webdo\",\"description\":\"Tunisie - News en Tunisie et \u00e0 l&#039;international sur Webdo.tn\",\"publisher\":{\"@id\":\"https:\\\/\\\/www.webdo.tn\\\/fr\\\/#organization\"},\"potentialAction\":[{\"@type\":\"SearchAction\",\"target\":{\"@type\":\"EntryPoint\",\"urlTemplate\":\"https:\\\/\\\/www.webdo.tn\\\/fr\\\/?s={search_term_string}\"},\"query-input\":{\"@type\":\"PropertyValueSpecification\",\"valueRequired\":true,\"valueName\":\"search_term_string\"}}],\"inLanguage\":\"fr-FR\"},{\"@type\":\"Organization\",\"@id\":\"https:\\\/\\\/www.webdo.tn\\\/fr\\\/#organization\",\"name\":\"Webdo\",\"alternateName\":\"Webdo.tn\",\"url\":\"https:\\\/\\\/www.webdo.tn\\\/fr\\\/\",\"logo\":{\"@type\":\"ImageObject\",\"inLanguage\":\"fr-FR\",\"@id\":\"https:\\\/\\\/www.webdo.tn\\\/fr\\\/#\\\/schema\\\/logo\\\/image\\\/\",\"url\":\"https:\\\/\\\/www.webdo.tn\\\/fr\\\/wp-content\\\/uploads\\\/2025\\\/06\\\/Webdo-Tunisie_168377.jpg\",\"contentUrl\":\"https:\\\/\\\/www.webdo.tn\\\/fr\\\/wp-content\\\/uploads\\\/2025\\\/06\\\/Webdo-Tunisie_168377.jpg\",\"width\":301,\"height\":301,\"caption\":\"Webdo\"},\"image\":{\"@id\":\"https:\\\/\\\/www.webdo.tn\\\/fr\\\/#\\\/schema\\\/logo\\\/image\\\/\"},\"sameAs\":[\"https:\\\/\\\/www.facebook.com\\\/webdotn\",\"https:\\\/\\\/x.com\\\/webdo_tn\"],\"description\":\"Webdo est un m\u00e9dia num\u00e9rique tunisien fond\u00e9 en 2010, sp\u00e9cialis\u00e9 dans l\u2019actualit\u00e9 nationale et internationale, l\u2019\u00e9conomie, la soci\u00e9t\u00e9 et les analyses politiques. Le site s\u2019adresse \u00e0 un large public francophone et couvre l\u2019information tunisienne en temps r\u00e9el.\",\"email\":\"redac@webdo.tn\",\"legalName\":\"YNJ SARL\",\"foundingDate\":\"2010-09-06\",\"numberOfEmployees\":{\"@type\":\"QuantitativeValue\",\"minValue\":\"11\",\"maxValue\":\"50\"}},{\"@type\":\"Person\",\"@id\":\"https:\\\/\\\/www.webdo.tn\\\/fr\\\/#\\\/schema\\\/person\\\/2c4929cbf5a809e3bd38617c6ce150f6\",\"name\":\"MC\",\"image\":{\"@type\":\"ImageObject\",\"inLanguage\":\"fr-FR\",\"@id\":\"https:\\\/\\\/secure.gravatar.com\\\/avatar\\\/a545bbb6f84efdd5553dbbc2895e3ca8f1d12c5215e00a041c9670b54aa9b18a?s=96&d=mm&r=g\",\"url\":\"https:\\\/\\\/secure.gravatar.com\\\/avatar\\\/a545bbb6f84efdd5553dbbc2895e3ca8f1d12c5215e00a041c9670b54aa9b18a?s=96&d=mm&r=g\",\"contentUrl\":\"https:\\\/\\\/secure.gravatar.com\\\/avatar\\\/a545bbb6f84efdd5553dbbc2895e3ca8f1d12c5215e00a041c9670b54aa9b18a?s=96&d=mm&r=g\",\"caption\":\"MC\"},\"url\":\"https:\\\/\\\/www.webdo.tn\\\/fr\\\/actualite\\\/author\\\/mc\\\/\"}]}<\/script>\n<!-- \/ Yoast SEO Premium plugin. -->","yoast_head_json":{"title":"Etats-Unis : 6 personnes dont un b\u00e9b\u00e9, tu\u00e9s dans une fusillade en Californie","description":"Une fusillade dans l\u2019\u00c9tat de Californie, aux \u00c9tats-Unis, a fait six morts ce lundi 16 janvier 2023 dont un nourrisson et sa m\u00e8re de 17 ans.","canonical":"https:\/\/www.webdo.tn\/fr\/actualite\/international\/etats-unis-6-personnes-dont-un-bebe-tues-dans-une-fusillade-en-californie\/201961\/","og_locale":"fr_FR","og_type":"article","og_title":"Etats-Unis : 6 personnes dont un b\u00e9b\u00e9, tu\u00e9s dans une fusillade en Californie","og_description":"Une fusillade dans l\u2019\u00c9tat de Californie, aux \u00c9tats-Unis, a fait six morts ce lundi 16 janvier 2023 dont un nourrisson et sa m\u00e8re de 17 ans.","og_url":"https:\/\/www.webdo.tn\/fr\/actualite\/international\/etats-unis-6-personnes-dont-un-bebe-tues-dans-une-fusillade-en-californie\/201961\/","og_site_name":"webdo","article_publisher":"https:\/\/www.facebook.com\/webdotn","article_published_time":"2023-01-17T11:15:00+00:00","article_modified_time":"2025-05-20T22:03:11+00:00","og_image":[{"width":738,"height":394,"url":"https:\/\/www.webdo.tn\/fr\/wp-content\/uploads\/2023\/01\/a5e9ed4599d1ec14ad09a4d91b4270a2.jpg","type":"image\/jpeg"}],"author":"MC","twitter_card":"summary_large_image","twitter_creator":"@webdo_tn","twitter_site":"@webdo_tn","twitter_misc":{"\u00c9crit par":"MC","Dur\u00e9e de lecture estim\u00e9e":"1 minute"},"schema":{"@context":"https:\/\/schema.org","@graph":[{"@type":"NewsArticle","@id":"https:\/\/www.webdo.tn\/fr\/actualite\/international\/etats-unis-6-personnes-dont-un-bebe-tues-dans-une-fusillade-en-californie\/201961\/#article","isPartOf":{"@id":"https:\/\/www.webdo.tn\/fr\/actualite\/international\/etats-unis-6-personnes-dont-un-bebe-tues-dans-une-fusillade-en-californie\/201961\/"},"author":{"name":"MC","@id":"https:\/\/www.webdo.tn\/fr\/#\/schema\/person\/2c4929cbf5a809e3bd38617c6ce150f6"},"headline":"Etats-Unis : 6 personnes dont un b\u00e9b\u00e9, tu\u00e9s dans une fusillade en Californie","datePublished":"2023-01-17T11:15:00+00:00","dateModified":"2025-05-20T22:03:11+00:00","mainEntityOfPage":{"@id":"https:\/\/www.webdo.tn\/fr\/actualite\/international\/etats-unis-6-personnes-dont-un-bebe-tues-dans-une-fusillade-en-californie\/201961\/"},"wordCount":136,"commentCount":0,"publisher":{"@id":"https:\/\/www.webdo.tn\/fr\/#organization"},"image":{"@id":"https:\/\/www.webdo.tn\/fr\/actualite\/international\/etats-unis-6-personnes-dont-un-bebe-tues-dans-une-fusillade-en-californie\/201961\/#primaryimage"},"thumbnailUrl":"https:\/\/www.webdo.tn\/fr\/wp-content\/uploads\/2023\/01\/a5e9ed4599d1ec14ad09a4d91b4270a2.jpg","keywords":["californie","fusillade","gang"],"articleSection":["International"],"inLanguage":"fr-FR"},{"@type":"WebPage","@id":"https:\/\/www.webdo.tn\/fr\/actualite\/international\/etats-unis-6-personnes-dont-un-bebe-tues-dans-une-fusillade-en-californie\/201961\/","url":"https:\/\/www.webdo.tn\/fr\/actualite\/international\/etats-unis-6-personnes-dont-un-bebe-tues-dans-une-fusillade-en-californie\/201961\/","name":"Etats-Unis : 6 personnes dont un b\u00e9b\u00e9, tu\u00e9s dans une fusillade en Californie","isPartOf":{"@id":"https:\/\/www.webdo.tn\/fr\/#website"},"primaryImageOfPage":{"@id":"https:\/\/www.webdo.tn\/fr\/actualite\/international\/etats-unis-6-personnes-dont-un-bebe-tues-dans-une-fusillade-en-californie\/201961\/#primaryimage"},"image":{"@id":"https:\/\/www.webdo.tn\/fr\/actualite\/international\/etats-unis-6-personnes-dont-un-bebe-tues-dans-une-fusillade-en-californie\/201961\/#primaryimage"},"thumbnailUrl":"https:\/\/www.webdo.tn\/fr\/wp-content\/uploads\/2023\/01\/a5e9ed4599d1ec14ad09a4d91b4270a2.jpg","datePublished":"2023-01-17T11:15:00+00:00","dateModified":"2025-05-20T22:03:11+00:00","description":"Une fusillade dans l\u2019\u00c9tat de Californie, aux \u00c9tats-Unis, a fait six morts ce lundi 16 janvier 2023 dont un nourrisson et sa m\u00e8re de 17 ans.","breadcrumb":{"@id":"https:\/\/www.webdo.tn\/fr\/actualite\/international\/etats-unis-6-personnes-dont-un-bebe-tues-dans-une-fusillade-en-californie\/201961\/#breadcrumb"},"inLanguage":"fr-FR","potentialAction":[{"@type":"ReadAction","target":["https:\/\/www.webdo.tn\/fr\/actualite\/international\/etats-unis-6-personnes-dont-un-bebe-tues-dans-une-fusillade-en-californie\/201961\/"]}]},{"@type":"ImageObject","inLanguage":"fr-FR","@id":"https:\/\/www.webdo.tn\/fr\/actualite\/international\/etats-unis-6-personnes-dont-un-bebe-tues-dans-une-fusillade-en-californie\/201961\/#primaryimage","url":"https:\/\/www.webdo.tn\/fr\/wp-content\/uploads\/2023\/01\/a5e9ed4599d1ec14ad09a4d91b4270a2.jpg","contentUrl":"https:\/\/www.webdo.tn\/fr\/wp-content\/uploads\/2023\/01\/a5e9ed4599d1ec14ad09a4d91b4270a2.jpg","width":738,"height":394,"caption":"Etats-Unis : 6 personnes dont un b\u00e9b\u00e9, tu\u00e9s dans une fusillade en Californie"},{"@type":"BreadcrumbList","@id":"https:\/\/www.webdo.tn\/fr\/actualite\/international\/etats-unis-6-personnes-dont-un-bebe-tues-dans-une-fusillade-en-californie\/201961\/#breadcrumb","itemListElement":[{"@type":"ListItem","position":1,"name":"Accueil","item":"https:\/\/www.webdo.tn\/fr\/"},{"@type":"ListItem","position":2,"name":"Etats-Unis : 6 personnes dont un b\u00e9b\u00e9, tu\u00e9s dans une fusillade en Californie"}]},{"@type":"WebSite","@id":"https:\/\/www.webdo.tn\/fr\/#website","url":"https:\/\/www.webdo.tn\/fr\/","name":"webdo","description":"Tunisie - News en Tunisie et \u00e0 l&#039;international sur Webdo.tn","publisher":{"@id":"https:\/\/www.webdo.tn\/fr\/#organization"},"potentialAction":[{"@type":"SearchAction","target":{"@type":"EntryPoint","urlTemplate":"https:\/\/www.webdo.tn\/fr\/?s={search_term_string}"},"query-input":{"@type":"PropertyValueSpecification","valueRequired":true,"valueName":"search_term_string"}}],"inLanguage":"fr-FR"},{"@type":"Organization","@id":"https:\/\/www.webdo.tn\/fr\/#organization","name":"Webdo","alternateName":"Webdo.tn","url":"https:\/\/www.webdo.tn\/fr\/","logo":{"@type":"ImageObject","inLanguage":"fr-FR","@id":"https:\/\/www.webdo.tn\/fr\/#\/schema\/logo\/image\/","url":"https:\/\/www.webdo.tn\/fr\/wp-content\/uploads\/2025\/06\/Webdo-Tunisie_168377.jpg","contentUrl":"https:\/\/www.webdo.tn\/fr\/wp-content\/uploads\/2025\/06\/Webdo-Tunisie_168377.jpg","width":301,"height":301,"caption":"Webdo"},"image":{"@id":"https:\/\/www.webdo.tn\/fr\/#\/schema\/logo\/image\/"},"sameAs":["https:\/\/www.facebook.com\/webdotn","https:\/\/x.com\/webdo_tn"],"description":"Webdo est un m\u00e9dia num\u00e9rique tunisien fond\u00e9 en 2010, sp\u00e9cialis\u00e9 dans l\u2019actualit\u00e9 nationale et internationale, l\u2019\u00e9conomie, la soci\u00e9t\u00e9 et les analyses politiques. Le site s\u2019adresse \u00e0 un large public francophone et couvre l\u2019information tunisienne en temps r\u00e9el.","email":"redac@webdo.tn","legalName":"YNJ SARL","foundingDate":"2010-09-06","numberOfEmployees":{"@type":"QuantitativeValue","minValue":"11","maxValue":"50"}},{"@type":"Person","@id":"https:\/\/www.webdo.tn\/fr\/#\/schema\/person\/2c4929cbf5a809e3bd38617c6ce150f6","name":"MC","image":{"@type":"ImageObject","inLanguage":"fr-FR","@id":"https:\/\/secure.gravatar.com\/avatar\/a545bbb6f84efdd5553dbbc2895e3ca8f1d12c5215e00a041c9670b54aa9b18a?s=96&d=mm&r=g","url":"https:\/\/secure.gravatar.com\/avatar\/a545bbb6f84efdd5553dbbc2895e3ca8f1d12c5215e00a041c9670b54aa9b18a?s=96&d=mm&r=g","contentUrl":"https:\/\/secure.gravatar.com\/avatar\/a545bbb6f84efdd5553dbbc2895e3ca8f1d12c5215e00a041c9670b54aa9b18a?s=96&d=mm&r=g","caption":"MC"},"url":"https:\/\/www.webdo.tn\/fr\/actualite\/author\/mc\/"}]}},"_links":{"self":[{"href":"https:\/\/www.webdo.tn\/fr\/wp-json\/wp\/v2\/posts\/201961","targetHints":{"allow":["GET"]}}],"collection":[{"href":"https:\/\/www.webdo.tn\/fr\/wp-json\/wp\/v2\/posts"}],"about":[{"href":"https:\/\/www.webdo.tn\/fr\/wp-json\/wp\/v2\/types\/post"}],"author":[{"embeddable":true,"href":"https:\/\/www.webdo.tn\/fr\/wp-json\/wp\/v2\/users\/3162"}],"replies":[{"embeddable":true,"href":"https:\/\/www.webdo.tn\/fr\/wp-json\/wp\/v2\/comments?post=201961"}],"version-history":[{"count":0,"href":"https:\/\/www.webdo.tn\/fr\/wp-json\/wp\/v2\/posts\/201961\/revisions"}],"wp:featuredmedia":[{"embeddable":true,"href":"https:\/\/www.webdo.tn\/fr\/wp-json\/wp\/v2\/media\/252483"}],"wp:attachment":[{"href":"https:\/\/www.webdo.tn\/fr\/wp-json\/wp\/v2\/media?parent=201961"}],"wp:term":[{"taxonomy":"category","embeddable":true,"href":"https:\/\/www.webdo.tn\/fr\/wp-json\/wp\/v2\/categories?post=201961"},{"taxonomy":"post_tag","embeddable":true,"href":"https:\/\/www.webdo.tn\/fr\/wp-json\/wp\/v2\/tags?post=201961"}],"curies":[{"name":"wp","href":"https:\/\/api.w.org\/{rel}","templated":true}]}}