{"id":201954,"date":"2023-01-17T10:07:00","date_gmt":"2023-01-17T10:07:00","guid":{"rendered":"https:\/\/www.webdo.tn\/fr\/blog\/rached-khiari-de-nouveau-devant-la-justice-militaire\/201954\/"},"modified":"2025-05-20T22:45:59","modified_gmt":"2025-05-20T22:45:59","slug":"rached-khiari-de-nouveau-devant-la-justice-militaire","status":"publish","type":"post","link":"https:\/\/www.webdo.tn\/fr\/actualite\/national\/rached-khiari-de-nouveau-devant-la-justice-militaire\/201954\/","title":{"rendered":"Rached Khiari, de nouveau, devant la justice militaire"},"content":{"rendered":"<p>Encore une fois, l\u2019ex-d\u00e9put\u00e9 Rached Khiari comparait devant la justice militaire dans une affaire d\u2019atteinte au pr\u00e9sident de la R\u00e9publique.<\/p>\n<p>Ce mardi 17 janvier 2023, il devra comparaitre devant la Chambre criminelle de premi\u00e8re instance aupr\u00e8s du Tribunal militaire permanent de Tunis, rapporte Mosa\u00efque FM.\u00a0<\/p>\n<p>Il s\u2019agit d\u2019une affaire concernant des \u00ab d\u00e9clarations qu\u2019il a faites sur le financement de la campagne \u00e9lectorale du pr\u00e9sident de la R\u00e9publique, Kais Sa\u00efed, de 2019 \u00bb, explique la m\u00eame source.\u00a0<\/p>\n<p>L\u2019ancien d\u00e9put\u00e9 de la Coalition Al Karama a fait l\u2019objet d\u2019un nouveau mandat de d\u00e9p\u00f4t, \u00e9mis ce mardi 20 d\u00e9cembre 2022 par le Tribunal militaire, a indiqu\u00e9 son avocat Saber La\u00e2bidi.<\/p>\n<p>Ce dernier, indique que ce mandat de d\u00e9p\u00f4t fait suite \u00e0 une nouvelle affaire sans pour autant d\u00e9voiler les dessous de cette affaire.<\/p>\n<p>Rached Khiari a \u00e9cop\u00e9, le 8 d\u00e9cembre dernier, d\u2019une peine prison, la chambre correctionnelle aupr\u00e8s de la Cour d&rsquo;appel militaire ayant confirm\u00e9, un jugement de premi\u00e8re instance le condamnant \u00e0 trois mois de prison.<\/p>\n<p>Khiari est accus\u00e9 d\u2019avoir critiqu\u00e9 l\u2019institution militaire, son organisation et le commandement g\u00e9n\u00e9ral de l\u2019arm\u00e9e dans un but de nuire \u00e0 la d\u00e9fense nationale.<\/p>\n<p>Le 15 novembre dernier, la chambre correctionnelle aupr\u00e8s de la Cour d&rsquo;appel de Tunis l&rsquo;avait \u00e9galement condamn\u00e9 \u00e0 quatre mois de prison pour avoir publi\u00e9 \/ diffus\u00e9 les donn\u00e9es personnelles d&rsquo;une personne sans sa permission.<\/p>\n","protected":false},"excerpt":{"rendered":"<p>Encore une fois, l\u2019ex-d\u00e9put\u00e9 Rached Khiari comparait devant la justice militaire dans une affaire d\u2019atteinte au pr\u00e9sident de la R\u00e9publique.<\/p>\n","protected":false},"author":3175,"featured_media":252479,"comment_status":"open","ping_status":"closed","sticky":false,"template":"","format":"standard","meta":{"footnotes":""},"categories":[44],"tags":[2619,4139,2608],"class_list":["post-201954","post","type-post","status-publish","format-standard","has-post-thumbnail","hentry","category-national","tag-justice","tag-rached-khiari","tag-tunisie"],"yoast_head":"<!-- This site is optimized with the Yoast SEO Premium plugin v27.5 (Yoast SEO v27.5) - https:\/\/yoast.com\/product\/yoast-seo-premium-wordpress\/ -->\n<title>Rached Khiari, de nouveau, devant la justice militaire<\/title>\n<meta name=\"description\" content=\"Encore une fois, l\u2019ex-d\u00e9put\u00e9 Rached Khiari comparait devant la justice militaire dans une affaire d\u2019atteinte au pr\u00e9sident de la R\u00e9publique.\" \/>\n<link rel=\"canonical\" href=\"https:\/\/www.webdo.tn\/fr\/actualite\/national\/rached-khiari-de-nouveau-devant-la-justice-militaire\/201954\/\" \/>\n<meta property=\"og:locale\" content=\"fr_FR\" \/>\n<meta property=\"og:type\" content=\"article\" \/>\n<meta property=\"og:title\" content=\"Rached Khiari, de nouveau, devant la justice militaire\" \/>\n<meta property=\"og:description\" content=\"Encore une fois, l\u2019ex-d\u00e9put\u00e9 Rached Khiari comparait devant la justice militaire dans une affaire d\u2019atteinte au pr\u00e9sident de la R\u00e9publique.\" \/>\n<meta property=\"og:url\" content=\"https:\/\/www.webdo.tn\/fr\/actualite\/national\/rached-khiari-de-nouveau-devant-la-justice-militaire\/201954\/\" \/>\n<meta property=\"og:site_name\" content=\"webdo\" \/>\n<meta property=\"article:publisher\" content=\"https:\/\/www.facebook.com\/webdotn\" \/>\n<meta property=\"article:published_time\" content=\"2023-01-17T10:07:00+00:00\" \/>\n<meta property=\"article:modified_time\" content=\"2025-05-20T22:45:59+00:00\" \/>\n<meta property=\"og:image\" content=\"https:\/\/www.webdo.tn\/fr\/wp-content\/uploads\/2023\/01\/3ca8397ba8d526983097cf348b29a800.png\" \/>\n\t<meta property=\"og:image:width\" content=\"750\" \/>\n\t<meta property=\"og:image:height\" content=\"400\" \/>\n\t<meta property=\"og:image:type\" content=\"image\/png\" \/>\n<meta name=\"author\" content=\"CL\" \/>\n<meta name=\"twitter:card\" content=\"summary_large_image\" \/>\n<meta name=\"twitter:creator\" content=\"@webdo_tn\" \/>\n<meta name=\"twitter:site\" content=\"@webdo_tn\" \/>\n<meta name=\"twitter:label1\" content=\"\u00c9crit par\" \/>\n\t<meta name=\"twitter:data1\" content=\"CL\" \/>\n\t<meta name=\"twitter:label2\" content=\"Dur\u00e9e de lecture estim\u00e9e\" \/>\n\t<meta name=\"twitter:data2\" content=\"1 minute\" \/>\n<script type=\"application\/ld+json\" class=\"yoast-schema-graph\">{\"@context\":\"https:\\\/\\\/schema.org\",\"@graph\":[{\"@type\":\"NewsArticle\",\"@id\":\"https:\\\/\\\/www.webdo.tn\\\/fr\\\/actualite\\\/national\\\/rached-khiari-de-nouveau-devant-la-justice-militaire\\\/201954\\\/#article\",\"isPartOf\":{\"@id\":\"https:\\\/\\\/www.webdo.tn\\\/fr\\\/actualite\\\/national\\\/rached-khiari-de-nouveau-devant-la-justice-militaire\\\/201954\\\/\"},\"author\":{\"name\":\"CL\",\"@id\":\"https:\\\/\\\/www.webdo.tn\\\/fr\\\/#\\\/schema\\\/person\\\/f35b42a42c5e2511bbd282959d6385cc\"},\"headline\":\"Rached Khiari, de nouveau, devant la justice militaire\",\"datePublished\":\"2023-01-17T10:07:00+00:00\",\"dateModified\":\"2025-05-20T22:45:59+00:00\",\"mainEntityOfPage\":{\"@id\":\"https:\\\/\\\/www.webdo.tn\\\/fr\\\/actualite\\\/national\\\/rached-khiari-de-nouveau-devant-la-justice-militaire\\\/201954\\\/\"},\"wordCount\":262,\"commentCount\":0,\"publisher\":{\"@id\":\"https:\\\/\\\/www.webdo.tn\\\/fr\\\/#organization\"},\"image\":{\"@id\":\"https:\\\/\\\/www.webdo.tn\\\/fr\\\/actualite\\\/national\\\/rached-khiari-de-nouveau-devant-la-justice-militaire\\\/201954\\\/#primaryimage\"},\"thumbnailUrl\":\"https:\\\/\\\/www.webdo.tn\\\/fr\\\/wp-content\\\/uploads\\\/2023\\\/01\\\/3ca8397ba8d526983097cf348b29a800.png\",\"keywords\":[\"justice\",\"Rached Khiari\",\"Tunisie\"],\"articleSection\":[\"National\"],\"inLanguage\":\"fr-FR\"},{\"@type\":\"WebPage\",\"@id\":\"https:\\\/\\\/www.webdo.tn\\\/fr\\\/actualite\\\/national\\\/rached-khiari-de-nouveau-devant-la-justice-militaire\\\/201954\\\/\",\"url\":\"https:\\\/\\\/www.webdo.tn\\\/fr\\\/actualite\\\/national\\\/rached-khiari-de-nouveau-devant-la-justice-militaire\\\/201954\\\/\",\"name\":\"Rached Khiari, de nouveau, devant la justice militaire\",\"isPartOf\":{\"@id\":\"https:\\\/\\\/www.webdo.tn\\\/fr\\\/#website\"},\"primaryImageOfPage\":{\"@id\":\"https:\\\/\\\/www.webdo.tn\\\/fr\\\/actualite\\\/national\\\/rached-khiari-de-nouveau-devant-la-justice-militaire\\\/201954\\\/#primaryimage\"},\"image\":{\"@id\":\"https:\\\/\\\/www.webdo.tn\\\/fr\\\/actualite\\\/national\\\/rached-khiari-de-nouveau-devant-la-justice-militaire\\\/201954\\\/#primaryimage\"},\"thumbnailUrl\":\"https:\\\/\\\/www.webdo.tn\\\/fr\\\/wp-content\\\/uploads\\\/2023\\\/01\\\/3ca8397ba8d526983097cf348b29a800.png\",\"datePublished\":\"2023-01-17T10:07:00+00:00\",\"dateModified\":\"2025-05-20T22:45:59+00:00\",\"description\":\"Encore une fois, l\u2019ex-d\u00e9put\u00e9 Rached Khiari comparait devant la justice militaire dans une affaire d\u2019atteinte au pr\u00e9sident de la R\u00e9publique.\",\"breadcrumb\":{\"@id\":\"https:\\\/\\\/www.webdo.tn\\\/fr\\\/actualite\\\/national\\\/rached-khiari-de-nouveau-devant-la-justice-militaire\\\/201954\\\/#breadcrumb\"},\"inLanguage\":\"fr-FR\",\"potentialAction\":[{\"@type\":\"ReadAction\",\"target\":[\"https:\\\/\\\/www.webdo.tn\\\/fr\\\/actualite\\\/national\\\/rached-khiari-de-nouveau-devant-la-justice-militaire\\\/201954\\\/\"]}]},{\"@type\":\"ImageObject\",\"inLanguage\":\"fr-FR\",\"@id\":\"https:\\\/\\\/www.webdo.tn\\\/fr\\\/actualite\\\/national\\\/rached-khiari-de-nouveau-devant-la-justice-militaire\\\/201954\\\/#primaryimage\",\"url\":\"https:\\\/\\\/www.webdo.tn\\\/fr\\\/wp-content\\\/uploads\\\/2023\\\/01\\\/3ca8397ba8d526983097cf348b29a800.png\",\"contentUrl\":\"https:\\\/\\\/www.webdo.tn\\\/fr\\\/wp-content\\\/uploads\\\/2023\\\/01\\\/3ca8397ba8d526983097cf348b29a800.png\",\"width\":750,\"height\":400,\"caption\":\"Rached Khiari\"},{\"@type\":\"BreadcrumbList\",\"@id\":\"https:\\\/\\\/www.webdo.tn\\\/fr\\\/actualite\\\/national\\\/rached-khiari-de-nouveau-devant-la-justice-militaire\\\/201954\\\/#breadcrumb\",\"itemListElement\":[{\"@type\":\"ListItem\",\"position\":1,\"name\":\"Accueil\",\"item\":\"https:\\\/\\\/www.webdo.tn\\\/fr\\\/\"},{\"@type\":\"ListItem\",\"position\":2,\"name\":\"Rached Khiari, de nouveau, devant la justice militaire\"}]},{\"@type\":\"WebSite\",\"@id\":\"https:\\\/\\\/www.webdo.tn\\\/fr\\\/#website\",\"url\":\"https:\\\/\\\/www.webdo.tn\\\/fr\\\/\",\"name\":\"webdo\",\"description\":\"Tunisie - News en Tunisie et \u00e0 l&#039;international sur Webdo.tn\",\"publisher\":{\"@id\":\"https:\\\/\\\/www.webdo.tn\\\/fr\\\/#organization\"},\"potentialAction\":[{\"@type\":\"SearchAction\",\"target\":{\"@type\":\"EntryPoint\",\"urlTemplate\":\"https:\\\/\\\/www.webdo.tn\\\/fr\\\/?s={search_term_string}\"},\"query-input\":{\"@type\":\"PropertyValueSpecification\",\"valueRequired\":true,\"valueName\":\"search_term_string\"}}],\"inLanguage\":\"fr-FR\"},{\"@type\":\"Organization\",\"@id\":\"https:\\\/\\\/www.webdo.tn\\\/fr\\\/#organization\",\"name\":\"Webdo\",\"alternateName\":\"Webdo.tn\",\"url\":\"https:\\\/\\\/www.webdo.tn\\\/fr\\\/\",\"logo\":{\"@type\":\"ImageObject\",\"inLanguage\":\"fr-FR\",\"@id\":\"https:\\\/\\\/www.webdo.tn\\\/fr\\\/#\\\/schema\\\/logo\\\/image\\\/\",\"url\":\"https:\\\/\\\/www.webdo.tn\\\/fr\\\/wp-content\\\/uploads\\\/2025\\\/06\\\/Webdo-Tunisie_168377.jpg\",\"contentUrl\":\"https:\\\/\\\/www.webdo.tn\\\/fr\\\/wp-content\\\/uploads\\\/2025\\\/06\\\/Webdo-Tunisie_168377.jpg\",\"width\":301,\"height\":301,\"caption\":\"Webdo\"},\"image\":{\"@id\":\"https:\\\/\\\/www.webdo.tn\\\/fr\\\/#\\\/schema\\\/logo\\\/image\\\/\"},\"sameAs\":[\"https:\\\/\\\/www.facebook.com\\\/webdotn\",\"https:\\\/\\\/x.com\\\/webdo_tn\"],\"description\":\"Webdo est un m\u00e9dia num\u00e9rique tunisien fond\u00e9 en 2010, sp\u00e9cialis\u00e9 dans l\u2019actualit\u00e9 nationale et internationale, l\u2019\u00e9conomie, la soci\u00e9t\u00e9 et les analyses politiques. Le site s\u2019adresse \u00e0 un large public francophone et couvre l\u2019information tunisienne en temps r\u00e9el.\",\"email\":\"redac@webdo.tn\",\"legalName\":\"YNJ SARL\",\"foundingDate\":\"2010-09-06\",\"numberOfEmployees\":{\"@type\":\"QuantitativeValue\",\"minValue\":\"11\",\"maxValue\":\"50\"}},{\"@type\":\"Person\",\"@id\":\"https:\\\/\\\/www.webdo.tn\\\/fr\\\/#\\\/schema\\\/person\\\/f35b42a42c5e2511bbd282959d6385cc\",\"name\":\"CL\",\"image\":{\"@type\":\"ImageObject\",\"inLanguage\":\"fr-FR\",\"@id\":\"https:\\\/\\\/secure.gravatar.com\\\/avatar\\\/1447a49909b67aa657c488aec6512e1dd6143a480c1ecfee9b5b5cd74eb3b59e?s=96&d=mm&r=g\",\"url\":\"https:\\\/\\\/secure.gravatar.com\\\/avatar\\\/1447a49909b67aa657c488aec6512e1dd6143a480c1ecfee9b5b5cd74eb3b59e?s=96&d=mm&r=g\",\"contentUrl\":\"https:\\\/\\\/secure.gravatar.com\\\/avatar\\\/1447a49909b67aa657c488aec6512e1dd6143a480c1ecfee9b5b5cd74eb3b59e?s=96&d=mm&r=g\",\"caption\":\"CL\"},\"url\":\"https:\\\/\\\/www.webdo.tn\\\/fr\\\/actualite\\\/author\\\/cl\\\/\"}]}<\/script>\n<!-- \/ Yoast SEO Premium plugin. -->","yoast_head_json":{"title":"Rached Khiari, de nouveau, devant la justice militaire","description":"Encore une fois, l\u2019ex-d\u00e9put\u00e9 Rached Khiari comparait devant la justice militaire dans une affaire d\u2019atteinte au pr\u00e9sident de la R\u00e9publique.","canonical":"https:\/\/www.webdo.tn\/fr\/actualite\/national\/rached-khiari-de-nouveau-devant-la-justice-militaire\/201954\/","og_locale":"fr_FR","og_type":"article","og_title":"Rached Khiari, de nouveau, devant la justice militaire","og_description":"Encore une fois, l\u2019ex-d\u00e9put\u00e9 Rached Khiari comparait devant la justice militaire dans une affaire d\u2019atteinte au pr\u00e9sident de la R\u00e9publique.","og_url":"https:\/\/www.webdo.tn\/fr\/actualite\/national\/rached-khiari-de-nouveau-devant-la-justice-militaire\/201954\/","og_site_name":"webdo","article_publisher":"https:\/\/www.facebook.com\/webdotn","article_published_time":"2023-01-17T10:07:00+00:00","article_modified_time":"2025-05-20T22:45:59+00:00","og_image":[{"width":750,"height":400,"url":"https:\/\/www.webdo.tn\/fr\/wp-content\/uploads\/2023\/01\/3ca8397ba8d526983097cf348b29a800.png","type":"image\/png"}],"author":"CL","twitter_card":"summary_large_image","twitter_creator":"@webdo_tn","twitter_site":"@webdo_tn","twitter_misc":{"\u00c9crit par":"CL","Dur\u00e9e de lecture estim\u00e9e":"1 minute"},"schema":{"@context":"https:\/\/schema.org","@graph":[{"@type":"NewsArticle","@id":"https:\/\/www.webdo.tn\/fr\/actualite\/national\/rached-khiari-de-nouveau-devant-la-justice-militaire\/201954\/#article","isPartOf":{"@id":"https:\/\/www.webdo.tn\/fr\/actualite\/national\/rached-khiari-de-nouveau-devant-la-justice-militaire\/201954\/"},"author":{"name":"CL","@id":"https:\/\/www.webdo.tn\/fr\/#\/schema\/person\/f35b42a42c5e2511bbd282959d6385cc"},"headline":"Rached Khiari, de nouveau, devant la justice militaire","datePublished":"2023-01-17T10:07:00+00:00","dateModified":"2025-05-20T22:45:59+00:00","mainEntityOfPage":{"@id":"https:\/\/www.webdo.tn\/fr\/actualite\/national\/rached-khiari-de-nouveau-devant-la-justice-militaire\/201954\/"},"wordCount":262,"commentCount":0,"publisher":{"@id":"https:\/\/www.webdo.tn\/fr\/#organization"},"image":{"@id":"https:\/\/www.webdo.tn\/fr\/actualite\/national\/rached-khiari-de-nouveau-devant-la-justice-militaire\/201954\/#primaryimage"},"thumbnailUrl":"https:\/\/www.webdo.tn\/fr\/wp-content\/uploads\/2023\/01\/3ca8397ba8d526983097cf348b29a800.png","keywords":["justice","Rached Khiari","Tunisie"],"articleSection":["National"],"inLanguage":"fr-FR"},{"@type":"WebPage","@id":"https:\/\/www.webdo.tn\/fr\/actualite\/national\/rached-khiari-de-nouveau-devant-la-justice-militaire\/201954\/","url":"https:\/\/www.webdo.tn\/fr\/actualite\/national\/rached-khiari-de-nouveau-devant-la-justice-militaire\/201954\/","name":"Rached Khiari, de nouveau, devant la justice militaire","isPartOf":{"@id":"https:\/\/www.webdo.tn\/fr\/#website"},"primaryImageOfPage":{"@id":"https:\/\/www.webdo.tn\/fr\/actualite\/national\/rached-khiari-de-nouveau-devant-la-justice-militaire\/201954\/#primaryimage"},"image":{"@id":"https:\/\/www.webdo.tn\/fr\/actualite\/national\/rached-khiari-de-nouveau-devant-la-justice-militaire\/201954\/#primaryimage"},"thumbnailUrl":"https:\/\/www.webdo.tn\/fr\/wp-content\/uploads\/2023\/01\/3ca8397ba8d526983097cf348b29a800.png","datePublished":"2023-01-17T10:07:00+00:00","dateModified":"2025-05-20T22:45:59+00:00","description":"Encore une fois, l\u2019ex-d\u00e9put\u00e9 Rached Khiari comparait devant la justice militaire dans une affaire d\u2019atteinte au pr\u00e9sident de la R\u00e9publique.","breadcrumb":{"@id":"https:\/\/www.webdo.tn\/fr\/actualite\/national\/rached-khiari-de-nouveau-devant-la-justice-militaire\/201954\/#breadcrumb"},"inLanguage":"fr-FR","potentialAction":[{"@type":"ReadAction","target":["https:\/\/www.webdo.tn\/fr\/actualite\/national\/rached-khiari-de-nouveau-devant-la-justice-militaire\/201954\/"]}]},{"@type":"ImageObject","inLanguage":"fr-FR","@id":"https:\/\/www.webdo.tn\/fr\/actualite\/national\/rached-khiari-de-nouveau-devant-la-justice-militaire\/201954\/#primaryimage","url":"https:\/\/www.webdo.tn\/fr\/wp-content\/uploads\/2023\/01\/3ca8397ba8d526983097cf348b29a800.png","contentUrl":"https:\/\/www.webdo.tn\/fr\/wp-content\/uploads\/2023\/01\/3ca8397ba8d526983097cf348b29a800.png","width":750,"height":400,"caption":"Rached Khiari"},{"@type":"BreadcrumbList","@id":"https:\/\/www.webdo.tn\/fr\/actualite\/national\/rached-khiari-de-nouveau-devant-la-justice-militaire\/201954\/#breadcrumb","itemListElement":[{"@type":"ListItem","position":1,"name":"Accueil","item":"https:\/\/www.webdo.tn\/fr\/"},{"@type":"ListItem","position":2,"name":"Rached Khiari, de nouveau, devant la justice militaire"}]},{"@type":"WebSite","@id":"https:\/\/www.webdo.tn\/fr\/#website","url":"https:\/\/www.webdo.tn\/fr\/","name":"webdo","description":"Tunisie - News en Tunisie et \u00e0 l&#039;international sur Webdo.tn","publisher":{"@id":"https:\/\/www.webdo.tn\/fr\/#organization"},"potentialAction":[{"@type":"SearchAction","target":{"@type":"EntryPoint","urlTemplate":"https:\/\/www.webdo.tn\/fr\/?s={search_term_string}"},"query-input":{"@type":"PropertyValueSpecification","valueRequired":true,"valueName":"search_term_string"}}],"inLanguage":"fr-FR"},{"@type":"Organization","@id":"https:\/\/www.webdo.tn\/fr\/#organization","name":"Webdo","alternateName":"Webdo.tn","url":"https:\/\/www.webdo.tn\/fr\/","logo":{"@type":"ImageObject","inLanguage":"fr-FR","@id":"https:\/\/www.webdo.tn\/fr\/#\/schema\/logo\/image\/","url":"https:\/\/www.webdo.tn\/fr\/wp-content\/uploads\/2025\/06\/Webdo-Tunisie_168377.jpg","contentUrl":"https:\/\/www.webdo.tn\/fr\/wp-content\/uploads\/2025\/06\/Webdo-Tunisie_168377.jpg","width":301,"height":301,"caption":"Webdo"},"image":{"@id":"https:\/\/www.webdo.tn\/fr\/#\/schema\/logo\/image\/"},"sameAs":["https:\/\/www.facebook.com\/webdotn","https:\/\/x.com\/webdo_tn"],"description":"Webdo est un m\u00e9dia num\u00e9rique tunisien fond\u00e9 en 2010, sp\u00e9cialis\u00e9 dans l\u2019actualit\u00e9 nationale et internationale, l\u2019\u00e9conomie, la soci\u00e9t\u00e9 et les analyses politiques. Le site s\u2019adresse \u00e0 un large public francophone et couvre l\u2019information tunisienne en temps r\u00e9el.","email":"redac@webdo.tn","legalName":"YNJ SARL","foundingDate":"2010-09-06","numberOfEmployees":{"@type":"QuantitativeValue","minValue":"11","maxValue":"50"}},{"@type":"Person","@id":"https:\/\/www.webdo.tn\/fr\/#\/schema\/person\/f35b42a42c5e2511bbd282959d6385cc","name":"CL","image":{"@type":"ImageObject","inLanguage":"fr-FR","@id":"https:\/\/secure.gravatar.com\/avatar\/1447a49909b67aa657c488aec6512e1dd6143a480c1ecfee9b5b5cd74eb3b59e?s=96&d=mm&r=g","url":"https:\/\/secure.gravatar.com\/avatar\/1447a49909b67aa657c488aec6512e1dd6143a480c1ecfee9b5b5cd74eb3b59e?s=96&d=mm&r=g","contentUrl":"https:\/\/secure.gravatar.com\/avatar\/1447a49909b67aa657c488aec6512e1dd6143a480c1ecfee9b5b5cd74eb3b59e?s=96&d=mm&r=g","caption":"CL"},"url":"https:\/\/www.webdo.tn\/fr\/actualite\/author\/cl\/"}]}},"_links":{"self":[{"href":"https:\/\/www.webdo.tn\/fr\/wp-json\/wp\/v2\/posts\/201954","targetHints":{"allow":["GET"]}}],"collection":[{"href":"https:\/\/www.webdo.tn\/fr\/wp-json\/wp\/v2\/posts"}],"about":[{"href":"https:\/\/www.webdo.tn\/fr\/wp-json\/wp\/v2\/types\/post"}],"author":[{"embeddable":true,"href":"https:\/\/www.webdo.tn\/fr\/wp-json\/wp\/v2\/users\/3175"}],"replies":[{"embeddable":true,"href":"https:\/\/www.webdo.tn\/fr\/wp-json\/wp\/v2\/comments?post=201954"}],"version-history":[{"count":0,"href":"https:\/\/www.webdo.tn\/fr\/wp-json\/wp\/v2\/posts\/201954\/revisions"}],"wp:featuredmedia":[{"embeddable":true,"href":"https:\/\/www.webdo.tn\/fr\/wp-json\/wp\/v2\/media\/252479"}],"wp:attachment":[{"href":"https:\/\/www.webdo.tn\/fr\/wp-json\/wp\/v2\/media?parent=201954"}],"wp:term":[{"taxonomy":"category","embeddable":true,"href":"https:\/\/www.webdo.tn\/fr\/wp-json\/wp\/v2\/categories?post=201954"},{"taxonomy":"post_tag","embeddable":true,"href":"https:\/\/www.webdo.tn\/fr\/wp-json\/wp\/v2\/tags?post=201954"}],"curies":[{"name":"wp","href":"https:\/\/api.w.org\/{rel}","templated":true}]}}