{"id":201939,"date":"2023-01-16T20:02:00","date_gmt":"2023-01-16T20:02:00","guid":{"rendered":"https:\/\/www.webdo.tn\/fr\/blog\/legislatives-promulgation-du-decret-convoquant-des-electeurs-pour-le-deuxieme-tour\/201939\/"},"modified":"2025-05-20T23:00:42","modified_gmt":"2025-05-20T23:00:42","slug":"legislatives-promulgation-du-decret-convoquant-des-electeurs-pour-le-deuxieme-tour","status":"publish","type":"post","link":"https:\/\/www.webdo.tn\/fr\/actualite\/national\/legislatives-promulgation-du-decret-convoquant-des-electeurs-pour-le-deuxieme-tour\/201939\/","title":{"rendered":"L\u00e9gislatives: Promulgation du d\u00e9cret convoquant les \u00e9lecteurs pour le deuxi\u00e8me tour"},"content":{"rendered":"<p>Le pr\u00e9sident de la R\u00e9publique Kais Saied a promulgu\u00e9, ce lundi 16 janvier 2023, le d\u00e9cret portant convocation des \u00e9lecteurs pour le deuxi\u00e8me tour des L\u00e9gislatives.<\/p>\n<p>\t\t\t\t\t\t\t\t\tLe d\u00e9cret publi\u00e9 au Journal Officiel de la R\u00e9publique Tunisienne (JORT), comporte deux articles relatifs \u00e0 la convocation des \u00e9lecteurs au deuxi\u00e8me tour de l&rsquo;\u00e9lection des membres du parlement qui aura lieu dimanche 29 janvier en cours, dans les circonscriptions concern\u00e9es.\u00a0Le scrutin se d\u00e9roulera de 8h00 \u00e0 18h00.<\/p>\n<p>Le d\u00e9cret stipule que l&rsquo;Instance Sup\u00e9rieure Ind\u00e9pendante pour les Elections (ISIE) peut proc\u00e9der \u00e0 des exceptions au niveau des horaires d&rsquo;ouverture et de fermeture, en tenant compte des particularit\u00e9s de certains bureaux de vote.<\/p>\n","protected":false},"excerpt":{"rendered":"<p>Le pr\u00e9sident de la R\u00e9publique Kais Saied a promulgu\u00e9, ce lundi 16 janvier 2023, le d\u00e9cret portant convocation des \u00e9lecteurs pour le deuxi\u00e8me tour des L\u00e9gislativ&#8230;<\/p>\n","protected":false},"author":3195,"featured_media":277602,"comment_status":"open","ping_status":"closed","sticky":false,"template":"","format":"standard","meta":{"footnotes":""},"categories":[44],"tags":[3766,3923,2614,6190,2608],"class_list":["post-201939","post","type-post","status-publish","format-standard","has-post-thumbnail","hentry","category-national","tag-decret","tag-elections","tag-kais-saied","tag-legislatives","tag-tunisie"],"yoast_head":"<!-- This site is optimized with the Yoast SEO Premium plugin v27.5 (Yoast SEO v27.5) - https:\/\/yoast.com\/product\/yoast-seo-premium-wordpress\/ -->\n<title>L\u00e9gislatives: Promulgation du d\u00e9cret convoquant les \u00e9lecteurs pour le deuxi\u00e8me tour<\/title>\n<meta name=\"description\" content=\"Le pr\u00e9sident de la R\u00e9publique Kais Saied a promulgu\u00e9, ce lundi 16 janvier 2023, le d\u00e9cret portant convocation des \u00e9lecteurs pour le deuxi\u00e8me tour des L\u00e9gislativ...\" \/>\n<link rel=\"canonical\" href=\"https:\/\/www.webdo.tn\/fr\/actualite\/national\/legislatives-promulgation-du-decret-convoquant-des-electeurs-pour-le-deuxieme-tour\/201939\/\" \/>\n<meta property=\"og:locale\" content=\"fr_FR\" \/>\n<meta property=\"og:type\" content=\"article\" \/>\n<meta property=\"og:title\" content=\"L\u00e9gislatives: Promulgation du d\u00e9cret convoquant les \u00e9lecteurs pour le deuxi\u00e8me tour\" \/>\n<meta property=\"og:description\" content=\"Le pr\u00e9sident de la R\u00e9publique Kais Saied a promulgu\u00e9, ce lundi 16 janvier 2023, le d\u00e9cret portant convocation des \u00e9lecteurs pour le deuxi\u00e8me tour des L\u00e9gislativ...\" \/>\n<meta property=\"og:url\" content=\"https:\/\/www.webdo.tn\/fr\/actualite\/national\/legislatives-promulgation-du-decret-convoquant-des-electeurs-pour-le-deuxieme-tour\/201939\/\" \/>\n<meta property=\"og:site_name\" content=\"webdo\" \/>\n<meta property=\"article:publisher\" content=\"https:\/\/www.facebook.com\/webdotn\" \/>\n<meta property=\"article:published_time\" content=\"2023-01-16T20:02:00+00:00\" \/>\n<meta property=\"article:modified_time\" content=\"2025-05-20T23:00:42+00:00\" \/>\n<meta property=\"og:image\" content=\"https:\/\/www.webdo.tn\/fr\/wp-content\/uploads\/2023\/01\/debd256267da903bf39611d181b37899.jpg\" \/>\n\t<meta property=\"og:image:width\" content=\"750\" \/>\n\t<meta property=\"og:image:height\" content=\"400\" \/>\n\t<meta property=\"og:image:type\" content=\"image\/jpeg\" \/>\n<meta name=\"author\" content=\"NJ\" \/>\n<meta name=\"twitter:card\" content=\"summary_large_image\" \/>\n<meta name=\"twitter:creator\" content=\"@webdo_tn\" \/>\n<meta name=\"twitter:site\" content=\"@webdo_tn\" \/>\n<meta name=\"twitter:label1\" content=\"\u00c9crit par\" \/>\n\t<meta name=\"twitter:data1\" content=\"NJ\" \/>\n\t<meta name=\"twitter:label2\" content=\"Dur\u00e9e de lecture estim\u00e9e\" \/>\n\t<meta name=\"twitter:data2\" content=\"1 minute\" \/>\n<script type=\"application\/ld+json\" class=\"yoast-schema-graph\">{\"@context\":\"https:\\\/\\\/schema.org\",\"@graph\":[{\"@type\":\"NewsArticle\",\"@id\":\"https:\\\/\\\/www.webdo.tn\\\/fr\\\/actualite\\\/national\\\/legislatives-promulgation-du-decret-convoquant-des-electeurs-pour-le-deuxieme-tour\\\/201939\\\/#article\",\"isPartOf\":{\"@id\":\"https:\\\/\\\/www.webdo.tn\\\/fr\\\/actualite\\\/national\\\/legislatives-promulgation-du-decret-convoquant-des-electeurs-pour-le-deuxieme-tour\\\/201939\\\/\"},\"author\":{\"name\":\"NJ\",\"@id\":\"https:\\\/\\\/www.webdo.tn\\\/fr\\\/#\\\/schema\\\/person\\\/646f7c4406ab78299805d9d39b2636d8\"},\"headline\":\"L\u00e9gislatives: Promulgation du d\u00e9cret convoquant les \u00e9lecteurs pour le deuxi\u00e8me tour\",\"datePublished\":\"2023-01-16T20:02:00+00:00\",\"dateModified\":\"2025-05-20T23:00:42+00:00\",\"mainEntityOfPage\":{\"@id\":\"https:\\\/\\\/www.webdo.tn\\\/fr\\\/actualite\\\/national\\\/legislatives-promulgation-du-decret-convoquant-des-electeurs-pour-le-deuxieme-tour\\\/201939\\\/\"},\"wordCount\":135,\"commentCount\":0,\"publisher\":{\"@id\":\"https:\\\/\\\/www.webdo.tn\\\/fr\\\/#organization\"},\"image\":{\"@id\":\"https:\\\/\\\/www.webdo.tn\\\/fr\\\/actualite\\\/national\\\/legislatives-promulgation-du-decret-convoquant-des-electeurs-pour-le-deuxieme-tour\\\/201939\\\/#primaryimage\"},\"thumbnailUrl\":\"https:\\\/\\\/www.webdo.tn\\\/fr\\\/wp-content\\\/uploads\\\/2023\\\/01\\\/debd256267da903bf39611d181b37899.jpg\",\"keywords\":[\"D\u00e9cret\",\"\u00e9lections\",\"Kais Saied\",\"L\u00e9gislatives\",\"Tunisie\"],\"articleSection\":[\"National\"],\"inLanguage\":\"fr-FR\"},{\"@type\":\"WebPage\",\"@id\":\"https:\\\/\\\/www.webdo.tn\\\/fr\\\/actualite\\\/national\\\/legislatives-promulgation-du-decret-convoquant-des-electeurs-pour-le-deuxieme-tour\\\/201939\\\/\",\"url\":\"https:\\\/\\\/www.webdo.tn\\\/fr\\\/actualite\\\/national\\\/legislatives-promulgation-du-decret-convoquant-des-electeurs-pour-le-deuxieme-tour\\\/201939\\\/\",\"name\":\"L\u00e9gislatives: Promulgation du d\u00e9cret convoquant les \u00e9lecteurs pour le deuxi\u00e8me tour\",\"isPartOf\":{\"@id\":\"https:\\\/\\\/www.webdo.tn\\\/fr\\\/#website\"},\"primaryImageOfPage\":{\"@id\":\"https:\\\/\\\/www.webdo.tn\\\/fr\\\/actualite\\\/national\\\/legislatives-promulgation-du-decret-convoquant-des-electeurs-pour-le-deuxieme-tour\\\/201939\\\/#primaryimage\"},\"image\":{\"@id\":\"https:\\\/\\\/www.webdo.tn\\\/fr\\\/actualite\\\/national\\\/legislatives-promulgation-du-decret-convoquant-des-electeurs-pour-le-deuxieme-tour\\\/201939\\\/#primaryimage\"},\"thumbnailUrl\":\"https:\\\/\\\/www.webdo.tn\\\/fr\\\/wp-content\\\/uploads\\\/2023\\\/01\\\/debd256267da903bf39611d181b37899.jpg\",\"datePublished\":\"2023-01-16T20:02:00+00:00\",\"dateModified\":\"2025-05-20T23:00:42+00:00\",\"description\":\"Le pr\u00e9sident de la R\u00e9publique Kais Saied a promulgu\u00e9, ce lundi 16 janvier 2023, le d\u00e9cret portant convocation des \u00e9lecteurs pour le deuxi\u00e8me tour des L\u00e9gislativ...\",\"breadcrumb\":{\"@id\":\"https:\\\/\\\/www.webdo.tn\\\/fr\\\/actualite\\\/national\\\/legislatives-promulgation-du-decret-convoquant-des-electeurs-pour-le-deuxieme-tour\\\/201939\\\/#breadcrumb\"},\"inLanguage\":\"fr-FR\",\"potentialAction\":[{\"@type\":\"ReadAction\",\"target\":[\"https:\\\/\\\/www.webdo.tn\\\/fr\\\/actualite\\\/national\\\/legislatives-promulgation-du-decret-convoquant-des-electeurs-pour-le-deuxieme-tour\\\/201939\\\/\"]}]},{\"@type\":\"ImageObject\",\"inLanguage\":\"fr-FR\",\"@id\":\"https:\\\/\\\/www.webdo.tn\\\/fr\\\/actualite\\\/national\\\/legislatives-promulgation-du-decret-convoquant-des-electeurs-pour-le-deuxieme-tour\\\/201939\\\/#primaryimage\",\"url\":\"https:\\\/\\\/www.webdo.tn\\\/fr\\\/wp-content\\\/uploads\\\/2023\\\/01\\\/debd256267da903bf39611d181b37899.jpg\",\"contentUrl\":\"https:\\\/\\\/www.webdo.tn\\\/fr\\\/wp-content\\\/uploads\\\/2023\\\/01\\\/debd256267da903bf39611d181b37899.jpg\",\"width\":750,\"height\":400,\"caption\":\"L\u00e9gislatives: Promulgation du d\u00e9cret convoquant les \u00e9lecteurs pour le deuxi\u00e8me tour\"},{\"@type\":\"BreadcrumbList\",\"@id\":\"https:\\\/\\\/www.webdo.tn\\\/fr\\\/actualite\\\/national\\\/legislatives-promulgation-du-decret-convoquant-des-electeurs-pour-le-deuxieme-tour\\\/201939\\\/#breadcrumb\",\"itemListElement\":[{\"@type\":\"ListItem\",\"position\":1,\"name\":\"Accueil\",\"item\":\"https:\\\/\\\/www.webdo.tn\\\/fr\\\/\"},{\"@type\":\"ListItem\",\"position\":2,\"name\":\"L\u00e9gislatives: Promulgation du d\u00e9cret convoquant les \u00e9lecteurs pour le deuxi\u00e8me tour\"}]},{\"@type\":\"WebSite\",\"@id\":\"https:\\\/\\\/www.webdo.tn\\\/fr\\\/#website\",\"url\":\"https:\\\/\\\/www.webdo.tn\\\/fr\\\/\",\"name\":\"webdo\",\"description\":\"Tunisie - News en Tunisie et \u00e0 l&#039;international sur Webdo.tn\",\"publisher\":{\"@id\":\"https:\\\/\\\/www.webdo.tn\\\/fr\\\/#organization\"},\"potentialAction\":[{\"@type\":\"SearchAction\",\"target\":{\"@type\":\"EntryPoint\",\"urlTemplate\":\"https:\\\/\\\/www.webdo.tn\\\/fr\\\/?s={search_term_string}\"},\"query-input\":{\"@type\":\"PropertyValueSpecification\",\"valueRequired\":true,\"valueName\":\"search_term_string\"}}],\"inLanguage\":\"fr-FR\"},{\"@type\":\"Organization\",\"@id\":\"https:\\\/\\\/www.webdo.tn\\\/fr\\\/#organization\",\"name\":\"Webdo\",\"alternateName\":\"Webdo.tn\",\"url\":\"https:\\\/\\\/www.webdo.tn\\\/fr\\\/\",\"logo\":{\"@type\":\"ImageObject\",\"inLanguage\":\"fr-FR\",\"@id\":\"https:\\\/\\\/www.webdo.tn\\\/fr\\\/#\\\/schema\\\/logo\\\/image\\\/\",\"url\":\"https:\\\/\\\/www.webdo.tn\\\/fr\\\/wp-content\\\/uploads\\\/2025\\\/06\\\/Webdo-Tunisie_168377.jpg\",\"contentUrl\":\"https:\\\/\\\/www.webdo.tn\\\/fr\\\/wp-content\\\/uploads\\\/2025\\\/06\\\/Webdo-Tunisie_168377.jpg\",\"width\":301,\"height\":301,\"caption\":\"Webdo\"},\"image\":{\"@id\":\"https:\\\/\\\/www.webdo.tn\\\/fr\\\/#\\\/schema\\\/logo\\\/image\\\/\"},\"sameAs\":[\"https:\\\/\\\/www.facebook.com\\\/webdotn\",\"https:\\\/\\\/x.com\\\/webdo_tn\"],\"description\":\"Webdo est un m\u00e9dia num\u00e9rique tunisien fond\u00e9 en 2010, sp\u00e9cialis\u00e9 dans l\u2019actualit\u00e9 nationale et internationale, l\u2019\u00e9conomie, la soci\u00e9t\u00e9 et les analyses politiques. Le site s\u2019adresse \u00e0 un large public francophone et couvre l\u2019information tunisienne en temps r\u00e9el.\",\"email\":\"redac@webdo.tn\",\"legalName\":\"YNJ SARL\",\"foundingDate\":\"2010-09-06\",\"numberOfEmployees\":{\"@type\":\"QuantitativeValue\",\"minValue\":\"11\",\"maxValue\":\"50\"}},{\"@type\":\"Person\",\"@id\":\"https:\\\/\\\/www.webdo.tn\\\/fr\\\/#\\\/schema\\\/person\\\/646f7c4406ab78299805d9d39b2636d8\",\"name\":\"NJ\",\"image\":{\"@type\":\"ImageObject\",\"inLanguage\":\"fr-FR\",\"@id\":\"https:\\\/\\\/secure.gravatar.com\\\/avatar\\\/57ee8a7cee8271948beede1dd4413f641d3b749a42dfabf45a3352af812389e1?s=96&d=mm&r=g\",\"url\":\"https:\\\/\\\/secure.gravatar.com\\\/avatar\\\/57ee8a7cee8271948beede1dd4413f641d3b749a42dfabf45a3352af812389e1?s=96&d=mm&r=g\",\"contentUrl\":\"https:\\\/\\\/secure.gravatar.com\\\/avatar\\\/57ee8a7cee8271948beede1dd4413f641d3b749a42dfabf45a3352af812389e1?s=96&d=mm&r=g\",\"caption\":\"NJ\"},\"url\":\"https:\\\/\\\/www.webdo.tn\\\/fr\\\/actualite\\\/author\\\/nj\\\/\"}]}<\/script>\n<!-- \/ Yoast SEO Premium plugin. -->","yoast_head_json":{"title":"L\u00e9gislatives: Promulgation du d\u00e9cret convoquant les \u00e9lecteurs pour le deuxi\u00e8me tour","description":"Le pr\u00e9sident de la R\u00e9publique Kais Saied a promulgu\u00e9, ce lundi 16 janvier 2023, le d\u00e9cret portant convocation des \u00e9lecteurs pour le deuxi\u00e8me tour des L\u00e9gislativ...","canonical":"https:\/\/www.webdo.tn\/fr\/actualite\/national\/legislatives-promulgation-du-decret-convoquant-des-electeurs-pour-le-deuxieme-tour\/201939\/","og_locale":"fr_FR","og_type":"article","og_title":"L\u00e9gislatives: Promulgation du d\u00e9cret convoquant les \u00e9lecteurs pour le deuxi\u00e8me tour","og_description":"Le pr\u00e9sident de la R\u00e9publique Kais Saied a promulgu\u00e9, ce lundi 16 janvier 2023, le d\u00e9cret portant convocation des \u00e9lecteurs pour le deuxi\u00e8me tour des L\u00e9gislativ...","og_url":"https:\/\/www.webdo.tn\/fr\/actualite\/national\/legislatives-promulgation-du-decret-convoquant-des-electeurs-pour-le-deuxieme-tour\/201939\/","og_site_name":"webdo","article_publisher":"https:\/\/www.facebook.com\/webdotn","article_published_time":"2023-01-16T20:02:00+00:00","article_modified_time":"2025-05-20T23:00:42+00:00","og_image":[{"width":750,"height":400,"url":"https:\/\/www.webdo.tn\/fr\/wp-content\/uploads\/2023\/01\/debd256267da903bf39611d181b37899.jpg","type":"image\/jpeg"}],"author":"NJ","twitter_card":"summary_large_image","twitter_creator":"@webdo_tn","twitter_site":"@webdo_tn","twitter_misc":{"\u00c9crit par":"NJ","Dur\u00e9e de lecture estim\u00e9e":"1 minute"},"schema":{"@context":"https:\/\/schema.org","@graph":[{"@type":"NewsArticle","@id":"https:\/\/www.webdo.tn\/fr\/actualite\/national\/legislatives-promulgation-du-decret-convoquant-des-electeurs-pour-le-deuxieme-tour\/201939\/#article","isPartOf":{"@id":"https:\/\/www.webdo.tn\/fr\/actualite\/national\/legislatives-promulgation-du-decret-convoquant-des-electeurs-pour-le-deuxieme-tour\/201939\/"},"author":{"name":"NJ","@id":"https:\/\/www.webdo.tn\/fr\/#\/schema\/person\/646f7c4406ab78299805d9d39b2636d8"},"headline":"L\u00e9gislatives: Promulgation du d\u00e9cret convoquant les \u00e9lecteurs pour le deuxi\u00e8me tour","datePublished":"2023-01-16T20:02:00+00:00","dateModified":"2025-05-20T23:00:42+00:00","mainEntityOfPage":{"@id":"https:\/\/www.webdo.tn\/fr\/actualite\/national\/legislatives-promulgation-du-decret-convoquant-des-electeurs-pour-le-deuxieme-tour\/201939\/"},"wordCount":135,"commentCount":0,"publisher":{"@id":"https:\/\/www.webdo.tn\/fr\/#organization"},"image":{"@id":"https:\/\/www.webdo.tn\/fr\/actualite\/national\/legislatives-promulgation-du-decret-convoquant-des-electeurs-pour-le-deuxieme-tour\/201939\/#primaryimage"},"thumbnailUrl":"https:\/\/www.webdo.tn\/fr\/wp-content\/uploads\/2023\/01\/debd256267da903bf39611d181b37899.jpg","keywords":["D\u00e9cret","\u00e9lections","Kais Saied","L\u00e9gislatives","Tunisie"],"articleSection":["National"],"inLanguage":"fr-FR"},{"@type":"WebPage","@id":"https:\/\/www.webdo.tn\/fr\/actualite\/national\/legislatives-promulgation-du-decret-convoquant-des-electeurs-pour-le-deuxieme-tour\/201939\/","url":"https:\/\/www.webdo.tn\/fr\/actualite\/national\/legislatives-promulgation-du-decret-convoquant-des-electeurs-pour-le-deuxieme-tour\/201939\/","name":"L\u00e9gislatives: Promulgation du d\u00e9cret convoquant les \u00e9lecteurs pour le deuxi\u00e8me tour","isPartOf":{"@id":"https:\/\/www.webdo.tn\/fr\/#website"},"primaryImageOfPage":{"@id":"https:\/\/www.webdo.tn\/fr\/actualite\/national\/legislatives-promulgation-du-decret-convoquant-des-electeurs-pour-le-deuxieme-tour\/201939\/#primaryimage"},"image":{"@id":"https:\/\/www.webdo.tn\/fr\/actualite\/national\/legislatives-promulgation-du-decret-convoquant-des-electeurs-pour-le-deuxieme-tour\/201939\/#primaryimage"},"thumbnailUrl":"https:\/\/www.webdo.tn\/fr\/wp-content\/uploads\/2023\/01\/debd256267da903bf39611d181b37899.jpg","datePublished":"2023-01-16T20:02:00+00:00","dateModified":"2025-05-20T23:00:42+00:00","description":"Le pr\u00e9sident de la R\u00e9publique Kais Saied a promulgu\u00e9, ce lundi 16 janvier 2023, le d\u00e9cret portant convocation des \u00e9lecteurs pour le deuxi\u00e8me tour des L\u00e9gislativ...","breadcrumb":{"@id":"https:\/\/www.webdo.tn\/fr\/actualite\/national\/legislatives-promulgation-du-decret-convoquant-des-electeurs-pour-le-deuxieme-tour\/201939\/#breadcrumb"},"inLanguage":"fr-FR","potentialAction":[{"@type":"ReadAction","target":["https:\/\/www.webdo.tn\/fr\/actualite\/national\/legislatives-promulgation-du-decret-convoquant-des-electeurs-pour-le-deuxieme-tour\/201939\/"]}]},{"@type":"ImageObject","inLanguage":"fr-FR","@id":"https:\/\/www.webdo.tn\/fr\/actualite\/national\/legislatives-promulgation-du-decret-convoquant-des-electeurs-pour-le-deuxieme-tour\/201939\/#primaryimage","url":"https:\/\/www.webdo.tn\/fr\/wp-content\/uploads\/2023\/01\/debd256267da903bf39611d181b37899.jpg","contentUrl":"https:\/\/www.webdo.tn\/fr\/wp-content\/uploads\/2023\/01\/debd256267da903bf39611d181b37899.jpg","width":750,"height":400,"caption":"L\u00e9gislatives: Promulgation du d\u00e9cret convoquant les \u00e9lecteurs pour le deuxi\u00e8me tour"},{"@type":"BreadcrumbList","@id":"https:\/\/www.webdo.tn\/fr\/actualite\/national\/legislatives-promulgation-du-decret-convoquant-des-electeurs-pour-le-deuxieme-tour\/201939\/#breadcrumb","itemListElement":[{"@type":"ListItem","position":1,"name":"Accueil","item":"https:\/\/www.webdo.tn\/fr\/"},{"@type":"ListItem","position":2,"name":"L\u00e9gislatives: Promulgation du d\u00e9cret convoquant les \u00e9lecteurs pour le deuxi\u00e8me tour"}]},{"@type":"WebSite","@id":"https:\/\/www.webdo.tn\/fr\/#website","url":"https:\/\/www.webdo.tn\/fr\/","name":"webdo","description":"Tunisie - News en Tunisie et \u00e0 l&#039;international sur Webdo.tn","publisher":{"@id":"https:\/\/www.webdo.tn\/fr\/#organization"},"potentialAction":[{"@type":"SearchAction","target":{"@type":"EntryPoint","urlTemplate":"https:\/\/www.webdo.tn\/fr\/?s={search_term_string}"},"query-input":{"@type":"PropertyValueSpecification","valueRequired":true,"valueName":"search_term_string"}}],"inLanguage":"fr-FR"},{"@type":"Organization","@id":"https:\/\/www.webdo.tn\/fr\/#organization","name":"Webdo","alternateName":"Webdo.tn","url":"https:\/\/www.webdo.tn\/fr\/","logo":{"@type":"ImageObject","inLanguage":"fr-FR","@id":"https:\/\/www.webdo.tn\/fr\/#\/schema\/logo\/image\/","url":"https:\/\/www.webdo.tn\/fr\/wp-content\/uploads\/2025\/06\/Webdo-Tunisie_168377.jpg","contentUrl":"https:\/\/www.webdo.tn\/fr\/wp-content\/uploads\/2025\/06\/Webdo-Tunisie_168377.jpg","width":301,"height":301,"caption":"Webdo"},"image":{"@id":"https:\/\/www.webdo.tn\/fr\/#\/schema\/logo\/image\/"},"sameAs":["https:\/\/www.facebook.com\/webdotn","https:\/\/x.com\/webdo_tn"],"description":"Webdo est un m\u00e9dia num\u00e9rique tunisien fond\u00e9 en 2010, sp\u00e9cialis\u00e9 dans l\u2019actualit\u00e9 nationale et internationale, l\u2019\u00e9conomie, la soci\u00e9t\u00e9 et les analyses politiques. Le site s\u2019adresse \u00e0 un large public francophone et couvre l\u2019information tunisienne en temps r\u00e9el.","email":"redac@webdo.tn","legalName":"YNJ SARL","foundingDate":"2010-09-06","numberOfEmployees":{"@type":"QuantitativeValue","minValue":"11","maxValue":"50"}},{"@type":"Person","@id":"https:\/\/www.webdo.tn\/fr\/#\/schema\/person\/646f7c4406ab78299805d9d39b2636d8","name":"NJ","image":{"@type":"ImageObject","inLanguage":"fr-FR","@id":"https:\/\/secure.gravatar.com\/avatar\/57ee8a7cee8271948beede1dd4413f641d3b749a42dfabf45a3352af812389e1?s=96&d=mm&r=g","url":"https:\/\/secure.gravatar.com\/avatar\/57ee8a7cee8271948beede1dd4413f641d3b749a42dfabf45a3352af812389e1?s=96&d=mm&r=g","contentUrl":"https:\/\/secure.gravatar.com\/avatar\/57ee8a7cee8271948beede1dd4413f641d3b749a42dfabf45a3352af812389e1?s=96&d=mm&r=g","caption":"NJ"},"url":"https:\/\/www.webdo.tn\/fr\/actualite\/author\/nj\/"}]}},"_links":{"self":[{"href":"https:\/\/www.webdo.tn\/fr\/wp-json\/wp\/v2\/posts\/201939","targetHints":{"allow":["GET"]}}],"collection":[{"href":"https:\/\/www.webdo.tn\/fr\/wp-json\/wp\/v2\/posts"}],"about":[{"href":"https:\/\/www.webdo.tn\/fr\/wp-json\/wp\/v2\/types\/post"}],"author":[{"embeddable":true,"href":"https:\/\/www.webdo.tn\/fr\/wp-json\/wp\/v2\/users\/3195"}],"replies":[{"embeddable":true,"href":"https:\/\/www.webdo.tn\/fr\/wp-json\/wp\/v2\/comments?post=201939"}],"version-history":[{"count":0,"href":"https:\/\/www.webdo.tn\/fr\/wp-json\/wp\/v2\/posts\/201939\/revisions"}],"wp:featuredmedia":[{"embeddable":true,"href":"https:\/\/www.webdo.tn\/fr\/wp-json\/wp\/v2\/media\/277602"}],"wp:attachment":[{"href":"https:\/\/www.webdo.tn\/fr\/wp-json\/wp\/v2\/media?parent=201939"}],"wp:term":[{"taxonomy":"category","embeddable":true,"href":"https:\/\/www.webdo.tn\/fr\/wp-json\/wp\/v2\/categories?post=201939"},{"taxonomy":"post_tag","embeddable":true,"href":"https:\/\/www.webdo.tn\/fr\/wp-json\/wp\/v2\/tags?post=201939"}],"curies":[{"name":"wp","href":"https:\/\/api.w.org\/{rel}","templated":true}]}}