{"id":201937,"date":"2023-01-16T18:57:00","date_gmt":"2023-01-16T18:57:00","guid":{"rendered":"https:\/\/www.webdo.tn\/fr\/blog\/davos-sihem-namsia-et-marouane-abassi-accompagneront-najla-bouden\/201937\/"},"modified":"2025-05-20T23:00:41","modified_gmt":"2025-05-20T23:00:41","slug":"davos-sihem-namsia-et-marouane-abassi-accompagneront-najla-bouden","status":"publish","type":"post","link":"https:\/\/www.webdo.tn\/fr\/actualite\/national\/davos-sihem-namsia-et-marouane-abassi-accompagneront-najla-bouden\/201937\/","title":{"rendered":"Davos : Sihem Namsia et Marouane Abassi accompagneront Najla Bouden"},"content":{"rendered":"<p>Le Chef de l&rsquo;Etat, Kais Saied, s\u2019est r\u00e9uni, ce lundi 16 janvier 2023, au palais de Carthage avec, la Cheffe du gouvernement, Njala Bouden, la ministre des Finances, Sihem Namsia et le gouverneur de la Banque centrale de Tunisie, Marou\u00e8ne Abassi, selon un communiqu\u00e9 publi\u00e9 par la pr\u00e9sidence de la R\u00e9publique.<\/p>\n<p>\t\t\t\t\t\t\t\t\tCette r\u00e9union a \u00e9t\u00e9 consacr\u00e9e \u00e0 l\u2019examen du programme de la d\u00e9l\u00e9gation tunisienne qui participe \u00e0 la r\u00e9union annuelle du Sommet \u00e9conomique de Davos. Ainsi, Marouane Abassi et Sihem Namsia accompagneront Najla Bouden \u00e0 Davos.<\/p>\n<p>Kais Saied a demand\u00e9 \u00e0 la d\u00e9l\u00e9gation de clarifier la situation financi\u00e8re et \u00e9conomique de la Tunisie. Il a ainsi insist\u00e9\u00a0\u00e0 mettre en exergue les conditions sociales et le facteur humain qui a des droits garantis par l\u2019Etat comme le droit \u00e0 l\u2019\u00e9ducation publique, un travail qui pr\u00e9serve la dignit\u00e9, l\u2019h\u00e9bergement, le transport et d\u2019autres droits inscrits dans la Constitution et dans les conventions r\u00e9gionales et internationales.<\/p>\n<p>Selon le communiqu\u00e9, Kais Saied \u00a0a expliqu\u00e9 aussi que les \u00e9quilibres financiers de chaque pays se basent aussi sur la\u00a0justice sociale, comme indiqu\u00e9 dans la Constitution du 25 juillet 2022.<\/p>\n","protected":false},"excerpt":{"rendered":"<p>Le Chef de l&rsquo;Etat, Kais Saied, s\u2019est r\u00e9uni, ce lundi 16 janvier 2023, au palais de Carthage avec, la Cheffe du gouvernement, Njala Bouden, la ministre des Finan&#8230;<\/p>\n","protected":false},"author":3195,"featured_media":277589,"comment_status":"open","ping_status":"closed","sticky":false,"template":"","format":"standard","meta":{"footnotes":""},"categories":[44],"tags":[7161,3154,2614,8888,8290,9276,2608],"class_list":["post-201937","post","type-post","status-publish","format-standard","has-post-thumbnail","hentry","category-national","tag-davos","tag-economie","tag-kais-saied","tag-marouane-abassi","tag-najla-bouden","tag-sihem-namsia","tag-tunisie"],"yoast_head":"<!-- This site is optimized with the Yoast SEO Premium plugin v27.5 (Yoast SEO v27.5) - https:\/\/yoast.com\/product\/yoast-seo-premium-wordpress\/ -->\n<title>Davos : Sihem Namsia et Marouane Abassi accompagneront Najla Bouden<\/title>\n<meta name=\"description\" content=\"Le Chef de l&#039;Etat, Kais Saied, s\u2019est r\u00e9uni, ce lundi 16 janvier 2023, au palais de Carthage avec, la Cheffe du gouvernement, Njala Bouden, la ministre des Finan...\" \/>\n<link rel=\"canonical\" href=\"https:\/\/www.webdo.tn\/fr\/actualite\/national\/davos-sihem-namsia-et-marouane-abassi-accompagneront-najla-bouden\/201937\/\" \/>\n<meta property=\"og:locale\" content=\"fr_FR\" \/>\n<meta property=\"og:type\" content=\"article\" \/>\n<meta property=\"og:title\" content=\"Davos : Sihem Namsia et Marouane Abassi accompagneront Najla Bouden\" \/>\n<meta property=\"og:description\" content=\"Le Chef de l&#039;Etat, Kais Saied, s\u2019est r\u00e9uni, ce lundi 16 janvier 2023, au palais de Carthage avec, la Cheffe du gouvernement, Njala Bouden, la ministre des Finan...\" \/>\n<meta property=\"og:url\" content=\"https:\/\/www.webdo.tn\/fr\/actualite\/national\/davos-sihem-namsia-et-marouane-abassi-accompagneront-najla-bouden\/201937\/\" \/>\n<meta property=\"og:site_name\" content=\"webdo\" \/>\n<meta property=\"article:publisher\" content=\"https:\/\/www.facebook.com\/webdotn\" \/>\n<meta property=\"article:published_time\" content=\"2023-01-16T18:57:00+00:00\" \/>\n<meta property=\"article:modified_time\" content=\"2025-05-20T23:00:41+00:00\" \/>\n<meta property=\"og:image\" content=\"https:\/\/www.webdo.tn\/fr\/wp-content\/uploads\/2023\/01\/04364995b9e2a291d1ff31f05427002e.jpg\" \/>\n\t<meta property=\"og:image:width\" content=\"750\" \/>\n\t<meta property=\"og:image:height\" content=\"400\" \/>\n\t<meta property=\"og:image:type\" content=\"image\/jpeg\" \/>\n<meta name=\"author\" content=\"NJ\" \/>\n<meta name=\"twitter:card\" content=\"summary_large_image\" \/>\n<meta name=\"twitter:creator\" content=\"@webdo_tn\" \/>\n<meta name=\"twitter:site\" content=\"@webdo_tn\" \/>\n<meta name=\"twitter:label1\" content=\"\u00c9crit par\" \/>\n\t<meta name=\"twitter:data1\" content=\"NJ\" \/>\n\t<meta name=\"twitter:label2\" content=\"Dur\u00e9e de lecture estim\u00e9e\" \/>\n\t<meta name=\"twitter:data2\" content=\"1 minute\" \/>\n<script type=\"application\/ld+json\" class=\"yoast-schema-graph\">{\"@context\":\"https:\\\/\\\/schema.org\",\"@graph\":[{\"@type\":\"NewsArticle\",\"@id\":\"https:\\\/\\\/www.webdo.tn\\\/fr\\\/actualite\\\/national\\\/davos-sihem-namsia-et-marouane-abassi-accompagneront-najla-bouden\\\/201937\\\/#article\",\"isPartOf\":{\"@id\":\"https:\\\/\\\/www.webdo.tn\\\/fr\\\/actualite\\\/national\\\/davos-sihem-namsia-et-marouane-abassi-accompagneront-najla-bouden\\\/201937\\\/\"},\"author\":{\"name\":\"NJ\",\"@id\":\"https:\\\/\\\/www.webdo.tn\\\/fr\\\/#\\\/schema\\\/person\\\/646f7c4406ab78299805d9d39b2636d8\"},\"headline\":\"Davos : Sihem Namsia et Marouane Abassi accompagneront Najla Bouden\",\"datePublished\":\"2023-01-16T18:57:00+00:00\",\"dateModified\":\"2025-05-20T23:00:41+00:00\",\"mainEntityOfPage\":{\"@id\":\"https:\\\/\\\/www.webdo.tn\\\/fr\\\/actualite\\\/national\\\/davos-sihem-namsia-et-marouane-abassi-accompagneront-najla-bouden\\\/201937\\\/\"},\"wordCount\":206,\"commentCount\":0,\"publisher\":{\"@id\":\"https:\\\/\\\/www.webdo.tn\\\/fr\\\/#organization\"},\"image\":{\"@id\":\"https:\\\/\\\/www.webdo.tn\\\/fr\\\/actualite\\\/national\\\/davos-sihem-namsia-et-marouane-abassi-accompagneront-najla-bouden\\\/201937\\\/#primaryimage\"},\"thumbnailUrl\":\"https:\\\/\\\/www.webdo.tn\\\/fr\\\/wp-content\\\/uploads\\\/2023\\\/01\\\/04364995b9e2a291d1ff31f05427002e.jpg\",\"keywords\":[\"Davos\",\"\u00e9conomie\",\"Kais Saied\",\"Marouane Abassi\",\"Najla Bouden\",\"sihem namsia\",\"Tunisie\"],\"articleSection\":[\"National\"],\"inLanguage\":\"fr-FR\"},{\"@type\":\"WebPage\",\"@id\":\"https:\\\/\\\/www.webdo.tn\\\/fr\\\/actualite\\\/national\\\/davos-sihem-namsia-et-marouane-abassi-accompagneront-najla-bouden\\\/201937\\\/\",\"url\":\"https:\\\/\\\/www.webdo.tn\\\/fr\\\/actualite\\\/national\\\/davos-sihem-namsia-et-marouane-abassi-accompagneront-najla-bouden\\\/201937\\\/\",\"name\":\"Davos : Sihem Namsia et Marouane Abassi accompagneront Najla Bouden\",\"isPartOf\":{\"@id\":\"https:\\\/\\\/www.webdo.tn\\\/fr\\\/#website\"},\"primaryImageOfPage\":{\"@id\":\"https:\\\/\\\/www.webdo.tn\\\/fr\\\/actualite\\\/national\\\/davos-sihem-namsia-et-marouane-abassi-accompagneront-najla-bouden\\\/201937\\\/#primaryimage\"},\"image\":{\"@id\":\"https:\\\/\\\/www.webdo.tn\\\/fr\\\/actualite\\\/national\\\/davos-sihem-namsia-et-marouane-abassi-accompagneront-najla-bouden\\\/201937\\\/#primaryimage\"},\"thumbnailUrl\":\"https:\\\/\\\/www.webdo.tn\\\/fr\\\/wp-content\\\/uploads\\\/2023\\\/01\\\/04364995b9e2a291d1ff31f05427002e.jpg\",\"datePublished\":\"2023-01-16T18:57:00+00:00\",\"dateModified\":\"2025-05-20T23:00:41+00:00\",\"description\":\"Le Chef de l'Etat, Kais Saied, s\u2019est r\u00e9uni, ce lundi 16 janvier 2023, au palais de Carthage avec, la Cheffe du gouvernement, Njala Bouden, la ministre des Finan...\",\"breadcrumb\":{\"@id\":\"https:\\\/\\\/www.webdo.tn\\\/fr\\\/actualite\\\/national\\\/davos-sihem-namsia-et-marouane-abassi-accompagneront-najla-bouden\\\/201937\\\/#breadcrumb\"},\"inLanguage\":\"fr-FR\",\"potentialAction\":[{\"@type\":\"ReadAction\",\"target\":[\"https:\\\/\\\/www.webdo.tn\\\/fr\\\/actualite\\\/national\\\/davos-sihem-namsia-et-marouane-abassi-accompagneront-najla-bouden\\\/201937\\\/\"]}]},{\"@type\":\"ImageObject\",\"inLanguage\":\"fr-FR\",\"@id\":\"https:\\\/\\\/www.webdo.tn\\\/fr\\\/actualite\\\/national\\\/davos-sihem-namsia-et-marouane-abassi-accompagneront-najla-bouden\\\/201937\\\/#primaryimage\",\"url\":\"https:\\\/\\\/www.webdo.tn\\\/fr\\\/wp-content\\\/uploads\\\/2023\\\/01\\\/04364995b9e2a291d1ff31f05427002e.jpg\",\"contentUrl\":\"https:\\\/\\\/www.webdo.tn\\\/fr\\\/wp-content\\\/uploads\\\/2023\\\/01\\\/04364995b9e2a291d1ff31f05427002e.jpg\",\"width\":750,\"height\":400,\"caption\":\"Davos : Sihem Namsia et Marouane Abassi accompagneront Najla Bouden\"},{\"@type\":\"BreadcrumbList\",\"@id\":\"https:\\\/\\\/www.webdo.tn\\\/fr\\\/actualite\\\/national\\\/davos-sihem-namsia-et-marouane-abassi-accompagneront-najla-bouden\\\/201937\\\/#breadcrumb\",\"itemListElement\":[{\"@type\":\"ListItem\",\"position\":1,\"name\":\"Accueil\",\"item\":\"https:\\\/\\\/www.webdo.tn\\\/fr\\\/\"},{\"@type\":\"ListItem\",\"position\":2,\"name\":\"Davos : Sihem Namsia et Marouane Abassi accompagneront Najla Bouden\"}]},{\"@type\":\"WebSite\",\"@id\":\"https:\\\/\\\/www.webdo.tn\\\/fr\\\/#website\",\"url\":\"https:\\\/\\\/www.webdo.tn\\\/fr\\\/\",\"name\":\"webdo\",\"description\":\"Tunisie - News en Tunisie et \u00e0 l&#039;international sur Webdo.tn\",\"publisher\":{\"@id\":\"https:\\\/\\\/www.webdo.tn\\\/fr\\\/#organization\"},\"potentialAction\":[{\"@type\":\"SearchAction\",\"target\":{\"@type\":\"EntryPoint\",\"urlTemplate\":\"https:\\\/\\\/www.webdo.tn\\\/fr\\\/?s={search_term_string}\"},\"query-input\":{\"@type\":\"PropertyValueSpecification\",\"valueRequired\":true,\"valueName\":\"search_term_string\"}}],\"inLanguage\":\"fr-FR\"},{\"@type\":\"Organization\",\"@id\":\"https:\\\/\\\/www.webdo.tn\\\/fr\\\/#organization\",\"name\":\"Webdo\",\"alternateName\":\"Webdo.tn\",\"url\":\"https:\\\/\\\/www.webdo.tn\\\/fr\\\/\",\"logo\":{\"@type\":\"ImageObject\",\"inLanguage\":\"fr-FR\",\"@id\":\"https:\\\/\\\/www.webdo.tn\\\/fr\\\/#\\\/schema\\\/logo\\\/image\\\/\",\"url\":\"https:\\\/\\\/www.webdo.tn\\\/fr\\\/wp-content\\\/uploads\\\/2025\\\/06\\\/Webdo-Tunisie_168377.jpg\",\"contentUrl\":\"https:\\\/\\\/www.webdo.tn\\\/fr\\\/wp-content\\\/uploads\\\/2025\\\/06\\\/Webdo-Tunisie_168377.jpg\",\"width\":301,\"height\":301,\"caption\":\"Webdo\"},\"image\":{\"@id\":\"https:\\\/\\\/www.webdo.tn\\\/fr\\\/#\\\/schema\\\/logo\\\/image\\\/\"},\"sameAs\":[\"https:\\\/\\\/www.facebook.com\\\/webdotn\",\"https:\\\/\\\/x.com\\\/webdo_tn\"],\"description\":\"Webdo est un m\u00e9dia num\u00e9rique tunisien fond\u00e9 en 2010, sp\u00e9cialis\u00e9 dans l\u2019actualit\u00e9 nationale et internationale, l\u2019\u00e9conomie, la soci\u00e9t\u00e9 et les analyses politiques. Le site s\u2019adresse \u00e0 un large public francophone et couvre l\u2019information tunisienne en temps r\u00e9el.\",\"email\":\"redac@webdo.tn\",\"legalName\":\"YNJ SARL\",\"foundingDate\":\"2010-09-06\",\"numberOfEmployees\":{\"@type\":\"QuantitativeValue\",\"minValue\":\"11\",\"maxValue\":\"50\"}},{\"@type\":\"Person\",\"@id\":\"https:\\\/\\\/www.webdo.tn\\\/fr\\\/#\\\/schema\\\/person\\\/646f7c4406ab78299805d9d39b2636d8\",\"name\":\"NJ\",\"image\":{\"@type\":\"ImageObject\",\"inLanguage\":\"fr-FR\",\"@id\":\"https:\\\/\\\/secure.gravatar.com\\\/avatar\\\/57ee8a7cee8271948beede1dd4413f641d3b749a42dfabf45a3352af812389e1?s=96&d=mm&r=g\",\"url\":\"https:\\\/\\\/secure.gravatar.com\\\/avatar\\\/57ee8a7cee8271948beede1dd4413f641d3b749a42dfabf45a3352af812389e1?s=96&d=mm&r=g\",\"contentUrl\":\"https:\\\/\\\/secure.gravatar.com\\\/avatar\\\/57ee8a7cee8271948beede1dd4413f641d3b749a42dfabf45a3352af812389e1?s=96&d=mm&r=g\",\"caption\":\"NJ\"},\"url\":\"https:\\\/\\\/www.webdo.tn\\\/fr\\\/actualite\\\/author\\\/nj\\\/\"}]}<\/script>\n<!-- \/ Yoast SEO Premium plugin. -->","yoast_head_json":{"title":"Davos : Sihem Namsia et Marouane Abassi accompagneront Najla Bouden","description":"Le Chef de l'Etat, Kais Saied, s\u2019est r\u00e9uni, ce lundi 16 janvier 2023, au palais de Carthage avec, la Cheffe du gouvernement, Njala Bouden, la ministre des Finan...","canonical":"https:\/\/www.webdo.tn\/fr\/actualite\/national\/davos-sihem-namsia-et-marouane-abassi-accompagneront-najla-bouden\/201937\/","og_locale":"fr_FR","og_type":"article","og_title":"Davos : Sihem Namsia et Marouane Abassi accompagneront Najla Bouden","og_description":"Le Chef de l'Etat, Kais Saied, s\u2019est r\u00e9uni, ce lundi 16 janvier 2023, au palais de Carthage avec, la Cheffe du gouvernement, Njala Bouden, la ministre des Finan...","og_url":"https:\/\/www.webdo.tn\/fr\/actualite\/national\/davos-sihem-namsia-et-marouane-abassi-accompagneront-najla-bouden\/201937\/","og_site_name":"webdo","article_publisher":"https:\/\/www.facebook.com\/webdotn","article_published_time":"2023-01-16T18:57:00+00:00","article_modified_time":"2025-05-20T23:00:41+00:00","og_image":[{"width":750,"height":400,"url":"https:\/\/www.webdo.tn\/fr\/wp-content\/uploads\/2023\/01\/04364995b9e2a291d1ff31f05427002e.jpg","type":"image\/jpeg"}],"author":"NJ","twitter_card":"summary_large_image","twitter_creator":"@webdo_tn","twitter_site":"@webdo_tn","twitter_misc":{"\u00c9crit par":"NJ","Dur\u00e9e de lecture estim\u00e9e":"1 minute"},"schema":{"@context":"https:\/\/schema.org","@graph":[{"@type":"NewsArticle","@id":"https:\/\/www.webdo.tn\/fr\/actualite\/national\/davos-sihem-namsia-et-marouane-abassi-accompagneront-najla-bouden\/201937\/#article","isPartOf":{"@id":"https:\/\/www.webdo.tn\/fr\/actualite\/national\/davos-sihem-namsia-et-marouane-abassi-accompagneront-najla-bouden\/201937\/"},"author":{"name":"NJ","@id":"https:\/\/www.webdo.tn\/fr\/#\/schema\/person\/646f7c4406ab78299805d9d39b2636d8"},"headline":"Davos : Sihem Namsia et Marouane Abassi accompagneront Najla Bouden","datePublished":"2023-01-16T18:57:00+00:00","dateModified":"2025-05-20T23:00:41+00:00","mainEntityOfPage":{"@id":"https:\/\/www.webdo.tn\/fr\/actualite\/national\/davos-sihem-namsia-et-marouane-abassi-accompagneront-najla-bouden\/201937\/"},"wordCount":206,"commentCount":0,"publisher":{"@id":"https:\/\/www.webdo.tn\/fr\/#organization"},"image":{"@id":"https:\/\/www.webdo.tn\/fr\/actualite\/national\/davos-sihem-namsia-et-marouane-abassi-accompagneront-najla-bouden\/201937\/#primaryimage"},"thumbnailUrl":"https:\/\/www.webdo.tn\/fr\/wp-content\/uploads\/2023\/01\/04364995b9e2a291d1ff31f05427002e.jpg","keywords":["Davos","\u00e9conomie","Kais Saied","Marouane Abassi","Najla Bouden","sihem namsia","Tunisie"],"articleSection":["National"],"inLanguage":"fr-FR"},{"@type":"WebPage","@id":"https:\/\/www.webdo.tn\/fr\/actualite\/national\/davos-sihem-namsia-et-marouane-abassi-accompagneront-najla-bouden\/201937\/","url":"https:\/\/www.webdo.tn\/fr\/actualite\/national\/davos-sihem-namsia-et-marouane-abassi-accompagneront-najla-bouden\/201937\/","name":"Davos : Sihem Namsia et Marouane Abassi accompagneront Najla Bouden","isPartOf":{"@id":"https:\/\/www.webdo.tn\/fr\/#website"},"primaryImageOfPage":{"@id":"https:\/\/www.webdo.tn\/fr\/actualite\/national\/davos-sihem-namsia-et-marouane-abassi-accompagneront-najla-bouden\/201937\/#primaryimage"},"image":{"@id":"https:\/\/www.webdo.tn\/fr\/actualite\/national\/davos-sihem-namsia-et-marouane-abassi-accompagneront-najla-bouden\/201937\/#primaryimage"},"thumbnailUrl":"https:\/\/www.webdo.tn\/fr\/wp-content\/uploads\/2023\/01\/04364995b9e2a291d1ff31f05427002e.jpg","datePublished":"2023-01-16T18:57:00+00:00","dateModified":"2025-05-20T23:00:41+00:00","description":"Le Chef de l'Etat, Kais Saied, s\u2019est r\u00e9uni, ce lundi 16 janvier 2023, au palais de Carthage avec, la Cheffe du gouvernement, Njala Bouden, la ministre des Finan...","breadcrumb":{"@id":"https:\/\/www.webdo.tn\/fr\/actualite\/national\/davos-sihem-namsia-et-marouane-abassi-accompagneront-najla-bouden\/201937\/#breadcrumb"},"inLanguage":"fr-FR","potentialAction":[{"@type":"ReadAction","target":["https:\/\/www.webdo.tn\/fr\/actualite\/national\/davos-sihem-namsia-et-marouane-abassi-accompagneront-najla-bouden\/201937\/"]}]},{"@type":"ImageObject","inLanguage":"fr-FR","@id":"https:\/\/www.webdo.tn\/fr\/actualite\/national\/davos-sihem-namsia-et-marouane-abassi-accompagneront-najla-bouden\/201937\/#primaryimage","url":"https:\/\/www.webdo.tn\/fr\/wp-content\/uploads\/2023\/01\/04364995b9e2a291d1ff31f05427002e.jpg","contentUrl":"https:\/\/www.webdo.tn\/fr\/wp-content\/uploads\/2023\/01\/04364995b9e2a291d1ff31f05427002e.jpg","width":750,"height":400,"caption":"Davos : Sihem Namsia et Marouane Abassi accompagneront Najla Bouden"},{"@type":"BreadcrumbList","@id":"https:\/\/www.webdo.tn\/fr\/actualite\/national\/davos-sihem-namsia-et-marouane-abassi-accompagneront-najla-bouden\/201937\/#breadcrumb","itemListElement":[{"@type":"ListItem","position":1,"name":"Accueil","item":"https:\/\/www.webdo.tn\/fr\/"},{"@type":"ListItem","position":2,"name":"Davos : Sihem Namsia et Marouane Abassi accompagneront Najla Bouden"}]},{"@type":"WebSite","@id":"https:\/\/www.webdo.tn\/fr\/#website","url":"https:\/\/www.webdo.tn\/fr\/","name":"webdo","description":"Tunisie - News en Tunisie et \u00e0 l&#039;international sur Webdo.tn","publisher":{"@id":"https:\/\/www.webdo.tn\/fr\/#organization"},"potentialAction":[{"@type":"SearchAction","target":{"@type":"EntryPoint","urlTemplate":"https:\/\/www.webdo.tn\/fr\/?s={search_term_string}"},"query-input":{"@type":"PropertyValueSpecification","valueRequired":true,"valueName":"search_term_string"}}],"inLanguage":"fr-FR"},{"@type":"Organization","@id":"https:\/\/www.webdo.tn\/fr\/#organization","name":"Webdo","alternateName":"Webdo.tn","url":"https:\/\/www.webdo.tn\/fr\/","logo":{"@type":"ImageObject","inLanguage":"fr-FR","@id":"https:\/\/www.webdo.tn\/fr\/#\/schema\/logo\/image\/","url":"https:\/\/www.webdo.tn\/fr\/wp-content\/uploads\/2025\/06\/Webdo-Tunisie_168377.jpg","contentUrl":"https:\/\/www.webdo.tn\/fr\/wp-content\/uploads\/2025\/06\/Webdo-Tunisie_168377.jpg","width":301,"height":301,"caption":"Webdo"},"image":{"@id":"https:\/\/www.webdo.tn\/fr\/#\/schema\/logo\/image\/"},"sameAs":["https:\/\/www.facebook.com\/webdotn","https:\/\/x.com\/webdo_tn"],"description":"Webdo est un m\u00e9dia num\u00e9rique tunisien fond\u00e9 en 2010, sp\u00e9cialis\u00e9 dans l\u2019actualit\u00e9 nationale et internationale, l\u2019\u00e9conomie, la soci\u00e9t\u00e9 et les analyses politiques. Le site s\u2019adresse \u00e0 un large public francophone et couvre l\u2019information tunisienne en temps r\u00e9el.","email":"redac@webdo.tn","legalName":"YNJ SARL","foundingDate":"2010-09-06","numberOfEmployees":{"@type":"QuantitativeValue","minValue":"11","maxValue":"50"}},{"@type":"Person","@id":"https:\/\/www.webdo.tn\/fr\/#\/schema\/person\/646f7c4406ab78299805d9d39b2636d8","name":"NJ","image":{"@type":"ImageObject","inLanguage":"fr-FR","@id":"https:\/\/secure.gravatar.com\/avatar\/57ee8a7cee8271948beede1dd4413f641d3b749a42dfabf45a3352af812389e1?s=96&d=mm&r=g","url":"https:\/\/secure.gravatar.com\/avatar\/57ee8a7cee8271948beede1dd4413f641d3b749a42dfabf45a3352af812389e1?s=96&d=mm&r=g","contentUrl":"https:\/\/secure.gravatar.com\/avatar\/57ee8a7cee8271948beede1dd4413f641d3b749a42dfabf45a3352af812389e1?s=96&d=mm&r=g","caption":"NJ"},"url":"https:\/\/www.webdo.tn\/fr\/actualite\/author\/nj\/"}]}},"_links":{"self":[{"href":"https:\/\/www.webdo.tn\/fr\/wp-json\/wp\/v2\/posts\/201937","targetHints":{"allow":["GET"]}}],"collection":[{"href":"https:\/\/www.webdo.tn\/fr\/wp-json\/wp\/v2\/posts"}],"about":[{"href":"https:\/\/www.webdo.tn\/fr\/wp-json\/wp\/v2\/types\/post"}],"author":[{"embeddable":true,"href":"https:\/\/www.webdo.tn\/fr\/wp-json\/wp\/v2\/users\/3195"}],"replies":[{"embeddable":true,"href":"https:\/\/www.webdo.tn\/fr\/wp-json\/wp\/v2\/comments?post=201937"}],"version-history":[{"count":0,"href":"https:\/\/www.webdo.tn\/fr\/wp-json\/wp\/v2\/posts\/201937\/revisions"}],"wp:featuredmedia":[{"embeddable":true,"href":"https:\/\/www.webdo.tn\/fr\/wp-json\/wp\/v2\/media\/277589"}],"wp:attachment":[{"href":"https:\/\/www.webdo.tn\/fr\/wp-json\/wp\/v2\/media?parent=201937"}],"wp:term":[{"taxonomy":"category","embeddable":true,"href":"https:\/\/www.webdo.tn\/fr\/wp-json\/wp\/v2\/categories?post=201937"},{"taxonomy":"post_tag","embeddable":true,"href":"https:\/\/www.webdo.tn\/fr\/wp-json\/wp\/v2\/tags?post=201937"}],"curies":[{"name":"wp","href":"https:\/\/api.w.org\/{rel}","templated":true}]}}