{"id":201922,"date":"2023-01-16T12:41:00","date_gmt":"2023-01-16T12:41:00","guid":{"rendered":"https:\/\/www.webdo.tn\/fr\/blog\/forum-de-davos-bouden-sera-t-elle-boudee\/201922\/"},"modified":"2025-05-20T22:58:59","modified_gmt":"2025-05-20T22:58:59","slug":"forum-de-davos-bouden-sera-t-elle-boudee","status":"publish","type":"post","link":"https:\/\/www.webdo.tn\/fr\/actualite\/national\/forum-de-davos-bouden-sera-t-elle-boudee\/201922\/","title":{"rendered":"Forum de Davos : Bouden sera-t-elle boud\u00e9e ?"},"content":{"rendered":"<p>Avec quels arguments, la Cheffe de gouvernement, Nejla bouden, va-t-elle d\u00e9fendre la cause tunisienne quant \u00e0 sa qu\u00eate de financements ext\u00e9rieurs quand elle rencontrera, en marge des travaux de Davos, des chefs d\u2019institutions et de structures financi\u00e8res internationales et de groupes \u00e9conomiques internationaux ?<\/p>\n<p>\t\t\t\t\t\t\t\t\tC\u2019est un euph\u00e9misme de dire que Bouden part \u00e0 Davos les mains vides. C\u2019est, en effet, avec des mains nues qu\u2019elle ira d\u00e9fendre la cause tunisienne aupr\u00e8s des financiers du monde.<\/p>\n<p>Et ce n\u2019est pas l\u00e0 un scepticisme de mauvais aloi que nous exprimons, cela tient, plut\u00f4t, des arguments et des promesses que la partie tunisienne donnera aux bailleurs de fonds.<\/p>\n<p>Primo, la non-conclusion d\u2019un accord avec le FMI est un obstacle majeur auquel la Cheffe de gouvernement devra trouver les mots justes pour surmonter.<\/p>\n<p>Comment, en effet, convaincre des chefs d\u2019Etat et de gouvernement de soutenir financi\u00e8rement la Tunisie si le Fonds rechigne \u00e0 le faire pour des raisons techniques en rapport avec les r\u00e9formes \u00e9conomiques ?<\/p>\n<p>Secundo, la note souveraine de la Tunisie \u00e9tant ce qu\u2019elle est, quelles garanties offrira la Cheffe de gouvernement aux institutions et aux structures financi\u00e8res internationales afin de les persuader de nous venir en aide ?<\/p>\n<p>Tertio, l\u2019absence de consensus quant aux programmes de r\u00e9formes\u00a0 adopt\u00e9es par le gouvernement (refus total d\u2019adh\u00e9sion de la part de l\u2019UGTT) fragilise la position de Bouden et rend pratiquement illusoire toute qu\u00eate de financements ext\u00e9rieurs.<\/p>\n<p>Les bailleurs de fonds, qu\u2019ils soient institutionnels ou non, tout autant que les investisseurs, ne donnent de l\u2019argent que s\u2019ils sont convaincus du projet et de la solidit\u00e9 du dossier de la partie emprunteuse.<\/p>\n<p>Quatri\u00e8mement, Bouden part-elle avec une id\u00e9e pr\u00e9cise sur le montant du financement \u00e0 solliciter, ou est-ce qu\u2019elle ira t\u00e2ter le terrain ?<\/p>\n<p>Des questions et bien d\u2019autres qui n\u2019augurent rien de bon, en tout cas elles ne plaident pas \u00e0 la r\u00e9ussite de la mission pour laquelle Bouden est partie.<\/p>\n","protected":false},"excerpt":{"rendered":"<p>Avec quels arguments, la Cheffe de gouvernement, Nejla bouden, va-t-elle d\u00e9fendre la cause tunisienne quant \u00e0 sa qu\u00eate de financements ext\u00e9rieurs quand elle ren&#8230;<\/p>\n","protected":false},"author":3188,"featured_media":252524,"comment_status":"open","ping_status":"closed","sticky":false,"template":"","format":"standard","meta":{"footnotes":""},"categories":[44],"tags":[4233,8866,8865],"class_list":["post-201922","post","type-post","status-publish","format-standard","has-post-thumbnail","hentry","category-national","tag-fmi","tag-forum-de-davos","tag-nejla-bouden"],"yoast_head":"<!-- This site is optimized with the Yoast SEO Premium plugin v27.5 (Yoast SEO v27.5) - https:\/\/yoast.com\/product\/yoast-seo-premium-wordpress\/ -->\n<title>Forum de Davos : Bouden sera-t-elle boud\u00e9e ?<\/title>\n<meta name=\"description\" content=\"Avec quels arguments, la Cheffe de gouvernement, Nejla bouden, va-t-elle d\u00e9fendre la cause tunisienne quant \u00e0 sa qu\u00eate de financements ext\u00e9rieurs quand elle ren...\" \/>\n<link rel=\"canonical\" href=\"https:\/\/www.webdo.tn\/fr\/actualite\/national\/forum-de-davos-bouden-sera-t-elle-boudee\/201922\/\" \/>\n<meta property=\"og:locale\" content=\"fr_FR\" \/>\n<meta property=\"og:type\" content=\"article\" \/>\n<meta property=\"og:title\" content=\"Forum de Davos : Bouden sera-t-elle boud\u00e9e ?\" \/>\n<meta property=\"og:description\" content=\"Avec quels arguments, la Cheffe de gouvernement, Nejla bouden, va-t-elle d\u00e9fendre la cause tunisienne quant \u00e0 sa qu\u00eate de financements ext\u00e9rieurs quand elle ren...\" \/>\n<meta property=\"og:url\" content=\"https:\/\/www.webdo.tn\/fr\/actualite\/national\/forum-de-davos-bouden-sera-t-elle-boudee\/201922\/\" \/>\n<meta property=\"og:site_name\" content=\"webdo\" \/>\n<meta property=\"article:publisher\" content=\"https:\/\/www.facebook.com\/webdotn\" \/>\n<meta property=\"article:published_time\" content=\"2023-01-16T12:41:00+00:00\" \/>\n<meta property=\"article:modified_time\" content=\"2025-05-20T22:58:59+00:00\" \/>\n<meta property=\"og:image\" content=\"https:\/\/www.webdo.tn\/fr\/wp-content\/uploads\/2023\/01\/0e113aa2ed849bd7f951792f2d1513da.jpg\" \/>\n\t<meta property=\"og:image:width\" content=\"750\" \/>\n\t<meta property=\"og:image:height\" content=\"400\" \/>\n\t<meta property=\"og:image:type\" content=\"image\/jpeg\" \/>\n<meta name=\"author\" content=\"Ramzi\" \/>\n<meta name=\"twitter:card\" content=\"summary_large_image\" \/>\n<meta name=\"twitter:creator\" content=\"@webdo_tn\" \/>\n<meta name=\"twitter:site\" content=\"@webdo_tn\" \/>\n<meta name=\"twitter:label1\" content=\"\u00c9crit par\" \/>\n\t<meta name=\"twitter:data1\" content=\"Ramzi\" \/>\n\t<meta name=\"twitter:label2\" content=\"Dur\u00e9e de lecture estim\u00e9e\" \/>\n\t<meta name=\"twitter:data2\" content=\"2 minutes\" \/>\n<script type=\"application\/ld+json\" class=\"yoast-schema-graph\">{\"@context\":\"https:\\\/\\\/schema.org\",\"@graph\":[{\"@type\":\"NewsArticle\",\"@id\":\"https:\\\/\\\/www.webdo.tn\\\/fr\\\/actualite\\\/national\\\/forum-de-davos-bouden-sera-t-elle-boudee\\\/201922\\\/#article\",\"isPartOf\":{\"@id\":\"https:\\\/\\\/www.webdo.tn\\\/fr\\\/actualite\\\/national\\\/forum-de-davos-bouden-sera-t-elle-boudee\\\/201922\\\/\"},\"author\":{\"name\":\"Ramzi\",\"@id\":\"https:\\\/\\\/www.webdo.tn\\\/fr\\\/#\\\/schema\\\/person\\\/590cb5f81adcfde6385530fdbdf468e2\"},\"headline\":\"Forum de Davos : Bouden sera-t-elle boud\u00e9e ?\",\"datePublished\":\"2023-01-16T12:41:00+00:00\",\"dateModified\":\"2025-05-20T22:58:59+00:00\",\"mainEntityOfPage\":{\"@id\":\"https:\\\/\\\/www.webdo.tn\\\/fr\\\/actualite\\\/national\\\/forum-de-davos-bouden-sera-t-elle-boudee\\\/201922\\\/\"},\"wordCount\":352,\"commentCount\":0,\"publisher\":{\"@id\":\"https:\\\/\\\/www.webdo.tn\\\/fr\\\/#organization\"},\"image\":{\"@id\":\"https:\\\/\\\/www.webdo.tn\\\/fr\\\/actualite\\\/national\\\/forum-de-davos-bouden-sera-t-elle-boudee\\\/201922\\\/#primaryimage\"},\"thumbnailUrl\":\"https:\\\/\\\/www.webdo.tn\\\/fr\\\/wp-content\\\/uploads\\\/2023\\\/01\\\/0e113aa2ed849bd7f951792f2d1513da.jpg\",\"keywords\":[\"FMI\",\"forum de davos\",\"nejla bouden\"],\"articleSection\":[\"National\"],\"inLanguage\":\"fr-FR\"},{\"@type\":\"WebPage\",\"@id\":\"https:\\\/\\\/www.webdo.tn\\\/fr\\\/actualite\\\/national\\\/forum-de-davos-bouden-sera-t-elle-boudee\\\/201922\\\/\",\"url\":\"https:\\\/\\\/www.webdo.tn\\\/fr\\\/actualite\\\/national\\\/forum-de-davos-bouden-sera-t-elle-boudee\\\/201922\\\/\",\"name\":\"Forum de Davos : Bouden sera-t-elle boud\u00e9e ?\",\"isPartOf\":{\"@id\":\"https:\\\/\\\/www.webdo.tn\\\/fr\\\/#website\"},\"primaryImageOfPage\":{\"@id\":\"https:\\\/\\\/www.webdo.tn\\\/fr\\\/actualite\\\/national\\\/forum-de-davos-bouden-sera-t-elle-boudee\\\/201922\\\/#primaryimage\"},\"image\":{\"@id\":\"https:\\\/\\\/www.webdo.tn\\\/fr\\\/actualite\\\/national\\\/forum-de-davos-bouden-sera-t-elle-boudee\\\/201922\\\/#primaryimage\"},\"thumbnailUrl\":\"https:\\\/\\\/www.webdo.tn\\\/fr\\\/wp-content\\\/uploads\\\/2023\\\/01\\\/0e113aa2ed849bd7f951792f2d1513da.jpg\",\"datePublished\":\"2023-01-16T12:41:00+00:00\",\"dateModified\":\"2025-05-20T22:58:59+00:00\",\"description\":\"Avec quels arguments, la Cheffe de gouvernement, Nejla bouden, va-t-elle d\u00e9fendre la cause tunisienne quant \u00e0 sa qu\u00eate de financements ext\u00e9rieurs quand elle ren...\",\"breadcrumb\":{\"@id\":\"https:\\\/\\\/www.webdo.tn\\\/fr\\\/actualite\\\/national\\\/forum-de-davos-bouden-sera-t-elle-boudee\\\/201922\\\/#breadcrumb\"},\"inLanguage\":\"fr-FR\",\"potentialAction\":[{\"@type\":\"ReadAction\",\"target\":[\"https:\\\/\\\/www.webdo.tn\\\/fr\\\/actualite\\\/national\\\/forum-de-davos-bouden-sera-t-elle-boudee\\\/201922\\\/\"]}]},{\"@type\":\"ImageObject\",\"inLanguage\":\"fr-FR\",\"@id\":\"https:\\\/\\\/www.webdo.tn\\\/fr\\\/actualite\\\/national\\\/forum-de-davos-bouden-sera-t-elle-boudee\\\/201922\\\/#primaryimage\",\"url\":\"https:\\\/\\\/www.webdo.tn\\\/fr\\\/wp-content\\\/uploads\\\/2023\\\/01\\\/0e113aa2ed849bd7f951792f2d1513da.jpg\",\"contentUrl\":\"https:\\\/\\\/www.webdo.tn\\\/fr\\\/wp-content\\\/uploads\\\/2023\\\/01\\\/0e113aa2ed849bd7f951792f2d1513da.jpg\",\"width\":750,\"height\":400,\"caption\":\"Photo d'illustration\"},{\"@type\":\"BreadcrumbList\",\"@id\":\"https:\\\/\\\/www.webdo.tn\\\/fr\\\/actualite\\\/national\\\/forum-de-davos-bouden-sera-t-elle-boudee\\\/201922\\\/#breadcrumb\",\"itemListElement\":[{\"@type\":\"ListItem\",\"position\":1,\"name\":\"Accueil\",\"item\":\"https:\\\/\\\/www.webdo.tn\\\/fr\\\/\"},{\"@type\":\"ListItem\",\"position\":2,\"name\":\"Forum de Davos : Bouden sera-t-elle boud\u00e9e ?\"}]},{\"@type\":\"WebSite\",\"@id\":\"https:\\\/\\\/www.webdo.tn\\\/fr\\\/#website\",\"url\":\"https:\\\/\\\/www.webdo.tn\\\/fr\\\/\",\"name\":\"webdo\",\"description\":\"Tunisie - News en Tunisie et \u00e0 l&#039;international sur Webdo.tn\",\"publisher\":{\"@id\":\"https:\\\/\\\/www.webdo.tn\\\/fr\\\/#organization\"},\"potentialAction\":[{\"@type\":\"SearchAction\",\"target\":{\"@type\":\"EntryPoint\",\"urlTemplate\":\"https:\\\/\\\/www.webdo.tn\\\/fr\\\/?s={search_term_string}\"},\"query-input\":{\"@type\":\"PropertyValueSpecification\",\"valueRequired\":true,\"valueName\":\"search_term_string\"}}],\"inLanguage\":\"fr-FR\"},{\"@type\":\"Organization\",\"@id\":\"https:\\\/\\\/www.webdo.tn\\\/fr\\\/#organization\",\"name\":\"Webdo\",\"alternateName\":\"Webdo.tn\",\"url\":\"https:\\\/\\\/www.webdo.tn\\\/fr\\\/\",\"logo\":{\"@type\":\"ImageObject\",\"inLanguage\":\"fr-FR\",\"@id\":\"https:\\\/\\\/www.webdo.tn\\\/fr\\\/#\\\/schema\\\/logo\\\/image\\\/\",\"url\":\"https:\\\/\\\/www.webdo.tn\\\/fr\\\/wp-content\\\/uploads\\\/2025\\\/06\\\/Webdo-Tunisie_168377.jpg\",\"contentUrl\":\"https:\\\/\\\/www.webdo.tn\\\/fr\\\/wp-content\\\/uploads\\\/2025\\\/06\\\/Webdo-Tunisie_168377.jpg\",\"width\":301,\"height\":301,\"caption\":\"Webdo\"},\"image\":{\"@id\":\"https:\\\/\\\/www.webdo.tn\\\/fr\\\/#\\\/schema\\\/logo\\\/image\\\/\"},\"sameAs\":[\"https:\\\/\\\/www.facebook.com\\\/webdotn\",\"https:\\\/\\\/x.com\\\/webdo_tn\"],\"description\":\"Webdo est un m\u00e9dia num\u00e9rique tunisien fond\u00e9 en 2010, sp\u00e9cialis\u00e9 dans l\u2019actualit\u00e9 nationale et internationale, l\u2019\u00e9conomie, la soci\u00e9t\u00e9 et les analyses politiques. Le site s\u2019adresse \u00e0 un large public francophone et couvre l\u2019information tunisienne en temps r\u00e9el.\",\"email\":\"redac@webdo.tn\",\"legalName\":\"YNJ SARL\",\"foundingDate\":\"2010-09-06\",\"numberOfEmployees\":{\"@type\":\"QuantitativeValue\",\"minValue\":\"11\",\"maxValue\":\"50\"}},{\"@type\":\"Person\",\"@id\":\"https:\\\/\\\/www.webdo.tn\\\/fr\\\/#\\\/schema\\\/person\\\/590cb5f81adcfde6385530fdbdf468e2\",\"name\":\"Ramzi\",\"image\":{\"@type\":\"ImageObject\",\"inLanguage\":\"fr-FR\",\"@id\":\"https:\\\/\\\/secure.gravatar.com\\\/avatar\\\/48df7d18915e10cf866ba8e27604c81ff9243fd52704a1d210c3e387e1cb8d87?s=96&d=mm&r=g\",\"url\":\"https:\\\/\\\/secure.gravatar.com\\\/avatar\\\/48df7d18915e10cf866ba8e27604c81ff9243fd52704a1d210c3e387e1cb8d87?s=96&d=mm&r=g\",\"contentUrl\":\"https:\\\/\\\/secure.gravatar.com\\\/avatar\\\/48df7d18915e10cf866ba8e27604c81ff9243fd52704a1d210c3e387e1cb8d87?s=96&d=mm&r=g\",\"caption\":\"Ramzi\"},\"url\":\"https:\\\/\\\/www.webdo.tn\\\/fr\\\/actualite\\\/author\\\/ramzi\\\/\"}]}<\/script>\n<!-- \/ Yoast SEO Premium plugin. -->","yoast_head_json":{"title":"Forum de Davos : Bouden sera-t-elle boud\u00e9e ?","description":"Avec quels arguments, la Cheffe de gouvernement, Nejla bouden, va-t-elle d\u00e9fendre la cause tunisienne quant \u00e0 sa qu\u00eate de financements ext\u00e9rieurs quand elle ren...","canonical":"https:\/\/www.webdo.tn\/fr\/actualite\/national\/forum-de-davos-bouden-sera-t-elle-boudee\/201922\/","og_locale":"fr_FR","og_type":"article","og_title":"Forum de Davos : Bouden sera-t-elle boud\u00e9e ?","og_description":"Avec quels arguments, la Cheffe de gouvernement, Nejla bouden, va-t-elle d\u00e9fendre la cause tunisienne quant \u00e0 sa qu\u00eate de financements ext\u00e9rieurs quand elle ren...","og_url":"https:\/\/www.webdo.tn\/fr\/actualite\/national\/forum-de-davos-bouden-sera-t-elle-boudee\/201922\/","og_site_name":"webdo","article_publisher":"https:\/\/www.facebook.com\/webdotn","article_published_time":"2023-01-16T12:41:00+00:00","article_modified_time":"2025-05-20T22:58:59+00:00","og_image":[{"width":750,"height":400,"url":"https:\/\/www.webdo.tn\/fr\/wp-content\/uploads\/2023\/01\/0e113aa2ed849bd7f951792f2d1513da.jpg","type":"image\/jpeg"}],"author":"Ramzi","twitter_card":"summary_large_image","twitter_creator":"@webdo_tn","twitter_site":"@webdo_tn","twitter_misc":{"\u00c9crit par":"Ramzi","Dur\u00e9e de lecture estim\u00e9e":"2 minutes"},"schema":{"@context":"https:\/\/schema.org","@graph":[{"@type":"NewsArticle","@id":"https:\/\/www.webdo.tn\/fr\/actualite\/national\/forum-de-davos-bouden-sera-t-elle-boudee\/201922\/#article","isPartOf":{"@id":"https:\/\/www.webdo.tn\/fr\/actualite\/national\/forum-de-davos-bouden-sera-t-elle-boudee\/201922\/"},"author":{"name":"Ramzi","@id":"https:\/\/www.webdo.tn\/fr\/#\/schema\/person\/590cb5f81adcfde6385530fdbdf468e2"},"headline":"Forum de Davos : Bouden sera-t-elle boud\u00e9e ?","datePublished":"2023-01-16T12:41:00+00:00","dateModified":"2025-05-20T22:58:59+00:00","mainEntityOfPage":{"@id":"https:\/\/www.webdo.tn\/fr\/actualite\/national\/forum-de-davos-bouden-sera-t-elle-boudee\/201922\/"},"wordCount":352,"commentCount":0,"publisher":{"@id":"https:\/\/www.webdo.tn\/fr\/#organization"},"image":{"@id":"https:\/\/www.webdo.tn\/fr\/actualite\/national\/forum-de-davos-bouden-sera-t-elle-boudee\/201922\/#primaryimage"},"thumbnailUrl":"https:\/\/www.webdo.tn\/fr\/wp-content\/uploads\/2023\/01\/0e113aa2ed849bd7f951792f2d1513da.jpg","keywords":["FMI","forum de davos","nejla bouden"],"articleSection":["National"],"inLanguage":"fr-FR"},{"@type":"WebPage","@id":"https:\/\/www.webdo.tn\/fr\/actualite\/national\/forum-de-davos-bouden-sera-t-elle-boudee\/201922\/","url":"https:\/\/www.webdo.tn\/fr\/actualite\/national\/forum-de-davos-bouden-sera-t-elle-boudee\/201922\/","name":"Forum de Davos : Bouden sera-t-elle boud\u00e9e ?","isPartOf":{"@id":"https:\/\/www.webdo.tn\/fr\/#website"},"primaryImageOfPage":{"@id":"https:\/\/www.webdo.tn\/fr\/actualite\/national\/forum-de-davos-bouden-sera-t-elle-boudee\/201922\/#primaryimage"},"image":{"@id":"https:\/\/www.webdo.tn\/fr\/actualite\/national\/forum-de-davos-bouden-sera-t-elle-boudee\/201922\/#primaryimage"},"thumbnailUrl":"https:\/\/www.webdo.tn\/fr\/wp-content\/uploads\/2023\/01\/0e113aa2ed849bd7f951792f2d1513da.jpg","datePublished":"2023-01-16T12:41:00+00:00","dateModified":"2025-05-20T22:58:59+00:00","description":"Avec quels arguments, la Cheffe de gouvernement, Nejla bouden, va-t-elle d\u00e9fendre la cause tunisienne quant \u00e0 sa qu\u00eate de financements ext\u00e9rieurs quand elle ren...","breadcrumb":{"@id":"https:\/\/www.webdo.tn\/fr\/actualite\/national\/forum-de-davos-bouden-sera-t-elle-boudee\/201922\/#breadcrumb"},"inLanguage":"fr-FR","potentialAction":[{"@type":"ReadAction","target":["https:\/\/www.webdo.tn\/fr\/actualite\/national\/forum-de-davos-bouden-sera-t-elle-boudee\/201922\/"]}]},{"@type":"ImageObject","inLanguage":"fr-FR","@id":"https:\/\/www.webdo.tn\/fr\/actualite\/national\/forum-de-davos-bouden-sera-t-elle-boudee\/201922\/#primaryimage","url":"https:\/\/www.webdo.tn\/fr\/wp-content\/uploads\/2023\/01\/0e113aa2ed849bd7f951792f2d1513da.jpg","contentUrl":"https:\/\/www.webdo.tn\/fr\/wp-content\/uploads\/2023\/01\/0e113aa2ed849bd7f951792f2d1513da.jpg","width":750,"height":400,"caption":"Photo d'illustration"},{"@type":"BreadcrumbList","@id":"https:\/\/www.webdo.tn\/fr\/actualite\/national\/forum-de-davos-bouden-sera-t-elle-boudee\/201922\/#breadcrumb","itemListElement":[{"@type":"ListItem","position":1,"name":"Accueil","item":"https:\/\/www.webdo.tn\/fr\/"},{"@type":"ListItem","position":2,"name":"Forum de Davos : Bouden sera-t-elle boud\u00e9e ?"}]},{"@type":"WebSite","@id":"https:\/\/www.webdo.tn\/fr\/#website","url":"https:\/\/www.webdo.tn\/fr\/","name":"webdo","description":"Tunisie - News en Tunisie et \u00e0 l&#039;international sur Webdo.tn","publisher":{"@id":"https:\/\/www.webdo.tn\/fr\/#organization"},"potentialAction":[{"@type":"SearchAction","target":{"@type":"EntryPoint","urlTemplate":"https:\/\/www.webdo.tn\/fr\/?s={search_term_string}"},"query-input":{"@type":"PropertyValueSpecification","valueRequired":true,"valueName":"search_term_string"}}],"inLanguage":"fr-FR"},{"@type":"Organization","@id":"https:\/\/www.webdo.tn\/fr\/#organization","name":"Webdo","alternateName":"Webdo.tn","url":"https:\/\/www.webdo.tn\/fr\/","logo":{"@type":"ImageObject","inLanguage":"fr-FR","@id":"https:\/\/www.webdo.tn\/fr\/#\/schema\/logo\/image\/","url":"https:\/\/www.webdo.tn\/fr\/wp-content\/uploads\/2025\/06\/Webdo-Tunisie_168377.jpg","contentUrl":"https:\/\/www.webdo.tn\/fr\/wp-content\/uploads\/2025\/06\/Webdo-Tunisie_168377.jpg","width":301,"height":301,"caption":"Webdo"},"image":{"@id":"https:\/\/www.webdo.tn\/fr\/#\/schema\/logo\/image\/"},"sameAs":["https:\/\/www.facebook.com\/webdotn","https:\/\/x.com\/webdo_tn"],"description":"Webdo est un m\u00e9dia num\u00e9rique tunisien fond\u00e9 en 2010, sp\u00e9cialis\u00e9 dans l\u2019actualit\u00e9 nationale et internationale, l\u2019\u00e9conomie, la soci\u00e9t\u00e9 et les analyses politiques. Le site s\u2019adresse \u00e0 un large public francophone et couvre l\u2019information tunisienne en temps r\u00e9el.","email":"redac@webdo.tn","legalName":"YNJ SARL","foundingDate":"2010-09-06","numberOfEmployees":{"@type":"QuantitativeValue","minValue":"11","maxValue":"50"}},{"@type":"Person","@id":"https:\/\/www.webdo.tn\/fr\/#\/schema\/person\/590cb5f81adcfde6385530fdbdf468e2","name":"Ramzi","image":{"@type":"ImageObject","inLanguage":"fr-FR","@id":"https:\/\/secure.gravatar.com\/avatar\/48df7d18915e10cf866ba8e27604c81ff9243fd52704a1d210c3e387e1cb8d87?s=96&d=mm&r=g","url":"https:\/\/secure.gravatar.com\/avatar\/48df7d18915e10cf866ba8e27604c81ff9243fd52704a1d210c3e387e1cb8d87?s=96&d=mm&r=g","contentUrl":"https:\/\/secure.gravatar.com\/avatar\/48df7d18915e10cf866ba8e27604c81ff9243fd52704a1d210c3e387e1cb8d87?s=96&d=mm&r=g","caption":"Ramzi"},"url":"https:\/\/www.webdo.tn\/fr\/actualite\/author\/ramzi\/"}]}},"_links":{"self":[{"href":"https:\/\/www.webdo.tn\/fr\/wp-json\/wp\/v2\/posts\/201922","targetHints":{"allow":["GET"]}}],"collection":[{"href":"https:\/\/www.webdo.tn\/fr\/wp-json\/wp\/v2\/posts"}],"about":[{"href":"https:\/\/www.webdo.tn\/fr\/wp-json\/wp\/v2\/types\/post"}],"author":[{"embeddable":true,"href":"https:\/\/www.webdo.tn\/fr\/wp-json\/wp\/v2\/users\/3188"}],"replies":[{"embeddable":true,"href":"https:\/\/www.webdo.tn\/fr\/wp-json\/wp\/v2\/comments?post=201922"}],"version-history":[{"count":0,"href":"https:\/\/www.webdo.tn\/fr\/wp-json\/wp\/v2\/posts\/201922\/revisions"}],"wp:featuredmedia":[{"embeddable":true,"href":"https:\/\/www.webdo.tn\/fr\/wp-json\/wp\/v2\/media\/252524"}],"wp:attachment":[{"href":"https:\/\/www.webdo.tn\/fr\/wp-json\/wp\/v2\/media?parent=201922"}],"wp:term":[{"taxonomy":"category","embeddable":true,"href":"https:\/\/www.webdo.tn\/fr\/wp-json\/wp\/v2\/categories?post=201922"},{"taxonomy":"post_tag","embeddable":true,"href":"https:\/\/www.webdo.tn\/fr\/wp-json\/wp\/v2\/tags?post=201922"}],"curies":[{"name":"wp","href":"https:\/\/api.w.org\/{rel}","templated":true}]}}