{"id":201918,"date":"2023-01-16T11:38:00","date_gmt":"2023-01-16T11:38:00","guid":{"rendered":"https:\/\/www.webdo.tn\/fr\/blog\/legislatives-des-debats-televises-lors-du-deuxieme-tour\/201918\/"},"modified":"2025-05-20T22:46:03","modified_gmt":"2025-05-20T22:46:03","slug":"legislatives-des-debats-televises-lors-du-deuxieme-tour","status":"publish","type":"post","link":"https:\/\/www.webdo.tn\/fr\/actualite\/national\/legislatives-des-debats-televises-lors-du-deuxieme-tour\/201918\/","title":{"rendered":"L\u00e9gislatives : Des d\u00e9bats t\u00e9l\u00e9vis\u00e9s lors du deuxi\u00e8me tour"},"content":{"rendered":"<p>La campagne \u00e9lectorale du deuxi\u00e8me tour des \u00e9lections l\u00e9gislatives a d\u00e9marr\u00e9 ce lundi 16 janvier 2023.<\/p>\n<p>\t\t\t\t\t\t\t\t\tSelon l\u2019instance \u00e9lectorale tous les moyens ont \u00e9t\u00e9 d\u00e9ploy\u00e9s pour assurer une bonne communication et une bonne campagne \u00e9lectorale lors de ce deuxi\u00e8me tour. D\u2019ailleurs, Tlili Mnasri, vice-pr\u00e9sident de l\u2019ISIE annonce que cette campagne sera marqu\u00e9e par des d\u00e9bats t\u00e9l\u00e9vis\u00e9s.\u00a0<\/p>\n<p>S\u2019exprimant sur les ondes d\u2019Express FM, le vice-pr\u00e9sident de l\u2019ISIE a indiqu\u00e9 que \u00ab le nombre de candidats \u00e9tait pass\u00e9 \u00e0 262 au deuxi\u00e8me tour ce qui a pouss\u00e9 le conseil de l\u2019instance \u00e0 d\u00e9cider de la mise en place de d\u00e9bats t\u00e9l\u00e9vis\u00e9s entre les candidats \u00bb.\u00a0<\/p>\n<p>\u00ab Tous les candidats b\u00e9n\u00e9ficieront d\u2019une couverture m\u00e9diatique en accord avec la T\u00e9l\u00e9vision Nationale, m\u00eame s\u2019ils ne font pas de d\u00e9bats t\u00e9l\u00e9vis\u00e9s \u00bb, a-t-il encore dit.\u00a0<\/p>\n<p>Rappelons que l&rsquo;ISIE a mobilis\u00e9 632 agents pour contr\u00f4ler le d\u00e9roulement de la campagne dont 524 agents de terrain et 108 agents administratifs, en plus de la poursuite du travail des six cellules de suivi compos\u00e9es de 71 agents.<\/p>\n<p>L&rsquo;instance a am\u00e9nag\u00e9 4222 centres de vote et 10.012 bureaux de vote. Le nombre total d&rsquo;agents mobilis\u00e9s s&rsquo;\u00e9l\u00e8vera \u00e0 40 mille594 personnes. Le pr\u00e9sident de l&rsquo;ISIE a \u00e9galement annonc\u00e9 que la campagne \u00e9lectorale du second tour d\u00e9marrera ce lundi 16 janvier 2023 \u00e0 minuit et s\u2019ach\u00e8vera le 27 janvier \u00e0 minuit.<\/p>\n<p>La p\u00e9riode du silence \u00e9lectoral commencera samedi 28 janvier \u00e0 minuit et se terminera, dimanche 29 janvier avec la fermeture du dernier bureau de vote. La proclamation des r\u00e9sultats pr\u00e9liminaires du deuxi\u00e8me tour aura lieu, au plus tard, le 1er f\u00e9vrier 2023.<\/p>\n","protected":false},"excerpt":{"rendered":"<p>La campagne \u00e9lectorale du deuxi\u00e8me tour des \u00e9lections l\u00e9gislatives a d\u00e9marr\u00e9 ce lundi 16 janvier 2023.<\/p>\n","protected":false},"author":3175,"featured_media":252519,"comment_status":"open","ping_status":"closed","sticky":false,"template":"","format":"standard","meta":{"footnotes":""},"categories":[44],"tags":[8862,6190,2944,2608],"class_list":["post-201918","post","type-post","status-publish","format-standard","has-post-thumbnail","hentry","category-national","tag-debats-televises","tag-legislatives","tag-television","tag-tunisie"],"yoast_head":"<!-- This site is optimized with the Yoast SEO Premium plugin v27.4 (Yoast SEO v27.4) - https:\/\/yoast.com\/product\/yoast-seo-premium-wordpress\/ -->\n<title>L\u00e9gislatives : Des d\u00e9bats t\u00e9l\u00e9vis\u00e9s lors du deuxi\u00e8me tour<\/title>\n<meta name=\"description\" content=\"La campagne \u00e9lectorale du deuxi\u00e8me tour des \u00e9lections l\u00e9gislatives a d\u00e9marr\u00e9 ce lundi 16 janvier 2023.\" \/>\n<link rel=\"canonical\" href=\"https:\/\/www.webdo.tn\/fr\/actualite\/national\/legislatives-des-debats-televises-lors-du-deuxieme-tour\/201918\/\" \/>\n<meta property=\"og:locale\" content=\"fr_FR\" \/>\n<meta property=\"og:type\" content=\"article\" \/>\n<meta property=\"og:title\" content=\"L\u00e9gislatives : Des d\u00e9bats t\u00e9l\u00e9vis\u00e9s lors du deuxi\u00e8me tour\" \/>\n<meta property=\"og:description\" content=\"La campagne \u00e9lectorale du deuxi\u00e8me tour des \u00e9lections l\u00e9gislatives a d\u00e9marr\u00e9 ce lundi 16 janvier 2023.\" \/>\n<meta property=\"og:url\" content=\"https:\/\/www.webdo.tn\/fr\/actualite\/national\/legislatives-des-debats-televises-lors-du-deuxieme-tour\/201918\/\" \/>\n<meta property=\"og:site_name\" content=\"webdo\" \/>\n<meta property=\"article:publisher\" content=\"https:\/\/www.facebook.com\/webdotn\" \/>\n<meta property=\"article:published_time\" content=\"2023-01-16T11:38:00+00:00\" \/>\n<meta property=\"article:modified_time\" content=\"2025-05-20T22:46:03+00:00\" \/>\n<meta property=\"og:image\" content=\"https:\/\/www.webdo.tn\/fr\/wp-content\/uploads\/2023\/01\/66b4d6a07effd5e64cea3ee538502dfd.jpeg\" \/>\n\t<meta property=\"og:image:width\" content=\"750\" \/>\n\t<meta property=\"og:image:height\" content=\"400\" \/>\n\t<meta property=\"og:image:type\" content=\"image\/jpeg\" \/>\n<meta name=\"author\" content=\"CL\" \/>\n<meta name=\"twitter:card\" content=\"summary_large_image\" \/>\n<meta name=\"twitter:creator\" content=\"@webdo_tn\" \/>\n<meta name=\"twitter:site\" content=\"@webdo_tn\" \/>\n<meta name=\"twitter:label1\" content=\"\u00c9crit par\" \/>\n\t<meta name=\"twitter:data1\" content=\"CL\" \/>\n\t<meta name=\"twitter:label2\" content=\"Dur\u00e9e de lecture estim\u00e9e\" \/>\n\t<meta name=\"twitter:data2\" content=\"1 minute\" \/>\n<script type=\"application\/ld+json\" class=\"yoast-schema-graph\">{\"@context\":\"https:\\\/\\\/schema.org\",\"@graph\":[{\"@type\":\"NewsArticle\",\"@id\":\"https:\\\/\\\/www.webdo.tn\\\/fr\\\/actualite\\\/national\\\/legislatives-des-debats-televises-lors-du-deuxieme-tour\\\/201918\\\/#article\",\"isPartOf\":{\"@id\":\"https:\\\/\\\/www.webdo.tn\\\/fr\\\/actualite\\\/national\\\/legislatives-des-debats-televises-lors-du-deuxieme-tour\\\/201918\\\/\"},\"author\":{\"name\":\"CL\",\"@id\":\"https:\\\/\\\/www.webdo.tn\\\/fr\\\/#\\\/schema\\\/person\\\/f35b42a42c5e2511bbd282959d6385cc\"},\"headline\":\"L\u00e9gislatives : Des d\u00e9bats t\u00e9l\u00e9vis\u00e9s lors du deuxi\u00e8me tour\",\"datePublished\":\"2023-01-16T11:38:00+00:00\",\"dateModified\":\"2025-05-20T22:46:03+00:00\",\"mainEntityOfPage\":{\"@id\":\"https:\\\/\\\/www.webdo.tn\\\/fr\\\/actualite\\\/national\\\/legislatives-des-debats-televises-lors-du-deuxieme-tour\\\/201918\\\/\"},\"wordCount\":307,\"commentCount\":0,\"publisher\":{\"@id\":\"https:\\\/\\\/www.webdo.tn\\\/fr\\\/#organization\"},\"image\":{\"@id\":\"https:\\\/\\\/www.webdo.tn\\\/fr\\\/actualite\\\/national\\\/legislatives-des-debats-televises-lors-du-deuxieme-tour\\\/201918\\\/#primaryimage\"},\"thumbnailUrl\":\"https:\\\/\\\/www.webdo.tn\\\/fr\\\/wp-content\\\/uploads\\\/2023\\\/01\\\/66b4d6a07effd5e64cea3ee538502dfd.jpeg\",\"keywords\":[\"d\u00e9bats t\u00e9l\u00e9vis\u00e9s\",\"L\u00e9gislatives\",\"T\u00e9l\u00e9vision\",\"Tunisie\"],\"articleSection\":[\"National\"],\"inLanguage\":\"fr-FR\"},{\"@type\":\"WebPage\",\"@id\":\"https:\\\/\\\/www.webdo.tn\\\/fr\\\/actualite\\\/national\\\/legislatives-des-debats-televises-lors-du-deuxieme-tour\\\/201918\\\/\",\"url\":\"https:\\\/\\\/www.webdo.tn\\\/fr\\\/actualite\\\/national\\\/legislatives-des-debats-televises-lors-du-deuxieme-tour\\\/201918\\\/\",\"name\":\"L\u00e9gislatives : Des d\u00e9bats t\u00e9l\u00e9vis\u00e9s lors du deuxi\u00e8me tour\",\"isPartOf\":{\"@id\":\"https:\\\/\\\/www.webdo.tn\\\/fr\\\/#website\"},\"primaryImageOfPage\":{\"@id\":\"https:\\\/\\\/www.webdo.tn\\\/fr\\\/actualite\\\/national\\\/legislatives-des-debats-televises-lors-du-deuxieme-tour\\\/201918\\\/#primaryimage\"},\"image\":{\"@id\":\"https:\\\/\\\/www.webdo.tn\\\/fr\\\/actualite\\\/national\\\/legislatives-des-debats-televises-lors-du-deuxieme-tour\\\/201918\\\/#primaryimage\"},\"thumbnailUrl\":\"https:\\\/\\\/www.webdo.tn\\\/fr\\\/wp-content\\\/uploads\\\/2023\\\/01\\\/66b4d6a07effd5e64cea3ee538502dfd.jpeg\",\"datePublished\":\"2023-01-16T11:38:00+00:00\",\"dateModified\":\"2025-05-20T22:46:03+00:00\",\"description\":\"La campagne \u00e9lectorale du deuxi\u00e8me tour des \u00e9lections l\u00e9gislatives a d\u00e9marr\u00e9 ce lundi 16 janvier 2023.\",\"breadcrumb\":{\"@id\":\"https:\\\/\\\/www.webdo.tn\\\/fr\\\/actualite\\\/national\\\/legislatives-des-debats-televises-lors-du-deuxieme-tour\\\/201918\\\/#breadcrumb\"},\"inLanguage\":\"fr-FR\",\"potentialAction\":[{\"@type\":\"ReadAction\",\"target\":[\"https:\\\/\\\/www.webdo.tn\\\/fr\\\/actualite\\\/national\\\/legislatives-des-debats-televises-lors-du-deuxieme-tour\\\/201918\\\/\"]}]},{\"@type\":\"ImageObject\",\"inLanguage\":\"fr-FR\",\"@id\":\"https:\\\/\\\/www.webdo.tn\\\/fr\\\/actualite\\\/national\\\/legislatives-des-debats-televises-lors-du-deuxieme-tour\\\/201918\\\/#primaryimage\",\"url\":\"https:\\\/\\\/www.webdo.tn\\\/fr\\\/wp-content\\\/uploads\\\/2023\\\/01\\\/66b4d6a07effd5e64cea3ee538502dfd.jpeg\",\"contentUrl\":\"https:\\\/\\\/www.webdo.tn\\\/fr\\\/wp-content\\\/uploads\\\/2023\\\/01\\\/66b4d6a07effd5e64cea3ee538502dfd.jpeg\",\"width\":750,\"height\":400,\"caption\":\"T\u00e9l\u00e9vision tunisienne\"},{\"@type\":\"BreadcrumbList\",\"@id\":\"https:\\\/\\\/www.webdo.tn\\\/fr\\\/actualite\\\/national\\\/legislatives-des-debats-televises-lors-du-deuxieme-tour\\\/201918\\\/#breadcrumb\",\"itemListElement\":[{\"@type\":\"ListItem\",\"position\":1,\"name\":\"Accueil\",\"item\":\"https:\\\/\\\/www.webdo.tn\\\/fr\\\/\"},{\"@type\":\"ListItem\",\"position\":2,\"name\":\"L\u00e9gislatives : Des d\u00e9bats t\u00e9l\u00e9vis\u00e9s lors du deuxi\u00e8me tour\"}]},{\"@type\":\"WebSite\",\"@id\":\"https:\\\/\\\/www.webdo.tn\\\/fr\\\/#website\",\"url\":\"https:\\\/\\\/www.webdo.tn\\\/fr\\\/\",\"name\":\"webdo\",\"description\":\"Tunisie - News en Tunisie et \u00e0 l&#039;international sur Webdo.tn\",\"publisher\":{\"@id\":\"https:\\\/\\\/www.webdo.tn\\\/fr\\\/#organization\"},\"potentialAction\":[{\"@type\":\"SearchAction\",\"target\":{\"@type\":\"EntryPoint\",\"urlTemplate\":\"https:\\\/\\\/www.webdo.tn\\\/fr\\\/?s={search_term_string}\"},\"query-input\":{\"@type\":\"PropertyValueSpecification\",\"valueRequired\":true,\"valueName\":\"search_term_string\"}}],\"inLanguage\":\"fr-FR\"},{\"@type\":\"Organization\",\"@id\":\"https:\\\/\\\/www.webdo.tn\\\/fr\\\/#organization\",\"name\":\"Webdo\",\"alternateName\":\"Webdo.tn\",\"url\":\"https:\\\/\\\/www.webdo.tn\\\/fr\\\/\",\"logo\":{\"@type\":\"ImageObject\",\"inLanguage\":\"fr-FR\",\"@id\":\"https:\\\/\\\/www.webdo.tn\\\/fr\\\/#\\\/schema\\\/logo\\\/image\\\/\",\"url\":\"https:\\\/\\\/www.webdo.tn\\\/fr\\\/wp-content\\\/uploads\\\/2025\\\/06\\\/Webdo-Tunisie_168377.jpg\",\"contentUrl\":\"https:\\\/\\\/www.webdo.tn\\\/fr\\\/wp-content\\\/uploads\\\/2025\\\/06\\\/Webdo-Tunisie_168377.jpg\",\"width\":301,\"height\":301,\"caption\":\"Webdo\"},\"image\":{\"@id\":\"https:\\\/\\\/www.webdo.tn\\\/fr\\\/#\\\/schema\\\/logo\\\/image\\\/\"},\"sameAs\":[\"https:\\\/\\\/www.facebook.com\\\/webdotn\",\"https:\\\/\\\/x.com\\\/webdo_tn\"],\"description\":\"Webdo est un m\u00e9dia num\u00e9rique tunisien fond\u00e9 en 2010, sp\u00e9cialis\u00e9 dans l\u2019actualit\u00e9 nationale et internationale, l\u2019\u00e9conomie, la soci\u00e9t\u00e9 et les analyses politiques. Le site s\u2019adresse \u00e0 un large public francophone et couvre l\u2019information tunisienne en temps r\u00e9el.\",\"email\":\"redac@webdo.tn\",\"legalName\":\"YNJ SARL\",\"foundingDate\":\"2010-09-06\",\"numberOfEmployees\":{\"@type\":\"QuantitativeValue\",\"minValue\":\"11\",\"maxValue\":\"50\"}},{\"@type\":\"Person\",\"@id\":\"https:\\\/\\\/www.webdo.tn\\\/fr\\\/#\\\/schema\\\/person\\\/f35b42a42c5e2511bbd282959d6385cc\",\"name\":\"CL\",\"image\":{\"@type\":\"ImageObject\",\"inLanguage\":\"fr-FR\",\"@id\":\"https:\\\/\\\/secure.gravatar.com\\\/avatar\\\/1447a49909b67aa657c488aec6512e1dd6143a480c1ecfee9b5b5cd74eb3b59e?s=96&d=mm&r=g\",\"url\":\"https:\\\/\\\/secure.gravatar.com\\\/avatar\\\/1447a49909b67aa657c488aec6512e1dd6143a480c1ecfee9b5b5cd74eb3b59e?s=96&d=mm&r=g\",\"contentUrl\":\"https:\\\/\\\/secure.gravatar.com\\\/avatar\\\/1447a49909b67aa657c488aec6512e1dd6143a480c1ecfee9b5b5cd74eb3b59e?s=96&d=mm&r=g\",\"caption\":\"CL\"},\"url\":\"https:\\\/\\\/www.webdo.tn\\\/fr\\\/actualite\\\/author\\\/cl\\\/\"}]}<\/script>\n<!-- \/ Yoast SEO Premium plugin. -->","yoast_head_json":{"title":"L\u00e9gislatives : Des d\u00e9bats t\u00e9l\u00e9vis\u00e9s lors du deuxi\u00e8me tour","description":"La campagne \u00e9lectorale du deuxi\u00e8me tour des \u00e9lections l\u00e9gislatives a d\u00e9marr\u00e9 ce lundi 16 janvier 2023.","canonical":"https:\/\/www.webdo.tn\/fr\/actualite\/national\/legislatives-des-debats-televises-lors-du-deuxieme-tour\/201918\/","og_locale":"fr_FR","og_type":"article","og_title":"L\u00e9gislatives : Des d\u00e9bats t\u00e9l\u00e9vis\u00e9s lors du deuxi\u00e8me tour","og_description":"La campagne \u00e9lectorale du deuxi\u00e8me tour des \u00e9lections l\u00e9gislatives a d\u00e9marr\u00e9 ce lundi 16 janvier 2023.","og_url":"https:\/\/www.webdo.tn\/fr\/actualite\/national\/legislatives-des-debats-televises-lors-du-deuxieme-tour\/201918\/","og_site_name":"webdo","article_publisher":"https:\/\/www.facebook.com\/webdotn","article_published_time":"2023-01-16T11:38:00+00:00","article_modified_time":"2025-05-20T22:46:03+00:00","og_image":[{"width":750,"height":400,"url":"https:\/\/www.webdo.tn\/fr\/wp-content\/uploads\/2023\/01\/66b4d6a07effd5e64cea3ee538502dfd.jpeg","type":"image\/jpeg"}],"author":"CL","twitter_card":"summary_large_image","twitter_creator":"@webdo_tn","twitter_site":"@webdo_tn","twitter_misc":{"\u00c9crit par":"CL","Dur\u00e9e de lecture estim\u00e9e":"1 minute"},"schema":{"@context":"https:\/\/schema.org","@graph":[{"@type":"NewsArticle","@id":"https:\/\/www.webdo.tn\/fr\/actualite\/national\/legislatives-des-debats-televises-lors-du-deuxieme-tour\/201918\/#article","isPartOf":{"@id":"https:\/\/www.webdo.tn\/fr\/actualite\/national\/legislatives-des-debats-televises-lors-du-deuxieme-tour\/201918\/"},"author":{"name":"CL","@id":"https:\/\/www.webdo.tn\/fr\/#\/schema\/person\/f35b42a42c5e2511bbd282959d6385cc"},"headline":"L\u00e9gislatives : Des d\u00e9bats t\u00e9l\u00e9vis\u00e9s lors du deuxi\u00e8me tour","datePublished":"2023-01-16T11:38:00+00:00","dateModified":"2025-05-20T22:46:03+00:00","mainEntityOfPage":{"@id":"https:\/\/www.webdo.tn\/fr\/actualite\/national\/legislatives-des-debats-televises-lors-du-deuxieme-tour\/201918\/"},"wordCount":307,"commentCount":0,"publisher":{"@id":"https:\/\/www.webdo.tn\/fr\/#organization"},"image":{"@id":"https:\/\/www.webdo.tn\/fr\/actualite\/national\/legislatives-des-debats-televises-lors-du-deuxieme-tour\/201918\/#primaryimage"},"thumbnailUrl":"https:\/\/www.webdo.tn\/fr\/wp-content\/uploads\/2023\/01\/66b4d6a07effd5e64cea3ee538502dfd.jpeg","keywords":["d\u00e9bats t\u00e9l\u00e9vis\u00e9s","L\u00e9gislatives","T\u00e9l\u00e9vision","Tunisie"],"articleSection":["National"],"inLanguage":"fr-FR"},{"@type":"WebPage","@id":"https:\/\/www.webdo.tn\/fr\/actualite\/national\/legislatives-des-debats-televises-lors-du-deuxieme-tour\/201918\/","url":"https:\/\/www.webdo.tn\/fr\/actualite\/national\/legislatives-des-debats-televises-lors-du-deuxieme-tour\/201918\/","name":"L\u00e9gislatives : Des d\u00e9bats t\u00e9l\u00e9vis\u00e9s lors du deuxi\u00e8me tour","isPartOf":{"@id":"https:\/\/www.webdo.tn\/fr\/#website"},"primaryImageOfPage":{"@id":"https:\/\/www.webdo.tn\/fr\/actualite\/national\/legislatives-des-debats-televises-lors-du-deuxieme-tour\/201918\/#primaryimage"},"image":{"@id":"https:\/\/www.webdo.tn\/fr\/actualite\/national\/legislatives-des-debats-televises-lors-du-deuxieme-tour\/201918\/#primaryimage"},"thumbnailUrl":"https:\/\/www.webdo.tn\/fr\/wp-content\/uploads\/2023\/01\/66b4d6a07effd5e64cea3ee538502dfd.jpeg","datePublished":"2023-01-16T11:38:00+00:00","dateModified":"2025-05-20T22:46:03+00:00","description":"La campagne \u00e9lectorale du deuxi\u00e8me tour des \u00e9lections l\u00e9gislatives a d\u00e9marr\u00e9 ce lundi 16 janvier 2023.","breadcrumb":{"@id":"https:\/\/www.webdo.tn\/fr\/actualite\/national\/legislatives-des-debats-televises-lors-du-deuxieme-tour\/201918\/#breadcrumb"},"inLanguage":"fr-FR","potentialAction":[{"@type":"ReadAction","target":["https:\/\/www.webdo.tn\/fr\/actualite\/national\/legislatives-des-debats-televises-lors-du-deuxieme-tour\/201918\/"]}]},{"@type":"ImageObject","inLanguage":"fr-FR","@id":"https:\/\/www.webdo.tn\/fr\/actualite\/national\/legislatives-des-debats-televises-lors-du-deuxieme-tour\/201918\/#primaryimage","url":"https:\/\/www.webdo.tn\/fr\/wp-content\/uploads\/2023\/01\/66b4d6a07effd5e64cea3ee538502dfd.jpeg","contentUrl":"https:\/\/www.webdo.tn\/fr\/wp-content\/uploads\/2023\/01\/66b4d6a07effd5e64cea3ee538502dfd.jpeg","width":750,"height":400,"caption":"T\u00e9l\u00e9vision tunisienne"},{"@type":"BreadcrumbList","@id":"https:\/\/www.webdo.tn\/fr\/actualite\/national\/legislatives-des-debats-televises-lors-du-deuxieme-tour\/201918\/#breadcrumb","itemListElement":[{"@type":"ListItem","position":1,"name":"Accueil","item":"https:\/\/www.webdo.tn\/fr\/"},{"@type":"ListItem","position":2,"name":"L\u00e9gislatives : Des d\u00e9bats t\u00e9l\u00e9vis\u00e9s lors du deuxi\u00e8me tour"}]},{"@type":"WebSite","@id":"https:\/\/www.webdo.tn\/fr\/#website","url":"https:\/\/www.webdo.tn\/fr\/","name":"webdo","description":"Tunisie - News en Tunisie et \u00e0 l&#039;international sur Webdo.tn","publisher":{"@id":"https:\/\/www.webdo.tn\/fr\/#organization"},"potentialAction":[{"@type":"SearchAction","target":{"@type":"EntryPoint","urlTemplate":"https:\/\/www.webdo.tn\/fr\/?s={search_term_string}"},"query-input":{"@type":"PropertyValueSpecification","valueRequired":true,"valueName":"search_term_string"}}],"inLanguage":"fr-FR"},{"@type":"Organization","@id":"https:\/\/www.webdo.tn\/fr\/#organization","name":"Webdo","alternateName":"Webdo.tn","url":"https:\/\/www.webdo.tn\/fr\/","logo":{"@type":"ImageObject","inLanguage":"fr-FR","@id":"https:\/\/www.webdo.tn\/fr\/#\/schema\/logo\/image\/","url":"https:\/\/www.webdo.tn\/fr\/wp-content\/uploads\/2025\/06\/Webdo-Tunisie_168377.jpg","contentUrl":"https:\/\/www.webdo.tn\/fr\/wp-content\/uploads\/2025\/06\/Webdo-Tunisie_168377.jpg","width":301,"height":301,"caption":"Webdo"},"image":{"@id":"https:\/\/www.webdo.tn\/fr\/#\/schema\/logo\/image\/"},"sameAs":["https:\/\/www.facebook.com\/webdotn","https:\/\/x.com\/webdo_tn"],"description":"Webdo est un m\u00e9dia num\u00e9rique tunisien fond\u00e9 en 2010, sp\u00e9cialis\u00e9 dans l\u2019actualit\u00e9 nationale et internationale, l\u2019\u00e9conomie, la soci\u00e9t\u00e9 et les analyses politiques. Le site s\u2019adresse \u00e0 un large public francophone et couvre l\u2019information tunisienne en temps r\u00e9el.","email":"redac@webdo.tn","legalName":"YNJ SARL","foundingDate":"2010-09-06","numberOfEmployees":{"@type":"QuantitativeValue","minValue":"11","maxValue":"50"}},{"@type":"Person","@id":"https:\/\/www.webdo.tn\/fr\/#\/schema\/person\/f35b42a42c5e2511bbd282959d6385cc","name":"CL","image":{"@type":"ImageObject","inLanguage":"fr-FR","@id":"https:\/\/secure.gravatar.com\/avatar\/1447a49909b67aa657c488aec6512e1dd6143a480c1ecfee9b5b5cd74eb3b59e?s=96&d=mm&r=g","url":"https:\/\/secure.gravatar.com\/avatar\/1447a49909b67aa657c488aec6512e1dd6143a480c1ecfee9b5b5cd74eb3b59e?s=96&d=mm&r=g","contentUrl":"https:\/\/secure.gravatar.com\/avatar\/1447a49909b67aa657c488aec6512e1dd6143a480c1ecfee9b5b5cd74eb3b59e?s=96&d=mm&r=g","caption":"CL"},"url":"https:\/\/www.webdo.tn\/fr\/actualite\/author\/cl\/"}]}},"_links":{"self":[{"href":"https:\/\/www.webdo.tn\/fr\/wp-json\/wp\/v2\/posts\/201918","targetHints":{"allow":["GET"]}}],"collection":[{"href":"https:\/\/www.webdo.tn\/fr\/wp-json\/wp\/v2\/posts"}],"about":[{"href":"https:\/\/www.webdo.tn\/fr\/wp-json\/wp\/v2\/types\/post"}],"author":[{"embeddable":true,"href":"https:\/\/www.webdo.tn\/fr\/wp-json\/wp\/v2\/users\/3175"}],"replies":[{"embeddable":true,"href":"https:\/\/www.webdo.tn\/fr\/wp-json\/wp\/v2\/comments?post=201918"}],"version-history":[{"count":0,"href":"https:\/\/www.webdo.tn\/fr\/wp-json\/wp\/v2\/posts\/201918\/revisions"}],"wp:featuredmedia":[{"embeddable":true,"href":"https:\/\/www.webdo.tn\/fr\/wp-json\/wp\/v2\/media\/252519"}],"wp:attachment":[{"href":"https:\/\/www.webdo.tn\/fr\/wp-json\/wp\/v2\/media?parent=201918"}],"wp:term":[{"taxonomy":"category","embeddable":true,"href":"https:\/\/www.webdo.tn\/fr\/wp-json\/wp\/v2\/categories?post=201918"},{"taxonomy":"post_tag","embeddable":true,"href":"https:\/\/www.webdo.tn\/fr\/wp-json\/wp\/v2\/tags?post=201918"}],"curies":[{"name":"wp","href":"https:\/\/api.w.org\/{rel}","templated":true}]}}