{"id":201903,"date":"2023-01-16T08:00:00","date_gmt":"2023-01-16T08:00:00","guid":{"rendered":"https:\/\/www.webdo.tn\/fr\/blog\/tunisie-les-taxis-individuels-en-greve\/201903\/"},"modified":"2025-05-20T22:48:39","modified_gmt":"2025-05-20T22:48:39","slug":"tunisie-les-taxis-individuels-en-greve","status":"publish","type":"post","link":"https:\/\/www.webdo.tn\/fr\/actualite\/national\/tunisie-les-taxis-individuels-en-greve\/201903\/","title":{"rendered":"Tunisie : Les taxis individuels en gr\u00e8ve"},"content":{"rendered":"<p>Les taxis individuels sont en gr\u00e8ve ouverte \u00e0 partir de ce lundi 16 janvier 2023, une d\u00e9cision approuv\u00e9e par l\u2019Union tunisienne des taxis individuels depuis la semaine derni\u00e8re.<\/p>\n<p>\t\t\t\t\t\t\t\t\tLes taxistes sont en col\u00e8re contre une application de transport de personnes en voitures priv\u00e9es. \u00ab Ces applications constituent m\u00eame une menace pour la s\u00e9curit\u00e9 nationale \u00bb, a-t-on d\u00e9nonc\u00e9.\u00a0<\/p>\n<p>Rappelons que le 2 janvier dernier, les taxis individuels du Grand-Tunis, ont \u00e9galement observ\u00e9 une gr\u00e8ve \u00e0 l\u2019appel lanc\u00e9 par les diff\u00e9rentes chambres r\u00e9gionales des taxis individuels relevant de l\u2019UTICA.<\/p>\n","protected":false},"excerpt":{"rendered":"<p>Les taxis individuels sont en gr\u00e8ve ouverte \u00e0 partir de ce lundi 16 janvier 2023, une d\u00e9cision approuv\u00e9e par l\u2019Union tunisienne des taxis individuels depuis la&#8230;<\/p>\n","protected":false},"author":3175,"featured_media":277588,"comment_status":"open","ping_status":"closed","sticky":false,"template":"","format":"standard","meta":{"footnotes":""},"categories":[44],"tags":[2647,2648,2608],"class_list":["post-201903","post","type-post","status-publish","format-standard","has-post-thumbnail","hentry","category-national","tag-greve","tag-taxi","tag-tunisie"],"yoast_head":"<!-- This site is optimized with the Yoast SEO Premium plugin v27.4 (Yoast SEO v27.5) - https:\/\/yoast.com\/product\/yoast-seo-premium-wordpress\/ -->\n<title>Tunisie : Les taxis individuels en gr\u00e8ve<\/title>\n<meta name=\"description\" content=\"Les taxis individuels sont en gr\u00e8ve ouverte \u00e0 partir de ce lundi 16 janvier 2023, une d\u00e9cision approuv\u00e9e par l\u2019Union tunisienne des taxis individuels depuis la...\" \/>\n<link rel=\"canonical\" href=\"https:\/\/www.webdo.tn\/fr\/actualite\/national\/tunisie-les-taxis-individuels-en-greve\/201903\/\" \/>\n<meta property=\"og:locale\" content=\"fr_FR\" \/>\n<meta property=\"og:type\" content=\"article\" \/>\n<meta property=\"og:title\" content=\"Tunisie : Les taxis individuels en gr\u00e8ve\" \/>\n<meta property=\"og:description\" content=\"Les taxis individuels sont en gr\u00e8ve ouverte \u00e0 partir de ce lundi 16 janvier 2023, une d\u00e9cision approuv\u00e9e par l\u2019Union tunisienne des taxis individuels depuis la...\" \/>\n<meta property=\"og:url\" content=\"https:\/\/www.webdo.tn\/fr\/actualite\/national\/tunisie-les-taxis-individuels-en-greve\/201903\/\" \/>\n<meta property=\"og:site_name\" content=\"webdo\" \/>\n<meta property=\"article:publisher\" content=\"https:\/\/www.facebook.com\/webdotn\" \/>\n<meta property=\"article:published_time\" content=\"2023-01-16T08:00:00+00:00\" \/>\n<meta property=\"article:modified_time\" content=\"2025-05-20T22:48:39+00:00\" \/>\n<meta property=\"og:image\" content=\"https:\/\/www.webdo.tn\/fr\/wp-content\/uploads\/2023\/01\/37fb98077ab2513db60ad026e3799685.jpg\" \/>\n\t<meta property=\"og:image:width\" content=\"750\" \/>\n\t<meta property=\"og:image:height\" content=\"400\" \/>\n\t<meta property=\"og:image:type\" content=\"image\/jpeg\" \/>\n<meta name=\"author\" content=\"CL\" \/>\n<meta name=\"twitter:card\" content=\"summary_large_image\" \/>\n<meta name=\"twitter:creator\" content=\"@webdo_tn\" \/>\n<meta name=\"twitter:site\" content=\"@webdo_tn\" \/>\n<meta name=\"twitter:label1\" content=\"\u00c9crit par\" \/>\n\t<meta name=\"twitter:data1\" content=\"CL\" \/>\n<script type=\"application\/ld+json\" class=\"yoast-schema-graph\">{\"@context\":\"https:\\\/\\\/schema.org\",\"@graph\":[{\"@type\":\"NewsArticle\",\"@id\":\"https:\\\/\\\/www.webdo.tn\\\/fr\\\/actualite\\\/national\\\/tunisie-les-taxis-individuels-en-greve\\\/201903\\\/#article\",\"isPartOf\":{\"@id\":\"https:\\\/\\\/www.webdo.tn\\\/fr\\\/actualite\\\/national\\\/tunisie-les-taxis-individuels-en-greve\\\/201903\\\/\"},\"author\":{\"name\":\"CL\",\"@id\":\"https:\\\/\\\/www.webdo.tn\\\/fr\\\/#\\\/schema\\\/person\\\/f35b42a42c5e2511bbd282959d6385cc\"},\"headline\":\"Tunisie : Les taxis individuels en gr\u00e8ve\",\"datePublished\":\"2023-01-16T08:00:00+00:00\",\"dateModified\":\"2025-05-20T22:48:39+00:00\",\"mainEntityOfPage\":{\"@id\":\"https:\\\/\\\/www.webdo.tn\\\/fr\\\/actualite\\\/national\\\/tunisie-les-taxis-individuels-en-greve\\\/201903\\\/\"},\"wordCount\":102,\"commentCount\":0,\"publisher\":{\"@id\":\"https:\\\/\\\/www.webdo.tn\\\/fr\\\/#organization\"},\"image\":{\"@id\":\"https:\\\/\\\/www.webdo.tn\\\/fr\\\/actualite\\\/national\\\/tunisie-les-taxis-individuels-en-greve\\\/201903\\\/#primaryimage\"},\"thumbnailUrl\":\"https:\\\/\\\/www.webdo.tn\\\/fr\\\/wp-content\\\/uploads\\\/2023\\\/01\\\/37fb98077ab2513db60ad026e3799685.jpg\",\"keywords\":[\"Gr\u00e8ve\",\"Taxi\",\"Tunisie\"],\"articleSection\":[\"National\"],\"inLanguage\":\"fr-FR\"},{\"@type\":\"WebPage\",\"@id\":\"https:\\\/\\\/www.webdo.tn\\\/fr\\\/actualite\\\/national\\\/tunisie-les-taxis-individuels-en-greve\\\/201903\\\/\",\"url\":\"https:\\\/\\\/www.webdo.tn\\\/fr\\\/actualite\\\/national\\\/tunisie-les-taxis-individuels-en-greve\\\/201903\\\/\",\"name\":\"Tunisie : Les taxis individuels en gr\u00e8ve\",\"isPartOf\":{\"@id\":\"https:\\\/\\\/www.webdo.tn\\\/fr\\\/#website\"},\"primaryImageOfPage\":{\"@id\":\"https:\\\/\\\/www.webdo.tn\\\/fr\\\/actualite\\\/national\\\/tunisie-les-taxis-individuels-en-greve\\\/201903\\\/#primaryimage\"},\"image\":{\"@id\":\"https:\\\/\\\/www.webdo.tn\\\/fr\\\/actualite\\\/national\\\/tunisie-les-taxis-individuels-en-greve\\\/201903\\\/#primaryimage\"},\"thumbnailUrl\":\"https:\\\/\\\/www.webdo.tn\\\/fr\\\/wp-content\\\/uploads\\\/2023\\\/01\\\/37fb98077ab2513db60ad026e3799685.jpg\",\"datePublished\":\"2023-01-16T08:00:00+00:00\",\"dateModified\":\"2025-05-20T22:48:39+00:00\",\"description\":\"Les taxis individuels sont en gr\u00e8ve ouverte \u00e0 partir de ce lundi 16 janvier 2023, une d\u00e9cision approuv\u00e9e par l\u2019Union tunisienne des taxis individuels depuis la...\",\"breadcrumb\":{\"@id\":\"https:\\\/\\\/www.webdo.tn\\\/fr\\\/actualite\\\/national\\\/tunisie-les-taxis-individuels-en-greve\\\/201903\\\/#breadcrumb\"},\"inLanguage\":\"fr-FR\",\"potentialAction\":[{\"@type\":\"ReadAction\",\"target\":[\"https:\\\/\\\/www.webdo.tn\\\/fr\\\/actualite\\\/national\\\/tunisie-les-taxis-individuels-en-greve\\\/201903\\\/\"]}]},{\"@type\":\"ImageObject\",\"inLanguage\":\"fr-FR\",\"@id\":\"https:\\\/\\\/www.webdo.tn\\\/fr\\\/actualite\\\/national\\\/tunisie-les-taxis-individuels-en-greve\\\/201903\\\/#primaryimage\",\"url\":\"https:\\\/\\\/www.webdo.tn\\\/fr\\\/wp-content\\\/uploads\\\/2023\\\/01\\\/37fb98077ab2513db60ad026e3799685.jpg\",\"contentUrl\":\"https:\\\/\\\/www.webdo.tn\\\/fr\\\/wp-content\\\/uploads\\\/2023\\\/01\\\/37fb98077ab2513db60ad026e3799685.jpg\",\"width\":750,\"height\":400,\"caption\":\"Tunisie Taxi\"},{\"@type\":\"BreadcrumbList\",\"@id\":\"https:\\\/\\\/www.webdo.tn\\\/fr\\\/actualite\\\/national\\\/tunisie-les-taxis-individuels-en-greve\\\/201903\\\/#breadcrumb\",\"itemListElement\":[{\"@type\":\"ListItem\",\"position\":1,\"name\":\"Accueil\",\"item\":\"https:\\\/\\\/www.webdo.tn\\\/fr\\\/\"},{\"@type\":\"ListItem\",\"position\":2,\"name\":\"Tunisie : Les taxis individuels en gr\u00e8ve\"}]},{\"@type\":\"WebSite\",\"@id\":\"https:\\\/\\\/www.webdo.tn\\\/fr\\\/#website\",\"url\":\"https:\\\/\\\/www.webdo.tn\\\/fr\\\/\",\"name\":\"webdo\",\"description\":\"Tunisie - News en Tunisie et \u00e0 l&#039;international sur Webdo.tn\",\"publisher\":{\"@id\":\"https:\\\/\\\/www.webdo.tn\\\/fr\\\/#organization\"},\"potentialAction\":[{\"@type\":\"SearchAction\",\"target\":{\"@type\":\"EntryPoint\",\"urlTemplate\":\"https:\\\/\\\/www.webdo.tn\\\/fr\\\/?s={search_term_string}\"},\"query-input\":{\"@type\":\"PropertyValueSpecification\",\"valueRequired\":true,\"valueName\":\"search_term_string\"}}],\"inLanguage\":\"fr-FR\"},{\"@type\":\"Organization\",\"@id\":\"https:\\\/\\\/www.webdo.tn\\\/fr\\\/#organization\",\"name\":\"Webdo\",\"alternateName\":\"Webdo.tn\",\"url\":\"https:\\\/\\\/www.webdo.tn\\\/fr\\\/\",\"logo\":{\"@type\":\"ImageObject\",\"inLanguage\":\"fr-FR\",\"@id\":\"https:\\\/\\\/www.webdo.tn\\\/fr\\\/#\\\/schema\\\/logo\\\/image\\\/\",\"url\":\"https:\\\/\\\/www.webdo.tn\\\/fr\\\/wp-content\\\/uploads\\\/2025\\\/06\\\/Webdo-Tunisie_168377.jpg\",\"contentUrl\":\"https:\\\/\\\/www.webdo.tn\\\/fr\\\/wp-content\\\/uploads\\\/2025\\\/06\\\/Webdo-Tunisie_168377.jpg\",\"width\":301,\"height\":301,\"caption\":\"Webdo\"},\"image\":{\"@id\":\"https:\\\/\\\/www.webdo.tn\\\/fr\\\/#\\\/schema\\\/logo\\\/image\\\/\"},\"sameAs\":[\"https:\\\/\\\/www.facebook.com\\\/webdotn\",\"https:\\\/\\\/x.com\\\/webdo_tn\"],\"description\":\"Webdo est un m\u00e9dia num\u00e9rique tunisien fond\u00e9 en 2010, sp\u00e9cialis\u00e9 dans l\u2019actualit\u00e9 nationale et internationale, l\u2019\u00e9conomie, la soci\u00e9t\u00e9 et les analyses politiques. Le site s\u2019adresse \u00e0 un large public francophone et couvre l\u2019information tunisienne en temps r\u00e9el.\",\"email\":\"redac@webdo.tn\",\"legalName\":\"YNJ SARL\",\"foundingDate\":\"2010-09-06\",\"numberOfEmployees\":{\"@type\":\"QuantitativeValue\",\"minValue\":\"11\",\"maxValue\":\"50\"}},{\"@type\":\"Person\",\"@id\":\"https:\\\/\\\/www.webdo.tn\\\/fr\\\/#\\\/schema\\\/person\\\/f35b42a42c5e2511bbd282959d6385cc\",\"name\":\"CL\",\"image\":{\"@type\":\"ImageObject\",\"inLanguage\":\"fr-FR\",\"@id\":\"https:\\\/\\\/secure.gravatar.com\\\/avatar\\\/1447a49909b67aa657c488aec6512e1dd6143a480c1ecfee9b5b5cd74eb3b59e?s=96&d=mm&r=g\",\"url\":\"https:\\\/\\\/secure.gravatar.com\\\/avatar\\\/1447a49909b67aa657c488aec6512e1dd6143a480c1ecfee9b5b5cd74eb3b59e?s=96&d=mm&r=g\",\"contentUrl\":\"https:\\\/\\\/secure.gravatar.com\\\/avatar\\\/1447a49909b67aa657c488aec6512e1dd6143a480c1ecfee9b5b5cd74eb3b59e?s=96&d=mm&r=g\",\"caption\":\"CL\"},\"url\":\"https:\\\/\\\/www.webdo.tn\\\/fr\\\/actualite\\\/author\\\/cl\\\/\"}]}<\/script>\n<!-- \/ Yoast SEO Premium plugin. -->","yoast_head_json":{"title":"Tunisie : Les taxis individuels en gr\u00e8ve","description":"Les taxis individuels sont en gr\u00e8ve ouverte \u00e0 partir de ce lundi 16 janvier 2023, une d\u00e9cision approuv\u00e9e par l\u2019Union tunisienne des taxis individuels depuis la...","canonical":"https:\/\/www.webdo.tn\/fr\/actualite\/national\/tunisie-les-taxis-individuels-en-greve\/201903\/","og_locale":"fr_FR","og_type":"article","og_title":"Tunisie : Les taxis individuels en gr\u00e8ve","og_description":"Les taxis individuels sont en gr\u00e8ve ouverte \u00e0 partir de ce lundi 16 janvier 2023, une d\u00e9cision approuv\u00e9e par l\u2019Union tunisienne des taxis individuels depuis la...","og_url":"https:\/\/www.webdo.tn\/fr\/actualite\/national\/tunisie-les-taxis-individuels-en-greve\/201903\/","og_site_name":"webdo","article_publisher":"https:\/\/www.facebook.com\/webdotn","article_published_time":"2023-01-16T08:00:00+00:00","article_modified_time":"2025-05-20T22:48:39+00:00","og_image":[{"width":750,"height":400,"url":"https:\/\/www.webdo.tn\/fr\/wp-content\/uploads\/2023\/01\/37fb98077ab2513db60ad026e3799685.jpg","type":"image\/jpeg"}],"author":"CL","twitter_card":"summary_large_image","twitter_creator":"@webdo_tn","twitter_site":"@webdo_tn","twitter_misc":{"\u00c9crit par":"CL"},"schema":{"@context":"https:\/\/schema.org","@graph":[{"@type":"NewsArticle","@id":"https:\/\/www.webdo.tn\/fr\/actualite\/national\/tunisie-les-taxis-individuels-en-greve\/201903\/#article","isPartOf":{"@id":"https:\/\/www.webdo.tn\/fr\/actualite\/national\/tunisie-les-taxis-individuels-en-greve\/201903\/"},"author":{"name":"CL","@id":"https:\/\/www.webdo.tn\/fr\/#\/schema\/person\/f35b42a42c5e2511bbd282959d6385cc"},"headline":"Tunisie : Les taxis individuels en gr\u00e8ve","datePublished":"2023-01-16T08:00:00+00:00","dateModified":"2025-05-20T22:48:39+00:00","mainEntityOfPage":{"@id":"https:\/\/www.webdo.tn\/fr\/actualite\/national\/tunisie-les-taxis-individuels-en-greve\/201903\/"},"wordCount":102,"commentCount":0,"publisher":{"@id":"https:\/\/www.webdo.tn\/fr\/#organization"},"image":{"@id":"https:\/\/www.webdo.tn\/fr\/actualite\/national\/tunisie-les-taxis-individuels-en-greve\/201903\/#primaryimage"},"thumbnailUrl":"https:\/\/www.webdo.tn\/fr\/wp-content\/uploads\/2023\/01\/37fb98077ab2513db60ad026e3799685.jpg","keywords":["Gr\u00e8ve","Taxi","Tunisie"],"articleSection":["National"],"inLanguage":"fr-FR"},{"@type":"WebPage","@id":"https:\/\/www.webdo.tn\/fr\/actualite\/national\/tunisie-les-taxis-individuels-en-greve\/201903\/","url":"https:\/\/www.webdo.tn\/fr\/actualite\/national\/tunisie-les-taxis-individuels-en-greve\/201903\/","name":"Tunisie : Les taxis individuels en gr\u00e8ve","isPartOf":{"@id":"https:\/\/www.webdo.tn\/fr\/#website"},"primaryImageOfPage":{"@id":"https:\/\/www.webdo.tn\/fr\/actualite\/national\/tunisie-les-taxis-individuels-en-greve\/201903\/#primaryimage"},"image":{"@id":"https:\/\/www.webdo.tn\/fr\/actualite\/national\/tunisie-les-taxis-individuels-en-greve\/201903\/#primaryimage"},"thumbnailUrl":"https:\/\/www.webdo.tn\/fr\/wp-content\/uploads\/2023\/01\/37fb98077ab2513db60ad026e3799685.jpg","datePublished":"2023-01-16T08:00:00+00:00","dateModified":"2025-05-20T22:48:39+00:00","description":"Les taxis individuels sont en gr\u00e8ve ouverte \u00e0 partir de ce lundi 16 janvier 2023, une d\u00e9cision approuv\u00e9e par l\u2019Union tunisienne des taxis individuels depuis la...","breadcrumb":{"@id":"https:\/\/www.webdo.tn\/fr\/actualite\/national\/tunisie-les-taxis-individuels-en-greve\/201903\/#breadcrumb"},"inLanguage":"fr-FR","potentialAction":[{"@type":"ReadAction","target":["https:\/\/www.webdo.tn\/fr\/actualite\/national\/tunisie-les-taxis-individuels-en-greve\/201903\/"]}]},{"@type":"ImageObject","inLanguage":"fr-FR","@id":"https:\/\/www.webdo.tn\/fr\/actualite\/national\/tunisie-les-taxis-individuels-en-greve\/201903\/#primaryimage","url":"https:\/\/www.webdo.tn\/fr\/wp-content\/uploads\/2023\/01\/37fb98077ab2513db60ad026e3799685.jpg","contentUrl":"https:\/\/www.webdo.tn\/fr\/wp-content\/uploads\/2023\/01\/37fb98077ab2513db60ad026e3799685.jpg","width":750,"height":400,"caption":"Tunisie Taxi"},{"@type":"BreadcrumbList","@id":"https:\/\/www.webdo.tn\/fr\/actualite\/national\/tunisie-les-taxis-individuels-en-greve\/201903\/#breadcrumb","itemListElement":[{"@type":"ListItem","position":1,"name":"Accueil","item":"https:\/\/www.webdo.tn\/fr\/"},{"@type":"ListItem","position":2,"name":"Tunisie : Les taxis individuels en gr\u00e8ve"}]},{"@type":"WebSite","@id":"https:\/\/www.webdo.tn\/fr\/#website","url":"https:\/\/www.webdo.tn\/fr\/","name":"webdo","description":"Tunisie - News en Tunisie et \u00e0 l&#039;international sur Webdo.tn","publisher":{"@id":"https:\/\/www.webdo.tn\/fr\/#organization"},"potentialAction":[{"@type":"SearchAction","target":{"@type":"EntryPoint","urlTemplate":"https:\/\/www.webdo.tn\/fr\/?s={search_term_string}"},"query-input":{"@type":"PropertyValueSpecification","valueRequired":true,"valueName":"search_term_string"}}],"inLanguage":"fr-FR"},{"@type":"Organization","@id":"https:\/\/www.webdo.tn\/fr\/#organization","name":"Webdo","alternateName":"Webdo.tn","url":"https:\/\/www.webdo.tn\/fr\/","logo":{"@type":"ImageObject","inLanguage":"fr-FR","@id":"https:\/\/www.webdo.tn\/fr\/#\/schema\/logo\/image\/","url":"https:\/\/www.webdo.tn\/fr\/wp-content\/uploads\/2025\/06\/Webdo-Tunisie_168377.jpg","contentUrl":"https:\/\/www.webdo.tn\/fr\/wp-content\/uploads\/2025\/06\/Webdo-Tunisie_168377.jpg","width":301,"height":301,"caption":"Webdo"},"image":{"@id":"https:\/\/www.webdo.tn\/fr\/#\/schema\/logo\/image\/"},"sameAs":["https:\/\/www.facebook.com\/webdotn","https:\/\/x.com\/webdo_tn"],"description":"Webdo est un m\u00e9dia num\u00e9rique tunisien fond\u00e9 en 2010, sp\u00e9cialis\u00e9 dans l\u2019actualit\u00e9 nationale et internationale, l\u2019\u00e9conomie, la soci\u00e9t\u00e9 et les analyses politiques. Le site s\u2019adresse \u00e0 un large public francophone et couvre l\u2019information tunisienne en temps r\u00e9el.","email":"redac@webdo.tn","legalName":"YNJ SARL","foundingDate":"2010-09-06","numberOfEmployees":{"@type":"QuantitativeValue","minValue":"11","maxValue":"50"}},{"@type":"Person","@id":"https:\/\/www.webdo.tn\/fr\/#\/schema\/person\/f35b42a42c5e2511bbd282959d6385cc","name":"CL","image":{"@type":"ImageObject","inLanguage":"fr-FR","@id":"https:\/\/secure.gravatar.com\/avatar\/1447a49909b67aa657c488aec6512e1dd6143a480c1ecfee9b5b5cd74eb3b59e?s=96&d=mm&r=g","url":"https:\/\/secure.gravatar.com\/avatar\/1447a49909b67aa657c488aec6512e1dd6143a480c1ecfee9b5b5cd74eb3b59e?s=96&d=mm&r=g","contentUrl":"https:\/\/secure.gravatar.com\/avatar\/1447a49909b67aa657c488aec6512e1dd6143a480c1ecfee9b5b5cd74eb3b59e?s=96&d=mm&r=g","caption":"CL"},"url":"https:\/\/www.webdo.tn\/fr\/actualite\/author\/cl\/"}]}},"_links":{"self":[{"href":"https:\/\/www.webdo.tn\/fr\/wp-json\/wp\/v2\/posts\/201903","targetHints":{"allow":["GET"]}}],"collection":[{"href":"https:\/\/www.webdo.tn\/fr\/wp-json\/wp\/v2\/posts"}],"about":[{"href":"https:\/\/www.webdo.tn\/fr\/wp-json\/wp\/v2\/types\/post"}],"author":[{"embeddable":true,"href":"https:\/\/www.webdo.tn\/fr\/wp-json\/wp\/v2\/users\/3175"}],"replies":[{"embeddable":true,"href":"https:\/\/www.webdo.tn\/fr\/wp-json\/wp\/v2\/comments?post=201903"}],"version-history":[{"count":0,"href":"https:\/\/www.webdo.tn\/fr\/wp-json\/wp\/v2\/posts\/201903\/revisions"}],"wp:featuredmedia":[{"embeddable":true,"href":"https:\/\/www.webdo.tn\/fr\/wp-json\/wp\/v2\/media\/277588"}],"wp:attachment":[{"href":"https:\/\/www.webdo.tn\/fr\/wp-json\/wp\/v2\/media?parent=201903"}],"wp:term":[{"taxonomy":"category","embeddable":true,"href":"https:\/\/www.webdo.tn\/fr\/wp-json\/wp\/v2\/categories?post=201903"},{"taxonomy":"post_tag","embeddable":true,"href":"https:\/\/www.webdo.tn\/fr\/wp-json\/wp\/v2\/tags?post=201903"}],"curies":[{"name":"wp","href":"https:\/\/api.w.org\/{rel}","templated":true}]}}