{"id":201891,"date":"2023-01-15T11:47:00","date_gmt":"2023-01-15T11:47:00","guid":{"rendered":"https:\/\/www.webdo.tn\/fr\/blog\/chaouachi-kais-saied-ne-peut-en-aucun-cas-faire-partie-de-la-solution\/201891\/"},"modified":"2025-05-20T22:48:38","modified_gmt":"2025-05-20T22:48:38","slug":"chaouachi-kais-saied-ne-peut-en-aucun-cas-faire-partie-de-la-solution","status":"publish","type":"post","link":"https:\/\/www.webdo.tn\/fr\/actualite\/national\/chaouachi-kais-saied-ne-peut-en-aucun-cas-faire-partie-de-la-solution\/201891\/","title":{"rendered":"Chaouachi : \u00ab Kais Sa\u00efed ne peut en aucun cas faire partie de la solution \u00bb"},"content":{"rendered":"<p>L&rsquo;initiative pour le salut a franchi des \u00e9tapes importantes, a r\u00e9v\u00e9l\u00e9 Ghazi Chaouachi, ancien secr\u00e9taire g\u00e9n\u00e9ral du courant d\u00e9mocrate, soulignant qu&rsquo;il s&rsquo;agit bien d&rsquo;une \u00a0\u00bb initiative qui associe des ind\u00e9pendants et des militants des droits de l&rsquo;homme. \u00a0\u00bb<\/p>\n<p>\t\t\t\t\t\t\t\t\tLes concertations et \u00e9changes men\u00e9s vont aujourd&rsquo;hui bon train, en attendant de finaliser un projet qui devrait \u00eatre mis \u00e0 la disposition des diff\u00e9rents acteurs, experts, politiciens et opinion publique, a-t-il assur\u00e9<\/p>\n<p>Il s&rsquo;exprimait lors d&rsquo;une d\u00e9claration accord\u00e9e \u00e0 l&rsquo;agence TAP, en marge de sa participation aujourd&rsquo;hui, samedi, \u00e0 une manifestation de protestation devant le th\u00e9\u00e2tre municipal de la capitale, organis\u00e9e \u00e0 l&rsquo;occasion de la comm\u00e9moration du 12e anniversaire de la R\u00e9volution.<\/p>\n<p>Chaouchi n&rsquo;a pas donn\u00e9 plus de d\u00e9tails sur les noms des personnalit\u00e9s ayant pris part \u00e0 l&rsquo;\u00e9laboration de cette initiative, assurant en contrepartie qu&rsquo;il s&rsquo;agit bien de \u00a0\u00bb figures \u00e9minentes \u00a0\u00bb de la sc\u00e8ne politique. \u00a0\u00bb<\/p>\n<p>Les clauses de cette initiative seront ult\u00e9rieurement pr\u00e9sent\u00e9es \u00e0 l&rsquo;opinion publique, en attendant l&rsquo;ach\u00e8vement des consultations pour obtenir un consensus national, a-t-il encore dit.<\/p>\n<p>Chaouchi a affirm\u00e9 que l&rsquo;opposition et les \u00e9lites \u00ab\u00a0ont re\u00e7u un message fort du peuple\u00a0\u00bb lors des \u00e9lections du 17 d\u00e9cembre 2022.<\/p>\n","protected":false},"excerpt":{"rendered":"<p>L&rsquo;initiative pour le salut a franchi des \u00e9tapes importantes, a r\u00e9v\u00e9l\u00e9 Ghazi Chaouachi, ancien secr\u00e9taire g\u00e9n\u00e9ral du courant d\u00e9mocrate, soulignant qu&rsquo;il s&rsquo;agit b&#8230;<\/p>\n","protected":false},"author":3175,"featured_media":277582,"comment_status":"open","ping_status":"closed","sticky":false,"template":"","format":"standard","meta":{"footnotes":""},"categories":[44],"tags":[6133,2608],"class_list":["post-201891","post","type-post","status-publish","format-standard","has-post-thumbnail","hentry","category-national","tag-ghazi-chaouachi","tag-tunisie"],"yoast_head":"<!-- This site is optimized with the Yoast SEO Premium plugin v27.4 (Yoast SEO v27.5) - https:\/\/yoast.com\/product\/yoast-seo-premium-wordpress\/ -->\n<title>Chaouachi : \u00ab Kais Sa\u00efed ne peut en aucun cas faire partie de la solution \u00bb<\/title>\n<meta name=\"description\" content=\"L&#039;initiative pour le salut a franchi des \u00e9tapes importantes, a r\u00e9v\u00e9l\u00e9 Ghazi Chaouachi, ancien secr\u00e9taire g\u00e9n\u00e9ral du courant d\u00e9mocrate, soulignant qu&#039;il s&#039;agit b...\" \/>\n<link rel=\"canonical\" href=\"https:\/\/www.webdo.tn\/fr\/actualite\/national\/chaouachi-kais-saied-ne-peut-en-aucun-cas-faire-partie-de-la-solution\/201891\/\" \/>\n<meta property=\"og:locale\" content=\"fr_FR\" \/>\n<meta property=\"og:type\" content=\"article\" \/>\n<meta property=\"og:title\" content=\"Chaouachi : \u00ab Kais Sa\u00efed ne peut en aucun cas faire partie de la solution \u00bb\" \/>\n<meta property=\"og:description\" content=\"L&#039;initiative pour le salut a franchi des \u00e9tapes importantes, a r\u00e9v\u00e9l\u00e9 Ghazi Chaouachi, ancien secr\u00e9taire g\u00e9n\u00e9ral du courant d\u00e9mocrate, soulignant qu&#039;il s&#039;agit b...\" \/>\n<meta property=\"og:url\" content=\"https:\/\/www.webdo.tn\/fr\/actualite\/national\/chaouachi-kais-saied-ne-peut-en-aucun-cas-faire-partie-de-la-solution\/201891\/\" \/>\n<meta property=\"og:site_name\" content=\"webdo\" \/>\n<meta property=\"article:publisher\" content=\"https:\/\/www.facebook.com\/webdotn\" \/>\n<meta property=\"article:published_time\" content=\"2023-01-15T11:47:00+00:00\" \/>\n<meta property=\"article:modified_time\" content=\"2025-05-20T22:48:38+00:00\" \/>\n<meta property=\"og:image\" content=\"https:\/\/www.webdo.tn\/fr\/wp-content\/uploads\/2023\/01\/14e0328e705328777027325977afe0fd.jpg\" \/>\n\t<meta property=\"og:image:width\" content=\"750\" \/>\n\t<meta property=\"og:image:height\" content=\"400\" \/>\n\t<meta property=\"og:image:type\" content=\"image\/jpeg\" \/>\n<meta name=\"author\" content=\"CL\" \/>\n<meta name=\"twitter:card\" content=\"summary_large_image\" \/>\n<meta name=\"twitter:creator\" content=\"@webdo_tn\" \/>\n<meta name=\"twitter:site\" content=\"@webdo_tn\" \/>\n<meta name=\"twitter:label1\" content=\"\u00c9crit par\" \/>\n\t<meta name=\"twitter:data1\" content=\"CL\" \/>\n\t<meta name=\"twitter:label2\" content=\"Dur\u00e9e de lecture estim\u00e9e\" \/>\n\t<meta name=\"twitter:data2\" content=\"1 minute\" \/>\n<script type=\"application\/ld+json\" class=\"yoast-schema-graph\">{\"@context\":\"https:\\\/\\\/schema.org\",\"@graph\":[{\"@type\":\"NewsArticle\",\"@id\":\"https:\\\/\\\/www.webdo.tn\\\/fr\\\/actualite\\\/national\\\/chaouachi-kais-saied-ne-peut-en-aucun-cas-faire-partie-de-la-solution\\\/201891\\\/#article\",\"isPartOf\":{\"@id\":\"https:\\\/\\\/www.webdo.tn\\\/fr\\\/actualite\\\/national\\\/chaouachi-kais-saied-ne-peut-en-aucun-cas-faire-partie-de-la-solution\\\/201891\\\/\"},\"author\":{\"name\":\"CL\",\"@id\":\"https:\\\/\\\/www.webdo.tn\\\/fr\\\/#\\\/schema\\\/person\\\/f35b42a42c5e2511bbd282959d6385cc\"},\"headline\":\"Chaouachi : \u00ab Kais Sa\u00efed ne peut en aucun cas faire partie de la solution \u00bb\",\"datePublished\":\"2023-01-15T11:47:00+00:00\",\"dateModified\":\"2025-05-20T22:48:38+00:00\",\"mainEntityOfPage\":{\"@id\":\"https:\\\/\\\/www.webdo.tn\\\/fr\\\/actualite\\\/national\\\/chaouachi-kais-saied-ne-peut-en-aucun-cas-faire-partie-de-la-solution\\\/201891\\\/\"},\"wordCount\":235,\"commentCount\":0,\"publisher\":{\"@id\":\"https:\\\/\\\/www.webdo.tn\\\/fr\\\/#organization\"},\"image\":{\"@id\":\"https:\\\/\\\/www.webdo.tn\\\/fr\\\/actualite\\\/national\\\/chaouachi-kais-saied-ne-peut-en-aucun-cas-faire-partie-de-la-solution\\\/201891\\\/#primaryimage\"},\"thumbnailUrl\":\"https:\\\/\\\/www.webdo.tn\\\/fr\\\/wp-content\\\/uploads\\\/2023\\\/01\\\/14e0328e705328777027325977afe0fd.jpg\",\"keywords\":[\"Ghazi Chaouachi\",\"Tunisie\"],\"articleSection\":[\"National\"],\"inLanguage\":\"fr-FR\"},{\"@type\":\"WebPage\",\"@id\":\"https:\\\/\\\/www.webdo.tn\\\/fr\\\/actualite\\\/national\\\/chaouachi-kais-saied-ne-peut-en-aucun-cas-faire-partie-de-la-solution\\\/201891\\\/\",\"url\":\"https:\\\/\\\/www.webdo.tn\\\/fr\\\/actualite\\\/national\\\/chaouachi-kais-saied-ne-peut-en-aucun-cas-faire-partie-de-la-solution\\\/201891\\\/\",\"name\":\"Chaouachi : \u00ab Kais Sa\u00efed ne peut en aucun cas faire partie de la solution \u00bb\",\"isPartOf\":{\"@id\":\"https:\\\/\\\/www.webdo.tn\\\/fr\\\/#website\"},\"primaryImageOfPage\":{\"@id\":\"https:\\\/\\\/www.webdo.tn\\\/fr\\\/actualite\\\/national\\\/chaouachi-kais-saied-ne-peut-en-aucun-cas-faire-partie-de-la-solution\\\/201891\\\/#primaryimage\"},\"image\":{\"@id\":\"https:\\\/\\\/www.webdo.tn\\\/fr\\\/actualite\\\/national\\\/chaouachi-kais-saied-ne-peut-en-aucun-cas-faire-partie-de-la-solution\\\/201891\\\/#primaryimage\"},\"thumbnailUrl\":\"https:\\\/\\\/www.webdo.tn\\\/fr\\\/wp-content\\\/uploads\\\/2023\\\/01\\\/14e0328e705328777027325977afe0fd.jpg\",\"datePublished\":\"2023-01-15T11:47:00+00:00\",\"dateModified\":\"2025-05-20T22:48:38+00:00\",\"description\":\"L'initiative pour le salut a franchi des \u00e9tapes importantes, a r\u00e9v\u00e9l\u00e9 Ghazi Chaouachi, ancien secr\u00e9taire g\u00e9n\u00e9ral du courant d\u00e9mocrate, soulignant qu'il s'agit b...\",\"breadcrumb\":{\"@id\":\"https:\\\/\\\/www.webdo.tn\\\/fr\\\/actualite\\\/national\\\/chaouachi-kais-saied-ne-peut-en-aucun-cas-faire-partie-de-la-solution\\\/201891\\\/#breadcrumb\"},\"inLanguage\":\"fr-FR\",\"potentialAction\":[{\"@type\":\"ReadAction\",\"target\":[\"https:\\\/\\\/www.webdo.tn\\\/fr\\\/actualite\\\/national\\\/chaouachi-kais-saied-ne-peut-en-aucun-cas-faire-partie-de-la-solution\\\/201891\\\/\"]}]},{\"@type\":\"ImageObject\",\"inLanguage\":\"fr-FR\",\"@id\":\"https:\\\/\\\/www.webdo.tn\\\/fr\\\/actualite\\\/national\\\/chaouachi-kais-saied-ne-peut-en-aucun-cas-faire-partie-de-la-solution\\\/201891\\\/#primaryimage\",\"url\":\"https:\\\/\\\/www.webdo.tn\\\/fr\\\/wp-content\\\/uploads\\\/2023\\\/01\\\/14e0328e705328777027325977afe0fd.jpg\",\"contentUrl\":\"https:\\\/\\\/www.webdo.tn\\\/fr\\\/wp-content\\\/uploads\\\/2023\\\/01\\\/14e0328e705328777027325977afe0fd.jpg\",\"width\":750,\"height\":400,\"caption\":\"Ghazi Chaouachi\"},{\"@type\":\"BreadcrumbList\",\"@id\":\"https:\\\/\\\/www.webdo.tn\\\/fr\\\/actualite\\\/national\\\/chaouachi-kais-saied-ne-peut-en-aucun-cas-faire-partie-de-la-solution\\\/201891\\\/#breadcrumb\",\"itemListElement\":[{\"@type\":\"ListItem\",\"position\":1,\"name\":\"Accueil\",\"item\":\"https:\\\/\\\/www.webdo.tn\\\/fr\\\/\"},{\"@type\":\"ListItem\",\"position\":2,\"name\":\"Chaouachi : \u00ab Kais Sa\u00efed ne peut en aucun cas faire partie de la solution \u00bb\"}]},{\"@type\":\"WebSite\",\"@id\":\"https:\\\/\\\/www.webdo.tn\\\/fr\\\/#website\",\"url\":\"https:\\\/\\\/www.webdo.tn\\\/fr\\\/\",\"name\":\"webdo\",\"description\":\"Tunisie - News en Tunisie et \u00e0 l&#039;international sur Webdo.tn\",\"publisher\":{\"@id\":\"https:\\\/\\\/www.webdo.tn\\\/fr\\\/#organization\"},\"potentialAction\":[{\"@type\":\"SearchAction\",\"target\":{\"@type\":\"EntryPoint\",\"urlTemplate\":\"https:\\\/\\\/www.webdo.tn\\\/fr\\\/?s={search_term_string}\"},\"query-input\":{\"@type\":\"PropertyValueSpecification\",\"valueRequired\":true,\"valueName\":\"search_term_string\"}}],\"inLanguage\":\"fr-FR\"},{\"@type\":\"Organization\",\"@id\":\"https:\\\/\\\/www.webdo.tn\\\/fr\\\/#organization\",\"name\":\"Webdo\",\"alternateName\":\"Webdo.tn\",\"url\":\"https:\\\/\\\/www.webdo.tn\\\/fr\\\/\",\"logo\":{\"@type\":\"ImageObject\",\"inLanguage\":\"fr-FR\",\"@id\":\"https:\\\/\\\/www.webdo.tn\\\/fr\\\/#\\\/schema\\\/logo\\\/image\\\/\",\"url\":\"https:\\\/\\\/www.webdo.tn\\\/fr\\\/wp-content\\\/uploads\\\/2025\\\/06\\\/Webdo-Tunisie_168377.jpg\",\"contentUrl\":\"https:\\\/\\\/www.webdo.tn\\\/fr\\\/wp-content\\\/uploads\\\/2025\\\/06\\\/Webdo-Tunisie_168377.jpg\",\"width\":301,\"height\":301,\"caption\":\"Webdo\"},\"image\":{\"@id\":\"https:\\\/\\\/www.webdo.tn\\\/fr\\\/#\\\/schema\\\/logo\\\/image\\\/\"},\"sameAs\":[\"https:\\\/\\\/www.facebook.com\\\/webdotn\",\"https:\\\/\\\/x.com\\\/webdo_tn\"],\"description\":\"Webdo est un m\u00e9dia num\u00e9rique tunisien fond\u00e9 en 2010, sp\u00e9cialis\u00e9 dans l\u2019actualit\u00e9 nationale et internationale, l\u2019\u00e9conomie, la soci\u00e9t\u00e9 et les analyses politiques. Le site s\u2019adresse \u00e0 un large public francophone et couvre l\u2019information tunisienne en temps r\u00e9el.\",\"email\":\"redac@webdo.tn\",\"legalName\":\"YNJ SARL\",\"foundingDate\":\"2010-09-06\",\"numberOfEmployees\":{\"@type\":\"QuantitativeValue\",\"minValue\":\"11\",\"maxValue\":\"50\"}},{\"@type\":\"Person\",\"@id\":\"https:\\\/\\\/www.webdo.tn\\\/fr\\\/#\\\/schema\\\/person\\\/f35b42a42c5e2511bbd282959d6385cc\",\"name\":\"CL\",\"image\":{\"@type\":\"ImageObject\",\"inLanguage\":\"fr-FR\",\"@id\":\"https:\\\/\\\/secure.gravatar.com\\\/avatar\\\/1447a49909b67aa657c488aec6512e1dd6143a480c1ecfee9b5b5cd74eb3b59e?s=96&d=mm&r=g\",\"url\":\"https:\\\/\\\/secure.gravatar.com\\\/avatar\\\/1447a49909b67aa657c488aec6512e1dd6143a480c1ecfee9b5b5cd74eb3b59e?s=96&d=mm&r=g\",\"contentUrl\":\"https:\\\/\\\/secure.gravatar.com\\\/avatar\\\/1447a49909b67aa657c488aec6512e1dd6143a480c1ecfee9b5b5cd74eb3b59e?s=96&d=mm&r=g\",\"caption\":\"CL\"},\"url\":\"https:\\\/\\\/www.webdo.tn\\\/fr\\\/actualite\\\/author\\\/cl\\\/\"}]}<\/script>\n<!-- \/ Yoast SEO Premium plugin. -->","yoast_head_json":{"title":"Chaouachi : \u00ab Kais Sa\u00efed ne peut en aucun cas faire partie de la solution \u00bb","description":"L'initiative pour le salut a franchi des \u00e9tapes importantes, a r\u00e9v\u00e9l\u00e9 Ghazi Chaouachi, ancien secr\u00e9taire g\u00e9n\u00e9ral du courant d\u00e9mocrate, soulignant qu'il s'agit b...","canonical":"https:\/\/www.webdo.tn\/fr\/actualite\/national\/chaouachi-kais-saied-ne-peut-en-aucun-cas-faire-partie-de-la-solution\/201891\/","og_locale":"fr_FR","og_type":"article","og_title":"Chaouachi : \u00ab Kais Sa\u00efed ne peut en aucun cas faire partie de la solution \u00bb","og_description":"L'initiative pour le salut a franchi des \u00e9tapes importantes, a r\u00e9v\u00e9l\u00e9 Ghazi Chaouachi, ancien secr\u00e9taire g\u00e9n\u00e9ral du courant d\u00e9mocrate, soulignant qu'il s'agit b...","og_url":"https:\/\/www.webdo.tn\/fr\/actualite\/national\/chaouachi-kais-saied-ne-peut-en-aucun-cas-faire-partie-de-la-solution\/201891\/","og_site_name":"webdo","article_publisher":"https:\/\/www.facebook.com\/webdotn","article_published_time":"2023-01-15T11:47:00+00:00","article_modified_time":"2025-05-20T22:48:38+00:00","og_image":[{"width":750,"height":400,"url":"https:\/\/www.webdo.tn\/fr\/wp-content\/uploads\/2023\/01\/14e0328e705328777027325977afe0fd.jpg","type":"image\/jpeg"}],"author":"CL","twitter_card":"summary_large_image","twitter_creator":"@webdo_tn","twitter_site":"@webdo_tn","twitter_misc":{"\u00c9crit par":"CL","Dur\u00e9e de lecture estim\u00e9e":"1 minute"},"schema":{"@context":"https:\/\/schema.org","@graph":[{"@type":"NewsArticle","@id":"https:\/\/www.webdo.tn\/fr\/actualite\/national\/chaouachi-kais-saied-ne-peut-en-aucun-cas-faire-partie-de-la-solution\/201891\/#article","isPartOf":{"@id":"https:\/\/www.webdo.tn\/fr\/actualite\/national\/chaouachi-kais-saied-ne-peut-en-aucun-cas-faire-partie-de-la-solution\/201891\/"},"author":{"name":"CL","@id":"https:\/\/www.webdo.tn\/fr\/#\/schema\/person\/f35b42a42c5e2511bbd282959d6385cc"},"headline":"Chaouachi : \u00ab Kais Sa\u00efed ne peut en aucun cas faire partie de la solution \u00bb","datePublished":"2023-01-15T11:47:00+00:00","dateModified":"2025-05-20T22:48:38+00:00","mainEntityOfPage":{"@id":"https:\/\/www.webdo.tn\/fr\/actualite\/national\/chaouachi-kais-saied-ne-peut-en-aucun-cas-faire-partie-de-la-solution\/201891\/"},"wordCount":235,"commentCount":0,"publisher":{"@id":"https:\/\/www.webdo.tn\/fr\/#organization"},"image":{"@id":"https:\/\/www.webdo.tn\/fr\/actualite\/national\/chaouachi-kais-saied-ne-peut-en-aucun-cas-faire-partie-de-la-solution\/201891\/#primaryimage"},"thumbnailUrl":"https:\/\/www.webdo.tn\/fr\/wp-content\/uploads\/2023\/01\/14e0328e705328777027325977afe0fd.jpg","keywords":["Ghazi Chaouachi","Tunisie"],"articleSection":["National"],"inLanguage":"fr-FR"},{"@type":"WebPage","@id":"https:\/\/www.webdo.tn\/fr\/actualite\/national\/chaouachi-kais-saied-ne-peut-en-aucun-cas-faire-partie-de-la-solution\/201891\/","url":"https:\/\/www.webdo.tn\/fr\/actualite\/national\/chaouachi-kais-saied-ne-peut-en-aucun-cas-faire-partie-de-la-solution\/201891\/","name":"Chaouachi : \u00ab Kais Sa\u00efed ne peut en aucun cas faire partie de la solution \u00bb","isPartOf":{"@id":"https:\/\/www.webdo.tn\/fr\/#website"},"primaryImageOfPage":{"@id":"https:\/\/www.webdo.tn\/fr\/actualite\/national\/chaouachi-kais-saied-ne-peut-en-aucun-cas-faire-partie-de-la-solution\/201891\/#primaryimage"},"image":{"@id":"https:\/\/www.webdo.tn\/fr\/actualite\/national\/chaouachi-kais-saied-ne-peut-en-aucun-cas-faire-partie-de-la-solution\/201891\/#primaryimage"},"thumbnailUrl":"https:\/\/www.webdo.tn\/fr\/wp-content\/uploads\/2023\/01\/14e0328e705328777027325977afe0fd.jpg","datePublished":"2023-01-15T11:47:00+00:00","dateModified":"2025-05-20T22:48:38+00:00","description":"L'initiative pour le salut a franchi des \u00e9tapes importantes, a r\u00e9v\u00e9l\u00e9 Ghazi Chaouachi, ancien secr\u00e9taire g\u00e9n\u00e9ral du courant d\u00e9mocrate, soulignant qu'il s'agit b...","breadcrumb":{"@id":"https:\/\/www.webdo.tn\/fr\/actualite\/national\/chaouachi-kais-saied-ne-peut-en-aucun-cas-faire-partie-de-la-solution\/201891\/#breadcrumb"},"inLanguage":"fr-FR","potentialAction":[{"@type":"ReadAction","target":["https:\/\/www.webdo.tn\/fr\/actualite\/national\/chaouachi-kais-saied-ne-peut-en-aucun-cas-faire-partie-de-la-solution\/201891\/"]}]},{"@type":"ImageObject","inLanguage":"fr-FR","@id":"https:\/\/www.webdo.tn\/fr\/actualite\/national\/chaouachi-kais-saied-ne-peut-en-aucun-cas-faire-partie-de-la-solution\/201891\/#primaryimage","url":"https:\/\/www.webdo.tn\/fr\/wp-content\/uploads\/2023\/01\/14e0328e705328777027325977afe0fd.jpg","contentUrl":"https:\/\/www.webdo.tn\/fr\/wp-content\/uploads\/2023\/01\/14e0328e705328777027325977afe0fd.jpg","width":750,"height":400,"caption":"Ghazi Chaouachi"},{"@type":"BreadcrumbList","@id":"https:\/\/www.webdo.tn\/fr\/actualite\/national\/chaouachi-kais-saied-ne-peut-en-aucun-cas-faire-partie-de-la-solution\/201891\/#breadcrumb","itemListElement":[{"@type":"ListItem","position":1,"name":"Accueil","item":"https:\/\/www.webdo.tn\/fr\/"},{"@type":"ListItem","position":2,"name":"Chaouachi : \u00ab Kais Sa\u00efed ne peut en aucun cas faire partie de la solution \u00bb"}]},{"@type":"WebSite","@id":"https:\/\/www.webdo.tn\/fr\/#website","url":"https:\/\/www.webdo.tn\/fr\/","name":"webdo","description":"Tunisie - News en Tunisie et \u00e0 l&#039;international sur Webdo.tn","publisher":{"@id":"https:\/\/www.webdo.tn\/fr\/#organization"},"potentialAction":[{"@type":"SearchAction","target":{"@type":"EntryPoint","urlTemplate":"https:\/\/www.webdo.tn\/fr\/?s={search_term_string}"},"query-input":{"@type":"PropertyValueSpecification","valueRequired":true,"valueName":"search_term_string"}}],"inLanguage":"fr-FR"},{"@type":"Organization","@id":"https:\/\/www.webdo.tn\/fr\/#organization","name":"Webdo","alternateName":"Webdo.tn","url":"https:\/\/www.webdo.tn\/fr\/","logo":{"@type":"ImageObject","inLanguage":"fr-FR","@id":"https:\/\/www.webdo.tn\/fr\/#\/schema\/logo\/image\/","url":"https:\/\/www.webdo.tn\/fr\/wp-content\/uploads\/2025\/06\/Webdo-Tunisie_168377.jpg","contentUrl":"https:\/\/www.webdo.tn\/fr\/wp-content\/uploads\/2025\/06\/Webdo-Tunisie_168377.jpg","width":301,"height":301,"caption":"Webdo"},"image":{"@id":"https:\/\/www.webdo.tn\/fr\/#\/schema\/logo\/image\/"},"sameAs":["https:\/\/www.facebook.com\/webdotn","https:\/\/x.com\/webdo_tn"],"description":"Webdo est un m\u00e9dia num\u00e9rique tunisien fond\u00e9 en 2010, sp\u00e9cialis\u00e9 dans l\u2019actualit\u00e9 nationale et internationale, l\u2019\u00e9conomie, la soci\u00e9t\u00e9 et les analyses politiques. Le site s\u2019adresse \u00e0 un large public francophone et couvre l\u2019information tunisienne en temps r\u00e9el.","email":"redac@webdo.tn","legalName":"YNJ SARL","foundingDate":"2010-09-06","numberOfEmployees":{"@type":"QuantitativeValue","minValue":"11","maxValue":"50"}},{"@type":"Person","@id":"https:\/\/www.webdo.tn\/fr\/#\/schema\/person\/f35b42a42c5e2511bbd282959d6385cc","name":"CL","image":{"@type":"ImageObject","inLanguage":"fr-FR","@id":"https:\/\/secure.gravatar.com\/avatar\/1447a49909b67aa657c488aec6512e1dd6143a480c1ecfee9b5b5cd74eb3b59e?s=96&d=mm&r=g","url":"https:\/\/secure.gravatar.com\/avatar\/1447a49909b67aa657c488aec6512e1dd6143a480c1ecfee9b5b5cd74eb3b59e?s=96&d=mm&r=g","contentUrl":"https:\/\/secure.gravatar.com\/avatar\/1447a49909b67aa657c488aec6512e1dd6143a480c1ecfee9b5b5cd74eb3b59e?s=96&d=mm&r=g","caption":"CL"},"url":"https:\/\/www.webdo.tn\/fr\/actualite\/author\/cl\/"}]}},"_links":{"self":[{"href":"https:\/\/www.webdo.tn\/fr\/wp-json\/wp\/v2\/posts\/201891","targetHints":{"allow":["GET"]}}],"collection":[{"href":"https:\/\/www.webdo.tn\/fr\/wp-json\/wp\/v2\/posts"}],"about":[{"href":"https:\/\/www.webdo.tn\/fr\/wp-json\/wp\/v2\/types\/post"}],"author":[{"embeddable":true,"href":"https:\/\/www.webdo.tn\/fr\/wp-json\/wp\/v2\/users\/3175"}],"replies":[{"embeddable":true,"href":"https:\/\/www.webdo.tn\/fr\/wp-json\/wp\/v2\/comments?post=201891"}],"version-history":[{"count":0,"href":"https:\/\/www.webdo.tn\/fr\/wp-json\/wp\/v2\/posts\/201891\/revisions"}],"wp:featuredmedia":[{"embeddable":true,"href":"https:\/\/www.webdo.tn\/fr\/wp-json\/wp\/v2\/media\/277582"}],"wp:attachment":[{"href":"https:\/\/www.webdo.tn\/fr\/wp-json\/wp\/v2\/media?parent=201891"}],"wp:term":[{"taxonomy":"category","embeddable":true,"href":"https:\/\/www.webdo.tn\/fr\/wp-json\/wp\/v2\/categories?post=201891"},{"taxonomy":"post_tag","embeddable":true,"href":"https:\/\/www.webdo.tn\/fr\/wp-json\/wp\/v2\/tags?post=201891"}],"curies":[{"name":"wp","href":"https:\/\/api.w.org\/{rel}","templated":true}]}}